{"id":5631,"date":"2018-07-05T11:45:18","date_gmt":"2018-07-05T17:45:18","guid":{"rendered":"http:\/\/noticias.igssgt.org\/?p=5631"},"modified":"2018-07-05T11:45:18","modified_gmt":"2018-07-05T17:45:18","slug":"policlinica-de-zona-1-capacita-a-pacientes-con-bruxismo","status":"publish","type":"post","link":"https:\/\/www.igssgt.org\/noticias\/2018\/07\/05\/policlinica-de-zona-1-capacita-a-pacientes-con-bruxismo\/","title":{"rendered":"Policl\u00ednica de zona 1 capacita a pacientes con bruxismo"},"content":{"rendered":"<p>El primer jueves de cada mes alrededor de 40 personas que padecen de bruxismo se re\u00fanen en el auditorio de la Policl\u00ednica del IGSS, ubicada en la zona 1, para participar en charlas, conferencias y otras actividades en las que se les orienta acerca de c\u00f3mo enfrentar esa enfermedad, explic\u00f3 la odont\u00f3loga Ruth Ar\u00e9valo.<\/p>\n<p>\u201cEl bruxismo es un h\u00e1bito inconsciente de apretar o rechinar los dientes, lo cual puede ocasionar molestias en la cabeza. Este es un padecimiento que no distingue edad, pero es controlable si las personas obtienen informaci\u00f3n de c\u00f3mo manejar el estr\u00e9s\u201d, explic\u00f3 la doctora Ar\u00e9valo.<\/p>\n<p>Este d\u00eda el expositor invitado fue doctor Luis M\u00e9ndez, nutri\u00f3logo y diabet\u00f3logo, quien expuso el tema \u201cAlimentaci\u00f3n y estr\u00e9s\u201d. El profesional hizo \u00e9nfasis en la importancia de comer bien y pensar positivamente, as\u00ed como de crear un ambiente saludable en el trabajo.<\/p>\n<p>Adem\u00e1s, se\u00f1al\u00f3 la importancia de educar con amor a los ni\u00f1os con el objetivo de brindarles seguridad para evitar que sufran de estr\u00e9s, pues todo acto de violencia en su contra afectar\u00e1 su desarrollo y socializaci\u00f3n positiva.<\/p>\n<p>Estas charlas tienen un enfoque preventivo para todas las personas que son referidas de las distintas cl\u00ednicas de consulta externa para que se informen y aprendan en cuanto al manejo de su enfermedad.<\/p>\n<p>La capacitaci\u00f3n se realiza de las 08:00 a 09:30 horas. Los interesados pueden llamar al tel\u00e9fono 2232-4434, extensiones 198 y 199, Trabajo Social, en donde se brinda informaci\u00f3n sobre los distintos grupos terap\u00e9uticos, concluy\u00f3 la licenciada Celia Eugenia Villeda, trabajadora social de dicha Unidad.<\/p>\n\r\n                <style type=\"text\/css\">\r\n                    \r\n                    #tdi_1  .td-doubleSlider-2 .td-item1 {\r\n                        background: url(\/wp-content\/uploads\/sites\/5\/2018\/07\/Charlas-bruxismo-IGSS-2018-1-80x60.jpg) 0 0 no-repeat;\r\n                    }\r\n                    #tdi_1  .td-doubleSlider-2 .td-item2 {\r\n                        background: url(\/wp-content\/uploads\/sites\/5\/2018\/07\/Charlas-bruxismo-IGSS-2018-2-80x60.jpg) 0 0 no-repeat;\r\n                    }\r\n                    #tdi_1  .td-doubleSlider-2 .td-item3 {\r\n                        background: url(\/wp-content\/uploads\/sites\/5\/2018\/07\/Charlas-bruxismo-IGSS-2018-3-80x60.jpg) 0 0 no-repeat;\r\n                    }\r\n                    #tdi_1  .td-doubleSlider-2 .td-item4 {\r\n                        background: url(\/wp-content\/uploads\/sites\/5\/2018\/07\/Charlas-bruxismo-IGSS-2018-6-80x60.jpg) 0 0 no-repeat;\r\n                    }\r\n                    #tdi_1  .td-doubleSlider-2 .td-item5 {\r\n                        background: url(\/wp-content\/uploads\/sites\/5\/2018\/07\/Charlas-bruxismo-IGSS-2018-7-80x60.jpg) 0 0 no-repeat;\r\n                    }\r\n                <\/style>\r\n\r\n                <div id=\"tdi_1\" class=\"td-gallery td-slide-on-2-columns\">\r\n                    <div class=\"post_td_gallery\">\r\n                        <div class=\"td-gallery-slide-top\">\r\n                           <div class=\"td-gallery-title\">Galer\u00eda de Im\u00e1genes<\/div>\r\n\r\n                            <div class=\"td-gallery-controls-wrapper\">\r\n                                <div class=\"td-gallery-slide-count\"><span class=\"td-gallery-slide-item-focus\">1<\/span> de 5<\/div>\r\n                                <div class=\"td-gallery-slide-prev-next-but\">\r\n                                    <i class = \"td-icon-left doubleSliderPrevButton\"><\/i>\r\n                                    <i class = \"td-icon-right doubleSliderNextButton\"><\/i>\r\n                                <\/div>\r\n                            <\/div>\r\n                        <\/div>\r\n\r\n                        <div class = \"td-doubleSlider-1 \">\r\n                            <div class = \"td-slider\">\r\n                                \r\n                    <div class = \"td-slide-item td-item1\">\r\n                        <figure class=\"td-slide-galery-figure td-slide-popup-gallery\">\r\n                            <a class=\"slide-gallery-image-link\" href=\"\/wp-content\/uploads\/sites\/5\/2018\/07\/Charlas-bruxismo-IGSS-2018-1.jpg\" title=\"Charlas bruxismo IGSS 2018-1\"  data-caption=\"\"  data-description=\"\">\r\n                                <img decoding=\"async\" src=\"\/wp-content\/uploads\/sites\/5\/2018\/07\/Charlas-bruxismo-IGSS-2018-1-630x420.jpg\" srcset=\"\/wp-content\/uploads\/sites\/5\/2018\/07\/Charlas-bruxismo-IGSS-2018-1-630x420.jpg 630w, \/wp-content\/uploads\/sites\/5\/2018\/07\/Charlas-bruxismo-IGSS-2018-1-300x200.jpg 300w, \/wp-content\/uploads\/sites\/5\/2018\/07\/Charlas-bruxismo-IGSS-2018-1-768x512.jpg 768w, \/wp-content\/uploads\/sites\/5\/2018\/07\/Charlas-bruxismo-IGSS-2018-1-1024x683.jpg 1024w, \/wp-content\/uploads\/sites\/5\/2018\/07\/Charlas-bruxismo-IGSS-2018-1-696x464.jpg 696w, \/wp-content\/uploads\/sites\/5\/2018\/07\/Charlas-bruxismo-IGSS-2018-1-1068x712.jpg 1068w, \/wp-content\/uploads\/sites\/5\/2018\/07\/Charlas-bruxismo-IGSS-2018-1-534x356.jpg 534w, \/wp-content\/uploads\/sites\/5\/2018\/07\/Charlas-bruxismo-IGSS-2018-1.jpg 1440w\" sizes=\"(max-width: 630px) 100vw, 630px\" alt=\"\">\r\n                            <\/a>\r\n                            \r\n                        <\/figure>\r\n                    <\/div>\r\n                    <div class = \"td-slide-item td-item2\">\r\n                        <figure class=\"td-slide-galery-figure td-slide-popup-gallery\">\r\n                            <a class=\"slide-gallery-image-link\" href=\"\/wp-content\/uploads\/sites\/5\/2018\/07\/Charlas-bruxismo-IGSS-2018-2.jpg\" title=\"Charlas bruxismo IGSS 2018-2\"  data-caption=\"\"  data-description=\"\">\r\n                                <img decoding=\"async\" src=\"\/wp-content\/uploads\/sites\/5\/2018\/07\/Charlas-bruxismo-IGSS-2018-2-630x420.jpg\" srcset=\"\/wp-content\/uploads\/sites\/5\/2018\/07\/Charlas-bruxismo-IGSS-2018-2-630x420.jpg 630w, \/wp-content\/uploads\/sites\/5\/2018\/07\/Charlas-bruxismo-IGSS-2018-2-300x200.jpg 300w, \/wp-content\/uploads\/sites\/5\/2018\/07\/Charlas-bruxismo-IGSS-2018-2-768x512.jpg 768w, \/wp-content\/uploads\/sites\/5\/2018\/07\/Charlas-bruxismo-IGSS-2018-2-1024x683.jpg 1024w, \/wp-content\/uploads\/sites\/5\/2018\/07\/Charlas-bruxismo-IGSS-2018-2-696x464.jpg 696w, \/wp-content\/uploads\/sites\/5\/2018\/07\/Charlas-bruxismo-IGSS-2018-2-1068x712.jpg 1068w, \/wp-content\/uploads\/sites\/5\/2018\/07\/Charlas-bruxismo-IGSS-2018-2-534x356.jpg 534w, \/wp-content\/uploads\/sites\/5\/2018\/07\/Charlas-bruxismo-IGSS-2018-2.jpg 1440w\" sizes=\"(max-width: 630px) 100vw, 630px\" alt=\"\">\r\n                            <\/a>\r\n                            \r\n                        <\/figure>\r\n                    <\/div>\r\n                    <div class = \"td-slide-item td-item3\">\r\n                        <figure class=\"td-slide-galery-figure td-slide-popup-gallery\">\r\n                            <a class=\"slide-gallery-image-link\" href=\"\/wp-content\/uploads\/sites\/5\/2018\/07\/Charlas-bruxismo-IGSS-2018-3.jpg\" title=\"Charlas bruxismo IGSS 2018-3\"  data-caption=\"\"  data-description=\"\">\r\n                                <img decoding=\"async\" src=\"\/wp-content\/uploads\/sites\/5\/2018\/07\/Charlas-bruxismo-IGSS-2018-3-630x420.jpg\" srcset=\"\/wp-content\/uploads\/sites\/5\/2018\/07\/Charlas-bruxismo-IGSS-2018-3-630x420.jpg 630w, \/wp-content\/uploads\/sites\/5\/2018\/07\/Charlas-bruxismo-IGSS-2018-3-300x200.jpg 300w, \/wp-content\/uploads\/sites\/5\/2018\/07\/Charlas-bruxismo-IGSS-2018-3-768x512.jpg 768w, \/wp-content\/uploads\/sites\/5\/2018\/07\/Charlas-bruxismo-IGSS-2018-3-1024x683.jpg 1024w, \/wp-content\/uploads\/sites\/5\/2018\/07\/Charlas-bruxismo-IGSS-2018-3-696x464.jpg 696w, \/wp-content\/uploads\/sites\/5\/2018\/07\/Charlas-bruxismo-IGSS-2018-3-1068x712.jpg 1068w, \/wp-content\/uploads\/sites\/5\/2018\/07\/Charlas-bruxismo-IGSS-2018-3-534x356.jpg 534w, \/wp-content\/uploads\/sites\/5\/2018\/07\/Charlas-bruxismo-IGSS-2018-3.jpg 1440w\" sizes=\"(max-width: 630px) 100vw, 630px\" alt=\"\">\r\n                            <\/a>\r\n                            \r\n                        <\/figure>\r\n                    <\/div>\r\n                    <div class = \"td-slide-item td-item4\">\r\n                        <figure class=\"td-slide-galery-figure td-slide-popup-gallery\">\r\n                            <a class=\"slide-gallery-image-link\" href=\"\/wp-content\/uploads\/sites\/5\/2018\/07\/Charlas-bruxismo-IGSS-2018-6.jpg\" title=\"Charlas bruxismo IGSS 2018-6\"  data-caption=\"\"  data-description=\"\">\r\n                                <img decoding=\"async\" src=\"\/wp-content\/uploads\/sites\/5\/2018\/07\/Charlas-bruxismo-IGSS-2018-6-630x420.jpg\" srcset=\"\/wp-content\/uploads\/sites\/5\/2018\/07\/Charlas-bruxismo-IGSS-2018-6-630x420.jpg 630w, \/wp-content\/uploads\/sites\/5\/2018\/07\/Charlas-bruxismo-IGSS-2018-6-300x200.jpg 300w, \/wp-content\/uploads\/sites\/5\/2018\/07\/Charlas-bruxismo-IGSS-2018-6-768x512.jpg 768w, \/wp-content\/uploads\/sites\/5\/2018\/07\/Charlas-bruxismo-IGSS-2018-6-1024x683.jpg 1024w, \/wp-content\/uploads\/sites\/5\/2018\/07\/Charlas-bruxismo-IGSS-2018-6-696x464.jpg 696w, \/wp-content\/uploads\/sites\/5\/2018\/07\/Charlas-bruxismo-IGSS-2018-6-1068x712.jpg 1068w, \/wp-content\/uploads\/sites\/5\/2018\/07\/Charlas-bruxismo-IGSS-2018-6-534x356.jpg 534w, \/wp-content\/uploads\/sites\/5\/2018\/07\/Charlas-bruxismo-IGSS-2018-6.jpg 1440w\" sizes=\"(max-width: 630px) 100vw, 630px\" alt=\"\">\r\n                            <\/a>\r\n                            \r\n                        <\/figure>\r\n                    <\/div>\r\n                    <div class = \"td-slide-item td-item5\">\r\n                        <figure class=\"td-slide-galery-figure td-slide-popup-gallery\">\r\n                            <a class=\"slide-gallery-image-link\" href=\"\/wp-content\/uploads\/sites\/5\/2018\/07\/Charlas-bruxismo-IGSS-2018-7.jpg\" title=\"Charlas bruxismo IGSS 2018-7\"  data-caption=\"\"  data-description=\"\">\r\n                                <img decoding=\"async\" src=\"\/wp-content\/uploads\/sites\/5\/2018\/07\/Charlas-bruxismo-IGSS-2018-7-630x420.jpg\" srcset=\"\/wp-content\/uploads\/sites\/5\/2018\/07\/Charlas-bruxismo-IGSS-2018-7-630x420.jpg 630w, \/wp-content\/uploads\/sites\/5\/2018\/07\/Charlas-bruxismo-IGSS-2018-7-300x200.jpg 300w, \/wp-content\/uploads\/sites\/5\/2018\/07\/Charlas-bruxismo-IGSS-2018-7-768x512.jpg 768w, \/wp-content\/uploads\/sites\/5\/2018\/07\/Charlas-bruxismo-IGSS-2018-7-1024x683.jpg 1024w, \/wp-content\/uploads\/sites\/5\/2018\/07\/Charlas-bruxismo-IGSS-2018-7-696x464.jpg 696w, \/wp-content\/uploads\/sites\/5\/2018\/07\/Charlas-bruxismo-IGSS-2018-7-1068x712.jpg 1068w, \/wp-content\/uploads\/sites\/5\/2018\/07\/Charlas-bruxismo-IGSS-2018-7-534x356.jpg 534w, \/wp-content\/uploads\/sites\/5\/2018\/07\/Charlas-bruxismo-IGSS-2018-7.jpg 1440w\" sizes=\"(max-width: 630px) 100vw, 630px\" alt=\"\">\r\n                            <\/a>\r\n                            \r\n                        <\/figure>\r\n                    <\/div>\r\n                            <\/div>\r\n                        <\/div>\r\n\r\n                        <div class = \"td-doubleSlider-2\">\r\n                            <div class = \"td-slider\">\r\n                                \r\n                    <div class = \"td-button td-item1\">\r\n                        <div class = \"td-border\"><\/div>\r\n                    <\/div>\r\n                    <div class = \"td-button td-item2\">\r\n                        <div class = \"td-border\"><\/div>\r\n                    <\/div>\r\n                    <div class = \"td-button td-item3\">\r\n                        <div class = \"td-border\"><\/div>\r\n                    <\/div>\r\n                    <div class = \"td-button td-item4\">\r\n                        <div class = \"td-border\"><\/div>\r\n                    <\/div>\r\n                    <div class = \"td-button td-item5\">\r\n                        <div class = \"td-border\"><\/div>\r\n                    <\/div>\r\n                            <\/div>\r\n                        <\/div>\r\n\r\n                    <\/div>\r\n\r\n                <\/div>\r\n                \n<hr \/>\n<p>&nbsp;<\/p>\n","protected":false},"excerpt":{"rendered":"<p>El primer jueves de cada mes alrededor de 40 personas que padecen de bruxismo se re\u00fanen en el auditorio de la Policl\u00ednica del IGSS, ubicada en la zona 1, para participar en charlas, conferencias y otras actividades en las que se les orienta acerca de c\u00f3mo enfrentar esa enfermedad, explic\u00f3 la odont\u00f3loga Ruth Ar\u00e9valo. \u201cEl [&hellip;]<\/p>\n","protected":false},"author":4,"featured_media":5634,"comment_status":"open","ping_status":"open","sticky":false,"template":"","format":"standard","meta":{"footnotes":""},"categories":[3,29,33,36],"tags":[143,249,379,490,710],"coauthors":[],"class_list":{"0":"post-5631","1":"post","2":"type-post","3":"status-publish","4":"format-standard","5":"has-post-thumbnail","7":"category-actualidad","8":"category-publicaciones","9":"category-servicios-de-salud","10":"category-unidades-medicas","11":"tag-bruxismo","12":"tag-diabetes","13":"tag-dra-ruth-arevalo","14":"tag-igss","15":"tag-policlinica-zona-1"},"_links":{"self":[{"href":"https:\/\/www.igssgt.org\/noticias\/wp-json\/wp\/v2\/posts\/5631","targetHints":{"allow":["GET"]}}],"collection":[{"href":"https:\/\/www.igssgt.org\/noticias\/wp-json\/wp\/v2\/posts"}],"about":[{"href":"https:\/\/www.igssgt.org\/noticias\/wp-json\/wp\/v2\/types\/post"}],"author":[{"embeddable":true,"href":"https:\/\/www.igssgt.org\/noticias\/wp-json\/wp\/v2\/users\/4"}],"replies":[{"embeddable":true,"href":"https:\/\/www.igssgt.org\/noticias\/wp-json\/wp\/v2\/comments?post=5631"}],"version-history":[{"count":0,"href":"https:\/\/www.igssgt.org\/noticias\/wp-json\/wp\/v2\/posts\/5631\/revisions"}],"wp:featuredmedia":[{"embeddable":true,"href":"https:\/\/www.igssgt.org\/noticias\/wp-json\/wp\/v2\/media\/5634"}],"wp:attachment":[{"href":"https:\/\/www.igssgt.org\/noticias\/wp-json\/wp\/v2\/media?parent=5631"}],"wp:term":[{"taxonomy":"category","embeddable":true,"href":"https:\/\/www.igssgt.org\/noticias\/wp-json\/wp\/v2\/categories?post=5631"},{"taxonomy":"post_tag","embeddable":true,"href":"https:\/\/www.igssgt.org\/noticias\/wp-json\/wp\/v2\/tags?post=5631"},{"taxonomy":"author","embeddable":true,"href":"https:\/\/www.igssgt.org\/noticias\/wp-json\/wp\/v2\/coauthors?post=5631"}],"curies":[{"name":"wp","href":"https:\/\/api.w.org\/{rel}","templated":true}]}}