{"id":5655,"date":"2018-07-06T15:00:16","date_gmt":"2018-07-06T21:00:16","guid":{"rendered":"http:\/\/noticias.igssgt.org\/?p=5655"},"modified":"2018-07-06T15:00:16","modified_gmt":"2018-07-06T21:00:16","slug":"tres-mil-ninos-han-sido-atendidos-en-la-clinica-de-dermatologia-de-la-unidad-periferica-zona-5","status":"publish","type":"post","link":"https:\/\/www.igssgt.org\/noticias\/2018\/07\/06\/tres-mil-ninos-han-sido-atendidos-en-la-clinica-de-dermatologia-de-la-unidad-periferica-zona-5\/","title":{"rendered":"Tres mil ni\u00f1os han sido atendidos en la cl\u00ednica de dermatolog\u00eda de la Unidad Perif\u00e9rica Zona 5"},"content":{"rendered":"<p>En 10 meses de funcionamiento la cl\u00ednica de dermatolog\u00eda pedi\u00e1trica de la Unidad Perif\u00e9rica zona 5 ha atendido a m\u00e1s de 3,000 ni\u00f1os, inform\u00f3 el doctor Edder Higueros, dermat\u00f3logo pedi\u00e1trico.<\/p>\n<figure id=\"attachment_5658\" aria-describedby=\"caption-attachment-5658\" style=\"width: 316px\" class=\"wp-caption alignleft\"><a href=\"\/noticias\/wp-content\/uploads\/sites\/5\/2018\/07\/Unidad-de-dermatologia-periferica-zona-5-igss-2018-3-1.jpg\"><img loading=\"lazy\" decoding=\"async\" class=\"wp-image-5658\" src=\"\/noticias\/wp-content\/uploads\/sites\/5\/2018\/07\/Unidad-de-dermatologia-periferica-zona-5-igss-2018-3-1.jpg\" alt=\"\" width=\"316\" height=\"247\" srcset=\"\/wp-content\/uploads\/sites\/5\/2018\/07\/Unidad-de-dermatologia-periferica-zona-5-igss-2018-3-1.jpg 1150w, \/wp-content\/uploads\/sites\/5\/2018\/07\/Unidad-de-dermatologia-periferica-zona-5-igss-2018-3-1-300x235.jpg 300w, \/wp-content\/uploads\/sites\/5\/2018\/07\/Unidad-de-dermatologia-periferica-zona-5-igss-2018-3-1-768x600.jpg 768w, \/wp-content\/uploads\/sites\/5\/2018\/07\/Unidad-de-dermatologia-periferica-zona-5-igss-2018-3-1-1024x801.jpg 1024w, \/wp-content\/uploads\/sites\/5\/2018\/07\/Unidad-de-dermatologia-periferica-zona-5-igss-2018-3-1-537x420.jpg 537w, \/wp-content\/uploads\/sites\/5\/2018\/07\/Unidad-de-dermatologia-periferica-zona-5-igss-2018-3-1-696x544.jpg 696w, \/wp-content\/uploads\/sites\/5\/2018\/07\/Unidad-de-dermatologia-periferica-zona-5-igss-2018-3-1-1068x835.jpg 1068w, \/wp-content\/uploads\/sites\/5\/2018\/07\/Unidad-de-dermatologia-periferica-zona-5-igss-2018-3-1-534x417.jpg 534w\" sizes=\"auto, (max-width: 316px) 100vw, 316px\" \/><\/a><figcaption id=\"caption-attachment-5658\" class=\"wp-caption-text\">Dr. Edder Higueros.<\/figcaption><\/figure>\n<p>Los casos de dermatitis at\u00f3pica, vit\u00edligo, prurigos por picaduras de insectos y problemas infecciosos, as\u00ed como hongos en la piel, cabello y u\u00f1as ocasionadas por bacterias y virus, son los que con mayor frecuencia se atienden, explic\u00f3 el Dr. Higueros.<\/p>\n<p>Las edades de estos pacientes oscilan entre cero y siete a\u00f1os. En este servicio no solo se atienden afecciones de la piel sino tambi\u00e9n de u\u00f1as y cabello.<\/p>\n<p><strong>Recomendaciones<\/strong><\/p>\n<p>El profesional resalt\u00f3 la importancia de utilizar productos que no contengan qu\u00edmicos que afecten la piel de los ni\u00f1os, tanto en su ba\u00f1o diario como al lavarles las manos. Adem\u00e1s, recomend\u00f3 el uso de protector solar y repelentes contra insectos.<\/p>\n<p>Es recomendable que los padres act\u00faen de inmediato ante los problemas de la piel que presenten los peque\u00f1os, as\u00ed como de otras afecciones en u\u00f1as y el cabello. Ante una situaci\u00f3n de este tipo es preciso que asistan a sus unidades m\u00e9dicas para ser atendidos cuanto antes por un especialista, puntualiz\u00f3 el dermat\u00f3logo.<\/p>\n<p><a href=\"\/noticias\/wp-content\/uploads\/sites\/5\/2018\/07\/Unidad-de-dermatologia-periferica-zona-5-igss-2018-2.jpg\"><img loading=\"lazy\" decoding=\"async\" class=\"alignnone size-full wp-image-5659\" src=\"\/noticias\/wp-content\/uploads\/sites\/5\/2018\/07\/Unidad-de-dermatologia-periferica-zona-5-igss-2018-2.jpg\" alt=\"\" width=\"1440\" height=\"960\" srcset=\"\/wp-content\/uploads\/sites\/5\/2018\/07\/Unidad-de-dermatologia-periferica-zona-5-igss-2018-2.jpg 1440w, \/wp-content\/uploads\/sites\/5\/2018\/07\/Unidad-de-dermatologia-periferica-zona-5-igss-2018-2-300x200.jpg 300w, \/wp-content\/uploads\/sites\/5\/2018\/07\/Unidad-de-dermatologia-periferica-zona-5-igss-2018-2-768x512.jpg 768w, \/wp-content\/uploads\/sites\/5\/2018\/07\/Unidad-de-dermatologia-periferica-zona-5-igss-2018-2-1024x683.jpg 1024w, \/wp-content\/uploads\/sites\/5\/2018\/07\/Unidad-de-dermatologia-periferica-zona-5-igss-2018-2-630x420.jpg 630w, \/wp-content\/uploads\/sites\/5\/2018\/07\/Unidad-de-dermatologia-periferica-zona-5-igss-2018-2-696x464.jpg 696w, \/wp-content\/uploads\/sites\/5\/2018\/07\/Unidad-de-dermatologia-periferica-zona-5-igss-2018-2-1068x712.jpg 1068w, \/wp-content\/uploads\/sites\/5\/2018\/07\/Unidad-de-dermatologia-periferica-zona-5-igss-2018-2-534x356.jpg 534w\" sizes=\"auto, (max-width: 1440px) 100vw, 1440px\" \/><\/a><\/p>\n<hr \/>\n<p>&nbsp;<\/p>\n","protected":false},"excerpt":{"rendered":"<p>En 10 meses de funcionamiento la cl\u00ednica de dermatolog\u00eda pedi\u00e1trica de la Unidad Perif\u00e9rica zona 5 ha atendido a m\u00e1s de 3,000 ni\u00f1os, inform\u00f3 el doctor Edder Higueros, dermat\u00f3logo pedi\u00e1trico. Los casos de dermatitis at\u00f3pica, vit\u00edligo, prurigos por picaduras de insectos y problemas infecciosos, as\u00ed como hongos en la piel, cabello y u\u00f1as ocasionadas por [&hellip;]<\/p>\n","protected":false},"author":4,"featured_media":5656,"comment_status":"open","ping_status":"open","sticky":false,"template":"","format":"standard","meta":{"footnotes":""},"categories":[3,24,29,36],"tags":[490,790,837],"coauthors":[],"class_list":{"0":"post-5655","1":"post","2":"type-post","3":"status-publish","4":"format-standard","5":"has-post-thumbnail","7":"category-actualidad","8":"category-pediatria","9":"category-publicaciones","10":"category-unidades-medicas","11":"tag-igss","12":"tag-servicio-de-pediatria","13":"tag-unidad-periferica-zona-5"},"_links":{"self":[{"href":"https:\/\/www.igssgt.org\/noticias\/wp-json\/wp\/v2\/posts\/5655","targetHints":{"allow":["GET"]}}],"collection":[{"href":"https:\/\/www.igssgt.org\/noticias\/wp-json\/wp\/v2\/posts"}],"about":[{"href":"https:\/\/www.igssgt.org\/noticias\/wp-json\/wp\/v2\/types\/post"}],"author":[{"embeddable":true,"href":"https:\/\/www.igssgt.org\/noticias\/wp-json\/wp\/v2\/users\/4"}],"replies":[{"embeddable":true,"href":"https:\/\/www.igssgt.org\/noticias\/wp-json\/wp\/v2\/comments?post=5655"}],"version-history":[{"count":0,"href":"https:\/\/www.igssgt.org\/noticias\/wp-json\/wp\/v2\/posts\/5655\/revisions"}],"wp:featuredmedia":[{"embeddable":true,"href":"https:\/\/www.igssgt.org\/noticias\/wp-json\/wp\/v2\/media\/5656"}],"wp:attachment":[{"href":"https:\/\/www.igssgt.org\/noticias\/wp-json\/wp\/v2\/media?parent=5655"}],"wp:term":[{"taxonomy":"category","embeddable":true,"href":"https:\/\/www.igssgt.org\/noticias\/wp-json\/wp\/v2\/categories?post=5655"},{"taxonomy":"post_tag","embeddable":true,"href":"https:\/\/www.igssgt.org\/noticias\/wp-json\/wp\/v2\/tags?post=5655"},{"taxonomy":"author","embeddable":true,"href":"https:\/\/www.igssgt.org\/noticias\/wp-json\/wp\/v2\/coauthors?post=5655"}],"curies":[{"name":"wp","href":"https:\/\/api.w.org\/{rel}","templated":true}]}}