{"id":5669,"date":"2018-07-10T14:00:45","date_gmt":"2018-07-10T20:00:45","guid":{"rendered":"http:\/\/noticias.igssgt.org\/?p=5669"},"modified":"2018-07-10T14:00:45","modified_gmt":"2018-07-10T20:00:45","slug":"camip-barranquilla-amplia-servicios-con-6-clinicas-y-80-plazas-de-personal","status":"publish","type":"post","link":"https:\/\/www.igssgt.org\/noticias\/2018\/07\/10\/camip-barranquilla-amplia-servicios-con-6-clinicas-y-80-plazas-de-personal\/","title":{"rendered":"Camip Barranquilla ampl\u00eda servicios con 6 cl\u00ednicas y 80 plazas de personal"},"content":{"rendered":"<p>Para atender a los 4 mil pacientes en proceso de traslado, m\u00e1s los 23 mil con los que ya contaba, el Centro de Atenci\u00f3n M\u00e9dico Integral para Pensionados (CAMIP) Barranquilla, se ampliaron\u00a0de 15 a 21 las cl\u00ednicas de enfermedad com\u00fan y se aumentaron\u00a080 plazas tanto del \u00e1rea m\u00e9dica como enfermer\u00eda y farmacia, explic\u00f3 el doctor Byron Romero, director m\u00e9dico de esta unidad.<\/p>\n<p>Este centro asistencial tambi\u00e9n cuenta con 18 cl\u00ednicas de especialidades, servicio de gimnasio y rehabilitaci\u00f3n, en los que los pacientes continuar\u00e1n su tratamiento.<\/p>\n<p>Adicional a ello se contratar\u00e1 el servicio de ocho m\u00e9dicos de cabecera y dos m\u00e9dicos para visita domiciliar, quienes luego de evaluar a los pacientes emitir\u00e1n las recetas electr\u00f3nicas hacia el CAMIP Barranquilla, donde preparar\u00e1n el medicamento y lo enviar\u00e1n un d\u00eda despu\u00e9s al domicilio del derechohabiente.<\/p>\n<p>Desde el 18 de junio 2018 que se inici\u00f3 el proceso de traslados de los pacientes de CAMIP Pamplona hacia el de Barranquilla, los afiliados y derechohabientes realizan recorridos para conocer su nueva unidad m\u00e9dica, as\u00ed como los servicios se les brindan.<\/p>\n\r\n                <style type=\"text\/css\">\r\n                    \r\n                    #tdi_1  .td-doubleSlider-2 .td-item1 {\r\n                        background: url(\/wp-content\/uploads\/sites\/5\/2018\/07\/traslado-camip-barranquilla-derechohabientes-igss-2018-12-80x60.jpg) 0 0 no-repeat;\r\n                    }\r\n                    #tdi_1  .td-doubleSlider-2 .td-item2 {\r\n                        background: url(\/wp-content\/uploads\/sites\/5\/2018\/07\/traslado-camip-barranquilla-derechohabientes-igss-2018-13-80x60.jpg) 0 0 no-repeat;\r\n                    }\r\n                    #tdi_1  .td-doubleSlider-2 .td-item3 {\r\n                        background: url(\/wp-content\/uploads\/sites\/5\/2018\/07\/traslado-camip-barranquilla-derechohabientes-igss-2018-14-80x60.jpg) 0 0 no-repeat;\r\n                    }\r\n                    #tdi_1  .td-doubleSlider-2 .td-item4 {\r\n                        background: url(\/wp-content\/uploads\/sites\/5\/2018\/07\/traslado-camip-barranquilla-derechohabientes-igss-2018-15-80x60.jpg) 0 0 no-repeat;\r\n                    }\r\n                    #tdi_1  .td-doubleSlider-2 .td-item5 {\r\n                        background: url(\/wp-content\/uploads\/sites\/5\/2018\/07\/traslado-camip-barranquilla-derechohabientes-igss-2018-16-80x60.jpg) 0 0 no-repeat;\r\n                    }\r\n                    #tdi_1  .td-doubleSlider-2 .td-item6 {\r\n                        background: url(\/wp-content\/uploads\/sites\/5\/2018\/07\/traslado-camip-barranquilla-derechohabientes-igss-2018-1-80x60.jpg) 0 0 no-repeat;\r\n                    }\r\n                    #tdi_1  .td-doubleSlider-2 .td-item7 {\r\n                        background: url(\/wp-content\/uploads\/sites\/5\/2018\/07\/traslado-camip-barranquilla-derechohabientes-igss-2018-2-80x60.jpg) 0 0 no-repeat;\r\n                    }\r\n                    #tdi_1  .td-doubleSlider-2 .td-item8 {\r\n                        background: url(\/wp-content\/uploads\/sites\/5\/2018\/07\/traslado-camip-barranquilla-derechohabientes-igss-2018-3-80x60.jpg) 0 0 no-repeat;\r\n                    }\r\n                    #tdi_1  .td-doubleSlider-2 .td-item9 {\r\n                        background: url(\/wp-content\/uploads\/sites\/5\/2018\/07\/traslado-camip-barranquilla-derechohabientes-igss-2018-4-80x60.jpg) 0 0 no-repeat;\r\n                    }\r\n                    #tdi_1  .td-doubleSlider-2 .td-item10 {\r\n                        background: url(\/wp-content\/uploads\/sites\/5\/2018\/07\/traslado-camip-barranquilla-derechohabientes-igss-2018-5-80x60.jpg) 0 0 no-repeat;\r\n                    }\r\n                    #tdi_1  .td-doubleSlider-2 .td-item11 {\r\n                        background: url(\/wp-content\/uploads\/sites\/5\/2018\/07\/traslado-camip-barranquilla-derechohabientes-igss-2018-6-80x60.jpg) 0 0 no-repeat;\r\n                    }\r\n                    #tdi_1  .td-doubleSlider-2 .td-item12 {\r\n                        background: url(\/wp-content\/uploads\/sites\/5\/2018\/07\/traslado-camip-barranquilla-derechohabientes-igss-2018-7-80x60.jpg) 0 0 no-repeat;\r\n                    }\r\n                    #tdi_1  .td-doubleSlider-2 .td-item13 {\r\n                        background: url(\/wp-content\/uploads\/sites\/5\/2018\/07\/traslado-camip-barranquilla-derechohabientes-igss-2018-8-80x60.jpg) 0 0 no-repeat;\r\n                    }\r\n                    #tdi_1  .td-doubleSlider-2 .td-item14 {\r\n                        background: url(\/wp-content\/uploads\/sites\/5\/2018\/07\/traslado-camip-barranquilla-derechohabientes-igss-2018-9-80x60.jpg) 0 0 no-repeat;\r\n                    }\r\n                    #tdi_1  .td-doubleSlider-2 .td-item15 {\r\n                        background: url(\/wp-content\/uploads\/sites\/5\/2018\/07\/traslado-camip-barranquilla-derechohabientes-igss-2018-10-80x60.jpg) 0 0 no-repeat;\r\n                    }\r\n                    #tdi_1  .td-doubleSlider-2 .td-item16 {\r\n                        background: url(\/wp-content\/uploads\/sites\/5\/2018\/07\/traslado-camip-barranquilla-derechohabientes-igss-2018-11-80x60.jpg) 0 0 no-repeat;\r\n                    }\r\n                <\/style>\r\n\r\n                <div id=\"tdi_1\" class=\"td-gallery td-slide-on-2-columns\">\r\n                    <div class=\"post_td_gallery\">\r\n                        <div class=\"td-gallery-slide-top\">\r\n                           <div class=\"td-gallery-title\">Galer\u00eda de Im\u00e1genes<\/div>\r\n\r\n                            <div class=\"td-gallery-controls-wrapper\">\r\n                                <div class=\"td-gallery-slide-count\"><span class=\"td-gallery-slide-item-focus\">1<\/span> de 16<\/div>\r\n                                <div class=\"td-gallery-slide-prev-next-but\">\r\n                                    <i class = \"td-icon-left doubleSliderPrevButton\"><\/i>\r\n                                    <i class = \"td-icon-right doubleSliderNextButton\"><\/i>\r\n                                <\/div>\r\n                            <\/div>\r\n                        <\/div>\r\n\r\n                        <div class = \"td-doubleSlider-1 \">\r\n                            <div class = \"td-slider\">\r\n                                \r\n                    <div class = \"td-slide-item td-item1\">\r\n                        <figure class=\"td-slide-galery-figure td-slide-popup-gallery\">\r\n                            <a class=\"slide-gallery-image-link\" href=\"\/wp-content\/uploads\/sites\/5\/2018\/07\/traslado-camip-barranquilla-derechohabientes-igss-2018-12-scaled.jpg\" title=\"traslado camip barranquilla derechohabientes igss 2018-12\"  data-caption=\"\"  data-description=\"\">\r\n                                <img decoding=\"async\" src=\"\/wp-content\/uploads\/sites\/5\/2018\/07\/traslado-camip-barranquilla-derechohabientes-igss-2018-12-630x420.jpg\" srcset=\"\/wp-content\/uploads\/sites\/5\/2018\/07\/traslado-camip-barranquilla-derechohabientes-igss-2018-12-630x420.jpg 630w, \/wp-content\/uploads\/sites\/5\/2018\/07\/traslado-camip-barranquilla-derechohabientes-igss-2018-12-1536x1024.jpg 1536w, \/wp-content\/uploads\/sites\/5\/2018\/07\/traslado-camip-barranquilla-derechohabientes-igss-2018-12-2048x1365.jpg 2048w, \/wp-content\/uploads\/sites\/5\/2018\/07\/traslado-camip-barranquilla-derechohabientes-igss-2018-12-300x200.jpg 300w, \/wp-content\/uploads\/sites\/5\/2018\/07\/traslado-camip-barranquilla-derechohabientes-igss-2018-12-768x512.jpg 768w, \/wp-content\/uploads\/sites\/5\/2018\/07\/traslado-camip-barranquilla-derechohabientes-igss-2018-12-1024x683.jpg 1024w, \/wp-content\/uploads\/sites\/5\/2018\/07\/traslado-camip-barranquilla-derechohabientes-igss-2018-12-696x464.jpg 696w, \/wp-content\/uploads\/sites\/5\/2018\/07\/traslado-camip-barranquilla-derechohabientes-igss-2018-12-1068x712.jpg 1068w, \/wp-content\/uploads\/sites\/5\/2018\/07\/traslado-camip-barranquilla-derechohabientes-igss-2018-12-534x356.jpg 534w, \/wp-content\/uploads\/sites\/5\/2018\/07\/traslado-camip-barranquilla-derechohabientes-igss-2018-12-1920x1280.jpg 1920w\" sizes=\"(max-width: 630px) 100vw, 630px\" alt=\"\">\r\n                            <\/a>\r\n                            \r\n                        <\/figure>\r\n                    <\/div>\r\n                    <div class = \"td-slide-item td-item2\">\r\n                        <figure class=\"td-slide-galery-figure td-slide-popup-gallery\">\r\n                            <a class=\"slide-gallery-image-link\" href=\"\/wp-content\/uploads\/sites\/5\/2018\/07\/traslado-camip-barranquilla-derechohabientes-igss-2018-13-scaled.jpg\" title=\"traslado camip barranquilla derechohabientes igss 2018-13\"  data-caption=\"\"  data-description=\"\">\r\n                                <img decoding=\"async\" src=\"\/wp-content\/uploads\/sites\/5\/2018\/07\/traslado-camip-barranquilla-derechohabientes-igss-2018-13-630x420.jpg\" srcset=\"\/wp-content\/uploads\/sites\/5\/2018\/07\/traslado-camip-barranquilla-derechohabientes-igss-2018-13-630x420.jpg 630w, \/wp-content\/uploads\/sites\/5\/2018\/07\/traslado-camip-barranquilla-derechohabientes-igss-2018-13-1536x1024.jpg 1536w, \/wp-content\/uploads\/sites\/5\/2018\/07\/traslado-camip-barranquilla-derechohabientes-igss-2018-13-2048x1365.jpg 2048w, \/wp-content\/uploads\/sites\/5\/2018\/07\/traslado-camip-barranquilla-derechohabientes-igss-2018-13-300x200.jpg 300w, \/wp-content\/uploads\/sites\/5\/2018\/07\/traslado-camip-barranquilla-derechohabientes-igss-2018-13-768x512.jpg 768w, \/wp-content\/uploads\/sites\/5\/2018\/07\/traslado-camip-barranquilla-derechohabientes-igss-2018-13-1024x683.jpg 1024w, \/wp-content\/uploads\/sites\/5\/2018\/07\/traslado-camip-barranquilla-derechohabientes-igss-2018-13-696x464.jpg 696w, \/wp-content\/uploads\/sites\/5\/2018\/07\/traslado-camip-barranquilla-derechohabientes-igss-2018-13-1068x712.jpg 1068w, \/wp-content\/uploads\/sites\/5\/2018\/07\/traslado-camip-barranquilla-derechohabientes-igss-2018-13-534x356.jpg 534w, \/wp-content\/uploads\/sites\/5\/2018\/07\/traslado-camip-barranquilla-derechohabientes-igss-2018-13-1920x1280.jpg 1920w\" sizes=\"(max-width: 630px) 100vw, 630px\" alt=\"\">\r\n                            <\/a>\r\n                            \r\n                        <\/figure>\r\n                    <\/div>\r\n                    <div class = \"td-slide-item td-item3\">\r\n                        <figure class=\"td-slide-galery-figure td-slide-popup-gallery\">\r\n                            <a class=\"slide-gallery-image-link\" href=\"\/wp-content\/uploads\/sites\/5\/2018\/07\/traslado-camip-barranquilla-derechohabientes-igss-2018-14-scaled.jpg\" title=\"traslado camip barranquilla derechohabientes igss 2018-14\"  data-caption=\"\"  data-description=\"\">\r\n                                <img decoding=\"async\" src=\"\/wp-content\/uploads\/sites\/5\/2018\/07\/traslado-camip-barranquilla-derechohabientes-igss-2018-14-630x420.jpg\" srcset=\"\/wp-content\/uploads\/sites\/5\/2018\/07\/traslado-camip-barranquilla-derechohabientes-igss-2018-14-630x420.jpg 630w, \/wp-content\/uploads\/sites\/5\/2018\/07\/traslado-camip-barranquilla-derechohabientes-igss-2018-14-1536x1024.jpg 1536w, \/wp-content\/uploads\/sites\/5\/2018\/07\/traslado-camip-barranquilla-derechohabientes-igss-2018-14-2048x1365.jpg 2048w, \/wp-content\/uploads\/sites\/5\/2018\/07\/traslado-camip-barranquilla-derechohabientes-igss-2018-14-300x200.jpg 300w, \/wp-content\/uploads\/sites\/5\/2018\/07\/traslado-camip-barranquilla-derechohabientes-igss-2018-14-768x512.jpg 768w, \/wp-content\/uploads\/sites\/5\/2018\/07\/traslado-camip-barranquilla-derechohabientes-igss-2018-14-1024x683.jpg 1024w, \/wp-content\/uploads\/sites\/5\/2018\/07\/traslado-camip-barranquilla-derechohabientes-igss-2018-14-696x464.jpg 696w, \/wp-content\/uploads\/sites\/5\/2018\/07\/traslado-camip-barranquilla-derechohabientes-igss-2018-14-1068x712.jpg 1068w, \/wp-content\/uploads\/sites\/5\/2018\/07\/traslado-camip-barranquilla-derechohabientes-igss-2018-14-534x356.jpg 534w, \/wp-content\/uploads\/sites\/5\/2018\/07\/traslado-camip-barranquilla-derechohabientes-igss-2018-14-1920x1280.jpg 1920w\" sizes=\"(max-width: 630px) 100vw, 630px\" alt=\"\">\r\n                            <\/a>\r\n                            \r\n                        <\/figure>\r\n                    <\/div>\r\n                    <div class = \"td-slide-item td-item4\">\r\n                        <figure class=\"td-slide-galery-figure td-slide-popup-gallery\">\r\n                            <a class=\"slide-gallery-image-link\" href=\"\/wp-content\/uploads\/sites\/5\/2018\/07\/traslado-camip-barranquilla-derechohabientes-igss-2018-15-scaled.jpg\" title=\"traslado camip barranquilla derechohabientes igss 2018-15\"  data-caption=\"\"  data-description=\"\">\r\n                                <img decoding=\"async\" src=\"\/wp-content\/uploads\/sites\/5\/2018\/07\/traslado-camip-barranquilla-derechohabientes-igss-2018-15-630x420.jpg\" srcset=\"\/wp-content\/uploads\/sites\/5\/2018\/07\/traslado-camip-barranquilla-derechohabientes-igss-2018-15-630x420.jpg 630w, \/wp-content\/uploads\/sites\/5\/2018\/07\/traslado-camip-barranquilla-derechohabientes-igss-2018-15-1536x1024.jpg 1536w, \/wp-content\/uploads\/sites\/5\/2018\/07\/traslado-camip-barranquilla-derechohabientes-igss-2018-15-2048x1365.jpg 2048w, \/wp-content\/uploads\/sites\/5\/2018\/07\/traslado-camip-barranquilla-derechohabientes-igss-2018-15-300x200.jpg 300w, \/wp-content\/uploads\/sites\/5\/2018\/07\/traslado-camip-barranquilla-derechohabientes-igss-2018-15-768x512.jpg 768w, \/wp-content\/uploads\/sites\/5\/2018\/07\/traslado-camip-barranquilla-derechohabientes-igss-2018-15-1024x683.jpg 1024w, \/wp-content\/uploads\/sites\/5\/2018\/07\/traslado-camip-barranquilla-derechohabientes-igss-2018-15-696x464.jpg 696w, \/wp-content\/uploads\/sites\/5\/2018\/07\/traslado-camip-barranquilla-derechohabientes-igss-2018-15-1068x712.jpg 1068w, \/wp-content\/uploads\/sites\/5\/2018\/07\/traslado-camip-barranquilla-derechohabientes-igss-2018-15-534x356.jpg 534w, \/wp-content\/uploads\/sites\/5\/2018\/07\/traslado-camip-barranquilla-derechohabientes-igss-2018-15-1920x1280.jpg 1920w\" sizes=\"(max-width: 630px) 100vw, 630px\" alt=\"\">\r\n                            <\/a>\r\n                            \r\n                        <\/figure>\r\n                    <\/div>\r\n                    <div class = \"td-slide-item td-item5\">\r\n                        <figure class=\"td-slide-galery-figure td-slide-popup-gallery\">\r\n                            <a class=\"slide-gallery-image-link\" href=\"\/wp-content\/uploads\/sites\/5\/2018\/07\/traslado-camip-barranquilla-derechohabientes-igss-2018-16-scaled.jpg\" title=\"traslado camip barranquilla derechohabientes igss 2018-16\"  data-caption=\"\"  data-description=\"\">\r\n                                <img decoding=\"async\" src=\"\/wp-content\/uploads\/sites\/5\/2018\/07\/traslado-camip-barranquilla-derechohabientes-igss-2018-16-630x420.jpg\" srcset=\"\/wp-content\/uploads\/sites\/5\/2018\/07\/traslado-camip-barranquilla-derechohabientes-igss-2018-16-630x420.jpg 630w, \/wp-content\/uploads\/sites\/5\/2018\/07\/traslado-camip-barranquilla-derechohabientes-igss-2018-16-1536x1024.jpg 1536w, \/wp-content\/uploads\/sites\/5\/2018\/07\/traslado-camip-barranquilla-derechohabientes-igss-2018-16-2048x1365.jpg 2048w, \/wp-content\/uploads\/sites\/5\/2018\/07\/traslado-camip-barranquilla-derechohabientes-igss-2018-16-300x200.jpg 300w, \/wp-content\/uploads\/sites\/5\/2018\/07\/traslado-camip-barranquilla-derechohabientes-igss-2018-16-768x512.jpg 768w, \/wp-content\/uploads\/sites\/5\/2018\/07\/traslado-camip-barranquilla-derechohabientes-igss-2018-16-1024x683.jpg 1024w, \/wp-content\/uploads\/sites\/5\/2018\/07\/traslado-camip-barranquilla-derechohabientes-igss-2018-16-696x464.jpg 696w, \/wp-content\/uploads\/sites\/5\/2018\/07\/traslado-camip-barranquilla-derechohabientes-igss-2018-16-1068x712.jpg 1068w, \/wp-content\/uploads\/sites\/5\/2018\/07\/traslado-camip-barranquilla-derechohabientes-igss-2018-16-534x356.jpg 534w, \/wp-content\/uploads\/sites\/5\/2018\/07\/traslado-camip-barranquilla-derechohabientes-igss-2018-16-1920x1280.jpg 1920w\" sizes=\"(max-width: 630px) 100vw, 630px\" alt=\"\">\r\n                            <\/a>\r\n                            \r\n                        <\/figure>\r\n                    <\/div>\r\n                    <div class = \"td-slide-item td-item6\">\r\n                        <figure class=\"td-slide-galery-figure td-slide-popup-gallery\">\r\n                            <a class=\"slide-gallery-image-link\" href=\"\/wp-content\/uploads\/sites\/5\/2018\/07\/traslado-camip-barranquilla-derechohabientes-igss-2018-1-scaled.jpg\" title=\"traslado camip barranquilla derechohabientes igss 2018-1\"  data-caption=\"\"  data-description=\"\">\r\n                                <img decoding=\"async\" src=\"\/wp-content\/uploads\/sites\/5\/2018\/07\/traslado-camip-barranquilla-derechohabientes-igss-2018-1-630x420.jpg\" srcset=\"\/wp-content\/uploads\/sites\/5\/2018\/07\/traslado-camip-barranquilla-derechohabientes-igss-2018-1-630x420.jpg 630w, \/wp-content\/uploads\/sites\/5\/2018\/07\/traslado-camip-barranquilla-derechohabientes-igss-2018-1-1536x1024.jpg 1536w, \/wp-content\/uploads\/sites\/5\/2018\/07\/traslado-camip-barranquilla-derechohabientes-igss-2018-1-2048x1365.jpg 2048w, \/wp-content\/uploads\/sites\/5\/2018\/07\/traslado-camip-barranquilla-derechohabientes-igss-2018-1-300x200.jpg 300w, \/wp-content\/uploads\/sites\/5\/2018\/07\/traslado-camip-barranquilla-derechohabientes-igss-2018-1-768x512.jpg 768w, \/wp-content\/uploads\/sites\/5\/2018\/07\/traslado-camip-barranquilla-derechohabientes-igss-2018-1-1024x683.jpg 1024w, \/wp-content\/uploads\/sites\/5\/2018\/07\/traslado-camip-barranquilla-derechohabientes-igss-2018-1-696x464.jpg 696w, \/wp-content\/uploads\/sites\/5\/2018\/07\/traslado-camip-barranquilla-derechohabientes-igss-2018-1-1068x712.jpg 1068w, \/wp-content\/uploads\/sites\/5\/2018\/07\/traslado-camip-barranquilla-derechohabientes-igss-2018-1-534x356.jpg 534w, \/wp-content\/uploads\/sites\/5\/2018\/07\/traslado-camip-barranquilla-derechohabientes-igss-2018-1-1920x1280.jpg 1920w\" sizes=\"(max-width: 630px) 100vw, 630px\" alt=\"\">\r\n                            <\/a>\r\n                            \r\n                        <\/figure>\r\n                    <\/div>\r\n                    <div class = \"td-slide-item td-item7\">\r\n                        <figure class=\"td-slide-galery-figure td-slide-popup-gallery\">\r\n                            <a class=\"slide-gallery-image-link\" href=\"\/wp-content\/uploads\/sites\/5\/2018\/07\/traslado-camip-barranquilla-derechohabientes-igss-2018-2-scaled.jpg\" title=\"traslado camip barranquilla derechohabientes igss 2018-2\"  data-caption=\"\"  data-description=\"\">\r\n                                <img decoding=\"async\" src=\"\/wp-content\/uploads\/sites\/5\/2018\/07\/traslado-camip-barranquilla-derechohabientes-igss-2018-2-630x420.jpg\" srcset=\"\/wp-content\/uploads\/sites\/5\/2018\/07\/traslado-camip-barranquilla-derechohabientes-igss-2018-2-630x420.jpg 630w, \/wp-content\/uploads\/sites\/5\/2018\/07\/traslado-camip-barranquilla-derechohabientes-igss-2018-2-1536x1024.jpg 1536w, \/wp-content\/uploads\/sites\/5\/2018\/07\/traslado-camip-barranquilla-derechohabientes-igss-2018-2-2048x1365.jpg 2048w, \/wp-content\/uploads\/sites\/5\/2018\/07\/traslado-camip-barranquilla-derechohabientes-igss-2018-2-300x200.jpg 300w, \/wp-content\/uploads\/sites\/5\/2018\/07\/traslado-camip-barranquilla-derechohabientes-igss-2018-2-768x512.jpg 768w, \/wp-content\/uploads\/sites\/5\/2018\/07\/traslado-camip-barranquilla-derechohabientes-igss-2018-2-1024x683.jpg 1024w, \/wp-content\/uploads\/sites\/5\/2018\/07\/traslado-camip-barranquilla-derechohabientes-igss-2018-2-696x464.jpg 696w, \/wp-content\/uploads\/sites\/5\/2018\/07\/traslado-camip-barranquilla-derechohabientes-igss-2018-2-1068x712.jpg 1068w, \/wp-content\/uploads\/sites\/5\/2018\/07\/traslado-camip-barranquilla-derechohabientes-igss-2018-2-534x356.jpg 534w, \/wp-content\/uploads\/sites\/5\/2018\/07\/traslado-camip-barranquilla-derechohabientes-igss-2018-2-1920x1280.jpg 1920w\" sizes=\"(max-width: 630px) 100vw, 630px\" alt=\"\">\r\n                            <\/a>\r\n                            \r\n                        <\/figure>\r\n                    <\/div>\r\n                    <div class = \"td-slide-item td-item8\">\r\n                        <figure class=\"td-slide-galery-figure td-slide-popup-gallery\">\r\n                            <a class=\"slide-gallery-image-link\" href=\"\/wp-content\/uploads\/sites\/5\/2018\/07\/traslado-camip-barranquilla-derechohabientes-igss-2018-3-scaled.jpg\" title=\"traslado camip barranquilla derechohabientes igss 2018-3\"  data-caption=\"\"  data-description=\"\">\r\n                                <img decoding=\"async\" src=\"\/wp-content\/uploads\/sites\/5\/2018\/07\/traslado-camip-barranquilla-derechohabientes-igss-2018-3-630x420.jpg\" srcset=\"\/wp-content\/uploads\/sites\/5\/2018\/07\/traslado-camip-barranquilla-derechohabientes-igss-2018-3-630x420.jpg 630w, \/wp-content\/uploads\/sites\/5\/2018\/07\/traslado-camip-barranquilla-derechohabientes-igss-2018-3-1536x1024.jpg 1536w, \/wp-content\/uploads\/sites\/5\/2018\/07\/traslado-camip-barranquilla-derechohabientes-igss-2018-3-2048x1365.jpg 2048w, \/wp-content\/uploads\/sites\/5\/2018\/07\/traslado-camip-barranquilla-derechohabientes-igss-2018-3-300x200.jpg 300w, \/wp-content\/uploads\/sites\/5\/2018\/07\/traslado-camip-barranquilla-derechohabientes-igss-2018-3-768x512.jpg 768w, \/wp-content\/uploads\/sites\/5\/2018\/07\/traslado-camip-barranquilla-derechohabientes-igss-2018-3-1024x683.jpg 1024w, \/wp-content\/uploads\/sites\/5\/2018\/07\/traslado-camip-barranquilla-derechohabientes-igss-2018-3-696x464.jpg 696w, \/wp-content\/uploads\/sites\/5\/2018\/07\/traslado-camip-barranquilla-derechohabientes-igss-2018-3-1068x712.jpg 1068w, \/wp-content\/uploads\/sites\/5\/2018\/07\/traslado-camip-barranquilla-derechohabientes-igss-2018-3-534x356.jpg 534w, \/wp-content\/uploads\/sites\/5\/2018\/07\/traslado-camip-barranquilla-derechohabientes-igss-2018-3-1920x1280.jpg 1920w\" sizes=\"(max-width: 630px) 100vw, 630px\" alt=\"\">\r\n                            <\/a>\r\n                            \r\n                        <\/figure>\r\n                    <\/div>\r\n                    <div class = \"td-slide-item td-item9\">\r\n                        <figure class=\"td-slide-galery-figure td-slide-popup-gallery\">\r\n                            <a class=\"slide-gallery-image-link\" href=\"\/wp-content\/uploads\/sites\/5\/2018\/07\/traslado-camip-barranquilla-derechohabientes-igss-2018-4-scaled.jpg\" title=\"traslado camip barranquilla derechohabientes igss 2018-4\"  data-caption=\"\"  data-description=\"\">\r\n                                <img decoding=\"async\" src=\"\/wp-content\/uploads\/sites\/5\/2018\/07\/traslado-camip-barranquilla-derechohabientes-igss-2018-4-630x420.jpg\" srcset=\"\/wp-content\/uploads\/sites\/5\/2018\/07\/traslado-camip-barranquilla-derechohabientes-igss-2018-4-630x420.jpg 630w, \/wp-content\/uploads\/sites\/5\/2018\/07\/traslado-camip-barranquilla-derechohabientes-igss-2018-4-1536x1024.jpg 1536w, \/wp-content\/uploads\/sites\/5\/2018\/07\/traslado-camip-barranquilla-derechohabientes-igss-2018-4-2048x1365.jpg 2048w, \/wp-content\/uploads\/sites\/5\/2018\/07\/traslado-camip-barranquilla-derechohabientes-igss-2018-4-300x200.jpg 300w, \/wp-content\/uploads\/sites\/5\/2018\/07\/traslado-camip-barranquilla-derechohabientes-igss-2018-4-768x512.jpg 768w, \/wp-content\/uploads\/sites\/5\/2018\/07\/traslado-camip-barranquilla-derechohabientes-igss-2018-4-1024x683.jpg 1024w, \/wp-content\/uploads\/sites\/5\/2018\/07\/traslado-camip-barranquilla-derechohabientes-igss-2018-4-696x464.jpg 696w, \/wp-content\/uploads\/sites\/5\/2018\/07\/traslado-camip-barranquilla-derechohabientes-igss-2018-4-1068x712.jpg 1068w, \/wp-content\/uploads\/sites\/5\/2018\/07\/traslado-camip-barranquilla-derechohabientes-igss-2018-4-534x356.jpg 534w, \/wp-content\/uploads\/sites\/5\/2018\/07\/traslado-camip-barranquilla-derechohabientes-igss-2018-4-1920x1280.jpg 1920w\" sizes=\"(max-width: 630px) 100vw, 630px\" alt=\"\">\r\n                            <\/a>\r\n                            \r\n                        <\/figure>\r\n                    <\/div>\r\n                    <div class = \"td-slide-item td-item10\">\r\n                        <figure class=\"td-slide-galery-figure td-slide-popup-gallery\">\r\n                            <a class=\"slide-gallery-image-link\" href=\"\/wp-content\/uploads\/sites\/5\/2018\/07\/traslado-camip-barranquilla-derechohabientes-igss-2018-5-scaled.jpg\" title=\"traslado camip barranquilla derechohabientes igss 2018-5\"  data-caption=\"\"  data-description=\"\">\r\n                                <img decoding=\"async\" src=\"\/wp-content\/uploads\/sites\/5\/2018\/07\/traslado-camip-barranquilla-derechohabientes-igss-2018-5-630x420.jpg\" srcset=\"\/wp-content\/uploads\/sites\/5\/2018\/07\/traslado-camip-barranquilla-derechohabientes-igss-2018-5-630x420.jpg 630w, \/wp-content\/uploads\/sites\/5\/2018\/07\/traslado-camip-barranquilla-derechohabientes-igss-2018-5-1536x1024.jpg 1536w, \/wp-content\/uploads\/sites\/5\/2018\/07\/traslado-camip-barranquilla-derechohabientes-igss-2018-5-2048x1365.jpg 2048w, \/wp-content\/uploads\/sites\/5\/2018\/07\/traslado-camip-barranquilla-derechohabientes-igss-2018-5-300x200.jpg 300w, \/wp-content\/uploads\/sites\/5\/2018\/07\/traslado-camip-barranquilla-derechohabientes-igss-2018-5-768x512.jpg 768w, \/wp-content\/uploads\/sites\/5\/2018\/07\/traslado-camip-barranquilla-derechohabientes-igss-2018-5-1024x683.jpg 1024w, \/wp-content\/uploads\/sites\/5\/2018\/07\/traslado-camip-barranquilla-derechohabientes-igss-2018-5-696x464.jpg 696w, \/wp-content\/uploads\/sites\/5\/2018\/07\/traslado-camip-barranquilla-derechohabientes-igss-2018-5-1068x712.jpg 1068w, \/wp-content\/uploads\/sites\/5\/2018\/07\/traslado-camip-barranquilla-derechohabientes-igss-2018-5-534x356.jpg 534w, \/wp-content\/uploads\/sites\/5\/2018\/07\/traslado-camip-barranquilla-derechohabientes-igss-2018-5-1920x1280.jpg 1920w\" sizes=\"(max-width: 630px) 100vw, 630px\" alt=\"\">\r\n                            <\/a>\r\n                            \r\n                        <\/figure>\r\n                    <\/div>\r\n                    <div class = \"td-slide-item td-item11\">\r\n                        <figure class=\"td-slide-galery-figure td-slide-popup-gallery\">\r\n                            <a class=\"slide-gallery-image-link\" href=\"\/wp-content\/uploads\/sites\/5\/2018\/07\/traslado-camip-barranquilla-derechohabientes-igss-2018-6-scaled.jpg\" title=\"traslado camip barranquilla derechohabientes igss 2018-6\"  data-caption=\"\"  data-description=\"\">\r\n                                <img decoding=\"async\" src=\"\/wp-content\/uploads\/sites\/5\/2018\/07\/traslado-camip-barranquilla-derechohabientes-igss-2018-6-630x420.jpg\" srcset=\"\/wp-content\/uploads\/sites\/5\/2018\/07\/traslado-camip-barranquilla-derechohabientes-igss-2018-6-630x420.jpg 630w, \/wp-content\/uploads\/sites\/5\/2018\/07\/traslado-camip-barranquilla-derechohabientes-igss-2018-6-1536x1024.jpg 1536w, \/wp-content\/uploads\/sites\/5\/2018\/07\/traslado-camip-barranquilla-derechohabientes-igss-2018-6-2048x1365.jpg 2048w, \/wp-content\/uploads\/sites\/5\/2018\/07\/traslado-camip-barranquilla-derechohabientes-igss-2018-6-300x200.jpg 300w, \/wp-content\/uploads\/sites\/5\/2018\/07\/traslado-camip-barranquilla-derechohabientes-igss-2018-6-768x512.jpg 768w, \/wp-content\/uploads\/sites\/5\/2018\/07\/traslado-camip-barranquilla-derechohabientes-igss-2018-6-1024x683.jpg 1024w, \/wp-content\/uploads\/sites\/5\/2018\/07\/traslado-camip-barranquilla-derechohabientes-igss-2018-6-696x464.jpg 696w, \/wp-content\/uploads\/sites\/5\/2018\/07\/traslado-camip-barranquilla-derechohabientes-igss-2018-6-1068x712.jpg 1068w, \/wp-content\/uploads\/sites\/5\/2018\/07\/traslado-camip-barranquilla-derechohabientes-igss-2018-6-534x356.jpg 534w, \/wp-content\/uploads\/sites\/5\/2018\/07\/traslado-camip-barranquilla-derechohabientes-igss-2018-6-1920x1280.jpg 1920w\" sizes=\"(max-width: 630px) 100vw, 630px\" alt=\"\">\r\n                            <\/a>\r\n                            \r\n                        <\/figure>\r\n                    <\/div>\r\n                    <div class = \"td-slide-item td-item12\">\r\n                        <figure class=\"td-slide-galery-figure td-slide-popup-gallery\">\r\n                            <a class=\"slide-gallery-image-link\" href=\"\/wp-content\/uploads\/sites\/5\/2018\/07\/traslado-camip-barranquilla-derechohabientes-igss-2018-7-scaled.jpg\" title=\"traslado camip barranquilla derechohabientes igss 2018-7\"  data-caption=\"\"  data-description=\"\">\r\n                                <img decoding=\"async\" src=\"\/wp-content\/uploads\/sites\/5\/2018\/07\/traslado-camip-barranquilla-derechohabientes-igss-2018-7-630x420.jpg\" srcset=\"\/wp-content\/uploads\/sites\/5\/2018\/07\/traslado-camip-barranquilla-derechohabientes-igss-2018-7-630x420.jpg 630w, \/wp-content\/uploads\/sites\/5\/2018\/07\/traslado-camip-barranquilla-derechohabientes-igss-2018-7-1536x1024.jpg 1536w, \/wp-content\/uploads\/sites\/5\/2018\/07\/traslado-camip-barranquilla-derechohabientes-igss-2018-7-2048x1365.jpg 2048w, \/wp-content\/uploads\/sites\/5\/2018\/07\/traslado-camip-barranquilla-derechohabientes-igss-2018-7-300x200.jpg 300w, \/wp-content\/uploads\/sites\/5\/2018\/07\/traslado-camip-barranquilla-derechohabientes-igss-2018-7-768x512.jpg 768w, \/wp-content\/uploads\/sites\/5\/2018\/07\/traslado-camip-barranquilla-derechohabientes-igss-2018-7-1024x683.jpg 1024w, \/wp-content\/uploads\/sites\/5\/2018\/07\/traslado-camip-barranquilla-derechohabientes-igss-2018-7-696x464.jpg 696w, \/wp-content\/uploads\/sites\/5\/2018\/07\/traslado-camip-barranquilla-derechohabientes-igss-2018-7-1068x712.jpg 1068w, \/wp-content\/uploads\/sites\/5\/2018\/07\/traslado-camip-barranquilla-derechohabientes-igss-2018-7-534x356.jpg 534w, \/wp-content\/uploads\/sites\/5\/2018\/07\/traslado-camip-barranquilla-derechohabientes-igss-2018-7-1920x1280.jpg 1920w\" sizes=\"(max-width: 630px) 100vw, 630px\" alt=\"\">\r\n                            <\/a>\r\n                            \r\n                        <\/figure>\r\n                    <\/div>\r\n                    <div class = \"td-slide-item td-item13\">\r\n                        <figure class=\"td-slide-galery-figure td-slide-popup-gallery\">\r\n                            <a class=\"slide-gallery-image-link\" href=\"\/wp-content\/uploads\/sites\/5\/2018\/07\/traslado-camip-barranquilla-derechohabientes-igss-2018-8-scaled.jpg\" title=\"traslado camip barranquilla derechohabientes igss 2018-8\"  data-caption=\"\"  data-description=\"\">\r\n                                <img decoding=\"async\" src=\"\/wp-content\/uploads\/sites\/5\/2018\/07\/traslado-camip-barranquilla-derechohabientes-igss-2018-8-630x420.jpg\" srcset=\"\/wp-content\/uploads\/sites\/5\/2018\/07\/traslado-camip-barranquilla-derechohabientes-igss-2018-8-630x420.jpg 630w, \/wp-content\/uploads\/sites\/5\/2018\/07\/traslado-camip-barranquilla-derechohabientes-igss-2018-8-1536x1024.jpg 1536w, \/wp-content\/uploads\/sites\/5\/2018\/07\/traslado-camip-barranquilla-derechohabientes-igss-2018-8-2048x1365.jpg 2048w, \/wp-content\/uploads\/sites\/5\/2018\/07\/traslado-camip-barranquilla-derechohabientes-igss-2018-8-300x200.jpg 300w, \/wp-content\/uploads\/sites\/5\/2018\/07\/traslado-camip-barranquilla-derechohabientes-igss-2018-8-768x512.jpg 768w, \/wp-content\/uploads\/sites\/5\/2018\/07\/traslado-camip-barranquilla-derechohabientes-igss-2018-8-1024x683.jpg 1024w, \/wp-content\/uploads\/sites\/5\/2018\/07\/traslado-camip-barranquilla-derechohabientes-igss-2018-8-696x464.jpg 696w, \/wp-content\/uploads\/sites\/5\/2018\/07\/traslado-camip-barranquilla-derechohabientes-igss-2018-8-1068x712.jpg 1068w, \/wp-content\/uploads\/sites\/5\/2018\/07\/traslado-camip-barranquilla-derechohabientes-igss-2018-8-534x356.jpg 534w, \/wp-content\/uploads\/sites\/5\/2018\/07\/traslado-camip-barranquilla-derechohabientes-igss-2018-8-1920x1280.jpg 1920w\" sizes=\"(max-width: 630px) 100vw, 630px\" alt=\"\">\r\n                            <\/a>\r\n                            \r\n                        <\/figure>\r\n                    <\/div>\r\n                    <div class = \"td-slide-item td-item14\">\r\n                        <figure class=\"td-slide-galery-figure td-slide-popup-gallery\">\r\n                            <a class=\"slide-gallery-image-link\" href=\"\/wp-content\/uploads\/sites\/5\/2018\/07\/traslado-camip-barranquilla-derechohabientes-igss-2018-9-scaled.jpg\" title=\"traslado camip barranquilla derechohabientes igss 2018-9\"  data-caption=\"\"  data-description=\"\">\r\n                                <img decoding=\"async\" src=\"\/wp-content\/uploads\/sites\/5\/2018\/07\/traslado-camip-barranquilla-derechohabientes-igss-2018-9-630x420.jpg\" srcset=\"\/wp-content\/uploads\/sites\/5\/2018\/07\/traslado-camip-barranquilla-derechohabientes-igss-2018-9-630x420.jpg 630w, \/wp-content\/uploads\/sites\/5\/2018\/07\/traslado-camip-barranquilla-derechohabientes-igss-2018-9-1536x1024.jpg 1536w, \/wp-content\/uploads\/sites\/5\/2018\/07\/traslado-camip-barranquilla-derechohabientes-igss-2018-9-2048x1365.jpg 2048w, \/wp-content\/uploads\/sites\/5\/2018\/07\/traslado-camip-barranquilla-derechohabientes-igss-2018-9-300x200.jpg 300w, \/wp-content\/uploads\/sites\/5\/2018\/07\/traslado-camip-barranquilla-derechohabientes-igss-2018-9-768x512.jpg 768w, \/wp-content\/uploads\/sites\/5\/2018\/07\/traslado-camip-barranquilla-derechohabientes-igss-2018-9-1024x683.jpg 1024w, \/wp-content\/uploads\/sites\/5\/2018\/07\/traslado-camip-barranquilla-derechohabientes-igss-2018-9-696x464.jpg 696w, \/wp-content\/uploads\/sites\/5\/2018\/07\/traslado-camip-barranquilla-derechohabientes-igss-2018-9-1068x712.jpg 1068w, \/wp-content\/uploads\/sites\/5\/2018\/07\/traslado-camip-barranquilla-derechohabientes-igss-2018-9-534x356.jpg 534w, \/wp-content\/uploads\/sites\/5\/2018\/07\/traslado-camip-barranquilla-derechohabientes-igss-2018-9-1920x1280.jpg 1920w\" sizes=\"(max-width: 630px) 100vw, 630px\" alt=\"\">\r\n                            <\/a>\r\n                            \r\n                        <\/figure>\r\n                    <\/div>\r\n                    <div class = \"td-slide-item td-item15\">\r\n                        <figure class=\"td-slide-galery-figure td-slide-popup-gallery\">\r\n                            <a class=\"slide-gallery-image-link\" href=\"\/wp-content\/uploads\/sites\/5\/2018\/07\/traslado-camip-barranquilla-derechohabientes-igss-2018-10-scaled.jpg\" title=\"traslado camip barranquilla derechohabientes igss 2018-10\"  data-caption=\"\"  data-description=\"\">\r\n                                <img decoding=\"async\" src=\"\/wp-content\/uploads\/sites\/5\/2018\/07\/traslado-camip-barranquilla-derechohabientes-igss-2018-10-630x420.jpg\" srcset=\"\/wp-content\/uploads\/sites\/5\/2018\/07\/traslado-camip-barranquilla-derechohabientes-igss-2018-10-630x420.jpg 630w, \/wp-content\/uploads\/sites\/5\/2018\/07\/traslado-camip-barranquilla-derechohabientes-igss-2018-10-1536x1024.jpg 1536w, \/wp-content\/uploads\/sites\/5\/2018\/07\/traslado-camip-barranquilla-derechohabientes-igss-2018-10-2048x1365.jpg 2048w, \/wp-content\/uploads\/sites\/5\/2018\/07\/traslado-camip-barranquilla-derechohabientes-igss-2018-10-300x200.jpg 300w, \/wp-content\/uploads\/sites\/5\/2018\/07\/traslado-camip-barranquilla-derechohabientes-igss-2018-10-768x512.jpg 768w, \/wp-content\/uploads\/sites\/5\/2018\/07\/traslado-camip-barranquilla-derechohabientes-igss-2018-10-1024x683.jpg 1024w, \/wp-content\/uploads\/sites\/5\/2018\/07\/traslado-camip-barranquilla-derechohabientes-igss-2018-10-696x464.jpg 696w, \/wp-content\/uploads\/sites\/5\/2018\/07\/traslado-camip-barranquilla-derechohabientes-igss-2018-10-1068x712.jpg 1068w, \/wp-content\/uploads\/sites\/5\/2018\/07\/traslado-camip-barranquilla-derechohabientes-igss-2018-10-534x356.jpg 534w, \/wp-content\/uploads\/sites\/5\/2018\/07\/traslado-camip-barranquilla-derechohabientes-igss-2018-10-1920x1280.jpg 1920w\" sizes=\"(max-width: 630px) 100vw, 630px\" alt=\"\">\r\n                            <\/a>\r\n                            \r\n                        <\/figure>\r\n                    <\/div>\r\n                    <div class = \"td-slide-item td-item16\">\r\n                        <figure class=\"td-slide-galery-figure td-slide-popup-gallery\">\r\n                            <a class=\"slide-gallery-image-link\" href=\"\/wp-content\/uploads\/sites\/5\/2018\/07\/traslado-camip-barranquilla-derechohabientes-igss-2018-11-scaled.jpg\" title=\"traslado camip barranquilla derechohabientes igss 2018-11\"  data-caption=\"\"  data-description=\"\">\r\n                                <img decoding=\"async\" src=\"\/wp-content\/uploads\/sites\/5\/2018\/07\/traslado-camip-barranquilla-derechohabientes-igss-2018-11-630x420.jpg\" srcset=\"\/wp-content\/uploads\/sites\/5\/2018\/07\/traslado-camip-barranquilla-derechohabientes-igss-2018-11-630x420.jpg 630w, \/wp-content\/uploads\/sites\/5\/2018\/07\/traslado-camip-barranquilla-derechohabientes-igss-2018-11-1536x1024.jpg 1536w, \/wp-content\/uploads\/sites\/5\/2018\/07\/traslado-camip-barranquilla-derechohabientes-igss-2018-11-2048x1365.jpg 2048w, \/wp-content\/uploads\/sites\/5\/2018\/07\/traslado-camip-barranquilla-derechohabientes-igss-2018-11-300x200.jpg 300w, \/wp-content\/uploads\/sites\/5\/2018\/07\/traslado-camip-barranquilla-derechohabientes-igss-2018-11-768x512.jpg 768w, \/wp-content\/uploads\/sites\/5\/2018\/07\/traslado-camip-barranquilla-derechohabientes-igss-2018-11-1024x683.jpg 1024w, \/wp-content\/uploads\/sites\/5\/2018\/07\/traslado-camip-barranquilla-derechohabientes-igss-2018-11-696x464.jpg 696w, \/wp-content\/uploads\/sites\/5\/2018\/07\/traslado-camip-barranquilla-derechohabientes-igss-2018-11-1068x712.jpg 1068w, \/wp-content\/uploads\/sites\/5\/2018\/07\/traslado-camip-barranquilla-derechohabientes-igss-2018-11-534x356.jpg 534w\" sizes=\"(max-width: 630px) 100vw, 630px\" alt=\"\">\r\n                            <\/a>\r\n                            \r\n                        <\/figure>\r\n                    <\/div>\r\n                            <\/div>\r\n                        <\/div>\r\n\r\n                        <div class = \"td-doubleSlider-2\">\r\n                            <div class = \"td-slider\">\r\n                                \r\n                    <div class = \"td-button td-item1\">\r\n                        <div class = \"td-border\"><\/div>\r\n                    <\/div>\r\n                    <div class = \"td-button td-item2\">\r\n                        <div class = \"td-border\"><\/div>\r\n                    <\/div>\r\n                    <div class = \"td-button td-item3\">\r\n                        <div class = \"td-border\"><\/div>\r\n                    <\/div>\r\n                    <div class = \"td-button td-item4\">\r\n                        <div class = \"td-border\"><\/div>\r\n                    <\/div>\r\n                    <div class = \"td-button td-item5\">\r\n                        <div class = \"td-border\"><\/div>\r\n                    <\/div>\r\n                    <div class = \"td-button td-item6\">\r\n                        <div class = \"td-border\"><\/div>\r\n                    <\/div>\r\n                    <div class = \"td-button td-item7\">\r\n                        <div class = \"td-border\"><\/div>\r\n                    <\/div>\r\n                    <div class = \"td-button td-item8\">\r\n                        <div class = \"td-border\"><\/div>\r\n                    <\/div>\r\n                    <div class = \"td-button td-item9\">\r\n                        <div class = \"td-border\"><\/div>\r\n                    <\/div>\r\n                    <div class = \"td-button td-item10\">\r\n                        <div class = \"td-border\"><\/div>\r\n                    <\/div>\r\n                    <div class = \"td-button td-item11\">\r\n                        <div class = \"td-border\"><\/div>\r\n                    <\/div>\r\n                    <div class = \"td-button td-item12\">\r\n                        <div class = \"td-border\"><\/div>\r\n                    <\/div>\r\n                    <div class = \"td-button td-item13\">\r\n                        <div class = \"td-border\"><\/div>\r\n                    <\/div>\r\n                    <div class = \"td-button td-item14\">\r\n                        <div class = \"td-border\"><\/div>\r\n                    <\/div>\r\n                    <div class = \"td-button td-item15\">\r\n                        <div class = \"td-border\"><\/div>\r\n                    <\/div>\r\n                    <div class = \"td-button td-item16\">\r\n                        <div class = \"td-border\"><\/div>\r\n                    <\/div>\r\n                            <\/div>\r\n                        <\/div>\r\n\r\n                    <\/div>\r\n\r\n                <\/div>\r\n                \n<hr \/>\n<p>&nbsp;<\/p>\n","protected":false},"excerpt":{"rendered":"<p>Para atender a los 4 mil pacientes en proceso de traslado, m\u00e1s los 23 mil con los que ya contaba, el Centro de Atenci\u00f3n M\u00e9dico Integral para Pensionados (CAMIP) Barranquilla, se ampliaron\u00a0de 15 a 21 las cl\u00ednicas de enfermedad com\u00fan y se aumentaron\u00a080 plazas tanto del \u00e1rea m\u00e9dica como enfermer\u00eda y farmacia, explic\u00f3 el doctor [&hellip;]<\/p>\n","protected":false},"author":4,"featured_media":5671,"comment_status":"open","ping_status":"open","sticky":false,"template":"","format":"standard","meta":{"footnotes":""},"categories":[3,8,20,25],"tags":[146,148,269],"coauthors":[],"class_list":{"0":"post-5669","1":"post","2":"type-post","3":"status-publish","4":"format-standard","5":"has-post-thumbnail","7":"category-actualidad","8":"category-camip","9":"category-jubilados","10":"category-pensionados","11":"tag-camip","12":"tag-camip-barranquilla","13":"tag-dr-byron-romero"},"_links":{"self":[{"href":"https:\/\/www.igssgt.org\/noticias\/wp-json\/wp\/v2\/posts\/5669","targetHints":{"allow":["GET"]}}],"collection":[{"href":"https:\/\/www.igssgt.org\/noticias\/wp-json\/wp\/v2\/posts"}],"about":[{"href":"https:\/\/www.igssgt.org\/noticias\/wp-json\/wp\/v2\/types\/post"}],"author":[{"embeddable":true,"href":"https:\/\/www.igssgt.org\/noticias\/wp-json\/wp\/v2\/users\/4"}],"replies":[{"embeddable":true,"href":"https:\/\/www.igssgt.org\/noticias\/wp-json\/wp\/v2\/comments?post=5669"}],"version-history":[{"count":0,"href":"https:\/\/www.igssgt.org\/noticias\/wp-json\/wp\/v2\/posts\/5669\/revisions"}],"wp:featuredmedia":[{"embeddable":true,"href":"https:\/\/www.igssgt.org\/noticias\/wp-json\/wp\/v2\/media\/5671"}],"wp:attachment":[{"href":"https:\/\/www.igssgt.org\/noticias\/wp-json\/wp\/v2\/media?parent=5669"}],"wp:term":[{"taxonomy":"category","embeddable":true,"href":"https:\/\/www.igssgt.org\/noticias\/wp-json\/wp\/v2\/categories?post=5669"},{"taxonomy":"post_tag","embeddable":true,"href":"https:\/\/www.igssgt.org\/noticias\/wp-json\/wp\/v2\/tags?post=5669"},{"taxonomy":"author","embeddable":true,"href":"https:\/\/www.igssgt.org\/noticias\/wp-json\/wp\/v2\/coauthors?post=5669"}],"curies":[{"name":"wp","href":"https:\/\/api.w.org\/{rel}","templated":true}]}}