{"id":5741,"date":"2018-07-12T16:11:34","date_gmt":"2018-07-12T22:11:34","guid":{"rendered":"http:\/\/noticias.igssgt.org\/?p=5741"},"modified":"2018-07-12T16:11:34","modified_gmt":"2018-07-12T22:11:34","slug":"inauguran-el-ii-congreso-de-salud-y-seguridad-ocupacional","status":"publish","type":"post","link":"https:\/\/www.igssgt.org\/noticias\/2018\/07\/12\/inauguran-el-ii-congreso-de-salud-y-seguridad-ocupacional\/","title":{"rendered":"Inauguran el II Congreso de Salud y Seguridad Ocupacional"},"content":{"rendered":"<p>Autoridades del Instituto Guatemalteco de Seguridad \u00a0Social (IGSS) y del Ministerio de Trabajo, as\u00ed como representantes de distintas empresas constructoras, participan en el II Congreso de Salud y Seguridad Ocupacional organizado por la C\u00e1mara Guatemalteca de la Construcci\u00f3n, el cual fue inaugurado hoy.<\/p>\n<p>Con esta actividad se busca resaltar la importancia e implementaci\u00f3n de los contenidos de la Ley y Reglamento de Salud y Seguridad Ocupacional, que impulsa la prevenci\u00f3n y protecci\u00f3n de la vida, salud e integridad de los trabajadores.<\/p>\n<p>En el desarrollo de este congreso expertos disertar\u00e1n temas como El cumplimiento de este reglamento dentro de los proyectos de construcci\u00f3n; C\u00f3mo implementar dentro de sus proyectos el reglamento 229-2014 y sus reformas 33-2016, y La conformaci\u00f3n de brigadas dentro de los proyectos de construcci\u00f3n y trabajos de alto riesgo en la rama de la construcci\u00f3n.<\/p>\n<p>En este congreso, que concluye ma\u00f1ana viernes, tambi\u00e9n fue instalada una exposici\u00f3n y venta de art\u00edculos y accesorios, que deben ser utilizados por los trabajadores no solo para cumplir con el contenido de esta norma legal sino fundamentalmente para prevenir accidentes y fomentar un ambiente seguro en las \u00e1reas de trabajo.<\/p>\n\r\n                <style type=\"text\/css\">\r\n                    \r\n                    #tdi_1  .td-doubleSlider-2 .td-item1 {\r\n                        background: url(\/wp-content\/uploads\/sites\/5\/2018\/07\/Segundo-Congreso-de-Saludy-y-Seguridad-Ocupacional-camara-guatemalteca-de-la-construccion-2018-1-80x60.jpg) 0 0 no-repeat;\r\n                    }\r\n                    #tdi_1  .td-doubleSlider-2 .td-item2 {\r\n                        background: url(\/wp-content\/uploads\/sites\/5\/2018\/07\/Segundo-Congreso-de-Saludy-y-Seguridad-Ocupacional-camara-guatemalteca-de-la-construccion-2018-2-80x60.jpg) 0 0 no-repeat;\r\n                    }\r\n                    #tdi_1  .td-doubleSlider-2 .td-item3 {\r\n                        background: url(\/wp-content\/uploads\/sites\/5\/2018\/07\/Segundo-Congreso-de-Saludy-y-Seguridad-Ocupacional-camara-guatemalteca-de-la-construccion-2018-3-80x60.jpg) 0 0 no-repeat;\r\n                    }\r\n                    #tdi_1  .td-doubleSlider-2 .td-item4 {\r\n                        background: url(\/wp-content\/uploads\/sites\/5\/2018\/07\/Segundo-Congreso-de-Saludy-y-Seguridad-Ocupacional-camara-guatemalteca-de-la-construccion-2018-4-80x60.jpg) 0 0 no-repeat;\r\n                    }\r\n                    #tdi_1  .td-doubleSlider-2 .td-item5 {\r\n                        background: url(\/wp-content\/uploads\/sites\/5\/2018\/07\/Segundo-Congreso-de-Saludy-y-Seguridad-Ocupacional-camara-guatemalteca-de-la-construccion-2018-5-80x60.jpg) 0 0 no-repeat;\r\n                    }\r\n                    #tdi_1  .td-doubleSlider-2 .td-item6 {\r\n                        background: url(\/wp-content\/uploads\/sites\/5\/2018\/07\/Segundo-Congreso-de-Saludy-y-Seguridad-Ocupacional-camara-guatemalteca-de-la-construccion-2018-6-80x60.jpg) 0 0 no-repeat;\r\n                    }\r\n                <\/style>\r\n\r\n                <div id=\"tdi_1\" class=\"td-gallery td-slide-on-2-columns\">\r\n                    <div class=\"post_td_gallery\">\r\n                        <div class=\"td-gallery-slide-top\">\r\n                           <div class=\"td-gallery-title\"><\/div>\r\n\r\n                            <div class=\"td-gallery-controls-wrapper\">\r\n                                <div class=\"td-gallery-slide-count\"><span class=\"td-gallery-slide-item-focus\">1<\/span> de 6<\/div>\r\n                                <div class=\"td-gallery-slide-prev-next-but\">\r\n                                    <i class = \"td-icon-left doubleSliderPrevButton\"><\/i>\r\n                                    <i class = \"td-icon-right doubleSliderNextButton\"><\/i>\r\n                                <\/div>\r\n                            <\/div>\r\n                        <\/div>\r\n\r\n                        <div class = \"td-doubleSlider-1 \">\r\n                            <div class = \"td-slider\">\r\n                                \r\n                    <div class = \"td-slide-item td-item1\">\r\n                        <figure class=\"td-slide-galery-figure td-slide-popup-gallery\">\r\n                            <a class=\"slide-gallery-image-link\" href=\"\/wp-content\/uploads\/sites\/5\/2018\/07\/Segundo-Congreso-de-Saludy-y-Seguridad-Ocupacional-camara-guatemalteca-de-la-construccion-2018-1.jpg\" title=\"Segundo Congreso de Saludy y Seguridad Ocupacional camara guatemalteca de la construccion 2018-1\"  data-caption=\"\"  data-description=\"\">\r\n                                <img decoding=\"async\" src=\"\/wp-content\/uploads\/sites\/5\/2018\/07\/Segundo-Congreso-de-Saludy-y-Seguridad-Ocupacional-camara-guatemalteca-de-la-construccion-2018-1-630x420.jpg\" srcset=\"\/wp-content\/uploads\/sites\/5\/2018\/07\/Segundo-Congreso-de-Saludy-y-Seguridad-Ocupacional-camara-guatemalteca-de-la-construccion-2018-1-630x420.jpg 630w, \/wp-content\/uploads\/sites\/5\/2018\/07\/Segundo-Congreso-de-Saludy-y-Seguridad-Ocupacional-camara-guatemalteca-de-la-construccion-2018-1-1536x1024.jpg 1536w, \/wp-content\/uploads\/sites\/5\/2018\/07\/Segundo-Congreso-de-Saludy-y-Seguridad-Ocupacional-camara-guatemalteca-de-la-construccion-2018-1-300x200.jpg 300w, \/wp-content\/uploads\/sites\/5\/2018\/07\/Segundo-Congreso-de-Saludy-y-Seguridad-Ocupacional-camara-guatemalteca-de-la-construccion-2018-1-768x512.jpg 768w, \/wp-content\/uploads\/sites\/5\/2018\/07\/Segundo-Congreso-de-Saludy-y-Seguridad-Ocupacional-camara-guatemalteca-de-la-construccion-2018-1-1024x682.jpg 1024w, \/wp-content\/uploads\/sites\/5\/2018\/07\/Segundo-Congreso-de-Saludy-y-Seguridad-Ocupacional-camara-guatemalteca-de-la-construccion-2018-1-696x464.jpg 696w, \/wp-content\/uploads\/sites\/5\/2018\/07\/Segundo-Congreso-de-Saludy-y-Seguridad-Ocupacional-camara-guatemalteca-de-la-construccion-2018-1-1068x712.jpg 1068w, \/wp-content\/uploads\/sites\/5\/2018\/07\/Segundo-Congreso-de-Saludy-y-Seguridad-Ocupacional-camara-guatemalteca-de-la-construccion-2018-1-534x356.jpg 534w, \/wp-content\/uploads\/sites\/5\/2018\/07\/Segundo-Congreso-de-Saludy-y-Seguridad-Ocupacional-camara-guatemalteca-de-la-construccion-2018-1-1920x1280.jpg 1920w, \/wp-content\/uploads\/sites\/5\/2018\/07\/Segundo-Congreso-de-Saludy-y-Seguridad-Ocupacional-camara-guatemalteca-de-la-construccion-2018-1.jpg 2000w\" sizes=\"(max-width: 630px) 100vw, 630px\" alt=\"\">\r\n                            <\/a>\r\n                            \r\n                        <\/figure>\r\n                    <\/div>\r\n                    <div class = \"td-slide-item td-item2\">\r\n                        <figure class=\"td-slide-galery-figure td-slide-popup-gallery\">\r\n                            <a class=\"slide-gallery-image-link\" href=\"\/wp-content\/uploads\/sites\/5\/2018\/07\/Segundo-Congreso-de-Saludy-y-Seguridad-Ocupacional-camara-guatemalteca-de-la-construccion-2018-2.jpg\" title=\"Segundo Congreso de Saludy y Seguridad Ocupacional camara guatemalteca de la construccion 2018-2\"  data-caption=\"\"  data-description=\"\">\r\n                                <img decoding=\"async\" src=\"\/wp-content\/uploads\/sites\/5\/2018\/07\/Segundo-Congreso-de-Saludy-y-Seguridad-Ocupacional-camara-guatemalteca-de-la-construccion-2018-2-630x420.jpg\" srcset=\"\/wp-content\/uploads\/sites\/5\/2018\/07\/Segundo-Congreso-de-Saludy-y-Seguridad-Ocupacional-camara-guatemalteca-de-la-construccion-2018-2-630x420.jpg 630w, \/wp-content\/uploads\/sites\/5\/2018\/07\/Segundo-Congreso-de-Saludy-y-Seguridad-Ocupacional-camara-guatemalteca-de-la-construccion-2018-2-1536x1024.jpg 1536w, \/wp-content\/uploads\/sites\/5\/2018\/07\/Segundo-Congreso-de-Saludy-y-Seguridad-Ocupacional-camara-guatemalteca-de-la-construccion-2018-2-300x200.jpg 300w, \/wp-content\/uploads\/sites\/5\/2018\/07\/Segundo-Congreso-de-Saludy-y-Seguridad-Ocupacional-camara-guatemalteca-de-la-construccion-2018-2-768x512.jpg 768w, \/wp-content\/uploads\/sites\/5\/2018\/07\/Segundo-Congreso-de-Saludy-y-Seguridad-Ocupacional-camara-guatemalteca-de-la-construccion-2018-2-1024x682.jpg 1024w, \/wp-content\/uploads\/sites\/5\/2018\/07\/Segundo-Congreso-de-Saludy-y-Seguridad-Ocupacional-camara-guatemalteca-de-la-construccion-2018-2-696x464.jpg 696w, \/wp-content\/uploads\/sites\/5\/2018\/07\/Segundo-Congreso-de-Saludy-y-Seguridad-Ocupacional-camara-guatemalteca-de-la-construccion-2018-2-1068x712.jpg 1068w, \/wp-content\/uploads\/sites\/5\/2018\/07\/Segundo-Congreso-de-Saludy-y-Seguridad-Ocupacional-camara-guatemalteca-de-la-construccion-2018-2-534x356.jpg 534w, \/wp-content\/uploads\/sites\/5\/2018\/07\/Segundo-Congreso-de-Saludy-y-Seguridad-Ocupacional-camara-guatemalteca-de-la-construccion-2018-2-1920x1280.jpg 1920w, \/wp-content\/uploads\/sites\/5\/2018\/07\/Segundo-Congreso-de-Saludy-y-Seguridad-Ocupacional-camara-guatemalteca-de-la-construccion-2018-2.jpg 2000w\" sizes=\"(max-width: 630px) 100vw, 630px\" alt=\"\">\r\n                            <\/a>\r\n                            \r\n                        <\/figure>\r\n                    <\/div>\r\n                    <div class = \"td-slide-item td-item3\">\r\n                        <figure class=\"td-slide-galery-figure td-slide-popup-gallery\">\r\n                            <a class=\"slide-gallery-image-link\" href=\"\/wp-content\/uploads\/sites\/5\/2018\/07\/Segundo-Congreso-de-Saludy-y-Seguridad-Ocupacional-camara-guatemalteca-de-la-construccion-2018-3.jpg\" title=\"Segundo Congreso de Saludy y Seguridad Ocupacional camara guatemalteca de la construccion 2018-3\"  data-caption=\"\"  data-description=\"\">\r\n                                <img decoding=\"async\" src=\"\/wp-content\/uploads\/sites\/5\/2018\/07\/Segundo-Congreso-de-Saludy-y-Seguridad-Ocupacional-camara-guatemalteca-de-la-construccion-2018-3-280x420.jpg\" srcset=\"\/wp-content\/uploads\/sites\/5\/2018\/07\/Segundo-Congreso-de-Saludy-y-Seguridad-Ocupacional-camara-guatemalteca-de-la-construccion-2018-3-280x420.jpg 280w, \/wp-content\/uploads\/sites\/5\/2018\/07\/Segundo-Congreso-de-Saludy-y-Seguridad-Ocupacional-camara-guatemalteca-de-la-construccion-2018-3-1024x1536.jpg 1024w, \/wp-content\/uploads\/sites\/5\/2018\/07\/Segundo-Congreso-de-Saludy-y-Seguridad-Ocupacional-camara-guatemalteca-de-la-construccion-2018-3-1365x2048.jpg 1365w, \/wp-content\/uploads\/sites\/5\/2018\/07\/Segundo-Congreso-de-Saludy-y-Seguridad-Ocupacional-camara-guatemalteca-de-la-construccion-2018-3-200x300.jpg 200w, \/wp-content\/uploads\/sites\/5\/2018\/07\/Segundo-Congreso-de-Saludy-y-Seguridad-Ocupacional-camara-guatemalteca-de-la-construccion-2018-3-768x1152.jpg 768w, \/wp-content\/uploads\/sites\/5\/2018\/07\/Segundo-Congreso-de-Saludy-y-Seguridad-Ocupacional-camara-guatemalteca-de-la-construccion-2018-3-683x1024.jpg 683w, \/wp-content\/uploads\/sites\/5\/2018\/07\/Segundo-Congreso-de-Saludy-y-Seguridad-Ocupacional-camara-guatemalteca-de-la-construccion-2018-3-696x1044.jpg 696w, \/wp-content\/uploads\/sites\/5\/2018\/07\/Segundo-Congreso-de-Saludy-y-Seguridad-Ocupacional-camara-guatemalteca-de-la-construccion-2018-3-1068x1602.jpg 1068w, \/wp-content\/uploads\/sites\/5\/2018\/07\/Segundo-Congreso-de-Saludy-y-Seguridad-Ocupacional-camara-guatemalteca-de-la-construccion-2018-3-308x462.jpg 308w, \/wp-content\/uploads\/sites\/5\/2018\/07\/Segundo-Congreso-de-Saludy-y-Seguridad-Ocupacional-camara-guatemalteca-de-la-construccion-2018-3.jpg 1600w\" sizes=\"(max-width: 280px) 100vw, 280px\" alt=\"\">\r\n                            <\/a>\r\n                            \r\n                        <\/figure>\r\n                    <\/div>\r\n                    <div class = \"td-slide-item td-item4\">\r\n                        <figure class=\"td-slide-galery-figure td-slide-popup-gallery\">\r\n                            <a class=\"slide-gallery-image-link\" href=\"\/wp-content\/uploads\/sites\/5\/2018\/07\/Segundo-Congreso-de-Saludy-y-Seguridad-Ocupacional-camara-guatemalteca-de-la-construccion-2018-4.jpg\" title=\"Segundo Congreso de Saludy y Seguridad Ocupacional camara guatemalteca de la construccion 2018-4\"  data-caption=\"\"  data-description=\"\">\r\n                                <img decoding=\"async\" src=\"\/wp-content\/uploads\/sites\/5\/2018\/07\/Segundo-Congreso-de-Saludy-y-Seguridad-Ocupacional-camara-guatemalteca-de-la-construccion-2018-4-630x420.jpg\" srcset=\"\/wp-content\/uploads\/sites\/5\/2018\/07\/Segundo-Congreso-de-Saludy-y-Seguridad-Ocupacional-camara-guatemalteca-de-la-construccion-2018-4-630x420.jpg 630w, \/wp-content\/uploads\/sites\/5\/2018\/07\/Segundo-Congreso-de-Saludy-y-Seguridad-Ocupacional-camara-guatemalteca-de-la-construccion-2018-4-1536x1024.jpg 1536w, \/wp-content\/uploads\/sites\/5\/2018\/07\/Segundo-Congreso-de-Saludy-y-Seguridad-Ocupacional-camara-guatemalteca-de-la-construccion-2018-4-300x200.jpg 300w, \/wp-content\/uploads\/sites\/5\/2018\/07\/Segundo-Congreso-de-Saludy-y-Seguridad-Ocupacional-camara-guatemalteca-de-la-construccion-2018-4-768x512.jpg 768w, \/wp-content\/uploads\/sites\/5\/2018\/07\/Segundo-Congreso-de-Saludy-y-Seguridad-Ocupacional-camara-guatemalteca-de-la-construccion-2018-4-1024x682.jpg 1024w, \/wp-content\/uploads\/sites\/5\/2018\/07\/Segundo-Congreso-de-Saludy-y-Seguridad-Ocupacional-camara-guatemalteca-de-la-construccion-2018-4-696x464.jpg 696w, \/wp-content\/uploads\/sites\/5\/2018\/07\/Segundo-Congreso-de-Saludy-y-Seguridad-Ocupacional-camara-guatemalteca-de-la-construccion-2018-4-1068x712.jpg 1068w, \/wp-content\/uploads\/sites\/5\/2018\/07\/Segundo-Congreso-de-Saludy-y-Seguridad-Ocupacional-camara-guatemalteca-de-la-construccion-2018-4-534x356.jpg 534w, \/wp-content\/uploads\/sites\/5\/2018\/07\/Segundo-Congreso-de-Saludy-y-Seguridad-Ocupacional-camara-guatemalteca-de-la-construccion-2018-4-1920x1280.jpg 1920w, \/wp-content\/uploads\/sites\/5\/2018\/07\/Segundo-Congreso-de-Saludy-y-Seguridad-Ocupacional-camara-guatemalteca-de-la-construccion-2018-4.jpg 2000w\" sizes=\"(max-width: 630px) 100vw, 630px\" alt=\"\">\r\n                            <\/a>\r\n                            \r\n                        <\/figure>\r\n                    <\/div>\r\n                    <div class = \"td-slide-item td-item5\">\r\n                        <figure class=\"td-slide-galery-figure td-slide-popup-gallery\">\r\n                            <a class=\"slide-gallery-image-link\" href=\"\/wp-content\/uploads\/sites\/5\/2018\/07\/Segundo-Congreso-de-Saludy-y-Seguridad-Ocupacional-camara-guatemalteca-de-la-construccion-2018-5.jpg\" title=\"Segundo Congreso de Saludy y Seguridad Ocupacional camara guatemalteca de la construccion 2018-5\"  data-caption=\"\"  data-description=\"\">\r\n                                <img decoding=\"async\" src=\"\/wp-content\/uploads\/sites\/5\/2018\/07\/Segundo-Congreso-de-Saludy-y-Seguridad-Ocupacional-camara-guatemalteca-de-la-construccion-2018-5-630x420.jpg\" srcset=\"\/wp-content\/uploads\/sites\/5\/2018\/07\/Segundo-Congreso-de-Saludy-y-Seguridad-Ocupacional-camara-guatemalteca-de-la-construccion-2018-5-630x420.jpg 630w, \/wp-content\/uploads\/sites\/5\/2018\/07\/Segundo-Congreso-de-Saludy-y-Seguridad-Ocupacional-camara-guatemalteca-de-la-construccion-2018-5-1536x1024.jpg 1536w, \/wp-content\/uploads\/sites\/5\/2018\/07\/Segundo-Congreso-de-Saludy-y-Seguridad-Ocupacional-camara-guatemalteca-de-la-construccion-2018-5-300x200.jpg 300w, \/wp-content\/uploads\/sites\/5\/2018\/07\/Segundo-Congreso-de-Saludy-y-Seguridad-Ocupacional-camara-guatemalteca-de-la-construccion-2018-5-768x512.jpg 768w, \/wp-content\/uploads\/sites\/5\/2018\/07\/Segundo-Congreso-de-Saludy-y-Seguridad-Ocupacional-camara-guatemalteca-de-la-construccion-2018-5-1024x682.jpg 1024w, \/wp-content\/uploads\/sites\/5\/2018\/07\/Segundo-Congreso-de-Saludy-y-Seguridad-Ocupacional-camara-guatemalteca-de-la-construccion-2018-5-696x464.jpg 696w, \/wp-content\/uploads\/sites\/5\/2018\/07\/Segundo-Congreso-de-Saludy-y-Seguridad-Ocupacional-camara-guatemalteca-de-la-construccion-2018-5-1068x712.jpg 1068w, \/wp-content\/uploads\/sites\/5\/2018\/07\/Segundo-Congreso-de-Saludy-y-Seguridad-Ocupacional-camara-guatemalteca-de-la-construccion-2018-5-534x356.jpg 534w, \/wp-content\/uploads\/sites\/5\/2018\/07\/Segundo-Congreso-de-Saludy-y-Seguridad-Ocupacional-camara-guatemalteca-de-la-construccion-2018-5.jpg 2000w\" sizes=\"(max-width: 630px) 100vw, 630px\" alt=\"\">\r\n                            <\/a>\r\n                            \r\n                        <\/figure>\r\n                    <\/div>\r\n                    <div class = \"td-slide-item td-item6\">\r\n                        <figure class=\"td-slide-galery-figure td-slide-popup-gallery\">\r\n                            <a class=\"slide-gallery-image-link\" href=\"\/wp-content\/uploads\/sites\/5\/2018\/07\/Segundo-Congreso-de-Saludy-y-Seguridad-Ocupacional-camara-guatemalteca-de-la-construccion-2018-6.jpg\" title=\"Segundo Congreso de Saludy y Seguridad Ocupacional camara guatemalteca de la construccion 2018-6\"  data-caption=\"\"  data-description=\"\">\r\n                                <img decoding=\"async\" src=\"\/wp-content\/uploads\/sites\/5\/2018\/07\/Segundo-Congreso-de-Saludy-y-Seguridad-Ocupacional-camara-guatemalteca-de-la-construccion-2018-6-630x420.jpg\" srcset=\"\/wp-content\/uploads\/sites\/5\/2018\/07\/Segundo-Congreso-de-Saludy-y-Seguridad-Ocupacional-camara-guatemalteca-de-la-construccion-2018-6-630x420.jpg 630w, \/wp-content\/uploads\/sites\/5\/2018\/07\/Segundo-Congreso-de-Saludy-y-Seguridad-Ocupacional-camara-guatemalteca-de-la-construccion-2018-6-1536x1024.jpg 1536w, \/wp-content\/uploads\/sites\/5\/2018\/07\/Segundo-Congreso-de-Saludy-y-Seguridad-Ocupacional-camara-guatemalteca-de-la-construccion-2018-6-300x200.jpg 300w, \/wp-content\/uploads\/sites\/5\/2018\/07\/Segundo-Congreso-de-Saludy-y-Seguridad-Ocupacional-camara-guatemalteca-de-la-construccion-2018-6-768x512.jpg 768w, \/wp-content\/uploads\/sites\/5\/2018\/07\/Segundo-Congreso-de-Saludy-y-Seguridad-Ocupacional-camara-guatemalteca-de-la-construccion-2018-6-1024x682.jpg 1024w, \/wp-content\/uploads\/sites\/5\/2018\/07\/Segundo-Congreso-de-Saludy-y-Seguridad-Ocupacional-camara-guatemalteca-de-la-construccion-2018-6-696x464.jpg 696w, \/wp-content\/uploads\/sites\/5\/2018\/07\/Segundo-Congreso-de-Saludy-y-Seguridad-Ocupacional-camara-guatemalteca-de-la-construccion-2018-6-1068x712.jpg 1068w, \/wp-content\/uploads\/sites\/5\/2018\/07\/Segundo-Congreso-de-Saludy-y-Seguridad-Ocupacional-camara-guatemalteca-de-la-construccion-2018-6-534x356.jpg 534w, \/wp-content\/uploads\/sites\/5\/2018\/07\/Segundo-Congreso-de-Saludy-y-Seguridad-Ocupacional-camara-guatemalteca-de-la-construccion-2018-6-1920x1280.jpg 1920w, \/wp-content\/uploads\/sites\/5\/2018\/07\/Segundo-Congreso-de-Saludy-y-Seguridad-Ocupacional-camara-guatemalteca-de-la-construccion-2018-6.jpg 2000w\" sizes=\"(max-width: 630px) 100vw, 630px\" alt=\"\">\r\n                            <\/a>\r\n                            \r\n                        <\/figure>\r\n                    <\/div>\r\n                            <\/div>\r\n                        <\/div>\r\n\r\n                        <div class = \"td-doubleSlider-2\">\r\n                            <div class = \"td-slider\">\r\n                                \r\n                    <div class = \"td-button td-item1\">\r\n                        <div class = \"td-border\"><\/div>\r\n                    <\/div>\r\n                    <div class = \"td-button td-item2\">\r\n                        <div class = \"td-border\"><\/div>\r\n                    <\/div>\r\n                    <div class = \"td-button td-item3\">\r\n                        <div class = \"td-border\"><\/div>\r\n                    <\/div>\r\n                    <div class = \"td-button td-item4\">\r\n                        <div class = \"td-border\"><\/div>\r\n                    <\/div>\r\n                    <div class = \"td-button td-item5\">\r\n                        <div class = \"td-border\"><\/div>\r\n                    <\/div>\r\n                    <div class = \"td-button td-item6\">\r\n                        <div class = \"td-border\"><\/div>\r\n                    <\/div>\r\n                            <\/div>\r\n                        <\/div>\r\n\r\n                    <\/div>\r\n\r\n                <\/div>\r\n                \n<hr \/>\n<p>&nbsp;<\/p>\n","protected":false},"excerpt":{"rendered":"<p>Autoridades del Instituto Guatemalteco de Seguridad \u00a0Social (IGSS) y del Ministerio de Trabajo, as\u00ed como representantes de distintas empresas constructoras, participan en el II Congreso de Salud y Seguridad Ocupacional organizado por la C\u00e1mara Guatemalteca de la Construcci\u00f3n, el cual fue inaugurado hoy. Con esta actividad se busca resaltar la importancia e implementaci\u00f3n de los [&hellip;]<\/p>\n","protected":false},"author":4,"featured_media":5746,"comment_status":"open","ping_status":"open","sticky":false,"template":"","format":"standard","meta":{"footnotes":""},"categories":[3,29],"tags":[490,769],"coauthors":[],"class_list":{"0":"post-5741","1":"post","2":"type-post","3":"status-publish","4":"format-standard","5":"has-post-thumbnail","7":"category-actualidad","8":"category-publicaciones","9":"tag-igss","10":"tag-salud-y-seguridad-ocupacional"},"_links":{"self":[{"href":"https:\/\/www.igssgt.org\/noticias\/wp-json\/wp\/v2\/posts\/5741","targetHints":{"allow":["GET"]}}],"collection":[{"href":"https:\/\/www.igssgt.org\/noticias\/wp-json\/wp\/v2\/posts"}],"about":[{"href":"https:\/\/www.igssgt.org\/noticias\/wp-json\/wp\/v2\/types\/post"}],"author":[{"embeddable":true,"href":"https:\/\/www.igssgt.org\/noticias\/wp-json\/wp\/v2\/users\/4"}],"replies":[{"embeddable":true,"href":"https:\/\/www.igssgt.org\/noticias\/wp-json\/wp\/v2\/comments?post=5741"}],"version-history":[{"count":0,"href":"https:\/\/www.igssgt.org\/noticias\/wp-json\/wp\/v2\/posts\/5741\/revisions"}],"wp:featuredmedia":[{"embeddable":true,"href":"https:\/\/www.igssgt.org\/noticias\/wp-json\/wp\/v2\/media\/5746"}],"wp:attachment":[{"href":"https:\/\/www.igssgt.org\/noticias\/wp-json\/wp\/v2\/media?parent=5741"}],"wp:term":[{"taxonomy":"category","embeddable":true,"href":"https:\/\/www.igssgt.org\/noticias\/wp-json\/wp\/v2\/categories?post=5741"},{"taxonomy":"post_tag","embeddable":true,"href":"https:\/\/www.igssgt.org\/noticias\/wp-json\/wp\/v2\/tags?post=5741"},{"taxonomy":"author","embeddable":true,"href":"https:\/\/www.igssgt.org\/noticias\/wp-json\/wp\/v2\/coauthors?post=5741"}],"curies":[{"name":"wp","href":"https:\/\/api.w.org\/{rel}","templated":true}]}}