{"id":59461,"date":"2026-08-31T11:42:33","date_gmt":"2026-08-31T17:42:33","guid":{"rendered":"https:\/\/www.igssgt.org\/noticias\/?p=59461"},"modified":"2026-08-31T11:42:33","modified_gmt":"2026-08-31T17:42:33","slug":"el-igss-acerca-servicios-de-salud-preventiva-a-trabajadores-de-la-sat","status":"publish","type":"post","link":"https:\/\/www.igssgt.org\/noticias\/2026\/08\/31\/el-igss-acerca-servicios-de-salud-preventiva-a-trabajadores-de-la-sat\/","title":{"rendered":"El IGSS acerca servicios de salud preventiva a\u00a0 trabajadores de la SAT"},"content":{"rendered":"\n<p class=\"dropcapp2 wp-block-paragraph\">El Instituto Guatemalteco de Seguridad Social (IGSS) realiz\u00f3 una Jornada de Salud dirigida a trabajadores de la Superintendencia de Administraci\u00f3n Tributaria, en los edificios Torre Empresarial y Torre Granito, zona 10. M\u00e1s de 600 colaboradores participaron en esta actividad enfocada en la prevenci\u00f3n y el cuidado de la salud desde su lugar de trabajo.<\/p>\n\n\n<figure id=\"attachment_59462\" aria-describedby=\"caption-attachment-59462\" style=\"width: 1600px\" class=\"wp-caption aligncenter\"><a href=\"\/wp-content\/uploads\/sites\/5\/2026\/08\/IGSS-Jornada-de-la-Seguridad-Social-SAT-2026-00013.jpg\"><img loading=\"lazy\" decoding=\"async\" class=\"size-full wp-image-59462\" src=\"\/wp-content\/uploads\/sites\/5\/2026\/08\/IGSS-Jornada-de-la-Seguridad-Social-SAT-2026-00013.jpg\" alt=\"\" width=\"1600\" height=\"1066\" srcset=\"\/wp-content\/uploads\/sites\/5\/2026\/08\/IGSS-Jornada-de-la-Seguridad-Social-SAT-2026-00013.jpg 1600w, \/wp-content\/uploads\/sites\/5\/2026\/08\/IGSS-Jornada-de-la-Seguridad-Social-SAT-2026-00013-300x200.jpg 300w, \/wp-content\/uploads\/sites\/5\/2026\/08\/IGSS-Jornada-de-la-Seguridad-Social-SAT-2026-00013-1024x682.jpg 1024w, \/wp-content\/uploads\/sites\/5\/2026\/08\/IGSS-Jornada-de-la-Seguridad-Social-SAT-2026-00013-768x512.jpg 768w, \/wp-content\/uploads\/sites\/5\/2026\/08\/IGSS-Jornada-de-la-Seguridad-Social-SAT-2026-00013-1536x1023.jpg 1536w, \/wp-content\/uploads\/sites\/5\/2026\/08\/IGSS-Jornada-de-la-Seguridad-Social-SAT-2026-00013-630x420.jpg 630w, \/wp-content\/uploads\/sites\/5\/2026\/08\/IGSS-Jornada-de-la-Seguridad-Social-SAT-2026-00013-696x464.jpg 696w, \/wp-content\/uploads\/sites\/5\/2026\/08\/IGSS-Jornada-de-la-Seguridad-Social-SAT-2026-00013-1068x712.jpg 1068w, \/wp-content\/uploads\/sites\/5\/2026\/08\/IGSS-Jornada-de-la-Seguridad-Social-SAT-2026-00013-534x356.jpg 534w\" sizes=\"auto, (max-width: 1600px) 100vw, 1600px\" \/><\/a><figcaption id=\"caption-attachment-59462\" class=\"wp-caption-text\">La toma de signos vitales permiti\u00f3 obtener datos importantes sobre el estado de salud de los participantes.<\/figcaption><\/figure>\n<p>Durante la jornada se brind\u00f3 una evaluaci\u00f3n integral que incluy\u00f3 toma de peso, talla, circunferencia abdominal y signos vitales:\u00a0 presi\u00f3n arterial, temperatura y nivel de ox\u00edgeno. Tambi\u00e9n se realizaron an\u00e1lisis de laboratorio mediante extracci\u00f3n de sangre, con el prop\u00f3sito de obtener informaci\u00f3n que permita identificar oportunamente posibles factores de riesgo.<\/p>\n<figure id=\"attachment_59463\" aria-describedby=\"caption-attachment-59463\" style=\"width: 1600px\" class=\"wp-caption aligncenter\"><a href=\"\/wp-content\/uploads\/sites\/5\/2026\/08\/IGSS-Jornada-de-la-Seguridad-Social-SAT-2026-00021.jpg\"><img loading=\"lazy\" decoding=\"async\" class=\"size-full wp-image-59463\" src=\"\/wp-content\/uploads\/sites\/5\/2026\/08\/IGSS-Jornada-de-la-Seguridad-Social-SAT-2026-00021.jpg\" alt=\"\" width=\"1600\" height=\"1066\" srcset=\"\/wp-content\/uploads\/sites\/5\/2026\/08\/IGSS-Jornada-de-la-Seguridad-Social-SAT-2026-00021.jpg 1600w, \/wp-content\/uploads\/sites\/5\/2026\/08\/IGSS-Jornada-de-la-Seguridad-Social-SAT-2026-00021-300x200.jpg 300w, \/wp-content\/uploads\/sites\/5\/2026\/08\/IGSS-Jornada-de-la-Seguridad-Social-SAT-2026-00021-1024x682.jpg 1024w, \/wp-content\/uploads\/sites\/5\/2026\/08\/IGSS-Jornada-de-la-Seguridad-Social-SAT-2026-00021-768x512.jpg 768w, \/wp-content\/uploads\/sites\/5\/2026\/08\/IGSS-Jornada-de-la-Seguridad-Social-SAT-2026-00021-1536x1023.jpg 1536w, \/wp-content\/uploads\/sites\/5\/2026\/08\/IGSS-Jornada-de-la-Seguridad-Social-SAT-2026-00021-630x420.jpg 630w, \/wp-content\/uploads\/sites\/5\/2026\/08\/IGSS-Jornada-de-la-Seguridad-Social-SAT-2026-00021-696x464.jpg 696w, \/wp-content\/uploads\/sites\/5\/2026\/08\/IGSS-Jornada-de-la-Seguridad-Social-SAT-2026-00021-1068x712.jpg 1068w, \/wp-content\/uploads\/sites\/5\/2026\/08\/IGSS-Jornada-de-la-Seguridad-Social-SAT-2026-00021-534x356.jpg 534w\" sizes=\"auto, (max-width: 1600px) 100vw, 1600px\" \/><\/a><figcaption id=\"caption-attachment-59463\" class=\"wp-caption-text\">Durante la jornada se realiz\u00f3 la extracci\u00f3n de sangre para efectuar diferentes an\u00e1lisis de laboratorio.<\/figcaption><\/figure>\n<p>Posteriormente, los participantes pasaron a un m\u00f3dulo de revisi\u00f3n m\u00e9dica, donde profesionales interpretaron sus resultados y brindaron recomendaciones de acuerdo con cada caso. Asimismo, recibieron atenci\u00f3n nutricional y orientaci\u00f3n para adoptar h\u00e1bitos saludables que contribuyan a su bienestar.<\/p>\n<h3><strong>R\u00e1pido y eficaz <\/strong><\/h3>\n<p>Joseline Chanchavac, profesional especializada en procesos y trabajadora de la SAT, resalt\u00f3 que cuidar la salud permite a los trabajadores desempe\u00f1arse al cien por ciento en sus actividades laborales. Por su parte, Nicol\u00e1s Le\u00f3n, programador de sistemas, destac\u00f3 la facilidad de recibir estos servicios en el lugar de trabajo, sin realizar citas, ni trasladarse a otro punto.<\/p>\n<p>\u201cConozco el caso de una persona quien gracias a estas jornadas y a las recomendaciones recibidas, pudo tomar acciones para controlar los triglic\u00e9ridos e iniciar una dieta\u201d.<\/p>\n<figure id=\"attachment_59464\" aria-describedby=\"caption-attachment-59464\" style=\"width: 1600px\" class=\"wp-caption aligncenter\"><a href=\"\/wp-content\/uploads\/sites\/5\/2026\/08\/IGSS-Jornada-de-la-Seguridad-Social-SAT-2026-00023.jpg\"><img loading=\"lazy\" decoding=\"async\" class=\"size-full wp-image-59464\" src=\"\/wp-content\/uploads\/sites\/5\/2026\/08\/IGSS-Jornada-de-la-Seguridad-Social-SAT-2026-00023.jpg\" alt=\"\" width=\"1600\" height=\"1066\" srcset=\"\/wp-content\/uploads\/sites\/5\/2026\/08\/IGSS-Jornada-de-la-Seguridad-Social-SAT-2026-00023.jpg 1600w, \/wp-content\/uploads\/sites\/5\/2026\/08\/IGSS-Jornada-de-la-Seguridad-Social-SAT-2026-00023-300x200.jpg 300w, \/wp-content\/uploads\/sites\/5\/2026\/08\/IGSS-Jornada-de-la-Seguridad-Social-SAT-2026-00023-1024x682.jpg 1024w, \/wp-content\/uploads\/sites\/5\/2026\/08\/IGSS-Jornada-de-la-Seguridad-Social-SAT-2026-00023-768x512.jpg 768w, \/wp-content\/uploads\/sites\/5\/2026\/08\/IGSS-Jornada-de-la-Seguridad-Social-SAT-2026-00023-1536x1023.jpg 1536w, \/wp-content\/uploads\/sites\/5\/2026\/08\/IGSS-Jornada-de-la-Seguridad-Social-SAT-2026-00023-630x420.jpg 630w, \/wp-content\/uploads\/sites\/5\/2026\/08\/IGSS-Jornada-de-la-Seguridad-Social-SAT-2026-00023-696x464.jpg 696w, \/wp-content\/uploads\/sites\/5\/2026\/08\/IGSS-Jornada-de-la-Seguridad-Social-SAT-2026-00023-1068x712.jpg 1068w, \/wp-content\/uploads\/sites\/5\/2026\/08\/IGSS-Jornada-de-la-Seguridad-Social-SAT-2026-00023-534x356.jpg 534w\" sizes=\"auto, (max-width: 1600px) 100vw, 1600px\" \/><\/a><figcaption id=\"caption-attachment-59464\" class=\"wp-caption-text\">Profesionales del IGSS interpretaron los resultados y brindaron recomendaciones de acuerdo con cada evaluaci\u00f3n.<\/figcaption><\/figure>\n<p>Berkin Santos, asesor de la Subgerencia de Prestaciones en Salud, manifest\u00f3 que estas acciones responden a la filosof\u00eda de prevenci\u00f3n del IGSS e invit\u00f3 a otras instituciones interesadas a comunicarse para coordinar este tipo de jornadas y acercar los servicios de salud preventiva a sus trabajadores.<\/p>\n<figure id=\"attachment_59465\" aria-describedby=\"caption-attachment-59465\" style=\"width: 1600px\" class=\"wp-caption aligncenter\"><a href=\"\/wp-content\/uploads\/sites\/5\/2026\/08\/IGSS-Jornada-de-la-Seguridad-Social-SAT-2026-00005.jpg\"><img loading=\"lazy\" decoding=\"async\" class=\"size-full wp-image-59465\" src=\"\/wp-content\/uploads\/sites\/5\/2026\/08\/IGSS-Jornada-de-la-Seguridad-Social-SAT-2026-00005.jpg\" alt=\"\" width=\"1600\" height=\"1066\" srcset=\"\/wp-content\/uploads\/sites\/5\/2026\/08\/IGSS-Jornada-de-la-Seguridad-Social-SAT-2026-00005.jpg 1600w, \/wp-content\/uploads\/sites\/5\/2026\/08\/IGSS-Jornada-de-la-Seguridad-Social-SAT-2026-00005-300x200.jpg 300w, \/wp-content\/uploads\/sites\/5\/2026\/08\/IGSS-Jornada-de-la-Seguridad-Social-SAT-2026-00005-1024x682.jpg 1024w, \/wp-content\/uploads\/sites\/5\/2026\/08\/IGSS-Jornada-de-la-Seguridad-Social-SAT-2026-00005-768x512.jpg 768w, \/wp-content\/uploads\/sites\/5\/2026\/08\/IGSS-Jornada-de-la-Seguridad-Social-SAT-2026-00005-1536x1023.jpg 1536w, \/wp-content\/uploads\/sites\/5\/2026\/08\/IGSS-Jornada-de-la-Seguridad-Social-SAT-2026-00005-630x420.jpg 630w, \/wp-content\/uploads\/sites\/5\/2026\/08\/IGSS-Jornada-de-la-Seguridad-Social-SAT-2026-00005-696x464.jpg 696w, \/wp-content\/uploads\/sites\/5\/2026\/08\/IGSS-Jornada-de-la-Seguridad-Social-SAT-2026-00005-1068x712.jpg 1068w, \/wp-content\/uploads\/sites\/5\/2026\/08\/IGSS-Jornada-de-la-Seguridad-Social-SAT-2026-00005-534x356.jpg 534w\" sizes=\"auto, (max-width: 1600px) 100vw, 1600px\" \/><\/a><figcaption id=\"caption-attachment-59465\" class=\"wp-caption-text\">Como parte de la jornada, se brind\u00f3 orientaci\u00f3n nutricional con recomendaciones para promover h\u00e1bitos saludables.<\/figcaption><\/figure>\n<p>Agradecidos por esta actividad que brinda m\u00faltiples beneficios, Roberto Pivaral, de Recursos Humanos de la SAT, resalt\u00f3 que acercar la atenci\u00f3n preventiva contribuye al bienestar de los colaboradores y evita ausencias laborales. Tambi\u00e9n felicit\u00f3 al IGSS por la labor que realiza y por los beneficios que brinda a los trabajadores a trav\u00e9s de este tipo de programas.\u00a0<\/p>\n\r\n                <style type=\"text\/css\">\r\n                    \r\n                    #tdi_1  .td-doubleSlider-2 .td-item1 {\r\n                        background: url(\/wp-content\/uploads\/sites\/5\/2026\/08\/IGSS-Jornada-de-la-Seguridad-Social-SAT-2026-00001-80x60.jpg) 0 0 no-repeat;\r\n                    }\r\n                    #tdi_1  .td-doubleSlider-2 .td-item2 {\r\n                        background: url(\/wp-content\/uploads\/sites\/5\/2026\/08\/IGSS-Jornada-de-la-Seguridad-Social-SAT-2026-00002-80x60.jpg) 0 0 no-repeat;\r\n                    }\r\n                    #tdi_1  .td-doubleSlider-2 .td-item3 {\r\n                        background: url(\/wp-content\/uploads\/sites\/5\/2026\/08\/IGSS-Jornada-de-la-Seguridad-Social-SAT-2026-00003-80x60.jpg) 0 0 no-repeat;\r\n                    }\r\n                    #tdi_1  .td-doubleSlider-2 .td-item4 {\r\n                        background: url(\/wp-content\/uploads\/sites\/5\/2026\/08\/IGSS-Jornada-de-la-Seguridad-Social-SAT-2026-00004-80x60.jpg) 0 0 no-repeat;\r\n                    }\r\n                    #tdi_1  .td-doubleSlider-2 .td-item5 {\r\n                        background: url(\/wp-content\/uploads\/sites\/5\/2026\/08\/IGSS-Jornada-de-la-Seguridad-Social-SAT-2026-00006-80x60.jpg) 0 0 no-repeat;\r\n                    }\r\n                    #tdi_1  .td-doubleSlider-2 .td-item6 {\r\n                        background: url(\/wp-content\/uploads\/sites\/5\/2026\/08\/IGSS-Jornada-de-la-Seguridad-Social-SAT-2026-00007-80x60.jpg) 0 0 no-repeat;\r\n                    }\r\n                    #tdi_1  .td-doubleSlider-2 .td-item7 {\r\n                        background: url(\/wp-content\/uploads\/sites\/5\/2026\/08\/IGSS-Jornada-de-la-Seguridad-Social-SAT-2026-00008-80x60.jpg) 0 0 no-repeat;\r\n                    }\r\n                    #tdi_1  .td-doubleSlider-2 .td-item8 {\r\n                        background: url(\/wp-content\/uploads\/sites\/5\/2026\/08\/IGSS-Jornada-de-la-Seguridad-Social-SAT-2026-00009-80x60.jpg) 0 0 no-repeat;\r\n                    }\r\n                    #tdi_1  .td-doubleSlider-2 .td-item9 {\r\n                        background: url(\/wp-content\/uploads\/sites\/5\/2026\/08\/IGSS-Jornada-de-la-Seguridad-Social-SAT-2026-00011-80x60.jpg) 0 0 no-repeat;\r\n                    }\r\n                    #tdi_1  .td-doubleSlider-2 .td-item10 {\r\n                        background: url(\/wp-content\/uploads\/sites\/5\/2026\/08\/IGSS-Jornada-de-la-Seguridad-Social-SAT-2026-00012-80x60.jpg) 0 0 no-repeat;\r\n                    }\r\n                    #tdi_1  .td-doubleSlider-2 .td-item11 {\r\n                        background: url(\/wp-content\/uploads\/sites\/5\/2026\/08\/IGSS-Jornada-de-la-Seguridad-Social-SAT-2026-00014-80x60.jpg) 0 0 no-repeat;\r\n                    }\r\n                    #tdi_1  .td-doubleSlider-2 .td-item12 {\r\n                        background: url(\/wp-content\/uploads\/sites\/5\/2026\/08\/IGSS-Jornada-de-la-Seguridad-Social-SAT-2026-00015-80x60.jpg) 0 0 no-repeat;\r\n                    }\r\n                    #tdi_1  .td-doubleSlider-2 .td-item13 {\r\n                        background: url(\/wp-content\/uploads\/sites\/5\/2026\/08\/IGSS-Jornada-de-la-Seguridad-Social-SAT-2026-00016-80x60.jpg) 0 0 no-repeat;\r\n                    }\r\n                    #tdi_1  .td-doubleSlider-2 .td-item14 {\r\n                        background: url(\/wp-content\/uploads\/sites\/5\/2026\/08\/IGSS-Jornada-de-la-Seguridad-Social-SAT-2026-00017-80x60.jpg) 0 0 no-repeat;\r\n                    }\r\n                    #tdi_1  .td-doubleSlider-2 .td-item15 {\r\n                        background: url(\/wp-content\/uploads\/sites\/5\/2026\/08\/IGSS-Jornada-de-la-Seguridad-Social-SAT-2026-00018-80x60.jpg) 0 0 no-repeat;\r\n                    }\r\n                    #tdi_1  .td-doubleSlider-2 .td-item16 {\r\n                        background: url(\/wp-content\/uploads\/sites\/5\/2026\/08\/IGSS-Jornada-de-la-Seguridad-Social-SAT-2026-00019-80x60.jpg) 0 0 no-repeat;\r\n                    }\r\n                    #tdi_1  .td-doubleSlider-2 .td-item17 {\r\n                        background: url(\/wp-content\/uploads\/sites\/5\/2026\/08\/IGSS-Jornada-de-la-Seguridad-Social-SAT-2026-00020-80x60.jpg) 0 0 no-repeat;\r\n                    }\r\n                    #tdi_1  .td-doubleSlider-2 .td-item18 {\r\n                        background: url(\/wp-content\/uploads\/sites\/5\/2026\/08\/IGSS-Jornada-de-la-Seguridad-Social-SAT-2026-00022-80x60.jpg) 0 0 no-repeat;\r\n                    }\r\n                    #tdi_1  .td-doubleSlider-2 .td-item19 {\r\n                        background: url(\/wp-content\/uploads\/sites\/5\/2026\/08\/IGSS-Jornada-de-la-Seguridad-Social-SAT-2026-00024-80x60.jpg) 0 0 no-repeat;\r\n                    }\r\n                <\/style>\r\n\r\n                <div id=\"tdi_1\" class=\"td-gallery td-slide-on-2-columns\">\r\n                    <div class=\"post_td_gallery\">\r\n                        <div class=\"td-gallery-slide-top\">\r\n                           <div class=\"td-gallery-title\">M\u00e1s fotos:<\/div>\r\n\r\n                            <div class=\"td-gallery-controls-wrapper\">\r\n                                <div class=\"td-gallery-slide-count\"><span class=\"td-gallery-slide-item-focus\">1<\/span> de 19<\/div>\r\n                                <div class=\"td-gallery-slide-prev-next-but\">\r\n                                    <i class = \"td-icon-left doubleSliderPrevButton\"><\/i>\r\n                                    <i class = \"td-icon-right doubleSliderNextButton\"><\/i>\r\n                                <\/div>\r\n                            <\/div>\r\n                        <\/div>\r\n\r\n                        <div class = \"td-doubleSlider-1 \">\r\n                            <div class = \"td-slider\">\r\n                                \r\n                    <div class = \"td-slide-item td-item1\">\r\n                        <figure class=\"td-slide-galery-figure td-slide-popup-gallery\">\r\n                            <a class=\"slide-gallery-image-link\" href=\"\/wp-content\/uploads\/sites\/5\/2026\/08\/IGSS-Jornada-de-la-Seguridad-Social-SAT-2026-00001.jpg\" title=\"IGSS Jornada de la Seguridad Social SAT 2026-00001\"  data-caption=\"\"  data-description=\"\">\r\n                                <img decoding=\"async\" src=\"\/wp-content\/uploads\/sites\/5\/2026\/08\/IGSS-Jornada-de-la-Seguridad-Social-SAT-2026-00001-630x420.jpg\" srcset=\"\/wp-content\/uploads\/sites\/5\/2026\/08\/IGSS-Jornada-de-la-Seguridad-Social-SAT-2026-00001-630x420.jpg 630w, \/wp-content\/uploads\/sites\/5\/2026\/08\/IGSS-Jornada-de-la-Seguridad-Social-SAT-2026-00001-300x200.jpg 300w, \/wp-content\/uploads\/sites\/5\/2026\/08\/IGSS-Jornada-de-la-Seguridad-Social-SAT-2026-00001-1024x682.jpg 1024w, \/wp-content\/uploads\/sites\/5\/2026\/08\/IGSS-Jornada-de-la-Seguridad-Social-SAT-2026-00001-768x512.jpg 768w, \/wp-content\/uploads\/sites\/5\/2026\/08\/IGSS-Jornada-de-la-Seguridad-Social-SAT-2026-00001-1536x1023.jpg 1536w, \/wp-content\/uploads\/sites\/5\/2026\/08\/IGSS-Jornada-de-la-Seguridad-Social-SAT-2026-00001-696x464.jpg 696w, \/wp-content\/uploads\/sites\/5\/2026\/08\/IGSS-Jornada-de-la-Seguridad-Social-SAT-2026-00001-1068x712.jpg 1068w, \/wp-content\/uploads\/sites\/5\/2026\/08\/IGSS-Jornada-de-la-Seguridad-Social-SAT-2026-00001-534x356.jpg 534w, \/wp-content\/uploads\/sites\/5\/2026\/08\/IGSS-Jornada-de-la-Seguridad-Social-SAT-2026-00001.jpg 1600w\" sizes=\"(max-width: 630px) 100vw, 630px\" alt=\"\">\r\n                            <\/a>\r\n                            \r\n                        <\/figure>\r\n                    <\/div>\r\n                    <div class = \"td-slide-item td-item2\">\r\n                        <figure class=\"td-slide-galery-figure td-slide-popup-gallery\">\r\n                            <a class=\"slide-gallery-image-link\" href=\"\/wp-content\/uploads\/sites\/5\/2026\/08\/IGSS-Jornada-de-la-Seguridad-Social-SAT-2026-00002.jpg\" title=\"IGSS Jornada de la Seguridad Social SAT 2026-00002\"  data-caption=\"\"  data-description=\"\">\r\n                                <img decoding=\"async\" src=\"\/wp-content\/uploads\/sites\/5\/2026\/08\/IGSS-Jornada-de-la-Seguridad-Social-SAT-2026-00002-280x420.jpg\" srcset=\"\/wp-content\/uploads\/sites\/5\/2026\/08\/IGSS-Jornada-de-la-Seguridad-Social-SAT-2026-00002-280x420.jpg 280w, \/wp-content\/uploads\/sites\/5\/2026\/08\/IGSS-Jornada-de-la-Seguridad-Social-SAT-2026-00002-200x300.jpg 200w, \/wp-content\/uploads\/sites\/5\/2026\/08\/IGSS-Jornada-de-la-Seguridad-Social-SAT-2026-00002-682x1024.jpg 682w, \/wp-content\/uploads\/sites\/5\/2026\/08\/IGSS-Jornada-de-la-Seguridad-Social-SAT-2026-00002-768x1153.jpg 768w, \/wp-content\/uploads\/sites\/5\/2026\/08\/IGSS-Jornada-de-la-Seguridad-Social-SAT-2026-00002-1023x1536.jpg 1023w, \/wp-content\/uploads\/sites\/5\/2026\/08\/IGSS-Jornada-de-la-Seguridad-Social-SAT-2026-00002-696x1045.jpg 696w, \/wp-content\/uploads\/sites\/5\/2026\/08\/IGSS-Jornada-de-la-Seguridad-Social-SAT-2026-00002-308x462.jpg 308w, \/wp-content\/uploads\/sites\/5\/2026\/08\/IGSS-Jornada-de-la-Seguridad-Social-SAT-2026-00002.jpg 1066w\" sizes=\"(max-width: 280px) 100vw, 280px\" alt=\"\">\r\n                            <\/a>\r\n                            \r\n                        <\/figure>\r\n                    <\/div>\r\n                    <div class = \"td-slide-item td-item3\">\r\n                        <figure class=\"td-slide-galery-figure td-slide-popup-gallery\">\r\n                            <a class=\"slide-gallery-image-link\" href=\"\/wp-content\/uploads\/sites\/5\/2026\/08\/IGSS-Jornada-de-la-Seguridad-Social-SAT-2026-00003.jpg\" title=\"IGSS Jornada de la Seguridad Social SAT 2026-00003\"  data-caption=\"\"  data-description=\"\">\r\n                                <img decoding=\"async\" src=\"\/wp-content\/uploads\/sites\/5\/2026\/08\/IGSS-Jornada-de-la-Seguridad-Social-SAT-2026-00003-630x420.jpg\" srcset=\"\/wp-content\/uploads\/sites\/5\/2026\/08\/IGSS-Jornada-de-la-Seguridad-Social-SAT-2026-00003-630x420.jpg 630w, \/wp-content\/uploads\/sites\/5\/2026\/08\/IGSS-Jornada-de-la-Seguridad-Social-SAT-2026-00003-300x200.jpg 300w, \/wp-content\/uploads\/sites\/5\/2026\/08\/IGSS-Jornada-de-la-Seguridad-Social-SAT-2026-00003-1024x682.jpg 1024w, \/wp-content\/uploads\/sites\/5\/2026\/08\/IGSS-Jornada-de-la-Seguridad-Social-SAT-2026-00003-768x512.jpg 768w, \/wp-content\/uploads\/sites\/5\/2026\/08\/IGSS-Jornada-de-la-Seguridad-Social-SAT-2026-00003-1536x1023.jpg 1536w, \/wp-content\/uploads\/sites\/5\/2026\/08\/IGSS-Jornada-de-la-Seguridad-Social-SAT-2026-00003-696x464.jpg 696w, \/wp-content\/uploads\/sites\/5\/2026\/08\/IGSS-Jornada-de-la-Seguridad-Social-SAT-2026-00003-1068x712.jpg 1068w, \/wp-content\/uploads\/sites\/5\/2026\/08\/IGSS-Jornada-de-la-Seguridad-Social-SAT-2026-00003-534x356.jpg 534w, \/wp-content\/uploads\/sites\/5\/2026\/08\/IGSS-Jornada-de-la-Seguridad-Social-SAT-2026-00003.jpg 1600w\" sizes=\"(max-width: 630px) 100vw, 630px\" alt=\"\">\r\n                            <\/a>\r\n                            \r\n                        <\/figure>\r\n                    <\/div>\r\n                    <div class = \"td-slide-item td-item4\">\r\n                        <figure class=\"td-slide-galery-figure td-slide-popup-gallery\">\r\n                            <a class=\"slide-gallery-image-link\" href=\"\/wp-content\/uploads\/sites\/5\/2026\/08\/IGSS-Jornada-de-la-Seguridad-Social-SAT-2026-00004.jpg\" title=\"IGSS Jornada de la Seguridad Social SAT 2026-00004\"  data-caption=\"\"  data-description=\"\">\r\n                                <img decoding=\"async\" src=\"\/wp-content\/uploads\/sites\/5\/2026\/08\/IGSS-Jornada-de-la-Seguridad-Social-SAT-2026-00004-280x420.jpg\" srcset=\"\/wp-content\/uploads\/sites\/5\/2026\/08\/IGSS-Jornada-de-la-Seguridad-Social-SAT-2026-00004-280x420.jpg 280w, \/wp-content\/uploads\/sites\/5\/2026\/08\/IGSS-Jornada-de-la-Seguridad-Social-SAT-2026-00004-200x300.jpg 200w, \/wp-content\/uploads\/sites\/5\/2026\/08\/IGSS-Jornada-de-la-Seguridad-Social-SAT-2026-00004-682x1024.jpg 682w, \/wp-content\/uploads\/sites\/5\/2026\/08\/IGSS-Jornada-de-la-Seguridad-Social-SAT-2026-00004-768x1153.jpg 768w, \/wp-content\/uploads\/sites\/5\/2026\/08\/IGSS-Jornada-de-la-Seguridad-Social-SAT-2026-00004-1023x1536.jpg 1023w, \/wp-content\/uploads\/sites\/5\/2026\/08\/IGSS-Jornada-de-la-Seguridad-Social-SAT-2026-00004-696x1045.jpg 696w, \/wp-content\/uploads\/sites\/5\/2026\/08\/IGSS-Jornada-de-la-Seguridad-Social-SAT-2026-00004-308x462.jpg 308w, \/wp-content\/uploads\/sites\/5\/2026\/08\/IGSS-Jornada-de-la-Seguridad-Social-SAT-2026-00004.jpg 1066w\" sizes=\"(max-width: 280px) 100vw, 280px\" alt=\"\">\r\n                            <\/a>\r\n                            \r\n                        <\/figure>\r\n                    <\/div>\r\n                    <div class = \"td-slide-item td-item5\">\r\n                        <figure class=\"td-slide-galery-figure td-slide-popup-gallery\">\r\n                            <a class=\"slide-gallery-image-link\" href=\"\/wp-content\/uploads\/sites\/5\/2026\/08\/IGSS-Jornada-de-la-Seguridad-Social-SAT-2026-00006.jpg\" title=\"IGSS Jornada de la Seguridad Social SAT 2026-00006\"  data-caption=\"\"  data-description=\"\">\r\n                                <img decoding=\"async\" src=\"\/wp-content\/uploads\/sites\/5\/2026\/08\/IGSS-Jornada-de-la-Seguridad-Social-SAT-2026-00006-630x420.jpg\" srcset=\"\/wp-content\/uploads\/sites\/5\/2026\/08\/IGSS-Jornada-de-la-Seguridad-Social-SAT-2026-00006-630x420.jpg 630w, \/wp-content\/uploads\/sites\/5\/2026\/08\/IGSS-Jornada-de-la-Seguridad-Social-SAT-2026-00006-300x200.jpg 300w, \/wp-content\/uploads\/sites\/5\/2026\/08\/IGSS-Jornada-de-la-Seguridad-Social-SAT-2026-00006-1024x682.jpg 1024w, \/wp-content\/uploads\/sites\/5\/2026\/08\/IGSS-Jornada-de-la-Seguridad-Social-SAT-2026-00006-768x512.jpg 768w, \/wp-content\/uploads\/sites\/5\/2026\/08\/IGSS-Jornada-de-la-Seguridad-Social-SAT-2026-00006-1536x1023.jpg 1536w, \/wp-content\/uploads\/sites\/5\/2026\/08\/IGSS-Jornada-de-la-Seguridad-Social-SAT-2026-00006-696x464.jpg 696w, \/wp-content\/uploads\/sites\/5\/2026\/08\/IGSS-Jornada-de-la-Seguridad-Social-SAT-2026-00006-1068x712.jpg 1068w, \/wp-content\/uploads\/sites\/5\/2026\/08\/IGSS-Jornada-de-la-Seguridad-Social-SAT-2026-00006-534x356.jpg 534w, \/wp-content\/uploads\/sites\/5\/2026\/08\/IGSS-Jornada-de-la-Seguridad-Social-SAT-2026-00006.jpg 1600w\" sizes=\"(max-width: 630px) 100vw, 630px\" alt=\"\">\r\n                            <\/a>\r\n                            \r\n                        <\/figure>\r\n                    <\/div>\r\n                    <div class = \"td-slide-item td-item6\">\r\n                        <figure class=\"td-slide-galery-figure td-slide-popup-gallery\">\r\n                            <a class=\"slide-gallery-image-link\" href=\"\/wp-content\/uploads\/sites\/5\/2026\/08\/IGSS-Jornada-de-la-Seguridad-Social-SAT-2026-00007.jpg\" title=\"IGSS Jornada de la Seguridad Social SAT 2026-00007\"  data-caption=\"\"  data-description=\"\">\r\n                                <img decoding=\"async\" src=\"\/wp-content\/uploads\/sites\/5\/2026\/08\/IGSS-Jornada-de-la-Seguridad-Social-SAT-2026-00007-630x420.jpg\" srcset=\"\/wp-content\/uploads\/sites\/5\/2026\/08\/IGSS-Jornada-de-la-Seguridad-Social-SAT-2026-00007-630x420.jpg 630w, \/wp-content\/uploads\/sites\/5\/2026\/08\/IGSS-Jornada-de-la-Seguridad-Social-SAT-2026-00007-300x200.jpg 300w, \/wp-content\/uploads\/sites\/5\/2026\/08\/IGSS-Jornada-de-la-Seguridad-Social-SAT-2026-00007-1024x682.jpg 1024w, \/wp-content\/uploads\/sites\/5\/2026\/08\/IGSS-Jornada-de-la-Seguridad-Social-SAT-2026-00007-768x512.jpg 768w, \/wp-content\/uploads\/sites\/5\/2026\/08\/IGSS-Jornada-de-la-Seguridad-Social-SAT-2026-00007-1536x1023.jpg 1536w, \/wp-content\/uploads\/sites\/5\/2026\/08\/IGSS-Jornada-de-la-Seguridad-Social-SAT-2026-00007-696x464.jpg 696w, \/wp-content\/uploads\/sites\/5\/2026\/08\/IGSS-Jornada-de-la-Seguridad-Social-SAT-2026-00007-1068x712.jpg 1068w, \/wp-content\/uploads\/sites\/5\/2026\/08\/IGSS-Jornada-de-la-Seguridad-Social-SAT-2026-00007-534x356.jpg 534w, \/wp-content\/uploads\/sites\/5\/2026\/08\/IGSS-Jornada-de-la-Seguridad-Social-SAT-2026-00007.jpg 1600w\" sizes=\"(max-width: 630px) 100vw, 630px\" alt=\"\">\r\n                            <\/a>\r\n                            \r\n                        <\/figure>\r\n                    <\/div>\r\n                    <div class = \"td-slide-item td-item7\">\r\n                        <figure class=\"td-slide-galery-figure td-slide-popup-gallery\">\r\n                            <a class=\"slide-gallery-image-link\" href=\"\/wp-content\/uploads\/sites\/5\/2026\/08\/IGSS-Jornada-de-la-Seguridad-Social-SAT-2026-00008.jpg\" title=\"IGSS Jornada de la Seguridad Social SAT 2026-00008\"  data-caption=\"\"  data-description=\"\">\r\n                                <img decoding=\"async\" src=\"\/wp-content\/uploads\/sites\/5\/2026\/08\/IGSS-Jornada-de-la-Seguridad-Social-SAT-2026-00008-630x420.jpg\" srcset=\"\/wp-content\/uploads\/sites\/5\/2026\/08\/IGSS-Jornada-de-la-Seguridad-Social-SAT-2026-00008-630x420.jpg 630w, \/wp-content\/uploads\/sites\/5\/2026\/08\/IGSS-Jornada-de-la-Seguridad-Social-SAT-2026-00008-300x200.jpg 300w, \/wp-content\/uploads\/sites\/5\/2026\/08\/IGSS-Jornada-de-la-Seguridad-Social-SAT-2026-00008-1024x682.jpg 1024w, \/wp-content\/uploads\/sites\/5\/2026\/08\/IGSS-Jornada-de-la-Seguridad-Social-SAT-2026-00008-768x512.jpg 768w, \/wp-content\/uploads\/sites\/5\/2026\/08\/IGSS-Jornada-de-la-Seguridad-Social-SAT-2026-00008-1536x1023.jpg 1536w, \/wp-content\/uploads\/sites\/5\/2026\/08\/IGSS-Jornada-de-la-Seguridad-Social-SAT-2026-00008-696x464.jpg 696w, \/wp-content\/uploads\/sites\/5\/2026\/08\/IGSS-Jornada-de-la-Seguridad-Social-SAT-2026-00008-1068x712.jpg 1068w, \/wp-content\/uploads\/sites\/5\/2026\/08\/IGSS-Jornada-de-la-Seguridad-Social-SAT-2026-00008-534x356.jpg 534w, \/wp-content\/uploads\/sites\/5\/2026\/08\/IGSS-Jornada-de-la-Seguridad-Social-SAT-2026-00008.jpg 1600w\" sizes=\"(max-width: 630px) 100vw, 630px\" alt=\"\">\r\n                            <\/a>\r\n                            \r\n                        <\/figure>\r\n                    <\/div>\r\n                    <div class = \"td-slide-item td-item8\">\r\n                        <figure class=\"td-slide-galery-figure td-slide-popup-gallery\">\r\n                            <a class=\"slide-gallery-image-link\" href=\"\/wp-content\/uploads\/sites\/5\/2026\/08\/IGSS-Jornada-de-la-Seguridad-Social-SAT-2026-00009.jpg\" title=\"IGSS Jornada de la Seguridad Social SAT 2026-00009\"  data-caption=\"\"  data-description=\"\">\r\n                                <img decoding=\"async\" src=\"\/wp-content\/uploads\/sites\/5\/2026\/08\/IGSS-Jornada-de-la-Seguridad-Social-SAT-2026-00009-280x420.jpg\" srcset=\"\/wp-content\/uploads\/sites\/5\/2026\/08\/IGSS-Jornada-de-la-Seguridad-Social-SAT-2026-00009-280x420.jpg 280w, \/wp-content\/uploads\/sites\/5\/2026\/08\/IGSS-Jornada-de-la-Seguridad-Social-SAT-2026-00009-200x300.jpg 200w, \/wp-content\/uploads\/sites\/5\/2026\/08\/IGSS-Jornada-de-la-Seguridad-Social-SAT-2026-00009-682x1024.jpg 682w, \/wp-content\/uploads\/sites\/5\/2026\/08\/IGSS-Jornada-de-la-Seguridad-Social-SAT-2026-00009-768x1153.jpg 768w, \/wp-content\/uploads\/sites\/5\/2026\/08\/IGSS-Jornada-de-la-Seguridad-Social-SAT-2026-00009-1023x1536.jpg 1023w, \/wp-content\/uploads\/sites\/5\/2026\/08\/IGSS-Jornada-de-la-Seguridad-Social-SAT-2026-00009-696x1045.jpg 696w, \/wp-content\/uploads\/sites\/5\/2026\/08\/IGSS-Jornada-de-la-Seguridad-Social-SAT-2026-00009-308x462.jpg 308w, \/wp-content\/uploads\/sites\/5\/2026\/08\/IGSS-Jornada-de-la-Seguridad-Social-SAT-2026-00009.jpg 1066w\" sizes=\"(max-width: 280px) 100vw, 280px\" alt=\"\">\r\n                            <\/a>\r\n                            \r\n                        <\/figure>\r\n                    <\/div>\r\n                    <div class = \"td-slide-item td-item9\">\r\n                        <figure class=\"td-slide-galery-figure td-slide-popup-gallery\">\r\n                            <a class=\"slide-gallery-image-link\" href=\"\/wp-content\/uploads\/sites\/5\/2026\/08\/IGSS-Jornada-de-la-Seguridad-Social-SAT-2026-00011.jpg\" title=\"IGSS Jornada de la Seguridad Social SAT 2026-00011\"  data-caption=\"\"  data-description=\"\">\r\n                                <img decoding=\"async\" src=\"\/wp-content\/uploads\/sites\/5\/2026\/08\/IGSS-Jornada-de-la-Seguridad-Social-SAT-2026-00011-630x420.jpg\" srcset=\"\/wp-content\/uploads\/sites\/5\/2026\/08\/IGSS-Jornada-de-la-Seguridad-Social-SAT-2026-00011-630x420.jpg 630w, \/wp-content\/uploads\/sites\/5\/2026\/08\/IGSS-Jornada-de-la-Seguridad-Social-SAT-2026-00011-300x200.jpg 300w, \/wp-content\/uploads\/sites\/5\/2026\/08\/IGSS-Jornada-de-la-Seguridad-Social-SAT-2026-00011-1024x682.jpg 1024w, \/wp-content\/uploads\/sites\/5\/2026\/08\/IGSS-Jornada-de-la-Seguridad-Social-SAT-2026-00011-768x512.jpg 768w, \/wp-content\/uploads\/sites\/5\/2026\/08\/IGSS-Jornada-de-la-Seguridad-Social-SAT-2026-00011-1536x1023.jpg 1536w, \/wp-content\/uploads\/sites\/5\/2026\/08\/IGSS-Jornada-de-la-Seguridad-Social-SAT-2026-00011-696x464.jpg 696w, \/wp-content\/uploads\/sites\/5\/2026\/08\/IGSS-Jornada-de-la-Seguridad-Social-SAT-2026-00011-1068x712.jpg 1068w, \/wp-content\/uploads\/sites\/5\/2026\/08\/IGSS-Jornada-de-la-Seguridad-Social-SAT-2026-00011-534x356.jpg 534w, \/wp-content\/uploads\/sites\/5\/2026\/08\/IGSS-Jornada-de-la-Seguridad-Social-SAT-2026-00011.jpg 1600w\" sizes=\"(max-width: 630px) 100vw, 630px\" alt=\"\">\r\n                            <\/a>\r\n                            \r\n                        <\/figure>\r\n                    <\/div>\r\n                    <div class = \"td-slide-item td-item10\">\r\n                        <figure class=\"td-slide-galery-figure td-slide-popup-gallery\">\r\n                            <a class=\"slide-gallery-image-link\" href=\"\/wp-content\/uploads\/sites\/5\/2026\/08\/IGSS-Jornada-de-la-Seguridad-Social-SAT-2026-00012.jpg\" title=\"IGSS Jornada de la Seguridad Social SAT 2026-00012\"  data-caption=\"\"  data-description=\"\">\r\n                                <img decoding=\"async\" src=\"\/wp-content\/uploads\/sites\/5\/2026\/08\/IGSS-Jornada-de-la-Seguridad-Social-SAT-2026-00012-630x420.jpg\" srcset=\"\/wp-content\/uploads\/sites\/5\/2026\/08\/IGSS-Jornada-de-la-Seguridad-Social-SAT-2026-00012-630x420.jpg 630w, \/wp-content\/uploads\/sites\/5\/2026\/08\/IGSS-Jornada-de-la-Seguridad-Social-SAT-2026-00012-300x200.jpg 300w, \/wp-content\/uploads\/sites\/5\/2026\/08\/IGSS-Jornada-de-la-Seguridad-Social-SAT-2026-00012-1024x682.jpg 1024w, \/wp-content\/uploads\/sites\/5\/2026\/08\/IGSS-Jornada-de-la-Seguridad-Social-SAT-2026-00012-768x512.jpg 768w, \/wp-content\/uploads\/sites\/5\/2026\/08\/IGSS-Jornada-de-la-Seguridad-Social-SAT-2026-00012-1536x1023.jpg 1536w, \/wp-content\/uploads\/sites\/5\/2026\/08\/IGSS-Jornada-de-la-Seguridad-Social-SAT-2026-00012-696x464.jpg 696w, \/wp-content\/uploads\/sites\/5\/2026\/08\/IGSS-Jornada-de-la-Seguridad-Social-SAT-2026-00012-1068x712.jpg 1068w, \/wp-content\/uploads\/sites\/5\/2026\/08\/IGSS-Jornada-de-la-Seguridad-Social-SAT-2026-00012-534x356.jpg 534w, \/wp-content\/uploads\/sites\/5\/2026\/08\/IGSS-Jornada-de-la-Seguridad-Social-SAT-2026-00012.jpg 1600w\" sizes=\"(max-width: 630px) 100vw, 630px\" alt=\"\">\r\n                            <\/a>\r\n                            \r\n                        <\/figure>\r\n                    <\/div>\r\n                    <div class = \"td-slide-item td-item11\">\r\n                        <figure class=\"td-slide-galery-figure td-slide-popup-gallery\">\r\n                            <a class=\"slide-gallery-image-link\" href=\"\/wp-content\/uploads\/sites\/5\/2026\/08\/IGSS-Jornada-de-la-Seguridad-Social-SAT-2026-00014.jpg\" title=\"IGSS Jornada de la Seguridad Social SAT 2026-00014\"  data-caption=\"\"  data-description=\"\">\r\n                                <img decoding=\"async\" src=\"\/wp-content\/uploads\/sites\/5\/2026\/08\/IGSS-Jornada-de-la-Seguridad-Social-SAT-2026-00014-630x420.jpg\" srcset=\"\/wp-content\/uploads\/sites\/5\/2026\/08\/IGSS-Jornada-de-la-Seguridad-Social-SAT-2026-00014-630x420.jpg 630w, \/wp-content\/uploads\/sites\/5\/2026\/08\/IGSS-Jornada-de-la-Seguridad-Social-SAT-2026-00014-300x200.jpg 300w, \/wp-content\/uploads\/sites\/5\/2026\/08\/IGSS-Jornada-de-la-Seguridad-Social-SAT-2026-00014-1024x682.jpg 1024w, \/wp-content\/uploads\/sites\/5\/2026\/08\/IGSS-Jornada-de-la-Seguridad-Social-SAT-2026-00014-768x512.jpg 768w, \/wp-content\/uploads\/sites\/5\/2026\/08\/IGSS-Jornada-de-la-Seguridad-Social-SAT-2026-00014-1536x1023.jpg 1536w, \/wp-content\/uploads\/sites\/5\/2026\/08\/IGSS-Jornada-de-la-Seguridad-Social-SAT-2026-00014-696x464.jpg 696w, \/wp-content\/uploads\/sites\/5\/2026\/08\/IGSS-Jornada-de-la-Seguridad-Social-SAT-2026-00014-1068x712.jpg 1068w, \/wp-content\/uploads\/sites\/5\/2026\/08\/IGSS-Jornada-de-la-Seguridad-Social-SAT-2026-00014-534x356.jpg 534w, \/wp-content\/uploads\/sites\/5\/2026\/08\/IGSS-Jornada-de-la-Seguridad-Social-SAT-2026-00014.jpg 1600w\" sizes=\"(max-width: 630px) 100vw, 630px\" alt=\"\">\r\n                            <\/a>\r\n                            \r\n                        <\/figure>\r\n                    <\/div>\r\n                    <div class = \"td-slide-item td-item12\">\r\n                        <figure class=\"td-slide-galery-figure td-slide-popup-gallery\">\r\n                            <a class=\"slide-gallery-image-link\" href=\"\/wp-content\/uploads\/sites\/5\/2026\/08\/IGSS-Jornada-de-la-Seguridad-Social-SAT-2026-00015.jpg\" title=\"IGSS Jornada de la Seguridad Social SAT 2026-00015\"  data-caption=\"\"  data-description=\"\">\r\n                                <img decoding=\"async\" src=\"\/wp-content\/uploads\/sites\/5\/2026\/08\/IGSS-Jornada-de-la-Seguridad-Social-SAT-2026-00015-630x420.jpg\" srcset=\"\/wp-content\/uploads\/sites\/5\/2026\/08\/IGSS-Jornada-de-la-Seguridad-Social-SAT-2026-00015-630x420.jpg 630w, \/wp-content\/uploads\/sites\/5\/2026\/08\/IGSS-Jornada-de-la-Seguridad-Social-SAT-2026-00015-300x200.jpg 300w, \/wp-content\/uploads\/sites\/5\/2026\/08\/IGSS-Jornada-de-la-Seguridad-Social-SAT-2026-00015-1024x682.jpg 1024w, \/wp-content\/uploads\/sites\/5\/2026\/08\/IGSS-Jornada-de-la-Seguridad-Social-SAT-2026-00015-768x512.jpg 768w, \/wp-content\/uploads\/sites\/5\/2026\/08\/IGSS-Jornada-de-la-Seguridad-Social-SAT-2026-00015-1536x1023.jpg 1536w, \/wp-content\/uploads\/sites\/5\/2026\/08\/IGSS-Jornada-de-la-Seguridad-Social-SAT-2026-00015-696x464.jpg 696w, \/wp-content\/uploads\/sites\/5\/2026\/08\/IGSS-Jornada-de-la-Seguridad-Social-SAT-2026-00015-1068x712.jpg 1068w, \/wp-content\/uploads\/sites\/5\/2026\/08\/IGSS-Jornada-de-la-Seguridad-Social-SAT-2026-00015-534x356.jpg 534w, \/wp-content\/uploads\/sites\/5\/2026\/08\/IGSS-Jornada-de-la-Seguridad-Social-SAT-2026-00015.jpg 1600w\" sizes=\"(max-width: 630px) 100vw, 630px\" alt=\"\">\r\n                            <\/a>\r\n                            \r\n                        <\/figure>\r\n                    <\/div>\r\n                    <div class = \"td-slide-item td-item13\">\r\n                        <figure class=\"td-slide-galery-figure td-slide-popup-gallery\">\r\n                            <a class=\"slide-gallery-image-link\" href=\"\/wp-content\/uploads\/sites\/5\/2026\/08\/IGSS-Jornada-de-la-Seguridad-Social-SAT-2026-00016.jpg\" title=\"IGSS Jornada de la Seguridad Social SAT 2026-00016\"  data-caption=\"\"  data-description=\"\">\r\n                                <img decoding=\"async\" src=\"\/wp-content\/uploads\/sites\/5\/2026\/08\/IGSS-Jornada-de-la-Seguridad-Social-SAT-2026-00016-280x420.jpg\" srcset=\"\/wp-content\/uploads\/sites\/5\/2026\/08\/IGSS-Jornada-de-la-Seguridad-Social-SAT-2026-00016-280x420.jpg 280w, \/wp-content\/uploads\/sites\/5\/2026\/08\/IGSS-Jornada-de-la-Seguridad-Social-SAT-2026-00016-200x300.jpg 200w, \/wp-content\/uploads\/sites\/5\/2026\/08\/IGSS-Jornada-de-la-Seguridad-Social-SAT-2026-00016-682x1024.jpg 682w, \/wp-content\/uploads\/sites\/5\/2026\/08\/IGSS-Jornada-de-la-Seguridad-Social-SAT-2026-00016-768x1153.jpg 768w, \/wp-content\/uploads\/sites\/5\/2026\/08\/IGSS-Jornada-de-la-Seguridad-Social-SAT-2026-00016-1023x1536.jpg 1023w, \/wp-content\/uploads\/sites\/5\/2026\/08\/IGSS-Jornada-de-la-Seguridad-Social-SAT-2026-00016-696x1045.jpg 696w, \/wp-content\/uploads\/sites\/5\/2026\/08\/IGSS-Jornada-de-la-Seguridad-Social-SAT-2026-00016-308x462.jpg 308w, \/wp-content\/uploads\/sites\/5\/2026\/08\/IGSS-Jornada-de-la-Seguridad-Social-SAT-2026-00016.jpg 1066w\" sizes=\"(max-width: 280px) 100vw, 280px\" alt=\"\">\r\n                            <\/a>\r\n                            \r\n                        <\/figure>\r\n                    <\/div>\r\n                    <div class = \"td-slide-item td-item14\">\r\n                        <figure class=\"td-slide-galery-figure td-slide-popup-gallery\">\r\n                            <a class=\"slide-gallery-image-link\" href=\"\/wp-content\/uploads\/sites\/5\/2026\/08\/IGSS-Jornada-de-la-Seguridad-Social-SAT-2026-00017.jpg\" title=\"IGSS Jornada de la Seguridad Social SAT 2026-00017\"  data-caption=\"\"  data-description=\"\">\r\n                                <img decoding=\"async\" src=\"\/wp-content\/uploads\/sites\/5\/2026\/08\/IGSS-Jornada-de-la-Seguridad-Social-SAT-2026-00017-630x420.jpg\" srcset=\"\/wp-content\/uploads\/sites\/5\/2026\/08\/IGSS-Jornada-de-la-Seguridad-Social-SAT-2026-00017-630x420.jpg 630w, \/wp-content\/uploads\/sites\/5\/2026\/08\/IGSS-Jornada-de-la-Seguridad-Social-SAT-2026-00017-300x200.jpg 300w, \/wp-content\/uploads\/sites\/5\/2026\/08\/IGSS-Jornada-de-la-Seguridad-Social-SAT-2026-00017-1024x682.jpg 1024w, \/wp-content\/uploads\/sites\/5\/2026\/08\/IGSS-Jornada-de-la-Seguridad-Social-SAT-2026-00017-768x512.jpg 768w, \/wp-content\/uploads\/sites\/5\/2026\/08\/IGSS-Jornada-de-la-Seguridad-Social-SAT-2026-00017-1536x1023.jpg 1536w, \/wp-content\/uploads\/sites\/5\/2026\/08\/IGSS-Jornada-de-la-Seguridad-Social-SAT-2026-00017-696x464.jpg 696w, \/wp-content\/uploads\/sites\/5\/2026\/08\/IGSS-Jornada-de-la-Seguridad-Social-SAT-2026-00017-1068x712.jpg 1068w, \/wp-content\/uploads\/sites\/5\/2026\/08\/IGSS-Jornada-de-la-Seguridad-Social-SAT-2026-00017-534x356.jpg 534w, \/wp-content\/uploads\/sites\/5\/2026\/08\/IGSS-Jornada-de-la-Seguridad-Social-SAT-2026-00017.jpg 1600w\" sizes=\"(max-width: 630px) 100vw, 630px\" alt=\"\">\r\n                            <\/a>\r\n                            \r\n                        <\/figure>\r\n                    <\/div>\r\n                    <div class = \"td-slide-item td-item15\">\r\n                        <figure class=\"td-slide-galery-figure td-slide-popup-gallery\">\r\n                            <a class=\"slide-gallery-image-link\" href=\"\/wp-content\/uploads\/sites\/5\/2026\/08\/IGSS-Jornada-de-la-Seguridad-Social-SAT-2026-00018.jpg\" title=\"IGSS Jornada de la Seguridad Social SAT 2026-00018\"  data-caption=\"\"  data-description=\"\">\r\n                                <img decoding=\"async\" src=\"\/wp-content\/uploads\/sites\/5\/2026\/08\/IGSS-Jornada-de-la-Seguridad-Social-SAT-2026-00018-630x420.jpg\" srcset=\"\/wp-content\/uploads\/sites\/5\/2026\/08\/IGSS-Jornada-de-la-Seguridad-Social-SAT-2026-00018-630x420.jpg 630w, \/wp-content\/uploads\/sites\/5\/2026\/08\/IGSS-Jornada-de-la-Seguridad-Social-SAT-2026-00018-300x200.jpg 300w, \/wp-content\/uploads\/sites\/5\/2026\/08\/IGSS-Jornada-de-la-Seguridad-Social-SAT-2026-00018-1024x682.jpg 1024w, \/wp-content\/uploads\/sites\/5\/2026\/08\/IGSS-Jornada-de-la-Seguridad-Social-SAT-2026-00018-768x512.jpg 768w, \/wp-content\/uploads\/sites\/5\/2026\/08\/IGSS-Jornada-de-la-Seguridad-Social-SAT-2026-00018-1536x1023.jpg 1536w, \/wp-content\/uploads\/sites\/5\/2026\/08\/IGSS-Jornada-de-la-Seguridad-Social-SAT-2026-00018-696x464.jpg 696w, \/wp-content\/uploads\/sites\/5\/2026\/08\/IGSS-Jornada-de-la-Seguridad-Social-SAT-2026-00018-1068x712.jpg 1068w, \/wp-content\/uploads\/sites\/5\/2026\/08\/IGSS-Jornada-de-la-Seguridad-Social-SAT-2026-00018-534x356.jpg 534w, \/wp-content\/uploads\/sites\/5\/2026\/08\/IGSS-Jornada-de-la-Seguridad-Social-SAT-2026-00018.jpg 1600w\" sizes=\"(max-width: 630px) 100vw, 630px\" alt=\"\">\r\n                            <\/a>\r\n                            \r\n                        <\/figure>\r\n                    <\/div>\r\n                    <div class = \"td-slide-item td-item16\">\r\n                        <figure class=\"td-slide-galery-figure td-slide-popup-gallery\">\r\n                            <a class=\"slide-gallery-image-link\" href=\"\/wp-content\/uploads\/sites\/5\/2026\/08\/IGSS-Jornada-de-la-Seguridad-Social-SAT-2026-00019.jpg\" title=\"IGSS Jornada de la Seguridad Social SAT 2026-00019\"  data-caption=\"\"  data-description=\"\">\r\n                                <img decoding=\"async\" src=\"\/wp-content\/uploads\/sites\/5\/2026\/08\/IGSS-Jornada-de-la-Seguridad-Social-SAT-2026-00019-630x420.jpg\" srcset=\"\/wp-content\/uploads\/sites\/5\/2026\/08\/IGSS-Jornada-de-la-Seguridad-Social-SAT-2026-00019-630x420.jpg 630w, \/wp-content\/uploads\/sites\/5\/2026\/08\/IGSS-Jornada-de-la-Seguridad-Social-SAT-2026-00019-300x200.jpg 300w, \/wp-content\/uploads\/sites\/5\/2026\/08\/IGSS-Jornada-de-la-Seguridad-Social-SAT-2026-00019-1024x682.jpg 1024w, \/wp-content\/uploads\/sites\/5\/2026\/08\/IGSS-Jornada-de-la-Seguridad-Social-SAT-2026-00019-768x512.jpg 768w, \/wp-content\/uploads\/sites\/5\/2026\/08\/IGSS-Jornada-de-la-Seguridad-Social-SAT-2026-00019-1536x1023.jpg 1536w, \/wp-content\/uploads\/sites\/5\/2026\/08\/IGSS-Jornada-de-la-Seguridad-Social-SAT-2026-00019-696x464.jpg 696w, \/wp-content\/uploads\/sites\/5\/2026\/08\/IGSS-Jornada-de-la-Seguridad-Social-SAT-2026-00019-1068x712.jpg 1068w, \/wp-content\/uploads\/sites\/5\/2026\/08\/IGSS-Jornada-de-la-Seguridad-Social-SAT-2026-00019-534x356.jpg 534w, \/wp-content\/uploads\/sites\/5\/2026\/08\/IGSS-Jornada-de-la-Seguridad-Social-SAT-2026-00019.jpg 1600w\" sizes=\"(max-width: 630px) 100vw, 630px\" alt=\"\">\r\n                            <\/a>\r\n                            \r\n                        <\/figure>\r\n                    <\/div>\r\n                    <div class = \"td-slide-item td-item17\">\r\n                        <figure class=\"td-slide-galery-figure td-slide-popup-gallery\">\r\n                            <a class=\"slide-gallery-image-link\" href=\"\/wp-content\/uploads\/sites\/5\/2026\/08\/IGSS-Jornada-de-la-Seguridad-Social-SAT-2026-00020.jpg\" title=\"IGSS Jornada de la Seguridad Social SAT 2026-00020\"  data-caption=\"\"  data-description=\"\">\r\n                                <img decoding=\"async\" src=\"\/wp-content\/uploads\/sites\/5\/2026\/08\/IGSS-Jornada-de-la-Seguridad-Social-SAT-2026-00020-630x420.jpg\" srcset=\"\/wp-content\/uploads\/sites\/5\/2026\/08\/IGSS-Jornada-de-la-Seguridad-Social-SAT-2026-00020-630x420.jpg 630w, \/wp-content\/uploads\/sites\/5\/2026\/08\/IGSS-Jornada-de-la-Seguridad-Social-SAT-2026-00020-300x200.jpg 300w, \/wp-content\/uploads\/sites\/5\/2026\/08\/IGSS-Jornada-de-la-Seguridad-Social-SAT-2026-00020-1024x682.jpg 1024w, \/wp-content\/uploads\/sites\/5\/2026\/08\/IGSS-Jornada-de-la-Seguridad-Social-SAT-2026-00020-768x512.jpg 768w, \/wp-content\/uploads\/sites\/5\/2026\/08\/IGSS-Jornada-de-la-Seguridad-Social-SAT-2026-00020-1536x1023.jpg 1536w, \/wp-content\/uploads\/sites\/5\/2026\/08\/IGSS-Jornada-de-la-Seguridad-Social-SAT-2026-00020-696x464.jpg 696w, \/wp-content\/uploads\/sites\/5\/2026\/08\/IGSS-Jornada-de-la-Seguridad-Social-SAT-2026-00020-1068x712.jpg 1068w, \/wp-content\/uploads\/sites\/5\/2026\/08\/IGSS-Jornada-de-la-Seguridad-Social-SAT-2026-00020-534x356.jpg 534w, \/wp-content\/uploads\/sites\/5\/2026\/08\/IGSS-Jornada-de-la-Seguridad-Social-SAT-2026-00020.jpg 1600w\" sizes=\"(max-width: 630px) 100vw, 630px\" alt=\"\">\r\n                            <\/a>\r\n                            \r\n                        <\/figure>\r\n                    <\/div>\r\n                    <div class = \"td-slide-item td-item18\">\r\n                        <figure class=\"td-slide-galery-figure td-slide-popup-gallery\">\r\n                            <a class=\"slide-gallery-image-link\" href=\"\/wp-content\/uploads\/sites\/5\/2026\/08\/IGSS-Jornada-de-la-Seguridad-Social-SAT-2026-00022.jpg\" title=\"IGSS Jornada de la Seguridad Social SAT 2026-00022\"  data-caption=\"\"  data-description=\"\">\r\n                                <img decoding=\"async\" src=\"\/wp-content\/uploads\/sites\/5\/2026\/08\/IGSS-Jornada-de-la-Seguridad-Social-SAT-2026-00022-630x420.jpg\" srcset=\"\/wp-content\/uploads\/sites\/5\/2026\/08\/IGSS-Jornada-de-la-Seguridad-Social-SAT-2026-00022-630x420.jpg 630w, \/wp-content\/uploads\/sites\/5\/2026\/08\/IGSS-Jornada-de-la-Seguridad-Social-SAT-2026-00022-300x200.jpg 300w, \/wp-content\/uploads\/sites\/5\/2026\/08\/IGSS-Jornada-de-la-Seguridad-Social-SAT-2026-00022-1024x682.jpg 1024w, \/wp-content\/uploads\/sites\/5\/2026\/08\/IGSS-Jornada-de-la-Seguridad-Social-SAT-2026-00022-768x512.jpg 768w, \/wp-content\/uploads\/sites\/5\/2026\/08\/IGSS-Jornada-de-la-Seguridad-Social-SAT-2026-00022-1536x1023.jpg 1536w, \/wp-content\/uploads\/sites\/5\/2026\/08\/IGSS-Jornada-de-la-Seguridad-Social-SAT-2026-00022-696x464.jpg 696w, \/wp-content\/uploads\/sites\/5\/2026\/08\/IGSS-Jornada-de-la-Seguridad-Social-SAT-2026-00022-1068x712.jpg 1068w, \/wp-content\/uploads\/sites\/5\/2026\/08\/IGSS-Jornada-de-la-Seguridad-Social-SAT-2026-00022-534x356.jpg 534w, \/wp-content\/uploads\/sites\/5\/2026\/08\/IGSS-Jornada-de-la-Seguridad-Social-SAT-2026-00022.jpg 1600w\" sizes=\"(max-width: 630px) 100vw, 630px\" alt=\"\">\r\n                            <\/a>\r\n                            \r\n                        <\/figure>\r\n                    <\/div>\r\n                    <div class = \"td-slide-item td-item19\">\r\n                        <figure class=\"td-slide-galery-figure td-slide-popup-gallery\">\r\n                            <a class=\"slide-gallery-image-link\" href=\"\/wp-content\/uploads\/sites\/5\/2026\/08\/IGSS-Jornada-de-la-Seguridad-Social-SAT-2026-00024.jpg\" title=\"IGSS Jornada de la Seguridad Social SAT 2026-00024\"  data-caption=\"\"  data-description=\"\">\r\n                                <img decoding=\"async\" src=\"\/wp-content\/uploads\/sites\/5\/2026\/08\/IGSS-Jornada-de-la-Seguridad-Social-SAT-2026-00024-630x420.jpg\" srcset=\"\/wp-content\/uploads\/sites\/5\/2026\/08\/IGSS-Jornada-de-la-Seguridad-Social-SAT-2026-00024-630x420.jpg 630w, \/wp-content\/uploads\/sites\/5\/2026\/08\/IGSS-Jornada-de-la-Seguridad-Social-SAT-2026-00024-300x200.jpg 300w, \/wp-content\/uploads\/sites\/5\/2026\/08\/IGSS-Jornada-de-la-Seguridad-Social-SAT-2026-00024-1024x682.jpg 1024w, \/wp-content\/uploads\/sites\/5\/2026\/08\/IGSS-Jornada-de-la-Seguridad-Social-SAT-2026-00024-768x512.jpg 768w, \/wp-content\/uploads\/sites\/5\/2026\/08\/IGSS-Jornada-de-la-Seguridad-Social-SAT-2026-00024-1536x1023.jpg 1536w, \/wp-content\/uploads\/sites\/5\/2026\/08\/IGSS-Jornada-de-la-Seguridad-Social-SAT-2026-00024-696x464.jpg 696w, \/wp-content\/uploads\/sites\/5\/2026\/08\/IGSS-Jornada-de-la-Seguridad-Social-SAT-2026-00024-1068x712.jpg 1068w, \/wp-content\/uploads\/sites\/5\/2026\/08\/IGSS-Jornada-de-la-Seguridad-Social-SAT-2026-00024-534x356.jpg 534w, \/wp-content\/uploads\/sites\/5\/2026\/08\/IGSS-Jornada-de-la-Seguridad-Social-SAT-2026-00024.jpg 1600w\" sizes=\"(max-width: 630px) 100vw, 630px\" alt=\"\">\r\n                            <\/a>\r\n                            \r\n                        <\/figure>\r\n                    <\/div>\r\n                            <\/div>\r\n                        <\/div>\r\n\r\n                        <div class = \"td-doubleSlider-2\">\r\n                            <div class = \"td-slider\">\r\n                                \r\n                    <div class = \"td-button td-item1\">\r\n                        <div class = \"td-border\"><\/div>\r\n                    <\/div>\r\n                    <div class = \"td-button td-item2\">\r\n                        <div class = \"td-border\"><\/div>\r\n                    <\/div>\r\n                    <div class = \"td-button td-item3\">\r\n                        <div class = \"td-border\"><\/div>\r\n                    <\/div>\r\n                    <div class = \"td-button td-item4\">\r\n                        <div class = \"td-border\"><\/div>\r\n                    <\/div>\r\n                    <div class = \"td-button td-item5\">\r\n                        <div class = \"td-border\"><\/div>\r\n                    <\/div>\r\n                    <div class = \"td-button td-item6\">\r\n                        <div class = \"td-border\"><\/div>\r\n                    <\/div>\r\n                    <div class = \"td-button td-item7\">\r\n                        <div class = \"td-border\"><\/div>\r\n                    <\/div>\r\n                    <div class = \"td-button td-item8\">\r\n                        <div class = \"td-border\"><\/div>\r\n                    <\/div>\r\n                    <div class = \"td-button td-item9\">\r\n                        <div class = \"td-border\"><\/div>\r\n                    <\/div>\r\n                    <div class = \"td-button td-item10\">\r\n                        <div class = \"td-border\"><\/div>\r\n                    <\/div>\r\n                    <div class = \"td-button td-item11\">\r\n                        <div class = \"td-border\"><\/div>\r\n                    <\/div>\r\n                    <div class = \"td-button td-item12\">\r\n                        <div class = \"td-border\"><\/div>\r\n                    <\/div>\r\n                    <div class = \"td-button td-item13\">\r\n                        <div class = \"td-border\"><\/div>\r\n                    <\/div>\r\n                    <div class = \"td-button td-item14\">\r\n                        <div class = \"td-border\"><\/div>\r\n                    <\/div>\r\n                    <div class = \"td-button td-item15\">\r\n                        <div class = \"td-border\"><\/div>\r\n                    <\/div>\r\n                    <div class = \"td-button td-item16\">\r\n                        <div class = \"td-border\"><\/div>\r\n                    <\/div>\r\n                    <div class = \"td-button td-item17\">\r\n                        <div class = \"td-border\"><\/div>\r\n                    <\/div>\r\n                    <div class = \"td-button td-item18\">\r\n                        <div class = \"td-border\"><\/div>\r\n                    <\/div>\r\n                    <div class = \"td-button td-item19\">\r\n                        <div class = \"td-border\"><\/div>\r\n                    <\/div>\r\n                            <\/div>\r\n                        <\/div>\r\n\r\n                    <\/div>\r\n\r\n                <\/div>\r\n                ","protected":false},"excerpt":{"rendered":"<p>M\u00e1s de 600 trabajadores de la SAT participaron en la Jornada de la Seguridad Social realizada en SAT, zona 10, donde recibieron evaluaciones, an\u00e1lisis y orientaci\u00f3n m\u00e9dica para prevenir enfermedades. <\/p>\n","protected":false},"author":3269,"featured_media":59485,"comment_status":"closed","ping_status":"closed","sticky":false,"template":"","format":"standard","meta":{"footnotes":""},"categories":[3,1130,45,1291,27,31],"tags":[490,1755,2707,2646,2667,2706,2281,2486],"coauthors":[1970],"class_list":["post-59461","post","type-post","status-publish","format-standard","has-post-thumbnail","category-actualidad","category-consejos-medicos","category-jornadas-medicas","category-prestaciones-en-salud","category-prevencion-en-salud","category-salud","tag-igss","tag-jornada-de-la-seguridad-social","tag-jornada-de-la-seguridad-social-igss","tag-sipresalud","tag-sistema-integral-de-prevencion-en-salud-sipresalud","tag-tamizajes","tag-tamizajes-de-laboratorio","tag-tamizajes-igss"],"_links":{"self":[{"href":"https:\/\/www.igssgt.org\/noticias\/wp-json\/wp\/v2\/posts\/59461","targetHints":{"allow":["GET"]}}],"collection":[{"href":"https:\/\/www.igssgt.org\/noticias\/wp-json\/wp\/v2\/posts"}],"about":[{"href":"https:\/\/www.igssgt.org\/noticias\/wp-json\/wp\/v2\/types\/post"}],"author":[{"embeddable":true,"href":"https:\/\/www.igssgt.org\/noticias\/wp-json\/wp\/v2\/users\/3269"}],"replies":[{"embeddable":true,"href":"https:\/\/www.igssgt.org\/noticias\/wp-json\/wp\/v2\/comments?post=59461"}],"version-history":[{"count":2,"href":"https:\/\/www.igssgt.org\/noticias\/wp-json\/wp\/v2\/posts\/59461\/revisions"}],"predecessor-version":[{"id":59487,"href":"https:\/\/www.igssgt.org\/noticias\/wp-json\/wp\/v2\/posts\/59461\/revisions\/59487"}],"wp:featuredmedia":[{"embeddable":true,"href":"https:\/\/www.igssgt.org\/noticias\/wp-json\/wp\/v2\/media\/59485"}],"wp:attachment":[{"href":"https:\/\/www.igssgt.org\/noticias\/wp-json\/wp\/v2\/media?parent=59461"}],"wp:term":[{"taxonomy":"category","embeddable":true,"href":"https:\/\/www.igssgt.org\/noticias\/wp-json\/wp\/v2\/categories?post=59461"},{"taxonomy":"post_tag","embeddable":true,"href":"https:\/\/www.igssgt.org\/noticias\/wp-json\/wp\/v2\/tags?post=59461"},{"taxonomy":"author","embeddable":true,"href":"https:\/\/www.igssgt.org\/noticias\/wp-json\/wp\/v2\/coauthors?post=59461"}],"curies":[{"name":"wp","href":"https:\/\/api.w.org\/{rel}","templated":true}]}}