{"id":59488,"date":"2026-09-01T05:05:00","date_gmt":"2026-09-01T11:05:00","guid":{"rendered":"https:\/\/www.igssgt.org\/noticias\/?p=59488"},"modified":"2026-08-31T14:58:00","modified_gmt":"2026-08-31T20:58:00","slug":"el-igss-promueve-la-lucha-contra-el-cancer-infantil","status":"publish","type":"post","link":"https:\/\/www.igssgt.org\/noticias\/2026\/09\/01\/el-igss-promueve-la-lucha-contra-el-cancer-infantil\/","title":{"rendered":"El IGSS promueve la lucha contra el c\u00e1ncer infantil"},"content":{"rendered":"\n<p class=\"dropcapp2 wp-block-paragraph\">El Instituto Guatemalteco de Seguridad Social est\u00e1 firmemente comprometido con el cuidado de la ni\u00f1ez mediante la detecci\u00f3n y atenci\u00f3n oportuna del c\u00e1ncer pedi\u00e1trico, una enfermedad cada vez m\u00e1s prevalente a nivel mundial.<\/p>\n\n\n<p>Ana Luc\u00eda Guil\u00e1, onc\u00f3loga pedi\u00e1trica del Hospital General de Enfermedades indic\u00f3 que, a diferencia de la poblaci\u00f3n adulta, esta patolog\u00eda en la primera infancia suele originarse en c\u00e9lulas inmaduras, por lo que su gen\u00e9tica y comportamiento requieren un abordaje cl\u00ednico completamente distinto y altamente especializado.<\/p>\n<figure id=\"attachment_59489\" aria-describedby=\"caption-attachment-59489\" style=\"width: 1497px\" class=\"wp-caption aligncenter\"><a href=\"\/wp-content\/uploads\/sites\/5\/2026\/08\/IGSS-Hospital-General-de-Enfermedades-Mes-de-Concientizacion-sobre-el-Cancer-Infantil-2026-00001.jpg\"><img loading=\"lazy\" decoding=\"async\" class=\"size-full wp-image-59489\" src=\"\/wp-content\/uploads\/sites\/5\/2026\/08\/IGSS-Hospital-General-de-Enfermedades-Mes-de-Concientizacion-sobre-el-Cancer-Infantil-2026-00001.jpg\" alt=\"\" width=\"1497\" height=\"1035\" srcset=\"\/wp-content\/uploads\/sites\/5\/2026\/08\/IGSS-Hospital-General-de-Enfermedades-Mes-de-Concientizacion-sobre-el-Cancer-Infantil-2026-00001.jpg 1497w, \/wp-content\/uploads\/sites\/5\/2026\/08\/IGSS-Hospital-General-de-Enfermedades-Mes-de-Concientizacion-sobre-el-Cancer-Infantil-2026-00001-300x207.jpg 300w, \/wp-content\/uploads\/sites\/5\/2026\/08\/IGSS-Hospital-General-de-Enfermedades-Mes-de-Concientizacion-sobre-el-Cancer-Infantil-2026-00001-1024x708.jpg 1024w, \/wp-content\/uploads\/sites\/5\/2026\/08\/IGSS-Hospital-General-de-Enfermedades-Mes-de-Concientizacion-sobre-el-Cancer-Infantil-2026-00001-768x531.jpg 768w, \/wp-content\/uploads\/sites\/5\/2026\/08\/IGSS-Hospital-General-de-Enfermedades-Mes-de-Concientizacion-sobre-el-Cancer-Infantil-2026-00001-607x420.jpg 607w, \/wp-content\/uploads\/sites\/5\/2026\/08\/IGSS-Hospital-General-de-Enfermedades-Mes-de-Concientizacion-sobre-el-Cancer-Infantil-2026-00001-218x150.jpg 218w, \/wp-content\/uploads\/sites\/5\/2026\/08\/IGSS-Hospital-General-de-Enfermedades-Mes-de-Concientizacion-sobre-el-Cancer-Infantil-2026-00001-696x481.jpg 696w, \/wp-content\/uploads\/sites\/5\/2026\/08\/IGSS-Hospital-General-de-Enfermedades-Mes-de-Concientizacion-sobre-el-Cancer-Infantil-2026-00001-1068x738.jpg 1068w, \/wp-content\/uploads\/sites\/5\/2026\/08\/IGSS-Hospital-General-de-Enfermedades-Mes-de-Concientizacion-sobre-el-Cancer-Infantil-2026-00001-100x70.jpg 100w, \/wp-content\/uploads\/sites\/5\/2026\/08\/IGSS-Hospital-General-de-Enfermedades-Mes-de-Concientizacion-sobre-el-Cancer-Infantil-2026-00001-534x369.jpg 534w\" sizes=\"auto, (max-width: 1497px) 100vw, 1497px\" \/><\/a><figcaption id=\"caption-attachment-59489\" class=\"wp-caption-text\">En septiembre se conmemora la Concientizaci\u00f3n sobre el C\u00e1ncer Infantil.<\/figcaption><\/figure>\n<p>Seg\u00fan la especialista del Seguro Social, la leucemia linfobl\u00e1stica aguda es el diagn\u00f3stico m\u00e1s frecuente en el pa\u00eds, seguida por los tumores del sistema nervioso central, linfomas y retinoblastomas.<\/p>\n<p>\u201cCon un diagn\u00f3stico oportuno, se puede ofrecer hasta un 70 % de probabilidad de curaci\u00f3n para la leucemia\u201d indic\u00f3 Guil\u00e1.<\/p>\n<figure id=\"attachment_59497\" aria-describedby=\"caption-attachment-59497\" style=\"width: 480px\" class=\"wp-caption aligncenter\"><a href=\"\/wp-content\/uploads\/sites\/5\/2026\/08\/IGSS-Hospital-General-de-Enfermedades-Mes-de-Concientizacion-sobre-el-Cancer-Infantil-2026-00002-1.jpg\"><img loading=\"lazy\" decoding=\"async\" class=\"size-full wp-image-59497\" src=\"\/wp-content\/uploads\/sites\/5\/2026\/08\/IGSS-Hospital-General-de-Enfermedades-Mes-de-Concientizacion-sobre-el-Cancer-Infantil-2026-00002-1.jpg\" alt=\"\" width=\"480\" height=\"640\" srcset=\"\/wp-content\/uploads\/sites\/5\/2026\/08\/IGSS-Hospital-General-de-Enfermedades-Mes-de-Concientizacion-sobre-el-Cancer-Infantil-2026-00002-1.jpg 480w, \/wp-content\/uploads\/sites\/5\/2026\/08\/IGSS-Hospital-General-de-Enfermedades-Mes-de-Concientizacion-sobre-el-Cancer-Infantil-2026-00002-1-225x300.jpg 225w, \/wp-content\/uploads\/sites\/5\/2026\/08\/IGSS-Hospital-General-de-Enfermedades-Mes-de-Concientizacion-sobre-el-Cancer-Infantil-2026-00002-1-315x420.jpg 315w, \/wp-content\/uploads\/sites\/5\/2026\/08\/IGSS-Hospital-General-de-Enfermedades-Mes-de-Concientizacion-sobre-el-Cancer-Infantil-2026-00002-1-347x462.jpg 347w\" sizes=\"auto, (max-width: 480px) 100vw, 480px\" \/><\/a><figcaption id=\"caption-attachment-59497\" class=\"wp-caption-text\">Especialistas del IGSS instan a los padres a mantener controles peri\u00f3dicos con el pediatra para garantizar un diagn\u00f3stico oportuno.<\/figcaption><\/figure>\n<p>Para lograr este impacto y evitar que la enfermedad se trate en etapas avanzadas, el Instituto insta a los padres de familia a mantener controles peri\u00f3dicos con el pediatra e identificar a tiempo las se\u00f1ales de alerta, por ejemplo:<\/p>\n<ul>\n<li>Aparici\u00f3n de masas o hematomas que no disminuyen con el tiempo.<\/li>\n<li>Fiebres persistentes y sudoraciones nocturnas excesivas que empapan la cama.<\/li>\n<li>Dolor \u00f3seo anormal y alteraciones en ex\u00e1menes de sangre (anemias persistentes o plaquetas bajas).<\/li>\n<li>Rechazo a los alimentos y cambios anormales en el desarrollo del menor.<\/li>\n<\/ul>\n<p>La onc\u00f3loga pediatra indic\u00f3 que el tratamiento del c\u00e1ncer infantil exige un esfuerzo conjunto, es por ello que el IGSS aborda a sus pacientes con un equipo multidisciplinario que incluye onc\u00f3logos, nefr\u00f3logos, cardi\u00f3logos, endocrin\u00f3logos, cirujanos, nutricionistas, fisioterapeutas, psic\u00f3logos y trabajadores sociales, garantizando que el menor afronte el proceso con el mayor soporte integral posible.<\/p>\n<p>Dijo que adem\u00e1s se promueve una alimentaci\u00f3n balanceada y el consumo de agua pura, evitando bebidas carbonatadas o azucaradas que puedan sobrecargar la funci\u00f3n renal y hep\u00e1tica durante las quimioterapias.<\/p>\n<p>Finalmente, la especialista enfatiz\u00f3 que la instituci\u00f3n cuenta con el recurso humano y el cat\u00e1logo de tratamientos necesarios, permitiendo adem\u00e1s que los padres permanezcan con los ni\u00f1os durante sus hospitalizaciones.<\/p>\n<figure id=\"attachment_59491\" aria-describedby=\"caption-attachment-59491\" style=\"width: 630px\" class=\"wp-caption aligncenter\"><a href=\"\/wp-content\/uploads\/sites\/5\/2026\/08\/IGSS-Hospital-General-de-Enfermedades-Mes-de-Concientizacion-sobre-el-Cancer-Infantil-2026-00003.jpg\"><img loading=\"lazy\" decoding=\"async\" class=\"size-full wp-image-59491\" src=\"\/wp-content\/uploads\/sites\/5\/2026\/08\/IGSS-Hospital-General-de-Enfermedades-Mes-de-Concientizacion-sobre-el-Cancer-Infantil-2026-00003.jpg\" alt=\"\" width=\"630\" height=\"420\" srcset=\"\/wp-content\/uploads\/sites\/5\/2026\/08\/IGSS-Hospital-General-de-Enfermedades-Mes-de-Concientizacion-sobre-el-Cancer-Infantil-2026-00003.jpg 630w, \/wp-content\/uploads\/sites\/5\/2026\/08\/IGSS-Hospital-General-de-Enfermedades-Mes-de-Concientizacion-sobre-el-Cancer-Infantil-2026-00003-300x200.jpg 300w, \/wp-content\/uploads\/sites\/5\/2026\/08\/IGSS-Hospital-General-de-Enfermedades-Mes-de-Concientizacion-sobre-el-Cancer-Infantil-2026-00003-534x356.jpg 534w\" sizes=\"auto, (max-width: 630px) 100vw, 630px\" \/><\/a><figcaption id=\"caption-attachment-59491\" class=\"wp-caption-text\">Con un equipo multidisciplinario e instalaciones adecuadas, el Seguro Social brinda atenci\u00f3n integral a pacientes oncol\u00f3gicos infantiles.<\/figcaption><\/figure>\n<p>Afirm\u00f3 que la cobertura oncol\u00f3gica del Instituto abarca a menores de cero a siete a\u00f1os, extendi\u00e9ndose hasta los 15 a\u00f1os en el caso de enfermedades cong\u00e9nitas.<\/p>\n<p>Con esta atenci\u00f3n integral, se mantiene firme la esperanza de que los pacientes pedi\u00e1tricos puedan vencer la enfermedad, tocar la campana de la victoria y vivir una adultez plena.<\/p>\n\r\n                <style type=\"text\/css\">\r\n                    \r\n                    #tdi_1  .td-doubleSlider-2 .td-item1 {\r\n                        background: url(\/wp-content\/uploads\/sites\/5\/2026\/08\/IGSS-Hospital-General-de-Enfermedades-Mes-de-Concientizacion-sobre-el-Cancer-Infantil-2026-00004-80x60.jpg) 0 0 no-repeat;\r\n                    }\r\n                    #tdi_1  .td-doubleSlider-2 .td-item2 {\r\n                        background: url(\/wp-content\/uploads\/sites\/5\/2026\/08\/IGSS-Hospital-General-de-Enfermedades-Mes-de-Concientizacion-sobre-el-Cancer-Infantil-2026-00005-80x60.jpg) 0 0 no-repeat;\r\n                    }\r\n                <\/style>\r\n\r\n                <div id=\"tdi_1\" class=\"td-gallery td-slide-on-2-columns\">\r\n                    <div class=\"post_td_gallery\">\r\n                        <div class=\"td-gallery-slide-top\">\r\n                           <div class=\"td-gallery-title\">M\u00e1s fotos:<\/div>\r\n\r\n                            <div class=\"td-gallery-controls-wrapper\">\r\n                                <div class=\"td-gallery-slide-count\"><span class=\"td-gallery-slide-item-focus\">1<\/span> de 2<\/div>\r\n                                <div class=\"td-gallery-slide-prev-next-but\">\r\n                                    <i class = \"td-icon-left doubleSliderPrevButton\"><\/i>\r\n                                    <i class = \"td-icon-right doubleSliderNextButton\"><\/i>\r\n                                <\/div>\r\n                            <\/div>\r\n                        <\/div>\r\n\r\n                        <div class = \"td-doubleSlider-1 \">\r\n                            <div class = \"td-slider\">\r\n                                \r\n                    <div class = \"td-slide-item td-item1\">\r\n                        <figure class=\"td-slide-galery-figure td-slide-popup-gallery\">\r\n                            <a class=\"slide-gallery-image-link\" href=\"\/wp-content\/uploads\/sites\/5\/2026\/08\/IGSS-Hospital-General-de-Enfermedades-Mes-de-Concientizacion-sobre-el-Cancer-Infantil-2026-00004.jpg\" title=\"IGSS Hospital General de Enfermedades Mes de Concientizacio\u0301n sobre el Ca\u0301ncer Infantil 2026-00004\"  data-caption=\"\"  data-description=\"\">\r\n                                <img decoding=\"async\" src=\"\/wp-content\/uploads\/sites\/5\/2026\/08\/IGSS-Hospital-General-de-Enfermedades-Mes-de-Concientizacion-sobre-el-Cancer-Infantil-2026-00004.jpg\" srcset=\"\/wp-content\/uploads\/sites\/5\/2026\/08\/IGSS-Hospital-General-de-Enfermedades-Mes-de-Concientizacion-sobre-el-Cancer-Infantil-2026-00004.jpg 411w, \/wp-content\/uploads\/sites\/5\/2026\/08\/IGSS-Hospital-General-de-Enfermedades-Mes-de-Concientizacion-sobre-el-Cancer-Infantil-2026-00004-294x300.jpg 294w, \/wp-content\/uploads\/sites\/5\/2026\/08\/IGSS-Hospital-General-de-Enfermedades-Mes-de-Concientizacion-sobre-el-Cancer-Infantil-2026-00004-356x364.jpg 356w\" sizes=\"(max-width: 411px) 100vw, 411px\" alt=\"\">\r\n                            <\/a>\r\n                            \r\n                        <\/figure>\r\n                    <\/div>\r\n                    <div class = \"td-slide-item td-item2\">\r\n                        <figure class=\"td-slide-galery-figure td-slide-popup-gallery\">\r\n                            <a class=\"slide-gallery-image-link\" href=\"\/wp-content\/uploads\/sites\/5\/2026\/08\/IGSS-Hospital-General-de-Enfermedades-Mes-de-Concientizacion-sobre-el-Cancer-Infantil-2026-00005.jpg\" title=\"IGSS Hospital General de Enfermedades Mes de Concientizacio\u0301n sobre el Ca\u0301ncer Infantil 2026-00005\"  data-caption=\"\"  data-description=\"\">\r\n                                <img decoding=\"async\" src=\"\/wp-content\/uploads\/sites\/5\/2026\/08\/IGSS-Hospital-General-de-Enfermedades-Mes-de-Concientizacion-sobre-el-Cancer-Infantil-2026-00005-672x420.jpg\" srcset=\"\/wp-content\/uploads\/sites\/5\/2026\/08\/IGSS-Hospital-General-de-Enfermedades-Mes-de-Concientizacion-sobre-el-Cancer-Infantil-2026-00005-672x420.jpg 672w, \/wp-content\/uploads\/sites\/5\/2026\/08\/IGSS-Hospital-General-de-Enfermedades-Mes-de-Concientizacion-sobre-el-Cancer-Infantil-2026-00005-300x188.jpg 300w, \/wp-content\/uploads\/sites\/5\/2026\/08\/IGSS-Hospital-General-de-Enfermedades-Mes-de-Concientizacion-sobre-el-Cancer-Infantil-2026-00005-1024x640.jpg 1024w, \/wp-content\/uploads\/sites\/5\/2026\/08\/IGSS-Hospital-General-de-Enfermedades-Mes-de-Concientizacion-sobre-el-Cancer-Infantil-2026-00005-768x480.jpg 768w, \/wp-content\/uploads\/sites\/5\/2026\/08\/IGSS-Hospital-General-de-Enfermedades-Mes-de-Concientizacion-sobre-el-Cancer-Infantil-2026-00005-696x435.jpg 696w, \/wp-content\/uploads\/sites\/5\/2026\/08\/IGSS-Hospital-General-de-Enfermedades-Mes-de-Concientizacion-sobre-el-Cancer-Infantil-2026-00005-1068x668.jpg 1068w, \/wp-content\/uploads\/sites\/5\/2026\/08\/IGSS-Hospital-General-de-Enfermedades-Mes-de-Concientizacion-sobre-el-Cancer-Infantil-2026-00005-534x334.jpg 534w, \/wp-content\/uploads\/sites\/5\/2026\/08\/IGSS-Hospital-General-de-Enfermedades-Mes-de-Concientizacion-sobre-el-Cancer-Infantil-2026-00005.jpg 1536w\" sizes=\"(max-width: 672px) 100vw, 672px\" alt=\"\">\r\n                            <\/a>\r\n                            \r\n                        <\/figure>\r\n                    <\/div>\r\n                            <\/div>\r\n                        <\/div>\r\n\r\n                        <div class = \"td-doubleSlider-2\">\r\n                            <div class = \"td-slider\">\r\n                                \r\n                    <div class = \"td-button td-item1\">\r\n                        <div class = \"td-border\"><\/div>\r\n                    <\/div>\r\n                    <div class = \"td-button td-item2\">\r\n                        <div class = \"td-border\"><\/div>\r\n                    <\/div>\r\n                            <\/div>\r\n                        <\/div>\r\n\r\n                    <\/div>\r\n\r\n                <\/div>\r\n                ","protected":false},"excerpt":{"rendered":"<p>Durante septiembre, mes de la concientizaci\u00f3n contra el c\u00e1ncer infantil, el IGSS promueve su diagn\u00f3stico temprano. Un equipo multidisciplinario brinda atenci\u00f3n integral para garantizar la sobrevida de los pacientes pedi\u00e1tricos del pa\u00eds.<\/p>\n","protected":false},"author":3269,"featured_media":59494,"comment_status":"closed","ping_status":"closed","sticky":false,"template":"","format":"standard","meta":{"footnotes":""},"categories":[3,24,1291,27,31,33,36],"tags":[2982,481,490,1982,2849,2980,2979,2977,656,676,2939,2978,2981],"coauthors":[1970],"class_list":["post-59488","post","type-post","status-publish","format-standard","has-post-thumbnail","category-actualidad","category-pediatria","category-prestaciones-en-salud","category-prevencion-en-salud","category-salud","category-servicios-de-salud","category-unidades-medicas","tag-endocrinologia-igss","tag-hospital-general-de-enfermedades","tag-igss","tag-leucemia","tag-leucemia-linfoblastica-aguda","tag-linfomas","tag-los-tumores-del-sistema-nervioso-central","tag-mes-de-concientizacion-sobre-el-cancer-infantil","tag-nefrologia-del-igss","tag-oncologia","tag-oncologia-igss","tag-oncologia-pediatrica","tag-retinoblastomas"],"_links":{"self":[{"href":"https:\/\/www.igssgt.org\/noticias\/wp-json\/wp\/v2\/posts\/59488","targetHints":{"allow":["GET"]}}],"collection":[{"href":"https:\/\/www.igssgt.org\/noticias\/wp-json\/wp\/v2\/posts"}],"about":[{"href":"https:\/\/www.igssgt.org\/noticias\/wp-json\/wp\/v2\/types\/post"}],"author":[{"embeddable":true,"href":"https:\/\/www.igssgt.org\/noticias\/wp-json\/wp\/v2\/users\/3269"}],"replies":[{"embeddable":true,"href":"https:\/\/www.igssgt.org\/noticias\/wp-json\/wp\/v2\/comments?post=59488"}],"version-history":[{"count":2,"href":"https:\/\/www.igssgt.org\/noticias\/wp-json\/wp\/v2\/posts\/59488\/revisions"}],"predecessor-version":[{"id":59498,"href":"https:\/\/www.igssgt.org\/noticias\/wp-json\/wp\/v2\/posts\/59488\/revisions\/59498"}],"wp:featuredmedia":[{"embeddable":true,"href":"https:\/\/www.igssgt.org\/noticias\/wp-json\/wp\/v2\/media\/59494"}],"wp:attachment":[{"href":"https:\/\/www.igssgt.org\/noticias\/wp-json\/wp\/v2\/media?parent=59488"}],"wp:term":[{"taxonomy":"category","embeddable":true,"href":"https:\/\/www.igssgt.org\/noticias\/wp-json\/wp\/v2\/categories?post=59488"},{"taxonomy":"post_tag","embeddable":true,"href":"https:\/\/www.igssgt.org\/noticias\/wp-json\/wp\/v2\/tags?post=59488"},{"taxonomy":"author","embeddable":true,"href":"https:\/\/www.igssgt.org\/noticias\/wp-json\/wp\/v2\/coauthors?post=59488"}],"curies":[{"name":"wp","href":"https:\/\/api.w.org\/{rel}","templated":true}]}}