{"id":6035,"date":"2018-07-27T17:19:43","date_gmt":"2018-07-27T23:19:43","guid":{"rendered":"http:\/\/noticias.igssgt.org\/?p=6035"},"modified":"2018-07-27T17:19:43","modified_gmt":"2018-07-27T23:19:43","slug":"personal-del-hospital-dr-juan-jose-arevalo-bermejo-recibe-capacitacion-para-prevenir-incendios","status":"publish","type":"post","link":"https:\/\/www.igssgt.org\/noticias\/2018\/07\/27\/personal-del-hospital-dr-juan-jose-arevalo-bermejo-recibe-capacitacion-para-prevenir-incendios\/","title":{"rendered":"Personal del Hospital Dr. Juan Jos\u00e9 Ar\u00e9valo Bermejo recibe capacitaci\u00f3n para prevenir incendios"},"content":{"rendered":"<p>Integrantes de la primera brigada contra incendios del hospital Dr. Juan Jos\u00e9 Ar\u00e9valo Bermejo, fueron evaluados te\u00f3rica y pr\u00e1cticamente como parte de su formaci\u00f3n en esa \u00e1rea con el prop\u00f3sito de establecer el grado de aprendizaje que han tenido en los \u00faltimos tres meses.<\/p>\n<p>Esta brigada est\u00e1 integrada por colaboradores de las distintas \u00e1reas, con el prop\u00f3sito de que adquieran conocimientos y que puedan reaccionar ante cualquier incidente o conato de incendio dentro de esta unidad m\u00e9dica.<\/p>\n<p>La capacitaci\u00f3n fue impartida por bomberos de los diferentes cuerpos quienes trabajan en la Instituci\u00f3n, fue organizada por inspectores de la unidad del Departamento de Medicina Preventiva, del este centro asistencial.<\/p>\n\r\n                <style type=\"text\/css\">\r\n                    \r\n                    #tdi_1  .td-doubleSlider-2 .td-item1 {\r\n                        background: url(\/wp-content\/uploads\/sites\/5\/2018\/07\/Capacitacion-Brigada-contra-incendios-Hospital-Dr-Juan-Jose-Arevalo-Bermejo-2018-1-80x60.jpeg) 0 0 no-repeat;\r\n                    }\r\n                    #tdi_1  .td-doubleSlider-2 .td-item2 {\r\n                        background: url(\/wp-content\/uploads\/sites\/5\/2018\/07\/Capacitacion-Brigada-contra-incendios-Hospital-Dr-Juan-Jose-Arevalo-Bermejo-2018-2-80x60.jpeg) 0 0 no-repeat;\r\n                    }\r\n                    #tdi_1  .td-doubleSlider-2 .td-item3 {\r\n                        background: url(\/wp-content\/uploads\/sites\/5\/2018\/07\/Capacitacion-Brigada-contra-incendios-Hospital-Dr-Juan-Jose-Arevalo-Bermejo-2018-4-80x60.jpeg) 0 0 no-repeat;\r\n                    }\r\n                <\/style>\r\n\r\n                <div id=\"tdi_1\" class=\"td-gallery td-slide-on-2-columns\">\r\n                    <div class=\"post_td_gallery\">\r\n                        <div class=\"td-gallery-slide-top\">\r\n                           <div class=\"td-gallery-title\">Galer\u00eda de Im\u00e1genes<\/div>\r\n\r\n                            <div class=\"td-gallery-controls-wrapper\">\r\n                                <div class=\"td-gallery-slide-count\"><span class=\"td-gallery-slide-item-focus\">1<\/span> de 3<\/div>\r\n                                <div class=\"td-gallery-slide-prev-next-but\">\r\n                                    <i class = \"td-icon-left doubleSliderPrevButton\"><\/i>\r\n                                    <i class = \"td-icon-right doubleSliderNextButton\"><\/i>\r\n                                <\/div>\r\n                            <\/div>\r\n                        <\/div>\r\n\r\n                        <div class = \"td-doubleSlider-1 \">\r\n                            <div class = \"td-slider\">\r\n                                \r\n                    <div class = \"td-slide-item td-item1\">\r\n                        <figure class=\"td-slide-galery-figure td-slide-popup-gallery\">\r\n                            <a class=\"slide-gallery-image-link\" href=\"\/wp-content\/uploads\/sites\/5\/2018\/07\/Capacitacion-Brigada-contra-incendios-Hospital-Dr-Juan-Jose-Arevalo-Bermejo-2018-1.jpeg\" title=\"Capacitacion Brigada contra incendios Hospital Dr Juan Jose Arevalo Bermejo 2018-1\"  data-caption=\"\"  data-description=\"\">\r\n                                <img decoding=\"async\" src=\"\/wp-content\/uploads\/sites\/5\/2018\/07\/Capacitacion-Brigada-contra-incendios-Hospital-Dr-Juan-Jose-Arevalo-Bermejo-2018-1-560x420.jpeg\" srcset=\"\/wp-content\/uploads\/sites\/5\/2018\/07\/Capacitacion-Brigada-contra-incendios-Hospital-Dr-Juan-Jose-Arevalo-Bermejo-2018-1-560x420.jpeg 560w, \/wp-content\/uploads\/sites\/5\/2018\/07\/Capacitacion-Brigada-contra-incendios-Hospital-Dr-Juan-Jose-Arevalo-Bermejo-2018-1-300x225.jpeg 300w, \/wp-content\/uploads\/sites\/5\/2018\/07\/Capacitacion-Brigada-contra-incendios-Hospital-Dr-Juan-Jose-Arevalo-Bermejo-2018-1-768x576.jpeg 768w, \/wp-content\/uploads\/sites\/5\/2018\/07\/Capacitacion-Brigada-contra-incendios-Hospital-Dr-Juan-Jose-Arevalo-Bermejo-2018-1-1024x768.jpeg 1024w, \/wp-content\/uploads\/sites\/5\/2018\/07\/Capacitacion-Brigada-contra-incendios-Hospital-Dr-Juan-Jose-Arevalo-Bermejo-2018-1-80x60.jpeg 80w, \/wp-content\/uploads\/sites\/5\/2018\/07\/Capacitacion-Brigada-contra-incendios-Hospital-Dr-Juan-Jose-Arevalo-Bermejo-2018-1-696x522.jpeg 696w, \/wp-content\/uploads\/sites\/5\/2018\/07\/Capacitacion-Brigada-contra-incendios-Hospital-Dr-Juan-Jose-Arevalo-Bermejo-2018-1-1068x801.jpeg 1068w, \/wp-content\/uploads\/sites\/5\/2018\/07\/Capacitacion-Brigada-contra-incendios-Hospital-Dr-Juan-Jose-Arevalo-Bermejo-2018-1-265x198.jpeg 265w, \/wp-content\/uploads\/sites\/5\/2018\/07\/Capacitacion-Brigada-contra-incendios-Hospital-Dr-Juan-Jose-Arevalo-Bermejo-2018-1-534x401.jpeg 534w, \/wp-content\/uploads\/sites\/5\/2018\/07\/Capacitacion-Brigada-contra-incendios-Hospital-Dr-Juan-Jose-Arevalo-Bermejo-2018-1.jpeg 1280w\" sizes=\"(max-width: 560px) 100vw, 560px\" alt=\"\">\r\n                            <\/a>\r\n                            \r\n                        <\/figure>\r\n                    <\/div>\r\n                    <div class = \"td-slide-item td-item2\">\r\n                        <figure class=\"td-slide-galery-figure td-slide-popup-gallery\">\r\n                            <a class=\"slide-gallery-image-link\" href=\"\/wp-content\/uploads\/sites\/5\/2018\/07\/Capacitacion-Brigada-contra-incendios-Hospital-Dr-Juan-Jose-Arevalo-Bermejo-2018-2.jpeg\" title=\"Capacitacion Brigada contra incendios Hospital Dr Juan Jose Arevalo Bermejo 2018-2\"  data-caption=\"\"  data-description=\"\">\r\n                                <img decoding=\"async\" src=\"\/wp-content\/uploads\/sites\/5\/2018\/07\/Capacitacion-Brigada-contra-incendios-Hospital-Dr-Juan-Jose-Arevalo-Bermejo-2018-2-560x420.jpeg\" srcset=\"\/wp-content\/uploads\/sites\/5\/2018\/07\/Capacitacion-Brigada-contra-incendios-Hospital-Dr-Juan-Jose-Arevalo-Bermejo-2018-2-560x420.jpeg 560w, \/wp-content\/uploads\/sites\/5\/2018\/07\/Capacitacion-Brigada-contra-incendios-Hospital-Dr-Juan-Jose-Arevalo-Bermejo-2018-2-300x225.jpeg 300w, \/wp-content\/uploads\/sites\/5\/2018\/07\/Capacitacion-Brigada-contra-incendios-Hospital-Dr-Juan-Jose-Arevalo-Bermejo-2018-2-768x576.jpeg 768w, \/wp-content\/uploads\/sites\/5\/2018\/07\/Capacitacion-Brigada-contra-incendios-Hospital-Dr-Juan-Jose-Arevalo-Bermejo-2018-2-1024x768.jpeg 1024w, \/wp-content\/uploads\/sites\/5\/2018\/07\/Capacitacion-Brigada-contra-incendios-Hospital-Dr-Juan-Jose-Arevalo-Bermejo-2018-2-80x60.jpeg 80w, \/wp-content\/uploads\/sites\/5\/2018\/07\/Capacitacion-Brigada-contra-incendios-Hospital-Dr-Juan-Jose-Arevalo-Bermejo-2018-2-696x522.jpeg 696w, \/wp-content\/uploads\/sites\/5\/2018\/07\/Capacitacion-Brigada-contra-incendios-Hospital-Dr-Juan-Jose-Arevalo-Bermejo-2018-2-1068x801.jpeg 1068w, \/wp-content\/uploads\/sites\/5\/2018\/07\/Capacitacion-Brigada-contra-incendios-Hospital-Dr-Juan-Jose-Arevalo-Bermejo-2018-2-265x198.jpeg 265w, \/wp-content\/uploads\/sites\/5\/2018\/07\/Capacitacion-Brigada-contra-incendios-Hospital-Dr-Juan-Jose-Arevalo-Bermejo-2018-2-534x401.jpeg 534w, \/wp-content\/uploads\/sites\/5\/2018\/07\/Capacitacion-Brigada-contra-incendios-Hospital-Dr-Juan-Jose-Arevalo-Bermejo-2018-2.jpeg 1280w\" sizes=\"(max-width: 560px) 100vw, 560px\" alt=\"\">\r\n                            <\/a>\r\n                            \r\n                        <\/figure>\r\n                    <\/div>\r\n                    <div class = \"td-slide-item td-item3\">\r\n                        <figure class=\"td-slide-galery-figure td-slide-popup-gallery\">\r\n                            <a class=\"slide-gallery-image-link\" href=\"\/wp-content\/uploads\/sites\/5\/2018\/07\/Capacitacion-Brigada-contra-incendios-Hospital-Dr-Juan-Jose-Arevalo-Bermejo-2018-4.jpeg\" title=\"Capacitacion Brigada contra incendios Hospital Dr Juan Jose Arevalo Bermejo 2018-4\"  data-caption=\"\"  data-description=\"\">\r\n                                <img decoding=\"async\" src=\"\/wp-content\/uploads\/sites\/5\/2018\/07\/Capacitacion-Brigada-contra-incendios-Hospital-Dr-Juan-Jose-Arevalo-Bermejo-2018-4-560x420.jpeg\" srcset=\"\/wp-content\/uploads\/sites\/5\/2018\/07\/Capacitacion-Brigada-contra-incendios-Hospital-Dr-Juan-Jose-Arevalo-Bermejo-2018-4-560x420.jpeg 560w, \/wp-content\/uploads\/sites\/5\/2018\/07\/Capacitacion-Brigada-contra-incendios-Hospital-Dr-Juan-Jose-Arevalo-Bermejo-2018-4-300x225.jpeg 300w, \/wp-content\/uploads\/sites\/5\/2018\/07\/Capacitacion-Brigada-contra-incendios-Hospital-Dr-Juan-Jose-Arevalo-Bermejo-2018-4-768x576.jpeg 768w, \/wp-content\/uploads\/sites\/5\/2018\/07\/Capacitacion-Brigada-contra-incendios-Hospital-Dr-Juan-Jose-Arevalo-Bermejo-2018-4-1024x768.jpeg 1024w, \/wp-content\/uploads\/sites\/5\/2018\/07\/Capacitacion-Brigada-contra-incendios-Hospital-Dr-Juan-Jose-Arevalo-Bermejo-2018-4-80x60.jpeg 80w, \/wp-content\/uploads\/sites\/5\/2018\/07\/Capacitacion-Brigada-contra-incendios-Hospital-Dr-Juan-Jose-Arevalo-Bermejo-2018-4-696x522.jpeg 696w, \/wp-content\/uploads\/sites\/5\/2018\/07\/Capacitacion-Brigada-contra-incendios-Hospital-Dr-Juan-Jose-Arevalo-Bermejo-2018-4-1068x801.jpeg 1068w, \/wp-content\/uploads\/sites\/5\/2018\/07\/Capacitacion-Brigada-contra-incendios-Hospital-Dr-Juan-Jose-Arevalo-Bermejo-2018-4-265x198.jpeg 265w, \/wp-content\/uploads\/sites\/5\/2018\/07\/Capacitacion-Brigada-contra-incendios-Hospital-Dr-Juan-Jose-Arevalo-Bermejo-2018-4-534x401.jpeg 534w, \/wp-content\/uploads\/sites\/5\/2018\/07\/Capacitacion-Brigada-contra-incendios-Hospital-Dr-Juan-Jose-Arevalo-Bermejo-2018-4.jpeg 1280w\" sizes=\"(max-width: 560px) 100vw, 560px\" alt=\"\">\r\n                            <\/a>\r\n                            \r\n                        <\/figure>\r\n                    <\/div>\r\n                            <\/div>\r\n                        <\/div>\r\n\r\n                        <div class = \"td-doubleSlider-2\">\r\n                            <div class = \"td-slider\">\r\n                                \r\n                    <div class = \"td-button td-item1\">\r\n                        <div class = \"td-border\"><\/div>\r\n                    <\/div>\r\n                    <div class = \"td-button td-item2\">\r\n                        <div class = \"td-border\"><\/div>\r\n                    <\/div>\r\n                    <div class = \"td-button td-item3\">\r\n                        <div class = \"td-border\"><\/div>\r\n                    <\/div>\r\n                            <\/div>\r\n                        <\/div>\r\n\r\n                    <\/div>\r\n\r\n                <\/div>\r\n                \n<hr \/>\n<p>&nbsp;<\/p>\n","protected":false},"excerpt":{"rendered":"<p>Integrantes de la primera brigada contra incendios del hospital Dr. Juan Jos\u00e9 Ar\u00e9valo Bermejo, fueron evaluados te\u00f3rica y pr\u00e1cticamente como parte de su formaci\u00f3n en esa \u00e1rea con el prop\u00f3sito de establecer el grado de aprendizaje que han tenido en los \u00faltimos tres meses. Esta brigada est\u00e1 integrada por colaboradores de las distintas \u00e1reas, con [&hellip;]<\/p>\n","protected":false},"author":4,"featured_media":6039,"comment_status":"open","ping_status":"open","sticky":false,"template":"","format":"standard","meta":{"footnotes":""},"categories":[3,29,36],"tags":[160,490,724],"coauthors":[],"class_list":{"0":"post-6035","1":"post","2":"type-post","3":"status-publish","4":"format-standard","5":"has-post-thumbnail","7":"category-actualidad","8":"category-publicaciones","9":"category-unidades-medicas","10":"tag-capacitacion","11":"tag-igss","12":"tag-prevencion-de-accidentes"},"_links":{"self":[{"href":"https:\/\/www.igssgt.org\/noticias\/wp-json\/wp\/v2\/posts\/6035","targetHints":{"allow":["GET"]}}],"collection":[{"href":"https:\/\/www.igssgt.org\/noticias\/wp-json\/wp\/v2\/posts"}],"about":[{"href":"https:\/\/www.igssgt.org\/noticias\/wp-json\/wp\/v2\/types\/post"}],"author":[{"embeddable":true,"href":"https:\/\/www.igssgt.org\/noticias\/wp-json\/wp\/v2\/users\/4"}],"replies":[{"embeddable":true,"href":"https:\/\/www.igssgt.org\/noticias\/wp-json\/wp\/v2\/comments?post=6035"}],"version-history":[{"count":0,"href":"https:\/\/www.igssgt.org\/noticias\/wp-json\/wp\/v2\/posts\/6035\/revisions"}],"wp:featuredmedia":[{"embeddable":true,"href":"https:\/\/www.igssgt.org\/noticias\/wp-json\/wp\/v2\/media\/6039"}],"wp:attachment":[{"href":"https:\/\/www.igssgt.org\/noticias\/wp-json\/wp\/v2\/media?parent=6035"}],"wp:term":[{"taxonomy":"category","embeddable":true,"href":"https:\/\/www.igssgt.org\/noticias\/wp-json\/wp\/v2\/categories?post=6035"},{"taxonomy":"post_tag","embeddable":true,"href":"https:\/\/www.igssgt.org\/noticias\/wp-json\/wp\/v2\/tags?post=6035"},{"taxonomy":"author","embeddable":true,"href":"https:\/\/www.igssgt.org\/noticias\/wp-json\/wp\/v2\/coauthors?post=6035"}],"curies":[{"name":"wp","href":"https:\/\/api.w.org\/{rel}","templated":true}]}}