{"id":6053,"date":"2018-07-30T14:00:29","date_gmt":"2018-07-30T20:00:29","guid":{"rendered":"http:\/\/noticias.igssgt.org\/?p=6053"},"modified":"2018-07-30T14:00:29","modified_gmt":"2018-07-30T20:00:29","slug":"se-inicia-taller-sobre-proteccion-social-y-politicas-de-formalizacion-con-la-oit","status":"publish","type":"post","link":"https:\/\/www.igssgt.org\/noticias\/2018\/07\/30\/se-inicia-taller-sobre-proteccion-social-y-politicas-de-formalizacion-con-la-oit\/","title":{"rendered":"Se inicia taller sobre protecci\u00f3n social y pol\u00edticas de formalizaci\u00f3n con la OIT"},"content":{"rendered":"<p>Con la finalidad de contar con estrategias que brinden cobertura de Seguridad Social a la poblaci\u00f3n desprotegida, se inici\u00f3 el taller \u201cExtensi\u00f3n de la protecci\u00f3n social en el contexto de las pol\u00edticas de formalizaci\u00f3n\u201d, a cargo de expertos de la Organizaci\u00f3n Internacional del Trabajo (OIT).<\/p>\n<p>Este taller, realizado en las instalaciones de las Oficinas Centrales del Instituto Guatemalteco de Seguridad Social (IGSS), finalizar\u00e1 el pr\u00f3ximo viernes. Participan representantes de los seguros sociales y ministerios de Trabajo de Belice, Costa Rica, Cuba, El Salvador, Guatemala, M\u00e9xico y Per\u00fa.<\/p>\n<p>Durante esta actividad se tiene previsto que los asistentes realicen conjuntamente algunas estrategias basadas en el intercambio de experiencias que buscan beneficiar con seguro social a las personas del sector informal y trabajadores migrantes, pero que adem\u00e1s pasen a integrar el sector formal, dijo Charles Knox-Vydmanov, director del programa de Seguro Social del Centro Internacional de Formaci\u00f3n, de la OIT.<\/p>\n<p>El taller fue inaugurado por el licenciado Carlos Contreras, presidente de la Junta Directiva del IGSS, quien solicit\u00f3 a los asistentes que analicen extender la cobertura y los pisos m\u00ednimos de la seguridad social para beneficiar a la poblaci\u00f3n trabajadora de la econom\u00eda informal.<\/p>\n\r\n                <style type=\"text\/css\">\r\n                    \r\n                    #tdi_1  .td-doubleSlider-2 .td-item1 {\r\n                        background: url(\/wp-content\/uploads\/sites\/5\/2018\/07\/Taller-Proteccion-Social-y-politicas-deformalizacion-oit-igss-2018-1-80x60.jpeg) 0 0 no-repeat;\r\n                    }\r\n                    #tdi_1  .td-doubleSlider-2 .td-item2 {\r\n                        background: url(\/wp-content\/uploads\/sites\/5\/2018\/07\/Taller-Proteccion-Social-y-politicas-deformalizacion-oit-igss-2018-2-80x60.jpeg) 0 0 no-repeat;\r\n                    }\r\n                    #tdi_1  .td-doubleSlider-2 .td-item3 {\r\n                        background: url(\/wp-content\/uploads\/sites\/5\/2018\/07\/Taller-Proteccion-Social-y-politicas-deformalizacion-oit-igss-2018-3-80x60.jpeg) 0 0 no-repeat;\r\n                    }\r\n                    #tdi_1  .td-doubleSlider-2 .td-item4 {\r\n                        background: url(\/wp-content\/uploads\/sites\/5\/2018\/07\/Taller-Proteccion-Social-y-politicas-deformalizacion-oit-igss-2018-4-80x60.jpeg) 0 0 no-repeat;\r\n                    }\r\n                    #tdi_1  .td-doubleSlider-2 .td-item5 {\r\n                        background: url(\/wp-content\/uploads\/sites\/5\/2018\/07\/Taller-Proteccion-Social-y-politicas-deformalizacion-oit-igss-2018-5-80x60.jpeg) 0 0 no-repeat;\r\n                    }\r\n                <\/style>\r\n\r\n                <div id=\"tdi_1\" class=\"td-gallery td-slide-on-2-columns\">\r\n                    <div class=\"post_td_gallery\">\r\n                        <div class=\"td-gallery-slide-top\">\r\n                           <div class=\"td-gallery-title\">Galer\u00eda de Im\u00e1genes<\/div>\r\n\r\n                            <div class=\"td-gallery-controls-wrapper\">\r\n                                <div class=\"td-gallery-slide-count\"><span class=\"td-gallery-slide-item-focus\">1<\/span> de 5<\/div>\r\n                                <div class=\"td-gallery-slide-prev-next-but\">\r\n                                    <i class = \"td-icon-left doubleSliderPrevButton\"><\/i>\r\n                                    <i class = \"td-icon-right doubleSliderNextButton\"><\/i>\r\n                                <\/div>\r\n                            <\/div>\r\n                        <\/div>\r\n\r\n                        <div class = \"td-doubleSlider-1 \">\r\n                            <div class = \"td-slider\">\r\n                                \r\n                    <div class = \"td-slide-item td-item1\">\r\n                        <figure class=\"td-slide-galery-figure td-slide-popup-gallery\">\r\n                            <a class=\"slide-gallery-image-link\" href=\"\/wp-content\/uploads\/sites\/5\/2018\/07\/Taller-Proteccion-Social-y-politicas-deformalizacion-oit-igss-2018-1.jpeg\" title=\"Taller Proteccion Social y politicas deformalizacion oit igss 2018-1\"  data-caption=\"\"  data-description=\"\">\r\n                                <img decoding=\"async\" src=\"\/wp-content\/uploads\/sites\/5\/2018\/07\/Taller-Proteccion-Social-y-politicas-deformalizacion-oit-igss-2018-1-630x420.jpeg\" srcset=\"\/wp-content\/uploads\/sites\/5\/2018\/07\/Taller-Proteccion-Social-y-politicas-deformalizacion-oit-igss-2018-1-630x420.jpeg 630w, \/wp-content\/uploads\/sites\/5\/2018\/07\/Taller-Proteccion-Social-y-politicas-deformalizacion-oit-igss-2018-1-300x200.jpeg 300w, \/wp-content\/uploads\/sites\/5\/2018\/07\/Taller-Proteccion-Social-y-politicas-deformalizacion-oit-igss-2018-1-768x512.jpeg 768w, \/wp-content\/uploads\/sites\/5\/2018\/07\/Taller-Proteccion-Social-y-politicas-deformalizacion-oit-igss-2018-1.jpeg 1024w, \/wp-content\/uploads\/sites\/5\/2018\/07\/Taller-Proteccion-Social-y-politicas-deformalizacion-oit-igss-2018-1-696x464.jpeg 696w, \/wp-content\/uploads\/sites\/5\/2018\/07\/Taller-Proteccion-Social-y-politicas-deformalizacion-oit-igss-2018-1-534x356.jpeg 534w\" sizes=\"(max-width: 630px) 100vw, 630px\" alt=\"\">\r\n                            <\/a>\r\n                            \r\n                        <\/figure>\r\n                    <\/div>\r\n                    <div class = \"td-slide-item td-item2\">\r\n                        <figure class=\"td-slide-galery-figure td-slide-popup-gallery\">\r\n                            <a class=\"slide-gallery-image-link\" href=\"\/wp-content\/uploads\/sites\/5\/2018\/07\/Taller-Proteccion-Social-y-politicas-deformalizacion-oit-igss-2018-2.jpeg\" title=\"Taller Proteccion Social y politicas deformalizacion oit igss 2018-2\"  data-caption=\"\"  data-description=\"\">\r\n                                <img decoding=\"async\" src=\"\/wp-content\/uploads\/sites\/5\/2018\/07\/Taller-Proteccion-Social-y-politicas-deformalizacion-oit-igss-2018-2-630x420.jpeg\" srcset=\"\/wp-content\/uploads\/sites\/5\/2018\/07\/Taller-Proteccion-Social-y-politicas-deformalizacion-oit-igss-2018-2-630x420.jpeg 630w, \/wp-content\/uploads\/sites\/5\/2018\/07\/Taller-Proteccion-Social-y-politicas-deformalizacion-oit-igss-2018-2-300x200.jpeg 300w, \/wp-content\/uploads\/sites\/5\/2018\/07\/Taller-Proteccion-Social-y-politicas-deformalizacion-oit-igss-2018-2-768x512.jpeg 768w, \/wp-content\/uploads\/sites\/5\/2018\/07\/Taller-Proteccion-Social-y-politicas-deformalizacion-oit-igss-2018-2.jpeg 1024w, \/wp-content\/uploads\/sites\/5\/2018\/07\/Taller-Proteccion-Social-y-politicas-deformalizacion-oit-igss-2018-2-696x464.jpeg 696w, \/wp-content\/uploads\/sites\/5\/2018\/07\/Taller-Proteccion-Social-y-politicas-deformalizacion-oit-igss-2018-2-534x356.jpeg 534w\" sizes=\"(max-width: 630px) 100vw, 630px\" alt=\"\">\r\n                            <\/a>\r\n                            \r\n                        <\/figure>\r\n                    <\/div>\r\n                    <div class = \"td-slide-item td-item3\">\r\n                        <figure class=\"td-slide-galery-figure td-slide-popup-gallery\">\r\n                            <a class=\"slide-gallery-image-link\" href=\"\/wp-content\/uploads\/sites\/5\/2018\/07\/Taller-Proteccion-Social-y-politicas-deformalizacion-oit-igss-2018-3.jpeg\" title=\"Taller Proteccion Social y politicas deformalizacion oit igss 2018-3\"  data-caption=\"\"  data-description=\"\">\r\n                                <img decoding=\"async\" src=\"\/wp-content\/uploads\/sites\/5\/2018\/07\/Taller-Proteccion-Social-y-politicas-deformalizacion-oit-igss-2018-3-630x420.jpeg\" srcset=\"\/wp-content\/uploads\/sites\/5\/2018\/07\/Taller-Proteccion-Social-y-politicas-deformalizacion-oit-igss-2018-3-630x420.jpeg 630w, \/wp-content\/uploads\/sites\/5\/2018\/07\/Taller-Proteccion-Social-y-politicas-deformalizacion-oit-igss-2018-3-300x200.jpeg 300w, \/wp-content\/uploads\/sites\/5\/2018\/07\/Taller-Proteccion-Social-y-politicas-deformalizacion-oit-igss-2018-3-768x512.jpeg 768w, \/wp-content\/uploads\/sites\/5\/2018\/07\/Taller-Proteccion-Social-y-politicas-deformalizacion-oit-igss-2018-3.jpeg 1024w, \/wp-content\/uploads\/sites\/5\/2018\/07\/Taller-Proteccion-Social-y-politicas-deformalizacion-oit-igss-2018-3-696x464.jpeg 696w, \/wp-content\/uploads\/sites\/5\/2018\/07\/Taller-Proteccion-Social-y-politicas-deformalizacion-oit-igss-2018-3-534x356.jpeg 534w\" sizes=\"(max-width: 630px) 100vw, 630px\" alt=\"\">\r\n                            <\/a>\r\n                            \r\n                        <\/figure>\r\n                    <\/div>\r\n                    <div class = \"td-slide-item td-item4\">\r\n                        <figure class=\"td-slide-galery-figure td-slide-popup-gallery\">\r\n                            <a class=\"slide-gallery-image-link\" href=\"\/wp-content\/uploads\/sites\/5\/2018\/07\/Taller-Proteccion-Social-y-politicas-deformalizacion-oit-igss-2018-4.jpeg\" title=\"Taller Proteccion Social y politicas deformalizacion oit igss 2018-4\"  data-caption=\"\"  data-description=\"\">\r\n                                <img decoding=\"async\" src=\"\/wp-content\/uploads\/sites\/5\/2018\/07\/Taller-Proteccion-Social-y-politicas-deformalizacion-oit-igss-2018-4-630x420.jpeg\" srcset=\"\/wp-content\/uploads\/sites\/5\/2018\/07\/Taller-Proteccion-Social-y-politicas-deformalizacion-oit-igss-2018-4-630x420.jpeg 630w, \/wp-content\/uploads\/sites\/5\/2018\/07\/Taller-Proteccion-Social-y-politicas-deformalizacion-oit-igss-2018-4-300x200.jpeg 300w, \/wp-content\/uploads\/sites\/5\/2018\/07\/Taller-Proteccion-Social-y-politicas-deformalizacion-oit-igss-2018-4-768x512.jpeg 768w, \/wp-content\/uploads\/sites\/5\/2018\/07\/Taller-Proteccion-Social-y-politicas-deformalizacion-oit-igss-2018-4.jpeg 1024w, \/wp-content\/uploads\/sites\/5\/2018\/07\/Taller-Proteccion-Social-y-politicas-deformalizacion-oit-igss-2018-4-696x464.jpeg 696w, \/wp-content\/uploads\/sites\/5\/2018\/07\/Taller-Proteccion-Social-y-politicas-deformalizacion-oit-igss-2018-4-534x356.jpeg 534w\" sizes=\"(max-width: 630px) 100vw, 630px\" alt=\"\">\r\n                            <\/a>\r\n                            \r\n                        <\/figure>\r\n                    <\/div>\r\n                    <div class = \"td-slide-item td-item5\">\r\n                        <figure class=\"td-slide-galery-figure td-slide-popup-gallery\">\r\n                            <a class=\"slide-gallery-image-link\" href=\"\/wp-content\/uploads\/sites\/5\/2018\/07\/Taller-Proteccion-Social-y-politicas-deformalizacion-oit-igss-2018-5.jpeg\" title=\"Taller Proteccion Social y politicas deformalizacion oit igss 2018-5\"  data-caption=\"\"  data-description=\"\">\r\n                                <img decoding=\"async\" src=\"\/wp-content\/uploads\/sites\/5\/2018\/07\/Taller-Proteccion-Social-y-politicas-deformalizacion-oit-igss-2018-5-630x420.jpeg\" srcset=\"\/wp-content\/uploads\/sites\/5\/2018\/07\/Taller-Proteccion-Social-y-politicas-deformalizacion-oit-igss-2018-5-630x420.jpeg 630w, \/wp-content\/uploads\/sites\/5\/2018\/07\/Taller-Proteccion-Social-y-politicas-deformalizacion-oit-igss-2018-5-300x200.jpeg 300w, \/wp-content\/uploads\/sites\/5\/2018\/07\/Taller-Proteccion-Social-y-politicas-deformalizacion-oit-igss-2018-5-768x512.jpeg 768w, \/wp-content\/uploads\/sites\/5\/2018\/07\/Taller-Proteccion-Social-y-politicas-deformalizacion-oit-igss-2018-5.jpeg 1024w, \/wp-content\/uploads\/sites\/5\/2018\/07\/Taller-Proteccion-Social-y-politicas-deformalizacion-oit-igss-2018-5-696x464.jpeg 696w, \/wp-content\/uploads\/sites\/5\/2018\/07\/Taller-Proteccion-Social-y-politicas-deformalizacion-oit-igss-2018-5-534x356.jpeg 534w\" sizes=\"(max-width: 630px) 100vw, 630px\" alt=\"\">\r\n                            <\/a>\r\n                            \r\n                        <\/figure>\r\n                    <\/div>\r\n                            <\/div>\r\n                        <\/div>\r\n\r\n                        <div class = \"td-doubleSlider-2\">\r\n                            <div class = \"td-slider\">\r\n                                \r\n                    <div class = \"td-button td-item1\">\r\n                        <div class = \"td-border\"><\/div>\r\n                    <\/div>\r\n                    <div class = \"td-button td-item2\">\r\n                        <div class = \"td-border\"><\/div>\r\n                    <\/div>\r\n                    <div class = \"td-button td-item3\">\r\n                        <div class = \"td-border\"><\/div>\r\n                    <\/div>\r\n                    <div class = \"td-button td-item4\">\r\n                        <div class = \"td-border\"><\/div>\r\n                    <\/div>\r\n                    <div class = \"td-button td-item5\">\r\n                        <div class = \"td-border\"><\/div>\r\n                    <\/div>\r\n                            <\/div>\r\n                        <\/div>\r\n\r\n                    <\/div>\r\n\r\n                <\/div>\r\n                \n<hr \/>\n<p>&nbsp;<\/p>\n","protected":false},"excerpt":{"rendered":"<p>Con la finalidad de contar con estrategias que brinden cobertura de Seguridad Social a la poblaci\u00f3n desprotegida, se inici\u00f3 el taller \u201cExtensi\u00f3n de la protecci\u00f3n social en el contexto de las pol\u00edticas de formalizaci\u00f3n\u201d, a cargo de expertos de la Organizaci\u00f3n Internacional del Trabajo (OIT). Este taller, realizado en las instalaciones de las Oficinas Centrales [&hellip;]<\/p>\n","protected":false},"author":4,"featured_media":6057,"comment_status":"open","ping_status":"open","sticky":false,"template":"","format":"standard","meta":{"footnotes":""},"categories":[3,17,29],"tags":[160,674],"coauthors":[],"class_list":{"0":"post-6053","1":"post","2":"type-post","3":"status-publish","4":"format-standard","5":"has-post-thumbnail","7":"category-actualidad","8":"category-formacion-y-desarrollo","9":"category-publicaciones","10":"tag-capacitacion","11":"tag-oit"},"_links":{"self":[{"href":"https:\/\/www.igssgt.org\/noticias\/wp-json\/wp\/v2\/posts\/6053","targetHints":{"allow":["GET"]}}],"collection":[{"href":"https:\/\/www.igssgt.org\/noticias\/wp-json\/wp\/v2\/posts"}],"about":[{"href":"https:\/\/www.igssgt.org\/noticias\/wp-json\/wp\/v2\/types\/post"}],"author":[{"embeddable":true,"href":"https:\/\/www.igssgt.org\/noticias\/wp-json\/wp\/v2\/users\/4"}],"replies":[{"embeddable":true,"href":"https:\/\/www.igssgt.org\/noticias\/wp-json\/wp\/v2\/comments?post=6053"}],"version-history":[{"count":0,"href":"https:\/\/www.igssgt.org\/noticias\/wp-json\/wp\/v2\/posts\/6053\/revisions"}],"wp:featuredmedia":[{"embeddable":true,"href":"https:\/\/www.igssgt.org\/noticias\/wp-json\/wp\/v2\/media\/6057"}],"wp:attachment":[{"href":"https:\/\/www.igssgt.org\/noticias\/wp-json\/wp\/v2\/media?parent=6053"}],"wp:term":[{"taxonomy":"category","embeddable":true,"href":"https:\/\/www.igssgt.org\/noticias\/wp-json\/wp\/v2\/categories?post=6053"},{"taxonomy":"post_tag","embeddable":true,"href":"https:\/\/www.igssgt.org\/noticias\/wp-json\/wp\/v2\/tags?post=6053"},{"taxonomy":"author","embeddable":true,"href":"https:\/\/www.igssgt.org\/noticias\/wp-json\/wp\/v2\/coauthors?post=6053"}],"curies":[{"name":"wp","href":"https:\/\/api.w.org\/{rel}","templated":true}]}}