{"id":6084,"date":"2018-07-31T16:00:57","date_gmt":"2018-07-31T22:00:57","guid":{"rendered":"http:\/\/noticias.igssgt.org\/?p=6084"},"modified":"2018-07-31T16:00:57","modified_gmt":"2018-07-31T22:00:57","slug":"expertos-de-oit-exponen-avances-de-la-seguridad-social-en-segundo-dia-de-taller","status":"publish","type":"post","link":"https:\/\/www.igssgt.org\/noticias\/2018\/07\/31\/expertos-de-oit-exponen-avances-de-la-seguridad-social-en-segundo-dia-de-taller\/","title":{"rendered":"Expertos de OIT exponen avances de la Seguridad Social en segundo d\u00eda de taller"},"content":{"rendered":"<p><strong>IGSS realiza taller en Guatemala sobre Estrategias integrales de la OIT para la protecci\u00f3n social y la formalizaci\u00f3n de grupos desprotegidos<\/strong><\/p>\n<p>Varias estrategias integrales basadas en el Convenio 102 y las recomendaciones 202 y 204 de las Organizaci\u00f3n Internacional del Trabajo (OIT), que son \u00fatiles para comprender el entorno regional con relaci\u00f3n a la evoluci\u00f3n de los mercados laborales y la extensi\u00f3n de la protecci\u00f3n social para los grupos desprotegidos, fueron presentadas por expertos de ese ente internacional en el segundo d\u00eda del taller \u201cExtensi\u00f3n de la protecci\u00f3n social en el contexto de las pol\u00edticas de formalizaci\u00f3n\u201d.<\/p>\n<p>El especialista Helmut Schwarzer, de la OIT de M\u00e9xico, expuso acerca de la situaci\u00f3n actual del sector econ\u00f3mico informal de ese pa\u00eds, as\u00ed como de los avances que se han tenido con base en los instrumentos normados por ese organismo.<\/p>\n<p>En otro punto, el exponente Pablo Casali, de la OIT de Per\u00fa, se refiri\u00f3 a los avances recientes y desaf\u00edos de los sistemas de protecci\u00f3n social en Am\u00e9rica Latina y el Caribe, y disert\u00f3 acerca de la evoluci\u00f3n de los mercados laborales, las pol\u00edticas\u00a0de formalizaci\u00f3n y los pisos de protecci\u00f3n social.<\/p>\n<p>Casali tambi\u00e9n dio a conocer las estrategias y buenas pr\u00e1cticas para la extensi\u00f3n de la seguridad social a los trabajadores asalariados y\u00a0 los\u00a0grupos de dif\u00edcil cobertura: trabajadores independientes, trabajo dom\u00e9stico, poblaciones rurales y migrantes. Adem\u00e1s, expuso su\u00a0an\u00e1lisis en el contexto de las pol\u00edticas de formalizaci\u00f3n.<\/p>\n<p>Para ma\u00f1ana los participantes que representan a las instituciones de seguridad social y de trabajo de Belice, Costa Rica, Cuba, El Salvador, Guatemala, M\u00e9xico y Per\u00fa realizar\u00e1n el taller p\u00fablico \u201cDesarrollo de la Seguridad Social en Guatemala\u201d.<\/p>\n\r\n                <style type=\"text\/css\">\r\n                    \r\n                    #tdi_1  .td-doubleSlider-2 .td-item1 {\r\n                        background: url(\/wp-content\/uploads\/sites\/5\/2018\/07\/Taller-IGSS-OIT-Guatemala-2018-2-80x60.jpeg) 0 0 no-repeat;\r\n                    }\r\n                    #tdi_1  .td-doubleSlider-2 .td-item2 {\r\n                        background: url(\/wp-content\/uploads\/sites\/5\/2018\/07\/Taller-IGSS-OIT-Guatemala-2018-1-80x60.jpeg) 0 0 no-repeat;\r\n                    }\r\n                    #tdi_1  .td-doubleSlider-2 .td-item3 {\r\n                        background: url(\/wp-content\/uploads\/sites\/5\/2018\/07\/Taller-IGSS-OIT-Guatemala-2018-4-80x60.jpeg) 0 0 no-repeat;\r\n                    }\r\n                    #tdi_1  .td-doubleSlider-2 .td-item4 {\r\n                        background: url(\/wp-content\/uploads\/sites\/5\/2018\/07\/Taller-IGSS-OIT-Guatemala-2018-3-80x60.jpeg) 0 0 no-repeat;\r\n                    }\r\n                <\/style>\r\n\r\n                <div id=\"tdi_1\" class=\"td-gallery td-slide-on-2-columns\">\r\n                    <div class=\"post_td_gallery\">\r\n                        <div class=\"td-gallery-slide-top\">\r\n                           <div class=\"td-gallery-title\">Galer\u00eda de Im\u00e1genes<\/div>\r\n\r\n                            <div class=\"td-gallery-controls-wrapper\">\r\n                                <div class=\"td-gallery-slide-count\"><span class=\"td-gallery-slide-item-focus\">1<\/span> de 4<\/div>\r\n                                <div class=\"td-gallery-slide-prev-next-but\">\r\n                                    <i class = \"td-icon-left doubleSliderPrevButton\"><\/i>\r\n                                    <i class = \"td-icon-right doubleSliderNextButton\"><\/i>\r\n                                <\/div>\r\n                            <\/div>\r\n                        <\/div>\r\n\r\n                        <div class = \"td-doubleSlider-1 \">\r\n                            <div class = \"td-slider\">\r\n                                \r\n                    <div class = \"td-slide-item td-item1\">\r\n                        <figure class=\"td-slide-galery-figure td-slide-popup-gallery\">\r\n                            <a class=\"slide-gallery-image-link\" href=\"\/wp-content\/uploads\/sites\/5\/2018\/07\/Taller-IGSS-OIT-Guatemala-2018-2.jpeg\" title=\"Taller IGSS OIT Guatemala 2018-2\"  data-caption=\"\"  data-description=\"\">\r\n                                <img decoding=\"async\" src=\"\/wp-content\/uploads\/sites\/5\/2018\/07\/Taller-IGSS-OIT-Guatemala-2018-2-630x420.jpeg\" srcset=\"\/wp-content\/uploads\/sites\/5\/2018\/07\/Taller-IGSS-OIT-Guatemala-2018-2-630x420.jpeg 630w, \/wp-content\/uploads\/sites\/5\/2018\/07\/Taller-IGSS-OIT-Guatemala-2018-2-300x200.jpeg 300w, \/wp-content\/uploads\/sites\/5\/2018\/07\/Taller-IGSS-OIT-Guatemala-2018-2-768x512.jpeg 768w, \/wp-content\/uploads\/sites\/5\/2018\/07\/Taller-IGSS-OIT-Guatemala-2018-2.jpeg 1024w, \/wp-content\/uploads\/sites\/5\/2018\/07\/Taller-IGSS-OIT-Guatemala-2018-2-696x464.jpeg 696w, \/wp-content\/uploads\/sites\/5\/2018\/07\/Taller-IGSS-OIT-Guatemala-2018-2-534x356.jpeg 534w\" sizes=\"(max-width: 630px) 100vw, 630px\" alt=\"\">\r\n                            <\/a>\r\n                            \r\n                        <\/figure>\r\n                    <\/div>\r\n                    <div class = \"td-slide-item td-item2\">\r\n                        <figure class=\"td-slide-galery-figure td-slide-popup-gallery\">\r\n                            <a class=\"slide-gallery-image-link\" href=\"\/wp-content\/uploads\/sites\/5\/2018\/07\/Taller-IGSS-OIT-Guatemala-2018-1.jpeg\" title=\"Taller IGSS OIT Guatemala 2018-1\"  data-caption=\"\"  data-description=\"\">\r\n                                <img decoding=\"async\" src=\"\/wp-content\/uploads\/sites\/5\/2018\/07\/Taller-IGSS-OIT-Guatemala-2018-1-630x420.jpeg\" srcset=\"\/wp-content\/uploads\/sites\/5\/2018\/07\/Taller-IGSS-OIT-Guatemala-2018-1-630x420.jpeg 630w, \/wp-content\/uploads\/sites\/5\/2018\/07\/Taller-IGSS-OIT-Guatemala-2018-1-300x200.jpeg 300w, \/wp-content\/uploads\/sites\/5\/2018\/07\/Taller-IGSS-OIT-Guatemala-2018-1-768x512.jpeg 768w, \/wp-content\/uploads\/sites\/5\/2018\/07\/Taller-IGSS-OIT-Guatemala-2018-1.jpeg 1024w, \/wp-content\/uploads\/sites\/5\/2018\/07\/Taller-IGSS-OIT-Guatemala-2018-1-696x464.jpeg 696w, \/wp-content\/uploads\/sites\/5\/2018\/07\/Taller-IGSS-OIT-Guatemala-2018-1-534x356.jpeg 534w\" sizes=\"(max-width: 630px) 100vw, 630px\" alt=\"\">\r\n                            <\/a>\r\n                            \r\n                        <\/figure>\r\n                    <\/div>\r\n                    <div class = \"td-slide-item td-item3\">\r\n                        <figure class=\"td-slide-galery-figure td-slide-popup-gallery\">\r\n                            <a class=\"slide-gallery-image-link\" href=\"\/wp-content\/uploads\/sites\/5\/2018\/07\/Taller-IGSS-OIT-Guatemala-2018-4.jpeg\" title=\"Taller IGSS OIT Guatemala 2018-4\"  data-caption=\"\"  data-description=\"\">\r\n                                <img decoding=\"async\" src=\"\/wp-content\/uploads\/sites\/5\/2018\/07\/Taller-IGSS-OIT-Guatemala-2018-4-630x420.jpeg\" srcset=\"\/wp-content\/uploads\/sites\/5\/2018\/07\/Taller-IGSS-OIT-Guatemala-2018-4-630x420.jpeg 630w, \/wp-content\/uploads\/sites\/5\/2018\/07\/Taller-IGSS-OIT-Guatemala-2018-4-300x200.jpeg 300w, \/wp-content\/uploads\/sites\/5\/2018\/07\/Taller-IGSS-OIT-Guatemala-2018-4-768x512.jpeg 768w, \/wp-content\/uploads\/sites\/5\/2018\/07\/Taller-IGSS-OIT-Guatemala-2018-4.jpeg 1024w, \/wp-content\/uploads\/sites\/5\/2018\/07\/Taller-IGSS-OIT-Guatemala-2018-4-696x464.jpeg 696w, \/wp-content\/uploads\/sites\/5\/2018\/07\/Taller-IGSS-OIT-Guatemala-2018-4-534x356.jpeg 534w\" sizes=\"(max-width: 630px) 100vw, 630px\" alt=\"\">\r\n                            <\/a>\r\n                            \r\n                        <\/figure>\r\n                    <\/div>\r\n                    <div class = \"td-slide-item td-item4\">\r\n                        <figure class=\"td-slide-galery-figure td-slide-popup-gallery\">\r\n                            <a class=\"slide-gallery-image-link\" href=\"\/wp-content\/uploads\/sites\/5\/2018\/07\/Taller-IGSS-OIT-Guatemala-2018-3.jpeg\" title=\"Taller IGSS OIT Guatemala 2018-3\"  data-caption=\"\"  data-description=\"\">\r\n                                <img decoding=\"async\" src=\"\/wp-content\/uploads\/sites\/5\/2018\/07\/Taller-IGSS-OIT-Guatemala-2018-3-630x420.jpeg\" srcset=\"\/wp-content\/uploads\/sites\/5\/2018\/07\/Taller-IGSS-OIT-Guatemala-2018-3-630x420.jpeg 630w, \/wp-content\/uploads\/sites\/5\/2018\/07\/Taller-IGSS-OIT-Guatemala-2018-3-300x200.jpeg 300w, \/wp-content\/uploads\/sites\/5\/2018\/07\/Taller-IGSS-OIT-Guatemala-2018-3-768x512.jpeg 768w, \/wp-content\/uploads\/sites\/5\/2018\/07\/Taller-IGSS-OIT-Guatemala-2018-3.jpeg 1024w, \/wp-content\/uploads\/sites\/5\/2018\/07\/Taller-IGSS-OIT-Guatemala-2018-3-696x464.jpeg 696w, \/wp-content\/uploads\/sites\/5\/2018\/07\/Taller-IGSS-OIT-Guatemala-2018-3-534x356.jpeg 534w\" sizes=\"(max-width: 630px) 100vw, 630px\" alt=\"\">\r\n                            <\/a>\r\n                            \r\n                        <\/figure>\r\n                    <\/div>\r\n                            <\/div>\r\n                        <\/div>\r\n\r\n                        <div class = \"td-doubleSlider-2\">\r\n                            <div class = \"td-slider\">\r\n                                \r\n                    <div class = \"td-button td-item1\">\r\n                        <div class = \"td-border\"><\/div>\r\n                    <\/div>\r\n                    <div class = \"td-button td-item2\">\r\n                        <div class = \"td-border\"><\/div>\r\n                    <\/div>\r\n                    <div class = \"td-button td-item3\">\r\n                        <div class = \"td-border\"><\/div>\r\n                    <\/div>\r\n                    <div class = \"td-button td-item4\">\r\n                        <div class = \"td-border\"><\/div>\r\n                    <\/div>\r\n                            <\/div>\r\n                        <\/div>\r\n\r\n                    <\/div>\r\n\r\n                <\/div>\r\n                \n<hr \/>\n<p>&nbsp;<\/p>\n","protected":false},"excerpt":{"rendered":"<p>IGSS realiza taller en Guatemala sobre Estrategias integrales de la OIT para la protecci\u00f3n social y la formalizaci\u00f3n de grupos desprotegidos Varias estrategias integrales basadas en el Convenio 102 y las recomendaciones 202 y 204 de las Organizaci\u00f3n Internacional del Trabajo (OIT), que son \u00fatiles para comprender el entorno regional con relaci\u00f3n a la evoluci\u00f3n [&hellip;]<\/p>\n","protected":false},"author":4,"featured_media":6088,"comment_status":"open","ping_status":"open","sticky":false,"template":"","format":"standard","meta":{"footnotes":""},"categories":[3,17,29],"tags":[160,490,674],"coauthors":[],"class_list":{"0":"post-6084","1":"post","2":"type-post","3":"status-publish","4":"format-standard","5":"has-post-thumbnail","7":"category-actualidad","8":"category-formacion-y-desarrollo","9":"category-publicaciones","10":"tag-capacitacion","11":"tag-igss","12":"tag-oit"},"_links":{"self":[{"href":"https:\/\/www.igssgt.org\/noticias\/wp-json\/wp\/v2\/posts\/6084","targetHints":{"allow":["GET"]}}],"collection":[{"href":"https:\/\/www.igssgt.org\/noticias\/wp-json\/wp\/v2\/posts"}],"about":[{"href":"https:\/\/www.igssgt.org\/noticias\/wp-json\/wp\/v2\/types\/post"}],"author":[{"embeddable":true,"href":"https:\/\/www.igssgt.org\/noticias\/wp-json\/wp\/v2\/users\/4"}],"replies":[{"embeddable":true,"href":"https:\/\/www.igssgt.org\/noticias\/wp-json\/wp\/v2\/comments?post=6084"}],"version-history":[{"count":0,"href":"https:\/\/www.igssgt.org\/noticias\/wp-json\/wp\/v2\/posts\/6084\/revisions"}],"wp:featuredmedia":[{"embeddable":true,"href":"https:\/\/www.igssgt.org\/noticias\/wp-json\/wp\/v2\/media\/6088"}],"wp:attachment":[{"href":"https:\/\/www.igssgt.org\/noticias\/wp-json\/wp\/v2\/media?parent=6084"}],"wp:term":[{"taxonomy":"category","embeddable":true,"href":"https:\/\/www.igssgt.org\/noticias\/wp-json\/wp\/v2\/categories?post=6084"},{"taxonomy":"post_tag","embeddable":true,"href":"https:\/\/www.igssgt.org\/noticias\/wp-json\/wp\/v2\/tags?post=6084"},{"taxonomy":"author","embeddable":true,"href":"https:\/\/www.igssgt.org\/noticias\/wp-json\/wp\/v2\/coauthors?post=6084"}],"curies":[{"name":"wp","href":"https:\/\/api.w.org\/{rel}","templated":true}]}}