{"id":6097,"date":"2018-08-01T15:00:55","date_gmt":"2018-08-01T21:00:55","guid":{"rendered":"http:\/\/noticias.igssgt.org\/?p=6097"},"modified":"2018-08-01T15:00:55","modified_gmt":"2018-08-01T21:00:55","slug":"el-igss-y-la-oit-realizan-foro-sobre-cobertura-de-la-seguridad-social","status":"publish","type":"post","link":"https:\/\/www.igssgt.org\/noticias\/2018\/08\/01\/el-igss-y-la-oit-realizan-foro-sobre-cobertura-de-la-seguridad-social\/","title":{"rendered":"El IGSS y la OIT realizan Foro sobre cobertura de la Seguridad Social"},"content":{"rendered":"<p>Con el objetivo de beneficiar a la poblaci\u00f3n no cubierta por el IGSS, se realiz\u00f3 esta ma\u00f1ana el foro \u201cUna ruta para la Ampliaci\u00f3n de la Cobertura de la Seguridad Social\u201d, organizado por el Instituto en conjunto con la Organizaci\u00f3n Internacional de Trabajo OIT.<\/p>\n<p>La inauguraci\u00f3n estuvo a cargo del Dr. Vidal Herrera, gerente del Instituto, quien resalt\u00f3 la importancia de la ampliaci\u00f3n de la cobertura para la poblaci\u00f3n. El r\u00e9gimen de Seguridad Social debe ser conceptualizado como un proyecto de naci\u00f3n tanto por el Estado como los trabajadores y patronos, y debe cubrir gradualmente a todos los sectores involucrados en la productividad del pa\u00eds, se\u00f1al\u00f3 el doctor Herrera.<\/p>\n<p>La licenciada Aura Leticia Teleguario, ministra de Trabajo y Previsi\u00f3n Social, expuso que es fundamental la formalizaci\u00f3n de las actividades econ\u00f3micas y la ampliaci\u00f3n de cobertura del Seguro Social en Guatemala, ya que la tasa de informalidad es de un 70%, as\u00ed como viabilizar la implementaci\u00f3n del convenio 175 de la OIT, sobre trabajo a tiempo parcial, que ya fue ratificado por el pa\u00eds.<\/p>\n<p><strong>Avances y retos en Guatemala<\/strong><\/p>\n<p>El licenciado Bernardo Pineda, representante de los patronos ante la Junta Directiva del IGSS, destac\u00f3 la importancia de los programas de prevenci\u00f3n en salud del Instituto, as\u00ed como las mejoras en los procesos de adquisici\u00f3n de medicamentos y equipos m\u00e9dicos con apoyo de la UNOPS, que han permitido mejorar la atenci\u00f3n de los derechohabientes.<\/p>\n<p>Por su parte el se\u00f1or Adolfo Lacs Palomo, representante de los trabajadores ante la Junta Directiva, indic\u00f3 que Guatemala cumple ocho de nueve prestaciones de Seguridad Social se\u00f1aladas por el Convenio 102 de la OIT y se da cobertura a 1 mill\u00f3n 300 mil trabajadores afiliados.<\/p>\n<p>En la b\u00fasqueda de ampliar la cobertura de la Seguridad Social en Guatemala la Junta Directiva del IGSS, dijo Lacs, decidi\u00f3 hacer estudios para cubrir los siguientes sectores: Empresas con menos de tres trabajadores, que abarcar\u00edan a 250 mil asalariados, profesionales universitarios liberales, peque\u00f1os contribuyentes estimados en 200 mil personas m\u00e1s la c\u00f3nyuge e hijos menores de 7 a\u00f1os y a los patronos. Es necesaria la ampliaci\u00f3n de cobertura sin generar inestabilidad financiera a los programas del IGSS, finaliz\u00f3 el directivo.<\/p>\n<p>El licenciado Carlos Contreras, presidente de la Junta Directiva del IGSS, resalt\u00f3 que la Seguridad Social es la respuesta para garantizar el bienestar de los trabajadores y es un mandato legal del Instituto desde su fundaci\u00f3n. La importancia de la ampliacion de la cobertura es porque solo el 20% de la poblaci\u00f3n guatemalteca tiene protecci\u00f3n.<\/p>\n<p>Sin embargo, para una ampliaci\u00f3n de la cobertura debe considerarse la base legal, la instituci\u00f3n y sus caracter\u00edsticas, la calidad de servicios, la infraestructura, sistema de procesos y los recursos con los que se cuenta, se\u00f1al\u00f3 Contreras.<\/p>\n<p>Leonardo Ferreira, director adjunto de la Oficina Subregional de la OIT, expuso el \u201cPanorama tem\u00e1tico laboral: Presente y futuro de la protecci\u00f3n social en Am\u00e9rica Latina\u201d, y resalt\u00f3 que la cobertura de la Seguridad Social en Am\u00e9rica Latina creci\u00f3 en promedio 8% entre 2005 y 2015.<\/p>\n<p>Sin embargo, M\u00e9xico y los pa\u00edses del norte de Centroam\u00e9rica, entre ellos Guatemala, tuvieron un crecimiento entre 2 y 3%, por lo cual Ferreira present\u00f3 una serie de recomendaciones de pol\u00edticas para mejorar esta situaci\u00f3n, ratificando el compromiso de la OIT por cooperar con el IGSS.<\/p>\n\r\n                <style type=\"text\/css\">\r\n                    \r\n                    #tdi_1  .td-doubleSlider-2 .td-item1 {\r\n                        background: url(\/wp-content\/uploads\/sites\/5\/2018\/08\/Foro-IGSS-OIT-Guatemala-2018-ampliacion-de-cobertura-de-la-seguridad-social-1-80x60.jpg) 0 0 no-repeat;\r\n                    }\r\n                    #tdi_1  .td-doubleSlider-2 .td-item2 {\r\n                        background: url(\/wp-content\/uploads\/sites\/5\/2018\/08\/Foro-IGSS-OIT-Guatemala-2018-ampliacion-de-cobertura-de-la-seguridad-social-2-80x60.jpg) 0 0 no-repeat;\r\n                    }\r\n                    #tdi_1  .td-doubleSlider-2 .td-item3 {\r\n                        background: url(\/wp-content\/uploads\/sites\/5\/2018\/08\/Foro-IGSS-OIT-Guatemala-2018-ampliacion-de-cobertura-de-la-seguridad-social-3-80x60.jpg) 0 0 no-repeat;\r\n                    }\r\n                    #tdi_1  .td-doubleSlider-2 .td-item4 {\r\n                        background: url(\/wp-content\/uploads\/sites\/5\/2018\/08\/Foro-IGSS-OIT-Guatemala-2018-ampliacion-de-cobertura-de-la-seguridad-social-4-80x60.jpg) 0 0 no-repeat;\r\n                    }\r\n                    #tdi_1  .td-doubleSlider-2 .td-item5 {\r\n                        background: url(\/wp-content\/uploads\/sites\/5\/2018\/08\/Foro-IGSS-OIT-Guatemala-2018-ampliacion-de-cobertura-de-la-seguridad-social-5-80x60.jpg) 0 0 no-repeat;\r\n                    }\r\n                    #tdi_1  .td-doubleSlider-2 .td-item6 {\r\n                        background: url(\/wp-content\/uploads\/sites\/5\/2018\/08\/Foro-IGSS-OIT-Guatemala-2018-ampliacion-de-cobertura-de-la-seguridad-social-6-80x60.jpg) 0 0 no-repeat;\r\n                    }\r\n                    #tdi_1  .td-doubleSlider-2 .td-item7 {\r\n                        background: url(\/wp-content\/uploads\/sites\/5\/2018\/08\/Foro-IGSS-OIT-Guatemala-2018-ampliacion-de-cobertura-de-la-seguridad-social-7-80x60.jpg) 0 0 no-repeat;\r\n                    }\r\n                    #tdi_1  .td-doubleSlider-2 .td-item8 {\r\n                        background: url(\/wp-content\/uploads\/sites\/5\/2018\/08\/Foro-IGSS-OIT-Guatemala-2018-ampliacion-de-cobertura-de-la-seguridad-social-8-80x60.jpg) 0 0 no-repeat;\r\n                    }\r\n                    #tdi_1  .td-doubleSlider-2 .td-item9 {\r\n                        background: url(\/wp-content\/uploads\/sites\/5\/2018\/08\/Foro-IGSS-OIT-Guatemala-2018-ampliacion-de-cobertura-de-la-seguridad-social-9-80x60.jpg) 0 0 no-repeat;\r\n                    }\r\n                <\/style>\r\n\r\n                <div id=\"tdi_1\" class=\"td-gallery td-slide-on-2-columns\">\r\n                    <div class=\"post_td_gallery\">\r\n                        <div class=\"td-gallery-slide-top\">\r\n                           <div class=\"td-gallery-title\">Galer\u00eda de Im\u00e1genes<\/div>\r\n\r\n                            <div class=\"td-gallery-controls-wrapper\">\r\n                                <div class=\"td-gallery-slide-count\"><span class=\"td-gallery-slide-item-focus\">1<\/span> de 9<\/div>\r\n                                <div class=\"td-gallery-slide-prev-next-but\">\r\n                                    <i class = \"td-icon-left doubleSliderPrevButton\"><\/i>\r\n                                    <i class = \"td-icon-right doubleSliderNextButton\"><\/i>\r\n                                <\/div>\r\n                            <\/div>\r\n                        <\/div>\r\n\r\n                        <div class = \"td-doubleSlider-1 \">\r\n                            <div class = \"td-slider\">\r\n                                \r\n                    <div class = \"td-slide-item td-item1\">\r\n                        <figure class=\"td-slide-galery-figure td-slide-popup-gallery\">\r\n                            <a class=\"slide-gallery-image-link\" href=\"\/wp-content\/uploads\/sites\/5\/2018\/08\/Foro-IGSS-OIT-Guatemala-2018-ampliacion-de-cobertura-de-la-seguridad-social-1.jpg\" title=\"Foro IGSS OIT Guatemala 2018 ampliacion de cobertura de la seguridad social-1\"  data-caption=\"\"  data-description=\"\">\r\n                                <img decoding=\"async\" src=\"\/wp-content\/uploads\/sites\/5\/2018\/08\/Foro-IGSS-OIT-Guatemala-2018-ampliacion-de-cobertura-de-la-seguridad-social-1-557x420.jpg\" srcset=\"\/wp-content\/uploads\/sites\/5\/2018\/08\/Foro-IGSS-OIT-Guatemala-2018-ampliacion-de-cobertura-de-la-seguridad-social-1-557x420.jpg 557w, \/wp-content\/uploads\/sites\/5\/2018\/08\/Foro-IGSS-OIT-Guatemala-2018-ampliacion-de-cobertura-de-la-seguridad-social-1-300x226.jpg 300w, \/wp-content\/uploads\/sites\/5\/2018\/08\/Foro-IGSS-OIT-Guatemala-2018-ampliacion-de-cobertura-de-la-seguridad-social-1-768x579.jpg 768w, \/wp-content\/uploads\/sites\/5\/2018\/08\/Foro-IGSS-OIT-Guatemala-2018-ampliacion-de-cobertura-de-la-seguridad-social-1-80x60.jpg 80w, \/wp-content\/uploads\/sites\/5\/2018\/08\/Foro-IGSS-OIT-Guatemala-2018-ampliacion-de-cobertura-de-la-seguridad-social-1-696x525.jpg 696w, \/wp-content\/uploads\/sites\/5\/2018\/08\/Foro-IGSS-OIT-Guatemala-2018-ampliacion-de-cobertura-de-la-seguridad-social-1-534x403.jpg 534w, \/wp-content\/uploads\/sites\/5\/2018\/08\/Foro-IGSS-OIT-Guatemala-2018-ampliacion-de-cobertura-de-la-seguridad-social-1.jpg 790w\" sizes=\"(max-width: 557px) 100vw, 557px\" alt=\"\">\r\n                            <\/a>\r\n                            \r\n                        <\/figure>\r\n                    <\/div>\r\n                    <div class = \"td-slide-item td-item2\">\r\n                        <figure class=\"td-slide-galery-figure td-slide-popup-gallery\">\r\n                            <a class=\"slide-gallery-image-link\" href=\"\/wp-content\/uploads\/sites\/5\/2018\/08\/Foro-IGSS-OIT-Guatemala-2018-ampliacion-de-cobertura-de-la-seguridad-social-2.jpg\" title=\"Foro IGSS OIT Guatemala 2018 ampliacion de cobertura de la seguridad social-2\"  data-caption=\"\"  data-description=\"\">\r\n                                <img decoding=\"async\" src=\"\/wp-content\/uploads\/sites\/5\/2018\/08\/Foro-IGSS-OIT-Guatemala-2018-ampliacion-de-cobertura-de-la-seguridad-social-2-630x420.jpg\" srcset=\"\/wp-content\/uploads\/sites\/5\/2018\/08\/Foro-IGSS-OIT-Guatemala-2018-ampliacion-de-cobertura-de-la-seguridad-social-2-630x420.jpg 630w, \/wp-content\/uploads\/sites\/5\/2018\/08\/Foro-IGSS-OIT-Guatemala-2018-ampliacion-de-cobertura-de-la-seguridad-social-2-300x200.jpg 300w, \/wp-content\/uploads\/sites\/5\/2018\/08\/Foro-IGSS-OIT-Guatemala-2018-ampliacion-de-cobertura-de-la-seguridad-social-2-768x512.jpg 768w, \/wp-content\/uploads\/sites\/5\/2018\/08\/Foro-IGSS-OIT-Guatemala-2018-ampliacion-de-cobertura-de-la-seguridad-social-2.jpg 1024w, \/wp-content\/uploads\/sites\/5\/2018\/08\/Foro-IGSS-OIT-Guatemala-2018-ampliacion-de-cobertura-de-la-seguridad-social-2-696x464.jpg 696w, \/wp-content\/uploads\/sites\/5\/2018\/08\/Foro-IGSS-OIT-Guatemala-2018-ampliacion-de-cobertura-de-la-seguridad-social-2-534x356.jpg 534w\" sizes=\"(max-width: 630px) 100vw, 630px\" alt=\"\">\r\n                            <\/a>\r\n                            \r\n                        <\/figure>\r\n                    <\/div>\r\n                    <div class = \"td-slide-item td-item3\">\r\n                        <figure class=\"td-slide-galery-figure td-slide-popup-gallery\">\r\n                            <a class=\"slide-gallery-image-link\" href=\"\/wp-content\/uploads\/sites\/5\/2018\/08\/Foro-IGSS-OIT-Guatemala-2018-ampliacion-de-cobertura-de-la-seguridad-social-3.jpg\" title=\"Foro IGSS OIT Guatemala 2018 ampliacion de cobertura de la seguridad social-3\"  data-caption=\"\"  data-description=\"\">\r\n                                <img decoding=\"async\" src=\"\/wp-content\/uploads\/sites\/5\/2018\/08\/Foro-IGSS-OIT-Guatemala-2018-ampliacion-de-cobertura-de-la-seguridad-social-3-630x420.jpg\" srcset=\"\/wp-content\/uploads\/sites\/5\/2018\/08\/Foro-IGSS-OIT-Guatemala-2018-ampliacion-de-cobertura-de-la-seguridad-social-3-630x420.jpg 630w, \/wp-content\/uploads\/sites\/5\/2018\/08\/Foro-IGSS-OIT-Guatemala-2018-ampliacion-de-cobertura-de-la-seguridad-social-3-300x200.jpg 300w, \/wp-content\/uploads\/sites\/5\/2018\/08\/Foro-IGSS-OIT-Guatemala-2018-ampliacion-de-cobertura-de-la-seguridad-social-3-768x512.jpg 768w, \/wp-content\/uploads\/sites\/5\/2018\/08\/Foro-IGSS-OIT-Guatemala-2018-ampliacion-de-cobertura-de-la-seguridad-social-3.jpg 1024w, \/wp-content\/uploads\/sites\/5\/2018\/08\/Foro-IGSS-OIT-Guatemala-2018-ampliacion-de-cobertura-de-la-seguridad-social-3-696x464.jpg 696w, \/wp-content\/uploads\/sites\/5\/2018\/08\/Foro-IGSS-OIT-Guatemala-2018-ampliacion-de-cobertura-de-la-seguridad-social-3-534x356.jpg 534w\" sizes=\"(max-width: 630px) 100vw, 630px\" alt=\"\">\r\n                            <\/a>\r\n                            \r\n                        <\/figure>\r\n                    <\/div>\r\n                    <div class = \"td-slide-item td-item4\">\r\n                        <figure class=\"td-slide-galery-figure td-slide-popup-gallery\">\r\n                            <a class=\"slide-gallery-image-link\" href=\"\/wp-content\/uploads\/sites\/5\/2018\/08\/Foro-IGSS-OIT-Guatemala-2018-ampliacion-de-cobertura-de-la-seguridad-social-4.jpg\" title=\"Foro IGSS OIT Guatemala 2018 ampliacion de cobertura de la seguridad social-4\"  data-caption=\"\"  data-description=\"\">\r\n                                <img decoding=\"async\" src=\"\/wp-content\/uploads\/sites\/5\/2018\/08\/Foro-IGSS-OIT-Guatemala-2018-ampliacion-de-cobertura-de-la-seguridad-social-4-630x420.jpg\" srcset=\"\/wp-content\/uploads\/sites\/5\/2018\/08\/Foro-IGSS-OIT-Guatemala-2018-ampliacion-de-cobertura-de-la-seguridad-social-4-630x420.jpg 630w, \/wp-content\/uploads\/sites\/5\/2018\/08\/Foro-IGSS-OIT-Guatemala-2018-ampliacion-de-cobertura-de-la-seguridad-social-4-300x200.jpg 300w, \/wp-content\/uploads\/sites\/5\/2018\/08\/Foro-IGSS-OIT-Guatemala-2018-ampliacion-de-cobertura-de-la-seguridad-social-4-768x512.jpg 768w, \/wp-content\/uploads\/sites\/5\/2018\/08\/Foro-IGSS-OIT-Guatemala-2018-ampliacion-de-cobertura-de-la-seguridad-social-4.jpg 1024w, \/wp-content\/uploads\/sites\/5\/2018\/08\/Foro-IGSS-OIT-Guatemala-2018-ampliacion-de-cobertura-de-la-seguridad-social-4-696x464.jpg 696w, \/wp-content\/uploads\/sites\/5\/2018\/08\/Foro-IGSS-OIT-Guatemala-2018-ampliacion-de-cobertura-de-la-seguridad-social-4-534x356.jpg 534w\" sizes=\"(max-width: 630px) 100vw, 630px\" alt=\"\">\r\n                            <\/a>\r\n                            \r\n                        <\/figure>\r\n                    <\/div>\r\n                    <div class = \"td-slide-item td-item5\">\r\n                        <figure class=\"td-slide-galery-figure td-slide-popup-gallery\">\r\n                            <a class=\"slide-gallery-image-link\" href=\"\/wp-content\/uploads\/sites\/5\/2018\/08\/Foro-IGSS-OIT-Guatemala-2018-ampliacion-de-cobertura-de-la-seguridad-social-5.jpg\" title=\"Foro IGSS OIT Guatemala 2018 ampliacion de cobertura de la seguridad social-5\"  data-caption=\"\"  data-description=\"\">\r\n                                <img decoding=\"async\" src=\"\/wp-content\/uploads\/sites\/5\/2018\/08\/Foro-IGSS-OIT-Guatemala-2018-ampliacion-de-cobertura-de-la-seguridad-social-5-630x420.jpg\" srcset=\"\/wp-content\/uploads\/sites\/5\/2018\/08\/Foro-IGSS-OIT-Guatemala-2018-ampliacion-de-cobertura-de-la-seguridad-social-5-630x420.jpg 630w, \/wp-content\/uploads\/sites\/5\/2018\/08\/Foro-IGSS-OIT-Guatemala-2018-ampliacion-de-cobertura-de-la-seguridad-social-5-300x200.jpg 300w, \/wp-content\/uploads\/sites\/5\/2018\/08\/Foro-IGSS-OIT-Guatemala-2018-ampliacion-de-cobertura-de-la-seguridad-social-5-768x512.jpg 768w, \/wp-content\/uploads\/sites\/5\/2018\/08\/Foro-IGSS-OIT-Guatemala-2018-ampliacion-de-cobertura-de-la-seguridad-social-5.jpg 1024w, \/wp-content\/uploads\/sites\/5\/2018\/08\/Foro-IGSS-OIT-Guatemala-2018-ampliacion-de-cobertura-de-la-seguridad-social-5-696x464.jpg 696w, \/wp-content\/uploads\/sites\/5\/2018\/08\/Foro-IGSS-OIT-Guatemala-2018-ampliacion-de-cobertura-de-la-seguridad-social-5-534x356.jpg 534w\" sizes=\"(max-width: 630px) 100vw, 630px\" alt=\"\">\r\n                            <\/a>\r\n                            \r\n                        <\/figure>\r\n                    <\/div>\r\n                    <div class = \"td-slide-item td-item6\">\r\n                        <figure class=\"td-slide-galery-figure td-slide-popup-gallery\">\r\n                            <a class=\"slide-gallery-image-link\" href=\"\/wp-content\/uploads\/sites\/5\/2018\/08\/Foro-IGSS-OIT-Guatemala-2018-ampliacion-de-cobertura-de-la-seguridad-social-6.jpg\" title=\"Foro IGSS OIT Guatemala 2018 ampliacion de cobertura de la seguridad social-6\"  data-caption=\"\"  data-description=\"\">\r\n                                <img decoding=\"async\" src=\"\/wp-content\/uploads\/sites\/5\/2018\/08\/Foro-IGSS-OIT-Guatemala-2018-ampliacion-de-cobertura-de-la-seguridad-social-6-571x420.jpg\" srcset=\"\/wp-content\/uploads\/sites\/5\/2018\/08\/Foro-IGSS-OIT-Guatemala-2018-ampliacion-de-cobertura-de-la-seguridad-social-6-571x420.jpg 571w, \/wp-content\/uploads\/sites\/5\/2018\/08\/Foro-IGSS-OIT-Guatemala-2018-ampliacion-de-cobertura-de-la-seguridad-social-6-300x221.jpg 300w, \/wp-content\/uploads\/sites\/5\/2018\/08\/Foro-IGSS-OIT-Guatemala-2018-ampliacion-de-cobertura-de-la-seguridad-social-6-768x565.jpg 768w, \/wp-content\/uploads\/sites\/5\/2018\/08\/Foro-IGSS-OIT-Guatemala-2018-ampliacion-de-cobertura-de-la-seguridad-social-6-80x60.jpg 80w, \/wp-content\/uploads\/sites\/5\/2018\/08\/Foro-IGSS-OIT-Guatemala-2018-ampliacion-de-cobertura-de-la-seguridad-social-6-696x512.jpg 696w, \/wp-content\/uploads\/sites\/5\/2018\/08\/Foro-IGSS-OIT-Guatemala-2018-ampliacion-de-cobertura-de-la-seguridad-social-6-534x393.jpg 534w, \/wp-content\/uploads\/sites\/5\/2018\/08\/Foro-IGSS-OIT-Guatemala-2018-ampliacion-de-cobertura-de-la-seguridad-social-6.jpg 874w\" sizes=\"(max-width: 571px) 100vw, 571px\" alt=\"\">\r\n                            <\/a>\r\n                            \r\n                        <\/figure>\r\n                    <\/div>\r\n                    <div class = \"td-slide-item td-item7\">\r\n                        <figure class=\"td-slide-galery-figure td-slide-popup-gallery\">\r\n                            <a class=\"slide-gallery-image-link\" href=\"\/wp-content\/uploads\/sites\/5\/2018\/08\/Foro-IGSS-OIT-Guatemala-2018-ampliacion-de-cobertura-de-la-seguridad-social-7.jpg\" title=\"Foro IGSS OIT Guatemala 2018 ampliacion de cobertura de la seguridad social-7\"  data-caption=\"\"  data-description=\"\">\r\n                                <img decoding=\"async\" src=\"\/wp-content\/uploads\/sites\/5\/2018\/08\/Foro-IGSS-OIT-Guatemala-2018-ampliacion-de-cobertura-de-la-seguridad-social-7-598x420.jpg\" srcset=\"\/wp-content\/uploads\/sites\/5\/2018\/08\/Foro-IGSS-OIT-Guatemala-2018-ampliacion-de-cobertura-de-la-seguridad-social-7-598x420.jpg 598w, \/wp-content\/uploads\/sites\/5\/2018\/08\/Foro-IGSS-OIT-Guatemala-2018-ampliacion-de-cobertura-de-la-seguridad-social-7-300x211.jpg 300w, \/wp-content\/uploads\/sites\/5\/2018\/08\/Foro-IGSS-OIT-Guatemala-2018-ampliacion-de-cobertura-de-la-seguridad-social-7-768x539.jpg 768w, \/wp-content\/uploads\/sites\/5\/2018\/08\/Foro-IGSS-OIT-Guatemala-2018-ampliacion-de-cobertura-de-la-seguridad-social-7-696x489.jpg 696w, \/wp-content\/uploads\/sites\/5\/2018\/08\/Foro-IGSS-OIT-Guatemala-2018-ampliacion-de-cobertura-de-la-seguridad-social-7-100x70.jpg 100w, \/wp-content\/uploads\/sites\/5\/2018\/08\/Foro-IGSS-OIT-Guatemala-2018-ampliacion-de-cobertura-de-la-seguridad-social-7-534x375.jpg 534w, \/wp-content\/uploads\/sites\/5\/2018\/08\/Foro-IGSS-OIT-Guatemala-2018-ampliacion-de-cobertura-de-la-seguridad-social-7.jpg 832w\" sizes=\"(max-width: 598px) 100vw, 598px\" alt=\"\">\r\n                            <\/a>\r\n                            \r\n                        <\/figure>\r\n                    <\/div>\r\n                    <div class = \"td-slide-item td-item8\">\r\n                        <figure class=\"td-slide-galery-figure td-slide-popup-gallery\">\r\n                            <a class=\"slide-gallery-image-link\" href=\"\/wp-content\/uploads\/sites\/5\/2018\/08\/Foro-IGSS-OIT-Guatemala-2018-ampliacion-de-cobertura-de-la-seguridad-social-8.jpg\" title=\"Foro IGSS OIT Guatemala 2018 ampliacion de cobertura de la seguridad social-8\"  data-caption=\"\"  data-description=\"\">\r\n                                <img decoding=\"async\" src=\"\/wp-content\/uploads\/sites\/5\/2018\/08\/Foro-IGSS-OIT-Guatemala-2018-ampliacion-de-cobertura-de-la-seguridad-social-8-557x420.jpg\" srcset=\"\/wp-content\/uploads\/sites\/5\/2018\/08\/Foro-IGSS-OIT-Guatemala-2018-ampliacion-de-cobertura-de-la-seguridad-social-8-557x420.jpg 557w, \/wp-content\/uploads\/sites\/5\/2018\/08\/Foro-IGSS-OIT-Guatemala-2018-ampliacion-de-cobertura-de-la-seguridad-social-8-300x226.jpg 300w, \/wp-content\/uploads\/sites\/5\/2018\/08\/Foro-IGSS-OIT-Guatemala-2018-ampliacion-de-cobertura-de-la-seguridad-social-8-768x579.jpg 768w, \/wp-content\/uploads\/sites\/5\/2018\/08\/Foro-IGSS-OIT-Guatemala-2018-ampliacion-de-cobertura-de-la-seguridad-social-8-80x60.jpg 80w, \/wp-content\/uploads\/sites\/5\/2018\/08\/Foro-IGSS-OIT-Guatemala-2018-ampliacion-de-cobertura-de-la-seguridad-social-8-696x525.jpg 696w, \/wp-content\/uploads\/sites\/5\/2018\/08\/Foro-IGSS-OIT-Guatemala-2018-ampliacion-de-cobertura-de-la-seguridad-social-8-534x403.jpg 534w, \/wp-content\/uploads\/sites\/5\/2018\/08\/Foro-IGSS-OIT-Guatemala-2018-ampliacion-de-cobertura-de-la-seguridad-social-8.jpg 825w\" sizes=\"(max-width: 557px) 100vw, 557px\" alt=\"\">\r\n                            <\/a>\r\n                            \r\n                        <\/figure>\r\n                    <\/div>\r\n                    <div class = \"td-slide-item td-item9\">\r\n                        <figure class=\"td-slide-galery-figure td-slide-popup-gallery\">\r\n                            <a class=\"slide-gallery-image-link\" href=\"\/wp-content\/uploads\/sites\/5\/2018\/08\/Foro-IGSS-OIT-Guatemala-2018-ampliacion-de-cobertura-de-la-seguridad-social-9.jpg\" title=\"Foro IGSS OIT Guatemala 2018 ampliacion de cobertura de la seguridad social-9\"  data-caption=\"\"  data-description=\"\">\r\n                                <img decoding=\"async\" src=\"\/wp-content\/uploads\/sites\/5\/2018\/08\/Foro-IGSS-OIT-Guatemala-2018-ampliacion-de-cobertura-de-la-seguridad-social-9-632x420.jpg\" srcset=\"\/wp-content\/uploads\/sites\/5\/2018\/08\/Foro-IGSS-OIT-Guatemala-2018-ampliacion-de-cobertura-de-la-seguridad-social-9-632x420.jpg 632w, \/wp-content\/uploads\/sites\/5\/2018\/08\/Foro-IGSS-OIT-Guatemala-2018-ampliacion-de-cobertura-de-la-seguridad-social-9-300x199.jpg 300w, \/wp-content\/uploads\/sites\/5\/2018\/08\/Foro-IGSS-OIT-Guatemala-2018-ampliacion-de-cobertura-de-la-seguridad-social-9-768x511.jpg 768w, \/wp-content\/uploads\/sites\/5\/2018\/08\/Foro-IGSS-OIT-Guatemala-2018-ampliacion-de-cobertura-de-la-seguridad-social-9-696x463.jpg 696w, \/wp-content\/uploads\/sites\/5\/2018\/08\/Foro-IGSS-OIT-Guatemala-2018-ampliacion-de-cobertura-de-la-seguridad-social-9-534x355.jpg 534w, \/wp-content\/uploads\/sites\/5\/2018\/08\/Foro-IGSS-OIT-Guatemala-2018-ampliacion-de-cobertura-de-la-seguridad-social-9.jpg 865w\" sizes=\"(max-width: 632px) 100vw, 632px\" alt=\"\">\r\n                            <\/a>\r\n                            \r\n                        <\/figure>\r\n                    <\/div>\r\n                            <\/div>\r\n                        <\/div>\r\n\r\n                        <div class = \"td-doubleSlider-2\">\r\n                            <div class = \"td-slider\">\r\n                                \r\n                    <div class = \"td-button td-item1\">\r\n                        <div class = \"td-border\"><\/div>\r\n                    <\/div>\r\n                    <div class = \"td-button td-item2\">\r\n                        <div class = \"td-border\"><\/div>\r\n                    <\/div>\r\n                    <div class = \"td-button td-item3\">\r\n                        <div class = \"td-border\"><\/div>\r\n                    <\/div>\r\n                    <div class = \"td-button td-item4\">\r\n                        <div class = \"td-border\"><\/div>\r\n                    <\/div>\r\n                    <div class = \"td-button td-item5\">\r\n                        <div class = \"td-border\"><\/div>\r\n                    <\/div>\r\n                    <div class = \"td-button td-item6\">\r\n                        <div class = \"td-border\"><\/div>\r\n                    <\/div>\r\n                    <div class = \"td-button td-item7\">\r\n                        <div class = \"td-border\"><\/div>\r\n                    <\/div>\r\n                    <div class = \"td-button td-item8\">\r\n                        <div class = \"td-border\"><\/div>\r\n                    <\/div>\r\n                    <div class = \"td-button td-item9\">\r\n                        <div class = \"td-border\"><\/div>\r\n                    <\/div>\r\n                            <\/div>\r\n                        <\/div>\r\n\r\n                    <\/div>\r\n\r\n                <\/div>\r\n                \n<hr \/>\n<p>&nbsp;<\/p>\n","protected":false},"excerpt":{"rendered":"<p>Con el objetivo de beneficiar a la poblaci\u00f3n no cubierta por el IGSS, se realiz\u00f3 esta ma\u00f1ana el foro \u201cUna ruta para la Ampliaci\u00f3n de la Cobertura de la Seguridad Social\u201d, organizado por el Instituto en conjunto con la Organizaci\u00f3n Internacional de Trabajo OIT. La inauguraci\u00f3n estuvo a cargo del Dr. Vidal Herrera, gerente del [&hellip;]<\/p>\n","protected":false},"author":4,"featured_media":6099,"comment_status":"open","ping_status":"open","sticky":false,"template":"","format":"standard","meta":{"footnotes":""},"categories":[3,15,16,17,21,29],"tags":[160,674],"coauthors":[],"class_list":{"0":"post-6097","1":"post","2":"type-post","3":"status-publish","4":"format-standard","5":"has-post-thumbnail","7":"category-actualidad","8":"category-destacado","9":"category-featured","10":"category-formacion-y-desarrollo","11":"category-junta-directiva-igss","12":"category-publicaciones","13":"tag-capacitacion","14":"tag-oit"},"_links":{"self":[{"href":"https:\/\/www.igssgt.org\/noticias\/wp-json\/wp\/v2\/posts\/6097","targetHints":{"allow":["GET"]}}],"collection":[{"href":"https:\/\/www.igssgt.org\/noticias\/wp-json\/wp\/v2\/posts"}],"about":[{"href":"https:\/\/www.igssgt.org\/noticias\/wp-json\/wp\/v2\/types\/post"}],"author":[{"embeddable":true,"href":"https:\/\/www.igssgt.org\/noticias\/wp-json\/wp\/v2\/users\/4"}],"replies":[{"embeddable":true,"href":"https:\/\/www.igssgt.org\/noticias\/wp-json\/wp\/v2\/comments?post=6097"}],"version-history":[{"count":0,"href":"https:\/\/www.igssgt.org\/noticias\/wp-json\/wp\/v2\/posts\/6097\/revisions"}],"wp:featuredmedia":[{"embeddable":true,"href":"https:\/\/www.igssgt.org\/noticias\/wp-json\/wp\/v2\/media\/6099"}],"wp:attachment":[{"href":"https:\/\/www.igssgt.org\/noticias\/wp-json\/wp\/v2\/media?parent=6097"}],"wp:term":[{"taxonomy":"category","embeddable":true,"href":"https:\/\/www.igssgt.org\/noticias\/wp-json\/wp\/v2\/categories?post=6097"},{"taxonomy":"post_tag","embeddable":true,"href":"https:\/\/www.igssgt.org\/noticias\/wp-json\/wp\/v2\/tags?post=6097"},{"taxonomy":"author","embeddable":true,"href":"https:\/\/www.igssgt.org\/noticias\/wp-json\/wp\/v2\/coauthors?post=6097"}],"curies":[{"name":"wp","href":"https:\/\/api.w.org\/{rel}","templated":true}]}}