{"id":6108,"date":"2018-08-01T16:40:39","date_gmt":"2018-08-01T22:40:39","guid":{"rendered":"http:\/\/noticias.igssgt.org\/?p=6108"},"modified":"2018-08-01T16:40:39","modified_gmt":"2018-08-01T22:40:39","slug":"unidades-del-igss-realizan-actividades-por-la-semana-mundial-de-la-lactancia-materna","status":"publish","type":"post","link":"https:\/\/www.igssgt.org\/noticias\/2018\/08\/01\/unidades-del-igss-realizan-actividades-por-la-semana-mundial-de-la-lactancia-materna\/","title":{"rendered":"Unidades del IGSS realizan actividades por la Semana Mundial de la Lactancia Materna"},"content":{"rendered":"<p>Diversas actividades relacionadas con la conmemoraci\u00f3n de la Semana Mundial de la Lactancia Materna fueron realizadas hoy en la Unidad Perif\u00e9rica de la zona 5, el Hospital de Ginecolog\u00eda y Obstetricia y el Hospital Dr. Juan Jos\u00e9 Ar\u00e9valo Bermejo, zona 6 para promover, incentivar y fomentar la lactancia materna.<\/p>\n<p>En la Perif\u00e9rica de la zona 5 se efectu\u00f3 una marcha en la que participaron colaboradores y pacientes de la Unidad, ni\u00f1os de la guarder\u00eda del mercado de La Asunci\u00f3n y los integrantes de la banda Red Dragons Latin Brass, del Colegio Brit\u00e1nico Guatemalteco. Adem\u00e1s la doctora Varinia Pinto, jefe de la Secci\u00f3n de Higiene Materno Infantil, inaugur\u00f3 un espacio amigo para la lactancia, donde las madres lactantes pueden asistir para extraerse la leche para dejarla en su casa y que su beb\u00e9 sea alimentado cuando ella no est\u00e1.<\/p>\n<p>Mientras tanto integrantes de un grupo multidisciplinario que conforman el Comit\u00e9 de Lactancia Materna del IGSS de la zona 6 brindaron una capacitaci\u00f3n a trabajadores de varias empresas con el objetivo de concientizarlos acerca de los beneficios de la leche materna en los niveles f\u00edsico, psicol\u00f3gico, econ\u00f3mico y emocional tanto para la madre como para los beb\u00e9s. Los trabajadores replicar\u00e1n los conocimientos a sus compa\u00f1eros.<\/p>\n<p>En el hospital de Gineco Obstetricia tambi\u00e9n se dio inicio a la Semana Mundial de la Lactancia Materna, y dentro de las actividades un grupo de expertos expusieron que es vital que las madres den leche materna a sus hijos desde las primeras horas de vida. La actividad fue amenizada por una marimba y se hizo una exposici\u00f3n de murales alusivos.<\/p>\n<p>La doctora Pinto expres\u00f3 la necesidad de impulsar una estrategia para promover, apoyar y fomentar la lactancia materna, la cual beneficia a los ni\u00f1os y madres, pues previene la desnutrici\u00f3n, da apego, brinda seguridad, mejor desarrollo intelectual, inmunidad de bacterias y par\u00e1sitos, as\u00ed como salud f\u00edsica y mental.<\/p>\n\r\n                <style type=\"text\/css\">\r\n                    \r\n                    #tdi_1  .td-doubleSlider-2 .td-item1 {\r\n                        background: url(\/wp-content\/uploads\/sites\/5\/2018\/08\/Inauguracion-Semana-Lactancia-Materna-IGSS-zona-5-2018-6-80x60.jpg) 0 0 no-repeat;\r\n                    }\r\n                    #tdi_1  .td-doubleSlider-2 .td-item2 {\r\n                        background: url(\/wp-content\/uploads\/sites\/5\/2018\/08\/Inauguracion-Semana-Lactancia-Materna-IGSS-zona-5-2018-9-80x60.jpg) 0 0 no-repeat;\r\n                    }\r\n                    #tdi_1  .td-doubleSlider-2 .td-item3 {\r\n                        background: url(\/wp-content\/uploads\/sites\/5\/2018\/08\/Inauguracion-Semana-Lactancia-Materna-IGSS-zona-5-2018-4-80x60.jpg) 0 0 no-repeat;\r\n                    }\r\n                    #tdi_1  .td-doubleSlider-2 .td-item4 {\r\n                        background: url(\/wp-content\/uploads\/sites\/5\/2018\/08\/Inauguracion-Semana-Lactancia-Materna-IGSS-zona-5-2018-5-80x60.jpg) 0 0 no-repeat;\r\n                    }\r\n                    #tdi_1  .td-doubleSlider-2 .td-item5 {\r\n                        background: url(\/wp-content\/uploads\/sites\/5\/2018\/08\/Inauguracion-Semana-Lactancia-Materna-IGSS-zona-5-2018-7-80x60.jpg) 0 0 no-repeat;\r\n                    }\r\n                    #tdi_1  .td-doubleSlider-2 .td-item6 {\r\n                        background: url(\/wp-content\/uploads\/sites\/5\/2018\/08\/Inauguracion-Semana-Lactancia-Materna-IGSS-zona-5-2018-8-80x60.jpg) 0 0 no-repeat;\r\n                    }\r\n                    #tdi_1  .td-doubleSlider-2 .td-item7 {\r\n                        background: url(\/wp-content\/uploads\/sites\/5\/2018\/08\/Inauguracion-Semana-Lactancia-Materna-IGSS-zona-5-2018-10-80x60.jpg) 0 0 no-repeat;\r\n                    }\r\n                    #tdi_1  .td-doubleSlider-2 .td-item8 {\r\n                        background: url(\/wp-content\/uploads\/sites\/5\/2018\/08\/Inauguracion-Semana-Lactancia-Materna-IGSS-zona-5-2018-3-80x60.jpg) 0 0 no-repeat;\r\n                    }\r\n                    #tdi_1  .td-doubleSlider-2 .td-item9 {\r\n                        background: url(\/wp-content\/uploads\/sites\/5\/2018\/08\/Inauguracion-Semana-Lactancia-Materna-IGSS-zona-5-2018-2-80x60.jpg) 0 0 no-repeat;\r\n                    }\r\n                    #tdi_1  .td-doubleSlider-2 .td-item10 {\r\n                        background: url(\/wp-content\/uploads\/sites\/5\/2018\/08\/Inauguracion-Semana-Lactancia-Materna-IGSS-zona-5-2018-1-80x60.jpg) 0 0 no-repeat;\r\n                    }\r\n                <\/style>\r\n\r\n                <div id=\"tdi_1\" class=\"td-gallery td-slide-on-2-columns\">\r\n                    <div class=\"post_td_gallery\">\r\n                        <div class=\"td-gallery-slide-top\">\r\n                           <div class=\"td-gallery-title\">Galer\u00eda de Im\u00e1genes<\/div>\r\n\r\n                            <div class=\"td-gallery-controls-wrapper\">\r\n                                <div class=\"td-gallery-slide-count\"><span class=\"td-gallery-slide-item-focus\">1<\/span> de 10<\/div>\r\n                                <div class=\"td-gallery-slide-prev-next-but\">\r\n                                    <i class = \"td-icon-left doubleSliderPrevButton\"><\/i>\r\n                                    <i class = \"td-icon-right doubleSliderNextButton\"><\/i>\r\n                                <\/div>\r\n                            <\/div>\r\n                        <\/div>\r\n\r\n                        <div class = \"td-doubleSlider-1 \">\r\n                            <div class = \"td-slider\">\r\n                                \r\n                    <div class = \"td-slide-item td-item1\">\r\n                        <figure class=\"td-slide-galery-figure td-slide-popup-gallery\">\r\n                            <a class=\"slide-gallery-image-link\" href=\"\/wp-content\/uploads\/sites\/5\/2018\/08\/Inauguracion-Semana-Lactancia-Materna-IGSS-zona-5-2018-6.jpg\" title=\"Inauguracion Semana Lactancia Materna IGSS zona 5 2018-6\"  data-caption=\"\"  data-description=\"\">\r\n                                <img decoding=\"async\" src=\"\/wp-content\/uploads\/sites\/5\/2018\/08\/Inauguracion-Semana-Lactancia-Materna-IGSS-zona-5-2018-6-560x420.jpg\" srcset=\"\/wp-content\/uploads\/sites\/5\/2018\/08\/Inauguracion-Semana-Lactancia-Materna-IGSS-zona-5-2018-6-560x420.jpg 560w, \/wp-content\/uploads\/sites\/5\/2018\/08\/Inauguracion-Semana-Lactancia-Materna-IGSS-zona-5-2018-6-300x225.jpg 300w, \/wp-content\/uploads\/sites\/5\/2018\/08\/Inauguracion-Semana-Lactancia-Materna-IGSS-zona-5-2018-6-768x576.jpg 768w, \/wp-content\/uploads\/sites\/5\/2018\/08\/Inauguracion-Semana-Lactancia-Materna-IGSS-zona-5-2018-6-1024x768.jpg 1024w, \/wp-content\/uploads\/sites\/5\/2018\/08\/Inauguracion-Semana-Lactancia-Materna-IGSS-zona-5-2018-6-80x60.jpg 80w, \/wp-content\/uploads\/sites\/5\/2018\/08\/Inauguracion-Semana-Lactancia-Materna-IGSS-zona-5-2018-6-696x522.jpg 696w, \/wp-content\/uploads\/sites\/5\/2018\/08\/Inauguracion-Semana-Lactancia-Materna-IGSS-zona-5-2018-6-1068x801.jpg 1068w, \/wp-content\/uploads\/sites\/5\/2018\/08\/Inauguracion-Semana-Lactancia-Materna-IGSS-zona-5-2018-6-265x198.jpg 265w, \/wp-content\/uploads\/sites\/5\/2018\/08\/Inauguracion-Semana-Lactancia-Materna-IGSS-zona-5-2018-6-534x401.jpg 534w, \/wp-content\/uploads\/sites\/5\/2018\/08\/Inauguracion-Semana-Lactancia-Materna-IGSS-zona-5-2018-6.jpg 1280w\" sizes=\"(max-width: 560px) 100vw, 560px\" alt=\"\">\r\n                            <\/a>\r\n                            \r\n                        <\/figure>\r\n                    <\/div>\r\n                    <div class = \"td-slide-item td-item2\">\r\n                        <figure class=\"td-slide-galery-figure td-slide-popup-gallery\">\r\n                            <a class=\"slide-gallery-image-link\" href=\"\/wp-content\/uploads\/sites\/5\/2018\/08\/Inauguracion-Semana-Lactancia-Materna-IGSS-zona-5-2018-9.jpg\" title=\"Inauguracion Semana Lactancia Materna IGSS zona 5 2018-9\"  data-caption=\"\"  data-description=\"\">\r\n                                <img decoding=\"async\" src=\"\/wp-content\/uploads\/sites\/5\/2018\/08\/Inauguracion-Semana-Lactancia-Materna-IGSS-zona-5-2018-9-560x420.jpg\" srcset=\"\/wp-content\/uploads\/sites\/5\/2018\/08\/Inauguracion-Semana-Lactancia-Materna-IGSS-zona-5-2018-9-560x420.jpg 560w, \/wp-content\/uploads\/sites\/5\/2018\/08\/Inauguracion-Semana-Lactancia-Materna-IGSS-zona-5-2018-9-300x225.jpg 300w, \/wp-content\/uploads\/sites\/5\/2018\/08\/Inauguracion-Semana-Lactancia-Materna-IGSS-zona-5-2018-9-768x576.jpg 768w, \/wp-content\/uploads\/sites\/5\/2018\/08\/Inauguracion-Semana-Lactancia-Materna-IGSS-zona-5-2018-9-1024x768.jpg 1024w, \/wp-content\/uploads\/sites\/5\/2018\/08\/Inauguracion-Semana-Lactancia-Materna-IGSS-zona-5-2018-9-80x60.jpg 80w, \/wp-content\/uploads\/sites\/5\/2018\/08\/Inauguracion-Semana-Lactancia-Materna-IGSS-zona-5-2018-9-696x522.jpg 696w, \/wp-content\/uploads\/sites\/5\/2018\/08\/Inauguracion-Semana-Lactancia-Materna-IGSS-zona-5-2018-9-1068x801.jpg 1068w, \/wp-content\/uploads\/sites\/5\/2018\/08\/Inauguracion-Semana-Lactancia-Materna-IGSS-zona-5-2018-9-265x198.jpg 265w, \/wp-content\/uploads\/sites\/5\/2018\/08\/Inauguracion-Semana-Lactancia-Materna-IGSS-zona-5-2018-9-534x401.jpg 534w, \/wp-content\/uploads\/sites\/5\/2018\/08\/Inauguracion-Semana-Lactancia-Materna-IGSS-zona-5-2018-9.jpg 1280w\" sizes=\"(max-width: 560px) 100vw, 560px\" alt=\"\">\r\n                            <\/a>\r\n                            \r\n                        <\/figure>\r\n                    <\/div>\r\n                    <div class = \"td-slide-item td-item3\">\r\n                        <figure class=\"td-slide-galery-figure td-slide-popup-gallery\">\r\n                            <a class=\"slide-gallery-image-link\" href=\"\/wp-content\/uploads\/sites\/5\/2018\/08\/Inauguracion-Semana-Lactancia-Materna-IGSS-zona-5-2018-4.jpg\" title=\"Inauguracion Semana Lactancia Materna IGSS zona 5 2018-4\"  data-caption=\"\"  data-description=\"\">\r\n                                <img decoding=\"async\" src=\"\/wp-content\/uploads\/sites\/5\/2018\/08\/Inauguracion-Semana-Lactancia-Materna-IGSS-zona-5-2018-4-670x420.jpg\" srcset=\"\/wp-content\/uploads\/sites\/5\/2018\/08\/Inauguracion-Semana-Lactancia-Materna-IGSS-zona-5-2018-4-670x420.jpg 670w, \/wp-content\/uploads\/sites\/5\/2018\/08\/Inauguracion-Semana-Lactancia-Materna-IGSS-zona-5-2018-4-300x188.jpg 300w, \/wp-content\/uploads\/sites\/5\/2018\/08\/Inauguracion-Semana-Lactancia-Materna-IGSS-zona-5-2018-4-768x481.jpg 768w, \/wp-content\/uploads\/sites\/5\/2018\/08\/Inauguracion-Semana-Lactancia-Materna-IGSS-zona-5-2018-4-1024x642.jpg 1024w, \/wp-content\/uploads\/sites\/5\/2018\/08\/Inauguracion-Semana-Lactancia-Materna-IGSS-zona-5-2018-4-696x436.jpg 696w, \/wp-content\/uploads\/sites\/5\/2018\/08\/Inauguracion-Semana-Lactancia-Materna-IGSS-zona-5-2018-4-1068x669.jpg 1068w, \/wp-content\/uploads\/sites\/5\/2018\/08\/Inauguracion-Semana-Lactancia-Materna-IGSS-zona-5-2018-4-534x335.jpg 534w, \/wp-content\/uploads\/sites\/5\/2018\/08\/Inauguracion-Semana-Lactancia-Materna-IGSS-zona-5-2018-4.jpg 1280w\" sizes=\"(max-width: 670px) 100vw, 670px\" alt=\"\">\r\n                            <\/a>\r\n                            \r\n                        <\/figure>\r\n                    <\/div>\r\n                    <div class = \"td-slide-item td-item4\">\r\n                        <figure class=\"td-slide-galery-figure td-slide-popup-gallery\">\r\n                            <a class=\"slide-gallery-image-link\" href=\"\/wp-content\/uploads\/sites\/5\/2018\/08\/Inauguracion-Semana-Lactancia-Materna-IGSS-zona-5-2018-5.jpg\" title=\"Inauguracion Semana Lactancia Materna IGSS zona 5 2018-5\"  data-caption=\"\"  data-description=\"\">\r\n                                <img decoding=\"async\" src=\"\/wp-content\/uploads\/sites\/5\/2018\/08\/Inauguracion-Semana-Lactancia-Materna-IGSS-zona-5-2018-5-560x420.jpg\" srcset=\"\/wp-content\/uploads\/sites\/5\/2018\/08\/Inauguracion-Semana-Lactancia-Materna-IGSS-zona-5-2018-5-560x420.jpg 560w, \/wp-content\/uploads\/sites\/5\/2018\/08\/Inauguracion-Semana-Lactancia-Materna-IGSS-zona-5-2018-5-300x225.jpg 300w, \/wp-content\/uploads\/sites\/5\/2018\/08\/Inauguracion-Semana-Lactancia-Materna-IGSS-zona-5-2018-5-768x576.jpg 768w, \/wp-content\/uploads\/sites\/5\/2018\/08\/Inauguracion-Semana-Lactancia-Materna-IGSS-zona-5-2018-5-1024x768.jpg 1024w, \/wp-content\/uploads\/sites\/5\/2018\/08\/Inauguracion-Semana-Lactancia-Materna-IGSS-zona-5-2018-5-80x60.jpg 80w, \/wp-content\/uploads\/sites\/5\/2018\/08\/Inauguracion-Semana-Lactancia-Materna-IGSS-zona-5-2018-5-696x522.jpg 696w, \/wp-content\/uploads\/sites\/5\/2018\/08\/Inauguracion-Semana-Lactancia-Materna-IGSS-zona-5-2018-5-1068x801.jpg 1068w, \/wp-content\/uploads\/sites\/5\/2018\/08\/Inauguracion-Semana-Lactancia-Materna-IGSS-zona-5-2018-5-265x198.jpg 265w, \/wp-content\/uploads\/sites\/5\/2018\/08\/Inauguracion-Semana-Lactancia-Materna-IGSS-zona-5-2018-5-534x401.jpg 534w, \/wp-content\/uploads\/sites\/5\/2018\/08\/Inauguracion-Semana-Lactancia-Materna-IGSS-zona-5-2018-5.jpg 1280w\" sizes=\"(max-width: 560px) 100vw, 560px\" alt=\"\">\r\n                            <\/a>\r\n                            \r\n                        <\/figure>\r\n                    <\/div>\r\n                    <div class = \"td-slide-item td-item5\">\r\n                        <figure class=\"td-slide-galery-figure td-slide-popup-gallery\">\r\n                            <a class=\"slide-gallery-image-link\" href=\"\/wp-content\/uploads\/sites\/5\/2018\/08\/Inauguracion-Semana-Lactancia-Materna-IGSS-zona-5-2018-7.jpg\" title=\"Inauguracion Semana Lactancia Materna IGSS zona 5 2018-7\"  data-caption=\"\"  data-description=\"\">\r\n                                <img decoding=\"async\" src=\"\/wp-content\/uploads\/sites\/5\/2018\/08\/Inauguracion-Semana-Lactancia-Materna-IGSS-zona-5-2018-7-560x420.jpg\" srcset=\"\/wp-content\/uploads\/sites\/5\/2018\/08\/Inauguracion-Semana-Lactancia-Materna-IGSS-zona-5-2018-7-560x420.jpg 560w, \/wp-content\/uploads\/sites\/5\/2018\/08\/Inauguracion-Semana-Lactancia-Materna-IGSS-zona-5-2018-7-300x225.jpg 300w, \/wp-content\/uploads\/sites\/5\/2018\/08\/Inauguracion-Semana-Lactancia-Materna-IGSS-zona-5-2018-7-768x576.jpg 768w, \/wp-content\/uploads\/sites\/5\/2018\/08\/Inauguracion-Semana-Lactancia-Materna-IGSS-zona-5-2018-7-1024x768.jpg 1024w, \/wp-content\/uploads\/sites\/5\/2018\/08\/Inauguracion-Semana-Lactancia-Materna-IGSS-zona-5-2018-7-80x60.jpg 80w, \/wp-content\/uploads\/sites\/5\/2018\/08\/Inauguracion-Semana-Lactancia-Materna-IGSS-zona-5-2018-7-696x522.jpg 696w, \/wp-content\/uploads\/sites\/5\/2018\/08\/Inauguracion-Semana-Lactancia-Materna-IGSS-zona-5-2018-7-1068x801.jpg 1068w, \/wp-content\/uploads\/sites\/5\/2018\/08\/Inauguracion-Semana-Lactancia-Materna-IGSS-zona-5-2018-7-265x198.jpg 265w, \/wp-content\/uploads\/sites\/5\/2018\/08\/Inauguracion-Semana-Lactancia-Materna-IGSS-zona-5-2018-7-534x401.jpg 534w, \/wp-content\/uploads\/sites\/5\/2018\/08\/Inauguracion-Semana-Lactancia-Materna-IGSS-zona-5-2018-7.jpg 1280w\" sizes=\"(max-width: 560px) 100vw, 560px\" alt=\"\">\r\n                            <\/a>\r\n                            \r\n                        <\/figure>\r\n                    <\/div>\r\n                    <div class = \"td-slide-item td-item6\">\r\n                        <figure class=\"td-slide-galery-figure td-slide-popup-gallery\">\r\n                            <a class=\"slide-gallery-image-link\" href=\"\/wp-content\/uploads\/sites\/5\/2018\/08\/Inauguracion-Semana-Lactancia-Materna-IGSS-zona-5-2018-8.jpg\" title=\"Inauguracion Semana Lactancia Materna IGSS zona 5 2018-8\"  data-caption=\"\"  data-description=\"\">\r\n                                <img decoding=\"async\" src=\"\/wp-content\/uploads\/sites\/5\/2018\/08\/Inauguracion-Semana-Lactancia-Materna-IGSS-zona-5-2018-8-560x420.jpg\" srcset=\"\/wp-content\/uploads\/sites\/5\/2018\/08\/Inauguracion-Semana-Lactancia-Materna-IGSS-zona-5-2018-8-560x420.jpg 560w, \/wp-content\/uploads\/sites\/5\/2018\/08\/Inauguracion-Semana-Lactancia-Materna-IGSS-zona-5-2018-8-300x225.jpg 300w, \/wp-content\/uploads\/sites\/5\/2018\/08\/Inauguracion-Semana-Lactancia-Materna-IGSS-zona-5-2018-8-768x576.jpg 768w, \/wp-content\/uploads\/sites\/5\/2018\/08\/Inauguracion-Semana-Lactancia-Materna-IGSS-zona-5-2018-8-1024x768.jpg 1024w, \/wp-content\/uploads\/sites\/5\/2018\/08\/Inauguracion-Semana-Lactancia-Materna-IGSS-zona-5-2018-8-80x60.jpg 80w, \/wp-content\/uploads\/sites\/5\/2018\/08\/Inauguracion-Semana-Lactancia-Materna-IGSS-zona-5-2018-8-696x522.jpg 696w, \/wp-content\/uploads\/sites\/5\/2018\/08\/Inauguracion-Semana-Lactancia-Materna-IGSS-zona-5-2018-8-1068x801.jpg 1068w, \/wp-content\/uploads\/sites\/5\/2018\/08\/Inauguracion-Semana-Lactancia-Materna-IGSS-zona-5-2018-8-265x198.jpg 265w, \/wp-content\/uploads\/sites\/5\/2018\/08\/Inauguracion-Semana-Lactancia-Materna-IGSS-zona-5-2018-8-534x401.jpg 534w, \/wp-content\/uploads\/sites\/5\/2018\/08\/Inauguracion-Semana-Lactancia-Materna-IGSS-zona-5-2018-8.jpg 1280w\" sizes=\"(max-width: 560px) 100vw, 560px\" alt=\"\">\r\n                            <\/a>\r\n                            \r\n                        <\/figure>\r\n                    <\/div>\r\n                    <div class = \"td-slide-item td-item7\">\r\n                        <figure class=\"td-slide-galery-figure td-slide-popup-gallery\">\r\n                            <a class=\"slide-gallery-image-link\" href=\"\/wp-content\/uploads\/sites\/5\/2018\/08\/Inauguracion-Semana-Lactancia-Materna-IGSS-zona-5-2018-10.jpg\" title=\"Inauguracion Semana Lactancia Materna IGSS zona 5 2018-10\"  data-caption=\"\"  data-description=\"\">\r\n                                <img decoding=\"async\" src=\"\/wp-content\/uploads\/sites\/5\/2018\/08\/Inauguracion-Semana-Lactancia-Materna-IGSS-zona-5-2018-10-560x420.jpg\" srcset=\"\/wp-content\/uploads\/sites\/5\/2018\/08\/Inauguracion-Semana-Lactancia-Materna-IGSS-zona-5-2018-10-560x420.jpg 560w, \/wp-content\/uploads\/sites\/5\/2018\/08\/Inauguracion-Semana-Lactancia-Materna-IGSS-zona-5-2018-10-300x225.jpg 300w, \/wp-content\/uploads\/sites\/5\/2018\/08\/Inauguracion-Semana-Lactancia-Materna-IGSS-zona-5-2018-10-768x576.jpg 768w, \/wp-content\/uploads\/sites\/5\/2018\/08\/Inauguracion-Semana-Lactancia-Materna-IGSS-zona-5-2018-10.jpg 1024w, \/wp-content\/uploads\/sites\/5\/2018\/08\/Inauguracion-Semana-Lactancia-Materna-IGSS-zona-5-2018-10-80x60.jpg 80w, \/wp-content\/uploads\/sites\/5\/2018\/08\/Inauguracion-Semana-Lactancia-Materna-IGSS-zona-5-2018-10-696x522.jpg 696w, \/wp-content\/uploads\/sites\/5\/2018\/08\/Inauguracion-Semana-Lactancia-Materna-IGSS-zona-5-2018-10-265x198.jpg 265w, \/wp-content\/uploads\/sites\/5\/2018\/08\/Inauguracion-Semana-Lactancia-Materna-IGSS-zona-5-2018-10-534x401.jpg 534w\" sizes=\"(max-width: 560px) 100vw, 560px\" alt=\"\">\r\n                            <\/a>\r\n                            \r\n                        <\/figure>\r\n                    <\/div>\r\n                    <div class = \"td-slide-item td-item8\">\r\n                        <figure class=\"td-slide-galery-figure td-slide-popup-gallery\">\r\n                            <a class=\"slide-gallery-image-link\" href=\"\/wp-content\/uploads\/sites\/5\/2018\/08\/Inauguracion-Semana-Lactancia-Materna-IGSS-zona-5-2018-3.jpg\" title=\"Inauguracion Semana Lactancia Materna IGSS zona 5 2018-3\"  data-caption=\"\"  data-description=\"\">\r\n                                <img decoding=\"async\" src=\"\/wp-content\/uploads\/sites\/5\/2018\/08\/Inauguracion-Semana-Lactancia-Materna-IGSS-zona-5-2018-3-630x420.jpg\" srcset=\"\/wp-content\/uploads\/sites\/5\/2018\/08\/Inauguracion-Semana-Lactancia-Materna-IGSS-zona-5-2018-3-630x420.jpg 630w, \/wp-content\/uploads\/sites\/5\/2018\/08\/Inauguracion-Semana-Lactancia-Materna-IGSS-zona-5-2018-3-1536x1024.jpg 1536w, \/wp-content\/uploads\/sites\/5\/2018\/08\/Inauguracion-Semana-Lactancia-Materna-IGSS-zona-5-2018-3-300x200.jpg 300w, \/wp-content\/uploads\/sites\/5\/2018\/08\/Inauguracion-Semana-Lactancia-Materna-IGSS-zona-5-2018-3-768x512.jpg 768w, \/wp-content\/uploads\/sites\/5\/2018\/08\/Inauguracion-Semana-Lactancia-Materna-IGSS-zona-5-2018-3-1024x682.jpg 1024w, \/wp-content\/uploads\/sites\/5\/2018\/08\/Inauguracion-Semana-Lactancia-Materna-IGSS-zona-5-2018-3-696x464.jpg 696w, \/wp-content\/uploads\/sites\/5\/2018\/08\/Inauguracion-Semana-Lactancia-Materna-IGSS-zona-5-2018-3-1068x712.jpg 1068w, \/wp-content\/uploads\/sites\/5\/2018\/08\/Inauguracion-Semana-Lactancia-Materna-IGSS-zona-5-2018-3-534x356.jpg 534w, \/wp-content\/uploads\/sites\/5\/2018\/08\/Inauguracion-Semana-Lactancia-Materna-IGSS-zona-5-2018-3-1920x1280.jpg 1920w, \/wp-content\/uploads\/sites\/5\/2018\/08\/Inauguracion-Semana-Lactancia-Materna-IGSS-zona-5-2018-3.jpg 2000w\" sizes=\"(max-width: 630px) 100vw, 630px\" alt=\"\">\r\n                            <\/a>\r\n                            \r\n                        <\/figure>\r\n                    <\/div>\r\n                    <div class = \"td-slide-item td-item9\">\r\n                        <figure class=\"td-slide-galery-figure td-slide-popup-gallery\">\r\n                            <a class=\"slide-gallery-image-link\" href=\"\/wp-content\/uploads\/sites\/5\/2018\/08\/Inauguracion-Semana-Lactancia-Materna-IGSS-zona-5-2018-2.jpg\" title=\"Inauguracion Semana Lactancia Materna IGSS zona 5 2018-2\"  data-caption=\"\"  data-description=\"\">\r\n                                <img decoding=\"async\" src=\"\/wp-content\/uploads\/sites\/5\/2018\/08\/Inauguracion-Semana-Lactancia-Materna-IGSS-zona-5-2018-2-630x420.jpg\" srcset=\"\/wp-content\/uploads\/sites\/5\/2018\/08\/Inauguracion-Semana-Lactancia-Materna-IGSS-zona-5-2018-2-630x420.jpg 630w, \/wp-content\/uploads\/sites\/5\/2018\/08\/Inauguracion-Semana-Lactancia-Materna-IGSS-zona-5-2018-2-1536x1024.jpg 1536w, \/wp-content\/uploads\/sites\/5\/2018\/08\/Inauguracion-Semana-Lactancia-Materna-IGSS-zona-5-2018-2-300x200.jpg 300w, \/wp-content\/uploads\/sites\/5\/2018\/08\/Inauguracion-Semana-Lactancia-Materna-IGSS-zona-5-2018-2-768x512.jpg 768w, \/wp-content\/uploads\/sites\/5\/2018\/08\/Inauguracion-Semana-Lactancia-Materna-IGSS-zona-5-2018-2-1024x682.jpg 1024w, \/wp-content\/uploads\/sites\/5\/2018\/08\/Inauguracion-Semana-Lactancia-Materna-IGSS-zona-5-2018-2-696x464.jpg 696w, \/wp-content\/uploads\/sites\/5\/2018\/08\/Inauguracion-Semana-Lactancia-Materna-IGSS-zona-5-2018-2-1068x712.jpg 1068w, \/wp-content\/uploads\/sites\/5\/2018\/08\/Inauguracion-Semana-Lactancia-Materna-IGSS-zona-5-2018-2-534x356.jpg 534w, \/wp-content\/uploads\/sites\/5\/2018\/08\/Inauguracion-Semana-Lactancia-Materna-IGSS-zona-5-2018-2-1920x1280.jpg 1920w, \/wp-content\/uploads\/sites\/5\/2018\/08\/Inauguracion-Semana-Lactancia-Materna-IGSS-zona-5-2018-2.jpg 2000w\" sizes=\"(max-width: 630px) 100vw, 630px\" alt=\"\">\r\n                            <\/a>\r\n                            \r\n                        <\/figure>\r\n                    <\/div>\r\n                    <div class = \"td-slide-item td-item10\">\r\n                        <figure class=\"td-slide-galery-figure td-slide-popup-gallery\">\r\n                            <a class=\"slide-gallery-image-link\" href=\"\/wp-content\/uploads\/sites\/5\/2018\/08\/Inauguracion-Semana-Lactancia-Materna-IGSS-zona-5-2018-1.jpg\" title=\"Inauguracion Semana Lactancia Materna IGSS zona 5 2018-1\"  data-caption=\"\"  data-description=\"\">\r\n                                <img decoding=\"async\" src=\"\/wp-content\/uploads\/sites\/5\/2018\/08\/Inauguracion-Semana-Lactancia-Materna-IGSS-zona-5-2018-1-630x420.jpg\" srcset=\"\/wp-content\/uploads\/sites\/5\/2018\/08\/Inauguracion-Semana-Lactancia-Materna-IGSS-zona-5-2018-1-630x420.jpg 630w, \/wp-content\/uploads\/sites\/5\/2018\/08\/Inauguracion-Semana-Lactancia-Materna-IGSS-zona-5-2018-1-1536x1024.jpg 1536w, \/wp-content\/uploads\/sites\/5\/2018\/08\/Inauguracion-Semana-Lactancia-Materna-IGSS-zona-5-2018-1-300x200.jpg 300w, \/wp-content\/uploads\/sites\/5\/2018\/08\/Inauguracion-Semana-Lactancia-Materna-IGSS-zona-5-2018-1-768x512.jpg 768w, \/wp-content\/uploads\/sites\/5\/2018\/08\/Inauguracion-Semana-Lactancia-Materna-IGSS-zona-5-2018-1-1024x682.jpg 1024w, \/wp-content\/uploads\/sites\/5\/2018\/08\/Inauguracion-Semana-Lactancia-Materna-IGSS-zona-5-2018-1-696x464.jpg 696w, \/wp-content\/uploads\/sites\/5\/2018\/08\/Inauguracion-Semana-Lactancia-Materna-IGSS-zona-5-2018-1-1068x712.jpg 1068w, \/wp-content\/uploads\/sites\/5\/2018\/08\/Inauguracion-Semana-Lactancia-Materna-IGSS-zona-5-2018-1-534x356.jpg 534w, \/wp-content\/uploads\/sites\/5\/2018\/08\/Inauguracion-Semana-Lactancia-Materna-IGSS-zona-5-2018-1-1920x1280.jpg 1920w, \/wp-content\/uploads\/sites\/5\/2018\/08\/Inauguracion-Semana-Lactancia-Materna-IGSS-zona-5-2018-1.jpg 2000w\" sizes=\"(max-width: 630px) 100vw, 630px\" alt=\"\">\r\n                            <\/a>\r\n                            \r\n                        <\/figure>\r\n                    <\/div>\r\n                            <\/div>\r\n                        <\/div>\r\n\r\n                        <div class = \"td-doubleSlider-2\">\r\n                            <div class = \"td-slider\">\r\n                                \r\n                    <div class = \"td-button td-item1\">\r\n                        <div class = \"td-border\"><\/div>\r\n                    <\/div>\r\n                    <div class = \"td-button td-item2\">\r\n                        <div class = \"td-border\"><\/div>\r\n                    <\/div>\r\n                    <div class = \"td-button td-item3\">\r\n                        <div class = \"td-border\"><\/div>\r\n                    <\/div>\r\n                    <div class = \"td-button td-item4\">\r\n                        <div class = \"td-border\"><\/div>\r\n                    <\/div>\r\n                    <div class = \"td-button td-item5\">\r\n                        <div class = \"td-border\"><\/div>\r\n                    <\/div>\r\n                    <div class = \"td-button td-item6\">\r\n                        <div class = \"td-border\"><\/div>\r\n                    <\/div>\r\n                    <div class = \"td-button td-item7\">\r\n                        <div class = \"td-border\"><\/div>\r\n                    <\/div>\r\n                    <div class = \"td-button td-item8\">\r\n                        <div class = \"td-border\"><\/div>\r\n                    <\/div>\r\n                    <div class = \"td-button td-item9\">\r\n                        <div class = \"td-border\"><\/div>\r\n                    <\/div>\r\n                    <div class = \"td-button td-item10\">\r\n                        <div class = \"td-border\"><\/div>\r\n                    <\/div>\r\n                            <\/div>\r\n                        <\/div>\r\n\r\n                    <\/div>\r\n\r\n                <\/div>\r\n                \n<hr \/>\n<p>&nbsp;<\/p>\n","protected":false},"excerpt":{"rendered":"<p>Diversas actividades relacionadas con la conmemoraci\u00f3n de la Semana Mundial de la Lactancia Materna fueron realizadas hoy en la Unidad Perif\u00e9rica de la zona 5, el Hospital de Ginecolog\u00eda y Obstetricia y el Hospital Dr. Juan Jos\u00e9 Ar\u00e9valo Bermejo, zona 6 para promover, incentivar y fomentar la lactancia materna. En la Perif\u00e9rica de la zona [&hellip;]<\/p>\n","protected":false},"author":4,"featured_media":6117,"comment_status":"open","ping_status":"open","sticky":false,"template":"","format":"standard","meta":{"footnotes":""},"categories":[3,29,36],"tags":[556,783],"coauthors":[],"class_list":{"0":"post-6108","1":"post","2":"type-post","3":"status-publish","4":"format-standard","5":"has-post-thumbnail","7":"category-actualidad","8":"category-publicaciones","9":"category-unidades-medicas","10":"tag-lactancia-materna-igss","11":"tag-semana-mundial-de-la-lactancia-materna"},"_links":{"self":[{"href":"https:\/\/www.igssgt.org\/noticias\/wp-json\/wp\/v2\/posts\/6108","targetHints":{"allow":["GET"]}}],"collection":[{"href":"https:\/\/www.igssgt.org\/noticias\/wp-json\/wp\/v2\/posts"}],"about":[{"href":"https:\/\/www.igssgt.org\/noticias\/wp-json\/wp\/v2\/types\/post"}],"author":[{"embeddable":true,"href":"https:\/\/www.igssgt.org\/noticias\/wp-json\/wp\/v2\/users\/4"}],"replies":[{"embeddable":true,"href":"https:\/\/www.igssgt.org\/noticias\/wp-json\/wp\/v2\/comments?post=6108"}],"version-history":[{"count":0,"href":"https:\/\/www.igssgt.org\/noticias\/wp-json\/wp\/v2\/posts\/6108\/revisions"}],"wp:featuredmedia":[{"embeddable":true,"href":"https:\/\/www.igssgt.org\/noticias\/wp-json\/wp\/v2\/media\/6117"}],"wp:attachment":[{"href":"https:\/\/www.igssgt.org\/noticias\/wp-json\/wp\/v2\/media?parent=6108"}],"wp:term":[{"taxonomy":"category","embeddable":true,"href":"https:\/\/www.igssgt.org\/noticias\/wp-json\/wp\/v2\/categories?post=6108"},{"taxonomy":"post_tag","embeddable":true,"href":"https:\/\/www.igssgt.org\/noticias\/wp-json\/wp\/v2\/tags?post=6108"},{"taxonomy":"author","embeddable":true,"href":"https:\/\/www.igssgt.org\/noticias\/wp-json\/wp\/v2\/coauthors?post=6108"}],"curies":[{"name":"wp","href":"https:\/\/api.w.org\/{rel}","templated":true}]}}