{"id":6178,"date":"2018-08-09T16:30:59","date_gmt":"2018-08-09T22:30:59","guid":{"rendered":"http:\/\/noticias.igssgt.org\/?p=6178"},"modified":"2018-08-09T16:30:59","modified_gmt":"2018-08-09T22:30:59","slug":"trabajadores-del-igss-evacuan-edificio-de-oficinas-centrales-por-sismo","status":"publish","type":"post","link":"https:\/\/www.igssgt.org\/noticias\/2018\/08\/09\/trabajadores-del-igss-evacuan-edificio-de-oficinas-centrales-por-sismo\/","title":{"rendered":"Trabajadores del IGSS evac\u00faan edificio de Oficinas Centrales por sismo"},"content":{"rendered":"<p>M\u00e1s de 2 mil trabajadores de las Oficinas Centrales del Instituto Guatemalteco de Seguridad Social (IGSS) fueron evacuados hoy luego de registrarse un sismo de 4.7 grados de magnitud ocurrido a las 13:21:52 horas. Esta acci\u00f3n fue coordinada por integrantes del Comit\u00e9 Local de Prevenci\u00f3n de Desastres de esta sede.<\/p>\n<p>Durante el temblor fueron activadas las alarmas y los representantes de este comit\u00e9 que laboran en las diferentes secciones y niveles coordinaron la evacuaci\u00f3n ordenada de los trabajadores, quienes siguieron la ruta de evacuaci\u00f3n y se dirigieron a los puntos de encuentro ya establecidos.<\/p>\n<p>Luego de permanecer algunos minutos en los puntos de encuentro, los miembros del comit\u00e9 indicaron a los empleados que retornaran a sus respectivas \u00e1reas para continuar con sus labores.<\/p>\n\r\n                <style type=\"text\/css\">\r\n                    \r\n                    #tdi_1  .td-doubleSlider-2 .td-item1 {\r\n                        background: url(\/wp-content\/uploads\/sites\/5\/2018\/08\/Evacuacion-sismo-IGSS-oficinas-centrales-2018-1-80x60.jpg) 0 0 no-repeat;\r\n                    }\r\n                    #tdi_1  .td-doubleSlider-2 .td-item2 {\r\n                        background: url(\/wp-content\/uploads\/sites\/5\/2018\/08\/Evacuacion-sismo-IGSS-oficinas-centrales-2018-2-80x60.jpg) 0 0 no-repeat;\r\n                    }\r\n                    #tdi_1  .td-doubleSlider-2 .td-item3 {\r\n                        background: url(\/wp-content\/uploads\/sites\/5\/2018\/08\/Evacuacion-sismo-IGSS-oficinas-centrales-2018-3-80x60.jpg) 0 0 no-repeat;\r\n                    }\r\n                    #tdi_1  .td-doubleSlider-2 .td-item4 {\r\n                        background: url(\/wp-content\/uploads\/sites\/5\/2018\/08\/Evacuacion-sismo-IGSS-oficinas-centrales-2018-4-80x60.jpg) 0 0 no-repeat;\r\n                    }\r\n                    #tdi_1  .td-doubleSlider-2 .td-item5 {\r\n                        background: url(\/wp-content\/uploads\/sites\/5\/2018\/08\/Evacuacion-sismo-IGSS-oficinas-centrales-2018-5-80x60.jpg) 0 0 no-repeat;\r\n                    }\r\n                <\/style>\r\n\r\n                <div id=\"tdi_1\" class=\"td-gallery td-slide-on-2-columns\">\r\n                    <div class=\"post_td_gallery\">\r\n                        <div class=\"td-gallery-slide-top\">\r\n                           <div class=\"td-gallery-title\">Galer\u00eda de Im\u00e1genes<\/div>\r\n\r\n                            <div class=\"td-gallery-controls-wrapper\">\r\n                                <div class=\"td-gallery-slide-count\"><span class=\"td-gallery-slide-item-focus\">1<\/span> de 5<\/div>\r\n                                <div class=\"td-gallery-slide-prev-next-but\">\r\n                                    <i class = \"td-icon-left doubleSliderPrevButton\"><\/i>\r\n                                    <i class = \"td-icon-right doubleSliderNextButton\"><\/i>\r\n                                <\/div>\r\n                            <\/div>\r\n                        <\/div>\r\n\r\n                        <div class = \"td-doubleSlider-1 \">\r\n                            <div class = \"td-slider\">\r\n                                \r\n                    <div class = \"td-slide-item td-item1\">\r\n                        <figure class=\"td-slide-galery-figure td-slide-popup-gallery\">\r\n                            <a class=\"slide-gallery-image-link\" href=\"\/wp-content\/uploads\/sites\/5\/2018\/08\/Evacuacion-sismo-IGSS-oficinas-centrales-2018-1.jpg\" title=\"Evacuacion sismo IGSS oficinas centrales 2018-1\"  data-caption=\"\"  data-description=\"\">\r\n                                <img decoding=\"async\" src=\"\/wp-content\/uploads\/sites\/5\/2018\/08\/Evacuacion-sismo-IGSS-oficinas-centrales-2018-1-630x420.jpg\" srcset=\"\/wp-content\/uploads\/sites\/5\/2018\/08\/Evacuacion-sismo-IGSS-oficinas-centrales-2018-1-630x420.jpg 630w, \/wp-content\/uploads\/sites\/5\/2018\/08\/Evacuacion-sismo-IGSS-oficinas-centrales-2018-1-1536x1024.jpg 1536w, \/wp-content\/uploads\/sites\/5\/2018\/08\/Evacuacion-sismo-IGSS-oficinas-centrales-2018-1-300x200.jpg 300w, \/wp-content\/uploads\/sites\/5\/2018\/08\/Evacuacion-sismo-IGSS-oficinas-centrales-2018-1-768x512.jpg 768w, \/wp-content\/uploads\/sites\/5\/2018\/08\/Evacuacion-sismo-IGSS-oficinas-centrales-2018-1-1024x682.jpg 1024w, \/wp-content\/uploads\/sites\/5\/2018\/08\/Evacuacion-sismo-IGSS-oficinas-centrales-2018-1-696x464.jpg 696w, \/wp-content\/uploads\/sites\/5\/2018\/08\/Evacuacion-sismo-IGSS-oficinas-centrales-2018-1-1068x712.jpg 1068w, \/wp-content\/uploads\/sites\/5\/2018\/08\/Evacuacion-sismo-IGSS-oficinas-centrales-2018-1-534x356.jpg 534w, \/wp-content\/uploads\/sites\/5\/2018\/08\/Evacuacion-sismo-IGSS-oficinas-centrales-2018-1-1920x1280.jpg 1920w, \/wp-content\/uploads\/sites\/5\/2018\/08\/Evacuacion-sismo-IGSS-oficinas-centrales-2018-1.jpg 2000w\" sizes=\"(max-width: 630px) 100vw, 630px\" alt=\"\">\r\n                            <\/a>\r\n                            \r\n                        <\/figure>\r\n                    <\/div>\r\n                    <div class = \"td-slide-item td-item2\">\r\n                        <figure class=\"td-slide-galery-figure td-slide-popup-gallery\">\r\n                            <a class=\"slide-gallery-image-link\" href=\"\/wp-content\/uploads\/sites\/5\/2018\/08\/Evacuacion-sismo-IGSS-oficinas-centrales-2018-2.jpg\" title=\"Evacuacion sismo IGSS oficinas centrales 2018-2\"  data-caption=\"\"  data-description=\"\">\r\n                                <img decoding=\"async\" src=\"\/wp-content\/uploads\/sites\/5\/2018\/08\/Evacuacion-sismo-IGSS-oficinas-centrales-2018-2-630x420.jpg\" srcset=\"\/wp-content\/uploads\/sites\/5\/2018\/08\/Evacuacion-sismo-IGSS-oficinas-centrales-2018-2-630x420.jpg 630w, \/wp-content\/uploads\/sites\/5\/2018\/08\/Evacuacion-sismo-IGSS-oficinas-centrales-2018-2-1536x1024.jpg 1536w, \/wp-content\/uploads\/sites\/5\/2018\/08\/Evacuacion-sismo-IGSS-oficinas-centrales-2018-2-300x200.jpg 300w, \/wp-content\/uploads\/sites\/5\/2018\/08\/Evacuacion-sismo-IGSS-oficinas-centrales-2018-2-768x512.jpg 768w, \/wp-content\/uploads\/sites\/5\/2018\/08\/Evacuacion-sismo-IGSS-oficinas-centrales-2018-2-1024x682.jpg 1024w, \/wp-content\/uploads\/sites\/5\/2018\/08\/Evacuacion-sismo-IGSS-oficinas-centrales-2018-2-696x464.jpg 696w, \/wp-content\/uploads\/sites\/5\/2018\/08\/Evacuacion-sismo-IGSS-oficinas-centrales-2018-2-1068x712.jpg 1068w, \/wp-content\/uploads\/sites\/5\/2018\/08\/Evacuacion-sismo-IGSS-oficinas-centrales-2018-2-534x356.jpg 534w, \/wp-content\/uploads\/sites\/5\/2018\/08\/Evacuacion-sismo-IGSS-oficinas-centrales-2018-2-1920x1280.jpg 1920w, \/wp-content\/uploads\/sites\/5\/2018\/08\/Evacuacion-sismo-IGSS-oficinas-centrales-2018-2.jpg 2000w\" sizes=\"(max-width: 630px) 100vw, 630px\" alt=\"\">\r\n                            <\/a>\r\n                            \r\n                        <\/figure>\r\n                    <\/div>\r\n                    <div class = \"td-slide-item td-item3\">\r\n                        <figure class=\"td-slide-galery-figure td-slide-popup-gallery\">\r\n                            <a class=\"slide-gallery-image-link\" href=\"\/wp-content\/uploads\/sites\/5\/2018\/08\/Evacuacion-sismo-IGSS-oficinas-centrales-2018-3.jpg\" title=\"Evacuacion sismo IGSS oficinas centrales 2018-3\"  data-caption=\"\"  data-description=\"\">\r\n                                <img decoding=\"async\" src=\"\/wp-content\/uploads\/sites\/5\/2018\/08\/Evacuacion-sismo-IGSS-oficinas-centrales-2018-3-630x420.jpg\" srcset=\"\/wp-content\/uploads\/sites\/5\/2018\/08\/Evacuacion-sismo-IGSS-oficinas-centrales-2018-3-630x420.jpg 630w, \/wp-content\/uploads\/sites\/5\/2018\/08\/Evacuacion-sismo-IGSS-oficinas-centrales-2018-3-1536x1024.jpg 1536w, \/wp-content\/uploads\/sites\/5\/2018\/08\/Evacuacion-sismo-IGSS-oficinas-centrales-2018-3-300x200.jpg 300w, \/wp-content\/uploads\/sites\/5\/2018\/08\/Evacuacion-sismo-IGSS-oficinas-centrales-2018-3-768x512.jpg 768w, \/wp-content\/uploads\/sites\/5\/2018\/08\/Evacuacion-sismo-IGSS-oficinas-centrales-2018-3-1024x682.jpg 1024w, \/wp-content\/uploads\/sites\/5\/2018\/08\/Evacuacion-sismo-IGSS-oficinas-centrales-2018-3-696x464.jpg 696w, \/wp-content\/uploads\/sites\/5\/2018\/08\/Evacuacion-sismo-IGSS-oficinas-centrales-2018-3-1068x712.jpg 1068w, \/wp-content\/uploads\/sites\/5\/2018\/08\/Evacuacion-sismo-IGSS-oficinas-centrales-2018-3-534x356.jpg 534w, \/wp-content\/uploads\/sites\/5\/2018\/08\/Evacuacion-sismo-IGSS-oficinas-centrales-2018-3-1920x1280.jpg 1920w, \/wp-content\/uploads\/sites\/5\/2018\/08\/Evacuacion-sismo-IGSS-oficinas-centrales-2018-3.jpg 2000w\" sizes=\"(max-width: 630px) 100vw, 630px\" alt=\"\">\r\n                            <\/a>\r\n                            \r\n                        <\/figure>\r\n                    <\/div>\r\n                    <div class = \"td-slide-item td-item4\">\r\n                        <figure class=\"td-slide-galery-figure td-slide-popup-gallery\">\r\n                            <a class=\"slide-gallery-image-link\" href=\"\/wp-content\/uploads\/sites\/5\/2018\/08\/Evacuacion-sismo-IGSS-oficinas-centrales-2018-4.jpg\" title=\"Evacuacion sismo IGSS oficinas centrales 2018-4\"  data-caption=\"\"  data-description=\"\">\r\n                                <img decoding=\"async\" src=\"\/wp-content\/uploads\/sites\/5\/2018\/08\/Evacuacion-sismo-IGSS-oficinas-centrales-2018-4-630x420.jpg\" srcset=\"\/wp-content\/uploads\/sites\/5\/2018\/08\/Evacuacion-sismo-IGSS-oficinas-centrales-2018-4-630x420.jpg 630w, \/wp-content\/uploads\/sites\/5\/2018\/08\/Evacuacion-sismo-IGSS-oficinas-centrales-2018-4-1536x1024.jpg 1536w, \/wp-content\/uploads\/sites\/5\/2018\/08\/Evacuacion-sismo-IGSS-oficinas-centrales-2018-4-300x200.jpg 300w, \/wp-content\/uploads\/sites\/5\/2018\/08\/Evacuacion-sismo-IGSS-oficinas-centrales-2018-4-768x512.jpg 768w, \/wp-content\/uploads\/sites\/5\/2018\/08\/Evacuacion-sismo-IGSS-oficinas-centrales-2018-4-1024x682.jpg 1024w, \/wp-content\/uploads\/sites\/5\/2018\/08\/Evacuacion-sismo-IGSS-oficinas-centrales-2018-4-696x464.jpg 696w, \/wp-content\/uploads\/sites\/5\/2018\/08\/Evacuacion-sismo-IGSS-oficinas-centrales-2018-4-1068x712.jpg 1068w, \/wp-content\/uploads\/sites\/5\/2018\/08\/Evacuacion-sismo-IGSS-oficinas-centrales-2018-4-534x356.jpg 534w, \/wp-content\/uploads\/sites\/5\/2018\/08\/Evacuacion-sismo-IGSS-oficinas-centrales-2018-4-1920x1280.jpg 1920w, \/wp-content\/uploads\/sites\/5\/2018\/08\/Evacuacion-sismo-IGSS-oficinas-centrales-2018-4.jpg 2000w\" sizes=\"(max-width: 630px) 100vw, 630px\" alt=\"\">\r\n                            <\/a>\r\n                            \r\n                        <\/figure>\r\n                    <\/div>\r\n                    <div class = \"td-slide-item td-item5\">\r\n                        <figure class=\"td-slide-galery-figure td-slide-popup-gallery\">\r\n                            <a class=\"slide-gallery-image-link\" href=\"\/wp-content\/uploads\/sites\/5\/2018\/08\/Evacuacion-sismo-IGSS-oficinas-centrales-2018-5.jpg\" title=\"Evacuacion sismo IGSS oficinas centrales 2018-5\"  data-caption=\"\"  data-description=\"\">\r\n                                <img decoding=\"async\" src=\"\/wp-content\/uploads\/sites\/5\/2018\/08\/Evacuacion-sismo-IGSS-oficinas-centrales-2018-5-586x420.jpg\" srcset=\"\/wp-content\/uploads\/sites\/5\/2018\/08\/Evacuacion-sismo-IGSS-oficinas-centrales-2018-5-586x420.jpg 586w, \/wp-content\/uploads\/sites\/5\/2018\/08\/Evacuacion-sismo-IGSS-oficinas-centrales-2018-5-1536x1101.jpg 1536w, \/wp-content\/uploads\/sites\/5\/2018\/08\/Evacuacion-sismo-IGSS-oficinas-centrales-2018-5-300x215.jpg 300w, \/wp-content\/uploads\/sites\/5\/2018\/08\/Evacuacion-sismo-IGSS-oficinas-centrales-2018-5-768x550.jpg 768w, \/wp-content\/uploads\/sites\/5\/2018\/08\/Evacuacion-sismo-IGSS-oficinas-centrales-2018-5-1024x734.jpg 1024w, \/wp-content\/uploads\/sites\/5\/2018\/08\/Evacuacion-sismo-IGSS-oficinas-centrales-2018-5-696x499.jpg 696w, \/wp-content\/uploads\/sites\/5\/2018\/08\/Evacuacion-sismo-IGSS-oficinas-centrales-2018-5-1068x765.jpg 1068w, \/wp-content\/uploads\/sites\/5\/2018\/08\/Evacuacion-sismo-IGSS-oficinas-centrales-2018-5-534x383.jpg 534w, \/wp-content\/uploads\/sites\/5\/2018\/08\/Evacuacion-sismo-IGSS-oficinas-centrales-2018-5.jpg 1754w\" sizes=\"(max-width: 586px) 100vw, 586px\" alt=\"\">\r\n                            <\/a>\r\n                            \r\n                        <\/figure>\r\n                    <\/div>\r\n                            <\/div>\r\n                        <\/div>\r\n\r\n                        <div class = \"td-doubleSlider-2\">\r\n                            <div class = \"td-slider\">\r\n                                \r\n                    <div class = \"td-button td-item1\">\r\n                        <div class = \"td-border\"><\/div>\r\n                    <\/div>\r\n                    <div class = \"td-button td-item2\">\r\n                        <div class = \"td-border\"><\/div>\r\n                    <\/div>\r\n                    <div class = \"td-button td-item3\">\r\n                        <div class = \"td-border\"><\/div>\r\n                    <\/div>\r\n                    <div class = \"td-button td-item4\">\r\n                        <div class = \"td-border\"><\/div>\r\n                    <\/div>\r\n                    <div class = \"td-button td-item5\">\r\n                        <div class = \"td-border\"><\/div>\r\n                    <\/div>\r\n                            <\/div>\r\n                        <\/div>\r\n\r\n                    <\/div>\r\n\r\n                <\/div>\r\n                \n<hr \/>\n<p>&nbsp;<\/p>\n","protected":false},"excerpt":{"rendered":"<p>M\u00e1s de 2 mil trabajadores de las Oficinas Centrales del Instituto Guatemalteco de Seguridad Social (IGSS) fueron evacuados hoy luego de registrarse un sismo de 4.7 grados de magnitud ocurrido a las 13:21:52 horas. Esta acci\u00f3n fue coordinada por integrantes del Comit\u00e9 Local de Prevenci\u00f3n de Desastres de esta sede. Durante el temblor fueron activadas [&hellip;]<\/p>\n","protected":false},"author":4,"featured_media":6183,"comment_status":"open","ping_status":"open","sticky":false,"template":"","format":"standard","meta":{"footnotes":""},"categories":[3,29],"tags":[490,724],"coauthors":[],"class_list":{"0":"post-6178","1":"post","2":"type-post","3":"status-publish","4":"format-standard","5":"has-post-thumbnail","7":"category-actualidad","8":"category-publicaciones","9":"tag-igss","10":"tag-prevencion-de-accidentes"},"_links":{"self":[{"href":"https:\/\/www.igssgt.org\/noticias\/wp-json\/wp\/v2\/posts\/6178","targetHints":{"allow":["GET"]}}],"collection":[{"href":"https:\/\/www.igssgt.org\/noticias\/wp-json\/wp\/v2\/posts"}],"about":[{"href":"https:\/\/www.igssgt.org\/noticias\/wp-json\/wp\/v2\/types\/post"}],"author":[{"embeddable":true,"href":"https:\/\/www.igssgt.org\/noticias\/wp-json\/wp\/v2\/users\/4"}],"replies":[{"embeddable":true,"href":"https:\/\/www.igssgt.org\/noticias\/wp-json\/wp\/v2\/comments?post=6178"}],"version-history":[{"count":0,"href":"https:\/\/www.igssgt.org\/noticias\/wp-json\/wp\/v2\/posts\/6178\/revisions"}],"wp:featuredmedia":[{"embeddable":true,"href":"https:\/\/www.igssgt.org\/noticias\/wp-json\/wp\/v2\/media\/6183"}],"wp:attachment":[{"href":"https:\/\/www.igssgt.org\/noticias\/wp-json\/wp\/v2\/media?parent=6178"}],"wp:term":[{"taxonomy":"category","embeddable":true,"href":"https:\/\/www.igssgt.org\/noticias\/wp-json\/wp\/v2\/categories?post=6178"},{"taxonomy":"post_tag","embeddable":true,"href":"https:\/\/www.igssgt.org\/noticias\/wp-json\/wp\/v2\/tags?post=6178"},{"taxonomy":"author","embeddable":true,"href":"https:\/\/www.igssgt.org\/noticias\/wp-json\/wp\/v2\/coauthors?post=6178"}],"curies":[{"name":"wp","href":"https:\/\/api.w.org\/{rel}","templated":true}]}}