{"id":6361,"date":"2018-08-23T16:50:12","date_gmt":"2018-08-23T22:50:12","guid":{"rendered":"http:\/\/noticias.igssgt.org\/?p=6361"},"modified":"2018-08-23T16:50:12","modified_gmt":"2018-08-23T22:50:12","slug":"realizan-segunda-feria-de-la-salud-en-el-camip-zunil","status":"publish","type":"post","link":"https:\/\/www.igssgt.org\/noticias\/2018\/08\/23\/realizan-segunda-feria-de-la-salud-en-el-camip-zunil\/","title":{"rendered":"Realizan Segunda Feria de la Salud en el CAMIP Zunil"},"content":{"rendered":"<p><a href=\"\/noticias\/wp-content\/uploads\/sites\/5\/2018\/08\/Feria-de-la-Saludo-CAMIP-Zunil-IGSS-2018-10.jpg\"><img loading=\"lazy\" decoding=\"async\" class=\"alignnone size-full wp-image-6371\" src=\"\/noticias\/wp-content\/uploads\/sites\/5\/2018\/08\/Feria-de-la-Saludo-CAMIP-Zunil-IGSS-2018-10.jpg\" alt=\"\" width=\"1872\" height=\"1333\" srcset=\"\/wp-content\/uploads\/sites\/5\/2018\/08\/Feria-de-la-Saludo-CAMIP-Zunil-IGSS-2018-10.jpg 1872w, \/wp-content\/uploads\/sites\/5\/2018\/08\/Feria-de-la-Saludo-CAMIP-Zunil-IGSS-2018-10-1536x1094.jpg 1536w, \/wp-content\/uploads\/sites\/5\/2018\/08\/Feria-de-la-Saludo-CAMIP-Zunil-IGSS-2018-10-300x214.jpg 300w, \/wp-content\/uploads\/sites\/5\/2018\/08\/Feria-de-la-Saludo-CAMIP-Zunil-IGSS-2018-10-768x547.jpg 768w, \/wp-content\/uploads\/sites\/5\/2018\/08\/Feria-de-la-Saludo-CAMIP-Zunil-IGSS-2018-10-1024x729.jpg 1024w, \/wp-content\/uploads\/sites\/5\/2018\/08\/Feria-de-la-Saludo-CAMIP-Zunil-IGSS-2018-10-590x420.jpg 590w, \/wp-content\/uploads\/sites\/5\/2018\/08\/Feria-de-la-Saludo-CAMIP-Zunil-IGSS-2018-10-696x496.jpg 696w, \/wp-content\/uploads\/sites\/5\/2018\/08\/Feria-de-la-Saludo-CAMIP-Zunil-IGSS-2018-10-1068x760.jpg 1068w, \/wp-content\/uploads\/sites\/5\/2018\/08\/Feria-de-la-Saludo-CAMIP-Zunil-IGSS-2018-10-100x70.jpg 100w, \/wp-content\/uploads\/sites\/5\/2018\/08\/Feria-de-la-Saludo-CAMIP-Zunil-IGSS-2018-10-534x380.jpg 534w\" sizes=\"auto, (max-width: 1872px) 100vw, 1872px\" \/><\/a><\/p>\n<p>Con la finalidad de promover el bienestar en los derechohabientes del Instituto Guatemalteco de Seguridad Social (IGSS) se realiz\u00f3 hoy la Segunda Feria de la Salud en el Centro de Atenci\u00f3n M\u00e9dica Integral para Pensionados (CAMIP) Zunil, ubicado en la colonia Monte Real, zona 4 de Mixco.<\/p>\n<p>Durante la jornada se realizaron diversas actividades con el objetivo de promover la salud f\u00edsica y mental de los pensionados y jubilados que asisten a ese centro asistencial.<\/p>\n<p>En la actividad se cont\u00f3 con la presentaci\u00f3n de los integrantes de los clubes de diab\u00e9ticos e hipertensos, quienes invitaron a los asistentes para que se integren a estas agrupaciones y conozcan planes alimenticios para sobrevivir de mejor manera con esas enfermedades, indic\u00f3 la doctora Irma Mart\u00ednez, directora m\u00e9dica de esta unidad.<\/p>\n<p>Tambi\u00e9n se cont\u00f3 con la presentaci\u00f3n del artista Rudy Calder\u00f3n, imitador de Juan Gabriel, el grupo de tai chi, entrenamiento f\u00edsico y gimnasia r\u00edtmica. Adem\u00e1s, fueron expuestos algunos trabajos manuales, se brind\u00f3 informaci\u00f3n para prevenir y vivir de mejor manera con la hipertensi\u00f3n y la diabetes.<\/p>\n<p>Los asistentes bailaron al ritmo de las notas de la marimba de la Municipalidad de Mixco. Se realizaron pruebas de glucosa\u00a0 y presi\u00f3n arterial.<\/p>\n<p>La unidad cuenta con 10 cl\u00ednicas de enfermedad com\u00fan y 11 cl\u00ednicas de especialidades, en las que se atiende a 15,400 derechohabientes.<\/p>\n\r\n                <style type=\"text\/css\">\r\n                    \r\n                    #tdi_1  .td-doubleSlider-2 .td-item1 {\r\n                        background: url(\/wp-content\/uploads\/sites\/5\/2018\/08\/Feria-de-la-Saludo-CAMIP-Zunil-IGSS-2018-1-80x60.jpg) 0 0 no-repeat;\r\n                    }\r\n                    #tdi_1  .td-doubleSlider-2 .td-item2 {\r\n                        background: url(\/wp-content\/uploads\/sites\/5\/2018\/08\/Feria-de-la-Saludo-CAMIP-Zunil-IGSS-2018-2-80x60.jpg) 0 0 no-repeat;\r\n                    }\r\n                    #tdi_1  .td-doubleSlider-2 .td-item3 {\r\n                        background: url(\/wp-content\/uploads\/sites\/5\/2018\/08\/Feria-de-la-Saludo-CAMIP-Zunil-IGSS-2018-3-80x60.jpg) 0 0 no-repeat;\r\n                    }\r\n                    #tdi_1  .td-doubleSlider-2 .td-item4 {\r\n                        background: url(\/wp-content\/uploads\/sites\/5\/2018\/08\/Feria-de-la-Saludo-CAMIP-Zunil-IGSS-2018-4-80x60.jpg) 0 0 no-repeat;\r\n                    }\r\n                    #tdi_1  .td-doubleSlider-2 .td-item5 {\r\n                        background: url(\/wp-content\/uploads\/sites\/5\/2018\/08\/Feria-de-la-Saludo-CAMIP-Zunil-IGSS-2018-5-80x60.jpg) 0 0 no-repeat;\r\n                    }\r\n                    #tdi_1  .td-doubleSlider-2 .td-item6 {\r\n                        background: url(\/wp-content\/uploads\/sites\/5\/2018\/08\/Feria-de-la-Saludo-CAMIP-Zunil-IGSS-2018-6-80x60.jpg) 0 0 no-repeat;\r\n                    }\r\n                    #tdi_1  .td-doubleSlider-2 .td-item7 {\r\n                        background: url(\/wp-content\/uploads\/sites\/5\/2018\/08\/Feria-de-la-Saludo-CAMIP-Zunil-IGSS-2018-7-80x60.jpg) 0 0 no-repeat;\r\n                    }\r\n                    #tdi_1  .td-doubleSlider-2 .td-item8 {\r\n                        background: url(\/wp-content\/uploads\/sites\/5\/2018\/08\/Feria-de-la-Saludo-CAMIP-Zunil-IGSS-2018-8-80x60.jpg) 0 0 no-repeat;\r\n                    }\r\n                    #tdi_1  .td-doubleSlider-2 .td-item9 {\r\n                        background: url(\/wp-content\/uploads\/sites\/5\/2018\/08\/Feria-de-la-Saludo-CAMIP-Zunil-IGSS-2018-9-80x60.jpg) 0 0 no-repeat;\r\n                    }\r\n                    #tdi_1  .td-doubleSlider-2 .td-item10 {\r\n                        background: url(\/wp-content\/uploads\/sites\/5\/2018\/08\/Feria-de-la-Saludo-CAMIP-Zunil-IGSS-2018-10-80x60.jpg) 0 0 no-repeat;\r\n                    }\r\n                    #tdi_1  .td-doubleSlider-2 .td-item11 {\r\n                        background: url(\/wp-content\/uploads\/sites\/5\/2018\/08\/Feria-de-la-Saludo-CAMIP-Zunil-IGSS-2018-11-80x60.jpg) 0 0 no-repeat;\r\n                    }\r\n                    #tdi_1  .td-doubleSlider-2 .td-item12 {\r\n                        background: url(\/wp-content\/uploads\/sites\/5\/2018\/08\/Feria-de-la-Saludo-CAMIP-Zunil-IGSS-2018-12-80x60.jpg) 0 0 no-repeat;\r\n                    }\r\n                    #tdi_1  .td-doubleSlider-2 .td-item13 {\r\n                        background: url(\/wp-content\/uploads\/sites\/5\/2018\/08\/Feria-de-la-Saludo-CAMIP-Zunil-IGSS-2018-13-80x60.jpg) 0 0 no-repeat;\r\n                    }\r\n                    #tdi_1  .td-doubleSlider-2 .td-item14 {\r\n                        background: url(\/wp-content\/uploads\/sites\/5\/2018\/08\/Feria-de-la-Saludo-CAMIP-Zunil-IGSS-2018-14-80x60.jpg) 0 0 no-repeat;\r\n                    }\r\n                    #tdi_1  .td-doubleSlider-2 .td-item15 {\r\n                        background: url(\/wp-content\/uploads\/sites\/5\/2018\/08\/Feria-de-la-Saludo-CAMIP-Zunil-IGSS-2018-15-80x60.jpg) 0 0 no-repeat;\r\n                    }\r\n                    #tdi_1  .td-doubleSlider-2 .td-item16 {\r\n                        background: url(\/wp-content\/uploads\/sites\/5\/2018\/08\/Feria-de-la-Saludo-CAMIP-Zunil-IGSS-2018-16-80x60.jpg) 0 0 no-repeat;\r\n                    }\r\n                    #tdi_1  .td-doubleSlider-2 .td-item17 {\r\n                        background: url(\/wp-content\/uploads\/sites\/5\/2018\/08\/Feria-de-la-Saludo-CAMIP-Zunil-IGSS-2018-17-80x60.jpg) 0 0 no-repeat;\r\n                    }\r\n                    #tdi_1  .td-doubleSlider-2 .td-item18 {\r\n                        background: url(\/wp-content\/uploads\/sites\/5\/2018\/08\/Feria-de-la-Saludo-CAMIP-Zunil-IGSS-2018-18-80x60.jpg) 0 0 no-repeat;\r\n                    }\r\n                <\/style>\r\n\r\n                <div id=\"tdi_1\" class=\"td-gallery td-slide-on-2-columns\">\r\n                    <div class=\"post_td_gallery\">\r\n                        <div class=\"td-gallery-slide-top\">\r\n                           <div class=\"td-gallery-title\">Galer\u00eda de Im\u00e1genes<\/div>\r\n\r\n                            <div class=\"td-gallery-controls-wrapper\">\r\n                                <div class=\"td-gallery-slide-count\"><span class=\"td-gallery-slide-item-focus\">1<\/span> de 18<\/div>\r\n                                <div class=\"td-gallery-slide-prev-next-but\">\r\n                                    <i class = \"td-icon-left doubleSliderPrevButton\"><\/i>\r\n                                    <i class = \"td-icon-right doubleSliderNextButton\"><\/i>\r\n                                <\/div>\r\n                            <\/div>\r\n                        <\/div>\r\n\r\n                        <div class = \"td-doubleSlider-1 \">\r\n                            <div class = \"td-slider\">\r\n                                \r\n                    <div class = \"td-slide-item td-item1\">\r\n                        <figure class=\"td-slide-galery-figure td-slide-popup-gallery\">\r\n                            <a class=\"slide-gallery-image-link\" href=\"\/wp-content\/uploads\/sites\/5\/2018\/08\/Feria-de-la-Saludo-CAMIP-Zunil-IGSS-2018-1.jpg\" title=\"Feria de la Saludo CAMIP Zunil IGSS 2018-1\"  data-caption=\"\"  data-description=\"\">\r\n                                <img decoding=\"async\" src=\"\/wp-content\/uploads\/sites\/5\/2018\/08\/Feria-de-la-Saludo-CAMIP-Zunil-IGSS-2018-1-630x420.jpg\" srcset=\"\/wp-content\/uploads\/sites\/5\/2018\/08\/Feria-de-la-Saludo-CAMIP-Zunil-IGSS-2018-1-630x420.jpg 630w, \/wp-content\/uploads\/sites\/5\/2018\/08\/Feria-de-la-Saludo-CAMIP-Zunil-IGSS-2018-1-1536x1024.jpg 1536w, \/wp-content\/uploads\/sites\/5\/2018\/08\/Feria-de-la-Saludo-CAMIP-Zunil-IGSS-2018-1-300x200.jpg 300w, \/wp-content\/uploads\/sites\/5\/2018\/08\/Feria-de-la-Saludo-CAMIP-Zunil-IGSS-2018-1-768x512.jpg 768w, \/wp-content\/uploads\/sites\/5\/2018\/08\/Feria-de-la-Saludo-CAMIP-Zunil-IGSS-2018-1-1024x682.jpg 1024w, \/wp-content\/uploads\/sites\/5\/2018\/08\/Feria-de-la-Saludo-CAMIP-Zunil-IGSS-2018-1-696x464.jpg 696w, \/wp-content\/uploads\/sites\/5\/2018\/08\/Feria-de-la-Saludo-CAMIP-Zunil-IGSS-2018-1-1068x712.jpg 1068w, \/wp-content\/uploads\/sites\/5\/2018\/08\/Feria-de-la-Saludo-CAMIP-Zunil-IGSS-2018-1-534x356.jpg 534w, \/wp-content\/uploads\/sites\/5\/2018\/08\/Feria-de-la-Saludo-CAMIP-Zunil-IGSS-2018-1-1920x1280.jpg 1920w, \/wp-content\/uploads\/sites\/5\/2018\/08\/Feria-de-la-Saludo-CAMIP-Zunil-IGSS-2018-1.jpg 2000w\" sizes=\"(max-width: 630px) 100vw, 630px\" alt=\"\">\r\n                            <\/a>\r\n                            \r\n                        <\/figure>\r\n                    <\/div>\r\n                    <div class = \"td-slide-item td-item2\">\r\n                        <figure class=\"td-slide-galery-figure td-slide-popup-gallery\">\r\n                            <a class=\"slide-gallery-image-link\" href=\"\/wp-content\/uploads\/sites\/5\/2018\/08\/Feria-de-la-Saludo-CAMIP-Zunil-IGSS-2018-2.jpg\" title=\"Feria de la Saludo CAMIP Zunil IGSS 2018-2\"  data-caption=\"\"  data-description=\"\">\r\n                                <img decoding=\"async\" src=\"\/wp-content\/uploads\/sites\/5\/2018\/08\/Feria-de-la-Saludo-CAMIP-Zunil-IGSS-2018-2-630x420.jpg\" srcset=\"\/wp-content\/uploads\/sites\/5\/2018\/08\/Feria-de-la-Saludo-CAMIP-Zunil-IGSS-2018-2-630x420.jpg 630w, \/wp-content\/uploads\/sites\/5\/2018\/08\/Feria-de-la-Saludo-CAMIP-Zunil-IGSS-2018-2-1536x1024.jpg 1536w, \/wp-content\/uploads\/sites\/5\/2018\/08\/Feria-de-la-Saludo-CAMIP-Zunil-IGSS-2018-2-300x200.jpg 300w, \/wp-content\/uploads\/sites\/5\/2018\/08\/Feria-de-la-Saludo-CAMIP-Zunil-IGSS-2018-2-768x512.jpg 768w, \/wp-content\/uploads\/sites\/5\/2018\/08\/Feria-de-la-Saludo-CAMIP-Zunil-IGSS-2018-2-1024x682.jpg 1024w, \/wp-content\/uploads\/sites\/5\/2018\/08\/Feria-de-la-Saludo-CAMIP-Zunil-IGSS-2018-2-696x464.jpg 696w, \/wp-content\/uploads\/sites\/5\/2018\/08\/Feria-de-la-Saludo-CAMIP-Zunil-IGSS-2018-2-1068x712.jpg 1068w, \/wp-content\/uploads\/sites\/5\/2018\/08\/Feria-de-la-Saludo-CAMIP-Zunil-IGSS-2018-2-534x356.jpg 534w, \/wp-content\/uploads\/sites\/5\/2018\/08\/Feria-de-la-Saludo-CAMIP-Zunil-IGSS-2018-2-1920x1280.jpg 1920w, \/wp-content\/uploads\/sites\/5\/2018\/08\/Feria-de-la-Saludo-CAMIP-Zunil-IGSS-2018-2.jpg 2000w\" sizes=\"(max-width: 630px) 100vw, 630px\" alt=\"\">\r\n                            <\/a>\r\n                            \r\n                        <\/figure>\r\n                    <\/div>\r\n                    <div class = \"td-slide-item td-item3\">\r\n                        <figure class=\"td-slide-galery-figure td-slide-popup-gallery\">\r\n                            <a class=\"slide-gallery-image-link\" href=\"\/wp-content\/uploads\/sites\/5\/2018\/08\/Feria-de-la-Saludo-CAMIP-Zunil-IGSS-2018-3.jpg\" title=\"Feria de la Saludo CAMIP Zunil IGSS 2018-3\"  data-caption=\"\"  data-description=\"\">\r\n                                <img decoding=\"async\" src=\"\/wp-content\/uploads\/sites\/5\/2018\/08\/Feria-de-la-Saludo-CAMIP-Zunil-IGSS-2018-3-630x420.jpg\" srcset=\"\/wp-content\/uploads\/sites\/5\/2018\/08\/Feria-de-la-Saludo-CAMIP-Zunil-IGSS-2018-3-630x420.jpg 630w, \/wp-content\/uploads\/sites\/5\/2018\/08\/Feria-de-la-Saludo-CAMIP-Zunil-IGSS-2018-3-1536x1024.jpg 1536w, \/wp-content\/uploads\/sites\/5\/2018\/08\/Feria-de-la-Saludo-CAMIP-Zunil-IGSS-2018-3-300x200.jpg 300w, \/wp-content\/uploads\/sites\/5\/2018\/08\/Feria-de-la-Saludo-CAMIP-Zunil-IGSS-2018-3-768x512.jpg 768w, \/wp-content\/uploads\/sites\/5\/2018\/08\/Feria-de-la-Saludo-CAMIP-Zunil-IGSS-2018-3-1024x682.jpg 1024w, \/wp-content\/uploads\/sites\/5\/2018\/08\/Feria-de-la-Saludo-CAMIP-Zunil-IGSS-2018-3-696x464.jpg 696w, \/wp-content\/uploads\/sites\/5\/2018\/08\/Feria-de-la-Saludo-CAMIP-Zunil-IGSS-2018-3-1068x712.jpg 1068w, \/wp-content\/uploads\/sites\/5\/2018\/08\/Feria-de-la-Saludo-CAMIP-Zunil-IGSS-2018-3-534x356.jpg 534w, \/wp-content\/uploads\/sites\/5\/2018\/08\/Feria-de-la-Saludo-CAMIP-Zunil-IGSS-2018-3-1920x1280.jpg 1920w, \/wp-content\/uploads\/sites\/5\/2018\/08\/Feria-de-la-Saludo-CAMIP-Zunil-IGSS-2018-3.jpg 2000w\" sizes=\"(max-width: 630px) 100vw, 630px\" alt=\"\">\r\n                            <\/a>\r\n                            \r\n                        <\/figure>\r\n                    <\/div>\r\n                    <div class = \"td-slide-item td-item4\">\r\n                        <figure class=\"td-slide-galery-figure td-slide-popup-gallery\">\r\n                            <a class=\"slide-gallery-image-link\" href=\"\/wp-content\/uploads\/sites\/5\/2018\/08\/Feria-de-la-Saludo-CAMIP-Zunil-IGSS-2018-4.jpg\" title=\"Feria de la Saludo CAMIP Zunil IGSS 2018-4\"  data-caption=\"\"  data-description=\"\">\r\n                                <img decoding=\"async\" src=\"\/wp-content\/uploads\/sites\/5\/2018\/08\/Feria-de-la-Saludo-CAMIP-Zunil-IGSS-2018-4-630x420.jpg\" srcset=\"\/wp-content\/uploads\/sites\/5\/2018\/08\/Feria-de-la-Saludo-CAMIP-Zunil-IGSS-2018-4-630x420.jpg 630w, \/wp-content\/uploads\/sites\/5\/2018\/08\/Feria-de-la-Saludo-CAMIP-Zunil-IGSS-2018-4-1536x1024.jpg 1536w, \/wp-content\/uploads\/sites\/5\/2018\/08\/Feria-de-la-Saludo-CAMIP-Zunil-IGSS-2018-4-300x200.jpg 300w, \/wp-content\/uploads\/sites\/5\/2018\/08\/Feria-de-la-Saludo-CAMIP-Zunil-IGSS-2018-4-768x512.jpg 768w, \/wp-content\/uploads\/sites\/5\/2018\/08\/Feria-de-la-Saludo-CAMIP-Zunil-IGSS-2018-4-1024x682.jpg 1024w, \/wp-content\/uploads\/sites\/5\/2018\/08\/Feria-de-la-Saludo-CAMIP-Zunil-IGSS-2018-4-696x464.jpg 696w, \/wp-content\/uploads\/sites\/5\/2018\/08\/Feria-de-la-Saludo-CAMIP-Zunil-IGSS-2018-4-1068x712.jpg 1068w, \/wp-content\/uploads\/sites\/5\/2018\/08\/Feria-de-la-Saludo-CAMIP-Zunil-IGSS-2018-4-534x356.jpg 534w, \/wp-content\/uploads\/sites\/5\/2018\/08\/Feria-de-la-Saludo-CAMIP-Zunil-IGSS-2018-4-1920x1280.jpg 1920w, \/wp-content\/uploads\/sites\/5\/2018\/08\/Feria-de-la-Saludo-CAMIP-Zunil-IGSS-2018-4.jpg 2000w\" sizes=\"(max-width: 630px) 100vw, 630px\" alt=\"\">\r\n                            <\/a>\r\n                            \r\n                        <\/figure>\r\n                    <\/div>\r\n                    <div class = \"td-slide-item td-item5\">\r\n                        <figure class=\"td-slide-galery-figure td-slide-popup-gallery\">\r\n                            <a class=\"slide-gallery-image-link\" href=\"\/wp-content\/uploads\/sites\/5\/2018\/08\/Feria-de-la-Saludo-CAMIP-Zunil-IGSS-2018-5.jpg\" title=\"Feria de la Saludo CAMIP Zunil IGSS 2018-5\"  data-caption=\"\"  data-description=\"\">\r\n                                <img decoding=\"async\" src=\"\/wp-content\/uploads\/sites\/5\/2018\/08\/Feria-de-la-Saludo-CAMIP-Zunil-IGSS-2018-5-630x420.jpg\" srcset=\"\/wp-content\/uploads\/sites\/5\/2018\/08\/Feria-de-la-Saludo-CAMIP-Zunil-IGSS-2018-5-630x420.jpg 630w, \/wp-content\/uploads\/sites\/5\/2018\/08\/Feria-de-la-Saludo-CAMIP-Zunil-IGSS-2018-5-1536x1024.jpg 1536w, \/wp-content\/uploads\/sites\/5\/2018\/08\/Feria-de-la-Saludo-CAMIP-Zunil-IGSS-2018-5-300x200.jpg 300w, \/wp-content\/uploads\/sites\/5\/2018\/08\/Feria-de-la-Saludo-CAMIP-Zunil-IGSS-2018-5-768x512.jpg 768w, \/wp-content\/uploads\/sites\/5\/2018\/08\/Feria-de-la-Saludo-CAMIP-Zunil-IGSS-2018-5-1024x682.jpg 1024w, \/wp-content\/uploads\/sites\/5\/2018\/08\/Feria-de-la-Saludo-CAMIP-Zunil-IGSS-2018-5-696x464.jpg 696w, \/wp-content\/uploads\/sites\/5\/2018\/08\/Feria-de-la-Saludo-CAMIP-Zunil-IGSS-2018-5-1068x712.jpg 1068w, \/wp-content\/uploads\/sites\/5\/2018\/08\/Feria-de-la-Saludo-CAMIP-Zunil-IGSS-2018-5-534x356.jpg 534w, \/wp-content\/uploads\/sites\/5\/2018\/08\/Feria-de-la-Saludo-CAMIP-Zunil-IGSS-2018-5-1920x1280.jpg 1920w, \/wp-content\/uploads\/sites\/5\/2018\/08\/Feria-de-la-Saludo-CAMIP-Zunil-IGSS-2018-5.jpg 2000w\" sizes=\"(max-width: 630px) 100vw, 630px\" alt=\"\">\r\n                            <\/a>\r\n                            \r\n                        <\/figure>\r\n                    <\/div>\r\n                    <div class = \"td-slide-item td-item6\">\r\n                        <figure class=\"td-slide-galery-figure td-slide-popup-gallery\">\r\n                            <a class=\"slide-gallery-image-link\" href=\"\/wp-content\/uploads\/sites\/5\/2018\/08\/Feria-de-la-Saludo-CAMIP-Zunil-IGSS-2018-6.jpg\" title=\"Feria de la Saludo CAMIP Zunil IGSS 2018-6\"  data-caption=\"\"  data-description=\"\">\r\n                                <img decoding=\"async\" src=\"\/wp-content\/uploads\/sites\/5\/2018\/08\/Feria-de-la-Saludo-CAMIP-Zunil-IGSS-2018-6-280x420.jpg\" srcset=\"\/wp-content\/uploads\/sites\/5\/2018\/08\/Feria-de-la-Saludo-CAMIP-Zunil-IGSS-2018-6-280x420.jpg 280w, \/wp-content\/uploads\/sites\/5\/2018\/08\/Feria-de-la-Saludo-CAMIP-Zunil-IGSS-2018-6-1024x1536.jpg 1024w, \/wp-content\/uploads\/sites\/5\/2018\/08\/Feria-de-la-Saludo-CAMIP-Zunil-IGSS-2018-6-1365x2048.jpg 1365w, \/wp-content\/uploads\/sites\/5\/2018\/08\/Feria-de-la-Saludo-CAMIP-Zunil-IGSS-2018-6-200x300.jpg 200w, \/wp-content\/uploads\/sites\/5\/2018\/08\/Feria-de-la-Saludo-CAMIP-Zunil-IGSS-2018-6-768x1152.jpg 768w, \/wp-content\/uploads\/sites\/5\/2018\/08\/Feria-de-la-Saludo-CAMIP-Zunil-IGSS-2018-6-683x1024.jpg 683w, \/wp-content\/uploads\/sites\/5\/2018\/08\/Feria-de-la-Saludo-CAMIP-Zunil-IGSS-2018-6-696x1044.jpg 696w, \/wp-content\/uploads\/sites\/5\/2018\/08\/Feria-de-la-Saludo-CAMIP-Zunil-IGSS-2018-6-1068x1602.jpg 1068w, \/wp-content\/uploads\/sites\/5\/2018\/08\/Feria-de-la-Saludo-CAMIP-Zunil-IGSS-2018-6-308x462.jpg 308w, \/wp-content\/uploads\/sites\/5\/2018\/08\/Feria-de-la-Saludo-CAMIP-Zunil-IGSS-2018-6.jpg 1600w\" sizes=\"(max-width: 280px) 100vw, 280px\" alt=\"\">\r\n                            <\/a>\r\n                            \r\n                        <\/figure>\r\n                    <\/div>\r\n                    <div class = \"td-slide-item td-item7\">\r\n                        <figure class=\"td-slide-galery-figure td-slide-popup-gallery\">\r\n                            <a class=\"slide-gallery-image-link\" href=\"\/wp-content\/uploads\/sites\/5\/2018\/08\/Feria-de-la-Saludo-CAMIP-Zunil-IGSS-2018-7.jpg\" title=\"Feria de la Saludo CAMIP Zunil IGSS 2018-7\"  data-caption=\"\"  data-description=\"\">\r\n                                <img decoding=\"async\" src=\"\/wp-content\/uploads\/sites\/5\/2018\/08\/Feria-de-la-Saludo-CAMIP-Zunil-IGSS-2018-7-630x420.jpg\" srcset=\"\/wp-content\/uploads\/sites\/5\/2018\/08\/Feria-de-la-Saludo-CAMIP-Zunil-IGSS-2018-7-630x420.jpg 630w, \/wp-content\/uploads\/sites\/5\/2018\/08\/Feria-de-la-Saludo-CAMIP-Zunil-IGSS-2018-7-1536x1024.jpg 1536w, \/wp-content\/uploads\/sites\/5\/2018\/08\/Feria-de-la-Saludo-CAMIP-Zunil-IGSS-2018-7-300x200.jpg 300w, \/wp-content\/uploads\/sites\/5\/2018\/08\/Feria-de-la-Saludo-CAMIP-Zunil-IGSS-2018-7-768x512.jpg 768w, \/wp-content\/uploads\/sites\/5\/2018\/08\/Feria-de-la-Saludo-CAMIP-Zunil-IGSS-2018-7-1024x682.jpg 1024w, \/wp-content\/uploads\/sites\/5\/2018\/08\/Feria-de-la-Saludo-CAMIP-Zunil-IGSS-2018-7-696x464.jpg 696w, \/wp-content\/uploads\/sites\/5\/2018\/08\/Feria-de-la-Saludo-CAMIP-Zunil-IGSS-2018-7-1068x712.jpg 1068w, \/wp-content\/uploads\/sites\/5\/2018\/08\/Feria-de-la-Saludo-CAMIP-Zunil-IGSS-2018-7-534x356.jpg 534w, \/wp-content\/uploads\/sites\/5\/2018\/08\/Feria-de-la-Saludo-CAMIP-Zunil-IGSS-2018-7-1920x1280.jpg 1920w, \/wp-content\/uploads\/sites\/5\/2018\/08\/Feria-de-la-Saludo-CAMIP-Zunil-IGSS-2018-7.jpg 2000w\" sizes=\"(max-width: 630px) 100vw, 630px\" alt=\"\">\r\n                            <\/a>\r\n                            \r\n                        <\/figure>\r\n                    <\/div>\r\n                    <div class = \"td-slide-item td-item8\">\r\n                        <figure class=\"td-slide-galery-figure td-slide-popup-gallery\">\r\n                            <a class=\"slide-gallery-image-link\" href=\"\/wp-content\/uploads\/sites\/5\/2018\/08\/Feria-de-la-Saludo-CAMIP-Zunil-IGSS-2018-8.jpg\" title=\"Feria de la Saludo CAMIP Zunil IGSS 2018-8\"  data-caption=\"\"  data-description=\"\">\r\n                                <img decoding=\"async\" src=\"\/wp-content\/uploads\/sites\/5\/2018\/08\/Feria-de-la-Saludo-CAMIP-Zunil-IGSS-2018-8-630x420.jpg\" srcset=\"\/wp-content\/uploads\/sites\/5\/2018\/08\/Feria-de-la-Saludo-CAMIP-Zunil-IGSS-2018-8-630x420.jpg 630w, \/wp-content\/uploads\/sites\/5\/2018\/08\/Feria-de-la-Saludo-CAMIP-Zunil-IGSS-2018-8-1536x1024.jpg 1536w, \/wp-content\/uploads\/sites\/5\/2018\/08\/Feria-de-la-Saludo-CAMIP-Zunil-IGSS-2018-8-300x200.jpg 300w, \/wp-content\/uploads\/sites\/5\/2018\/08\/Feria-de-la-Saludo-CAMIP-Zunil-IGSS-2018-8-768x512.jpg 768w, \/wp-content\/uploads\/sites\/5\/2018\/08\/Feria-de-la-Saludo-CAMIP-Zunil-IGSS-2018-8-1024x682.jpg 1024w, \/wp-content\/uploads\/sites\/5\/2018\/08\/Feria-de-la-Saludo-CAMIP-Zunil-IGSS-2018-8-696x464.jpg 696w, \/wp-content\/uploads\/sites\/5\/2018\/08\/Feria-de-la-Saludo-CAMIP-Zunil-IGSS-2018-8-1068x712.jpg 1068w, \/wp-content\/uploads\/sites\/5\/2018\/08\/Feria-de-la-Saludo-CAMIP-Zunil-IGSS-2018-8-534x356.jpg 534w, \/wp-content\/uploads\/sites\/5\/2018\/08\/Feria-de-la-Saludo-CAMIP-Zunil-IGSS-2018-8-1920x1280.jpg 1920w, \/wp-content\/uploads\/sites\/5\/2018\/08\/Feria-de-la-Saludo-CAMIP-Zunil-IGSS-2018-8.jpg 2000w\" sizes=\"(max-width: 630px) 100vw, 630px\" alt=\"\">\r\n                            <\/a>\r\n                            \r\n                        <\/figure>\r\n                    <\/div>\r\n                    <div class = \"td-slide-item td-item9\">\r\n                        <figure class=\"td-slide-galery-figure td-slide-popup-gallery\">\r\n                            <a class=\"slide-gallery-image-link\" href=\"\/wp-content\/uploads\/sites\/5\/2018\/08\/Feria-de-la-Saludo-CAMIP-Zunil-IGSS-2018-9.jpg\" title=\"Feria de la Saludo CAMIP Zunil IGSS 2018-9\"  data-caption=\"\"  data-description=\"\">\r\n                                <img decoding=\"async\" src=\"\/wp-content\/uploads\/sites\/5\/2018\/08\/Feria-de-la-Saludo-CAMIP-Zunil-IGSS-2018-9-630x420.jpg\" srcset=\"\/wp-content\/uploads\/sites\/5\/2018\/08\/Feria-de-la-Saludo-CAMIP-Zunil-IGSS-2018-9-630x420.jpg 630w, \/wp-content\/uploads\/sites\/5\/2018\/08\/Feria-de-la-Saludo-CAMIP-Zunil-IGSS-2018-9-1536x1024.jpg 1536w, \/wp-content\/uploads\/sites\/5\/2018\/08\/Feria-de-la-Saludo-CAMIP-Zunil-IGSS-2018-9-300x200.jpg 300w, \/wp-content\/uploads\/sites\/5\/2018\/08\/Feria-de-la-Saludo-CAMIP-Zunil-IGSS-2018-9-768x512.jpg 768w, \/wp-content\/uploads\/sites\/5\/2018\/08\/Feria-de-la-Saludo-CAMIP-Zunil-IGSS-2018-9-1024x682.jpg 1024w, \/wp-content\/uploads\/sites\/5\/2018\/08\/Feria-de-la-Saludo-CAMIP-Zunil-IGSS-2018-9-696x464.jpg 696w, \/wp-content\/uploads\/sites\/5\/2018\/08\/Feria-de-la-Saludo-CAMIP-Zunil-IGSS-2018-9-1068x712.jpg 1068w, \/wp-content\/uploads\/sites\/5\/2018\/08\/Feria-de-la-Saludo-CAMIP-Zunil-IGSS-2018-9-534x356.jpg 534w, \/wp-content\/uploads\/sites\/5\/2018\/08\/Feria-de-la-Saludo-CAMIP-Zunil-IGSS-2018-9-1920x1280.jpg 1920w, \/wp-content\/uploads\/sites\/5\/2018\/08\/Feria-de-la-Saludo-CAMIP-Zunil-IGSS-2018-9.jpg 2000w\" sizes=\"(max-width: 630px) 100vw, 630px\" alt=\"\">\r\n                            <\/a>\r\n                            \r\n                        <\/figure>\r\n                    <\/div>\r\n                    <div class = \"td-slide-item td-item10\">\r\n                        <figure class=\"td-slide-galery-figure td-slide-popup-gallery\">\r\n                            <a class=\"slide-gallery-image-link\" href=\"\/wp-content\/uploads\/sites\/5\/2018\/08\/Feria-de-la-Saludo-CAMIP-Zunil-IGSS-2018-10.jpg\" title=\"Feria de la Saludo CAMIP Zunil IGSS 2018-10\"  data-caption=\"\"  data-description=\"\">\r\n                                <img decoding=\"async\" src=\"\/wp-content\/uploads\/sites\/5\/2018\/08\/Feria-de-la-Saludo-CAMIP-Zunil-IGSS-2018-10-590x420.jpg\" srcset=\"\/wp-content\/uploads\/sites\/5\/2018\/08\/Feria-de-la-Saludo-CAMIP-Zunil-IGSS-2018-10-590x420.jpg 590w, \/wp-content\/uploads\/sites\/5\/2018\/08\/Feria-de-la-Saludo-CAMIP-Zunil-IGSS-2018-10-1536x1094.jpg 1536w, \/wp-content\/uploads\/sites\/5\/2018\/08\/Feria-de-la-Saludo-CAMIP-Zunil-IGSS-2018-10-300x214.jpg 300w, \/wp-content\/uploads\/sites\/5\/2018\/08\/Feria-de-la-Saludo-CAMIP-Zunil-IGSS-2018-10-768x547.jpg 768w, \/wp-content\/uploads\/sites\/5\/2018\/08\/Feria-de-la-Saludo-CAMIP-Zunil-IGSS-2018-10-1024x729.jpg 1024w, \/wp-content\/uploads\/sites\/5\/2018\/08\/Feria-de-la-Saludo-CAMIP-Zunil-IGSS-2018-10-696x496.jpg 696w, \/wp-content\/uploads\/sites\/5\/2018\/08\/Feria-de-la-Saludo-CAMIP-Zunil-IGSS-2018-10-1068x760.jpg 1068w, \/wp-content\/uploads\/sites\/5\/2018\/08\/Feria-de-la-Saludo-CAMIP-Zunil-IGSS-2018-10-100x70.jpg 100w, \/wp-content\/uploads\/sites\/5\/2018\/08\/Feria-de-la-Saludo-CAMIP-Zunil-IGSS-2018-10-534x380.jpg 534w, \/wp-content\/uploads\/sites\/5\/2018\/08\/Feria-de-la-Saludo-CAMIP-Zunil-IGSS-2018-10.jpg 1872w\" sizes=\"(max-width: 590px) 100vw, 590px\" alt=\"\">\r\n                            <\/a>\r\n                            \r\n                        <\/figure>\r\n                    <\/div>\r\n                    <div class = \"td-slide-item td-item11\">\r\n                        <figure class=\"td-slide-galery-figure td-slide-popup-gallery\">\r\n                            <a class=\"slide-gallery-image-link\" href=\"\/wp-content\/uploads\/sites\/5\/2018\/08\/Feria-de-la-Saludo-CAMIP-Zunil-IGSS-2018-11.jpg\" title=\"Feria de la Saludo CAMIP Zunil IGSS 2018-11\"  data-caption=\"\"  data-description=\"\">\r\n                                <img decoding=\"async\" src=\"\/wp-content\/uploads\/sites\/5\/2018\/08\/Feria-de-la-Saludo-CAMIP-Zunil-IGSS-2018-11-630x420.jpg\" srcset=\"\/wp-content\/uploads\/sites\/5\/2018\/08\/Feria-de-la-Saludo-CAMIP-Zunil-IGSS-2018-11-630x420.jpg 630w, \/wp-content\/uploads\/sites\/5\/2018\/08\/Feria-de-la-Saludo-CAMIP-Zunil-IGSS-2018-11-1536x1024.jpg 1536w, \/wp-content\/uploads\/sites\/5\/2018\/08\/Feria-de-la-Saludo-CAMIP-Zunil-IGSS-2018-11-300x200.jpg 300w, \/wp-content\/uploads\/sites\/5\/2018\/08\/Feria-de-la-Saludo-CAMIP-Zunil-IGSS-2018-11-768x512.jpg 768w, \/wp-content\/uploads\/sites\/5\/2018\/08\/Feria-de-la-Saludo-CAMIP-Zunil-IGSS-2018-11-1024x682.jpg 1024w, \/wp-content\/uploads\/sites\/5\/2018\/08\/Feria-de-la-Saludo-CAMIP-Zunil-IGSS-2018-11-696x464.jpg 696w, \/wp-content\/uploads\/sites\/5\/2018\/08\/Feria-de-la-Saludo-CAMIP-Zunil-IGSS-2018-11-1068x712.jpg 1068w, \/wp-content\/uploads\/sites\/5\/2018\/08\/Feria-de-la-Saludo-CAMIP-Zunil-IGSS-2018-11-534x356.jpg 534w, \/wp-content\/uploads\/sites\/5\/2018\/08\/Feria-de-la-Saludo-CAMIP-Zunil-IGSS-2018-11-1920x1280.jpg 1920w, \/wp-content\/uploads\/sites\/5\/2018\/08\/Feria-de-la-Saludo-CAMIP-Zunil-IGSS-2018-11.jpg 2000w\" sizes=\"(max-width: 630px) 100vw, 630px\" alt=\"\">\r\n                            <\/a>\r\n                            \r\n                        <\/figure>\r\n                    <\/div>\r\n                    <div class = \"td-slide-item td-item12\">\r\n                        <figure class=\"td-slide-galery-figure td-slide-popup-gallery\">\r\n                            <a class=\"slide-gallery-image-link\" href=\"\/wp-content\/uploads\/sites\/5\/2018\/08\/Feria-de-la-Saludo-CAMIP-Zunil-IGSS-2018-12.jpg\" title=\"Feria de la Saludo CAMIP Zunil IGSS 2018-12\"  data-caption=\"\"  data-description=\"\">\r\n                                <img decoding=\"async\" src=\"\/wp-content\/uploads\/sites\/5\/2018\/08\/Feria-de-la-Saludo-CAMIP-Zunil-IGSS-2018-12-630x420.jpg\" srcset=\"\/wp-content\/uploads\/sites\/5\/2018\/08\/Feria-de-la-Saludo-CAMIP-Zunil-IGSS-2018-12-630x420.jpg 630w, \/wp-content\/uploads\/sites\/5\/2018\/08\/Feria-de-la-Saludo-CAMIP-Zunil-IGSS-2018-12-1536x1024.jpg 1536w, \/wp-content\/uploads\/sites\/5\/2018\/08\/Feria-de-la-Saludo-CAMIP-Zunil-IGSS-2018-12-300x200.jpg 300w, \/wp-content\/uploads\/sites\/5\/2018\/08\/Feria-de-la-Saludo-CAMIP-Zunil-IGSS-2018-12-768x512.jpg 768w, \/wp-content\/uploads\/sites\/5\/2018\/08\/Feria-de-la-Saludo-CAMIP-Zunil-IGSS-2018-12-1024x682.jpg 1024w, \/wp-content\/uploads\/sites\/5\/2018\/08\/Feria-de-la-Saludo-CAMIP-Zunil-IGSS-2018-12-696x464.jpg 696w, \/wp-content\/uploads\/sites\/5\/2018\/08\/Feria-de-la-Saludo-CAMIP-Zunil-IGSS-2018-12-1068x712.jpg 1068w, \/wp-content\/uploads\/sites\/5\/2018\/08\/Feria-de-la-Saludo-CAMIP-Zunil-IGSS-2018-12-534x356.jpg 534w, \/wp-content\/uploads\/sites\/5\/2018\/08\/Feria-de-la-Saludo-CAMIP-Zunil-IGSS-2018-12-1920x1280.jpg 1920w, \/wp-content\/uploads\/sites\/5\/2018\/08\/Feria-de-la-Saludo-CAMIP-Zunil-IGSS-2018-12.jpg 2000w\" sizes=\"(max-width: 630px) 100vw, 630px\" alt=\"\">\r\n                            <\/a>\r\n                            \r\n                        <\/figure>\r\n                    <\/div>\r\n                    <div class = \"td-slide-item td-item13\">\r\n                        <figure class=\"td-slide-galery-figure td-slide-popup-gallery\">\r\n                            <a class=\"slide-gallery-image-link\" href=\"\/wp-content\/uploads\/sites\/5\/2018\/08\/Feria-de-la-Saludo-CAMIP-Zunil-IGSS-2018-13.jpg\" title=\"Feria de la Saludo CAMIP Zunil IGSS 2018-13\"  data-caption=\"\"  data-description=\"\">\r\n                                <img decoding=\"async\" src=\"\/wp-content\/uploads\/sites\/5\/2018\/08\/Feria-de-la-Saludo-CAMIP-Zunil-IGSS-2018-13-630x420.jpg\" srcset=\"\/wp-content\/uploads\/sites\/5\/2018\/08\/Feria-de-la-Saludo-CAMIP-Zunil-IGSS-2018-13-630x420.jpg 630w, \/wp-content\/uploads\/sites\/5\/2018\/08\/Feria-de-la-Saludo-CAMIP-Zunil-IGSS-2018-13-1536x1024.jpg 1536w, \/wp-content\/uploads\/sites\/5\/2018\/08\/Feria-de-la-Saludo-CAMIP-Zunil-IGSS-2018-13-300x200.jpg 300w, \/wp-content\/uploads\/sites\/5\/2018\/08\/Feria-de-la-Saludo-CAMIP-Zunil-IGSS-2018-13-768x512.jpg 768w, \/wp-content\/uploads\/sites\/5\/2018\/08\/Feria-de-la-Saludo-CAMIP-Zunil-IGSS-2018-13-1024x682.jpg 1024w, \/wp-content\/uploads\/sites\/5\/2018\/08\/Feria-de-la-Saludo-CAMIP-Zunil-IGSS-2018-13-696x464.jpg 696w, \/wp-content\/uploads\/sites\/5\/2018\/08\/Feria-de-la-Saludo-CAMIP-Zunil-IGSS-2018-13-1068x712.jpg 1068w, \/wp-content\/uploads\/sites\/5\/2018\/08\/Feria-de-la-Saludo-CAMIP-Zunil-IGSS-2018-13-534x356.jpg 534w, \/wp-content\/uploads\/sites\/5\/2018\/08\/Feria-de-la-Saludo-CAMIP-Zunil-IGSS-2018-13-1920x1280.jpg 1920w, \/wp-content\/uploads\/sites\/5\/2018\/08\/Feria-de-la-Saludo-CAMIP-Zunil-IGSS-2018-13.jpg 2000w\" sizes=\"(max-width: 630px) 100vw, 630px\" alt=\"\">\r\n                            <\/a>\r\n                            \r\n                        <\/figure>\r\n                    <\/div>\r\n                    <div class = \"td-slide-item td-item14\">\r\n                        <figure class=\"td-slide-galery-figure td-slide-popup-gallery\">\r\n                            <a class=\"slide-gallery-image-link\" href=\"\/wp-content\/uploads\/sites\/5\/2018\/08\/Feria-de-la-Saludo-CAMIP-Zunil-IGSS-2018-14.jpg\" title=\"Feria de la Saludo CAMIP Zunil IGSS 2018-14\"  data-caption=\"\"  data-description=\"\">\r\n                                <img decoding=\"async\" src=\"\/wp-content\/uploads\/sites\/5\/2018\/08\/Feria-de-la-Saludo-CAMIP-Zunil-IGSS-2018-14-630x420.jpg\" srcset=\"\/wp-content\/uploads\/sites\/5\/2018\/08\/Feria-de-la-Saludo-CAMIP-Zunil-IGSS-2018-14-630x420.jpg 630w, \/wp-content\/uploads\/sites\/5\/2018\/08\/Feria-de-la-Saludo-CAMIP-Zunil-IGSS-2018-14-1536x1024.jpg 1536w, \/wp-content\/uploads\/sites\/5\/2018\/08\/Feria-de-la-Saludo-CAMIP-Zunil-IGSS-2018-14-300x200.jpg 300w, \/wp-content\/uploads\/sites\/5\/2018\/08\/Feria-de-la-Saludo-CAMIP-Zunil-IGSS-2018-14-768x512.jpg 768w, \/wp-content\/uploads\/sites\/5\/2018\/08\/Feria-de-la-Saludo-CAMIP-Zunil-IGSS-2018-14-1024x682.jpg 1024w, \/wp-content\/uploads\/sites\/5\/2018\/08\/Feria-de-la-Saludo-CAMIP-Zunil-IGSS-2018-14-696x464.jpg 696w, \/wp-content\/uploads\/sites\/5\/2018\/08\/Feria-de-la-Saludo-CAMIP-Zunil-IGSS-2018-14-1068x712.jpg 1068w, \/wp-content\/uploads\/sites\/5\/2018\/08\/Feria-de-la-Saludo-CAMIP-Zunil-IGSS-2018-14-534x356.jpg 534w, \/wp-content\/uploads\/sites\/5\/2018\/08\/Feria-de-la-Saludo-CAMIP-Zunil-IGSS-2018-14-1920x1280.jpg 1920w, \/wp-content\/uploads\/sites\/5\/2018\/08\/Feria-de-la-Saludo-CAMIP-Zunil-IGSS-2018-14.jpg 2000w\" sizes=\"(max-width: 630px) 100vw, 630px\" alt=\"\">\r\n                            <\/a>\r\n                            \r\n                        <\/figure>\r\n                    <\/div>\r\n                    <div class = \"td-slide-item td-item15\">\r\n                        <figure class=\"td-slide-galery-figure td-slide-popup-gallery\">\r\n                            <a class=\"slide-gallery-image-link\" href=\"\/wp-content\/uploads\/sites\/5\/2018\/08\/Feria-de-la-Saludo-CAMIP-Zunil-IGSS-2018-15.jpg\" title=\"Feria de la Saludo CAMIP Zunil IGSS 2018-15\"  data-caption=\"\"  data-description=\"\">\r\n                                <img decoding=\"async\" src=\"\/wp-content\/uploads\/sites\/5\/2018\/08\/Feria-de-la-Saludo-CAMIP-Zunil-IGSS-2018-15-630x420.jpg\" srcset=\"\/wp-content\/uploads\/sites\/5\/2018\/08\/Feria-de-la-Saludo-CAMIP-Zunil-IGSS-2018-15-630x420.jpg 630w, \/wp-content\/uploads\/sites\/5\/2018\/08\/Feria-de-la-Saludo-CAMIP-Zunil-IGSS-2018-15-1536x1024.jpg 1536w, \/wp-content\/uploads\/sites\/5\/2018\/08\/Feria-de-la-Saludo-CAMIP-Zunil-IGSS-2018-15-300x200.jpg 300w, \/wp-content\/uploads\/sites\/5\/2018\/08\/Feria-de-la-Saludo-CAMIP-Zunil-IGSS-2018-15-768x512.jpg 768w, \/wp-content\/uploads\/sites\/5\/2018\/08\/Feria-de-la-Saludo-CAMIP-Zunil-IGSS-2018-15-1024x682.jpg 1024w, \/wp-content\/uploads\/sites\/5\/2018\/08\/Feria-de-la-Saludo-CAMIP-Zunil-IGSS-2018-15-696x464.jpg 696w, \/wp-content\/uploads\/sites\/5\/2018\/08\/Feria-de-la-Saludo-CAMIP-Zunil-IGSS-2018-15-1068x712.jpg 1068w, \/wp-content\/uploads\/sites\/5\/2018\/08\/Feria-de-la-Saludo-CAMIP-Zunil-IGSS-2018-15-534x356.jpg 534w, \/wp-content\/uploads\/sites\/5\/2018\/08\/Feria-de-la-Saludo-CAMIP-Zunil-IGSS-2018-15.jpg 2000w\" sizes=\"(max-width: 630px) 100vw, 630px\" alt=\"\">\r\n                            <\/a>\r\n                            \r\n                        <\/figure>\r\n                    <\/div>\r\n                    <div class = \"td-slide-item td-item16\">\r\n                        <figure class=\"td-slide-galery-figure td-slide-popup-gallery\">\r\n                            <a class=\"slide-gallery-image-link\" href=\"\/wp-content\/uploads\/sites\/5\/2018\/08\/Feria-de-la-Saludo-CAMIP-Zunil-IGSS-2018-16.jpg\" title=\"Feria de la Saludo CAMIP Zunil IGSS 2018-16\"  data-caption=\"\"  data-description=\"\">\r\n                                <img decoding=\"async\" src=\"\/wp-content\/uploads\/sites\/5\/2018\/08\/Feria-de-la-Saludo-CAMIP-Zunil-IGSS-2018-16-630x420.jpg\" srcset=\"\/wp-content\/uploads\/sites\/5\/2018\/08\/Feria-de-la-Saludo-CAMIP-Zunil-IGSS-2018-16-630x420.jpg 630w, \/wp-content\/uploads\/sites\/5\/2018\/08\/Feria-de-la-Saludo-CAMIP-Zunil-IGSS-2018-16-1536x1024.jpg 1536w, \/wp-content\/uploads\/sites\/5\/2018\/08\/Feria-de-la-Saludo-CAMIP-Zunil-IGSS-2018-16-300x200.jpg 300w, \/wp-content\/uploads\/sites\/5\/2018\/08\/Feria-de-la-Saludo-CAMIP-Zunil-IGSS-2018-16-768x512.jpg 768w, \/wp-content\/uploads\/sites\/5\/2018\/08\/Feria-de-la-Saludo-CAMIP-Zunil-IGSS-2018-16-1024x682.jpg 1024w, \/wp-content\/uploads\/sites\/5\/2018\/08\/Feria-de-la-Saludo-CAMIP-Zunil-IGSS-2018-16-696x464.jpg 696w, \/wp-content\/uploads\/sites\/5\/2018\/08\/Feria-de-la-Saludo-CAMIP-Zunil-IGSS-2018-16-1068x712.jpg 1068w, \/wp-content\/uploads\/sites\/5\/2018\/08\/Feria-de-la-Saludo-CAMIP-Zunil-IGSS-2018-16-534x356.jpg 534w, \/wp-content\/uploads\/sites\/5\/2018\/08\/Feria-de-la-Saludo-CAMIP-Zunil-IGSS-2018-16-1920x1280.jpg 1920w, \/wp-content\/uploads\/sites\/5\/2018\/08\/Feria-de-la-Saludo-CAMIP-Zunil-IGSS-2018-16.jpg 2000w\" sizes=\"(max-width: 630px) 100vw, 630px\" alt=\"\">\r\n                            <\/a>\r\n                            \r\n                        <\/figure>\r\n                    <\/div>\r\n                    <div class = \"td-slide-item td-item17\">\r\n                        <figure class=\"td-slide-galery-figure td-slide-popup-gallery\">\r\n                            <a class=\"slide-gallery-image-link\" href=\"\/wp-content\/uploads\/sites\/5\/2018\/08\/Feria-de-la-Saludo-CAMIP-Zunil-IGSS-2018-17.jpg\" title=\"Feria de la Saludo CAMIP Zunil IGSS 2018-17\"  data-caption=\"\"  data-description=\"\">\r\n                                <img decoding=\"async\" src=\"\/wp-content\/uploads\/sites\/5\/2018\/08\/Feria-de-la-Saludo-CAMIP-Zunil-IGSS-2018-17-630x420.jpg\" srcset=\"\/wp-content\/uploads\/sites\/5\/2018\/08\/Feria-de-la-Saludo-CAMIP-Zunil-IGSS-2018-17-630x420.jpg 630w, \/wp-content\/uploads\/sites\/5\/2018\/08\/Feria-de-la-Saludo-CAMIP-Zunil-IGSS-2018-17-1536x1024.jpg 1536w, \/wp-content\/uploads\/sites\/5\/2018\/08\/Feria-de-la-Saludo-CAMIP-Zunil-IGSS-2018-17-300x200.jpg 300w, \/wp-content\/uploads\/sites\/5\/2018\/08\/Feria-de-la-Saludo-CAMIP-Zunil-IGSS-2018-17-768x512.jpg 768w, \/wp-content\/uploads\/sites\/5\/2018\/08\/Feria-de-la-Saludo-CAMIP-Zunil-IGSS-2018-17-1024x682.jpg 1024w, \/wp-content\/uploads\/sites\/5\/2018\/08\/Feria-de-la-Saludo-CAMIP-Zunil-IGSS-2018-17-696x464.jpg 696w, \/wp-content\/uploads\/sites\/5\/2018\/08\/Feria-de-la-Saludo-CAMIP-Zunil-IGSS-2018-17-1068x712.jpg 1068w, \/wp-content\/uploads\/sites\/5\/2018\/08\/Feria-de-la-Saludo-CAMIP-Zunil-IGSS-2018-17-534x356.jpg 534w, \/wp-content\/uploads\/sites\/5\/2018\/08\/Feria-de-la-Saludo-CAMIP-Zunil-IGSS-2018-17-1920x1280.jpg 1920w, \/wp-content\/uploads\/sites\/5\/2018\/08\/Feria-de-la-Saludo-CAMIP-Zunil-IGSS-2018-17.jpg 2000w\" sizes=\"(max-width: 630px) 100vw, 630px\" alt=\"\">\r\n                            <\/a>\r\n                            \r\n                        <\/figure>\r\n                    <\/div>\r\n                    <div class = \"td-slide-item td-item18\">\r\n                        <figure class=\"td-slide-galery-figure td-slide-popup-gallery\">\r\n                            <a class=\"slide-gallery-image-link\" href=\"\/wp-content\/uploads\/sites\/5\/2018\/08\/Feria-de-la-Saludo-CAMIP-Zunil-IGSS-2018-18.jpg\" title=\"Feria de la Saludo CAMIP Zunil IGSS 2018-18\"  data-caption=\"\"  data-description=\"\">\r\n                                <img decoding=\"async\" src=\"\/wp-content\/uploads\/sites\/5\/2018\/08\/Feria-de-la-Saludo-CAMIP-Zunil-IGSS-2018-18-630x420.jpg\" srcset=\"\/wp-content\/uploads\/sites\/5\/2018\/08\/Feria-de-la-Saludo-CAMIP-Zunil-IGSS-2018-18-630x420.jpg 630w, \/wp-content\/uploads\/sites\/5\/2018\/08\/Feria-de-la-Saludo-CAMIP-Zunil-IGSS-2018-18-1536x1024.jpg 1536w, \/wp-content\/uploads\/sites\/5\/2018\/08\/Feria-de-la-Saludo-CAMIP-Zunil-IGSS-2018-18-300x200.jpg 300w, \/wp-content\/uploads\/sites\/5\/2018\/08\/Feria-de-la-Saludo-CAMIP-Zunil-IGSS-2018-18-768x512.jpg 768w, \/wp-content\/uploads\/sites\/5\/2018\/08\/Feria-de-la-Saludo-CAMIP-Zunil-IGSS-2018-18-1024x682.jpg 1024w, \/wp-content\/uploads\/sites\/5\/2018\/08\/Feria-de-la-Saludo-CAMIP-Zunil-IGSS-2018-18-696x464.jpg 696w, \/wp-content\/uploads\/sites\/5\/2018\/08\/Feria-de-la-Saludo-CAMIP-Zunil-IGSS-2018-18-1068x712.jpg 1068w, \/wp-content\/uploads\/sites\/5\/2018\/08\/Feria-de-la-Saludo-CAMIP-Zunil-IGSS-2018-18-534x356.jpg 534w, \/wp-content\/uploads\/sites\/5\/2018\/08\/Feria-de-la-Saludo-CAMIP-Zunil-IGSS-2018-18-1920x1280.jpg 1920w, \/wp-content\/uploads\/sites\/5\/2018\/08\/Feria-de-la-Saludo-CAMIP-Zunil-IGSS-2018-18.jpg 2000w\" sizes=\"(max-width: 630px) 100vw, 630px\" alt=\"\">\r\n                            <\/a>\r\n                            \r\n                        <\/figure>\r\n                    <\/div>\r\n                            <\/div>\r\n                        <\/div>\r\n\r\n                        <div class = \"td-doubleSlider-2\">\r\n                            <div class = \"td-slider\">\r\n                                \r\n                    <div class = \"td-button td-item1\">\r\n                        <div class = \"td-border\"><\/div>\r\n                    <\/div>\r\n                    <div class = \"td-button td-item2\">\r\n                        <div class = \"td-border\"><\/div>\r\n                    <\/div>\r\n                    <div class = \"td-button td-item3\">\r\n                        <div class = \"td-border\"><\/div>\r\n                    <\/div>\r\n                    <div class = \"td-button td-item4\">\r\n                        <div class = \"td-border\"><\/div>\r\n                    <\/div>\r\n                    <div class = \"td-button td-item5\">\r\n                        <div class = \"td-border\"><\/div>\r\n                    <\/div>\r\n                    <div class = \"td-button td-item6\">\r\n                        <div class = \"td-border\"><\/div>\r\n                    <\/div>\r\n                    <div class = \"td-button td-item7\">\r\n                        <div class = \"td-border\"><\/div>\r\n                    <\/div>\r\n                    <div class = \"td-button td-item8\">\r\n                        <div class = \"td-border\"><\/div>\r\n                    <\/div>\r\n                    <div class = \"td-button td-item9\">\r\n                        <div class = \"td-border\"><\/div>\r\n                    <\/div>\r\n                    <div class = \"td-button td-item10\">\r\n                        <div class = \"td-border\"><\/div>\r\n                    <\/div>\r\n                    <div class = \"td-button td-item11\">\r\n                        <div class = \"td-border\"><\/div>\r\n                    <\/div>\r\n                    <div class = \"td-button td-item12\">\r\n                        <div class = \"td-border\"><\/div>\r\n                    <\/div>\r\n                    <div class = \"td-button td-item13\">\r\n                        <div class = \"td-border\"><\/div>\r\n                    <\/div>\r\n                    <div class = \"td-button td-item14\">\r\n                        <div class = \"td-border\"><\/div>\r\n                    <\/div>\r\n                    <div class = \"td-button td-item15\">\r\n                        <div class = \"td-border\"><\/div>\r\n                    <\/div>\r\n                    <div class = \"td-button td-item16\">\r\n                        <div class = \"td-border\"><\/div>\r\n                    <\/div>\r\n                    <div class = \"td-button td-item17\">\r\n                        <div class = \"td-border\"><\/div>\r\n                    <\/div>\r\n                    <div class = \"td-button td-item18\">\r\n                        <div class = \"td-border\"><\/div>\r\n                    <\/div>\r\n                            <\/div>\r\n                        <\/div>\r\n\r\n                    <\/div>\r\n\r\n                <\/div>\r\n                \n<hr \/>\n<p>&nbsp;<\/p>\n","protected":false},"excerpt":{"rendered":"<p>Con la finalidad de promover el bienestar en los derechohabientes del Instituto Guatemalteco de Seguridad Social (IGSS) se realiz\u00f3 hoy la Segunda Feria de la Salud en el Centro de Atenci\u00f3n M\u00e9dica Integral para Pensionados (CAMIP) Zunil, ubicado en la colonia Monte Real, zona 4 de Mixco. Durante la jornada se realizaron diversas actividades con [&hellip;]<\/p>\n","protected":false},"author":4,"featured_media":6376,"comment_status":"open","ping_status":"open","sticky":false,"template":"","format":"standard","meta":{"footnotes":""},"categories":[3,8,20,25,29,36],"tags":[146,147,432,490],"coauthors":[],"class_list":{"0":"post-6361","1":"post","2":"type-post","3":"status-publish","4":"format-standard","5":"has-post-thumbnail","7":"category-actualidad","8":"category-camip","9":"category-jubilados","10":"category-pensionados","11":"category-publicaciones","12":"category-unidades-medicas","13":"tag-camip","14":"tag-camip-3-zunil","15":"tag-feria-de-la-salud","16":"tag-igss"},"_links":{"self":[{"href":"https:\/\/www.igssgt.org\/noticias\/wp-json\/wp\/v2\/posts\/6361","targetHints":{"allow":["GET"]}}],"collection":[{"href":"https:\/\/www.igssgt.org\/noticias\/wp-json\/wp\/v2\/posts"}],"about":[{"href":"https:\/\/www.igssgt.org\/noticias\/wp-json\/wp\/v2\/types\/post"}],"author":[{"embeddable":true,"href":"https:\/\/www.igssgt.org\/noticias\/wp-json\/wp\/v2\/users\/4"}],"replies":[{"embeddable":true,"href":"https:\/\/www.igssgt.org\/noticias\/wp-json\/wp\/v2\/comments?post=6361"}],"version-history":[{"count":0,"href":"https:\/\/www.igssgt.org\/noticias\/wp-json\/wp\/v2\/posts\/6361\/revisions"}],"wp:featuredmedia":[{"embeddable":true,"href":"https:\/\/www.igssgt.org\/noticias\/wp-json\/wp\/v2\/media\/6376"}],"wp:attachment":[{"href":"https:\/\/www.igssgt.org\/noticias\/wp-json\/wp\/v2\/media?parent=6361"}],"wp:term":[{"taxonomy":"category","embeddable":true,"href":"https:\/\/www.igssgt.org\/noticias\/wp-json\/wp\/v2\/categories?post=6361"},{"taxonomy":"post_tag","embeddable":true,"href":"https:\/\/www.igssgt.org\/noticias\/wp-json\/wp\/v2\/tags?post=6361"},{"taxonomy":"author","embeddable":true,"href":"https:\/\/www.igssgt.org\/noticias\/wp-json\/wp\/v2\/coauthors?post=6361"}],"curies":[{"name":"wp","href":"https:\/\/api.w.org\/{rel}","templated":true}]}}