{"id":6663,"date":"2018-09-13T15:00:52","date_gmt":"2018-09-13T21:00:52","guid":{"rendered":"http:\/\/noticias.igssgt.org\/?p=6663"},"modified":"2018-09-13T15:00:52","modified_gmt":"2018-09-13T21:00:52","slug":"se-realiza-acto-civico-en-el-igss-zona-6","status":"publish","type":"post","link":"https:\/\/www.igssgt.org\/noticias\/2018\/09\/13\/se-realiza-acto-civico-en-el-igss-zona-6\/","title":{"rendered":"Se realiza acto c\u00edvico en el IGSS zona 6"},"content":{"rendered":"<p>Autoridades y colaboradores del Hospital Doctor Juan Jos\u00e9 Ar\u00e9valo Bermejo de la Zona 6 realizaron un acto c\u00edvico en conmemoraci\u00f3n del 197 aniversario de la independencia patria. En esta actividad se cont\u00f3 con la presentaci\u00f3n de la banda musical del ej\u00e9rcito, bailes folkl\u00f3ricos de Guatemala, por alumnos del Instituto Nacional Experimental de Educaci\u00f3n B\u00e1sica.<\/p>\n\r\n                <style type=\"text\/css\">\r\n                    \r\n                    #tdi_1  .td-doubleSlider-2 .td-item1 {\r\n                        background: url(\/wp-content\/uploads\/sites\/5\/2018\/09\/Acto-Civico-Hospital-Dr-Juan-Jose-Arevalo-IGSS-zona-6-2018-10-80x60.jpeg) 0 0 no-repeat;\r\n                    }\r\n                    #tdi_1  .td-doubleSlider-2 .td-item2 {\r\n                        background: url(\/wp-content\/uploads\/sites\/5\/2018\/09\/Acto-Civico-Hospital-Dr-Juan-Jose-Arevalo-IGSS-zona-6-2018-5-80x60.jpeg) 0 0 no-repeat;\r\n                    }\r\n                    #tdi_1  .td-doubleSlider-2 .td-item3 {\r\n                        background: url(\/wp-content\/uploads\/sites\/5\/2018\/09\/Acto-Civico-Hospital-Dr-Juan-Jose-Arevalo-IGSS-zona-6-2018-1-80x60.jpeg) 0 0 no-repeat;\r\n                    }\r\n                    #tdi_1  .td-doubleSlider-2 .td-item4 {\r\n                        background: url(\/wp-content\/uploads\/sites\/5\/2018\/09\/Acto-Civico-Hospital-Dr-Juan-Jose-Arevalo-IGSS-zona-6-2018-2-80x60.jpeg) 0 0 no-repeat;\r\n                    }\r\n                    #tdi_1  .td-doubleSlider-2 .td-item5 {\r\n                        background: url(\/wp-content\/uploads\/sites\/5\/2018\/09\/Acto-Civico-Hospital-Dr-Juan-Jose-Arevalo-IGSS-zona-6-2018-3-80x60.jpeg) 0 0 no-repeat;\r\n                    }\r\n                    #tdi_1  .td-doubleSlider-2 .td-item6 {\r\n                        background: url(\/wp-content\/uploads\/sites\/5\/2018\/09\/Acto-Civico-Hospital-Dr-Juan-Jose-Arevalo-IGSS-zona-6-2018-4-80x60.jpeg) 0 0 no-repeat;\r\n                    }\r\n                    #tdi_1  .td-doubleSlider-2 .td-item7 {\r\n                        background: url(\/wp-content\/uploads\/sites\/5\/2018\/09\/Acto-Civico-Hospital-Dr-Juan-Jose-Arevalo-IGSS-zona-6-2018-6-80x60.jpeg) 0 0 no-repeat;\r\n                    }\r\n                    #tdi_1  .td-doubleSlider-2 .td-item8 {\r\n                        background: url(\/wp-content\/uploads\/sites\/5\/2018\/09\/Acto-Civico-Hospital-Dr-Juan-Jose-Arevalo-IGSS-zona-6-2018-7-80x60.jpeg) 0 0 no-repeat;\r\n                    }\r\n                    #tdi_1  .td-doubleSlider-2 .td-item9 {\r\n                        background: url(\/wp-content\/uploads\/sites\/5\/2018\/09\/Acto-Civico-Hospital-Dr-Juan-Jose-Arevalo-IGSS-zona-6-2018-8-80x60.jpeg) 0 0 no-repeat;\r\n                    }\r\n                <\/style>\r\n\r\n                <div id=\"tdi_1\" class=\"td-gallery td-slide-on-2-columns\">\r\n                    <div class=\"post_td_gallery\">\r\n                        <div class=\"td-gallery-slide-top\">\r\n                           <div class=\"td-gallery-title\">Galer\u00eda de Im\u00e1genes<\/div>\r\n\r\n                            <div class=\"td-gallery-controls-wrapper\">\r\n                                <div class=\"td-gallery-slide-count\"><span class=\"td-gallery-slide-item-focus\">1<\/span> de 9<\/div>\r\n                                <div class=\"td-gallery-slide-prev-next-but\">\r\n                                    <i class = \"td-icon-left doubleSliderPrevButton\"><\/i>\r\n                                    <i class = \"td-icon-right doubleSliderNextButton\"><\/i>\r\n                                <\/div>\r\n                            <\/div>\r\n                        <\/div>\r\n\r\n                        <div class = \"td-doubleSlider-1 \">\r\n                            <div class = \"td-slider\">\r\n                                \r\n                    <div class = \"td-slide-item td-item1\">\r\n                        <figure class=\"td-slide-galery-figure td-slide-popup-gallery\">\r\n                            <a class=\"slide-gallery-image-link\" href=\"\/wp-content\/uploads\/sites\/5\/2018\/09\/Acto-Civico-Hospital-Dr-Juan-Jose-Arevalo-IGSS-zona-6-2018-10.jpeg\" title=\"Acto Civico Hospital Dr Juan Jose Arevalo IGSS zona 6 2018-10\"  data-caption=\"\"  data-description=\"\">\r\n                                <img decoding=\"async\" src=\"\/wp-content\/uploads\/sites\/5\/2018\/09\/Acto-Civico-Hospital-Dr-Juan-Jose-Arevalo-IGSS-zona-6-2018-10-560x420.jpeg\" srcset=\"\/wp-content\/uploads\/sites\/5\/2018\/09\/Acto-Civico-Hospital-Dr-Juan-Jose-Arevalo-IGSS-zona-6-2018-10-560x420.jpeg 560w, \/wp-content\/uploads\/sites\/5\/2018\/09\/Acto-Civico-Hospital-Dr-Juan-Jose-Arevalo-IGSS-zona-6-2018-10-300x225.jpeg 300w, \/wp-content\/uploads\/sites\/5\/2018\/09\/Acto-Civico-Hospital-Dr-Juan-Jose-Arevalo-IGSS-zona-6-2018-10-768x576.jpeg 768w, \/wp-content\/uploads\/sites\/5\/2018\/09\/Acto-Civico-Hospital-Dr-Juan-Jose-Arevalo-IGSS-zona-6-2018-10-1024x768.jpeg 1024w, \/wp-content\/uploads\/sites\/5\/2018\/09\/Acto-Civico-Hospital-Dr-Juan-Jose-Arevalo-IGSS-zona-6-2018-10-80x60.jpeg 80w, \/wp-content\/uploads\/sites\/5\/2018\/09\/Acto-Civico-Hospital-Dr-Juan-Jose-Arevalo-IGSS-zona-6-2018-10-696x522.jpeg 696w, \/wp-content\/uploads\/sites\/5\/2018\/09\/Acto-Civico-Hospital-Dr-Juan-Jose-Arevalo-IGSS-zona-6-2018-10-1068x801.jpeg 1068w, \/wp-content\/uploads\/sites\/5\/2018\/09\/Acto-Civico-Hospital-Dr-Juan-Jose-Arevalo-IGSS-zona-6-2018-10-265x198.jpeg 265w, \/wp-content\/uploads\/sites\/5\/2018\/09\/Acto-Civico-Hospital-Dr-Juan-Jose-Arevalo-IGSS-zona-6-2018-10-534x401.jpeg 534w, \/wp-content\/uploads\/sites\/5\/2018\/09\/Acto-Civico-Hospital-Dr-Juan-Jose-Arevalo-IGSS-zona-6-2018-10.jpeg 1280w\" sizes=\"(max-width: 560px) 100vw, 560px\" alt=\"\">\r\n                            <\/a>\r\n                            \r\n                        <\/figure>\r\n                    <\/div>\r\n                    <div class = \"td-slide-item td-item2\">\r\n                        <figure class=\"td-slide-galery-figure td-slide-popup-gallery\">\r\n                            <a class=\"slide-gallery-image-link\" href=\"\/wp-content\/uploads\/sites\/5\/2018\/09\/Acto-Civico-Hospital-Dr-Juan-Jose-Arevalo-IGSS-zona-6-2018-5.jpeg\" title=\"Acto Civico Hospital Dr Juan Jose Arevalo IGSS zona 6 2018-5\"  data-caption=\"\"  data-description=\"\">\r\n                                <img decoding=\"async\" src=\"\/wp-content\/uploads\/sites\/5\/2018\/09\/Acto-Civico-Hospital-Dr-Juan-Jose-Arevalo-IGSS-zona-6-2018-5-560x420.jpeg\" srcset=\"\/wp-content\/uploads\/sites\/5\/2018\/09\/Acto-Civico-Hospital-Dr-Juan-Jose-Arevalo-IGSS-zona-6-2018-5-560x420.jpeg 560w, \/wp-content\/uploads\/sites\/5\/2018\/09\/Acto-Civico-Hospital-Dr-Juan-Jose-Arevalo-IGSS-zona-6-2018-5-300x225.jpeg 300w, \/wp-content\/uploads\/sites\/5\/2018\/09\/Acto-Civico-Hospital-Dr-Juan-Jose-Arevalo-IGSS-zona-6-2018-5-768x576.jpeg 768w, \/wp-content\/uploads\/sites\/5\/2018\/09\/Acto-Civico-Hospital-Dr-Juan-Jose-Arevalo-IGSS-zona-6-2018-5-1024x768.jpeg 1024w, \/wp-content\/uploads\/sites\/5\/2018\/09\/Acto-Civico-Hospital-Dr-Juan-Jose-Arevalo-IGSS-zona-6-2018-5-80x60.jpeg 80w, \/wp-content\/uploads\/sites\/5\/2018\/09\/Acto-Civico-Hospital-Dr-Juan-Jose-Arevalo-IGSS-zona-6-2018-5-696x522.jpeg 696w, \/wp-content\/uploads\/sites\/5\/2018\/09\/Acto-Civico-Hospital-Dr-Juan-Jose-Arevalo-IGSS-zona-6-2018-5-1068x801.jpeg 1068w, \/wp-content\/uploads\/sites\/5\/2018\/09\/Acto-Civico-Hospital-Dr-Juan-Jose-Arevalo-IGSS-zona-6-2018-5-265x198.jpeg 265w, \/wp-content\/uploads\/sites\/5\/2018\/09\/Acto-Civico-Hospital-Dr-Juan-Jose-Arevalo-IGSS-zona-6-2018-5-534x401.jpeg 534w, \/wp-content\/uploads\/sites\/5\/2018\/09\/Acto-Civico-Hospital-Dr-Juan-Jose-Arevalo-IGSS-zona-6-2018-5.jpeg 1280w\" sizes=\"(max-width: 560px) 100vw, 560px\" alt=\"\">\r\n                            <\/a>\r\n                            \r\n                        <\/figure>\r\n                    <\/div>\r\n                    <div class = \"td-slide-item td-item3\">\r\n                        <figure class=\"td-slide-galery-figure td-slide-popup-gallery\">\r\n                            <a class=\"slide-gallery-image-link\" href=\"\/wp-content\/uploads\/sites\/5\/2018\/09\/Acto-Civico-Hospital-Dr-Juan-Jose-Arevalo-IGSS-zona-6-2018-1.jpeg\" title=\"Acto Civico Hospital Dr Juan Jose Arevalo IGSS zona 6 2018-1\"  data-caption=\"\"  data-description=\"\">\r\n                                <img decoding=\"async\" src=\"\/wp-content\/uploads\/sites\/5\/2018\/09\/Acto-Civico-Hospital-Dr-Juan-Jose-Arevalo-IGSS-zona-6-2018-1-560x420.jpeg\" srcset=\"\/wp-content\/uploads\/sites\/5\/2018\/09\/Acto-Civico-Hospital-Dr-Juan-Jose-Arevalo-IGSS-zona-6-2018-1-560x420.jpeg 560w, \/wp-content\/uploads\/sites\/5\/2018\/09\/Acto-Civico-Hospital-Dr-Juan-Jose-Arevalo-IGSS-zona-6-2018-1-300x225.jpeg 300w, \/wp-content\/uploads\/sites\/5\/2018\/09\/Acto-Civico-Hospital-Dr-Juan-Jose-Arevalo-IGSS-zona-6-2018-1-768x576.jpeg 768w, \/wp-content\/uploads\/sites\/5\/2018\/09\/Acto-Civico-Hospital-Dr-Juan-Jose-Arevalo-IGSS-zona-6-2018-1-1024x768.jpeg 1024w, \/wp-content\/uploads\/sites\/5\/2018\/09\/Acto-Civico-Hospital-Dr-Juan-Jose-Arevalo-IGSS-zona-6-2018-1-80x60.jpeg 80w, \/wp-content\/uploads\/sites\/5\/2018\/09\/Acto-Civico-Hospital-Dr-Juan-Jose-Arevalo-IGSS-zona-6-2018-1-696x522.jpeg 696w, \/wp-content\/uploads\/sites\/5\/2018\/09\/Acto-Civico-Hospital-Dr-Juan-Jose-Arevalo-IGSS-zona-6-2018-1-1068x801.jpeg 1068w, \/wp-content\/uploads\/sites\/5\/2018\/09\/Acto-Civico-Hospital-Dr-Juan-Jose-Arevalo-IGSS-zona-6-2018-1-265x198.jpeg 265w, \/wp-content\/uploads\/sites\/5\/2018\/09\/Acto-Civico-Hospital-Dr-Juan-Jose-Arevalo-IGSS-zona-6-2018-1-534x401.jpeg 534w, \/wp-content\/uploads\/sites\/5\/2018\/09\/Acto-Civico-Hospital-Dr-Juan-Jose-Arevalo-IGSS-zona-6-2018-1.jpeg 1280w\" sizes=\"(max-width: 560px) 100vw, 560px\" alt=\"\">\r\n                            <\/a>\r\n                            \r\n                        <\/figure>\r\n                    <\/div>\r\n                    <div class = \"td-slide-item td-item4\">\r\n                        <figure class=\"td-slide-galery-figure td-slide-popup-gallery\">\r\n                            <a class=\"slide-gallery-image-link\" href=\"\/wp-content\/uploads\/sites\/5\/2018\/09\/Acto-Civico-Hospital-Dr-Juan-Jose-Arevalo-IGSS-zona-6-2018-2.jpeg\" title=\"Acto Civico Hospital Dr Juan Jose Arevalo IGSS zona 6 2018-2\"  data-caption=\"\"  data-description=\"\">\r\n                                <img decoding=\"async\" src=\"\/wp-content\/uploads\/sites\/5\/2018\/09\/Acto-Civico-Hospital-Dr-Juan-Jose-Arevalo-IGSS-zona-6-2018-2-630x420.jpeg\" srcset=\"\/wp-content\/uploads\/sites\/5\/2018\/09\/Acto-Civico-Hospital-Dr-Juan-Jose-Arevalo-IGSS-zona-6-2018-2-630x420.jpeg 630w, \/wp-content\/uploads\/sites\/5\/2018\/09\/Acto-Civico-Hospital-Dr-Juan-Jose-Arevalo-IGSS-zona-6-2018-2-300x200.jpeg 300w, \/wp-content\/uploads\/sites\/5\/2018\/09\/Acto-Civico-Hospital-Dr-Juan-Jose-Arevalo-IGSS-zona-6-2018-2-768x512.jpeg 768w, \/wp-content\/uploads\/sites\/5\/2018\/09\/Acto-Civico-Hospital-Dr-Juan-Jose-Arevalo-IGSS-zona-6-2018-2-1024x682.jpeg 1024w, \/wp-content\/uploads\/sites\/5\/2018\/09\/Acto-Civico-Hospital-Dr-Juan-Jose-Arevalo-IGSS-zona-6-2018-2-696x464.jpeg 696w, \/wp-content\/uploads\/sites\/5\/2018\/09\/Acto-Civico-Hospital-Dr-Juan-Jose-Arevalo-IGSS-zona-6-2018-2-1068x712.jpeg 1068w, \/wp-content\/uploads\/sites\/5\/2018\/09\/Acto-Civico-Hospital-Dr-Juan-Jose-Arevalo-IGSS-zona-6-2018-2-534x356.jpeg 534w, \/wp-content\/uploads\/sites\/5\/2018\/09\/Acto-Civico-Hospital-Dr-Juan-Jose-Arevalo-IGSS-zona-6-2018-2.jpeg 1280w\" sizes=\"(max-width: 630px) 100vw, 630px\" alt=\"\">\r\n                            <\/a>\r\n                            \r\n                        <\/figure>\r\n                    <\/div>\r\n                    <div class = \"td-slide-item td-item5\">\r\n                        <figure class=\"td-slide-galery-figure td-slide-popup-gallery\">\r\n                            <a class=\"slide-gallery-image-link\" href=\"\/wp-content\/uploads\/sites\/5\/2018\/09\/Acto-Civico-Hospital-Dr-Juan-Jose-Arevalo-IGSS-zona-6-2018-3.jpeg\" title=\"Acto Civico Hospital Dr Juan Jose Arevalo IGSS zona 6 2018-3\"  data-caption=\"\"  data-description=\"\">\r\n                                <img decoding=\"async\" src=\"\/wp-content\/uploads\/sites\/5\/2018\/09\/Acto-Civico-Hospital-Dr-Juan-Jose-Arevalo-IGSS-zona-6-2018-3-630x420.jpeg\" srcset=\"\/wp-content\/uploads\/sites\/5\/2018\/09\/Acto-Civico-Hospital-Dr-Juan-Jose-Arevalo-IGSS-zona-6-2018-3-630x420.jpeg 630w, \/wp-content\/uploads\/sites\/5\/2018\/09\/Acto-Civico-Hospital-Dr-Juan-Jose-Arevalo-IGSS-zona-6-2018-3-300x200.jpeg 300w, \/wp-content\/uploads\/sites\/5\/2018\/09\/Acto-Civico-Hospital-Dr-Juan-Jose-Arevalo-IGSS-zona-6-2018-3-768x512.jpeg 768w, \/wp-content\/uploads\/sites\/5\/2018\/09\/Acto-Civico-Hospital-Dr-Juan-Jose-Arevalo-IGSS-zona-6-2018-3-1024x682.jpeg 1024w, \/wp-content\/uploads\/sites\/5\/2018\/09\/Acto-Civico-Hospital-Dr-Juan-Jose-Arevalo-IGSS-zona-6-2018-3-696x464.jpeg 696w, \/wp-content\/uploads\/sites\/5\/2018\/09\/Acto-Civico-Hospital-Dr-Juan-Jose-Arevalo-IGSS-zona-6-2018-3-1068x712.jpeg 1068w, \/wp-content\/uploads\/sites\/5\/2018\/09\/Acto-Civico-Hospital-Dr-Juan-Jose-Arevalo-IGSS-zona-6-2018-3-534x356.jpeg 534w, \/wp-content\/uploads\/sites\/5\/2018\/09\/Acto-Civico-Hospital-Dr-Juan-Jose-Arevalo-IGSS-zona-6-2018-3.jpeg 1280w\" sizes=\"(max-width: 630px) 100vw, 630px\" alt=\"\">\r\n                            <\/a>\r\n                            \r\n                        <\/figure>\r\n                    <\/div>\r\n                    <div class = \"td-slide-item td-item6\">\r\n                        <figure class=\"td-slide-galery-figure td-slide-popup-gallery\">\r\n                            <a class=\"slide-gallery-image-link\" href=\"\/wp-content\/uploads\/sites\/5\/2018\/09\/Acto-Civico-Hospital-Dr-Juan-Jose-Arevalo-IGSS-zona-6-2018-4.jpeg\" title=\"Acto Civico Hospital Dr Juan Jose Arevalo IGSS zona 6 2018-4\"  data-caption=\"\"  data-description=\"\">\r\n                                <img decoding=\"async\" src=\"\/wp-content\/uploads\/sites\/5\/2018\/09\/Acto-Civico-Hospital-Dr-Juan-Jose-Arevalo-IGSS-zona-6-2018-4-280x420.jpeg\" srcset=\"\/wp-content\/uploads\/sites\/5\/2018\/09\/Acto-Civico-Hospital-Dr-Juan-Jose-Arevalo-IGSS-zona-6-2018-4-280x420.jpeg 280w, \/wp-content\/uploads\/sites\/5\/2018\/09\/Acto-Civico-Hospital-Dr-Juan-Jose-Arevalo-IGSS-zona-6-2018-4-200x300.jpeg 200w, \/wp-content\/uploads\/sites\/5\/2018\/09\/Acto-Civico-Hospital-Dr-Juan-Jose-Arevalo-IGSS-zona-6-2018-4-768x1152.jpeg 768w, \/wp-content\/uploads\/sites\/5\/2018\/09\/Acto-Civico-Hospital-Dr-Juan-Jose-Arevalo-IGSS-zona-6-2018-4-682x1024.jpeg 682w, \/wp-content\/uploads\/sites\/5\/2018\/09\/Acto-Civico-Hospital-Dr-Juan-Jose-Arevalo-IGSS-zona-6-2018-4-696x1044.jpeg 696w, \/wp-content\/uploads\/sites\/5\/2018\/09\/Acto-Civico-Hospital-Dr-Juan-Jose-Arevalo-IGSS-zona-6-2018-4-308x462.jpeg 308w, \/wp-content\/uploads\/sites\/5\/2018\/09\/Acto-Civico-Hospital-Dr-Juan-Jose-Arevalo-IGSS-zona-6-2018-4.jpeg 853w\" sizes=\"(max-width: 280px) 100vw, 280px\" alt=\"\">\r\n                            <\/a>\r\n                            \r\n                        <\/figure>\r\n                    <\/div>\r\n                    <div class = \"td-slide-item td-item7\">\r\n                        <figure class=\"td-slide-galery-figure td-slide-popup-gallery\">\r\n                            <a class=\"slide-gallery-image-link\" href=\"\/wp-content\/uploads\/sites\/5\/2018\/09\/Acto-Civico-Hospital-Dr-Juan-Jose-Arevalo-IGSS-zona-6-2018-6.jpeg\" title=\"Acto Civico Hospital Dr Juan Jose Arevalo IGSS zona 6 2018-6\"  data-caption=\"\"  data-description=\"\">\r\n                                <img decoding=\"async\" src=\"\/wp-content\/uploads\/sites\/5\/2018\/09\/Acto-Civico-Hospital-Dr-Juan-Jose-Arevalo-IGSS-zona-6-2018-6-630x420.jpeg\" srcset=\"\/wp-content\/uploads\/sites\/5\/2018\/09\/Acto-Civico-Hospital-Dr-Juan-Jose-Arevalo-IGSS-zona-6-2018-6-630x420.jpeg 630w, \/wp-content\/uploads\/sites\/5\/2018\/09\/Acto-Civico-Hospital-Dr-Juan-Jose-Arevalo-IGSS-zona-6-2018-6-300x200.jpeg 300w, \/wp-content\/uploads\/sites\/5\/2018\/09\/Acto-Civico-Hospital-Dr-Juan-Jose-Arevalo-IGSS-zona-6-2018-6-768x512.jpeg 768w, \/wp-content\/uploads\/sites\/5\/2018\/09\/Acto-Civico-Hospital-Dr-Juan-Jose-Arevalo-IGSS-zona-6-2018-6-1024x682.jpeg 1024w, \/wp-content\/uploads\/sites\/5\/2018\/09\/Acto-Civico-Hospital-Dr-Juan-Jose-Arevalo-IGSS-zona-6-2018-6-696x464.jpeg 696w, \/wp-content\/uploads\/sites\/5\/2018\/09\/Acto-Civico-Hospital-Dr-Juan-Jose-Arevalo-IGSS-zona-6-2018-6-1068x712.jpeg 1068w, \/wp-content\/uploads\/sites\/5\/2018\/09\/Acto-Civico-Hospital-Dr-Juan-Jose-Arevalo-IGSS-zona-6-2018-6-534x356.jpeg 534w, \/wp-content\/uploads\/sites\/5\/2018\/09\/Acto-Civico-Hospital-Dr-Juan-Jose-Arevalo-IGSS-zona-6-2018-6.jpeg 1280w\" sizes=\"(max-width: 630px) 100vw, 630px\" alt=\"\">\r\n                            <\/a>\r\n                            \r\n                        <\/figure>\r\n                    <\/div>\r\n                    <div class = \"td-slide-item td-item8\">\r\n                        <figure class=\"td-slide-galery-figure td-slide-popup-gallery\">\r\n                            <a class=\"slide-gallery-image-link\" href=\"\/wp-content\/uploads\/sites\/5\/2018\/09\/Acto-Civico-Hospital-Dr-Juan-Jose-Arevalo-IGSS-zona-6-2018-7.jpeg\" title=\"Acto Civico Hospital Dr Juan Jose Arevalo IGSS zona 6 2018-7\"  data-caption=\"\"  data-description=\"\">\r\n                                <img decoding=\"async\" src=\"\/wp-content\/uploads\/sites\/5\/2018\/09\/Acto-Civico-Hospital-Dr-Juan-Jose-Arevalo-IGSS-zona-6-2018-7-630x420.jpeg\" srcset=\"\/wp-content\/uploads\/sites\/5\/2018\/09\/Acto-Civico-Hospital-Dr-Juan-Jose-Arevalo-IGSS-zona-6-2018-7-630x420.jpeg 630w, \/wp-content\/uploads\/sites\/5\/2018\/09\/Acto-Civico-Hospital-Dr-Juan-Jose-Arevalo-IGSS-zona-6-2018-7-300x200.jpeg 300w, \/wp-content\/uploads\/sites\/5\/2018\/09\/Acto-Civico-Hospital-Dr-Juan-Jose-Arevalo-IGSS-zona-6-2018-7-768x512.jpeg 768w, \/wp-content\/uploads\/sites\/5\/2018\/09\/Acto-Civico-Hospital-Dr-Juan-Jose-Arevalo-IGSS-zona-6-2018-7-1024x682.jpeg 1024w, \/wp-content\/uploads\/sites\/5\/2018\/09\/Acto-Civico-Hospital-Dr-Juan-Jose-Arevalo-IGSS-zona-6-2018-7-696x464.jpeg 696w, \/wp-content\/uploads\/sites\/5\/2018\/09\/Acto-Civico-Hospital-Dr-Juan-Jose-Arevalo-IGSS-zona-6-2018-7-1068x712.jpeg 1068w, \/wp-content\/uploads\/sites\/5\/2018\/09\/Acto-Civico-Hospital-Dr-Juan-Jose-Arevalo-IGSS-zona-6-2018-7-534x356.jpeg 534w, \/wp-content\/uploads\/sites\/5\/2018\/09\/Acto-Civico-Hospital-Dr-Juan-Jose-Arevalo-IGSS-zona-6-2018-7.jpeg 1280w\" sizes=\"(max-width: 630px) 100vw, 630px\" alt=\"\">\r\n                            <\/a>\r\n                            \r\n                        <\/figure>\r\n                    <\/div>\r\n                    <div class = \"td-slide-item td-item9\">\r\n                        <figure class=\"td-slide-galery-figure td-slide-popup-gallery\">\r\n                            <a class=\"slide-gallery-image-link\" href=\"\/wp-content\/uploads\/sites\/5\/2018\/09\/Acto-Civico-Hospital-Dr-Juan-Jose-Arevalo-IGSS-zona-6-2018-8.jpeg\" title=\"Acto Civico Hospital Dr Juan Jose Arevalo IGSS zona 6 2018-8\"  data-caption=\"\"  data-description=\"\">\r\n                                <img decoding=\"async\" src=\"\/wp-content\/uploads\/sites\/5\/2018\/09\/Acto-Civico-Hospital-Dr-Juan-Jose-Arevalo-IGSS-zona-6-2018-8-315x420.jpeg\" srcset=\"\/wp-content\/uploads\/sites\/5\/2018\/09\/Acto-Civico-Hospital-Dr-Juan-Jose-Arevalo-IGSS-zona-6-2018-8-315x420.jpeg 315w, \/wp-content\/uploads\/sites\/5\/2018\/09\/Acto-Civico-Hospital-Dr-Juan-Jose-Arevalo-IGSS-zona-6-2018-8-225x300.jpeg 225w, \/wp-content\/uploads\/sites\/5\/2018\/09\/Acto-Civico-Hospital-Dr-Juan-Jose-Arevalo-IGSS-zona-6-2018-8-768x1024.jpeg 768w, \/wp-content\/uploads\/sites\/5\/2018\/09\/Acto-Civico-Hospital-Dr-Juan-Jose-Arevalo-IGSS-zona-6-2018-8-696x928.jpeg 696w, \/wp-content\/uploads\/sites\/5\/2018\/09\/Acto-Civico-Hospital-Dr-Juan-Jose-Arevalo-IGSS-zona-6-2018-8-347x462.jpeg 347w, \/wp-content\/uploads\/sites\/5\/2018\/09\/Acto-Civico-Hospital-Dr-Juan-Jose-Arevalo-IGSS-zona-6-2018-8.jpeg 960w\" sizes=\"(max-width: 315px) 100vw, 315px\" alt=\"\">\r\n                            <\/a>\r\n                            \r\n                        <\/figure>\r\n                    <\/div>\r\n                            <\/div>\r\n                        <\/div>\r\n\r\n                        <div class = \"td-doubleSlider-2\">\r\n                            <div class = \"td-slider\">\r\n                                \r\n                    <div class = \"td-button td-item1\">\r\n                        <div class = \"td-border\"><\/div>\r\n                    <\/div>\r\n                    <div class = \"td-button td-item2\">\r\n                        <div class = \"td-border\"><\/div>\r\n                    <\/div>\r\n                    <div class = \"td-button td-item3\">\r\n                        <div class = \"td-border\"><\/div>\r\n                    <\/div>\r\n                    <div class = \"td-button td-item4\">\r\n                        <div class = \"td-border\"><\/div>\r\n                    <\/div>\r\n                    <div class = \"td-button td-item5\">\r\n                        <div class = \"td-border\"><\/div>\r\n                    <\/div>\r\n                    <div class = \"td-button td-item6\">\r\n                        <div class = \"td-border\"><\/div>\r\n                    <\/div>\r\n                    <div class = \"td-button td-item7\">\r\n                        <div class = \"td-border\"><\/div>\r\n                    <\/div>\r\n                    <div class = \"td-button td-item8\">\r\n                        <div class = \"td-border\"><\/div>\r\n                    <\/div>\r\n                    <div class = \"td-button td-item9\">\r\n                        <div class = \"td-border\"><\/div>\r\n                    <\/div>\r\n                            <\/div>\r\n                        <\/div>\r\n\r\n                    <\/div>\r\n\r\n                <\/div>\r\n                \n<hr \/>\n<p>&nbsp;<\/p>\n","protected":false},"excerpt":{"rendered":"<p>Autoridades y colaboradores del Hospital Doctor Juan Jos\u00e9 Ar\u00e9valo Bermejo de la Zona 6 realizaron un acto c\u00edvico en conmemoraci\u00f3n del 197 aniversario de la independencia patria. En esta actividad se cont\u00f3 con la presentaci\u00f3n de la banda musical del ej\u00e9rcito, bailes folkl\u00f3ricos de Guatemala, por alumnos del Instituto Nacional Experimental de Educaci\u00f3n B\u00e1sica. &nbsp;<\/p>\n","protected":false},"author":4,"featured_media":6664,"comment_status":"open","ping_status":"open","sticky":false,"template":"","format":"standard","meta":{"footnotes":""},"categories":[3,29,36],"tags":[439,490],"coauthors":[],"class_list":{"0":"post-6663","1":"post","2":"type-post","3":"status-publish","4":"format-standard","5":"has-post-thumbnail","7":"category-actualidad","8":"category-publicaciones","9":"category-unidades-medicas","10":"tag-fiestas-patrias-guatemala","11":"tag-igss"},"_links":{"self":[{"href":"https:\/\/www.igssgt.org\/noticias\/wp-json\/wp\/v2\/posts\/6663","targetHints":{"allow":["GET"]}}],"collection":[{"href":"https:\/\/www.igssgt.org\/noticias\/wp-json\/wp\/v2\/posts"}],"about":[{"href":"https:\/\/www.igssgt.org\/noticias\/wp-json\/wp\/v2\/types\/post"}],"author":[{"embeddable":true,"href":"https:\/\/www.igssgt.org\/noticias\/wp-json\/wp\/v2\/users\/4"}],"replies":[{"embeddable":true,"href":"https:\/\/www.igssgt.org\/noticias\/wp-json\/wp\/v2\/comments?post=6663"}],"version-history":[{"count":0,"href":"https:\/\/www.igssgt.org\/noticias\/wp-json\/wp\/v2\/posts\/6663\/revisions"}],"wp:featuredmedia":[{"embeddable":true,"href":"https:\/\/www.igssgt.org\/noticias\/wp-json\/wp\/v2\/media\/6664"}],"wp:attachment":[{"href":"https:\/\/www.igssgt.org\/noticias\/wp-json\/wp\/v2\/media?parent=6663"}],"wp:term":[{"taxonomy":"category","embeddable":true,"href":"https:\/\/www.igssgt.org\/noticias\/wp-json\/wp\/v2\/categories?post=6663"},{"taxonomy":"post_tag","embeddable":true,"href":"https:\/\/www.igssgt.org\/noticias\/wp-json\/wp\/v2\/tags?post=6663"},{"taxonomy":"author","embeddable":true,"href":"https:\/\/www.igssgt.org\/noticias\/wp-json\/wp\/v2\/coauthors?post=6663"}],"curies":[{"name":"wp","href":"https:\/\/api.w.org\/{rel}","templated":true}]}}