{"id":6680,"date":"2018-09-14T13:46:15","date_gmt":"2018-09-14T19:46:15","guid":{"rendered":"http:\/\/noticias.igssgt.org\/?p=6680"},"modified":"2018-09-14T13:46:15","modified_gmt":"2018-09-14T19:46:15","slug":"salvavidas-del-igss-en-alerta-amarilla-institucional-por-alto-oleaje","status":"publish","type":"post","link":"https:\/\/www.igssgt.org\/noticias\/2018\/09\/14\/salvavidas-del-igss-en-alerta-amarilla-institucional-por-alto-oleaje\/","title":{"rendered":"Salvavidas del IGSS en alerta amarilla institucional por alto oleaje"},"content":{"rendered":"<p><a href=\"\/noticias\/wp-content\/uploads\/sites\/5\/2018\/09\/Salvavidas-IGSS-en-alerta-amarilla-fiestas-patrias-8.jpg\"><img loading=\"lazy\" decoding=\"async\" class=\"alignnone size-full wp-image-6687\" src=\"\/noticias\/wp-content\/uploads\/sites\/5\/2018\/09\/Salvavidas-IGSS-en-alerta-amarilla-fiestas-patrias-8.jpg\" alt=\"\" width=\"1280\" height=\"960\" srcset=\"\/wp-content\/uploads\/sites\/5\/2018\/09\/Salvavidas-IGSS-en-alerta-amarilla-fiestas-patrias-8.jpg 1280w, \/wp-content\/uploads\/sites\/5\/2018\/09\/Salvavidas-IGSS-en-alerta-amarilla-fiestas-patrias-8-300x225.jpg 300w, \/wp-content\/uploads\/sites\/5\/2018\/09\/Salvavidas-IGSS-en-alerta-amarilla-fiestas-patrias-8-768x576.jpg 768w, \/wp-content\/uploads\/sites\/5\/2018\/09\/Salvavidas-IGSS-en-alerta-amarilla-fiestas-patrias-8-1024x768.jpg 1024w, \/wp-content\/uploads\/sites\/5\/2018\/09\/Salvavidas-IGSS-en-alerta-amarilla-fiestas-patrias-8-560x420.jpg 560w, \/wp-content\/uploads\/sites\/5\/2018\/09\/Salvavidas-IGSS-en-alerta-amarilla-fiestas-patrias-8-80x60.jpg 80w, \/wp-content\/uploads\/sites\/5\/2018\/09\/Salvavidas-IGSS-en-alerta-amarilla-fiestas-patrias-8-696x522.jpg 696w, \/wp-content\/uploads\/sites\/5\/2018\/09\/Salvavidas-IGSS-en-alerta-amarilla-fiestas-patrias-8-1068x801.jpg 1068w, \/wp-content\/uploads\/sites\/5\/2018\/09\/Salvavidas-IGSS-en-alerta-amarilla-fiestas-patrias-8-265x198.jpg 265w, \/wp-content\/uploads\/sites\/5\/2018\/09\/Salvavidas-IGSS-en-alerta-amarilla-fiestas-patrias-8-534x401.jpg 534w\" sizes=\"auto, (max-width: 1280px) 100vw, 1280px\" \/><\/a><\/p>\n<p>Se estima que la cantidad de visitantes de las playas del Puerto San Jos\u00e9 supere las 150 mil personas, y no descartamos que el s\u00e1bado y domingo esta cifra se incremente, dijo David L\u00f3pez, jefe de salvavidas de este puerto.<\/p>\n<p>Ante la informaci\u00f3n brindada por el Insivumeh sobre el alto oleaje en las playas del Pac\u00edfico, el Cuerpo de Salvamento del IGSS se encuentra en alerta amarilla institucional a partir hoy para brindar auxilio a quienes asistan a las playas.<\/p>\n<p>Lo recomendable ante estas condiciones clim\u00e1ticas es que los ba\u00f1istas no se adentren demasiado en las aguas, ni est\u00e9n cerca de los muelles, pues si el oleaje es alto las olas son de arrastre que son las m\u00e1s peligrosas para las personas que se encuentran en la orilla del mar, dijo el licenciado \u00c1lvaro Barillas, jefe del Cuerpo de Salvamento.<\/p>\n<p>Se recomienda ba\u00f1arse cerca de las torres donde se encuentran los rescatistas del IGSS, pues ellos est\u00e1n vigilando la playa e interact\u00faan con los turistas para hacerles algunas recomendaciones. Ellos conocen el comportamiento del mar, saben cu\u00e1ndo hay oleaje fuerte y se\u00f1alizan con banderas rojas, amarillas o verdes, como parte de las medidas preventivas seg\u00fan el momento de riesgo, agreg\u00f3 Barillas.<\/p>\n<p>El entrevistado reiter\u00f3 que las personas que visiten a partir de hoy las playas de la costa sur atiendan las recomendaciones de los salvavidas.<\/p>\n\r\n                <style type=\"text\/css\">\r\n                    \r\n                    #tdi_1  .td-doubleSlider-2 .td-item1 {\r\n                        background: url(\/wp-content\/uploads\/sites\/5\/2018\/09\/Salvavidas-IGSS-en-alerta-amarilla-fiestas-patrias-10-80x60.jpg) 0 0 no-repeat;\r\n                    }\r\n                    #tdi_1  .td-doubleSlider-2 .td-item2 {\r\n                        background: url(\/wp-content\/uploads\/sites\/5\/2018\/09\/Salvavidas-IGSS-en-alerta-amarilla-fiestas-patrias-1-80x60.jpg) 0 0 no-repeat;\r\n                    }\r\n                    #tdi_1  .td-doubleSlider-2 .td-item3 {\r\n                        background: url(\/wp-content\/uploads\/sites\/5\/2018\/09\/Salvavidas-IGSS-en-alerta-amarilla-fiestas-patrias-6-80x60.jpg) 0 0 no-repeat;\r\n                    }\r\n                    #tdi_1  .td-doubleSlider-2 .td-item4 {\r\n                        background: url(\/wp-content\/uploads\/sites\/5\/2018\/09\/Salvavidas-IGSS-en-alerta-amarilla-fiestas-patrias-2-80x60.jpg) 0 0 no-repeat;\r\n                    }\r\n                    #tdi_1  .td-doubleSlider-2 .td-item5 {\r\n                        background: url(\/wp-content\/uploads\/sites\/5\/2018\/09\/Salvavidas-IGSS-en-alerta-amarilla-fiestas-patrias-3-80x60.jpg) 0 0 no-repeat;\r\n                    }\r\n                    #tdi_1  .td-doubleSlider-2 .td-item6 {\r\n                        background: url(\/wp-content\/uploads\/sites\/5\/2018\/09\/Salvavidas-IGSS-en-alerta-amarilla-fiestas-patrias-14-80x60.jpg) 0 0 no-repeat;\r\n                    }\r\n                    #tdi_1  .td-doubleSlider-2 .td-item7 {\r\n                        background: url(\/wp-content\/uploads\/sites\/5\/2018\/09\/Salvavidas-IGSS-en-alerta-amarilla-fiestas-patrias-4-80x60.jpg) 0 0 no-repeat;\r\n                    }\r\n                    #tdi_1  .td-doubleSlider-2 .td-item8 {\r\n                        background: url(\/wp-content\/uploads\/sites\/5\/2018\/09\/Salvavidas-IGSS-en-alerta-amarilla-fiestas-patrias-8-80x60.jpg) 0 0 no-repeat;\r\n                    }\r\n                    #tdi_1  .td-doubleSlider-2 .td-item9 {\r\n                        background: url(\/wp-content\/uploads\/sites\/5\/2018\/09\/Salvavidas-IGSS-en-alerta-amarilla-fiestas-patrias-7-80x60.jpg) 0 0 no-repeat;\r\n                    }\r\n                    #tdi_1  .td-doubleSlider-2 .td-item10 {\r\n                        background: url(\/wp-content\/uploads\/sites\/5\/2018\/09\/Salvavidas-IGSS-en-alerta-amarilla-fiestas-patrias-9-80x60.jpg) 0 0 no-repeat;\r\n                    }\r\n                    #tdi_1  .td-doubleSlider-2 .td-item11 {\r\n                        background: url(\/wp-content\/uploads\/sites\/5\/2018\/09\/Salvavidas-IGSS-en-alerta-amarilla-fiestas-patrias-13-80x60.jpg) 0 0 no-repeat;\r\n                    }\r\n                    #tdi_1  .td-doubleSlider-2 .td-item12 {\r\n                        background: url(\/wp-content\/uploads\/sites\/5\/2018\/09\/Salvavidas-IGSS-en-alerta-amarilla-fiestas-patrias-11-80x60.jpg) 0 0 no-repeat;\r\n                    }\r\n                    #tdi_1  .td-doubleSlider-2 .td-item13 {\r\n                        background: url(\/wp-content\/uploads\/sites\/5\/2018\/09\/Salvavidas-IGSS-en-alerta-amarilla-fiestas-patrias-12-80x60.jpg) 0 0 no-repeat;\r\n                    }\r\n                <\/style>\r\n\r\n                <div id=\"tdi_1\" class=\"td-gallery td-slide-on-2-columns\">\r\n                    <div class=\"post_td_gallery\">\r\n                        <div class=\"td-gallery-slide-top\">\r\n                           <div class=\"td-gallery-title\">Galer\u00eda de Im\u00e1genes<\/div>\r\n\r\n                            <div class=\"td-gallery-controls-wrapper\">\r\n                                <div class=\"td-gallery-slide-count\"><span class=\"td-gallery-slide-item-focus\">1<\/span> de 13<\/div>\r\n                                <div class=\"td-gallery-slide-prev-next-but\">\r\n                                    <i class = \"td-icon-left doubleSliderPrevButton\"><\/i>\r\n                                    <i class = \"td-icon-right doubleSliderNextButton\"><\/i>\r\n                                <\/div>\r\n                            <\/div>\r\n                        <\/div>\r\n\r\n                        <div class = \"td-doubleSlider-1 \">\r\n                            <div class = \"td-slider\">\r\n                                \r\n                    <div class = \"td-slide-item td-item1\">\r\n                        <figure class=\"td-slide-galery-figure td-slide-popup-gallery\">\r\n                            <a class=\"slide-gallery-image-link\" href=\"\/wp-content\/uploads\/sites\/5\/2018\/09\/Salvavidas-IGSS-en-alerta-amarilla-fiestas-patrias-10.jpg\" title=\"Salvavidas IGSS en alerta amarilla fiestas patrias-10\"  data-caption=\"\"  data-description=\"\">\r\n                                <img decoding=\"async\" src=\"\/wp-content\/uploads\/sites\/5\/2018\/09\/Salvavidas-IGSS-en-alerta-amarilla-fiestas-patrias-10-630x420.jpg\" srcset=\"\/wp-content\/uploads\/sites\/5\/2018\/09\/Salvavidas-IGSS-en-alerta-amarilla-fiestas-patrias-10-630x420.jpg 630w, \/wp-content\/uploads\/sites\/5\/2018\/09\/Salvavidas-IGSS-en-alerta-amarilla-fiestas-patrias-10-300x200.jpg 300w, \/wp-content\/uploads\/sites\/5\/2018\/09\/Salvavidas-IGSS-en-alerta-amarilla-fiestas-patrias-10-768x512.jpg 768w, \/wp-content\/uploads\/sites\/5\/2018\/09\/Salvavidas-IGSS-en-alerta-amarilla-fiestas-patrias-10-1024x682.jpg 1024w, \/wp-content\/uploads\/sites\/5\/2018\/09\/Salvavidas-IGSS-en-alerta-amarilla-fiestas-patrias-10-696x464.jpg 696w, \/wp-content\/uploads\/sites\/5\/2018\/09\/Salvavidas-IGSS-en-alerta-amarilla-fiestas-patrias-10-1068x712.jpg 1068w, \/wp-content\/uploads\/sites\/5\/2018\/09\/Salvavidas-IGSS-en-alerta-amarilla-fiestas-patrias-10-534x356.jpg 534w, \/wp-content\/uploads\/sites\/5\/2018\/09\/Salvavidas-IGSS-en-alerta-amarilla-fiestas-patrias-10.jpg 1280w\" sizes=\"(max-width: 630px) 100vw, 630px\" alt=\"\">\r\n                            <\/a>\r\n                            \r\n                        <\/figure>\r\n                    <\/div>\r\n                    <div class = \"td-slide-item td-item2\">\r\n                        <figure class=\"td-slide-galery-figure td-slide-popup-gallery\">\r\n                            <a class=\"slide-gallery-image-link\" href=\"\/wp-content\/uploads\/sites\/5\/2018\/09\/Salvavidas-IGSS-en-alerta-amarilla-fiestas-patrias-1.jpg\" title=\"Salvavidas IGSS en alerta amarilla fiestas patrias-1\"  data-caption=\"\"  data-description=\"\">\r\n                                <img decoding=\"async\" src=\"\/wp-content\/uploads\/sites\/5\/2018\/09\/Salvavidas-IGSS-en-alerta-amarilla-fiestas-patrias-1-630x420.jpg\" srcset=\"\/wp-content\/uploads\/sites\/5\/2018\/09\/Salvavidas-IGSS-en-alerta-amarilla-fiestas-patrias-1-630x420.jpg 630w, \/wp-content\/uploads\/sites\/5\/2018\/09\/Salvavidas-IGSS-en-alerta-amarilla-fiestas-patrias-1-300x200.jpg 300w, \/wp-content\/uploads\/sites\/5\/2018\/09\/Salvavidas-IGSS-en-alerta-amarilla-fiestas-patrias-1-768x512.jpg 768w, \/wp-content\/uploads\/sites\/5\/2018\/09\/Salvavidas-IGSS-en-alerta-amarilla-fiestas-patrias-1-1024x682.jpg 1024w, \/wp-content\/uploads\/sites\/5\/2018\/09\/Salvavidas-IGSS-en-alerta-amarilla-fiestas-patrias-1-696x464.jpg 696w, \/wp-content\/uploads\/sites\/5\/2018\/09\/Salvavidas-IGSS-en-alerta-amarilla-fiestas-patrias-1-1068x712.jpg 1068w, \/wp-content\/uploads\/sites\/5\/2018\/09\/Salvavidas-IGSS-en-alerta-amarilla-fiestas-patrias-1-534x356.jpg 534w, \/wp-content\/uploads\/sites\/5\/2018\/09\/Salvavidas-IGSS-en-alerta-amarilla-fiestas-patrias-1.jpg 1280w\" sizes=\"(max-width: 630px) 100vw, 630px\" alt=\"\">\r\n                            <\/a>\r\n                            \r\n                        <\/figure>\r\n                    <\/div>\r\n                    <div class = \"td-slide-item td-item3\">\r\n                        <figure class=\"td-slide-galery-figure td-slide-popup-gallery\">\r\n                            <a class=\"slide-gallery-image-link\" href=\"\/wp-content\/uploads\/sites\/5\/2018\/09\/Salvavidas-IGSS-en-alerta-amarilla-fiestas-patrias-6.jpg\" title=\"Salvavidas IGSS en alerta amarilla fiestas patrias-6\"  data-caption=\"\"  data-description=\"\">\r\n                                <img decoding=\"async\" src=\"\/wp-content\/uploads\/sites\/5\/2018\/09\/Salvavidas-IGSS-en-alerta-amarilla-fiestas-patrias-6-630x420.jpg\" srcset=\"\/wp-content\/uploads\/sites\/5\/2018\/09\/Salvavidas-IGSS-en-alerta-amarilla-fiestas-patrias-6-630x420.jpg 630w, \/wp-content\/uploads\/sites\/5\/2018\/09\/Salvavidas-IGSS-en-alerta-amarilla-fiestas-patrias-6-300x200.jpg 300w, \/wp-content\/uploads\/sites\/5\/2018\/09\/Salvavidas-IGSS-en-alerta-amarilla-fiestas-patrias-6-768x512.jpg 768w, \/wp-content\/uploads\/sites\/5\/2018\/09\/Salvavidas-IGSS-en-alerta-amarilla-fiestas-patrias-6-1024x682.jpg 1024w, \/wp-content\/uploads\/sites\/5\/2018\/09\/Salvavidas-IGSS-en-alerta-amarilla-fiestas-patrias-6-696x464.jpg 696w, \/wp-content\/uploads\/sites\/5\/2018\/09\/Salvavidas-IGSS-en-alerta-amarilla-fiestas-patrias-6-1068x712.jpg 1068w, \/wp-content\/uploads\/sites\/5\/2018\/09\/Salvavidas-IGSS-en-alerta-amarilla-fiestas-patrias-6-534x356.jpg 534w, \/wp-content\/uploads\/sites\/5\/2018\/09\/Salvavidas-IGSS-en-alerta-amarilla-fiestas-patrias-6.jpg 1280w\" sizes=\"(max-width: 630px) 100vw, 630px\" alt=\"\">\r\n                            <\/a>\r\n                            \r\n                        <\/figure>\r\n                    <\/div>\r\n                    <div class = \"td-slide-item td-item4\">\r\n                        <figure class=\"td-slide-galery-figure td-slide-popup-gallery\">\r\n                            <a class=\"slide-gallery-image-link\" href=\"\/wp-content\/uploads\/sites\/5\/2018\/09\/Salvavidas-IGSS-en-alerta-amarilla-fiestas-patrias-2.jpg\" title=\"Salvavidas IGSS en alerta amarilla fiestas patrias-2\"  data-caption=\"\"  data-description=\"\">\r\n                                <img decoding=\"async\" src=\"\/wp-content\/uploads\/sites\/5\/2018\/09\/Salvavidas-IGSS-en-alerta-amarilla-fiestas-patrias-2-630x420.jpg\" srcset=\"\/wp-content\/uploads\/sites\/5\/2018\/09\/Salvavidas-IGSS-en-alerta-amarilla-fiestas-patrias-2-630x420.jpg 630w, \/wp-content\/uploads\/sites\/5\/2018\/09\/Salvavidas-IGSS-en-alerta-amarilla-fiestas-patrias-2-300x200.jpg 300w, \/wp-content\/uploads\/sites\/5\/2018\/09\/Salvavidas-IGSS-en-alerta-amarilla-fiestas-patrias-2-768x512.jpg 768w, \/wp-content\/uploads\/sites\/5\/2018\/09\/Salvavidas-IGSS-en-alerta-amarilla-fiestas-patrias-2-1024x682.jpg 1024w, \/wp-content\/uploads\/sites\/5\/2018\/09\/Salvavidas-IGSS-en-alerta-amarilla-fiestas-patrias-2-696x464.jpg 696w, \/wp-content\/uploads\/sites\/5\/2018\/09\/Salvavidas-IGSS-en-alerta-amarilla-fiestas-patrias-2-1068x712.jpg 1068w, \/wp-content\/uploads\/sites\/5\/2018\/09\/Salvavidas-IGSS-en-alerta-amarilla-fiestas-patrias-2-534x356.jpg 534w, \/wp-content\/uploads\/sites\/5\/2018\/09\/Salvavidas-IGSS-en-alerta-amarilla-fiestas-patrias-2.jpg 1280w\" sizes=\"(max-width: 630px) 100vw, 630px\" alt=\"\">\r\n                            <\/a>\r\n                            \r\n                        <\/figure>\r\n                    <\/div>\r\n                    <div class = \"td-slide-item td-item5\">\r\n                        <figure class=\"td-slide-galery-figure td-slide-popup-gallery\">\r\n                            <a class=\"slide-gallery-image-link\" href=\"\/wp-content\/uploads\/sites\/5\/2018\/09\/Salvavidas-IGSS-en-alerta-amarilla-fiestas-patrias-3.jpg\" title=\"Salvavidas IGSS en alerta amarilla fiestas patrias-3\"  data-caption=\"\"  data-description=\"\">\r\n                                <img decoding=\"async\" src=\"\/wp-content\/uploads\/sites\/5\/2018\/09\/Salvavidas-IGSS-en-alerta-amarilla-fiestas-patrias-3-630x420.jpg\" srcset=\"\/wp-content\/uploads\/sites\/5\/2018\/09\/Salvavidas-IGSS-en-alerta-amarilla-fiestas-patrias-3-630x420.jpg 630w, \/wp-content\/uploads\/sites\/5\/2018\/09\/Salvavidas-IGSS-en-alerta-amarilla-fiestas-patrias-3-300x200.jpg 300w, \/wp-content\/uploads\/sites\/5\/2018\/09\/Salvavidas-IGSS-en-alerta-amarilla-fiestas-patrias-3-768x512.jpg 768w, \/wp-content\/uploads\/sites\/5\/2018\/09\/Salvavidas-IGSS-en-alerta-amarilla-fiestas-patrias-3-1024x682.jpg 1024w, \/wp-content\/uploads\/sites\/5\/2018\/09\/Salvavidas-IGSS-en-alerta-amarilla-fiestas-patrias-3-696x464.jpg 696w, \/wp-content\/uploads\/sites\/5\/2018\/09\/Salvavidas-IGSS-en-alerta-amarilla-fiestas-patrias-3-1068x712.jpg 1068w, \/wp-content\/uploads\/sites\/5\/2018\/09\/Salvavidas-IGSS-en-alerta-amarilla-fiestas-patrias-3-534x356.jpg 534w, \/wp-content\/uploads\/sites\/5\/2018\/09\/Salvavidas-IGSS-en-alerta-amarilla-fiestas-patrias-3.jpg 1280w\" sizes=\"(max-width: 630px) 100vw, 630px\" alt=\"\">\r\n                            <\/a>\r\n                            \r\n                        <\/figure>\r\n                    <\/div>\r\n                    <div class = \"td-slide-item td-item6\">\r\n                        <figure class=\"td-slide-galery-figure td-slide-popup-gallery\">\r\n                            <a class=\"slide-gallery-image-link\" href=\"\/wp-content\/uploads\/sites\/5\/2018\/09\/Salvavidas-IGSS-en-alerta-amarilla-fiestas-patrias-14.jpg\" title=\"Salvavidas IGSS en alerta amarilla fiestas patrias-14\"  data-caption=\"\"  data-description=\"\">\r\n                                <img decoding=\"async\" src=\"\/wp-content\/uploads\/sites\/5\/2018\/09\/Salvavidas-IGSS-en-alerta-amarilla-fiestas-patrias-14-630x420.jpg\" srcset=\"\/wp-content\/uploads\/sites\/5\/2018\/09\/Salvavidas-IGSS-en-alerta-amarilla-fiestas-patrias-14-630x420.jpg 630w, \/wp-content\/uploads\/sites\/5\/2018\/09\/Salvavidas-IGSS-en-alerta-amarilla-fiestas-patrias-14-300x200.jpg 300w, \/wp-content\/uploads\/sites\/5\/2018\/09\/Salvavidas-IGSS-en-alerta-amarilla-fiestas-patrias-14-768x512.jpg 768w, \/wp-content\/uploads\/sites\/5\/2018\/09\/Salvavidas-IGSS-en-alerta-amarilla-fiestas-patrias-14-1024x682.jpg 1024w, \/wp-content\/uploads\/sites\/5\/2018\/09\/Salvavidas-IGSS-en-alerta-amarilla-fiestas-patrias-14-696x464.jpg 696w, \/wp-content\/uploads\/sites\/5\/2018\/09\/Salvavidas-IGSS-en-alerta-amarilla-fiestas-patrias-14-1068x712.jpg 1068w, \/wp-content\/uploads\/sites\/5\/2018\/09\/Salvavidas-IGSS-en-alerta-amarilla-fiestas-patrias-14-534x356.jpg 534w, \/wp-content\/uploads\/sites\/5\/2018\/09\/Salvavidas-IGSS-en-alerta-amarilla-fiestas-patrias-14.jpg 1280w\" sizes=\"(max-width: 630px) 100vw, 630px\" alt=\"\">\r\n                            <\/a>\r\n                            \r\n                        <\/figure>\r\n                    <\/div>\r\n                    <div class = \"td-slide-item td-item7\">\r\n                        <figure class=\"td-slide-galery-figure td-slide-popup-gallery\">\r\n                            <a class=\"slide-gallery-image-link\" href=\"\/wp-content\/uploads\/sites\/5\/2018\/09\/Salvavidas-IGSS-en-alerta-amarilla-fiestas-patrias-4.jpg\" title=\"Salvavidas IGSS en alerta amarilla fiestas patrias-4\"  data-caption=\"\"  data-description=\"\">\r\n                                <img decoding=\"async\" src=\"\/wp-content\/uploads\/sites\/5\/2018\/09\/Salvavidas-IGSS-en-alerta-amarilla-fiestas-patrias-4-630x420.jpg\" srcset=\"\/wp-content\/uploads\/sites\/5\/2018\/09\/Salvavidas-IGSS-en-alerta-amarilla-fiestas-patrias-4-630x420.jpg 630w, \/wp-content\/uploads\/sites\/5\/2018\/09\/Salvavidas-IGSS-en-alerta-amarilla-fiestas-patrias-4-300x200.jpg 300w, \/wp-content\/uploads\/sites\/5\/2018\/09\/Salvavidas-IGSS-en-alerta-amarilla-fiestas-patrias-4-768x512.jpg 768w, \/wp-content\/uploads\/sites\/5\/2018\/09\/Salvavidas-IGSS-en-alerta-amarilla-fiestas-patrias-4-1024x682.jpg 1024w, \/wp-content\/uploads\/sites\/5\/2018\/09\/Salvavidas-IGSS-en-alerta-amarilla-fiestas-patrias-4-696x464.jpg 696w, \/wp-content\/uploads\/sites\/5\/2018\/09\/Salvavidas-IGSS-en-alerta-amarilla-fiestas-patrias-4-1068x712.jpg 1068w, \/wp-content\/uploads\/sites\/5\/2018\/09\/Salvavidas-IGSS-en-alerta-amarilla-fiestas-patrias-4-534x356.jpg 534w, \/wp-content\/uploads\/sites\/5\/2018\/09\/Salvavidas-IGSS-en-alerta-amarilla-fiestas-patrias-4.jpg 1280w\" sizes=\"(max-width: 630px) 100vw, 630px\" alt=\"\">\r\n                            <\/a>\r\n                            \r\n                        <\/figure>\r\n                    <\/div>\r\n                    <div class = \"td-slide-item td-item8\">\r\n                        <figure class=\"td-slide-galery-figure td-slide-popup-gallery\">\r\n                            <a class=\"slide-gallery-image-link\" href=\"\/wp-content\/uploads\/sites\/5\/2018\/09\/Salvavidas-IGSS-en-alerta-amarilla-fiestas-patrias-8.jpg\" title=\"Salvavidas IGSS en alerta amarilla fiestas patrias-8\"  data-caption=\"\"  data-description=\"\">\r\n                                <img decoding=\"async\" src=\"\/wp-content\/uploads\/sites\/5\/2018\/09\/Salvavidas-IGSS-en-alerta-amarilla-fiestas-patrias-8-560x420.jpg\" srcset=\"\/wp-content\/uploads\/sites\/5\/2018\/09\/Salvavidas-IGSS-en-alerta-amarilla-fiestas-patrias-8-560x420.jpg 560w, \/wp-content\/uploads\/sites\/5\/2018\/09\/Salvavidas-IGSS-en-alerta-amarilla-fiestas-patrias-8-300x225.jpg 300w, \/wp-content\/uploads\/sites\/5\/2018\/09\/Salvavidas-IGSS-en-alerta-amarilla-fiestas-patrias-8-768x576.jpg 768w, \/wp-content\/uploads\/sites\/5\/2018\/09\/Salvavidas-IGSS-en-alerta-amarilla-fiestas-patrias-8-1024x768.jpg 1024w, \/wp-content\/uploads\/sites\/5\/2018\/09\/Salvavidas-IGSS-en-alerta-amarilla-fiestas-patrias-8-80x60.jpg 80w, \/wp-content\/uploads\/sites\/5\/2018\/09\/Salvavidas-IGSS-en-alerta-amarilla-fiestas-patrias-8-696x522.jpg 696w, \/wp-content\/uploads\/sites\/5\/2018\/09\/Salvavidas-IGSS-en-alerta-amarilla-fiestas-patrias-8-1068x801.jpg 1068w, \/wp-content\/uploads\/sites\/5\/2018\/09\/Salvavidas-IGSS-en-alerta-amarilla-fiestas-patrias-8-265x198.jpg 265w, \/wp-content\/uploads\/sites\/5\/2018\/09\/Salvavidas-IGSS-en-alerta-amarilla-fiestas-patrias-8-534x401.jpg 534w, \/wp-content\/uploads\/sites\/5\/2018\/09\/Salvavidas-IGSS-en-alerta-amarilla-fiestas-patrias-8.jpg 1280w\" sizes=\"(max-width: 560px) 100vw, 560px\" alt=\"\">\r\n                            <\/a>\r\n                            \r\n                        <\/figure>\r\n                    <\/div>\r\n                    <div class = \"td-slide-item td-item9\">\r\n                        <figure class=\"td-slide-galery-figure td-slide-popup-gallery\">\r\n                            <a class=\"slide-gallery-image-link\" href=\"\/wp-content\/uploads\/sites\/5\/2018\/09\/Salvavidas-IGSS-en-alerta-amarilla-fiestas-patrias-7.jpg\" title=\"Salvavidas IGSS en alerta amarilla fiestas patrias-7\"  data-caption=\"\"  data-description=\"\">\r\n                                <img decoding=\"async\" src=\"\/wp-content\/uploads\/sites\/5\/2018\/09\/Salvavidas-IGSS-en-alerta-amarilla-fiestas-patrias-7-630x420.jpg\" srcset=\"\/wp-content\/uploads\/sites\/5\/2018\/09\/Salvavidas-IGSS-en-alerta-amarilla-fiestas-patrias-7-630x420.jpg 630w, \/wp-content\/uploads\/sites\/5\/2018\/09\/Salvavidas-IGSS-en-alerta-amarilla-fiestas-patrias-7-300x200.jpg 300w, \/wp-content\/uploads\/sites\/5\/2018\/09\/Salvavidas-IGSS-en-alerta-amarilla-fiestas-patrias-7-768x512.jpg 768w, \/wp-content\/uploads\/sites\/5\/2018\/09\/Salvavidas-IGSS-en-alerta-amarilla-fiestas-patrias-7-1024x682.jpg 1024w, \/wp-content\/uploads\/sites\/5\/2018\/09\/Salvavidas-IGSS-en-alerta-amarilla-fiestas-patrias-7-696x464.jpg 696w, \/wp-content\/uploads\/sites\/5\/2018\/09\/Salvavidas-IGSS-en-alerta-amarilla-fiestas-patrias-7-1068x712.jpg 1068w, \/wp-content\/uploads\/sites\/5\/2018\/09\/Salvavidas-IGSS-en-alerta-amarilla-fiestas-patrias-7-534x356.jpg 534w, \/wp-content\/uploads\/sites\/5\/2018\/09\/Salvavidas-IGSS-en-alerta-amarilla-fiestas-patrias-7.jpg 1280w\" sizes=\"(max-width: 630px) 100vw, 630px\" alt=\"\">\r\n                            <\/a>\r\n                            \r\n                        <\/figure>\r\n                    <\/div>\r\n                    <div class = \"td-slide-item td-item10\">\r\n                        <figure class=\"td-slide-galery-figure td-slide-popup-gallery\">\r\n                            <a class=\"slide-gallery-image-link\" href=\"\/wp-content\/uploads\/sites\/5\/2018\/09\/Salvavidas-IGSS-en-alerta-amarilla-fiestas-patrias-9.jpg\" title=\"Salvavidas IGSS en alerta amarilla fiestas patrias-9\"  data-caption=\"\"  data-description=\"\">\r\n                                <img decoding=\"async\" src=\"\/wp-content\/uploads\/sites\/5\/2018\/09\/Salvavidas-IGSS-en-alerta-amarilla-fiestas-patrias-9-630x420.jpg\" srcset=\"\/wp-content\/uploads\/sites\/5\/2018\/09\/Salvavidas-IGSS-en-alerta-amarilla-fiestas-patrias-9-630x420.jpg 630w, \/wp-content\/uploads\/sites\/5\/2018\/09\/Salvavidas-IGSS-en-alerta-amarilla-fiestas-patrias-9-300x200.jpg 300w, \/wp-content\/uploads\/sites\/5\/2018\/09\/Salvavidas-IGSS-en-alerta-amarilla-fiestas-patrias-9-768x512.jpg 768w, \/wp-content\/uploads\/sites\/5\/2018\/09\/Salvavidas-IGSS-en-alerta-amarilla-fiestas-patrias-9-1024x682.jpg 1024w, \/wp-content\/uploads\/sites\/5\/2018\/09\/Salvavidas-IGSS-en-alerta-amarilla-fiestas-patrias-9-696x464.jpg 696w, \/wp-content\/uploads\/sites\/5\/2018\/09\/Salvavidas-IGSS-en-alerta-amarilla-fiestas-patrias-9-1068x712.jpg 1068w, \/wp-content\/uploads\/sites\/5\/2018\/09\/Salvavidas-IGSS-en-alerta-amarilla-fiestas-patrias-9-534x356.jpg 534w, \/wp-content\/uploads\/sites\/5\/2018\/09\/Salvavidas-IGSS-en-alerta-amarilla-fiestas-patrias-9.jpg 1280w\" sizes=\"(max-width: 630px) 100vw, 630px\" alt=\"\">\r\n                            <\/a>\r\n                            \r\n                        <\/figure>\r\n                    <\/div>\r\n                    <div class = \"td-slide-item td-item11\">\r\n                        <figure class=\"td-slide-galery-figure td-slide-popup-gallery\">\r\n                            <a class=\"slide-gallery-image-link\" href=\"\/wp-content\/uploads\/sites\/5\/2018\/09\/Salvavidas-IGSS-en-alerta-amarilla-fiestas-patrias-13.jpg\" title=\"Salvavidas IGSS en alerta amarilla fiestas patrias-13\"  data-caption=\"\"  data-description=\"\">\r\n                                <img decoding=\"async\" src=\"\/wp-content\/uploads\/sites\/5\/2018\/09\/Salvavidas-IGSS-en-alerta-amarilla-fiestas-patrias-13-630x420.jpg\" srcset=\"\/wp-content\/uploads\/sites\/5\/2018\/09\/Salvavidas-IGSS-en-alerta-amarilla-fiestas-patrias-13-630x420.jpg 630w, \/wp-content\/uploads\/sites\/5\/2018\/09\/Salvavidas-IGSS-en-alerta-amarilla-fiestas-patrias-13-300x200.jpg 300w, \/wp-content\/uploads\/sites\/5\/2018\/09\/Salvavidas-IGSS-en-alerta-amarilla-fiestas-patrias-13-768x512.jpg 768w, \/wp-content\/uploads\/sites\/5\/2018\/09\/Salvavidas-IGSS-en-alerta-amarilla-fiestas-patrias-13-1024x682.jpg 1024w, \/wp-content\/uploads\/sites\/5\/2018\/09\/Salvavidas-IGSS-en-alerta-amarilla-fiestas-patrias-13-696x464.jpg 696w, \/wp-content\/uploads\/sites\/5\/2018\/09\/Salvavidas-IGSS-en-alerta-amarilla-fiestas-patrias-13-1068x712.jpg 1068w, \/wp-content\/uploads\/sites\/5\/2018\/09\/Salvavidas-IGSS-en-alerta-amarilla-fiestas-patrias-13-534x356.jpg 534w, \/wp-content\/uploads\/sites\/5\/2018\/09\/Salvavidas-IGSS-en-alerta-amarilla-fiestas-patrias-13.jpg 1280w\" sizes=\"(max-width: 630px) 100vw, 630px\" alt=\"\">\r\n                            <\/a>\r\n                            \r\n                        <\/figure>\r\n                    <\/div>\r\n                    <div class = \"td-slide-item td-item12\">\r\n                        <figure class=\"td-slide-galery-figure td-slide-popup-gallery\">\r\n                            <a class=\"slide-gallery-image-link\" href=\"\/wp-content\/uploads\/sites\/5\/2018\/09\/Salvavidas-IGSS-en-alerta-amarilla-fiestas-patrias-11.jpg\" title=\"Salvavidas IGSS en alerta amarilla fiestas patrias-11\"  data-caption=\"\"  data-description=\"\">\r\n                                <img decoding=\"async\" src=\"\/wp-content\/uploads\/sites\/5\/2018\/09\/Salvavidas-IGSS-en-alerta-amarilla-fiestas-patrias-11-630x420.jpg\" srcset=\"\/wp-content\/uploads\/sites\/5\/2018\/09\/Salvavidas-IGSS-en-alerta-amarilla-fiestas-patrias-11-630x420.jpg 630w, \/wp-content\/uploads\/sites\/5\/2018\/09\/Salvavidas-IGSS-en-alerta-amarilla-fiestas-patrias-11-300x200.jpg 300w, \/wp-content\/uploads\/sites\/5\/2018\/09\/Salvavidas-IGSS-en-alerta-amarilla-fiestas-patrias-11-768x512.jpg 768w, \/wp-content\/uploads\/sites\/5\/2018\/09\/Salvavidas-IGSS-en-alerta-amarilla-fiestas-patrias-11-1024x682.jpg 1024w, \/wp-content\/uploads\/sites\/5\/2018\/09\/Salvavidas-IGSS-en-alerta-amarilla-fiestas-patrias-11-696x464.jpg 696w, \/wp-content\/uploads\/sites\/5\/2018\/09\/Salvavidas-IGSS-en-alerta-amarilla-fiestas-patrias-11-1068x712.jpg 1068w, \/wp-content\/uploads\/sites\/5\/2018\/09\/Salvavidas-IGSS-en-alerta-amarilla-fiestas-patrias-11-534x356.jpg 534w, \/wp-content\/uploads\/sites\/5\/2018\/09\/Salvavidas-IGSS-en-alerta-amarilla-fiestas-patrias-11.jpg 1280w\" sizes=\"(max-width: 630px) 100vw, 630px\" alt=\"\">\r\n                            <\/a>\r\n                            \r\n                        <\/figure>\r\n                    <\/div>\r\n                    <div class = \"td-slide-item td-item13\">\r\n                        <figure class=\"td-slide-galery-figure td-slide-popup-gallery\">\r\n                            <a class=\"slide-gallery-image-link\" href=\"\/wp-content\/uploads\/sites\/5\/2018\/09\/Salvavidas-IGSS-en-alerta-amarilla-fiestas-patrias-12.jpg\" title=\"Salvavidas IGSS en alerta amarilla fiestas patrias-12\"  data-caption=\"\"  data-description=\"\">\r\n                                <img decoding=\"async\" src=\"\/wp-content\/uploads\/sites\/5\/2018\/09\/Salvavidas-IGSS-en-alerta-amarilla-fiestas-patrias-12-630x420.jpg\" srcset=\"\/wp-content\/uploads\/sites\/5\/2018\/09\/Salvavidas-IGSS-en-alerta-amarilla-fiestas-patrias-12-630x420.jpg 630w, \/wp-content\/uploads\/sites\/5\/2018\/09\/Salvavidas-IGSS-en-alerta-amarilla-fiestas-patrias-12-300x200.jpg 300w, \/wp-content\/uploads\/sites\/5\/2018\/09\/Salvavidas-IGSS-en-alerta-amarilla-fiestas-patrias-12-768x512.jpg 768w, \/wp-content\/uploads\/sites\/5\/2018\/09\/Salvavidas-IGSS-en-alerta-amarilla-fiestas-patrias-12-1024x682.jpg 1024w, \/wp-content\/uploads\/sites\/5\/2018\/09\/Salvavidas-IGSS-en-alerta-amarilla-fiestas-patrias-12-696x464.jpg 696w, \/wp-content\/uploads\/sites\/5\/2018\/09\/Salvavidas-IGSS-en-alerta-amarilla-fiestas-patrias-12-1068x712.jpg 1068w, \/wp-content\/uploads\/sites\/5\/2018\/09\/Salvavidas-IGSS-en-alerta-amarilla-fiestas-patrias-12-534x356.jpg 534w, \/wp-content\/uploads\/sites\/5\/2018\/09\/Salvavidas-IGSS-en-alerta-amarilla-fiestas-patrias-12.jpg 1280w\" sizes=\"(max-width: 630px) 100vw, 630px\" alt=\"\">\r\n                            <\/a>\r\n                            \r\n                        <\/figure>\r\n                    <\/div>\r\n                            <\/div>\r\n                        <\/div>\r\n\r\n                        <div class = \"td-doubleSlider-2\">\r\n                            <div class = \"td-slider\">\r\n                                \r\n                    <div class = \"td-button td-item1\">\r\n                        <div class = \"td-border\"><\/div>\r\n                    <\/div>\r\n                    <div class = \"td-button td-item2\">\r\n                        <div class = \"td-border\"><\/div>\r\n                    <\/div>\r\n                    <div class = \"td-button td-item3\">\r\n                        <div class = \"td-border\"><\/div>\r\n                    <\/div>\r\n                    <div class = \"td-button td-item4\">\r\n                        <div class = \"td-border\"><\/div>\r\n                    <\/div>\r\n                    <div class = \"td-button td-item5\">\r\n                        <div class = \"td-border\"><\/div>\r\n                    <\/div>\r\n                    <div class = \"td-button td-item6\">\r\n                        <div class = \"td-border\"><\/div>\r\n                    <\/div>\r\n                    <div class = \"td-button td-item7\">\r\n                        <div class = \"td-border\"><\/div>\r\n                    <\/div>\r\n                    <div class = \"td-button td-item8\">\r\n                        <div class = \"td-border\"><\/div>\r\n                    <\/div>\r\n                    <div class = \"td-button td-item9\">\r\n                        <div class = \"td-border\"><\/div>\r\n                    <\/div>\r\n                    <div class = \"td-button td-item10\">\r\n                        <div class = \"td-border\"><\/div>\r\n                    <\/div>\r\n                    <div class = \"td-button td-item11\">\r\n                        <div class = \"td-border\"><\/div>\r\n                    <\/div>\r\n                    <div class = \"td-button td-item12\">\r\n                        <div class = \"td-border\"><\/div>\r\n                    <\/div>\r\n                    <div class = \"td-button td-item13\">\r\n                        <div class = \"td-border\"><\/div>\r\n                    <\/div>\r\n                            <\/div>\r\n                        <\/div>\r\n\r\n                    <\/div>\r\n\r\n                <\/div>\r\n                \n<hr \/>\n<p>&nbsp;<\/p>\n","protected":false},"excerpt":{"rendered":"<p>Se estima que la cantidad de visitantes de las playas del Puerto San Jos\u00e9 supere las 150 mil personas, y no descartamos que el s\u00e1bado y domingo esta cifra se incremente, dijo David L\u00f3pez, jefe de salvavidas de este puerto. Ante la informaci\u00f3n brindada por el Insivumeh sobre el alto oleaje en las playas del [&hellip;]<\/p>\n","protected":false},"author":4,"featured_media":6681,"comment_status":"open","ping_status":"open","sticky":false,"template":"","format":"standard","meta":{"footnotes":""},"categories":[3,15,16,27,29,32],"tags":[439,727,770],"coauthors":[],"class_list":{"0":"post-6680","1":"post","2":"type-post","3":"status-publish","4":"format-standard","5":"has-post-thumbnail","7":"category-actualidad","8":"category-destacado","9":"category-featured","10":"category-prevencion-en-salud","11":"category-publicaciones","12":"category-salvavidas","13":"tag-fiestas-patrias-guatemala","14":"tag-prevencion-igss","15":"tag-salvavidas-igss"},"_links":{"self":[{"href":"https:\/\/www.igssgt.org\/noticias\/wp-json\/wp\/v2\/posts\/6680","targetHints":{"allow":["GET"]}}],"collection":[{"href":"https:\/\/www.igssgt.org\/noticias\/wp-json\/wp\/v2\/posts"}],"about":[{"href":"https:\/\/www.igssgt.org\/noticias\/wp-json\/wp\/v2\/types\/post"}],"author":[{"embeddable":true,"href":"https:\/\/www.igssgt.org\/noticias\/wp-json\/wp\/v2\/users\/4"}],"replies":[{"embeddable":true,"href":"https:\/\/www.igssgt.org\/noticias\/wp-json\/wp\/v2\/comments?post=6680"}],"version-history":[{"count":0,"href":"https:\/\/www.igssgt.org\/noticias\/wp-json\/wp\/v2\/posts\/6680\/revisions"}],"wp:featuredmedia":[{"embeddable":true,"href":"https:\/\/www.igssgt.org\/noticias\/wp-json\/wp\/v2\/media\/6681"}],"wp:attachment":[{"href":"https:\/\/www.igssgt.org\/noticias\/wp-json\/wp\/v2\/media?parent=6680"}],"wp:term":[{"taxonomy":"category","embeddable":true,"href":"https:\/\/www.igssgt.org\/noticias\/wp-json\/wp\/v2\/categories?post=6680"},{"taxonomy":"post_tag","embeddable":true,"href":"https:\/\/www.igssgt.org\/noticias\/wp-json\/wp\/v2\/tags?post=6680"},{"taxonomy":"author","embeddable":true,"href":"https:\/\/www.igssgt.org\/noticias\/wp-json\/wp\/v2\/coauthors?post=6680"}],"curies":[{"name":"wp","href":"https:\/\/api.w.org\/{rel}","templated":true}]}}