{"id":6710,"date":"2018-09-18T14:00:32","date_gmt":"2018-09-18T20:00:32","guid":{"rendered":"http:\/\/noticias.igssgt.org\/?p=6710"},"modified":"2018-09-18T14:00:32","modified_gmt":"2018-09-18T20:00:32","slug":"reinauguran-el-area-de-pediatria-del-hospital-general-de-enfermedades","status":"publish","type":"post","link":"https:\/\/www.igssgt.org\/noticias\/2018\/09\/18\/reinauguran-el-area-de-pediatria-del-hospital-general-de-enfermedades\/","title":{"rendered":"Reinauguran el \u00e1rea de pediatr\u00eda del Hospital General de Enfermedades"},"content":{"rendered":"<p><a href=\"\/noticias\/wp-content\/uploads\/sites\/5\/2018\/09\/Reinauguran-area-de-pediatria-del-Hospital-General-de-Enfermedades-IGSS-zona-9-2018-2.jpg\"><img loading=\"lazy\" decoding=\"async\" class=\"alignnone size-full wp-image-6715\" src=\"\/noticias\/wp-content\/uploads\/sites\/5\/2018\/09\/Reinauguran-area-de-pediatria-del-Hospital-General-de-Enfermedades-IGSS-zona-9-2018-2.jpg\" alt=\"\" width=\"2000\" height=\"1333\" srcset=\"\/wp-content\/uploads\/sites\/5\/2018\/09\/Reinauguran-area-de-pediatria-del-Hospital-General-de-Enfermedades-IGSS-zona-9-2018-2.jpg 2000w, \/wp-content\/uploads\/sites\/5\/2018\/09\/Reinauguran-area-de-pediatria-del-Hospital-General-de-Enfermedades-IGSS-zona-9-2018-2-1536x1024.jpg 1536w, \/wp-content\/uploads\/sites\/5\/2018\/09\/Reinauguran-area-de-pediatria-del-Hospital-General-de-Enfermedades-IGSS-zona-9-2018-2-300x200.jpg 300w, \/wp-content\/uploads\/sites\/5\/2018\/09\/Reinauguran-area-de-pediatria-del-Hospital-General-de-Enfermedades-IGSS-zona-9-2018-2-768x512.jpg 768w, \/wp-content\/uploads\/sites\/5\/2018\/09\/Reinauguran-area-de-pediatria-del-Hospital-General-de-Enfermedades-IGSS-zona-9-2018-2-1024x682.jpg 1024w, \/wp-content\/uploads\/sites\/5\/2018\/09\/Reinauguran-area-de-pediatria-del-Hospital-General-de-Enfermedades-IGSS-zona-9-2018-2-630x420.jpg 630w, \/wp-content\/uploads\/sites\/5\/2018\/09\/Reinauguran-area-de-pediatria-del-Hospital-General-de-Enfermedades-IGSS-zona-9-2018-2-696x464.jpg 696w, \/wp-content\/uploads\/sites\/5\/2018\/09\/Reinauguran-area-de-pediatria-del-Hospital-General-de-Enfermedades-IGSS-zona-9-2018-2-1068x712.jpg 1068w, \/wp-content\/uploads\/sites\/5\/2018\/09\/Reinauguran-area-de-pediatria-del-Hospital-General-de-Enfermedades-IGSS-zona-9-2018-2-534x356.jpg 534w, \/wp-content\/uploads\/sites\/5\/2018\/09\/Reinauguran-area-de-pediatria-del-Hospital-General-de-Enfermedades-IGSS-zona-9-2018-2-1920x1280.jpg 1920w\" sizes=\"auto, (max-width: 2000px) 100vw, 2000px\" \/><\/a><\/p>\n<p>Servir con calidad en instalaciones acogedoras y en mejores condiciones es parte de la pol\u00edtica de las autoridades del Seguro Social, raz\u00f3n por la que hoy fue reinaugurada el \u00e1rea de Pediatr\u00eda General para Ni\u00f1os Mayores de un a\u00f1o del Hospital General de Enfermedades ubicado en la zona 9.<\/p>\n<p>El espacio cuenta con 25 camas distribuidas de la siguiente manera: 12 en el \u00e1rea de enfermedades pedi\u00e1tricas, cinco en \u00e1rea de nefrolog\u00eda, seis en hematolog\u00eda y dos en aislamiento, precis\u00f3 la doctora Ana Marilyn Ortiz, directora m\u00e9dica de esta unidad. Los trabajos incluyeron el remozamiento de paredes, cambio de puertas, ventanas, pisos, cableado el\u00e9ctrico, luces, pintura de techos y paredes, losa sanitaria y reinstalaci\u00f3n de suministro de ox\u00edgeno.<\/p>\n<p>Se cuenta tambi\u00e9n con la sala de shock, hematolog\u00eda pedi\u00e1trica, encamamiento general y oncolog\u00eda pedi\u00e1trica. Estas mejoras benefician a todos los ni\u00f1os que a diario asisten a los diferentes servicios que se prestan en este centro asistencial, indic\u00f3 la doctora Silvana Oliva, hemat\u00f3loga pedi\u00e1trica.<\/p>\n<p>\u201cEl mes de fiestas patrias nos insta a seguir trabajando con transparencia y ser mejores cada d\u00eda en la administraci\u00f3n del r\u00e9gimen de la Seguridad Social para continuar ampliando los servicios en beneficio de nuestros afiliados y derechohabientes\u201d, dijo el doctor Vidal Herrera, gerente del Instituto.<\/p>\n\r\n                <style type=\"text\/css\">\r\n                    \r\n                    #tdi_1  .td-doubleSlider-2 .td-item1 {\r\n                        background: url(\/wp-content\/uploads\/sites\/5\/2018\/09\/Reinauguran-area-de-pediatria-del-Hospital-General-de-Enfermedades-IGSS-zona-9-2018-2-80x60.jpg) 0 0 no-repeat;\r\n                    }\r\n                    #tdi_1  .td-doubleSlider-2 .td-item2 {\r\n                        background: url(\/wp-content\/uploads\/sites\/5\/2018\/09\/Reinauguran-area-de-pediatria-del-Hospital-General-de-Enfermedades-IGSS-zona-9-2018-1-80x60.jpg) 0 0 no-repeat;\r\n                    }\r\n                    #tdi_1  .td-doubleSlider-2 .td-item3 {\r\n                        background: url(\/wp-content\/uploads\/sites\/5\/2018\/09\/Reinauguran-area-de-pediatria-del-Hospital-General-de-Enfermedades-IGSS-zona-9-2018-5-80x60.jpg) 0 0 no-repeat;\r\n                    }\r\n                    #tdi_1  .td-doubleSlider-2 .td-item4 {\r\n                        background: url(\/wp-content\/uploads\/sites\/5\/2018\/09\/Reinauguran-area-de-pediatria-del-Hospital-General-de-Enfermedades-IGSS-zona-9-2018-6-80x60.jpg) 0 0 no-repeat;\r\n                    }\r\n                    #tdi_1  .td-doubleSlider-2 .td-item5 {\r\n                        background: url(\/wp-content\/uploads\/sites\/5\/2018\/09\/Reinauguran-area-de-pediatria-del-Hospital-General-de-Enfermedades-IGSS-zona-9-2018-7-80x60.jpg) 0 0 no-repeat;\r\n                    }\r\n                    #tdi_1  .td-doubleSlider-2 .td-item6 {\r\n                        background: url(\/wp-content\/uploads\/sites\/5\/2018\/09\/Reinauguran-area-de-pediatria-del-Hospital-General-de-Enfermedades-IGSS-zona-9-2018-8-80x60.jpg) 0 0 no-repeat;\r\n                    }\r\n                    #tdi_1  .td-doubleSlider-2 .td-item7 {\r\n                        background: url(\/wp-content\/uploads\/sites\/5\/2018\/09\/Reinauguran-area-de-pediatria-del-Hospital-General-de-Enfermedades-IGSS-zona-9-2018-9-80x60.jpg) 0 0 no-repeat;\r\n                    }\r\n                    #tdi_1  .td-doubleSlider-2 .td-item8 {\r\n                        background: url(\/wp-content\/uploads\/sites\/5\/2018\/09\/Reinauguran-area-de-pediatria-del-Hospital-General-de-Enfermedades-IGSS-zona-9-2018-10-80x60.jpg) 0 0 no-repeat;\r\n                    }\r\n                    #tdi_1  .td-doubleSlider-2 .td-item9 {\r\n                        background: url(\/wp-content\/uploads\/sites\/5\/2018\/09\/Reinauguran-area-de-pediatria-del-Hospital-General-de-Enfermedades-IGSS-zona-9-2018-12-80x60.jpg) 0 0 no-repeat;\r\n                    }\r\n                    #tdi_1  .td-doubleSlider-2 .td-item10 {\r\n                        background: url(\/wp-content\/uploads\/sites\/5\/2018\/09\/Reinauguran-area-de-pediatria-del-Hospital-General-de-Enfermedades-IGSS-zona-9-2018-16-80x60.jpg) 0 0 no-repeat;\r\n                    }\r\n                    #tdi_1  .td-doubleSlider-2 .td-item11 {\r\n                        background: url(\/wp-content\/uploads\/sites\/5\/2018\/09\/Reinauguran-area-de-pediatria-del-Hospital-General-de-Enfermedades-IGSS-zona-9-2018-17-80x60.jpg) 0 0 no-repeat;\r\n                    }\r\n                    #tdi_1  .td-doubleSlider-2 .td-item12 {\r\n                        background: url(\/wp-content\/uploads\/sites\/5\/2018\/09\/Reinauguran-area-de-pediatria-del-Hospital-General-de-Enfermedades-IGSS-zona-9-2018-18-80x60.jpg) 0 0 no-repeat;\r\n                    }\r\n                    #tdi_1  .td-doubleSlider-2 .td-item13 {\r\n                        background: url(\/wp-content\/uploads\/sites\/5\/2018\/09\/Reinauguran-area-de-pediatria-del-Hospital-General-de-Enfermedades-IGSS-zona-9-2018-19-80x60.jpg) 0 0 no-repeat;\r\n                    }\r\n                <\/style>\r\n\r\n                <div id=\"tdi_1\" class=\"td-gallery td-slide-on-2-columns\">\r\n                    <div class=\"post_td_gallery\">\r\n                        <div class=\"td-gallery-slide-top\">\r\n                           <div class=\"td-gallery-title\">Galer\u00eda de Im\u00e1genes<\/div>\r\n\r\n                            <div class=\"td-gallery-controls-wrapper\">\r\n                                <div class=\"td-gallery-slide-count\"><span class=\"td-gallery-slide-item-focus\">1<\/span> de 13<\/div>\r\n                                <div class=\"td-gallery-slide-prev-next-but\">\r\n                                    <i class = \"td-icon-left doubleSliderPrevButton\"><\/i>\r\n                                    <i class = \"td-icon-right doubleSliderNextButton\"><\/i>\r\n                                <\/div>\r\n                            <\/div>\r\n                        <\/div>\r\n\r\n                        <div class = \"td-doubleSlider-1 \">\r\n                            <div class = \"td-slider\">\r\n                                \r\n                    <div class = \"td-slide-item td-item1\">\r\n                        <figure class=\"td-slide-galery-figure td-slide-popup-gallery\">\r\n                            <a class=\"slide-gallery-image-link\" href=\"\/wp-content\/uploads\/sites\/5\/2018\/09\/Reinauguran-area-de-pediatria-del-Hospital-General-de-Enfermedades-IGSS-zona-9-2018-2.jpg\" title=\"Reinauguran area de pediatria del Hospital General de Enfermedades IGSS zona 9 2018-2\"  data-caption=\"\"  data-description=\"\">\r\n                                <img decoding=\"async\" src=\"\/wp-content\/uploads\/sites\/5\/2018\/09\/Reinauguran-area-de-pediatria-del-Hospital-General-de-Enfermedades-IGSS-zona-9-2018-2-630x420.jpg\" srcset=\"\/wp-content\/uploads\/sites\/5\/2018\/09\/Reinauguran-area-de-pediatria-del-Hospital-General-de-Enfermedades-IGSS-zona-9-2018-2-630x420.jpg 630w, \/wp-content\/uploads\/sites\/5\/2018\/09\/Reinauguran-area-de-pediatria-del-Hospital-General-de-Enfermedades-IGSS-zona-9-2018-2-1536x1024.jpg 1536w, \/wp-content\/uploads\/sites\/5\/2018\/09\/Reinauguran-area-de-pediatria-del-Hospital-General-de-Enfermedades-IGSS-zona-9-2018-2-300x200.jpg 300w, \/wp-content\/uploads\/sites\/5\/2018\/09\/Reinauguran-area-de-pediatria-del-Hospital-General-de-Enfermedades-IGSS-zona-9-2018-2-768x512.jpg 768w, \/wp-content\/uploads\/sites\/5\/2018\/09\/Reinauguran-area-de-pediatria-del-Hospital-General-de-Enfermedades-IGSS-zona-9-2018-2-1024x682.jpg 1024w, \/wp-content\/uploads\/sites\/5\/2018\/09\/Reinauguran-area-de-pediatria-del-Hospital-General-de-Enfermedades-IGSS-zona-9-2018-2-696x464.jpg 696w, \/wp-content\/uploads\/sites\/5\/2018\/09\/Reinauguran-area-de-pediatria-del-Hospital-General-de-Enfermedades-IGSS-zona-9-2018-2-1068x712.jpg 1068w, \/wp-content\/uploads\/sites\/5\/2018\/09\/Reinauguran-area-de-pediatria-del-Hospital-General-de-Enfermedades-IGSS-zona-9-2018-2-534x356.jpg 534w, \/wp-content\/uploads\/sites\/5\/2018\/09\/Reinauguran-area-de-pediatria-del-Hospital-General-de-Enfermedades-IGSS-zona-9-2018-2-1920x1280.jpg 1920w, \/wp-content\/uploads\/sites\/5\/2018\/09\/Reinauguran-area-de-pediatria-del-Hospital-General-de-Enfermedades-IGSS-zona-9-2018-2.jpg 2000w\" sizes=\"(max-width: 630px) 100vw, 630px\" alt=\"\">\r\n                            <\/a>\r\n                            \r\n                        <\/figure>\r\n                    <\/div>\r\n                    <div class = \"td-slide-item td-item2\">\r\n                        <figure class=\"td-slide-galery-figure td-slide-popup-gallery\">\r\n                            <a class=\"slide-gallery-image-link\" href=\"\/wp-content\/uploads\/sites\/5\/2018\/09\/Reinauguran-area-de-pediatria-del-Hospital-General-de-Enfermedades-IGSS-zona-9-2018-1.jpg\" title=\"Reinauguran area de pediatria del Hospital General de Enfermedades IGSS zona 9 2018-1\"  data-caption=\"\"  data-description=\"\">\r\n                                <img decoding=\"async\" src=\"\/wp-content\/uploads\/sites\/5\/2018\/09\/Reinauguran-area-de-pediatria-del-Hospital-General-de-Enfermedades-IGSS-zona-9-2018-1-630x420.jpg\" srcset=\"\/wp-content\/uploads\/sites\/5\/2018\/09\/Reinauguran-area-de-pediatria-del-Hospital-General-de-Enfermedades-IGSS-zona-9-2018-1-630x420.jpg 630w, \/wp-content\/uploads\/sites\/5\/2018\/09\/Reinauguran-area-de-pediatria-del-Hospital-General-de-Enfermedades-IGSS-zona-9-2018-1-1536x1024.jpg 1536w, \/wp-content\/uploads\/sites\/5\/2018\/09\/Reinauguran-area-de-pediatria-del-Hospital-General-de-Enfermedades-IGSS-zona-9-2018-1-300x200.jpg 300w, \/wp-content\/uploads\/sites\/5\/2018\/09\/Reinauguran-area-de-pediatria-del-Hospital-General-de-Enfermedades-IGSS-zona-9-2018-1-768x512.jpg 768w, \/wp-content\/uploads\/sites\/5\/2018\/09\/Reinauguran-area-de-pediatria-del-Hospital-General-de-Enfermedades-IGSS-zona-9-2018-1-1024x682.jpg 1024w, \/wp-content\/uploads\/sites\/5\/2018\/09\/Reinauguran-area-de-pediatria-del-Hospital-General-de-Enfermedades-IGSS-zona-9-2018-1-696x464.jpg 696w, \/wp-content\/uploads\/sites\/5\/2018\/09\/Reinauguran-area-de-pediatria-del-Hospital-General-de-Enfermedades-IGSS-zona-9-2018-1-1068x712.jpg 1068w, \/wp-content\/uploads\/sites\/5\/2018\/09\/Reinauguran-area-de-pediatria-del-Hospital-General-de-Enfermedades-IGSS-zona-9-2018-1-534x356.jpg 534w, \/wp-content\/uploads\/sites\/5\/2018\/09\/Reinauguran-area-de-pediatria-del-Hospital-General-de-Enfermedades-IGSS-zona-9-2018-1-1920x1280.jpg 1920w, \/wp-content\/uploads\/sites\/5\/2018\/09\/Reinauguran-area-de-pediatria-del-Hospital-General-de-Enfermedades-IGSS-zona-9-2018-1.jpg 2000w\" sizes=\"(max-width: 630px) 100vw, 630px\" alt=\"\">\r\n                            <\/a>\r\n                            \r\n                        <\/figure>\r\n                    <\/div>\r\n                    <div class = \"td-slide-item td-item3\">\r\n                        <figure class=\"td-slide-galery-figure td-slide-popup-gallery\">\r\n                            <a class=\"slide-gallery-image-link\" href=\"\/wp-content\/uploads\/sites\/5\/2018\/09\/Reinauguran-area-de-pediatria-del-Hospital-General-de-Enfermedades-IGSS-zona-9-2018-5.jpg\" title=\"Reinauguran area de pediatria del Hospital General de Enfermedades IGSS zona 9 2018-5\"  data-caption=\"\"  data-description=\"\">\r\n                                <img decoding=\"async\" src=\"\/wp-content\/uploads\/sites\/5\/2018\/09\/Reinauguran-area-de-pediatria-del-Hospital-General-de-Enfermedades-IGSS-zona-9-2018-5-630x420.jpg\" srcset=\"\/wp-content\/uploads\/sites\/5\/2018\/09\/Reinauguran-area-de-pediatria-del-Hospital-General-de-Enfermedades-IGSS-zona-9-2018-5-630x420.jpg 630w, \/wp-content\/uploads\/sites\/5\/2018\/09\/Reinauguran-area-de-pediatria-del-Hospital-General-de-Enfermedades-IGSS-zona-9-2018-5-1536x1024.jpg 1536w, \/wp-content\/uploads\/sites\/5\/2018\/09\/Reinauguran-area-de-pediatria-del-Hospital-General-de-Enfermedades-IGSS-zona-9-2018-5-300x200.jpg 300w, \/wp-content\/uploads\/sites\/5\/2018\/09\/Reinauguran-area-de-pediatria-del-Hospital-General-de-Enfermedades-IGSS-zona-9-2018-5-768x512.jpg 768w, \/wp-content\/uploads\/sites\/5\/2018\/09\/Reinauguran-area-de-pediatria-del-Hospital-General-de-Enfermedades-IGSS-zona-9-2018-5-1024x682.jpg 1024w, \/wp-content\/uploads\/sites\/5\/2018\/09\/Reinauguran-area-de-pediatria-del-Hospital-General-de-Enfermedades-IGSS-zona-9-2018-5-696x464.jpg 696w, \/wp-content\/uploads\/sites\/5\/2018\/09\/Reinauguran-area-de-pediatria-del-Hospital-General-de-Enfermedades-IGSS-zona-9-2018-5-1068x712.jpg 1068w, \/wp-content\/uploads\/sites\/5\/2018\/09\/Reinauguran-area-de-pediatria-del-Hospital-General-de-Enfermedades-IGSS-zona-9-2018-5-534x356.jpg 534w, \/wp-content\/uploads\/sites\/5\/2018\/09\/Reinauguran-area-de-pediatria-del-Hospital-General-de-Enfermedades-IGSS-zona-9-2018-5-1920x1280.jpg 1920w, \/wp-content\/uploads\/sites\/5\/2018\/09\/Reinauguran-area-de-pediatria-del-Hospital-General-de-Enfermedades-IGSS-zona-9-2018-5.jpg 2000w\" sizes=\"(max-width: 630px) 100vw, 630px\" alt=\"\">\r\n                            <\/a>\r\n                            \r\n                        <\/figure>\r\n                    <\/div>\r\n                    <div class = \"td-slide-item td-item4\">\r\n                        <figure class=\"td-slide-galery-figure td-slide-popup-gallery\">\r\n                            <a class=\"slide-gallery-image-link\" href=\"\/wp-content\/uploads\/sites\/5\/2018\/09\/Reinauguran-area-de-pediatria-del-Hospital-General-de-Enfermedades-IGSS-zona-9-2018-6.jpg\" title=\"Reinauguran area de pediatria del Hospital General de Enfermedades IGSS zona 9 2018-6\"  data-caption=\"\"  data-description=\"\">\r\n                                <img decoding=\"async\" src=\"\/wp-content\/uploads\/sites\/5\/2018\/09\/Reinauguran-area-de-pediatria-del-Hospital-General-de-Enfermedades-IGSS-zona-9-2018-6-630x420.jpg\" srcset=\"\/wp-content\/uploads\/sites\/5\/2018\/09\/Reinauguran-area-de-pediatria-del-Hospital-General-de-Enfermedades-IGSS-zona-9-2018-6-630x420.jpg 630w, \/wp-content\/uploads\/sites\/5\/2018\/09\/Reinauguran-area-de-pediatria-del-Hospital-General-de-Enfermedades-IGSS-zona-9-2018-6-1536x1024.jpg 1536w, \/wp-content\/uploads\/sites\/5\/2018\/09\/Reinauguran-area-de-pediatria-del-Hospital-General-de-Enfermedades-IGSS-zona-9-2018-6-300x200.jpg 300w, \/wp-content\/uploads\/sites\/5\/2018\/09\/Reinauguran-area-de-pediatria-del-Hospital-General-de-Enfermedades-IGSS-zona-9-2018-6-768x512.jpg 768w, \/wp-content\/uploads\/sites\/5\/2018\/09\/Reinauguran-area-de-pediatria-del-Hospital-General-de-Enfermedades-IGSS-zona-9-2018-6-1024x682.jpg 1024w, \/wp-content\/uploads\/sites\/5\/2018\/09\/Reinauguran-area-de-pediatria-del-Hospital-General-de-Enfermedades-IGSS-zona-9-2018-6-696x464.jpg 696w, \/wp-content\/uploads\/sites\/5\/2018\/09\/Reinauguran-area-de-pediatria-del-Hospital-General-de-Enfermedades-IGSS-zona-9-2018-6-1068x712.jpg 1068w, \/wp-content\/uploads\/sites\/5\/2018\/09\/Reinauguran-area-de-pediatria-del-Hospital-General-de-Enfermedades-IGSS-zona-9-2018-6-534x356.jpg 534w, \/wp-content\/uploads\/sites\/5\/2018\/09\/Reinauguran-area-de-pediatria-del-Hospital-General-de-Enfermedades-IGSS-zona-9-2018-6-1920x1280.jpg 1920w, \/wp-content\/uploads\/sites\/5\/2018\/09\/Reinauguran-area-de-pediatria-del-Hospital-General-de-Enfermedades-IGSS-zona-9-2018-6.jpg 2000w\" sizes=\"(max-width: 630px) 100vw, 630px\" alt=\"\">\r\n                            <\/a>\r\n                            \r\n                        <\/figure>\r\n                    <\/div>\r\n                    <div class = \"td-slide-item td-item5\">\r\n                        <figure class=\"td-slide-galery-figure td-slide-popup-gallery\">\r\n                            <a class=\"slide-gallery-image-link\" href=\"\/wp-content\/uploads\/sites\/5\/2018\/09\/Reinauguran-area-de-pediatria-del-Hospital-General-de-Enfermedades-IGSS-zona-9-2018-7.jpg\" title=\"Reinauguran area de pediatria del Hospital General de Enfermedades IGSS zona 9 2018-7\"  data-caption=\"\"  data-description=\"\">\r\n                                <img decoding=\"async\" src=\"\/wp-content\/uploads\/sites\/5\/2018\/09\/Reinauguran-area-de-pediatria-del-Hospital-General-de-Enfermedades-IGSS-zona-9-2018-7-630x420.jpg\" srcset=\"\/wp-content\/uploads\/sites\/5\/2018\/09\/Reinauguran-area-de-pediatria-del-Hospital-General-de-Enfermedades-IGSS-zona-9-2018-7-630x420.jpg 630w, \/wp-content\/uploads\/sites\/5\/2018\/09\/Reinauguran-area-de-pediatria-del-Hospital-General-de-Enfermedades-IGSS-zona-9-2018-7-1536x1024.jpg 1536w, \/wp-content\/uploads\/sites\/5\/2018\/09\/Reinauguran-area-de-pediatria-del-Hospital-General-de-Enfermedades-IGSS-zona-9-2018-7-300x200.jpg 300w, \/wp-content\/uploads\/sites\/5\/2018\/09\/Reinauguran-area-de-pediatria-del-Hospital-General-de-Enfermedades-IGSS-zona-9-2018-7-768x512.jpg 768w, \/wp-content\/uploads\/sites\/5\/2018\/09\/Reinauguran-area-de-pediatria-del-Hospital-General-de-Enfermedades-IGSS-zona-9-2018-7-1024x682.jpg 1024w, \/wp-content\/uploads\/sites\/5\/2018\/09\/Reinauguran-area-de-pediatria-del-Hospital-General-de-Enfermedades-IGSS-zona-9-2018-7-696x464.jpg 696w, \/wp-content\/uploads\/sites\/5\/2018\/09\/Reinauguran-area-de-pediatria-del-Hospital-General-de-Enfermedades-IGSS-zona-9-2018-7-1068x712.jpg 1068w, \/wp-content\/uploads\/sites\/5\/2018\/09\/Reinauguran-area-de-pediatria-del-Hospital-General-de-Enfermedades-IGSS-zona-9-2018-7-534x356.jpg 534w, \/wp-content\/uploads\/sites\/5\/2018\/09\/Reinauguran-area-de-pediatria-del-Hospital-General-de-Enfermedades-IGSS-zona-9-2018-7-1920x1280.jpg 1920w, \/wp-content\/uploads\/sites\/5\/2018\/09\/Reinauguran-area-de-pediatria-del-Hospital-General-de-Enfermedades-IGSS-zona-9-2018-7.jpg 2000w\" sizes=\"(max-width: 630px) 100vw, 630px\" alt=\"\">\r\n                            <\/a>\r\n                            \r\n                        <\/figure>\r\n                    <\/div>\r\n                    <div class = \"td-slide-item td-item6\">\r\n                        <figure class=\"td-slide-galery-figure td-slide-popup-gallery\">\r\n                            <a class=\"slide-gallery-image-link\" href=\"\/wp-content\/uploads\/sites\/5\/2018\/09\/Reinauguran-area-de-pediatria-del-Hospital-General-de-Enfermedades-IGSS-zona-9-2018-8.jpg\" title=\"Reinauguran area de pediatria del Hospital General de Enfermedades IGSS zona 9 2018-8\"  data-caption=\"\"  data-description=\"\">\r\n                                <img decoding=\"async\" src=\"\/wp-content\/uploads\/sites\/5\/2018\/09\/Reinauguran-area-de-pediatria-del-Hospital-General-de-Enfermedades-IGSS-zona-9-2018-8-630x420.jpg\" srcset=\"\/wp-content\/uploads\/sites\/5\/2018\/09\/Reinauguran-area-de-pediatria-del-Hospital-General-de-Enfermedades-IGSS-zona-9-2018-8-630x420.jpg 630w, \/wp-content\/uploads\/sites\/5\/2018\/09\/Reinauguran-area-de-pediatria-del-Hospital-General-de-Enfermedades-IGSS-zona-9-2018-8-1536x1024.jpg 1536w, \/wp-content\/uploads\/sites\/5\/2018\/09\/Reinauguran-area-de-pediatria-del-Hospital-General-de-Enfermedades-IGSS-zona-9-2018-8-300x200.jpg 300w, \/wp-content\/uploads\/sites\/5\/2018\/09\/Reinauguran-area-de-pediatria-del-Hospital-General-de-Enfermedades-IGSS-zona-9-2018-8-768x512.jpg 768w, \/wp-content\/uploads\/sites\/5\/2018\/09\/Reinauguran-area-de-pediatria-del-Hospital-General-de-Enfermedades-IGSS-zona-9-2018-8-1024x682.jpg 1024w, \/wp-content\/uploads\/sites\/5\/2018\/09\/Reinauguran-area-de-pediatria-del-Hospital-General-de-Enfermedades-IGSS-zona-9-2018-8-696x464.jpg 696w, \/wp-content\/uploads\/sites\/5\/2018\/09\/Reinauguran-area-de-pediatria-del-Hospital-General-de-Enfermedades-IGSS-zona-9-2018-8-1068x712.jpg 1068w, \/wp-content\/uploads\/sites\/5\/2018\/09\/Reinauguran-area-de-pediatria-del-Hospital-General-de-Enfermedades-IGSS-zona-9-2018-8-534x356.jpg 534w, \/wp-content\/uploads\/sites\/5\/2018\/09\/Reinauguran-area-de-pediatria-del-Hospital-General-de-Enfermedades-IGSS-zona-9-2018-8-1920x1280.jpg 1920w, \/wp-content\/uploads\/sites\/5\/2018\/09\/Reinauguran-area-de-pediatria-del-Hospital-General-de-Enfermedades-IGSS-zona-9-2018-8.jpg 2000w\" sizes=\"(max-width: 630px) 100vw, 630px\" alt=\"\">\r\n                            <\/a>\r\n                            \r\n                        <\/figure>\r\n                    <\/div>\r\n                    <div class = \"td-slide-item td-item7\">\r\n                        <figure class=\"td-slide-galery-figure td-slide-popup-gallery\">\r\n                            <a class=\"slide-gallery-image-link\" href=\"\/wp-content\/uploads\/sites\/5\/2018\/09\/Reinauguran-area-de-pediatria-del-Hospital-General-de-Enfermedades-IGSS-zona-9-2018-9.jpg\" title=\"Reinauguran area de pediatria del Hospital General de Enfermedades IGSS zona 9 2018-9\"  data-caption=\"\"  data-description=\"\">\r\n                                <img decoding=\"async\" src=\"\/wp-content\/uploads\/sites\/5\/2018\/09\/Reinauguran-area-de-pediatria-del-Hospital-General-de-Enfermedades-IGSS-zona-9-2018-9-630x420.jpg\" srcset=\"\/wp-content\/uploads\/sites\/5\/2018\/09\/Reinauguran-area-de-pediatria-del-Hospital-General-de-Enfermedades-IGSS-zona-9-2018-9-630x420.jpg 630w, \/wp-content\/uploads\/sites\/5\/2018\/09\/Reinauguran-area-de-pediatria-del-Hospital-General-de-Enfermedades-IGSS-zona-9-2018-9-1536x1024.jpg 1536w, \/wp-content\/uploads\/sites\/5\/2018\/09\/Reinauguran-area-de-pediatria-del-Hospital-General-de-Enfermedades-IGSS-zona-9-2018-9-300x200.jpg 300w, \/wp-content\/uploads\/sites\/5\/2018\/09\/Reinauguran-area-de-pediatria-del-Hospital-General-de-Enfermedades-IGSS-zona-9-2018-9-768x512.jpg 768w, \/wp-content\/uploads\/sites\/5\/2018\/09\/Reinauguran-area-de-pediatria-del-Hospital-General-de-Enfermedades-IGSS-zona-9-2018-9-1024x682.jpg 1024w, \/wp-content\/uploads\/sites\/5\/2018\/09\/Reinauguran-area-de-pediatria-del-Hospital-General-de-Enfermedades-IGSS-zona-9-2018-9-696x464.jpg 696w, \/wp-content\/uploads\/sites\/5\/2018\/09\/Reinauguran-area-de-pediatria-del-Hospital-General-de-Enfermedades-IGSS-zona-9-2018-9-1068x712.jpg 1068w, \/wp-content\/uploads\/sites\/5\/2018\/09\/Reinauguran-area-de-pediatria-del-Hospital-General-de-Enfermedades-IGSS-zona-9-2018-9-534x356.jpg 534w, \/wp-content\/uploads\/sites\/5\/2018\/09\/Reinauguran-area-de-pediatria-del-Hospital-General-de-Enfermedades-IGSS-zona-9-2018-9-1920x1280.jpg 1920w, \/wp-content\/uploads\/sites\/5\/2018\/09\/Reinauguran-area-de-pediatria-del-Hospital-General-de-Enfermedades-IGSS-zona-9-2018-9.jpg 2000w\" sizes=\"(max-width: 630px) 100vw, 630px\" alt=\"\">\r\n                            <\/a>\r\n                            \r\n                        <\/figure>\r\n                    <\/div>\r\n                    <div class = \"td-slide-item td-item8\">\r\n                        <figure class=\"td-slide-galery-figure td-slide-popup-gallery\">\r\n                            <a class=\"slide-gallery-image-link\" href=\"\/wp-content\/uploads\/sites\/5\/2018\/09\/Reinauguran-area-de-pediatria-del-Hospital-General-de-Enfermedades-IGSS-zona-9-2018-10.jpg\" title=\"Reinauguran area de pediatria del Hospital General de Enfermedades IGSS zona 9 2018-10\"  data-caption=\"\"  data-description=\"\">\r\n                                <img decoding=\"async\" src=\"\/wp-content\/uploads\/sites\/5\/2018\/09\/Reinauguran-area-de-pediatria-del-Hospital-General-de-Enfermedades-IGSS-zona-9-2018-10-630x420.jpg\" srcset=\"\/wp-content\/uploads\/sites\/5\/2018\/09\/Reinauguran-area-de-pediatria-del-Hospital-General-de-Enfermedades-IGSS-zona-9-2018-10-630x420.jpg 630w, \/wp-content\/uploads\/sites\/5\/2018\/09\/Reinauguran-area-de-pediatria-del-Hospital-General-de-Enfermedades-IGSS-zona-9-2018-10-1536x1024.jpg 1536w, \/wp-content\/uploads\/sites\/5\/2018\/09\/Reinauguran-area-de-pediatria-del-Hospital-General-de-Enfermedades-IGSS-zona-9-2018-10-300x200.jpg 300w, \/wp-content\/uploads\/sites\/5\/2018\/09\/Reinauguran-area-de-pediatria-del-Hospital-General-de-Enfermedades-IGSS-zona-9-2018-10-768x512.jpg 768w, \/wp-content\/uploads\/sites\/5\/2018\/09\/Reinauguran-area-de-pediatria-del-Hospital-General-de-Enfermedades-IGSS-zona-9-2018-10-1024x682.jpg 1024w, \/wp-content\/uploads\/sites\/5\/2018\/09\/Reinauguran-area-de-pediatria-del-Hospital-General-de-Enfermedades-IGSS-zona-9-2018-10-696x464.jpg 696w, \/wp-content\/uploads\/sites\/5\/2018\/09\/Reinauguran-area-de-pediatria-del-Hospital-General-de-Enfermedades-IGSS-zona-9-2018-10-1068x712.jpg 1068w, \/wp-content\/uploads\/sites\/5\/2018\/09\/Reinauguran-area-de-pediatria-del-Hospital-General-de-Enfermedades-IGSS-zona-9-2018-10-534x356.jpg 534w, \/wp-content\/uploads\/sites\/5\/2018\/09\/Reinauguran-area-de-pediatria-del-Hospital-General-de-Enfermedades-IGSS-zona-9-2018-10-1920x1280.jpg 1920w, \/wp-content\/uploads\/sites\/5\/2018\/09\/Reinauguran-area-de-pediatria-del-Hospital-General-de-Enfermedades-IGSS-zona-9-2018-10.jpg 2000w\" sizes=\"(max-width: 630px) 100vw, 630px\" alt=\"\">\r\n                            <\/a>\r\n                            \r\n                        <\/figure>\r\n                    <\/div>\r\n                    <div class = \"td-slide-item td-item9\">\r\n                        <figure class=\"td-slide-galery-figure td-slide-popup-gallery\">\r\n                            <a class=\"slide-gallery-image-link\" href=\"\/wp-content\/uploads\/sites\/5\/2018\/09\/Reinauguran-area-de-pediatria-del-Hospital-General-de-Enfermedades-IGSS-zona-9-2018-12.jpg\" title=\"Reinauguran area de pediatria del Hospital General de Enfermedades IGSS zona 9 2018-12\"  data-caption=\"\"  data-description=\"\">\r\n                                <img decoding=\"async\" src=\"\/wp-content\/uploads\/sites\/5\/2018\/09\/Reinauguran-area-de-pediatria-del-Hospital-General-de-Enfermedades-IGSS-zona-9-2018-12-630x420.jpg\" srcset=\"\/wp-content\/uploads\/sites\/5\/2018\/09\/Reinauguran-area-de-pediatria-del-Hospital-General-de-Enfermedades-IGSS-zona-9-2018-12-630x420.jpg 630w, \/wp-content\/uploads\/sites\/5\/2018\/09\/Reinauguran-area-de-pediatria-del-Hospital-General-de-Enfermedades-IGSS-zona-9-2018-12-1536x1024.jpg 1536w, \/wp-content\/uploads\/sites\/5\/2018\/09\/Reinauguran-area-de-pediatria-del-Hospital-General-de-Enfermedades-IGSS-zona-9-2018-12-300x200.jpg 300w, \/wp-content\/uploads\/sites\/5\/2018\/09\/Reinauguran-area-de-pediatria-del-Hospital-General-de-Enfermedades-IGSS-zona-9-2018-12-768x512.jpg 768w, \/wp-content\/uploads\/sites\/5\/2018\/09\/Reinauguran-area-de-pediatria-del-Hospital-General-de-Enfermedades-IGSS-zona-9-2018-12-1024x682.jpg 1024w, \/wp-content\/uploads\/sites\/5\/2018\/09\/Reinauguran-area-de-pediatria-del-Hospital-General-de-Enfermedades-IGSS-zona-9-2018-12-696x464.jpg 696w, \/wp-content\/uploads\/sites\/5\/2018\/09\/Reinauguran-area-de-pediatria-del-Hospital-General-de-Enfermedades-IGSS-zona-9-2018-12-1068x712.jpg 1068w, \/wp-content\/uploads\/sites\/5\/2018\/09\/Reinauguran-area-de-pediatria-del-Hospital-General-de-Enfermedades-IGSS-zona-9-2018-12-534x356.jpg 534w, \/wp-content\/uploads\/sites\/5\/2018\/09\/Reinauguran-area-de-pediatria-del-Hospital-General-de-Enfermedades-IGSS-zona-9-2018-12.jpg 2000w\" sizes=\"(max-width: 630px) 100vw, 630px\" alt=\"\">\r\n                            <\/a>\r\n                            \r\n                        <\/figure>\r\n                    <\/div>\r\n                    <div class = \"td-slide-item td-item10\">\r\n                        <figure class=\"td-slide-galery-figure td-slide-popup-gallery\">\r\n                            <a class=\"slide-gallery-image-link\" href=\"\/wp-content\/uploads\/sites\/5\/2018\/09\/Reinauguran-area-de-pediatria-del-Hospital-General-de-Enfermedades-IGSS-zona-9-2018-16.jpg\" title=\"Reinauguran area de pediatria del Hospital General de Enfermedades IGSS zona 9 2018-16\"  data-caption=\"\"  data-description=\"\">\r\n                                <img decoding=\"async\" src=\"\/wp-content\/uploads\/sites\/5\/2018\/09\/Reinauguran-area-de-pediatria-del-Hospital-General-de-Enfermedades-IGSS-zona-9-2018-16-630x420.jpg\" srcset=\"\/wp-content\/uploads\/sites\/5\/2018\/09\/Reinauguran-area-de-pediatria-del-Hospital-General-de-Enfermedades-IGSS-zona-9-2018-16-630x420.jpg 630w, \/wp-content\/uploads\/sites\/5\/2018\/09\/Reinauguran-area-de-pediatria-del-Hospital-General-de-Enfermedades-IGSS-zona-9-2018-16-1536x1024.jpg 1536w, \/wp-content\/uploads\/sites\/5\/2018\/09\/Reinauguran-area-de-pediatria-del-Hospital-General-de-Enfermedades-IGSS-zona-9-2018-16-300x200.jpg 300w, \/wp-content\/uploads\/sites\/5\/2018\/09\/Reinauguran-area-de-pediatria-del-Hospital-General-de-Enfermedades-IGSS-zona-9-2018-16-768x512.jpg 768w, \/wp-content\/uploads\/sites\/5\/2018\/09\/Reinauguran-area-de-pediatria-del-Hospital-General-de-Enfermedades-IGSS-zona-9-2018-16-1024x682.jpg 1024w, \/wp-content\/uploads\/sites\/5\/2018\/09\/Reinauguran-area-de-pediatria-del-Hospital-General-de-Enfermedades-IGSS-zona-9-2018-16-696x464.jpg 696w, \/wp-content\/uploads\/sites\/5\/2018\/09\/Reinauguran-area-de-pediatria-del-Hospital-General-de-Enfermedades-IGSS-zona-9-2018-16-1068x712.jpg 1068w, \/wp-content\/uploads\/sites\/5\/2018\/09\/Reinauguran-area-de-pediatria-del-Hospital-General-de-Enfermedades-IGSS-zona-9-2018-16-534x356.jpg 534w, \/wp-content\/uploads\/sites\/5\/2018\/09\/Reinauguran-area-de-pediatria-del-Hospital-General-de-Enfermedades-IGSS-zona-9-2018-16-1920x1280.jpg 1920w, \/wp-content\/uploads\/sites\/5\/2018\/09\/Reinauguran-area-de-pediatria-del-Hospital-General-de-Enfermedades-IGSS-zona-9-2018-16.jpg 2000w\" sizes=\"(max-width: 630px) 100vw, 630px\" alt=\"\">\r\n                            <\/a>\r\n                            \r\n                        <\/figure>\r\n                    <\/div>\r\n                    <div class = \"td-slide-item td-item11\">\r\n                        <figure class=\"td-slide-galery-figure td-slide-popup-gallery\">\r\n                            <a class=\"slide-gallery-image-link\" href=\"\/wp-content\/uploads\/sites\/5\/2018\/09\/Reinauguran-area-de-pediatria-del-Hospital-General-de-Enfermedades-IGSS-zona-9-2018-17.jpg\" title=\"Reinauguran area de pediatria del Hospital General de Enfermedades IGSS zona 9 2018-17\"  data-caption=\"\"  data-description=\"\">\r\n                                <img decoding=\"async\" src=\"\/wp-content\/uploads\/sites\/5\/2018\/09\/Reinauguran-area-de-pediatria-del-Hospital-General-de-Enfermedades-IGSS-zona-9-2018-17-630x420.jpg\" srcset=\"\/wp-content\/uploads\/sites\/5\/2018\/09\/Reinauguran-area-de-pediatria-del-Hospital-General-de-Enfermedades-IGSS-zona-9-2018-17-630x420.jpg 630w, \/wp-content\/uploads\/sites\/5\/2018\/09\/Reinauguran-area-de-pediatria-del-Hospital-General-de-Enfermedades-IGSS-zona-9-2018-17-1536x1024.jpg 1536w, \/wp-content\/uploads\/sites\/5\/2018\/09\/Reinauguran-area-de-pediatria-del-Hospital-General-de-Enfermedades-IGSS-zona-9-2018-17-300x200.jpg 300w, \/wp-content\/uploads\/sites\/5\/2018\/09\/Reinauguran-area-de-pediatria-del-Hospital-General-de-Enfermedades-IGSS-zona-9-2018-17-768x512.jpg 768w, \/wp-content\/uploads\/sites\/5\/2018\/09\/Reinauguran-area-de-pediatria-del-Hospital-General-de-Enfermedades-IGSS-zona-9-2018-17-1024x682.jpg 1024w, \/wp-content\/uploads\/sites\/5\/2018\/09\/Reinauguran-area-de-pediatria-del-Hospital-General-de-Enfermedades-IGSS-zona-9-2018-17-696x464.jpg 696w, \/wp-content\/uploads\/sites\/5\/2018\/09\/Reinauguran-area-de-pediatria-del-Hospital-General-de-Enfermedades-IGSS-zona-9-2018-17-1068x712.jpg 1068w, \/wp-content\/uploads\/sites\/5\/2018\/09\/Reinauguran-area-de-pediatria-del-Hospital-General-de-Enfermedades-IGSS-zona-9-2018-17-534x356.jpg 534w, \/wp-content\/uploads\/sites\/5\/2018\/09\/Reinauguran-area-de-pediatria-del-Hospital-General-de-Enfermedades-IGSS-zona-9-2018-17-1920x1280.jpg 1920w, \/wp-content\/uploads\/sites\/5\/2018\/09\/Reinauguran-area-de-pediatria-del-Hospital-General-de-Enfermedades-IGSS-zona-9-2018-17.jpg 2000w\" sizes=\"(max-width: 630px) 100vw, 630px\" alt=\"\">\r\n                            <\/a>\r\n                            \r\n                        <\/figure>\r\n                    <\/div>\r\n                    <div class = \"td-slide-item td-item12\">\r\n                        <figure class=\"td-slide-galery-figure td-slide-popup-gallery\">\r\n                            <a class=\"slide-gallery-image-link\" href=\"\/wp-content\/uploads\/sites\/5\/2018\/09\/Reinauguran-area-de-pediatria-del-Hospital-General-de-Enfermedades-IGSS-zona-9-2018-18.jpg\" title=\"Reinauguran area de pediatria del Hospital General de Enfermedades IGSS zona 9 2018-18\"  data-caption=\"\"  data-description=\"\">\r\n                                <img decoding=\"async\" src=\"\/wp-content\/uploads\/sites\/5\/2018\/09\/Reinauguran-area-de-pediatria-del-Hospital-General-de-Enfermedades-IGSS-zona-9-2018-18-630x420.jpg\" srcset=\"\/wp-content\/uploads\/sites\/5\/2018\/09\/Reinauguran-area-de-pediatria-del-Hospital-General-de-Enfermedades-IGSS-zona-9-2018-18-630x420.jpg 630w, \/wp-content\/uploads\/sites\/5\/2018\/09\/Reinauguran-area-de-pediatria-del-Hospital-General-de-Enfermedades-IGSS-zona-9-2018-18-1536x1024.jpg 1536w, \/wp-content\/uploads\/sites\/5\/2018\/09\/Reinauguran-area-de-pediatria-del-Hospital-General-de-Enfermedades-IGSS-zona-9-2018-18-300x200.jpg 300w, \/wp-content\/uploads\/sites\/5\/2018\/09\/Reinauguran-area-de-pediatria-del-Hospital-General-de-Enfermedades-IGSS-zona-9-2018-18-768x512.jpg 768w, \/wp-content\/uploads\/sites\/5\/2018\/09\/Reinauguran-area-de-pediatria-del-Hospital-General-de-Enfermedades-IGSS-zona-9-2018-18-1024x682.jpg 1024w, \/wp-content\/uploads\/sites\/5\/2018\/09\/Reinauguran-area-de-pediatria-del-Hospital-General-de-Enfermedades-IGSS-zona-9-2018-18-696x464.jpg 696w, \/wp-content\/uploads\/sites\/5\/2018\/09\/Reinauguran-area-de-pediatria-del-Hospital-General-de-Enfermedades-IGSS-zona-9-2018-18-1068x712.jpg 1068w, \/wp-content\/uploads\/sites\/5\/2018\/09\/Reinauguran-area-de-pediatria-del-Hospital-General-de-Enfermedades-IGSS-zona-9-2018-18-534x356.jpg 534w, \/wp-content\/uploads\/sites\/5\/2018\/09\/Reinauguran-area-de-pediatria-del-Hospital-General-de-Enfermedades-IGSS-zona-9-2018-18-1920x1280.jpg 1920w, \/wp-content\/uploads\/sites\/5\/2018\/09\/Reinauguran-area-de-pediatria-del-Hospital-General-de-Enfermedades-IGSS-zona-9-2018-18.jpg 2000w\" sizes=\"(max-width: 630px) 100vw, 630px\" alt=\"\">\r\n                            <\/a>\r\n                            \r\n                        <\/figure>\r\n                    <\/div>\r\n                    <div class = \"td-slide-item td-item13\">\r\n                        <figure class=\"td-slide-galery-figure td-slide-popup-gallery\">\r\n                            <a class=\"slide-gallery-image-link\" href=\"\/wp-content\/uploads\/sites\/5\/2018\/09\/Reinauguran-area-de-pediatria-del-Hospital-General-de-Enfermedades-IGSS-zona-9-2018-19.jpg\" title=\"Reinauguran area de pediatria del Hospital General de Enfermedades IGSS zona 9 2018-19\"  data-caption=\"\"  data-description=\"\">\r\n                                <img decoding=\"async\" src=\"\/wp-content\/uploads\/sites\/5\/2018\/09\/Reinauguran-area-de-pediatria-del-Hospital-General-de-Enfermedades-IGSS-zona-9-2018-19-630x420.jpg\" srcset=\"\/wp-content\/uploads\/sites\/5\/2018\/09\/Reinauguran-area-de-pediatria-del-Hospital-General-de-Enfermedades-IGSS-zona-9-2018-19-630x420.jpg 630w, \/wp-content\/uploads\/sites\/5\/2018\/09\/Reinauguran-area-de-pediatria-del-Hospital-General-de-Enfermedades-IGSS-zona-9-2018-19-1536x1024.jpg 1536w, \/wp-content\/uploads\/sites\/5\/2018\/09\/Reinauguran-area-de-pediatria-del-Hospital-General-de-Enfermedades-IGSS-zona-9-2018-19-300x200.jpg 300w, \/wp-content\/uploads\/sites\/5\/2018\/09\/Reinauguran-area-de-pediatria-del-Hospital-General-de-Enfermedades-IGSS-zona-9-2018-19-768x512.jpg 768w, \/wp-content\/uploads\/sites\/5\/2018\/09\/Reinauguran-area-de-pediatria-del-Hospital-General-de-Enfermedades-IGSS-zona-9-2018-19-1024x682.jpg 1024w, \/wp-content\/uploads\/sites\/5\/2018\/09\/Reinauguran-area-de-pediatria-del-Hospital-General-de-Enfermedades-IGSS-zona-9-2018-19-696x464.jpg 696w, \/wp-content\/uploads\/sites\/5\/2018\/09\/Reinauguran-area-de-pediatria-del-Hospital-General-de-Enfermedades-IGSS-zona-9-2018-19-1068x712.jpg 1068w, \/wp-content\/uploads\/sites\/5\/2018\/09\/Reinauguran-area-de-pediatria-del-Hospital-General-de-Enfermedades-IGSS-zona-9-2018-19-534x356.jpg 534w, \/wp-content\/uploads\/sites\/5\/2018\/09\/Reinauguran-area-de-pediatria-del-Hospital-General-de-Enfermedades-IGSS-zona-9-2018-19-1920x1280.jpg 1920w, \/wp-content\/uploads\/sites\/5\/2018\/09\/Reinauguran-area-de-pediatria-del-Hospital-General-de-Enfermedades-IGSS-zona-9-2018-19.jpg 2000w\" sizes=\"(max-width: 630px) 100vw, 630px\" alt=\"\">\r\n                            <\/a>\r\n                            \r\n                        <\/figure>\r\n                    <\/div>\r\n                            <\/div>\r\n                        <\/div>\r\n\r\n                        <div class = \"td-doubleSlider-2\">\r\n                            <div class = \"td-slider\">\r\n                                \r\n                    <div class = \"td-button td-item1\">\r\n                        <div class = \"td-border\"><\/div>\r\n                    <\/div>\r\n                    <div class = \"td-button td-item2\">\r\n                        <div class = \"td-border\"><\/div>\r\n                    <\/div>\r\n                    <div class = \"td-button td-item3\">\r\n                        <div class = \"td-border\"><\/div>\r\n                    <\/div>\r\n                    <div class = \"td-button td-item4\">\r\n                        <div class = \"td-border\"><\/div>\r\n                    <\/div>\r\n                    <div class = \"td-button td-item5\">\r\n                        <div class = \"td-border\"><\/div>\r\n                    <\/div>\r\n                    <div class = \"td-button td-item6\">\r\n                        <div class = \"td-border\"><\/div>\r\n                    <\/div>\r\n                    <div class = \"td-button td-item7\">\r\n                        <div class = \"td-border\"><\/div>\r\n                    <\/div>\r\n                    <div class = \"td-button td-item8\">\r\n                        <div class = \"td-border\"><\/div>\r\n                    <\/div>\r\n                    <div class = \"td-button td-item9\">\r\n                        <div class = \"td-border\"><\/div>\r\n                    <\/div>\r\n                    <div class = \"td-button td-item10\">\r\n                        <div class = \"td-border\"><\/div>\r\n                    <\/div>\r\n                    <div class = \"td-button td-item11\">\r\n                        <div class = \"td-border\"><\/div>\r\n                    <\/div>\r\n                    <div class = \"td-button td-item12\">\r\n                        <div class = \"td-border\"><\/div>\r\n                    <\/div>\r\n                    <div class = \"td-button td-item13\">\r\n                        <div class = \"td-border\"><\/div>\r\n                    <\/div>\r\n                            <\/div>\r\n                        <\/div>\r\n\r\n                    <\/div>\r\n\r\n                <\/div>\r\n                \n<hr \/>\n<p>&nbsp;<\/p>\n","protected":false},"excerpt":{"rendered":"<p>Servir con calidad en instalaciones acogedoras y en mejores condiciones es parte de la pol\u00edtica de las autoridades del Seguro Social, raz\u00f3n por la que hoy fue reinaugurada el \u00e1rea de Pediatr\u00eda General para Ni\u00f1os Mayores de un a\u00f1o del Hospital General de Enfermedades ubicado en la zona 9. El espacio cuenta con 25 camas [&hellip;]<\/p>\n","protected":false},"author":4,"featured_media":6722,"comment_status":"open","ping_status":"open","sticky":false,"template":"","format":"standard","meta":{"footnotes":""},"categories":[3,15,18,16,24,29,36],"tags":[481,506,698],"coauthors":[],"class_list":{"0":"post-6710","1":"post","2":"type-post","3":"status-publish","4":"format-standard","5":"has-post-thumbnail","7":"category-actualidad","8":"category-destacado","9":"category-equipamiento-e-infraestructura","10":"category-featured","11":"category-pediatria","12":"category-publicaciones","13":"category-unidades-medicas","14":"tag-hospital-general-de-enfermedades","15":"tag-infraestructura","16":"tag-pediatria"},"_links":{"self":[{"href":"https:\/\/www.igssgt.org\/noticias\/wp-json\/wp\/v2\/posts\/6710","targetHints":{"allow":["GET"]}}],"collection":[{"href":"https:\/\/www.igssgt.org\/noticias\/wp-json\/wp\/v2\/posts"}],"about":[{"href":"https:\/\/www.igssgt.org\/noticias\/wp-json\/wp\/v2\/types\/post"}],"author":[{"embeddable":true,"href":"https:\/\/www.igssgt.org\/noticias\/wp-json\/wp\/v2\/users\/4"}],"replies":[{"embeddable":true,"href":"https:\/\/www.igssgt.org\/noticias\/wp-json\/wp\/v2\/comments?post=6710"}],"version-history":[{"count":0,"href":"https:\/\/www.igssgt.org\/noticias\/wp-json\/wp\/v2\/posts\/6710\/revisions"}],"wp:featuredmedia":[{"embeddable":true,"href":"https:\/\/www.igssgt.org\/noticias\/wp-json\/wp\/v2\/media\/6722"}],"wp:attachment":[{"href":"https:\/\/www.igssgt.org\/noticias\/wp-json\/wp\/v2\/media?parent=6710"}],"wp:term":[{"taxonomy":"category","embeddable":true,"href":"https:\/\/www.igssgt.org\/noticias\/wp-json\/wp\/v2\/categories?post=6710"},{"taxonomy":"post_tag","embeddable":true,"href":"https:\/\/www.igssgt.org\/noticias\/wp-json\/wp\/v2\/tags?post=6710"},{"taxonomy":"author","embeddable":true,"href":"https:\/\/www.igssgt.org\/noticias\/wp-json\/wp\/v2\/coauthors?post=6710"}],"curies":[{"name":"wp","href":"https:\/\/api.w.org\/{rel}","templated":true}]}}