{"id":6755,"date":"2018-09-20T16:15:58","date_gmt":"2018-09-20T22:15:58","guid":{"rendered":"http:\/\/noticias.igssgt.org\/?p=6755"},"modified":"2018-09-20T16:15:58","modified_gmt":"2018-09-20T22:15:58","slug":"celebran-la-tercera-feria-de-la-salud-en-camip-pamplona","status":"publish","type":"post","link":"https:\/\/www.igssgt.org\/noticias\/2018\/09\/20\/celebran-la-tercera-feria-de-la-salud-en-camip-pamplona\/","title":{"rendered":"Celebran la Tercera Feria de la Salud en CAMIP Pamplona"},"content":{"rendered":"<p><a href=\"\/noticias\/wp-content\/uploads\/sites\/5\/2018\/09\/Tercera-Feria-de-la-Salud-Camip-Pamplona-IGSG-2018-13.jpg\"><img loading=\"lazy\" decoding=\"async\" class=\"alignnone size-full wp-image-6769\" src=\"\/noticias\/wp-content\/uploads\/sites\/5\/2018\/09\/Tercera-Feria-de-la-Salud-Camip-Pamplona-IGSG-2018-13.jpg\" alt=\"\" width=\"2000\" height=\"1333\" srcset=\"\/wp-content\/uploads\/sites\/5\/2018\/09\/Tercera-Feria-de-la-Salud-Camip-Pamplona-IGSG-2018-13.jpg 2000w, \/wp-content\/uploads\/sites\/5\/2018\/09\/Tercera-Feria-de-la-Salud-Camip-Pamplona-IGSG-2018-13-1536x1024.jpg 1536w, \/wp-content\/uploads\/sites\/5\/2018\/09\/Tercera-Feria-de-la-Salud-Camip-Pamplona-IGSG-2018-13-300x200.jpg 300w, \/wp-content\/uploads\/sites\/5\/2018\/09\/Tercera-Feria-de-la-Salud-Camip-Pamplona-IGSG-2018-13-768x512.jpg 768w, \/wp-content\/uploads\/sites\/5\/2018\/09\/Tercera-Feria-de-la-Salud-Camip-Pamplona-IGSG-2018-13-1024x682.jpg 1024w, \/wp-content\/uploads\/sites\/5\/2018\/09\/Tercera-Feria-de-la-Salud-Camip-Pamplona-IGSG-2018-13-630x420.jpg 630w, \/wp-content\/uploads\/sites\/5\/2018\/09\/Tercera-Feria-de-la-Salud-Camip-Pamplona-IGSG-2018-13-696x464.jpg 696w, \/wp-content\/uploads\/sites\/5\/2018\/09\/Tercera-Feria-de-la-Salud-Camip-Pamplona-IGSG-2018-13-1068x712.jpg 1068w, \/wp-content\/uploads\/sites\/5\/2018\/09\/Tercera-Feria-de-la-Salud-Camip-Pamplona-IGSG-2018-13-534x356.jpg 534w, \/wp-content\/uploads\/sites\/5\/2018\/09\/Tercera-Feria-de-la-Salud-Camip-Pamplona-IGSG-2018-13-1920x1280.jpg 1920w\" sizes=\"auto, (max-width: 2000px) 100vw, 2000px\" \/><\/a><\/p>\n<p>Con el prop\u00f3sito de promover una salud integral entre los derechohabientes que asisten al Centro de Atenci\u00f3n M\u00e9dica Integral para Pensionados (CAMIP) situado en Pamplona se realiz\u00f3 la Tercera Feria de la Salud, en la cual se desarrollaron diversas actividades dirigidas al cuidado f\u00edsico, mental y emocional.<\/p>\n<p>Durante la inauguraci\u00f3n el doctor Gustavo Vela, director m\u00e9dico, resalt\u00f3 los esfuerzos que se est\u00e1n haciendo con las autoridades del Instituto Guatemalteco de Seguridad Social (IGSS) para mejorar las condiciones del CAMIP y la atenci\u00f3n a los derechohabientes.<\/p>\n<p>\u201cEstamos mejorando en los tiempos de entrega de recetas, medicinas y tambi\u00e9n con el Programa de Visita Domiciliar para que los pacientes que no pueden venir por alguna capacidad f\u00edsica diferente, puedan tener la visita de un doctor en su residencia y que reciban sus medicamentos por medio de un courier\u201d, dijo el doctor Vela.<\/p>\n<p>La unidad cuenta con 33 cl\u00ednicas de enfermedad com\u00fan y 36 cl\u00ednicas de especialidades, en las que se atiende a 43 mil derechohabientes.<\/p>\n<p>En la feria hubo corte de cabello gratis por parte de alumnos del Instituto T\u00e9cnico de Capacitaci\u00f3n y Productividad (Intecap), as\u00ed como juegos de loter\u00eda y ajedrez. Tambi\u00e9n se procedi\u00f3 a toma de glucosa y signos vitales.<\/p>\n<p>Se cont\u00f3 con la participaci\u00f3n de la Rondalla del CAMIP, el grupo de danza, la participaci\u00f3n de C\u00e9sar Augusto Hern\u00e1ndez y la Marimba de la Municipalidad de Guatemala.<\/p>\n\r\n                <style type=\"text\/css\">\r\n                    \r\n                    #tdi_1  .td-doubleSlider-2 .td-item1 {\r\n                        background: url(\/wp-content\/uploads\/sites\/5\/2018\/09\/Tercera-Feria-de-la-Salud-Camip-Pamplona-IGSG-2018-0-80x60.jpg) 0 0 no-repeat;\r\n                    }\r\n                    #tdi_1  .td-doubleSlider-2 .td-item2 {\r\n                        background: url(\/wp-content\/uploads\/sites\/5\/2018\/09\/Tercera-Feria-de-la-Salud-Camip-Pamplona-IGSG-2018-1-80x60.jpg) 0 0 no-repeat;\r\n                    }\r\n                    #tdi_1  .td-doubleSlider-2 .td-item3 {\r\n                        background: url(\/wp-content\/uploads\/sites\/5\/2018\/09\/Tercera-Feria-de-la-Salud-Camip-Pamplona-IGSG-2018-7-80x60.jpg) 0 0 no-repeat;\r\n                    }\r\n                    #tdi_1  .td-doubleSlider-2 .td-item4 {\r\n                        background: url(\/wp-content\/uploads\/sites\/5\/2018\/09\/Tercera-Feria-de-la-Salud-Camip-Pamplona-IGSG-2018-5-80x60.jpg) 0 0 no-repeat;\r\n                    }\r\n                    #tdi_1  .td-doubleSlider-2 .td-item5 {\r\n                        background: url(\/wp-content\/uploads\/sites\/5\/2018\/09\/Tercera-Feria-de-la-Salud-Camip-Pamplona-IGSG-2018-6-80x60.jpg) 0 0 no-repeat;\r\n                    }\r\n                    #tdi_1  .td-doubleSlider-2 .td-item6 {\r\n                        background: url(\/wp-content\/uploads\/sites\/5\/2018\/09\/Tercera-Feria-de-la-Salud-Camip-Pamplona-IGSG-2018-2-80x60.jpg) 0 0 no-repeat;\r\n                    }\r\n                    #tdi_1  .td-doubleSlider-2 .td-item7 {\r\n                        background: url(\/wp-content\/uploads\/sites\/5\/2018\/09\/Tercera-Feria-de-la-Salud-Camip-Pamplona-IGSG-2018-8-80x60.jpg) 0 0 no-repeat;\r\n                    }\r\n                    #tdi_1  .td-doubleSlider-2 .td-item8 {\r\n                        background: url(\/wp-content\/uploads\/sites\/5\/2018\/09\/Tercera-Feria-de-la-Salud-Camip-Pamplona-IGSG-2018-9-80x60.jpg) 0 0 no-repeat;\r\n                    }\r\n                    #tdi_1  .td-doubleSlider-2 .td-item9 {\r\n                        background: url(\/wp-content\/uploads\/sites\/5\/2018\/09\/Tercera-Feria-de-la-Salud-Camip-Pamplona-IGSG-2018-10-80x60.jpg) 0 0 no-repeat;\r\n                    }\r\n                    #tdi_1  .td-doubleSlider-2 .td-item10 {\r\n                        background: url(\/wp-content\/uploads\/sites\/5\/2018\/09\/Tercera-Feria-de-la-Salud-Camip-Pamplona-IGSG-2018-11-80x60.jpg) 0 0 no-repeat;\r\n                    }\r\n                    #tdi_1  .td-doubleSlider-2 .td-item11 {\r\n                        background: url(\/wp-content\/uploads\/sites\/5\/2018\/09\/Tercera-Feria-de-la-Salud-Camip-Pamplona-IGSG-2018-17-80x60.jpg) 0 0 no-repeat;\r\n                    }\r\n                    #tdi_1  .td-doubleSlider-2 .td-item12 {\r\n                        background: url(\/wp-content\/uploads\/sites\/5\/2018\/09\/Tercera-Feria-de-la-Salud-Camip-Pamplona-IGSG-2018-3-80x60.jpg) 0 0 no-repeat;\r\n                    }\r\n                    #tdi_1  .td-doubleSlider-2 .td-item13 {\r\n                        background: url(\/wp-content\/uploads\/sites\/5\/2018\/09\/Tercera-Feria-de-la-Salud-Camip-Pamplona-IGSG-2018-12-80x60.jpg) 0 0 no-repeat;\r\n                    }\r\n                    #tdi_1  .td-doubleSlider-2 .td-item14 {\r\n                        background: url(\/wp-content\/uploads\/sites\/5\/2018\/09\/Tercera-Feria-de-la-Salud-Camip-Pamplona-IGSG-2018-13-80x60.jpg) 0 0 no-repeat;\r\n                    }\r\n                    #tdi_1  .td-doubleSlider-2 .td-item15 {\r\n                        background: url(\/wp-content\/uploads\/sites\/5\/2018\/09\/Tercera-Feria-de-la-Salud-Camip-Pamplona-IGSG-2018-15-80x60.jpg) 0 0 no-repeat;\r\n                    }\r\n                    #tdi_1  .td-doubleSlider-2 .td-item16 {\r\n                        background: url(\/wp-content\/uploads\/sites\/5\/2018\/09\/Tercera-Feria-de-la-Salud-Camip-Pamplona-IGSG-2018-18-80x60.jpg) 0 0 no-repeat;\r\n                    }\r\n                <\/style>\r\n\r\n                <div id=\"tdi_1\" class=\"td-gallery td-slide-on-2-columns\">\r\n                    <div class=\"post_td_gallery\">\r\n                        <div class=\"td-gallery-slide-top\">\r\n                           <div class=\"td-gallery-title\">Galer\u00eda de Im\u00e1genes<\/div>\r\n\r\n                            <div class=\"td-gallery-controls-wrapper\">\r\n                                <div class=\"td-gallery-slide-count\"><span class=\"td-gallery-slide-item-focus\">1<\/span> de 16<\/div>\r\n                                <div class=\"td-gallery-slide-prev-next-but\">\r\n                                    <i class = \"td-icon-left doubleSliderPrevButton\"><\/i>\r\n                                    <i class = \"td-icon-right doubleSliderNextButton\"><\/i>\r\n                                <\/div>\r\n                            <\/div>\r\n                        <\/div>\r\n\r\n                        <div class = \"td-doubleSlider-1 \">\r\n                            <div class = \"td-slider\">\r\n                                \r\n                    <div class = \"td-slide-item td-item1\">\r\n                        <figure class=\"td-slide-galery-figure td-slide-popup-gallery\">\r\n                            <a class=\"slide-gallery-image-link\" href=\"\/wp-content\/uploads\/sites\/5\/2018\/09\/Tercera-Feria-de-la-Salud-Camip-Pamplona-IGSG-2018-0.jpg\" title=\"Tercera-Feria-de-la-Salud-Camip-Pamplona-IGSG-2018-0\"  data-caption=\"\"  data-description=\"\">\r\n                                <img decoding=\"async\" src=\"\/wp-content\/uploads\/sites\/5\/2018\/09\/Tercera-Feria-de-la-Salud-Camip-Pamplona-IGSG-2018-0-630x420.jpg\" srcset=\"\/wp-content\/uploads\/sites\/5\/2018\/09\/Tercera-Feria-de-la-Salud-Camip-Pamplona-IGSG-2018-0-630x420.jpg 630w, \/wp-content\/uploads\/sites\/5\/2018\/09\/Tercera-Feria-de-la-Salud-Camip-Pamplona-IGSG-2018-0-300x200.jpg 300w, \/wp-content\/uploads\/sites\/5\/2018\/09\/Tercera-Feria-de-la-Salud-Camip-Pamplona-IGSG-2018-0-768x512.jpg 768w, \/wp-content\/uploads\/sites\/5\/2018\/09\/Tercera-Feria-de-la-Salud-Camip-Pamplona-IGSG-2018-0-1024x683.jpg 1024w, \/wp-content\/uploads\/sites\/5\/2018\/09\/Tercera-Feria-de-la-Salud-Camip-Pamplona-IGSG-2018-0-696x464.jpg 696w, \/wp-content\/uploads\/sites\/5\/2018\/09\/Tercera-Feria-de-la-Salud-Camip-Pamplona-IGSG-2018-0-1068x712.jpg 1068w, \/wp-content\/uploads\/sites\/5\/2018\/09\/Tercera-Feria-de-la-Salud-Camip-Pamplona-IGSG-2018-0-534x356.jpg 534w, \/wp-content\/uploads\/sites\/5\/2018\/09\/Tercera-Feria-de-la-Salud-Camip-Pamplona-IGSG-2018-0.jpg 1200w\" sizes=\"(max-width: 630px) 100vw, 630px\" alt=\"\">\r\n                            <\/a>\r\n                            \r\n                        <\/figure>\r\n                    <\/div>\r\n                    <div class = \"td-slide-item td-item2\">\r\n                        <figure class=\"td-slide-galery-figure td-slide-popup-gallery\">\r\n                            <a class=\"slide-gallery-image-link\" href=\"\/wp-content\/uploads\/sites\/5\/2018\/09\/Tercera-Feria-de-la-Salud-Camip-Pamplona-IGSG-2018-1.jpg\" title=\"Tercera-Feria-de-la-Salud-Camip-Pamplona-IGSG-2018-1\"  data-caption=\"\"  data-description=\"\">\r\n                                <img decoding=\"async\" src=\"\/wp-content\/uploads\/sites\/5\/2018\/09\/Tercera-Feria-de-la-Salud-Camip-Pamplona-IGSG-2018-1-630x420.jpg\" srcset=\"\/wp-content\/uploads\/sites\/5\/2018\/09\/Tercera-Feria-de-la-Salud-Camip-Pamplona-IGSG-2018-1-630x420.jpg 630w, \/wp-content\/uploads\/sites\/5\/2018\/09\/Tercera-Feria-de-la-Salud-Camip-Pamplona-IGSG-2018-1-1536x1024.jpg 1536w, \/wp-content\/uploads\/sites\/5\/2018\/09\/Tercera-Feria-de-la-Salud-Camip-Pamplona-IGSG-2018-1-300x200.jpg 300w, \/wp-content\/uploads\/sites\/5\/2018\/09\/Tercera-Feria-de-la-Salud-Camip-Pamplona-IGSG-2018-1-768x512.jpg 768w, \/wp-content\/uploads\/sites\/5\/2018\/09\/Tercera-Feria-de-la-Salud-Camip-Pamplona-IGSG-2018-1-1024x682.jpg 1024w, \/wp-content\/uploads\/sites\/5\/2018\/09\/Tercera-Feria-de-la-Salud-Camip-Pamplona-IGSG-2018-1-696x464.jpg 696w, \/wp-content\/uploads\/sites\/5\/2018\/09\/Tercera-Feria-de-la-Salud-Camip-Pamplona-IGSG-2018-1-1068x712.jpg 1068w, \/wp-content\/uploads\/sites\/5\/2018\/09\/Tercera-Feria-de-la-Salud-Camip-Pamplona-IGSG-2018-1-534x356.jpg 534w, \/wp-content\/uploads\/sites\/5\/2018\/09\/Tercera-Feria-de-la-Salud-Camip-Pamplona-IGSG-2018-1-1920x1280.jpg 1920w, \/wp-content\/uploads\/sites\/5\/2018\/09\/Tercera-Feria-de-la-Salud-Camip-Pamplona-IGSG-2018-1.jpg 2000w\" sizes=\"(max-width: 630px) 100vw, 630px\" alt=\"\">\r\n                            <\/a>\r\n                            \r\n                        <\/figure>\r\n                    <\/div>\r\n                    <div class = \"td-slide-item td-item3\">\r\n                        <figure class=\"td-slide-galery-figure td-slide-popup-gallery\">\r\n                            <a class=\"slide-gallery-image-link\" href=\"\/wp-content\/uploads\/sites\/5\/2018\/09\/Tercera-Feria-de-la-Salud-Camip-Pamplona-IGSG-2018-7.jpg\" title=\"Tercera-Feria-de-la-Salud-Camip-Pamplona-IGSG-2018-7\"  data-caption=\"\"  data-description=\"\">\r\n                                <img decoding=\"async\" src=\"\/wp-content\/uploads\/sites\/5\/2018\/09\/Tercera-Feria-de-la-Salud-Camip-Pamplona-IGSG-2018-7-630x420.jpg\" srcset=\"\/wp-content\/uploads\/sites\/5\/2018\/09\/Tercera-Feria-de-la-Salud-Camip-Pamplona-IGSG-2018-7-630x420.jpg 630w, \/wp-content\/uploads\/sites\/5\/2018\/09\/Tercera-Feria-de-la-Salud-Camip-Pamplona-IGSG-2018-7-1536x1024.jpg 1536w, \/wp-content\/uploads\/sites\/5\/2018\/09\/Tercera-Feria-de-la-Salud-Camip-Pamplona-IGSG-2018-7-300x200.jpg 300w, \/wp-content\/uploads\/sites\/5\/2018\/09\/Tercera-Feria-de-la-Salud-Camip-Pamplona-IGSG-2018-7-768x512.jpg 768w, \/wp-content\/uploads\/sites\/5\/2018\/09\/Tercera-Feria-de-la-Salud-Camip-Pamplona-IGSG-2018-7-1024x682.jpg 1024w, \/wp-content\/uploads\/sites\/5\/2018\/09\/Tercera-Feria-de-la-Salud-Camip-Pamplona-IGSG-2018-7-696x464.jpg 696w, \/wp-content\/uploads\/sites\/5\/2018\/09\/Tercera-Feria-de-la-Salud-Camip-Pamplona-IGSG-2018-7-1068x712.jpg 1068w, \/wp-content\/uploads\/sites\/5\/2018\/09\/Tercera-Feria-de-la-Salud-Camip-Pamplona-IGSG-2018-7-534x356.jpg 534w, \/wp-content\/uploads\/sites\/5\/2018\/09\/Tercera-Feria-de-la-Salud-Camip-Pamplona-IGSG-2018-7-1920x1280.jpg 1920w, \/wp-content\/uploads\/sites\/5\/2018\/09\/Tercera-Feria-de-la-Salud-Camip-Pamplona-IGSG-2018-7.jpg 2000w\" sizes=\"(max-width: 630px) 100vw, 630px\" alt=\"\">\r\n                            <\/a>\r\n                            \r\n                        <\/figure>\r\n                    <\/div>\r\n                    <div class = \"td-slide-item td-item4\">\r\n                        <figure class=\"td-slide-galery-figure td-slide-popup-gallery\">\r\n                            <a class=\"slide-gallery-image-link\" href=\"\/wp-content\/uploads\/sites\/5\/2018\/09\/Tercera-Feria-de-la-Salud-Camip-Pamplona-IGSG-2018-5.jpg\" title=\"Tercera-Feria-de-la-Salud-Camip-Pamplona-IGSG-2018-5\"  data-caption=\"\"  data-description=\"\">\r\n                                <img decoding=\"async\" src=\"\/wp-content\/uploads\/sites\/5\/2018\/09\/Tercera-Feria-de-la-Salud-Camip-Pamplona-IGSG-2018-5-630x420.jpg\" srcset=\"\/wp-content\/uploads\/sites\/5\/2018\/09\/Tercera-Feria-de-la-Salud-Camip-Pamplona-IGSG-2018-5-630x420.jpg 630w, \/wp-content\/uploads\/sites\/5\/2018\/09\/Tercera-Feria-de-la-Salud-Camip-Pamplona-IGSG-2018-5-1536x1024.jpg 1536w, \/wp-content\/uploads\/sites\/5\/2018\/09\/Tercera-Feria-de-la-Salud-Camip-Pamplona-IGSG-2018-5-300x200.jpg 300w, \/wp-content\/uploads\/sites\/5\/2018\/09\/Tercera-Feria-de-la-Salud-Camip-Pamplona-IGSG-2018-5-768x512.jpg 768w, \/wp-content\/uploads\/sites\/5\/2018\/09\/Tercera-Feria-de-la-Salud-Camip-Pamplona-IGSG-2018-5-1024x682.jpg 1024w, \/wp-content\/uploads\/sites\/5\/2018\/09\/Tercera-Feria-de-la-Salud-Camip-Pamplona-IGSG-2018-5-696x464.jpg 696w, \/wp-content\/uploads\/sites\/5\/2018\/09\/Tercera-Feria-de-la-Salud-Camip-Pamplona-IGSG-2018-5-1068x712.jpg 1068w, \/wp-content\/uploads\/sites\/5\/2018\/09\/Tercera-Feria-de-la-Salud-Camip-Pamplona-IGSG-2018-5-534x356.jpg 534w, \/wp-content\/uploads\/sites\/5\/2018\/09\/Tercera-Feria-de-la-Salud-Camip-Pamplona-IGSG-2018-5-1920x1280.jpg 1920w, \/wp-content\/uploads\/sites\/5\/2018\/09\/Tercera-Feria-de-la-Salud-Camip-Pamplona-IGSG-2018-5.jpg 2000w\" sizes=\"(max-width: 630px) 100vw, 630px\" alt=\"\">\r\n                            <\/a>\r\n                            \r\n                        <\/figure>\r\n                    <\/div>\r\n                    <div class = \"td-slide-item td-item5\">\r\n                        <figure class=\"td-slide-galery-figure td-slide-popup-gallery\">\r\n                            <a class=\"slide-gallery-image-link\" href=\"\/wp-content\/uploads\/sites\/5\/2018\/09\/Tercera-Feria-de-la-Salud-Camip-Pamplona-IGSG-2018-6.jpg\" title=\"Tercera-Feria-de-la-Salud-Camip-Pamplona-IGSG-2018-6\"  data-caption=\"\"  data-description=\"\">\r\n                                <img decoding=\"async\" src=\"\/wp-content\/uploads\/sites\/5\/2018\/09\/Tercera-Feria-de-la-Salud-Camip-Pamplona-IGSG-2018-6-630x420.jpg\" srcset=\"\/wp-content\/uploads\/sites\/5\/2018\/09\/Tercera-Feria-de-la-Salud-Camip-Pamplona-IGSG-2018-6-630x420.jpg 630w, \/wp-content\/uploads\/sites\/5\/2018\/09\/Tercera-Feria-de-la-Salud-Camip-Pamplona-IGSG-2018-6-1536x1024.jpg 1536w, \/wp-content\/uploads\/sites\/5\/2018\/09\/Tercera-Feria-de-la-Salud-Camip-Pamplona-IGSG-2018-6-300x200.jpg 300w, \/wp-content\/uploads\/sites\/5\/2018\/09\/Tercera-Feria-de-la-Salud-Camip-Pamplona-IGSG-2018-6-768x512.jpg 768w, \/wp-content\/uploads\/sites\/5\/2018\/09\/Tercera-Feria-de-la-Salud-Camip-Pamplona-IGSG-2018-6-1024x682.jpg 1024w, \/wp-content\/uploads\/sites\/5\/2018\/09\/Tercera-Feria-de-la-Salud-Camip-Pamplona-IGSG-2018-6-696x464.jpg 696w, \/wp-content\/uploads\/sites\/5\/2018\/09\/Tercera-Feria-de-la-Salud-Camip-Pamplona-IGSG-2018-6-1068x712.jpg 1068w, \/wp-content\/uploads\/sites\/5\/2018\/09\/Tercera-Feria-de-la-Salud-Camip-Pamplona-IGSG-2018-6-534x356.jpg 534w, \/wp-content\/uploads\/sites\/5\/2018\/09\/Tercera-Feria-de-la-Salud-Camip-Pamplona-IGSG-2018-6-1920x1280.jpg 1920w, \/wp-content\/uploads\/sites\/5\/2018\/09\/Tercera-Feria-de-la-Salud-Camip-Pamplona-IGSG-2018-6.jpg 2000w\" sizes=\"(max-width: 630px) 100vw, 630px\" alt=\"\">\r\n                            <\/a>\r\n                            \r\n                        <\/figure>\r\n                    <\/div>\r\n                    <div class = \"td-slide-item td-item6\">\r\n                        <figure class=\"td-slide-galery-figure td-slide-popup-gallery\">\r\n                            <a class=\"slide-gallery-image-link\" href=\"\/wp-content\/uploads\/sites\/5\/2018\/09\/Tercera-Feria-de-la-Salud-Camip-Pamplona-IGSG-2018-2.jpg\" title=\"Tercera-Feria-de-la-Salud-Camip-Pamplona-IGSG-2018-2\"  data-caption=\"\"  data-description=\"\">\r\n                                <img decoding=\"async\" src=\"\/wp-content\/uploads\/sites\/5\/2018\/09\/Tercera-Feria-de-la-Salud-Camip-Pamplona-IGSG-2018-2-630x420.jpg\" srcset=\"\/wp-content\/uploads\/sites\/5\/2018\/09\/Tercera-Feria-de-la-Salud-Camip-Pamplona-IGSG-2018-2-630x420.jpg 630w, \/wp-content\/uploads\/sites\/5\/2018\/09\/Tercera-Feria-de-la-Salud-Camip-Pamplona-IGSG-2018-2-1536x1024.jpg 1536w, \/wp-content\/uploads\/sites\/5\/2018\/09\/Tercera-Feria-de-la-Salud-Camip-Pamplona-IGSG-2018-2-300x200.jpg 300w, \/wp-content\/uploads\/sites\/5\/2018\/09\/Tercera-Feria-de-la-Salud-Camip-Pamplona-IGSG-2018-2-768x512.jpg 768w, \/wp-content\/uploads\/sites\/5\/2018\/09\/Tercera-Feria-de-la-Salud-Camip-Pamplona-IGSG-2018-2-1024x682.jpg 1024w, \/wp-content\/uploads\/sites\/5\/2018\/09\/Tercera-Feria-de-la-Salud-Camip-Pamplona-IGSG-2018-2-696x464.jpg 696w, \/wp-content\/uploads\/sites\/5\/2018\/09\/Tercera-Feria-de-la-Salud-Camip-Pamplona-IGSG-2018-2-1068x712.jpg 1068w, \/wp-content\/uploads\/sites\/5\/2018\/09\/Tercera-Feria-de-la-Salud-Camip-Pamplona-IGSG-2018-2-534x356.jpg 534w, \/wp-content\/uploads\/sites\/5\/2018\/09\/Tercera-Feria-de-la-Salud-Camip-Pamplona-IGSG-2018-2-1920x1280.jpg 1920w, \/wp-content\/uploads\/sites\/5\/2018\/09\/Tercera-Feria-de-la-Salud-Camip-Pamplona-IGSG-2018-2.jpg 2000w\" sizes=\"(max-width: 630px) 100vw, 630px\" alt=\"\">\r\n                            <\/a>\r\n                            \r\n                        <\/figure>\r\n                    <\/div>\r\n                    <div class = \"td-slide-item td-item7\">\r\n                        <figure class=\"td-slide-galery-figure td-slide-popup-gallery\">\r\n                            <a class=\"slide-gallery-image-link\" href=\"\/wp-content\/uploads\/sites\/5\/2018\/09\/Tercera-Feria-de-la-Salud-Camip-Pamplona-IGSG-2018-8.jpg\" title=\"Tercera-Feria-de-la-Salud-Camip-Pamplona-IGSG-2018-8\"  data-caption=\"\"  data-description=\"\">\r\n                                <img decoding=\"async\" src=\"\/wp-content\/uploads\/sites\/5\/2018\/09\/Tercera-Feria-de-la-Salud-Camip-Pamplona-IGSG-2018-8-630x420.jpg\" srcset=\"\/wp-content\/uploads\/sites\/5\/2018\/09\/Tercera-Feria-de-la-Salud-Camip-Pamplona-IGSG-2018-8-630x420.jpg 630w, \/wp-content\/uploads\/sites\/5\/2018\/09\/Tercera-Feria-de-la-Salud-Camip-Pamplona-IGSG-2018-8-1536x1024.jpg 1536w, \/wp-content\/uploads\/sites\/5\/2018\/09\/Tercera-Feria-de-la-Salud-Camip-Pamplona-IGSG-2018-8-300x200.jpg 300w, \/wp-content\/uploads\/sites\/5\/2018\/09\/Tercera-Feria-de-la-Salud-Camip-Pamplona-IGSG-2018-8-768x512.jpg 768w, \/wp-content\/uploads\/sites\/5\/2018\/09\/Tercera-Feria-de-la-Salud-Camip-Pamplona-IGSG-2018-8-1024x682.jpg 1024w, \/wp-content\/uploads\/sites\/5\/2018\/09\/Tercera-Feria-de-la-Salud-Camip-Pamplona-IGSG-2018-8-696x464.jpg 696w, \/wp-content\/uploads\/sites\/5\/2018\/09\/Tercera-Feria-de-la-Salud-Camip-Pamplona-IGSG-2018-8-1068x712.jpg 1068w, \/wp-content\/uploads\/sites\/5\/2018\/09\/Tercera-Feria-de-la-Salud-Camip-Pamplona-IGSG-2018-8-534x356.jpg 534w, \/wp-content\/uploads\/sites\/5\/2018\/09\/Tercera-Feria-de-la-Salud-Camip-Pamplona-IGSG-2018-8-1920x1280.jpg 1920w, \/wp-content\/uploads\/sites\/5\/2018\/09\/Tercera-Feria-de-la-Salud-Camip-Pamplona-IGSG-2018-8.jpg 2000w\" sizes=\"(max-width: 630px) 100vw, 630px\" alt=\"\">\r\n                            <\/a>\r\n                            \r\n                        <\/figure>\r\n                    <\/div>\r\n                    <div class = \"td-slide-item td-item8\">\r\n                        <figure class=\"td-slide-galery-figure td-slide-popup-gallery\">\r\n                            <a class=\"slide-gallery-image-link\" href=\"\/wp-content\/uploads\/sites\/5\/2018\/09\/Tercera-Feria-de-la-Salud-Camip-Pamplona-IGSG-2018-9.jpg\" title=\"Tercera-Feria-de-la-Salud-Camip-Pamplona-IGSG-2018-9\"  data-caption=\"\"  data-description=\"\">\r\n                                <img decoding=\"async\" src=\"\/wp-content\/uploads\/sites\/5\/2018\/09\/Tercera-Feria-de-la-Salud-Camip-Pamplona-IGSG-2018-9-630x420.jpg\" srcset=\"\/wp-content\/uploads\/sites\/5\/2018\/09\/Tercera-Feria-de-la-Salud-Camip-Pamplona-IGSG-2018-9-630x420.jpg 630w, \/wp-content\/uploads\/sites\/5\/2018\/09\/Tercera-Feria-de-la-Salud-Camip-Pamplona-IGSG-2018-9-1536x1024.jpg 1536w, \/wp-content\/uploads\/sites\/5\/2018\/09\/Tercera-Feria-de-la-Salud-Camip-Pamplona-IGSG-2018-9-300x200.jpg 300w, \/wp-content\/uploads\/sites\/5\/2018\/09\/Tercera-Feria-de-la-Salud-Camip-Pamplona-IGSG-2018-9-768x512.jpg 768w, \/wp-content\/uploads\/sites\/5\/2018\/09\/Tercera-Feria-de-la-Salud-Camip-Pamplona-IGSG-2018-9-1024x682.jpg 1024w, \/wp-content\/uploads\/sites\/5\/2018\/09\/Tercera-Feria-de-la-Salud-Camip-Pamplona-IGSG-2018-9-696x464.jpg 696w, \/wp-content\/uploads\/sites\/5\/2018\/09\/Tercera-Feria-de-la-Salud-Camip-Pamplona-IGSG-2018-9-1068x712.jpg 1068w, \/wp-content\/uploads\/sites\/5\/2018\/09\/Tercera-Feria-de-la-Salud-Camip-Pamplona-IGSG-2018-9-534x356.jpg 534w, \/wp-content\/uploads\/sites\/5\/2018\/09\/Tercera-Feria-de-la-Salud-Camip-Pamplona-IGSG-2018-9.jpg 2000w\" sizes=\"(max-width: 630px) 100vw, 630px\" alt=\"\">\r\n                            <\/a>\r\n                            \r\n                        <\/figure>\r\n                    <\/div>\r\n                    <div class = \"td-slide-item td-item9\">\r\n                        <figure class=\"td-slide-galery-figure td-slide-popup-gallery\">\r\n                            <a class=\"slide-gallery-image-link\" href=\"\/wp-content\/uploads\/sites\/5\/2018\/09\/Tercera-Feria-de-la-Salud-Camip-Pamplona-IGSG-2018-10.jpg\" title=\"Tercera-Feria-de-la-Salud-Camip-Pamplona-IGSG-2018-10\"  data-caption=\"\"  data-description=\"\">\r\n                                <img decoding=\"async\" src=\"\/wp-content\/uploads\/sites\/5\/2018\/09\/Tercera-Feria-de-la-Salud-Camip-Pamplona-IGSG-2018-10-630x420.jpg\" srcset=\"\/wp-content\/uploads\/sites\/5\/2018\/09\/Tercera-Feria-de-la-Salud-Camip-Pamplona-IGSG-2018-10-630x420.jpg 630w, \/wp-content\/uploads\/sites\/5\/2018\/09\/Tercera-Feria-de-la-Salud-Camip-Pamplona-IGSG-2018-10-1536x1024.jpg 1536w, \/wp-content\/uploads\/sites\/5\/2018\/09\/Tercera-Feria-de-la-Salud-Camip-Pamplona-IGSG-2018-10-300x200.jpg 300w, \/wp-content\/uploads\/sites\/5\/2018\/09\/Tercera-Feria-de-la-Salud-Camip-Pamplona-IGSG-2018-10-768x512.jpg 768w, \/wp-content\/uploads\/sites\/5\/2018\/09\/Tercera-Feria-de-la-Salud-Camip-Pamplona-IGSG-2018-10-1024x682.jpg 1024w, \/wp-content\/uploads\/sites\/5\/2018\/09\/Tercera-Feria-de-la-Salud-Camip-Pamplona-IGSG-2018-10-696x464.jpg 696w, \/wp-content\/uploads\/sites\/5\/2018\/09\/Tercera-Feria-de-la-Salud-Camip-Pamplona-IGSG-2018-10-1068x712.jpg 1068w, \/wp-content\/uploads\/sites\/5\/2018\/09\/Tercera-Feria-de-la-Salud-Camip-Pamplona-IGSG-2018-10-534x356.jpg 534w, \/wp-content\/uploads\/sites\/5\/2018\/09\/Tercera-Feria-de-la-Salud-Camip-Pamplona-IGSG-2018-10-1920x1280.jpg 1920w, \/wp-content\/uploads\/sites\/5\/2018\/09\/Tercera-Feria-de-la-Salud-Camip-Pamplona-IGSG-2018-10.jpg 2000w\" sizes=\"(max-width: 630px) 100vw, 630px\" alt=\"\">\r\n                            <\/a>\r\n                            \r\n                        <\/figure>\r\n                    <\/div>\r\n                    <div class = \"td-slide-item td-item10\">\r\n                        <figure class=\"td-slide-galery-figure td-slide-popup-gallery\">\r\n                            <a class=\"slide-gallery-image-link\" href=\"\/wp-content\/uploads\/sites\/5\/2018\/09\/Tercera-Feria-de-la-Salud-Camip-Pamplona-IGSG-2018-11.jpg\" title=\"Tercera-Feria-de-la-Salud-Camip-Pamplona-IGSG-2018-11\"  data-caption=\"\"  data-description=\"\">\r\n                                <img decoding=\"async\" src=\"\/wp-content\/uploads\/sites\/5\/2018\/09\/Tercera-Feria-de-la-Salud-Camip-Pamplona-IGSG-2018-11-630x420.jpg\" srcset=\"\/wp-content\/uploads\/sites\/5\/2018\/09\/Tercera-Feria-de-la-Salud-Camip-Pamplona-IGSG-2018-11-630x420.jpg 630w, \/wp-content\/uploads\/sites\/5\/2018\/09\/Tercera-Feria-de-la-Salud-Camip-Pamplona-IGSG-2018-11-1536x1024.jpg 1536w, \/wp-content\/uploads\/sites\/5\/2018\/09\/Tercera-Feria-de-la-Salud-Camip-Pamplona-IGSG-2018-11-300x200.jpg 300w, \/wp-content\/uploads\/sites\/5\/2018\/09\/Tercera-Feria-de-la-Salud-Camip-Pamplona-IGSG-2018-11-768x512.jpg 768w, \/wp-content\/uploads\/sites\/5\/2018\/09\/Tercera-Feria-de-la-Salud-Camip-Pamplona-IGSG-2018-11-1024x682.jpg 1024w, \/wp-content\/uploads\/sites\/5\/2018\/09\/Tercera-Feria-de-la-Salud-Camip-Pamplona-IGSG-2018-11-696x464.jpg 696w, \/wp-content\/uploads\/sites\/5\/2018\/09\/Tercera-Feria-de-la-Salud-Camip-Pamplona-IGSG-2018-11-1068x712.jpg 1068w, \/wp-content\/uploads\/sites\/5\/2018\/09\/Tercera-Feria-de-la-Salud-Camip-Pamplona-IGSG-2018-11-534x356.jpg 534w, \/wp-content\/uploads\/sites\/5\/2018\/09\/Tercera-Feria-de-la-Salud-Camip-Pamplona-IGSG-2018-11-1920x1280.jpg 1920w, \/wp-content\/uploads\/sites\/5\/2018\/09\/Tercera-Feria-de-la-Salud-Camip-Pamplona-IGSG-2018-11.jpg 2000w\" sizes=\"(max-width: 630px) 100vw, 630px\" alt=\"\">\r\n                            <\/a>\r\n                            \r\n                        <\/figure>\r\n                    <\/div>\r\n                    <div class = \"td-slide-item td-item11\">\r\n                        <figure class=\"td-slide-galery-figure td-slide-popup-gallery\">\r\n                            <a class=\"slide-gallery-image-link\" href=\"\/wp-content\/uploads\/sites\/5\/2018\/09\/Tercera-Feria-de-la-Salud-Camip-Pamplona-IGSG-2018-17.jpg\" title=\"Tercera-Feria-de-la-Salud-Camip-Pamplona-IGSG-2018-17\"  data-caption=\"\"  data-description=\"\">\r\n                                <img decoding=\"async\" src=\"\/wp-content\/uploads\/sites\/5\/2018\/09\/Tercera-Feria-de-la-Salud-Camip-Pamplona-IGSG-2018-17-630x420.jpg\" srcset=\"\/wp-content\/uploads\/sites\/5\/2018\/09\/Tercera-Feria-de-la-Salud-Camip-Pamplona-IGSG-2018-17-630x420.jpg 630w, \/wp-content\/uploads\/sites\/5\/2018\/09\/Tercera-Feria-de-la-Salud-Camip-Pamplona-IGSG-2018-17-1536x1024.jpg 1536w, \/wp-content\/uploads\/sites\/5\/2018\/09\/Tercera-Feria-de-la-Salud-Camip-Pamplona-IGSG-2018-17-300x200.jpg 300w, \/wp-content\/uploads\/sites\/5\/2018\/09\/Tercera-Feria-de-la-Salud-Camip-Pamplona-IGSG-2018-17-768x512.jpg 768w, \/wp-content\/uploads\/sites\/5\/2018\/09\/Tercera-Feria-de-la-Salud-Camip-Pamplona-IGSG-2018-17-1024x682.jpg 1024w, \/wp-content\/uploads\/sites\/5\/2018\/09\/Tercera-Feria-de-la-Salud-Camip-Pamplona-IGSG-2018-17-696x464.jpg 696w, \/wp-content\/uploads\/sites\/5\/2018\/09\/Tercera-Feria-de-la-Salud-Camip-Pamplona-IGSG-2018-17-1068x712.jpg 1068w, \/wp-content\/uploads\/sites\/5\/2018\/09\/Tercera-Feria-de-la-Salud-Camip-Pamplona-IGSG-2018-17-534x356.jpg 534w, \/wp-content\/uploads\/sites\/5\/2018\/09\/Tercera-Feria-de-la-Salud-Camip-Pamplona-IGSG-2018-17-1920x1280.jpg 1920w, \/wp-content\/uploads\/sites\/5\/2018\/09\/Tercera-Feria-de-la-Salud-Camip-Pamplona-IGSG-2018-17.jpg 2000w\" sizes=\"(max-width: 630px) 100vw, 630px\" alt=\"\">\r\n                            <\/a>\r\n                            \r\n                        <\/figure>\r\n                    <\/div>\r\n                    <div class = \"td-slide-item td-item12\">\r\n                        <figure class=\"td-slide-galery-figure td-slide-popup-gallery\">\r\n                            <a class=\"slide-gallery-image-link\" href=\"\/wp-content\/uploads\/sites\/5\/2018\/09\/Tercera-Feria-de-la-Salud-Camip-Pamplona-IGSG-2018-3.jpg\" title=\"Tercera-Feria-de-la-Salud-Camip-Pamplona-IGSG-2018-3\"  data-caption=\"\"  data-description=\"\">\r\n                                <img decoding=\"async\" src=\"\/wp-content\/uploads\/sites\/5\/2018\/09\/Tercera-Feria-de-la-Salud-Camip-Pamplona-IGSG-2018-3-630x420.jpg\" srcset=\"\/wp-content\/uploads\/sites\/5\/2018\/09\/Tercera-Feria-de-la-Salud-Camip-Pamplona-IGSG-2018-3-630x420.jpg 630w, \/wp-content\/uploads\/sites\/5\/2018\/09\/Tercera-Feria-de-la-Salud-Camip-Pamplona-IGSG-2018-3-1536x1024.jpg 1536w, \/wp-content\/uploads\/sites\/5\/2018\/09\/Tercera-Feria-de-la-Salud-Camip-Pamplona-IGSG-2018-3-300x200.jpg 300w, \/wp-content\/uploads\/sites\/5\/2018\/09\/Tercera-Feria-de-la-Salud-Camip-Pamplona-IGSG-2018-3-768x512.jpg 768w, \/wp-content\/uploads\/sites\/5\/2018\/09\/Tercera-Feria-de-la-Salud-Camip-Pamplona-IGSG-2018-3-1024x682.jpg 1024w, \/wp-content\/uploads\/sites\/5\/2018\/09\/Tercera-Feria-de-la-Salud-Camip-Pamplona-IGSG-2018-3-696x464.jpg 696w, \/wp-content\/uploads\/sites\/5\/2018\/09\/Tercera-Feria-de-la-Salud-Camip-Pamplona-IGSG-2018-3-1068x712.jpg 1068w, \/wp-content\/uploads\/sites\/5\/2018\/09\/Tercera-Feria-de-la-Salud-Camip-Pamplona-IGSG-2018-3-534x356.jpg 534w, \/wp-content\/uploads\/sites\/5\/2018\/09\/Tercera-Feria-de-la-Salud-Camip-Pamplona-IGSG-2018-3-1920x1280.jpg 1920w, \/wp-content\/uploads\/sites\/5\/2018\/09\/Tercera-Feria-de-la-Salud-Camip-Pamplona-IGSG-2018-3.jpg 2000w\" sizes=\"(max-width: 630px) 100vw, 630px\" alt=\"\">\r\n                            <\/a>\r\n                            \r\n                        <\/figure>\r\n                    <\/div>\r\n                    <div class = \"td-slide-item td-item13\">\r\n                        <figure class=\"td-slide-galery-figure td-slide-popup-gallery\">\r\n                            <a class=\"slide-gallery-image-link\" href=\"\/wp-content\/uploads\/sites\/5\/2018\/09\/Tercera-Feria-de-la-Salud-Camip-Pamplona-IGSG-2018-12.jpg\" title=\"Tercera-Feria-de-la-Salud-Camip-Pamplona-IGSG-2018-12\"  data-caption=\"\"  data-description=\"\">\r\n                                <img decoding=\"async\" src=\"\/wp-content\/uploads\/sites\/5\/2018\/09\/Tercera-Feria-de-la-Salud-Camip-Pamplona-IGSG-2018-12-630x420.jpg\" srcset=\"\/wp-content\/uploads\/sites\/5\/2018\/09\/Tercera-Feria-de-la-Salud-Camip-Pamplona-IGSG-2018-12-630x420.jpg 630w, \/wp-content\/uploads\/sites\/5\/2018\/09\/Tercera-Feria-de-la-Salud-Camip-Pamplona-IGSG-2018-12-1536x1024.jpg 1536w, \/wp-content\/uploads\/sites\/5\/2018\/09\/Tercera-Feria-de-la-Salud-Camip-Pamplona-IGSG-2018-12-300x200.jpg 300w, \/wp-content\/uploads\/sites\/5\/2018\/09\/Tercera-Feria-de-la-Salud-Camip-Pamplona-IGSG-2018-12-768x512.jpg 768w, \/wp-content\/uploads\/sites\/5\/2018\/09\/Tercera-Feria-de-la-Salud-Camip-Pamplona-IGSG-2018-12-1024x682.jpg 1024w, \/wp-content\/uploads\/sites\/5\/2018\/09\/Tercera-Feria-de-la-Salud-Camip-Pamplona-IGSG-2018-12-696x464.jpg 696w, \/wp-content\/uploads\/sites\/5\/2018\/09\/Tercera-Feria-de-la-Salud-Camip-Pamplona-IGSG-2018-12-1068x712.jpg 1068w, \/wp-content\/uploads\/sites\/5\/2018\/09\/Tercera-Feria-de-la-Salud-Camip-Pamplona-IGSG-2018-12-534x356.jpg 534w, \/wp-content\/uploads\/sites\/5\/2018\/09\/Tercera-Feria-de-la-Salud-Camip-Pamplona-IGSG-2018-12-1920x1280.jpg 1920w, \/wp-content\/uploads\/sites\/5\/2018\/09\/Tercera-Feria-de-la-Salud-Camip-Pamplona-IGSG-2018-12.jpg 2000w\" sizes=\"(max-width: 630px) 100vw, 630px\" alt=\"\">\r\n                            <\/a>\r\n                            \r\n                        <\/figure>\r\n                    <\/div>\r\n                    <div class = \"td-slide-item td-item14\">\r\n                        <figure class=\"td-slide-galery-figure td-slide-popup-gallery\">\r\n                            <a class=\"slide-gallery-image-link\" href=\"\/wp-content\/uploads\/sites\/5\/2018\/09\/Tercera-Feria-de-la-Salud-Camip-Pamplona-IGSG-2018-13.jpg\" title=\"Tercera-Feria-de-la-Salud-Camip-Pamplona-IGSG-2018-13\"  data-caption=\"\"  data-description=\"\">\r\n                                <img decoding=\"async\" src=\"\/wp-content\/uploads\/sites\/5\/2018\/09\/Tercera-Feria-de-la-Salud-Camip-Pamplona-IGSG-2018-13-630x420.jpg\" srcset=\"\/wp-content\/uploads\/sites\/5\/2018\/09\/Tercera-Feria-de-la-Salud-Camip-Pamplona-IGSG-2018-13-630x420.jpg 630w, \/wp-content\/uploads\/sites\/5\/2018\/09\/Tercera-Feria-de-la-Salud-Camip-Pamplona-IGSG-2018-13-1536x1024.jpg 1536w, \/wp-content\/uploads\/sites\/5\/2018\/09\/Tercera-Feria-de-la-Salud-Camip-Pamplona-IGSG-2018-13-300x200.jpg 300w, \/wp-content\/uploads\/sites\/5\/2018\/09\/Tercera-Feria-de-la-Salud-Camip-Pamplona-IGSG-2018-13-768x512.jpg 768w, \/wp-content\/uploads\/sites\/5\/2018\/09\/Tercera-Feria-de-la-Salud-Camip-Pamplona-IGSG-2018-13-1024x682.jpg 1024w, \/wp-content\/uploads\/sites\/5\/2018\/09\/Tercera-Feria-de-la-Salud-Camip-Pamplona-IGSG-2018-13-696x464.jpg 696w, \/wp-content\/uploads\/sites\/5\/2018\/09\/Tercera-Feria-de-la-Salud-Camip-Pamplona-IGSG-2018-13-1068x712.jpg 1068w, \/wp-content\/uploads\/sites\/5\/2018\/09\/Tercera-Feria-de-la-Salud-Camip-Pamplona-IGSG-2018-13-534x356.jpg 534w, \/wp-content\/uploads\/sites\/5\/2018\/09\/Tercera-Feria-de-la-Salud-Camip-Pamplona-IGSG-2018-13-1920x1280.jpg 1920w, \/wp-content\/uploads\/sites\/5\/2018\/09\/Tercera-Feria-de-la-Salud-Camip-Pamplona-IGSG-2018-13.jpg 2000w\" sizes=\"(max-width: 630px) 100vw, 630px\" alt=\"\">\r\n                            <\/a>\r\n                            \r\n                        <\/figure>\r\n                    <\/div>\r\n                    <div class = \"td-slide-item td-item15\">\r\n                        <figure class=\"td-slide-galery-figure td-slide-popup-gallery\">\r\n                            <a class=\"slide-gallery-image-link\" href=\"\/wp-content\/uploads\/sites\/5\/2018\/09\/Tercera-Feria-de-la-Salud-Camip-Pamplona-IGSG-2018-15.jpg\" title=\"Tercera-Feria-de-la-Salud-Camip-Pamplona-IGSG-2018-15\"  data-caption=\"\"  data-description=\"\">\r\n                                <img decoding=\"async\" src=\"\/wp-content\/uploads\/sites\/5\/2018\/09\/Tercera-Feria-de-la-Salud-Camip-Pamplona-IGSG-2018-15-630x420.jpg\" srcset=\"\/wp-content\/uploads\/sites\/5\/2018\/09\/Tercera-Feria-de-la-Salud-Camip-Pamplona-IGSG-2018-15-630x420.jpg 630w, \/wp-content\/uploads\/sites\/5\/2018\/09\/Tercera-Feria-de-la-Salud-Camip-Pamplona-IGSG-2018-15-1536x1024.jpg 1536w, \/wp-content\/uploads\/sites\/5\/2018\/09\/Tercera-Feria-de-la-Salud-Camip-Pamplona-IGSG-2018-15-300x200.jpg 300w, \/wp-content\/uploads\/sites\/5\/2018\/09\/Tercera-Feria-de-la-Salud-Camip-Pamplona-IGSG-2018-15-768x512.jpg 768w, \/wp-content\/uploads\/sites\/5\/2018\/09\/Tercera-Feria-de-la-Salud-Camip-Pamplona-IGSG-2018-15-1024x682.jpg 1024w, \/wp-content\/uploads\/sites\/5\/2018\/09\/Tercera-Feria-de-la-Salud-Camip-Pamplona-IGSG-2018-15-696x464.jpg 696w, \/wp-content\/uploads\/sites\/5\/2018\/09\/Tercera-Feria-de-la-Salud-Camip-Pamplona-IGSG-2018-15-1068x712.jpg 1068w, \/wp-content\/uploads\/sites\/5\/2018\/09\/Tercera-Feria-de-la-Salud-Camip-Pamplona-IGSG-2018-15-534x356.jpg 534w, \/wp-content\/uploads\/sites\/5\/2018\/09\/Tercera-Feria-de-la-Salud-Camip-Pamplona-IGSG-2018-15-1920x1280.jpg 1920w, \/wp-content\/uploads\/sites\/5\/2018\/09\/Tercera-Feria-de-la-Salud-Camip-Pamplona-IGSG-2018-15.jpg 2000w\" sizes=\"(max-width: 630px) 100vw, 630px\" alt=\"\">\r\n                            <\/a>\r\n                            \r\n                        <\/figure>\r\n                    <\/div>\r\n                    <div class = \"td-slide-item td-item16\">\r\n                        <figure class=\"td-slide-galery-figure td-slide-popup-gallery\">\r\n                            <a class=\"slide-gallery-image-link\" href=\"\/wp-content\/uploads\/sites\/5\/2018\/09\/Tercera-Feria-de-la-Salud-Camip-Pamplona-IGSG-2018-18.jpg\" title=\"Tercera-Feria-de-la-Salud-Camip-Pamplona-IGSG-2018-18\"  data-caption=\"\"  data-description=\"\">\r\n                                <img decoding=\"async\" src=\"\/wp-content\/uploads\/sites\/5\/2018\/09\/Tercera-Feria-de-la-Salud-Camip-Pamplona-IGSG-2018-18-630x420.jpg\" srcset=\"\/wp-content\/uploads\/sites\/5\/2018\/09\/Tercera-Feria-de-la-Salud-Camip-Pamplona-IGSG-2018-18-630x420.jpg 630w, \/wp-content\/uploads\/sites\/5\/2018\/09\/Tercera-Feria-de-la-Salud-Camip-Pamplona-IGSG-2018-18-1536x1024.jpg 1536w, \/wp-content\/uploads\/sites\/5\/2018\/09\/Tercera-Feria-de-la-Salud-Camip-Pamplona-IGSG-2018-18-300x200.jpg 300w, \/wp-content\/uploads\/sites\/5\/2018\/09\/Tercera-Feria-de-la-Salud-Camip-Pamplona-IGSG-2018-18-768x512.jpg 768w, \/wp-content\/uploads\/sites\/5\/2018\/09\/Tercera-Feria-de-la-Salud-Camip-Pamplona-IGSG-2018-18-1024x682.jpg 1024w, \/wp-content\/uploads\/sites\/5\/2018\/09\/Tercera-Feria-de-la-Salud-Camip-Pamplona-IGSG-2018-18-696x464.jpg 696w, \/wp-content\/uploads\/sites\/5\/2018\/09\/Tercera-Feria-de-la-Salud-Camip-Pamplona-IGSG-2018-18-1068x712.jpg 1068w, \/wp-content\/uploads\/sites\/5\/2018\/09\/Tercera-Feria-de-la-Salud-Camip-Pamplona-IGSG-2018-18-534x356.jpg 534w, \/wp-content\/uploads\/sites\/5\/2018\/09\/Tercera-Feria-de-la-Salud-Camip-Pamplona-IGSG-2018-18-1920x1280.jpg 1920w, \/wp-content\/uploads\/sites\/5\/2018\/09\/Tercera-Feria-de-la-Salud-Camip-Pamplona-IGSG-2018-18.jpg 2000w\" sizes=\"(max-width: 630px) 100vw, 630px\" alt=\"\">\r\n                            <\/a>\r\n                            \r\n                        <\/figure>\r\n                    <\/div>\r\n                            <\/div>\r\n                        <\/div>\r\n\r\n                        <div class = \"td-doubleSlider-2\">\r\n                            <div class = \"td-slider\">\r\n                                \r\n                    <div class = \"td-button td-item1\">\r\n                        <div class = \"td-border\"><\/div>\r\n                    <\/div>\r\n                    <div class = \"td-button td-item2\">\r\n                        <div class = \"td-border\"><\/div>\r\n                    <\/div>\r\n                    <div class = \"td-button td-item3\">\r\n                        <div class = \"td-border\"><\/div>\r\n                    <\/div>\r\n                    <div class = \"td-button td-item4\">\r\n                        <div class = \"td-border\"><\/div>\r\n                    <\/div>\r\n                    <div class = \"td-button td-item5\">\r\n                        <div class = \"td-border\"><\/div>\r\n                    <\/div>\r\n                    <div class = \"td-button td-item6\">\r\n                        <div class = \"td-border\"><\/div>\r\n                    <\/div>\r\n                    <div class = \"td-button td-item7\">\r\n                        <div class = \"td-border\"><\/div>\r\n                    <\/div>\r\n                    <div class = \"td-button td-item8\">\r\n                        <div class = \"td-border\"><\/div>\r\n                    <\/div>\r\n                    <div class = \"td-button td-item9\">\r\n                        <div class = \"td-border\"><\/div>\r\n                    <\/div>\r\n                    <div class = \"td-button td-item10\">\r\n                        <div class = \"td-border\"><\/div>\r\n                    <\/div>\r\n                    <div class = \"td-button td-item11\">\r\n                        <div class = \"td-border\"><\/div>\r\n                    <\/div>\r\n                    <div class = \"td-button td-item12\">\r\n                        <div class = \"td-border\"><\/div>\r\n                    <\/div>\r\n                    <div class = \"td-button td-item13\">\r\n                        <div class = \"td-border\"><\/div>\r\n                    <\/div>\r\n                    <div class = \"td-button td-item14\">\r\n                        <div class = \"td-border\"><\/div>\r\n                    <\/div>\r\n                    <div class = \"td-button td-item15\">\r\n                        <div class = \"td-border\"><\/div>\r\n                    <\/div>\r\n                    <div class = \"td-button td-item16\">\r\n                        <div class = \"td-border\"><\/div>\r\n                    <\/div>\r\n                            <\/div>\r\n                        <\/div>\r\n\r\n                    <\/div>\r\n\r\n                <\/div>\r\n                \n<hr \/>\n<p>&nbsp;<\/p>\n","protected":false},"excerpt":{"rendered":"<p>Con el prop\u00f3sito de promover una salud integral entre los derechohabientes que asisten al Centro de Atenci\u00f3n M\u00e9dica Integral para Pensionados (CAMIP) situado en Pamplona se realiz\u00f3 la Tercera Feria de la Salud, en la cual se desarrollaron diversas actividades dirigidas al cuidado f\u00edsico, mental y emocional. Durante la inauguraci\u00f3n el doctor Gustavo Vela, director [&hellip;]<\/p>\n","protected":false},"author":4,"featured_media":6765,"comment_status":"open","ping_status":"open","sticky":false,"template":"","format":"standard","meta":{"footnotes":""},"categories":[3,8,20,25,29],"tags":[149,432,490],"coauthors":[],"class_list":{"0":"post-6755","1":"post","2":"type-post","3":"status-publish","4":"format-standard","5":"has-post-thumbnail","7":"category-actualidad","8":"category-camip","9":"category-jubilados","10":"category-pensionados","11":"category-publicaciones","12":"tag-camip-pamplona","13":"tag-feria-de-la-salud","14":"tag-igss"},"_links":{"self":[{"href":"https:\/\/www.igssgt.org\/noticias\/wp-json\/wp\/v2\/posts\/6755","targetHints":{"allow":["GET"]}}],"collection":[{"href":"https:\/\/www.igssgt.org\/noticias\/wp-json\/wp\/v2\/posts"}],"about":[{"href":"https:\/\/www.igssgt.org\/noticias\/wp-json\/wp\/v2\/types\/post"}],"author":[{"embeddable":true,"href":"https:\/\/www.igssgt.org\/noticias\/wp-json\/wp\/v2\/users\/4"}],"replies":[{"embeddable":true,"href":"https:\/\/www.igssgt.org\/noticias\/wp-json\/wp\/v2\/comments?post=6755"}],"version-history":[{"count":0,"href":"https:\/\/www.igssgt.org\/noticias\/wp-json\/wp\/v2\/posts\/6755\/revisions"}],"wp:featuredmedia":[{"embeddable":true,"href":"https:\/\/www.igssgt.org\/noticias\/wp-json\/wp\/v2\/media\/6765"}],"wp:attachment":[{"href":"https:\/\/www.igssgt.org\/noticias\/wp-json\/wp\/v2\/media?parent=6755"}],"wp:term":[{"taxonomy":"category","embeddable":true,"href":"https:\/\/www.igssgt.org\/noticias\/wp-json\/wp\/v2\/categories?post=6755"},{"taxonomy":"post_tag","embeddable":true,"href":"https:\/\/www.igssgt.org\/noticias\/wp-json\/wp\/v2\/tags?post=6755"},{"taxonomy":"author","embeddable":true,"href":"https:\/\/www.igssgt.org\/noticias\/wp-json\/wp\/v2\/coauthors?post=6755"}],"curies":[{"name":"wp","href":"https:\/\/api.w.org\/{rel}","templated":true}]}}