{"id":6921,"date":"2018-09-27T15:53:48","date_gmt":"2018-09-27T21:53:48","guid":{"rendered":"http:\/\/noticias.igssgt.org\/?p=6921"},"modified":"2018-09-27T15:53:48","modified_gmt":"2018-09-27T21:53:48","slug":"igss-capacita-a-empleados-del-sector-de-la-construccion","status":"publish","type":"post","link":"https:\/\/www.igssgt.org\/noticias\/2018\/09\/27\/igss-capacita-a-empleados-del-sector-de-la-construccion\/","title":{"rendered":"IGSS capacita a empleados del sector de la construcci\u00f3n"},"content":{"rendered":"<p><a href=\"\/noticias\/wp-content\/uploads\/sites\/5\/2018\/09\/Capacitacion-trabajadores-de-la-construccion-IGSS-2018-4.jpg\"><img loading=\"lazy\" decoding=\"async\" class=\"alignnone size-full wp-image-6929\" src=\"\/noticias\/wp-content\/uploads\/sites\/5\/2018\/09\/Capacitacion-trabajadores-de-la-construccion-IGSS-2018-4.jpg\" alt=\"\" width=\"937\" height=\"625\" srcset=\"\/wp-content\/uploads\/sites\/5\/2018\/09\/Capacitacion-trabajadores-de-la-construccion-IGSS-2018-4.jpg 937w, \/wp-content\/uploads\/sites\/5\/2018\/09\/Capacitacion-trabajadores-de-la-construccion-IGSS-2018-4-300x200.jpg 300w, \/wp-content\/uploads\/sites\/5\/2018\/09\/Capacitacion-trabajadores-de-la-construccion-IGSS-2018-4-768x512.jpg 768w, \/wp-content\/uploads\/sites\/5\/2018\/09\/Capacitacion-trabajadores-de-la-construccion-IGSS-2018-4-630x420.jpg 630w, \/wp-content\/uploads\/sites\/5\/2018\/09\/Capacitacion-trabajadores-de-la-construccion-IGSS-2018-4-696x464.jpg 696w, \/wp-content\/uploads\/sites\/5\/2018\/09\/Capacitacion-trabajadores-de-la-construccion-IGSS-2018-4-534x356.jpg 534w\" sizes=\"auto, (max-width: 937px) 100vw, 937px\" \/><\/a><\/p>\n<p>Trabajadores de diferentes empresas del sector construcci\u00f3n participan en la jornada de conferencias que se iniciaron hoy en el auditorio Autonom\u00eda, las cuales son impartidas por invitados especiales nacionales y extranjeros.<\/p>\n<p>Esta capacitaci\u00f3n, desarrollada en las Oficinas Centrales del Instituto Guatemalteco de Seguridad Social (IGSS), concluye ma\u00f1ana. Los temas programados son \u201cRiesgos laborales en la construcci\u00f3n\u201d, esta charla se desarrolla en horas de la ma\u00f1ana, mientras que la de \u201cEl VIH\/SIDA y otras enfermedades de transmisi\u00f3n sexual\u201d es disertada en la tarde. El objetivo de esta actividad es prevenir accidentes y enfermedades.<\/p>\n<p>El licenciado H\u00e9ctor Rodr\u00edguez, Inspector de Seguridad e Higiene y Prevenci\u00f3n de Accidentes, indic\u00f3 que esta capacitaci\u00f3n forma parte de las actividades de conmemoraci\u00f3n del 72 aniversario del Instituto y fundamentalmente para dar cumplimiento al reglamento de Salud y Seguridad Ocupacional, Acuerdo Gubernativo 229-2014 y sus reformas 33-2016, que obliga a las empresas a capacitar a su personal en diferentes temas de prevenci\u00f3n.<\/p>\n<p>\u201cLa Instituci\u00f3n tiene en agenda una serie de capacitaciones cuyo fin es la preservaci\u00f3n de la salud e integridad de los trabajadores en las diferentes \u00e1reas laborales. Para diciembre se tiene programada una charla sobre el riesgo en incendios y el uso de extintores, la cual est\u00e1 dirigida al sector industrial\u201d, dijo el licenciado Rodr\u00edguez.<\/p>\n<p>A nivel nacional en el a\u00f1o 2017 el Instituto capacit\u00f3 a m\u00e1s de 175 mil trabajadores de diferentes empresas en temas como riesgos laborales, primeros auxilios y gesti\u00f3n de riesgos de desastres, mientras que en lo que va de 2018 han sido capacitados uno 100 mil trabajadores, concluy\u00f3 el entrevistado.<\/p>\n\r\n                <style type=\"text\/css\">\r\n                    \r\n                    #tdi_1  .td-doubleSlider-2 .td-item1 {\r\n                        background: url(\/wp-content\/uploads\/sites\/5\/2018\/09\/Capacitacion-trabajadores-de-la-construccion-IGSS-2018-3-80x60.jpg) 0 0 no-repeat;\r\n                    }\r\n                    #tdi_1  .td-doubleSlider-2 .td-item2 {\r\n                        background: url(\/wp-content\/uploads\/sites\/5\/2018\/09\/Capacitacion-trabajadores-de-la-construccion-IGSS-2018-2-80x60.jpg) 0 0 no-repeat;\r\n                    }\r\n                    #tdi_1  .td-doubleSlider-2 .td-item3 {\r\n                        background: url(\/wp-content\/uploads\/sites\/5\/2018\/09\/Capacitacion-trabajadores-de-la-construccion-IGSS-2018-4-80x60.jpg) 0 0 no-repeat;\r\n                    }\r\n                    #tdi_1  .td-doubleSlider-2 .td-item4 {\r\n                        background: url(\/wp-content\/uploads\/sites\/5\/2018\/09\/Capacitacion-trabajadores-de-la-construccion-IGSS-2018-1-80x60.jpg) 0 0 no-repeat;\r\n                    }\r\n                <\/style>\r\n\r\n                <div id=\"tdi_1\" class=\"td-gallery td-slide-on-2-columns\">\r\n                    <div class=\"post_td_gallery\">\r\n                        <div class=\"td-gallery-slide-top\">\r\n                           <div class=\"td-gallery-title\">Galer\u00eda de Im\u00e1genes<\/div>\r\n\r\n                            <div class=\"td-gallery-controls-wrapper\">\r\n                                <div class=\"td-gallery-slide-count\"><span class=\"td-gallery-slide-item-focus\">1<\/span> de 4<\/div>\r\n                                <div class=\"td-gallery-slide-prev-next-but\">\r\n                                    <i class = \"td-icon-left doubleSliderPrevButton\"><\/i>\r\n                                    <i class = \"td-icon-right doubleSliderNextButton\"><\/i>\r\n                                <\/div>\r\n                            <\/div>\r\n                        <\/div>\r\n\r\n                        <div class = \"td-doubleSlider-1 \">\r\n                            <div class = \"td-slider\">\r\n                                \r\n                    <div class = \"td-slide-item td-item1\">\r\n                        <figure class=\"td-slide-galery-figure td-slide-popup-gallery\">\r\n                            <a class=\"slide-gallery-image-link\" href=\"\/wp-content\/uploads\/sites\/5\/2018\/09\/Capacitacion-trabajadores-de-la-construccion-IGSS-2018-3.jpg\" title=\"Capacitacion trabajadores de la construccion IGSS 2018-3\"  data-caption=\"\"  data-description=\"\">\r\n                                <img decoding=\"async\" src=\"\/wp-content\/uploads\/sites\/5\/2018\/09\/Capacitacion-trabajadores-de-la-construccion-IGSS-2018-3-577x420.jpg\" srcset=\"\/wp-content\/uploads\/sites\/5\/2018\/09\/Capacitacion-trabajadores-de-la-construccion-IGSS-2018-3-577x420.jpg 577w, \/wp-content\/uploads\/sites\/5\/2018\/09\/Capacitacion-trabajadores-de-la-construccion-IGSS-2018-3-300x218.jpg 300w, \/wp-content\/uploads\/sites\/5\/2018\/09\/Capacitacion-trabajadores-de-la-construccion-IGSS-2018-3-768x559.jpg 768w, \/wp-content\/uploads\/sites\/5\/2018\/09\/Capacitacion-trabajadores-de-la-construccion-IGSS-2018-3-696x507.jpg 696w, \/wp-content\/uploads\/sites\/5\/2018\/09\/Capacitacion-trabajadores-de-la-construccion-IGSS-2018-3-324x235.jpg 324w, \/wp-content\/uploads\/sites\/5\/2018\/09\/Capacitacion-trabajadores-de-la-construccion-IGSS-2018-3-534x389.jpg 534w, \/wp-content\/uploads\/sites\/5\/2018\/09\/Capacitacion-trabajadores-de-la-construccion-IGSS-2018-3.jpg 846w\" sizes=\"(max-width: 577px) 100vw, 577px\" alt=\"\">\r\n                            <\/a>\r\n                            \r\n                        <\/figure>\r\n                    <\/div>\r\n                    <div class = \"td-slide-item td-item2\">\r\n                        <figure class=\"td-slide-galery-figure td-slide-popup-gallery\">\r\n                            <a class=\"slide-gallery-image-link\" href=\"\/wp-content\/uploads\/sites\/5\/2018\/09\/Capacitacion-trabajadores-de-la-construccion-IGSS-2018-2.jpg\" title=\"Capacitacion trabajadores de la construccion IGSS 2018-2\"  data-caption=\"\"  data-description=\"\">\r\n                                <img decoding=\"async\" src=\"\/wp-content\/uploads\/sites\/5\/2018\/09\/Capacitacion-trabajadores-de-la-construccion-IGSS-2018-2-791x420.jpg\" srcset=\"\/wp-content\/uploads\/sites\/5\/2018\/09\/Capacitacion-trabajadores-de-la-construccion-IGSS-2018-2-791x420.jpg 791w, \/wp-content\/uploads\/sites\/5\/2018\/09\/Capacitacion-trabajadores-de-la-construccion-IGSS-2018-2-300x159.jpg 300w, \/wp-content\/uploads\/sites\/5\/2018\/09\/Capacitacion-trabajadores-de-la-construccion-IGSS-2018-2-768x408.jpg 768w, \/wp-content\/uploads\/sites\/5\/2018\/09\/Capacitacion-trabajadores-de-la-construccion-IGSS-2018-2-1024x543.jpg 1024w, \/wp-content\/uploads\/sites\/5\/2018\/09\/Capacitacion-trabajadores-de-la-construccion-IGSS-2018-2-696x369.jpg 696w, \/wp-content\/uploads\/sites\/5\/2018\/09\/Capacitacion-trabajadores-de-la-construccion-IGSS-2018-2-1068x567.jpg 1068w, \/wp-content\/uploads\/sites\/5\/2018\/09\/Capacitacion-trabajadores-de-la-construccion-IGSS-2018-2-534x283.jpg 534w, \/wp-content\/uploads\/sites\/5\/2018\/09\/Capacitacion-trabajadores-de-la-construccion-IGSS-2018-2.jpg 1238w\" sizes=\"(max-width: 791px) 100vw, 791px\" alt=\"\">\r\n                            <\/a>\r\n                            \r\n                        <\/figure>\r\n                    <\/div>\r\n                    <div class = \"td-slide-item td-item3\">\r\n                        <figure class=\"td-slide-galery-figure td-slide-popup-gallery\">\r\n                            <a class=\"slide-gallery-image-link\" href=\"\/wp-content\/uploads\/sites\/5\/2018\/09\/Capacitacion-trabajadores-de-la-construccion-IGSS-2018-4.jpg\" title=\"Capacitacion trabajadores de la construccion IGSS 2018-4\"  data-caption=\"\"  data-description=\"\">\r\n                                <img decoding=\"async\" src=\"\/wp-content\/uploads\/sites\/5\/2018\/09\/Capacitacion-trabajadores-de-la-construccion-IGSS-2018-4-630x420.jpg\" srcset=\"\/wp-content\/uploads\/sites\/5\/2018\/09\/Capacitacion-trabajadores-de-la-construccion-IGSS-2018-4-630x420.jpg 630w, \/wp-content\/uploads\/sites\/5\/2018\/09\/Capacitacion-trabajadores-de-la-construccion-IGSS-2018-4-300x200.jpg 300w, \/wp-content\/uploads\/sites\/5\/2018\/09\/Capacitacion-trabajadores-de-la-construccion-IGSS-2018-4-768x512.jpg 768w, \/wp-content\/uploads\/sites\/5\/2018\/09\/Capacitacion-trabajadores-de-la-construccion-IGSS-2018-4-696x464.jpg 696w, \/wp-content\/uploads\/sites\/5\/2018\/09\/Capacitacion-trabajadores-de-la-construccion-IGSS-2018-4-534x356.jpg 534w, \/wp-content\/uploads\/sites\/5\/2018\/09\/Capacitacion-trabajadores-de-la-construccion-IGSS-2018-4.jpg 937w\" sizes=\"(max-width: 630px) 100vw, 630px\" alt=\"\">\r\n                            <\/a>\r\n                            \r\n                        <\/figure>\r\n                    <\/div>\r\n                    <div class = \"td-slide-item td-item4\">\r\n                        <figure class=\"td-slide-galery-figure td-slide-popup-gallery\">\r\n                            <a class=\"slide-gallery-image-link\" href=\"\/wp-content\/uploads\/sites\/5\/2018\/09\/Capacitacion-trabajadores-de-la-construccion-IGSS-2018-1.jpg\" title=\"Capacitacion trabajadores de la construccion IGSS 2018-1\"  data-caption=\"\"  data-description=\"\">\r\n                                <img decoding=\"async\" src=\"\/wp-content\/uploads\/sites\/5\/2018\/09\/Capacitacion-trabajadores-de-la-construccion-IGSS-2018-1-630x420.jpg\" srcset=\"\/wp-content\/uploads\/sites\/5\/2018\/09\/Capacitacion-trabajadores-de-la-construccion-IGSS-2018-1-630x420.jpg 630w, \/wp-content\/uploads\/sites\/5\/2018\/09\/Capacitacion-trabajadores-de-la-construccion-IGSS-2018-1-300x200.jpg 300w, \/wp-content\/uploads\/sites\/5\/2018\/09\/Capacitacion-trabajadores-de-la-construccion-IGSS-2018-1-768x512.jpg 768w, \/wp-content\/uploads\/sites\/5\/2018\/09\/Capacitacion-trabajadores-de-la-construccion-IGSS-2018-1-1024x682.jpg 1024w, \/wp-content\/uploads\/sites\/5\/2018\/09\/Capacitacion-trabajadores-de-la-construccion-IGSS-2018-1-696x464.jpg 696w, \/wp-content\/uploads\/sites\/5\/2018\/09\/Capacitacion-trabajadores-de-la-construccion-IGSS-2018-1-1068x712.jpg 1068w, \/wp-content\/uploads\/sites\/5\/2018\/09\/Capacitacion-trabajadores-de-la-construccion-IGSS-2018-1-534x356.jpg 534w, \/wp-content\/uploads\/sites\/5\/2018\/09\/Capacitacion-trabajadores-de-la-construccion-IGSS-2018-1.jpg 1280w\" sizes=\"(max-width: 630px) 100vw, 630px\" alt=\"\">\r\n                            <\/a>\r\n                            \r\n                        <\/figure>\r\n                    <\/div>\r\n                            <\/div>\r\n                        <\/div>\r\n\r\n                        <div class = \"td-doubleSlider-2\">\r\n                            <div class = \"td-slider\">\r\n                                \r\n                    <div class = \"td-button td-item1\">\r\n                        <div class = \"td-border\"><\/div>\r\n                    <\/div>\r\n                    <div class = \"td-button td-item2\">\r\n                        <div class = \"td-border\"><\/div>\r\n                    <\/div>\r\n                    <div class = \"td-button td-item3\">\r\n                        <div class = \"td-border\"><\/div>\r\n                    <\/div>\r\n                    <div class = \"td-button td-item4\">\r\n                        <div class = \"td-border\"><\/div>\r\n                    <\/div>\r\n                            <\/div>\r\n                        <\/div>\r\n\r\n                    <\/div>\r\n\r\n                <\/div>\r\n                \n<hr \/>\n<p>&nbsp;<\/p>\n","protected":false},"excerpt":{"rendered":"<p>Trabajadores de diferentes empresas del sector construcci\u00f3n participan en la jornada de conferencias que se iniciaron hoy en el auditorio Autonom\u00eda, las cuales son impartidas por invitados especiales nacionales y extranjeros. Esta capacitaci\u00f3n, desarrollada en las Oficinas Centrales del Instituto Guatemalteco de Seguridad Social (IGSS), concluye ma\u00f1ana. Los temas programados son \u201cRiesgos laborales en la [&hellip;]<\/p>\n","protected":false},"author":4,"featured_media":6926,"comment_status":"open","ping_status":"open","sticky":false,"template":"","format":"standard","meta":{"footnotes":""},"categories":[3,17,29],"tags":[490,769],"coauthors":[],"class_list":{"0":"post-6921","1":"post","2":"type-post","3":"status-publish","4":"format-standard","5":"has-post-thumbnail","7":"category-actualidad","8":"category-formacion-y-desarrollo","9":"category-publicaciones","10":"tag-igss","11":"tag-salud-y-seguridad-ocupacional"},"_links":{"self":[{"href":"https:\/\/www.igssgt.org\/noticias\/wp-json\/wp\/v2\/posts\/6921","targetHints":{"allow":["GET"]}}],"collection":[{"href":"https:\/\/www.igssgt.org\/noticias\/wp-json\/wp\/v2\/posts"}],"about":[{"href":"https:\/\/www.igssgt.org\/noticias\/wp-json\/wp\/v2\/types\/post"}],"author":[{"embeddable":true,"href":"https:\/\/www.igssgt.org\/noticias\/wp-json\/wp\/v2\/users\/4"}],"replies":[{"embeddable":true,"href":"https:\/\/www.igssgt.org\/noticias\/wp-json\/wp\/v2\/comments?post=6921"}],"version-history":[{"count":0,"href":"https:\/\/www.igssgt.org\/noticias\/wp-json\/wp\/v2\/posts\/6921\/revisions"}],"wp:featuredmedia":[{"embeddable":true,"href":"https:\/\/www.igssgt.org\/noticias\/wp-json\/wp\/v2\/media\/6926"}],"wp:attachment":[{"href":"https:\/\/www.igssgt.org\/noticias\/wp-json\/wp\/v2\/media?parent=6921"}],"wp:term":[{"taxonomy":"category","embeddable":true,"href":"https:\/\/www.igssgt.org\/noticias\/wp-json\/wp\/v2\/categories?post=6921"},{"taxonomy":"post_tag","embeddable":true,"href":"https:\/\/www.igssgt.org\/noticias\/wp-json\/wp\/v2\/tags?post=6921"},{"taxonomy":"author","embeddable":true,"href":"https:\/\/www.igssgt.org\/noticias\/wp-json\/wp\/v2\/coauthors?post=6921"}],"curies":[{"name":"wp","href":"https:\/\/api.w.org\/{rel}","templated":true}]}}