{"id":7391,"date":"2018-10-24T16:15:42","date_gmt":"2018-10-24T22:15:42","guid":{"rendered":"http:\/\/noticias.igssgt.org\/?p=7391"},"modified":"2018-10-24T16:15:42","modified_gmt":"2018-10-24T22:15:42","slug":"la-poliomielitis-es-una-enfermedad-prevenible","status":"publish","type":"post","link":"https:\/\/www.igssgt.org\/noticias\/2018\/10\/24\/la-poliomielitis-es-una-enfermedad-prevenible\/","title":{"rendered":"La poliomielitis es una enfermedad prevenible"},"content":{"rendered":"<p><a href=\"\/noticias\/wp-content\/uploads\/sites\/5\/2018\/10\/42FCCEB7-9CAF-44DB-B414-EF57DCA81FA5.jpeg\"><img loading=\"lazy\" decoding=\"async\" class=\"alignnone size-full wp-image-7393\" src=\"\/noticias\/wp-content\/uploads\/sites\/5\/2018\/10\/42FCCEB7-9CAF-44DB-B414-EF57DCA81FA5.jpeg\" alt=\"\" width=\"1280\" height=\"853\" srcset=\"\/wp-content\/uploads\/sites\/5\/2018\/10\/42FCCEB7-9CAF-44DB-B414-EF57DCA81FA5.jpeg 1280w, \/wp-content\/uploads\/sites\/5\/2018\/10\/42FCCEB7-9CAF-44DB-B414-EF57DCA81FA5-300x200.jpeg 300w, \/wp-content\/uploads\/sites\/5\/2018\/10\/42FCCEB7-9CAF-44DB-B414-EF57DCA81FA5-768x512.jpeg 768w, \/wp-content\/uploads\/sites\/5\/2018\/10\/42FCCEB7-9CAF-44DB-B414-EF57DCA81FA5-1024x682.jpeg 1024w, \/wp-content\/uploads\/sites\/5\/2018\/10\/42FCCEB7-9CAF-44DB-B414-EF57DCA81FA5-630x420.jpeg 630w, \/wp-content\/uploads\/sites\/5\/2018\/10\/42FCCEB7-9CAF-44DB-B414-EF57DCA81FA5-696x464.jpeg 696w, \/wp-content\/uploads\/sites\/5\/2018\/10\/42FCCEB7-9CAF-44DB-B414-EF57DCA81FA5-1068x712.jpeg 1068w, \/wp-content\/uploads\/sites\/5\/2018\/10\/42FCCEB7-9CAF-44DB-B414-EF57DCA81FA5-534x356.jpeg 534w\" sizes=\"auto, (max-width: 1280px) 100vw, 1280px\" \/><\/a><\/p>\n<p>Guatemala es un pa\u00eds libre de poliomielitis desde hace 28 a\u00f1os, al trabajo de erradicaci\u00f3n se ha unido desde hacer varias d\u00e9cadas el Instituto tiene una campa\u00f1a permanente de vacunaci\u00f3n contra la polio, dijo la doctora Varinia Pinto, jefe de la Secci\u00f3n Materno Infantil del Departamento de Medicina Preventiva del IGSS.<\/p>\n<p>\u201cEl IGSS est\u00e1 enfocado en el esfuerzo de prevenir dicha enfermedad, por lo que la vacuna se aplica a ni\u00f1os de 2, 4, y 6 meses de vida, y sus respectivos refuerzos\u201d, dijo la doctora Pinto.<\/p>\n<p>La poliomielitis es una enfermedad que afecta principalmente a los ni\u00f1os. El virus es transmitido de persona a persona, a trav\u00e9s del agua o de alimentos contaminados, y se multiplica en los intestinos desde en donde invade el sistema nervioso. En algunos casos puede causar par\u00e1lisis, seg\u00fan la Organizaci\u00f3n Mundial de la Salud (OMS).<\/p>\n<p><a href=\"\/noticias\/wp-content\/uploads\/sites\/5\/2018\/10\/40BDD070-80B6-41F7-8F5F-F67772B8BE9D.jpeg\"><img loading=\"lazy\" decoding=\"async\" class=\"alignnone size-full wp-image-7394\" src=\"\/noticias\/wp-content\/uploads\/sites\/5\/2018\/10\/40BDD070-80B6-41F7-8F5F-F67772B8BE9D.jpeg\" alt=\"\" width=\"1280\" height=\"853\" srcset=\"\/wp-content\/uploads\/sites\/5\/2018\/10\/40BDD070-80B6-41F7-8F5F-F67772B8BE9D.jpeg 1280w, \/wp-content\/uploads\/sites\/5\/2018\/10\/40BDD070-80B6-41F7-8F5F-F67772B8BE9D-300x200.jpeg 300w, \/wp-content\/uploads\/sites\/5\/2018\/10\/40BDD070-80B6-41F7-8F5F-F67772B8BE9D-768x512.jpeg 768w, \/wp-content\/uploads\/sites\/5\/2018\/10\/40BDD070-80B6-41F7-8F5F-F67772B8BE9D-1024x682.jpeg 1024w, \/wp-content\/uploads\/sites\/5\/2018\/10\/40BDD070-80B6-41F7-8F5F-F67772B8BE9D-630x420.jpeg 630w, \/wp-content\/uploads\/sites\/5\/2018\/10\/40BDD070-80B6-41F7-8F5F-F67772B8BE9D-696x464.jpeg 696w, \/wp-content\/uploads\/sites\/5\/2018\/10\/40BDD070-80B6-41F7-8F5F-F67772B8BE9D-1068x712.jpeg 1068w, \/wp-content\/uploads\/sites\/5\/2018\/10\/40BDD070-80B6-41F7-8F5F-F67772B8BE9D-534x356.jpeg 534w\" sizes=\"auto, (max-width: 1280px) 100vw, 1280px\" \/><\/a><\/p>\n<p>Entre otros s\u00edntomas est\u00e1n la sensaci\u00f3n de cansancio, fiebre, v\u00f3mito, cefalea, rigidez del cuello y dolor del cuerpo. Es una enfermedad que no tiene cura, pero si es prevenible con la vacunaci\u00f3n.<\/p>\n<p>\u201cLa vacuna es para prevenir, por lo tanto los padres o encargados de los ni\u00f1os deben verificar en su esquema de vacunaci\u00f3n que los menores est\u00e1n al d\u00eda con su inmunizaci\u00f3n, y as\u00ed evitar que aparezca un caso\u201d, dijo la profesional.<\/p>\n<p>Es importante que las personas que viajan al extranjero reciban una dosis de refuerzo para prevenir el contagio, tomando en cuenta que en otros pa\u00edses como Afganist\u00e1n y Paquist\u00e1n a\u00fan hay casos de poliomielitis, concluy\u00f3 la doctora.<\/p>\n<p><a href=\"\/noticias\/wp-content\/uploads\/sites\/5\/2018\/10\/E7CE2903-0C6F-4ECD-8478-6E0740AE3E66.jpeg\"><img loading=\"lazy\" decoding=\"async\" class=\"alignnone size-full wp-image-7395\" src=\"\/noticias\/wp-content\/uploads\/sites\/5\/2018\/10\/E7CE2903-0C6F-4ECD-8478-6E0740AE3E66.jpeg\" alt=\"\" width=\"400\" height=\"858\" srcset=\"\/wp-content\/uploads\/sites\/5\/2018\/10\/E7CE2903-0C6F-4ECD-8478-6E0740AE3E66.jpeg 400w, \/wp-content\/uploads\/sites\/5\/2018\/10\/E7CE2903-0C6F-4ECD-8478-6E0740AE3E66-140x300.jpeg 140w, \/wp-content\/uploads\/sites\/5\/2018\/10\/E7CE2903-0C6F-4ECD-8478-6E0740AE3E66-196x420.jpeg 196w, \/wp-content\/uploads\/sites\/5\/2018\/10\/E7CE2903-0C6F-4ECD-8478-6E0740AE3E66-215x462.jpeg 215w\" sizes=\"auto, (max-width: 400px) 100vw, 400px\" \/><\/a><\/p>\n","protected":false},"excerpt":{"rendered":"<p>Guatemala es un pa\u00eds libre de poliomielitis desde hace 28 a\u00f1os, al trabajo de erradicaci\u00f3n se ha unido desde hacer varias d\u00e9cadas el Instituto tiene una campa\u00f1a permanente de vacunaci\u00f3n contra la polio, dijo la doctora Varinia Pinto, jefe de la Secci\u00f3n Materno Infantil del Departamento de Medicina Preventiva del IGSS. \u201cEl IGSS est\u00e1 enfocado [&hellip;]<\/p>\n","protected":false},"author":4,"featured_media":7392,"comment_status":"open","ping_status":"open","sticky":false,"template":"","format":"standard","meta":{"footnotes":""},"categories":[3,27,29],"tags":[490,711],"coauthors":[],"class_list":{"0":"post-7391","1":"post","2":"type-post","3":"status-publish","4":"format-standard","5":"has-post-thumbnail","7":"category-actualidad","8":"category-prevencion-en-salud","9":"category-publicaciones","10":"tag-igss","11":"tag-poliomielitis"},"_links":{"self":[{"href":"https:\/\/www.igssgt.org\/noticias\/wp-json\/wp\/v2\/posts\/7391","targetHints":{"allow":["GET"]}}],"collection":[{"href":"https:\/\/www.igssgt.org\/noticias\/wp-json\/wp\/v2\/posts"}],"about":[{"href":"https:\/\/www.igssgt.org\/noticias\/wp-json\/wp\/v2\/types\/post"}],"author":[{"embeddable":true,"href":"https:\/\/www.igssgt.org\/noticias\/wp-json\/wp\/v2\/users\/4"}],"replies":[{"embeddable":true,"href":"https:\/\/www.igssgt.org\/noticias\/wp-json\/wp\/v2\/comments?post=7391"}],"version-history":[{"count":0,"href":"https:\/\/www.igssgt.org\/noticias\/wp-json\/wp\/v2\/posts\/7391\/revisions"}],"wp:featuredmedia":[{"embeddable":true,"href":"https:\/\/www.igssgt.org\/noticias\/wp-json\/wp\/v2\/media\/7392"}],"wp:attachment":[{"href":"https:\/\/www.igssgt.org\/noticias\/wp-json\/wp\/v2\/media?parent=7391"}],"wp:term":[{"taxonomy":"category","embeddable":true,"href":"https:\/\/www.igssgt.org\/noticias\/wp-json\/wp\/v2\/categories?post=7391"},{"taxonomy":"post_tag","embeddable":true,"href":"https:\/\/www.igssgt.org\/noticias\/wp-json\/wp\/v2\/tags?post=7391"},{"taxonomy":"author","embeddable":true,"href":"https:\/\/www.igssgt.org\/noticias\/wp-json\/wp\/v2\/coauthors?post=7391"}],"curies":[{"name":"wp","href":"https:\/\/api.w.org\/{rel}","templated":true}]}}