{"id":7402,"date":"2018-10-25T14:05:19","date_gmt":"2018-10-25T20:05:19","guid":{"rendered":"http:\/\/noticias.igssgt.org\/?p=7402"},"modified":"2018-10-25T14:05:19","modified_gmt":"2018-10-25T20:05:19","slug":"se-inicia-la-restauracion-del-mural-del-igss-nacionalidad-guatemalteca","status":"publish","type":"post","link":"https:\/\/www.igssgt.org\/noticias\/2018\/10\/25\/se-inicia-la-restauracion-del-mural-del-igss-nacionalidad-guatemalteca\/","title":{"rendered":"Se inicia la restauraci\u00f3n del mural del IGSS \u00abNacionalidad Guatemalteca\u00bb"},"content":{"rendered":"<p><a href=\"\/noticias\/wp-content\/uploads\/sites\/5\/2018\/10\/Restauracion-mural-la-nacionalidad-guatemalteca-IGSS-2018-38.jpg\"><img loading=\"lazy\" decoding=\"async\" class=\"alignnone size-full wp-image-7425\" src=\"\/noticias\/wp-content\/uploads\/sites\/5\/2018\/10\/Restauracion-mural-la-nacionalidad-guatemalteca-IGSS-2018-38.jpg\" alt=\"\" width=\"2000\" height=\"1333\" srcset=\"\/wp-content\/uploads\/sites\/5\/2018\/10\/Restauracion-mural-la-nacionalidad-guatemalteca-IGSS-2018-38.jpg 2000w, \/wp-content\/uploads\/sites\/5\/2018\/10\/Restauracion-mural-la-nacionalidad-guatemalteca-IGSS-2018-38-1536x1024.jpg 1536w, \/wp-content\/uploads\/sites\/5\/2018\/10\/Restauracion-mural-la-nacionalidad-guatemalteca-IGSS-2018-38-300x200.jpg 300w, \/wp-content\/uploads\/sites\/5\/2018\/10\/Restauracion-mural-la-nacionalidad-guatemalteca-IGSS-2018-38-768x512.jpg 768w, \/wp-content\/uploads\/sites\/5\/2018\/10\/Restauracion-mural-la-nacionalidad-guatemalteca-IGSS-2018-38-1024x682.jpg 1024w, \/wp-content\/uploads\/sites\/5\/2018\/10\/Restauracion-mural-la-nacionalidad-guatemalteca-IGSS-2018-38-630x420.jpg 630w, \/wp-content\/uploads\/sites\/5\/2018\/10\/Restauracion-mural-la-nacionalidad-guatemalteca-IGSS-2018-38-696x464.jpg 696w, \/wp-content\/uploads\/sites\/5\/2018\/10\/Restauracion-mural-la-nacionalidad-guatemalteca-IGSS-2018-38-1068x712.jpg 1068w, \/wp-content\/uploads\/sites\/5\/2018\/10\/Restauracion-mural-la-nacionalidad-guatemalteca-IGSS-2018-38-534x356.jpg 534w, \/wp-content\/uploads\/sites\/5\/2018\/10\/Restauracion-mural-la-nacionalidad-guatemalteca-IGSS-2018-38-1920x1280.jpg 1920w\" sizes=\"auto, (max-width: 2000px) 100vw, 2000px\" \/><\/a><\/p>\n<p>Con un acto especial al que asistieron autoridades del Seguro Social y familiares del maestro Roberto Gonz\u00e1lez Goyri, creador del mural \u201cNacionalidad Guatemalteca\u201d, ubicado en uno de los muros del edificio de las Oficinas Centrales del IGSS, se dio inicio a los trabajos de restauraci\u00f3n de la obra.<\/p>\n<p>\u201cFelicito a las autoridades del IGSS por la iniciativa de restaurar este mural que fue realizado en el a\u00f1o 1959, en concreto expuesto, por mi esposo, y qu\u00e9 mejor que hayan elegido octubre para hacerlo, pues esta Instituci\u00f3n es producto de la Revoluci\u00f3n del 44 y Roberto siempre fue un seguidor de los ideales y postulados de la Revoluci\u00f3n\u201d, expres\u00f3 Carmen de Gonz\u00e1lez.<\/p>\n<p>El arquitecto Luis Iriarte, encargado de los trabajos de restauraci\u00f3n, explic\u00f3 que el mural se encuentra en buenas condiciones, pero que hay detalles que hay que corregir y reparar, pues, por ejemplo, en algunos puntos el concreto est\u00e1 reventado. Se aplicar\u00e1 un material a las fisuras, y adem\u00e1s se le cubrir\u00e1 con un protector.<\/p>\n<p>Los trabajos tendr\u00e1n una duraci\u00f3n no mayor de tres meses, y se estima que el mural tendr\u00e1 unos 20 a\u00f1os m\u00e1s de vida, sin que llegue a tener ning\u00fan tipo de intervenci\u00f3n. Una caracter\u00edstica del mural es que est\u00e1 construido en concreto, lo que le ha permitido estar en buenas condiciones, dijo el arquitecto Iriarte.<\/p>\n<p>\u201cEl significado de este acto es muy grande, porque los que sembraron la Seguridad Social en Guatemala quisieron plasmar el gran significado para la naci\u00f3n, por lo que le pidieron a los artistas que consolidaran ese esp\u00edritu, por ello llamaron a los artistas Roberto Gonz\u00e1lez Goyri, Carlos M\u00e9rida y otros m\u00e1s\u201d, destac\u00f3 el licenciado Carlos Contreras, presidente de la Junta Directiva del Instituto.<\/p>\n\r\n                <style type=\"text\/css\">\r\n                    \r\n                    #tdi_1  .td-doubleSlider-2 .td-item1 {\r\n                        background: url(\/wp-content\/uploads\/sites\/5\/2018\/10\/Restauracion-mural-la-nacionalidad-guatemalteca-IGSS-2018-3-80x60.jpg) 0 0 no-repeat;\r\n                    }\r\n                    #tdi_1  .td-doubleSlider-2 .td-item2 {\r\n                        background: url(\/wp-content\/uploads\/sites\/5\/2018\/10\/Restauracion-mural-la-nacionalidad-guatemalteca-IGSS-2018-8-80x60.jpg) 0 0 no-repeat;\r\n                    }\r\n                    #tdi_1  .td-doubleSlider-2 .td-item3 {\r\n                        background: url(\/wp-content\/uploads\/sites\/5\/2018\/10\/Restauracion-mural-la-nacionalidad-guatemalteca-IGSS-2018-11-80x60.jpg) 0 0 no-repeat;\r\n                    }\r\n                    #tdi_1  .td-doubleSlider-2 .td-item4 {\r\n                        background: url(\/wp-content\/uploads\/sites\/5\/2018\/10\/Restauracion-mural-la-nacionalidad-guatemalteca-IGSS-2018-12-80x60.jpg) 0 0 no-repeat;\r\n                    }\r\n                    #tdi_1  .td-doubleSlider-2 .td-item5 {\r\n                        background: url(\/wp-content\/uploads\/sites\/5\/2018\/10\/Restauracion-mural-la-nacionalidad-guatemalteca-IGSS-2018-13-80x60.jpg) 0 0 no-repeat;\r\n                    }\r\n                    #tdi_1  .td-doubleSlider-2 .td-item6 {\r\n                        background: url(\/wp-content\/uploads\/sites\/5\/2018\/10\/Restauracion-mural-la-nacionalidad-guatemalteca-IGSS-2018-12-1-80x60.jpg) 0 0 no-repeat;\r\n                    }\r\n                    #tdi_1  .td-doubleSlider-2 .td-item7 {\r\n                        background: url(\/wp-content\/uploads\/sites\/5\/2018\/10\/Restauracion-mural-la-nacionalidad-guatemalteca-IGSS-2018-14-80x60.jpg) 0 0 no-repeat;\r\n                    }\r\n                    #tdi_1  .td-doubleSlider-2 .td-item8 {\r\n                        background: url(\/wp-content\/uploads\/sites\/5\/2018\/10\/Restauracion-mural-la-nacionalidad-guatemalteca-IGSS-2018-15-80x60.jpg) 0 0 no-repeat;\r\n                    }\r\n                    #tdi_1  .td-doubleSlider-2 .td-item9 {\r\n                        background: url(\/wp-content\/uploads\/sites\/5\/2018\/10\/Restauracion-mural-la-nacionalidad-guatemalteca-IGSS-2018-16-80x60.jpg) 0 0 no-repeat;\r\n                    }\r\n                    #tdi_1  .td-doubleSlider-2 .td-item10 {\r\n                        background: url(\/wp-content\/uploads\/sites\/5\/2018\/10\/Restauracion-mural-la-nacionalidad-guatemalteca-IGSS-2018-17-80x60.jpg) 0 0 no-repeat;\r\n                    }\r\n                    #tdi_1  .td-doubleSlider-2 .td-item11 {\r\n                        background: url(\/wp-content\/uploads\/sites\/5\/2018\/10\/Restauracion-mural-la-nacionalidad-guatemalteca-IGSS-2018-18-80x60.jpg) 0 0 no-repeat;\r\n                    }\r\n                    #tdi_1  .td-doubleSlider-2 .td-item12 {\r\n                        background: url(\/wp-content\/uploads\/sites\/5\/2018\/10\/Restauracion-mural-la-nacionalidad-guatemalteca-IGSS-2018-19-80x60.jpg) 0 0 no-repeat;\r\n                    }\r\n                    #tdi_1  .td-doubleSlider-2 .td-item13 {\r\n                        background: url(\/wp-content\/uploads\/sites\/5\/2018\/10\/Restauracion-mural-la-nacionalidad-guatemalteca-IGSS-2018-20-80x60.jpg) 0 0 no-repeat;\r\n                    }\r\n                    #tdi_1  .td-doubleSlider-2 .td-item14 {\r\n                        background: url(\/wp-content\/uploads\/sites\/5\/2018\/10\/Restauracion-mural-la-nacionalidad-guatemalteca-IGSS-2018-21-80x60.jpg) 0 0 no-repeat;\r\n                    }\r\n                    #tdi_1  .td-doubleSlider-2 .td-item15 {\r\n                        background: url(\/wp-content\/uploads\/sites\/5\/2018\/10\/Restauracion-mural-la-nacionalidad-guatemalteca-IGSS-2018-22-80x60.jpg) 0 0 no-repeat;\r\n                    }\r\n                    #tdi_1  .td-doubleSlider-2 .td-item16 {\r\n                        background: url(\/wp-content\/uploads\/sites\/5\/2018\/10\/Restauracion-mural-la-nacionalidad-guatemalteca-IGSS-2018-23-80x60.jpg) 0 0 no-repeat;\r\n                    }\r\n                    #tdi_1  .td-doubleSlider-2 .td-item17 {\r\n                        background: url(\/wp-content\/uploads\/sites\/5\/2018\/10\/Restauracion-mural-la-nacionalidad-guatemalteca-IGSS-2018-24-80x60.jpg) 0 0 no-repeat;\r\n                    }\r\n                    #tdi_1  .td-doubleSlider-2 .td-item18 {\r\n                        background: url(\/wp-content\/uploads\/sites\/5\/2018\/10\/Restauracion-mural-la-nacionalidad-guatemalteca-IGSS-2018-25-80x60.jpg) 0 0 no-repeat;\r\n                    }\r\n                    #tdi_1  .td-doubleSlider-2 .td-item19 {\r\n                        background: url(\/wp-content\/uploads\/sites\/5\/2018\/10\/Restauracion-mural-la-nacionalidad-guatemalteca-IGSS-2018-26-80x60.jpg) 0 0 no-repeat;\r\n                    }\r\n                    #tdi_1  .td-doubleSlider-2 .td-item20 {\r\n                        background: url(\/wp-content\/uploads\/sites\/5\/2018\/10\/Restauracion-mural-la-nacionalidad-guatemalteca-IGSS-2018-36-80x60.jpg) 0 0 no-repeat;\r\n                    }\r\n                    #tdi_1  .td-doubleSlider-2 .td-item21 {\r\n                        background: url(\/wp-content\/uploads\/sites\/5\/2018\/10\/Restauracion-mural-la-nacionalidad-guatemalteca-IGSS-2018-38-80x60.jpg) 0 0 no-repeat;\r\n                    }\r\n                <\/style>\r\n\r\n                <div id=\"tdi_1\" class=\"td-gallery td-slide-on-2-columns\">\r\n                    <div class=\"post_td_gallery\">\r\n                        <div class=\"td-gallery-slide-top\">\r\n                           <div class=\"td-gallery-title\">Galer\u00eda de Im\u00e1genes<\/div>\r\n\r\n                            <div class=\"td-gallery-controls-wrapper\">\r\n                                <div class=\"td-gallery-slide-count\"><span class=\"td-gallery-slide-item-focus\">1<\/span> de 21<\/div>\r\n                                <div class=\"td-gallery-slide-prev-next-but\">\r\n                                    <i class = \"td-icon-left doubleSliderPrevButton\"><\/i>\r\n                                    <i class = \"td-icon-right doubleSliderNextButton\"><\/i>\r\n                                <\/div>\r\n                            <\/div>\r\n                        <\/div>\r\n\r\n                        <div class = \"td-doubleSlider-1 \">\r\n                            <div class = \"td-slider\">\r\n                                \r\n                    <div class = \"td-slide-item td-item1\">\r\n                        <figure class=\"td-slide-galery-figure td-slide-popup-gallery\">\r\n                            <a class=\"slide-gallery-image-link\" href=\"\/wp-content\/uploads\/sites\/5\/2018\/10\/Restauracion-mural-la-nacionalidad-guatemalteca-IGSS-2018-3.jpg\" title=\"Restauracion mural la nacionalidad guatemalteca IGSS 2018-3\"  data-caption=\"\"  data-description=\"\">\r\n                                <img decoding=\"async\" src=\"\/wp-content\/uploads\/sites\/5\/2018\/10\/Restauracion-mural-la-nacionalidad-guatemalteca-IGSS-2018-3-630x420.jpg\" srcset=\"\/wp-content\/uploads\/sites\/5\/2018\/10\/Restauracion-mural-la-nacionalidad-guatemalteca-IGSS-2018-3-630x420.jpg 630w, \/wp-content\/uploads\/sites\/5\/2018\/10\/Restauracion-mural-la-nacionalidad-guatemalteca-IGSS-2018-3-1536x1024.jpg 1536w, \/wp-content\/uploads\/sites\/5\/2018\/10\/Restauracion-mural-la-nacionalidad-guatemalteca-IGSS-2018-3-300x200.jpg 300w, \/wp-content\/uploads\/sites\/5\/2018\/10\/Restauracion-mural-la-nacionalidad-guatemalteca-IGSS-2018-3-768x512.jpg 768w, \/wp-content\/uploads\/sites\/5\/2018\/10\/Restauracion-mural-la-nacionalidad-guatemalteca-IGSS-2018-3-1024x682.jpg 1024w, \/wp-content\/uploads\/sites\/5\/2018\/10\/Restauracion-mural-la-nacionalidad-guatemalteca-IGSS-2018-3-696x464.jpg 696w, \/wp-content\/uploads\/sites\/5\/2018\/10\/Restauracion-mural-la-nacionalidad-guatemalteca-IGSS-2018-3-1068x712.jpg 1068w, \/wp-content\/uploads\/sites\/5\/2018\/10\/Restauracion-mural-la-nacionalidad-guatemalteca-IGSS-2018-3-534x356.jpg 534w, \/wp-content\/uploads\/sites\/5\/2018\/10\/Restauracion-mural-la-nacionalidad-guatemalteca-IGSS-2018-3-1920x1280.jpg 1920w, \/wp-content\/uploads\/sites\/5\/2018\/10\/Restauracion-mural-la-nacionalidad-guatemalteca-IGSS-2018-3.jpg 2000w\" sizes=\"(max-width: 630px) 100vw, 630px\" alt=\"\">\r\n                            <\/a>\r\n                            \r\n                        <\/figure>\r\n                    <\/div>\r\n                    <div class = \"td-slide-item td-item2\">\r\n                        <figure class=\"td-slide-galery-figure td-slide-popup-gallery\">\r\n                            <a class=\"slide-gallery-image-link\" href=\"\/wp-content\/uploads\/sites\/5\/2018\/10\/Restauracion-mural-la-nacionalidad-guatemalteca-IGSS-2018-8.jpg\" title=\"Restauracion mural la nacionalidad guatemalteca IGSS 2018-8\"  data-caption=\"\"  data-description=\"\">\r\n                                <img decoding=\"async\" src=\"\/wp-content\/uploads\/sites\/5\/2018\/10\/Restauracion-mural-la-nacionalidad-guatemalteca-IGSS-2018-8-630x420.jpg\" srcset=\"\/wp-content\/uploads\/sites\/5\/2018\/10\/Restauracion-mural-la-nacionalidad-guatemalteca-IGSS-2018-8-630x420.jpg 630w, \/wp-content\/uploads\/sites\/5\/2018\/10\/Restauracion-mural-la-nacionalidad-guatemalteca-IGSS-2018-8-1536x1024.jpg 1536w, \/wp-content\/uploads\/sites\/5\/2018\/10\/Restauracion-mural-la-nacionalidad-guatemalteca-IGSS-2018-8-300x200.jpg 300w, \/wp-content\/uploads\/sites\/5\/2018\/10\/Restauracion-mural-la-nacionalidad-guatemalteca-IGSS-2018-8-768x512.jpg 768w, \/wp-content\/uploads\/sites\/5\/2018\/10\/Restauracion-mural-la-nacionalidad-guatemalteca-IGSS-2018-8-1024x682.jpg 1024w, \/wp-content\/uploads\/sites\/5\/2018\/10\/Restauracion-mural-la-nacionalidad-guatemalteca-IGSS-2018-8-696x464.jpg 696w, \/wp-content\/uploads\/sites\/5\/2018\/10\/Restauracion-mural-la-nacionalidad-guatemalteca-IGSS-2018-8-1068x712.jpg 1068w, \/wp-content\/uploads\/sites\/5\/2018\/10\/Restauracion-mural-la-nacionalidad-guatemalteca-IGSS-2018-8-534x356.jpg 534w, \/wp-content\/uploads\/sites\/5\/2018\/10\/Restauracion-mural-la-nacionalidad-guatemalteca-IGSS-2018-8-1920x1280.jpg 1920w, \/wp-content\/uploads\/sites\/5\/2018\/10\/Restauracion-mural-la-nacionalidad-guatemalteca-IGSS-2018-8.jpg 2000w\" sizes=\"(max-width: 630px) 100vw, 630px\" alt=\"\">\r\n                            <\/a>\r\n                            \r\n                        <\/figure>\r\n                    <\/div>\r\n                    <div class = \"td-slide-item td-item3\">\r\n                        <figure class=\"td-slide-galery-figure td-slide-popup-gallery\">\r\n                            <a class=\"slide-gallery-image-link\" href=\"\/wp-content\/uploads\/sites\/5\/2018\/10\/Restauracion-mural-la-nacionalidad-guatemalteca-IGSS-2018-11.jpg\" title=\"Restauracion mural la nacionalidad guatemalteca IGSS 2018-11\"  data-caption=\"\"  data-description=\"\">\r\n                                <img decoding=\"async\" src=\"\/wp-content\/uploads\/sites\/5\/2018\/10\/Restauracion-mural-la-nacionalidad-guatemalteca-IGSS-2018-11-630x420.jpg\" srcset=\"\/wp-content\/uploads\/sites\/5\/2018\/10\/Restauracion-mural-la-nacionalidad-guatemalteca-IGSS-2018-11-630x420.jpg 630w, \/wp-content\/uploads\/sites\/5\/2018\/10\/Restauracion-mural-la-nacionalidad-guatemalteca-IGSS-2018-11-1536x1024.jpg 1536w, \/wp-content\/uploads\/sites\/5\/2018\/10\/Restauracion-mural-la-nacionalidad-guatemalteca-IGSS-2018-11-300x200.jpg 300w, \/wp-content\/uploads\/sites\/5\/2018\/10\/Restauracion-mural-la-nacionalidad-guatemalteca-IGSS-2018-11-768x512.jpg 768w, \/wp-content\/uploads\/sites\/5\/2018\/10\/Restauracion-mural-la-nacionalidad-guatemalteca-IGSS-2018-11-1024x682.jpg 1024w, \/wp-content\/uploads\/sites\/5\/2018\/10\/Restauracion-mural-la-nacionalidad-guatemalteca-IGSS-2018-11-696x464.jpg 696w, \/wp-content\/uploads\/sites\/5\/2018\/10\/Restauracion-mural-la-nacionalidad-guatemalteca-IGSS-2018-11-1068x712.jpg 1068w, \/wp-content\/uploads\/sites\/5\/2018\/10\/Restauracion-mural-la-nacionalidad-guatemalteca-IGSS-2018-11-534x356.jpg 534w, \/wp-content\/uploads\/sites\/5\/2018\/10\/Restauracion-mural-la-nacionalidad-guatemalteca-IGSS-2018-11-1920x1280.jpg 1920w, \/wp-content\/uploads\/sites\/5\/2018\/10\/Restauracion-mural-la-nacionalidad-guatemalteca-IGSS-2018-11.jpg 2000w\" sizes=\"(max-width: 630px) 100vw, 630px\" alt=\"\">\r\n                            <\/a>\r\n                            \r\n                        <\/figure>\r\n                    <\/div>\r\n                    <div class = \"td-slide-item td-item4\">\r\n                        <figure class=\"td-slide-galery-figure td-slide-popup-gallery\">\r\n                            <a class=\"slide-gallery-image-link\" href=\"\/wp-content\/uploads\/sites\/5\/2018\/10\/Restauracion-mural-la-nacionalidad-guatemalteca-IGSS-2018-12.jpg\" title=\"Restauracion mural la nacionalidad guatemalteca IGSS 2018-12\"  data-caption=\"\"  data-description=\"\">\r\n                                <img decoding=\"async\" src=\"\/wp-content\/uploads\/sites\/5\/2018\/10\/Restauracion-mural-la-nacionalidad-guatemalteca-IGSS-2018-12-630x420.jpg\" srcset=\"\/wp-content\/uploads\/sites\/5\/2018\/10\/Restauracion-mural-la-nacionalidad-guatemalteca-IGSS-2018-12-630x420.jpg 630w, \/wp-content\/uploads\/sites\/5\/2018\/10\/Restauracion-mural-la-nacionalidad-guatemalteca-IGSS-2018-12-1536x1024.jpg 1536w, \/wp-content\/uploads\/sites\/5\/2018\/10\/Restauracion-mural-la-nacionalidad-guatemalteca-IGSS-2018-12-300x200.jpg 300w, \/wp-content\/uploads\/sites\/5\/2018\/10\/Restauracion-mural-la-nacionalidad-guatemalteca-IGSS-2018-12-768x512.jpg 768w, \/wp-content\/uploads\/sites\/5\/2018\/10\/Restauracion-mural-la-nacionalidad-guatemalteca-IGSS-2018-12-1024x682.jpg 1024w, \/wp-content\/uploads\/sites\/5\/2018\/10\/Restauracion-mural-la-nacionalidad-guatemalteca-IGSS-2018-12-696x464.jpg 696w, \/wp-content\/uploads\/sites\/5\/2018\/10\/Restauracion-mural-la-nacionalidad-guatemalteca-IGSS-2018-12-1068x712.jpg 1068w, \/wp-content\/uploads\/sites\/5\/2018\/10\/Restauracion-mural-la-nacionalidad-guatemalteca-IGSS-2018-12-534x356.jpg 534w, \/wp-content\/uploads\/sites\/5\/2018\/10\/Restauracion-mural-la-nacionalidad-guatemalteca-IGSS-2018-12-1920x1280.jpg 1920w, \/wp-content\/uploads\/sites\/5\/2018\/10\/Restauracion-mural-la-nacionalidad-guatemalteca-IGSS-2018-12.jpg 2000w\" sizes=\"(max-width: 630px) 100vw, 630px\" alt=\"\">\r\n                            <\/a>\r\n                            \r\n                        <\/figure>\r\n                    <\/div>\r\n                    <div class = \"td-slide-item td-item5\">\r\n                        <figure class=\"td-slide-galery-figure td-slide-popup-gallery\">\r\n                            <a class=\"slide-gallery-image-link\" href=\"\/wp-content\/uploads\/sites\/5\/2018\/10\/Restauracion-mural-la-nacionalidad-guatemalteca-IGSS-2018-13.jpg\" title=\"Restauracion mural la nacionalidad guatemalteca IGSS 2018-13\"  data-caption=\"\"  data-description=\"\">\r\n                                <img decoding=\"async\" src=\"\/wp-content\/uploads\/sites\/5\/2018\/10\/Restauracion-mural-la-nacionalidad-guatemalteca-IGSS-2018-13-630x420.jpg\" srcset=\"\/wp-content\/uploads\/sites\/5\/2018\/10\/Restauracion-mural-la-nacionalidad-guatemalteca-IGSS-2018-13-630x420.jpg 630w, \/wp-content\/uploads\/sites\/5\/2018\/10\/Restauracion-mural-la-nacionalidad-guatemalteca-IGSS-2018-13-1536x1024.jpg 1536w, \/wp-content\/uploads\/sites\/5\/2018\/10\/Restauracion-mural-la-nacionalidad-guatemalteca-IGSS-2018-13-300x200.jpg 300w, \/wp-content\/uploads\/sites\/5\/2018\/10\/Restauracion-mural-la-nacionalidad-guatemalteca-IGSS-2018-13-768x512.jpg 768w, \/wp-content\/uploads\/sites\/5\/2018\/10\/Restauracion-mural-la-nacionalidad-guatemalteca-IGSS-2018-13-1024x682.jpg 1024w, \/wp-content\/uploads\/sites\/5\/2018\/10\/Restauracion-mural-la-nacionalidad-guatemalteca-IGSS-2018-13-696x464.jpg 696w, \/wp-content\/uploads\/sites\/5\/2018\/10\/Restauracion-mural-la-nacionalidad-guatemalteca-IGSS-2018-13-1068x712.jpg 1068w, \/wp-content\/uploads\/sites\/5\/2018\/10\/Restauracion-mural-la-nacionalidad-guatemalteca-IGSS-2018-13-534x356.jpg 534w, \/wp-content\/uploads\/sites\/5\/2018\/10\/Restauracion-mural-la-nacionalidad-guatemalteca-IGSS-2018-13-1920x1280.jpg 1920w, \/wp-content\/uploads\/sites\/5\/2018\/10\/Restauracion-mural-la-nacionalidad-guatemalteca-IGSS-2018-13.jpg 2000w\" sizes=\"(max-width: 630px) 100vw, 630px\" alt=\"\">\r\n                            <\/a>\r\n                            \r\n                        <\/figure>\r\n                    <\/div>\r\n                    <div class = \"td-slide-item td-item6\">\r\n                        <figure class=\"td-slide-galery-figure td-slide-popup-gallery\">\r\n                            <a class=\"slide-gallery-image-link\" href=\"\/wp-content\/uploads\/sites\/5\/2018\/10\/Restauracion-mural-la-nacionalidad-guatemalteca-IGSS-2018-12-1.jpg\" title=\"Restauracion mural la nacionalidad guatemalteca IGSS 2018-12\"  data-caption=\"\"  data-description=\"\">\r\n                                <img decoding=\"async\" src=\"\/wp-content\/uploads\/sites\/5\/2018\/10\/Restauracion-mural-la-nacionalidad-guatemalteca-IGSS-2018-12-1-630x420.jpg\" srcset=\"\/wp-content\/uploads\/sites\/5\/2018\/10\/Restauracion-mural-la-nacionalidad-guatemalteca-IGSS-2018-12-1-630x420.jpg 630w, \/wp-content\/uploads\/sites\/5\/2018\/10\/Restauracion-mural-la-nacionalidad-guatemalteca-IGSS-2018-12-1-1536x1024.jpg 1536w, \/wp-content\/uploads\/sites\/5\/2018\/10\/Restauracion-mural-la-nacionalidad-guatemalteca-IGSS-2018-12-1-300x200.jpg 300w, \/wp-content\/uploads\/sites\/5\/2018\/10\/Restauracion-mural-la-nacionalidad-guatemalteca-IGSS-2018-12-1-768x512.jpg 768w, \/wp-content\/uploads\/sites\/5\/2018\/10\/Restauracion-mural-la-nacionalidad-guatemalteca-IGSS-2018-12-1-1024x682.jpg 1024w, \/wp-content\/uploads\/sites\/5\/2018\/10\/Restauracion-mural-la-nacionalidad-guatemalteca-IGSS-2018-12-1-696x464.jpg 696w, \/wp-content\/uploads\/sites\/5\/2018\/10\/Restauracion-mural-la-nacionalidad-guatemalteca-IGSS-2018-12-1-1068x712.jpg 1068w, \/wp-content\/uploads\/sites\/5\/2018\/10\/Restauracion-mural-la-nacionalidad-guatemalteca-IGSS-2018-12-1-534x356.jpg 534w, \/wp-content\/uploads\/sites\/5\/2018\/10\/Restauracion-mural-la-nacionalidad-guatemalteca-IGSS-2018-12-1-1920x1280.jpg 1920w, \/wp-content\/uploads\/sites\/5\/2018\/10\/Restauracion-mural-la-nacionalidad-guatemalteca-IGSS-2018-12-1.jpg 2000w\" sizes=\"(max-width: 630px) 100vw, 630px\" alt=\"\">\r\n                            <\/a>\r\n                            \r\n                        <\/figure>\r\n                    <\/div>\r\n                    <div class = \"td-slide-item td-item7\">\r\n                        <figure class=\"td-slide-galery-figure td-slide-popup-gallery\">\r\n                            <a class=\"slide-gallery-image-link\" href=\"\/wp-content\/uploads\/sites\/5\/2018\/10\/Restauracion-mural-la-nacionalidad-guatemalteca-IGSS-2018-14.jpg\" title=\"Restauracion mural la nacionalidad guatemalteca IGSS 2018-14\"  data-caption=\"\"  data-description=\"\">\r\n                                <img decoding=\"async\" src=\"\/wp-content\/uploads\/sites\/5\/2018\/10\/Restauracion-mural-la-nacionalidad-guatemalteca-IGSS-2018-14-630x420.jpg\" srcset=\"\/wp-content\/uploads\/sites\/5\/2018\/10\/Restauracion-mural-la-nacionalidad-guatemalteca-IGSS-2018-14-630x420.jpg 630w, \/wp-content\/uploads\/sites\/5\/2018\/10\/Restauracion-mural-la-nacionalidad-guatemalteca-IGSS-2018-14-1536x1024.jpg 1536w, \/wp-content\/uploads\/sites\/5\/2018\/10\/Restauracion-mural-la-nacionalidad-guatemalteca-IGSS-2018-14-300x200.jpg 300w, \/wp-content\/uploads\/sites\/5\/2018\/10\/Restauracion-mural-la-nacionalidad-guatemalteca-IGSS-2018-14-768x512.jpg 768w, \/wp-content\/uploads\/sites\/5\/2018\/10\/Restauracion-mural-la-nacionalidad-guatemalteca-IGSS-2018-14-1024x682.jpg 1024w, \/wp-content\/uploads\/sites\/5\/2018\/10\/Restauracion-mural-la-nacionalidad-guatemalteca-IGSS-2018-14-696x464.jpg 696w, \/wp-content\/uploads\/sites\/5\/2018\/10\/Restauracion-mural-la-nacionalidad-guatemalteca-IGSS-2018-14-1068x712.jpg 1068w, \/wp-content\/uploads\/sites\/5\/2018\/10\/Restauracion-mural-la-nacionalidad-guatemalteca-IGSS-2018-14-534x356.jpg 534w, \/wp-content\/uploads\/sites\/5\/2018\/10\/Restauracion-mural-la-nacionalidad-guatemalteca-IGSS-2018-14.jpg 2000w\" sizes=\"(max-width: 630px) 100vw, 630px\" alt=\"\">\r\n                            <\/a>\r\n                            \r\n                        <\/figure>\r\n                    <\/div>\r\n                    <div class = \"td-slide-item td-item8\">\r\n                        <figure class=\"td-slide-galery-figure td-slide-popup-gallery\">\r\n                            <a class=\"slide-gallery-image-link\" href=\"\/wp-content\/uploads\/sites\/5\/2018\/10\/Restauracion-mural-la-nacionalidad-guatemalteca-IGSS-2018-15.jpg\" title=\"Restauracion mural la nacionalidad guatemalteca IGSS 2018-15\"  data-caption=\"\"  data-description=\"\">\r\n                                <img decoding=\"async\" src=\"\/wp-content\/uploads\/sites\/5\/2018\/10\/Restauracion-mural-la-nacionalidad-guatemalteca-IGSS-2018-15-630x420.jpg\" srcset=\"\/wp-content\/uploads\/sites\/5\/2018\/10\/Restauracion-mural-la-nacionalidad-guatemalteca-IGSS-2018-15-630x420.jpg 630w, \/wp-content\/uploads\/sites\/5\/2018\/10\/Restauracion-mural-la-nacionalidad-guatemalteca-IGSS-2018-15-1536x1024.jpg 1536w, \/wp-content\/uploads\/sites\/5\/2018\/10\/Restauracion-mural-la-nacionalidad-guatemalteca-IGSS-2018-15-300x200.jpg 300w, \/wp-content\/uploads\/sites\/5\/2018\/10\/Restauracion-mural-la-nacionalidad-guatemalteca-IGSS-2018-15-768x512.jpg 768w, \/wp-content\/uploads\/sites\/5\/2018\/10\/Restauracion-mural-la-nacionalidad-guatemalteca-IGSS-2018-15-1024x682.jpg 1024w, \/wp-content\/uploads\/sites\/5\/2018\/10\/Restauracion-mural-la-nacionalidad-guatemalteca-IGSS-2018-15-696x464.jpg 696w, \/wp-content\/uploads\/sites\/5\/2018\/10\/Restauracion-mural-la-nacionalidad-guatemalteca-IGSS-2018-15-1068x712.jpg 1068w, \/wp-content\/uploads\/sites\/5\/2018\/10\/Restauracion-mural-la-nacionalidad-guatemalteca-IGSS-2018-15-534x356.jpg 534w, \/wp-content\/uploads\/sites\/5\/2018\/10\/Restauracion-mural-la-nacionalidad-guatemalteca-IGSS-2018-15-1920x1280.jpg 1920w, \/wp-content\/uploads\/sites\/5\/2018\/10\/Restauracion-mural-la-nacionalidad-guatemalteca-IGSS-2018-15.jpg 2000w\" sizes=\"(max-width: 630px) 100vw, 630px\" alt=\"\">\r\n                            <\/a>\r\n                            \r\n                        <\/figure>\r\n                    <\/div>\r\n                    <div class = \"td-slide-item td-item9\">\r\n                        <figure class=\"td-slide-galery-figure td-slide-popup-gallery\">\r\n                            <a class=\"slide-gallery-image-link\" href=\"\/wp-content\/uploads\/sites\/5\/2018\/10\/Restauracion-mural-la-nacionalidad-guatemalteca-IGSS-2018-16.jpg\" title=\"Restauracion mural la nacionalidad guatemalteca IGSS 2018-16\"  data-caption=\"\"  data-description=\"\">\r\n                                <img decoding=\"async\" src=\"\/wp-content\/uploads\/sites\/5\/2018\/10\/Restauracion-mural-la-nacionalidad-guatemalteca-IGSS-2018-16-673x420.jpg\" srcset=\"\/wp-content\/uploads\/sites\/5\/2018\/10\/Restauracion-mural-la-nacionalidad-guatemalteca-IGSS-2018-16-673x420.jpg 673w, \/wp-content\/uploads\/sites\/5\/2018\/10\/Restauracion-mural-la-nacionalidad-guatemalteca-IGSS-2018-16-1536x958.jpg 1536w, \/wp-content\/uploads\/sites\/5\/2018\/10\/Restauracion-mural-la-nacionalidad-guatemalteca-IGSS-2018-16-300x187.jpg 300w, \/wp-content\/uploads\/sites\/5\/2018\/10\/Restauracion-mural-la-nacionalidad-guatemalteca-IGSS-2018-16-768x479.jpg 768w, \/wp-content\/uploads\/sites\/5\/2018\/10\/Restauracion-mural-la-nacionalidad-guatemalteca-IGSS-2018-16-1024x639.jpg 1024w, \/wp-content\/uploads\/sites\/5\/2018\/10\/Restauracion-mural-la-nacionalidad-guatemalteca-IGSS-2018-16-696x434.jpg 696w, \/wp-content\/uploads\/sites\/5\/2018\/10\/Restauracion-mural-la-nacionalidad-guatemalteca-IGSS-2018-16-1068x666.jpg 1068w, \/wp-content\/uploads\/sites\/5\/2018\/10\/Restauracion-mural-la-nacionalidad-guatemalteca-IGSS-2018-16-534x333.jpg 534w, \/wp-content\/uploads\/sites\/5\/2018\/10\/Restauracion-mural-la-nacionalidad-guatemalteca-IGSS-2018-16-1920x1198.jpg 1920w, \/wp-content\/uploads\/sites\/5\/2018\/10\/Restauracion-mural-la-nacionalidad-guatemalteca-IGSS-2018-16.jpg 2000w\" sizes=\"(max-width: 673px) 100vw, 673px\" alt=\"\">\r\n                            <\/a>\r\n                            \r\n                        <\/figure>\r\n                    <\/div>\r\n                    <div class = \"td-slide-item td-item10\">\r\n                        <figure class=\"td-slide-galery-figure td-slide-popup-gallery\">\r\n                            <a class=\"slide-gallery-image-link\" href=\"\/wp-content\/uploads\/sites\/5\/2018\/10\/Restauracion-mural-la-nacionalidad-guatemalteca-IGSS-2018-17.jpg\" title=\"Restauracion mural la nacionalidad guatemalteca IGSS 2018-17\"  data-caption=\"\"  data-description=\"\">\r\n                                <img decoding=\"async\" src=\"\/wp-content\/uploads\/sites\/5\/2018\/10\/Restauracion-mural-la-nacionalidad-guatemalteca-IGSS-2018-17-630x420.jpg\" srcset=\"\/wp-content\/uploads\/sites\/5\/2018\/10\/Restauracion-mural-la-nacionalidad-guatemalteca-IGSS-2018-17-630x420.jpg 630w, \/wp-content\/uploads\/sites\/5\/2018\/10\/Restauracion-mural-la-nacionalidad-guatemalteca-IGSS-2018-17-1536x1024.jpg 1536w, \/wp-content\/uploads\/sites\/5\/2018\/10\/Restauracion-mural-la-nacionalidad-guatemalteca-IGSS-2018-17-300x200.jpg 300w, \/wp-content\/uploads\/sites\/5\/2018\/10\/Restauracion-mural-la-nacionalidad-guatemalteca-IGSS-2018-17-768x512.jpg 768w, \/wp-content\/uploads\/sites\/5\/2018\/10\/Restauracion-mural-la-nacionalidad-guatemalteca-IGSS-2018-17-1024x682.jpg 1024w, \/wp-content\/uploads\/sites\/5\/2018\/10\/Restauracion-mural-la-nacionalidad-guatemalteca-IGSS-2018-17-696x464.jpg 696w, \/wp-content\/uploads\/sites\/5\/2018\/10\/Restauracion-mural-la-nacionalidad-guatemalteca-IGSS-2018-17-1068x712.jpg 1068w, \/wp-content\/uploads\/sites\/5\/2018\/10\/Restauracion-mural-la-nacionalidad-guatemalteca-IGSS-2018-17-534x356.jpg 534w, \/wp-content\/uploads\/sites\/5\/2018\/10\/Restauracion-mural-la-nacionalidad-guatemalteca-IGSS-2018-17-1920x1280.jpg 1920w, \/wp-content\/uploads\/sites\/5\/2018\/10\/Restauracion-mural-la-nacionalidad-guatemalteca-IGSS-2018-17.jpg 2000w\" sizes=\"(max-width: 630px) 100vw, 630px\" alt=\"\">\r\n                            <\/a>\r\n                            \r\n                        <\/figure>\r\n                    <\/div>\r\n                    <div class = \"td-slide-item td-item11\">\r\n                        <figure class=\"td-slide-galery-figure td-slide-popup-gallery\">\r\n                            <a class=\"slide-gallery-image-link\" href=\"\/wp-content\/uploads\/sites\/5\/2018\/10\/Restauracion-mural-la-nacionalidad-guatemalteca-IGSS-2018-18.jpg\" title=\"Restauracion mural la nacionalidad guatemalteca IGSS 2018-18\"  data-caption=\"\"  data-description=\"\">\r\n                                <img decoding=\"async\" src=\"\/wp-content\/uploads\/sites\/5\/2018\/10\/Restauracion-mural-la-nacionalidad-guatemalteca-IGSS-2018-18-630x420.jpg\" srcset=\"\/wp-content\/uploads\/sites\/5\/2018\/10\/Restauracion-mural-la-nacionalidad-guatemalteca-IGSS-2018-18-630x420.jpg 630w, \/wp-content\/uploads\/sites\/5\/2018\/10\/Restauracion-mural-la-nacionalidad-guatemalteca-IGSS-2018-18-1536x1024.jpg 1536w, \/wp-content\/uploads\/sites\/5\/2018\/10\/Restauracion-mural-la-nacionalidad-guatemalteca-IGSS-2018-18-300x200.jpg 300w, \/wp-content\/uploads\/sites\/5\/2018\/10\/Restauracion-mural-la-nacionalidad-guatemalteca-IGSS-2018-18-768x512.jpg 768w, \/wp-content\/uploads\/sites\/5\/2018\/10\/Restauracion-mural-la-nacionalidad-guatemalteca-IGSS-2018-18-1024x682.jpg 1024w, \/wp-content\/uploads\/sites\/5\/2018\/10\/Restauracion-mural-la-nacionalidad-guatemalteca-IGSS-2018-18-696x464.jpg 696w, \/wp-content\/uploads\/sites\/5\/2018\/10\/Restauracion-mural-la-nacionalidad-guatemalteca-IGSS-2018-18-1068x712.jpg 1068w, \/wp-content\/uploads\/sites\/5\/2018\/10\/Restauracion-mural-la-nacionalidad-guatemalteca-IGSS-2018-18-534x356.jpg 534w, \/wp-content\/uploads\/sites\/5\/2018\/10\/Restauracion-mural-la-nacionalidad-guatemalteca-IGSS-2018-18-1920x1280.jpg 1920w, \/wp-content\/uploads\/sites\/5\/2018\/10\/Restauracion-mural-la-nacionalidad-guatemalteca-IGSS-2018-18.jpg 2000w\" sizes=\"(max-width: 630px) 100vw, 630px\" alt=\"\">\r\n                            <\/a>\r\n                            \r\n                        <\/figure>\r\n                    <\/div>\r\n                    <div class = \"td-slide-item td-item12\">\r\n                        <figure class=\"td-slide-galery-figure td-slide-popup-gallery\">\r\n                            <a class=\"slide-gallery-image-link\" href=\"\/wp-content\/uploads\/sites\/5\/2018\/10\/Restauracion-mural-la-nacionalidad-guatemalteca-IGSS-2018-19.jpg\" title=\"Restauracion mural la nacionalidad guatemalteca IGSS 2018-19\"  data-caption=\"\"  data-description=\"\">\r\n                                <img decoding=\"async\" src=\"\/wp-content\/uploads\/sites\/5\/2018\/10\/Restauracion-mural-la-nacionalidad-guatemalteca-IGSS-2018-19-630x420.jpg\" srcset=\"\/wp-content\/uploads\/sites\/5\/2018\/10\/Restauracion-mural-la-nacionalidad-guatemalteca-IGSS-2018-19-630x420.jpg 630w, \/wp-content\/uploads\/sites\/5\/2018\/10\/Restauracion-mural-la-nacionalidad-guatemalteca-IGSS-2018-19-1536x1024.jpg 1536w, \/wp-content\/uploads\/sites\/5\/2018\/10\/Restauracion-mural-la-nacionalidad-guatemalteca-IGSS-2018-19-300x200.jpg 300w, \/wp-content\/uploads\/sites\/5\/2018\/10\/Restauracion-mural-la-nacionalidad-guatemalteca-IGSS-2018-19-768x512.jpg 768w, \/wp-content\/uploads\/sites\/5\/2018\/10\/Restauracion-mural-la-nacionalidad-guatemalteca-IGSS-2018-19-1024x682.jpg 1024w, \/wp-content\/uploads\/sites\/5\/2018\/10\/Restauracion-mural-la-nacionalidad-guatemalteca-IGSS-2018-19-696x464.jpg 696w, \/wp-content\/uploads\/sites\/5\/2018\/10\/Restauracion-mural-la-nacionalidad-guatemalteca-IGSS-2018-19-1068x712.jpg 1068w, \/wp-content\/uploads\/sites\/5\/2018\/10\/Restauracion-mural-la-nacionalidad-guatemalteca-IGSS-2018-19-534x356.jpg 534w, \/wp-content\/uploads\/sites\/5\/2018\/10\/Restauracion-mural-la-nacionalidad-guatemalteca-IGSS-2018-19-1920x1280.jpg 1920w, \/wp-content\/uploads\/sites\/5\/2018\/10\/Restauracion-mural-la-nacionalidad-guatemalteca-IGSS-2018-19.jpg 2000w\" sizes=\"(max-width: 630px) 100vw, 630px\" alt=\"\">\r\n                            <\/a>\r\n                            \r\n                        <\/figure>\r\n                    <\/div>\r\n                    <div class = \"td-slide-item td-item13\">\r\n                        <figure class=\"td-slide-galery-figure td-slide-popup-gallery\">\r\n                            <a class=\"slide-gallery-image-link\" href=\"\/wp-content\/uploads\/sites\/5\/2018\/10\/Restauracion-mural-la-nacionalidad-guatemalteca-IGSS-2018-20.jpg\" title=\"Restauracion mural la nacionalidad guatemalteca IGSS 2018-20\"  data-caption=\"\"  data-description=\"\">\r\n                                <img decoding=\"async\" src=\"\/wp-content\/uploads\/sites\/5\/2018\/10\/Restauracion-mural-la-nacionalidad-guatemalteca-IGSS-2018-20-630x420.jpg\" srcset=\"\/wp-content\/uploads\/sites\/5\/2018\/10\/Restauracion-mural-la-nacionalidad-guatemalteca-IGSS-2018-20-630x420.jpg 630w, \/wp-content\/uploads\/sites\/5\/2018\/10\/Restauracion-mural-la-nacionalidad-guatemalteca-IGSS-2018-20-1536x1024.jpg 1536w, \/wp-content\/uploads\/sites\/5\/2018\/10\/Restauracion-mural-la-nacionalidad-guatemalteca-IGSS-2018-20-300x200.jpg 300w, \/wp-content\/uploads\/sites\/5\/2018\/10\/Restauracion-mural-la-nacionalidad-guatemalteca-IGSS-2018-20-768x512.jpg 768w, \/wp-content\/uploads\/sites\/5\/2018\/10\/Restauracion-mural-la-nacionalidad-guatemalteca-IGSS-2018-20-1024x682.jpg 1024w, \/wp-content\/uploads\/sites\/5\/2018\/10\/Restauracion-mural-la-nacionalidad-guatemalteca-IGSS-2018-20-696x464.jpg 696w, \/wp-content\/uploads\/sites\/5\/2018\/10\/Restauracion-mural-la-nacionalidad-guatemalteca-IGSS-2018-20-1068x712.jpg 1068w, \/wp-content\/uploads\/sites\/5\/2018\/10\/Restauracion-mural-la-nacionalidad-guatemalteca-IGSS-2018-20-534x356.jpg 534w, \/wp-content\/uploads\/sites\/5\/2018\/10\/Restauracion-mural-la-nacionalidad-guatemalteca-IGSS-2018-20-1920x1280.jpg 1920w, \/wp-content\/uploads\/sites\/5\/2018\/10\/Restauracion-mural-la-nacionalidad-guatemalteca-IGSS-2018-20.jpg 2000w\" sizes=\"(max-width: 630px) 100vw, 630px\" alt=\"\">\r\n                            <\/a>\r\n                            \r\n                        <\/figure>\r\n                    <\/div>\r\n                    <div class = \"td-slide-item td-item14\">\r\n                        <figure class=\"td-slide-galery-figure td-slide-popup-gallery\">\r\n                            <a class=\"slide-gallery-image-link\" href=\"\/wp-content\/uploads\/sites\/5\/2018\/10\/Restauracion-mural-la-nacionalidad-guatemalteca-IGSS-2018-21.jpg\" title=\"Restauracion mural la nacionalidad guatemalteca IGSS 2018-21\"  data-caption=\"\"  data-description=\"\">\r\n                                <img decoding=\"async\" src=\"\/wp-content\/uploads\/sites\/5\/2018\/10\/Restauracion-mural-la-nacionalidad-guatemalteca-IGSS-2018-21-630x420.jpg\" srcset=\"\/wp-content\/uploads\/sites\/5\/2018\/10\/Restauracion-mural-la-nacionalidad-guatemalteca-IGSS-2018-21-630x420.jpg 630w, \/wp-content\/uploads\/sites\/5\/2018\/10\/Restauracion-mural-la-nacionalidad-guatemalteca-IGSS-2018-21-1536x1024.jpg 1536w, \/wp-content\/uploads\/sites\/5\/2018\/10\/Restauracion-mural-la-nacionalidad-guatemalteca-IGSS-2018-21-300x200.jpg 300w, \/wp-content\/uploads\/sites\/5\/2018\/10\/Restauracion-mural-la-nacionalidad-guatemalteca-IGSS-2018-21-768x512.jpg 768w, \/wp-content\/uploads\/sites\/5\/2018\/10\/Restauracion-mural-la-nacionalidad-guatemalteca-IGSS-2018-21-1024x682.jpg 1024w, \/wp-content\/uploads\/sites\/5\/2018\/10\/Restauracion-mural-la-nacionalidad-guatemalteca-IGSS-2018-21-696x464.jpg 696w, \/wp-content\/uploads\/sites\/5\/2018\/10\/Restauracion-mural-la-nacionalidad-guatemalteca-IGSS-2018-21-1068x712.jpg 1068w, \/wp-content\/uploads\/sites\/5\/2018\/10\/Restauracion-mural-la-nacionalidad-guatemalteca-IGSS-2018-21-534x356.jpg 534w, \/wp-content\/uploads\/sites\/5\/2018\/10\/Restauracion-mural-la-nacionalidad-guatemalteca-IGSS-2018-21-1920x1280.jpg 1920w, \/wp-content\/uploads\/sites\/5\/2018\/10\/Restauracion-mural-la-nacionalidad-guatemalteca-IGSS-2018-21.jpg 2000w\" sizes=\"(max-width: 630px) 100vw, 630px\" alt=\"\">\r\n                            <\/a>\r\n                            \r\n                        <\/figure>\r\n                    <\/div>\r\n                    <div class = \"td-slide-item td-item15\">\r\n                        <figure class=\"td-slide-galery-figure td-slide-popup-gallery\">\r\n                            <a class=\"slide-gallery-image-link\" href=\"\/wp-content\/uploads\/sites\/5\/2018\/10\/Restauracion-mural-la-nacionalidad-guatemalteca-IGSS-2018-22.jpg\" title=\"Restauracion mural la nacionalidad guatemalteca IGSS 2018-22\"  data-caption=\"\"  data-description=\"\">\r\n                                <img decoding=\"async\" src=\"\/wp-content\/uploads\/sites\/5\/2018\/10\/Restauracion-mural-la-nacionalidad-guatemalteca-IGSS-2018-22-630x420.jpg\" srcset=\"\/wp-content\/uploads\/sites\/5\/2018\/10\/Restauracion-mural-la-nacionalidad-guatemalteca-IGSS-2018-22-630x420.jpg 630w, \/wp-content\/uploads\/sites\/5\/2018\/10\/Restauracion-mural-la-nacionalidad-guatemalteca-IGSS-2018-22-1536x1024.jpg 1536w, \/wp-content\/uploads\/sites\/5\/2018\/10\/Restauracion-mural-la-nacionalidad-guatemalteca-IGSS-2018-22-300x200.jpg 300w, \/wp-content\/uploads\/sites\/5\/2018\/10\/Restauracion-mural-la-nacionalidad-guatemalteca-IGSS-2018-22-768x512.jpg 768w, \/wp-content\/uploads\/sites\/5\/2018\/10\/Restauracion-mural-la-nacionalidad-guatemalteca-IGSS-2018-22-1024x682.jpg 1024w, \/wp-content\/uploads\/sites\/5\/2018\/10\/Restauracion-mural-la-nacionalidad-guatemalteca-IGSS-2018-22-696x464.jpg 696w, \/wp-content\/uploads\/sites\/5\/2018\/10\/Restauracion-mural-la-nacionalidad-guatemalteca-IGSS-2018-22-1068x712.jpg 1068w, \/wp-content\/uploads\/sites\/5\/2018\/10\/Restauracion-mural-la-nacionalidad-guatemalteca-IGSS-2018-22-534x356.jpg 534w, \/wp-content\/uploads\/sites\/5\/2018\/10\/Restauracion-mural-la-nacionalidad-guatemalteca-IGSS-2018-22-1920x1280.jpg 1920w, \/wp-content\/uploads\/sites\/5\/2018\/10\/Restauracion-mural-la-nacionalidad-guatemalteca-IGSS-2018-22.jpg 2000w\" sizes=\"(max-width: 630px) 100vw, 630px\" alt=\"\">\r\n                            <\/a>\r\n                            \r\n                        <\/figure>\r\n                    <\/div>\r\n                    <div class = \"td-slide-item td-item16\">\r\n                        <figure class=\"td-slide-galery-figure td-slide-popup-gallery\">\r\n                            <a class=\"slide-gallery-image-link\" href=\"\/wp-content\/uploads\/sites\/5\/2018\/10\/Restauracion-mural-la-nacionalidad-guatemalteca-IGSS-2018-23.jpg\" title=\"Restauracion mural la nacionalidad guatemalteca IGSS 2018-23\"  data-caption=\"\"  data-description=\"\">\r\n                                <img decoding=\"async\" src=\"\/wp-content\/uploads\/sites\/5\/2018\/10\/Restauracion-mural-la-nacionalidad-guatemalteca-IGSS-2018-23-630x420.jpg\" srcset=\"\/wp-content\/uploads\/sites\/5\/2018\/10\/Restauracion-mural-la-nacionalidad-guatemalteca-IGSS-2018-23-630x420.jpg 630w, \/wp-content\/uploads\/sites\/5\/2018\/10\/Restauracion-mural-la-nacionalidad-guatemalteca-IGSS-2018-23-1536x1024.jpg 1536w, \/wp-content\/uploads\/sites\/5\/2018\/10\/Restauracion-mural-la-nacionalidad-guatemalteca-IGSS-2018-23-300x200.jpg 300w, \/wp-content\/uploads\/sites\/5\/2018\/10\/Restauracion-mural-la-nacionalidad-guatemalteca-IGSS-2018-23-768x512.jpg 768w, \/wp-content\/uploads\/sites\/5\/2018\/10\/Restauracion-mural-la-nacionalidad-guatemalteca-IGSS-2018-23-1024x682.jpg 1024w, \/wp-content\/uploads\/sites\/5\/2018\/10\/Restauracion-mural-la-nacionalidad-guatemalteca-IGSS-2018-23-696x464.jpg 696w, \/wp-content\/uploads\/sites\/5\/2018\/10\/Restauracion-mural-la-nacionalidad-guatemalteca-IGSS-2018-23-1068x712.jpg 1068w, \/wp-content\/uploads\/sites\/5\/2018\/10\/Restauracion-mural-la-nacionalidad-guatemalteca-IGSS-2018-23-534x356.jpg 534w, \/wp-content\/uploads\/sites\/5\/2018\/10\/Restauracion-mural-la-nacionalidad-guatemalteca-IGSS-2018-23-1920x1280.jpg 1920w, \/wp-content\/uploads\/sites\/5\/2018\/10\/Restauracion-mural-la-nacionalidad-guatemalteca-IGSS-2018-23.jpg 2000w\" sizes=\"(max-width: 630px) 100vw, 630px\" alt=\"\">\r\n                            <\/a>\r\n                            \r\n                        <\/figure>\r\n                    <\/div>\r\n                    <div class = \"td-slide-item td-item17\">\r\n                        <figure class=\"td-slide-galery-figure td-slide-popup-gallery\">\r\n                            <a class=\"slide-gallery-image-link\" href=\"\/wp-content\/uploads\/sites\/5\/2018\/10\/Restauracion-mural-la-nacionalidad-guatemalteca-IGSS-2018-24.jpg\" title=\"Restauracion mural la nacionalidad guatemalteca IGSS 2018-24\"  data-caption=\"\"  data-description=\"\">\r\n                                <img decoding=\"async\" src=\"\/wp-content\/uploads\/sites\/5\/2018\/10\/Restauracion-mural-la-nacionalidad-guatemalteca-IGSS-2018-24-630x420.jpg\" srcset=\"\/wp-content\/uploads\/sites\/5\/2018\/10\/Restauracion-mural-la-nacionalidad-guatemalteca-IGSS-2018-24-630x420.jpg 630w, \/wp-content\/uploads\/sites\/5\/2018\/10\/Restauracion-mural-la-nacionalidad-guatemalteca-IGSS-2018-24-1536x1024.jpg 1536w, \/wp-content\/uploads\/sites\/5\/2018\/10\/Restauracion-mural-la-nacionalidad-guatemalteca-IGSS-2018-24-300x200.jpg 300w, \/wp-content\/uploads\/sites\/5\/2018\/10\/Restauracion-mural-la-nacionalidad-guatemalteca-IGSS-2018-24-768x512.jpg 768w, \/wp-content\/uploads\/sites\/5\/2018\/10\/Restauracion-mural-la-nacionalidad-guatemalteca-IGSS-2018-24-1024x682.jpg 1024w, \/wp-content\/uploads\/sites\/5\/2018\/10\/Restauracion-mural-la-nacionalidad-guatemalteca-IGSS-2018-24-696x464.jpg 696w, \/wp-content\/uploads\/sites\/5\/2018\/10\/Restauracion-mural-la-nacionalidad-guatemalteca-IGSS-2018-24-1068x712.jpg 1068w, \/wp-content\/uploads\/sites\/5\/2018\/10\/Restauracion-mural-la-nacionalidad-guatemalteca-IGSS-2018-24-534x356.jpg 534w, \/wp-content\/uploads\/sites\/5\/2018\/10\/Restauracion-mural-la-nacionalidad-guatemalteca-IGSS-2018-24-1920x1280.jpg 1920w, \/wp-content\/uploads\/sites\/5\/2018\/10\/Restauracion-mural-la-nacionalidad-guatemalteca-IGSS-2018-24.jpg 2000w\" sizes=\"(max-width: 630px) 100vw, 630px\" alt=\"\">\r\n                            <\/a>\r\n                            \r\n                        <\/figure>\r\n                    <\/div>\r\n                    <div class = \"td-slide-item td-item18\">\r\n                        <figure class=\"td-slide-galery-figure td-slide-popup-gallery\">\r\n                            <a class=\"slide-gallery-image-link\" href=\"\/wp-content\/uploads\/sites\/5\/2018\/10\/Restauracion-mural-la-nacionalidad-guatemalteca-IGSS-2018-25.jpg\" title=\"Restauracion mural la nacionalidad guatemalteca IGSS 2018-25\"  data-caption=\"\"  data-description=\"\">\r\n                                <img decoding=\"async\" src=\"\/wp-content\/uploads\/sites\/5\/2018\/10\/Restauracion-mural-la-nacionalidad-guatemalteca-IGSS-2018-25-630x420.jpg\" srcset=\"\/wp-content\/uploads\/sites\/5\/2018\/10\/Restauracion-mural-la-nacionalidad-guatemalteca-IGSS-2018-25-630x420.jpg 630w, \/wp-content\/uploads\/sites\/5\/2018\/10\/Restauracion-mural-la-nacionalidad-guatemalteca-IGSS-2018-25-1536x1024.jpg 1536w, \/wp-content\/uploads\/sites\/5\/2018\/10\/Restauracion-mural-la-nacionalidad-guatemalteca-IGSS-2018-25-300x200.jpg 300w, \/wp-content\/uploads\/sites\/5\/2018\/10\/Restauracion-mural-la-nacionalidad-guatemalteca-IGSS-2018-25-768x512.jpg 768w, \/wp-content\/uploads\/sites\/5\/2018\/10\/Restauracion-mural-la-nacionalidad-guatemalteca-IGSS-2018-25-1024x682.jpg 1024w, \/wp-content\/uploads\/sites\/5\/2018\/10\/Restauracion-mural-la-nacionalidad-guatemalteca-IGSS-2018-25-696x464.jpg 696w, \/wp-content\/uploads\/sites\/5\/2018\/10\/Restauracion-mural-la-nacionalidad-guatemalteca-IGSS-2018-25-1068x712.jpg 1068w, \/wp-content\/uploads\/sites\/5\/2018\/10\/Restauracion-mural-la-nacionalidad-guatemalteca-IGSS-2018-25-534x356.jpg 534w, \/wp-content\/uploads\/sites\/5\/2018\/10\/Restauracion-mural-la-nacionalidad-guatemalteca-IGSS-2018-25-1920x1280.jpg 1920w, \/wp-content\/uploads\/sites\/5\/2018\/10\/Restauracion-mural-la-nacionalidad-guatemalteca-IGSS-2018-25.jpg 2000w\" sizes=\"(max-width: 630px) 100vw, 630px\" alt=\"\">\r\n                            <\/a>\r\n                            \r\n                        <\/figure>\r\n                    <\/div>\r\n                    <div class = \"td-slide-item td-item19\">\r\n                        <figure class=\"td-slide-galery-figure td-slide-popup-gallery\">\r\n                            <a class=\"slide-gallery-image-link\" href=\"\/wp-content\/uploads\/sites\/5\/2018\/10\/Restauracion-mural-la-nacionalidad-guatemalteca-IGSS-2018-26.jpg\" title=\"Restauracion mural la nacionalidad guatemalteca IGSS 2018-26\"  data-caption=\"\"  data-description=\"\">\r\n                                <img decoding=\"async\" src=\"\/wp-content\/uploads\/sites\/5\/2018\/10\/Restauracion-mural-la-nacionalidad-guatemalteca-IGSS-2018-26-630x420.jpg\" srcset=\"\/wp-content\/uploads\/sites\/5\/2018\/10\/Restauracion-mural-la-nacionalidad-guatemalteca-IGSS-2018-26-630x420.jpg 630w, \/wp-content\/uploads\/sites\/5\/2018\/10\/Restauracion-mural-la-nacionalidad-guatemalteca-IGSS-2018-26-1536x1024.jpg 1536w, \/wp-content\/uploads\/sites\/5\/2018\/10\/Restauracion-mural-la-nacionalidad-guatemalteca-IGSS-2018-26-300x200.jpg 300w, \/wp-content\/uploads\/sites\/5\/2018\/10\/Restauracion-mural-la-nacionalidad-guatemalteca-IGSS-2018-26-768x512.jpg 768w, \/wp-content\/uploads\/sites\/5\/2018\/10\/Restauracion-mural-la-nacionalidad-guatemalteca-IGSS-2018-26-1024x682.jpg 1024w, \/wp-content\/uploads\/sites\/5\/2018\/10\/Restauracion-mural-la-nacionalidad-guatemalteca-IGSS-2018-26-696x464.jpg 696w, \/wp-content\/uploads\/sites\/5\/2018\/10\/Restauracion-mural-la-nacionalidad-guatemalteca-IGSS-2018-26-1068x712.jpg 1068w, \/wp-content\/uploads\/sites\/5\/2018\/10\/Restauracion-mural-la-nacionalidad-guatemalteca-IGSS-2018-26-534x356.jpg 534w, \/wp-content\/uploads\/sites\/5\/2018\/10\/Restauracion-mural-la-nacionalidad-guatemalteca-IGSS-2018-26-1920x1280.jpg 1920w, \/wp-content\/uploads\/sites\/5\/2018\/10\/Restauracion-mural-la-nacionalidad-guatemalteca-IGSS-2018-26.jpg 2000w\" sizes=\"(max-width: 630px) 100vw, 630px\" alt=\"\">\r\n                            <\/a>\r\n                            \r\n                        <\/figure>\r\n                    <\/div>\r\n                    <div class = \"td-slide-item td-item20\">\r\n                        <figure class=\"td-slide-galery-figure td-slide-popup-gallery\">\r\n                            <a class=\"slide-gallery-image-link\" href=\"\/wp-content\/uploads\/sites\/5\/2018\/10\/Restauracion-mural-la-nacionalidad-guatemalteca-IGSS-2018-36.jpg\" title=\"Restauracion mural la nacionalidad guatemalteca IGSS 2018-36\"  data-caption=\"\"  data-description=\"\">\r\n                                <img decoding=\"async\" src=\"\/wp-content\/uploads\/sites\/5\/2018\/10\/Restauracion-mural-la-nacionalidad-guatemalteca-IGSS-2018-36-630x420.jpg\" srcset=\"\/wp-content\/uploads\/sites\/5\/2018\/10\/Restauracion-mural-la-nacionalidad-guatemalteca-IGSS-2018-36-630x420.jpg 630w, \/wp-content\/uploads\/sites\/5\/2018\/10\/Restauracion-mural-la-nacionalidad-guatemalteca-IGSS-2018-36-1536x1024.jpg 1536w, \/wp-content\/uploads\/sites\/5\/2018\/10\/Restauracion-mural-la-nacionalidad-guatemalteca-IGSS-2018-36-300x200.jpg 300w, \/wp-content\/uploads\/sites\/5\/2018\/10\/Restauracion-mural-la-nacionalidad-guatemalteca-IGSS-2018-36-768x512.jpg 768w, \/wp-content\/uploads\/sites\/5\/2018\/10\/Restauracion-mural-la-nacionalidad-guatemalteca-IGSS-2018-36-1024x682.jpg 1024w, \/wp-content\/uploads\/sites\/5\/2018\/10\/Restauracion-mural-la-nacionalidad-guatemalteca-IGSS-2018-36-696x464.jpg 696w, \/wp-content\/uploads\/sites\/5\/2018\/10\/Restauracion-mural-la-nacionalidad-guatemalteca-IGSS-2018-36-1068x712.jpg 1068w, \/wp-content\/uploads\/sites\/5\/2018\/10\/Restauracion-mural-la-nacionalidad-guatemalteca-IGSS-2018-36-534x356.jpg 534w, \/wp-content\/uploads\/sites\/5\/2018\/10\/Restauracion-mural-la-nacionalidad-guatemalteca-IGSS-2018-36-1920x1280.jpg 1920w, \/wp-content\/uploads\/sites\/5\/2018\/10\/Restauracion-mural-la-nacionalidad-guatemalteca-IGSS-2018-36.jpg 2000w\" sizes=\"(max-width: 630px) 100vw, 630px\" alt=\"\">\r\n                            <\/a>\r\n                            \r\n                        <\/figure>\r\n                    <\/div>\r\n                    <div class = \"td-slide-item td-item21\">\r\n                        <figure class=\"td-slide-galery-figure td-slide-popup-gallery\">\r\n                            <a class=\"slide-gallery-image-link\" href=\"\/wp-content\/uploads\/sites\/5\/2018\/10\/Restauracion-mural-la-nacionalidad-guatemalteca-IGSS-2018-38.jpg\" title=\"Restauracion mural la nacionalidad guatemalteca IGSS 2018-38\"  data-caption=\"\"  data-description=\"\">\r\n                                <img decoding=\"async\" src=\"\/wp-content\/uploads\/sites\/5\/2018\/10\/Restauracion-mural-la-nacionalidad-guatemalteca-IGSS-2018-38-630x420.jpg\" srcset=\"\/wp-content\/uploads\/sites\/5\/2018\/10\/Restauracion-mural-la-nacionalidad-guatemalteca-IGSS-2018-38-630x420.jpg 630w, \/wp-content\/uploads\/sites\/5\/2018\/10\/Restauracion-mural-la-nacionalidad-guatemalteca-IGSS-2018-38-1536x1024.jpg 1536w, \/wp-content\/uploads\/sites\/5\/2018\/10\/Restauracion-mural-la-nacionalidad-guatemalteca-IGSS-2018-38-300x200.jpg 300w, \/wp-content\/uploads\/sites\/5\/2018\/10\/Restauracion-mural-la-nacionalidad-guatemalteca-IGSS-2018-38-768x512.jpg 768w, \/wp-content\/uploads\/sites\/5\/2018\/10\/Restauracion-mural-la-nacionalidad-guatemalteca-IGSS-2018-38-1024x682.jpg 1024w, \/wp-content\/uploads\/sites\/5\/2018\/10\/Restauracion-mural-la-nacionalidad-guatemalteca-IGSS-2018-38-696x464.jpg 696w, \/wp-content\/uploads\/sites\/5\/2018\/10\/Restauracion-mural-la-nacionalidad-guatemalteca-IGSS-2018-38-1068x712.jpg 1068w, \/wp-content\/uploads\/sites\/5\/2018\/10\/Restauracion-mural-la-nacionalidad-guatemalteca-IGSS-2018-38-534x356.jpg 534w, \/wp-content\/uploads\/sites\/5\/2018\/10\/Restauracion-mural-la-nacionalidad-guatemalteca-IGSS-2018-38-1920x1280.jpg 1920w, \/wp-content\/uploads\/sites\/5\/2018\/10\/Restauracion-mural-la-nacionalidad-guatemalteca-IGSS-2018-38.jpg 2000w\" sizes=\"(max-width: 630px) 100vw, 630px\" alt=\"\">\r\n                            <\/a>\r\n                            \r\n                        <\/figure>\r\n                    <\/div>\r\n                            <\/div>\r\n                        <\/div>\r\n\r\n                        <div class = \"td-doubleSlider-2\">\r\n                            <div class = \"td-slider\">\r\n                                \r\n                    <div class = \"td-button td-item1\">\r\n                        <div class = \"td-border\"><\/div>\r\n                    <\/div>\r\n                    <div class = \"td-button td-item2\">\r\n                        <div class = \"td-border\"><\/div>\r\n                    <\/div>\r\n                    <div class = \"td-button td-item3\">\r\n                        <div class = \"td-border\"><\/div>\r\n                    <\/div>\r\n                    <div class = \"td-button td-item4\">\r\n                        <div class = \"td-border\"><\/div>\r\n                    <\/div>\r\n                    <div class = \"td-button td-item5\">\r\n                        <div class = \"td-border\"><\/div>\r\n                    <\/div>\r\n                    <div class = \"td-button td-item6\">\r\n                        <div class = \"td-border\"><\/div>\r\n                    <\/div>\r\n                    <div class = \"td-button td-item7\">\r\n                        <div class = \"td-border\"><\/div>\r\n                    <\/div>\r\n                    <div class = \"td-button td-item8\">\r\n                        <div class = \"td-border\"><\/div>\r\n                    <\/div>\r\n                    <div class = \"td-button td-item9\">\r\n                        <div class = \"td-border\"><\/div>\r\n                    <\/div>\r\n                    <div class = \"td-button td-item10\">\r\n                        <div class = \"td-border\"><\/div>\r\n                    <\/div>\r\n                    <div class = \"td-button td-item11\">\r\n                        <div class = \"td-border\"><\/div>\r\n                    <\/div>\r\n                    <div class = \"td-button td-item12\">\r\n                        <div class = \"td-border\"><\/div>\r\n                    <\/div>\r\n                    <div class = \"td-button td-item13\">\r\n                        <div class = \"td-border\"><\/div>\r\n                    <\/div>\r\n                    <div class = \"td-button td-item14\">\r\n                        <div class = \"td-border\"><\/div>\r\n                    <\/div>\r\n                    <div class = \"td-button td-item15\">\r\n                        <div class = \"td-border\"><\/div>\r\n                    <\/div>\r\n                    <div class = \"td-button td-item16\">\r\n                        <div class = \"td-border\"><\/div>\r\n                    <\/div>\r\n                    <div class = \"td-button td-item17\">\r\n                        <div class = \"td-border\"><\/div>\r\n                    <\/div>\r\n                    <div class = \"td-button td-item18\">\r\n                        <div class = \"td-border\"><\/div>\r\n                    <\/div>\r\n                    <div class = \"td-button td-item19\">\r\n                        <div class = \"td-border\"><\/div>\r\n                    <\/div>\r\n                    <div class = \"td-button td-item20\">\r\n                        <div class = \"td-border\"><\/div>\r\n                    <\/div>\r\n                    <div class = \"td-button td-item21\">\r\n                        <div class = \"td-border\"><\/div>\r\n                    <\/div>\r\n                            <\/div>\r\n                        <\/div>\r\n\r\n                    <\/div>\r\n\r\n                <\/div>\r\n                \n<hr \/>\n<p>&nbsp;<\/p>\n","protected":false},"excerpt":{"rendered":"<p>Con un acto especial al que asistieron autoridades del Seguro Social y familiares del maestro Roberto Gonz\u00e1lez Goyri, creador del mural \u201cNacionalidad Guatemalteca\u201d, ubicado en uno de los muros del edificio de las Oficinas Centrales del IGSS, se dio inicio a los trabajos de restauraci\u00f3n de la obra. \u201cFelicito a las autoridades del IGSS por [&hellip;]<\/p>\n","protected":false},"author":4,"featured_media":7411,"comment_status":"open","ping_status":"open","sticky":false,"template":"","format":"standard","meta":{"footnotes":""},"categories":[3,18,29],"tags":[550,649,763],"coauthors":[],"class_list":{"0":"post-7402","1":"post","2":"type-post","3":"status-publish","4":"format-standard","5":"has-post-thumbnail","7":"category-actualidad","8":"category-equipamiento-e-infraestructura","9":"category-publicaciones","10":"tag-la-nacionalidad-guatemalteca","11":"tag-murales-igss","12":"tag-roberto-gonzalez-goyri"},"_links":{"self":[{"href":"https:\/\/www.igssgt.org\/noticias\/wp-json\/wp\/v2\/posts\/7402","targetHints":{"allow":["GET"]}}],"collection":[{"href":"https:\/\/www.igssgt.org\/noticias\/wp-json\/wp\/v2\/posts"}],"about":[{"href":"https:\/\/www.igssgt.org\/noticias\/wp-json\/wp\/v2\/types\/post"}],"author":[{"embeddable":true,"href":"https:\/\/www.igssgt.org\/noticias\/wp-json\/wp\/v2\/users\/4"}],"replies":[{"embeddable":true,"href":"https:\/\/www.igssgt.org\/noticias\/wp-json\/wp\/v2\/comments?post=7402"}],"version-history":[{"count":0,"href":"https:\/\/www.igssgt.org\/noticias\/wp-json\/wp\/v2\/posts\/7402\/revisions"}],"wp:featuredmedia":[{"embeddable":true,"href":"https:\/\/www.igssgt.org\/noticias\/wp-json\/wp\/v2\/media\/7411"}],"wp:attachment":[{"href":"https:\/\/www.igssgt.org\/noticias\/wp-json\/wp\/v2\/media?parent=7402"}],"wp:term":[{"taxonomy":"category","embeddable":true,"href":"https:\/\/www.igssgt.org\/noticias\/wp-json\/wp\/v2\/categories?post=7402"},{"taxonomy":"post_tag","embeddable":true,"href":"https:\/\/www.igssgt.org\/noticias\/wp-json\/wp\/v2\/tags?post=7402"},{"taxonomy":"author","embeddable":true,"href":"https:\/\/www.igssgt.org\/noticias\/wp-json\/wp\/v2\/coauthors?post=7402"}],"curies":[{"name":"wp","href":"https:\/\/api.w.org\/{rel}","templated":true}]}}