{"id":7431,"date":"2018-10-26T08:00:37","date_gmt":"2018-10-26T14:00:37","guid":{"rendered":"http:\/\/noticias.igssgt.org\/?p=7431"},"modified":"2018-10-26T08:00:37","modified_gmt":"2018-10-26T14:00:37","slug":"el-periodico-mural-nacionalidad-guatemalteca-a-restauracion","status":"publish","type":"post","link":"https:\/\/www.igssgt.org\/noticias\/2018\/10\/26\/el-periodico-mural-nacionalidad-guatemalteca-a-restauracion\/","title":{"rendered":"El Peri\u00f3dico: Mural \u201cNacionalidad Guatemalteca\u201d a restauraci\u00f3n"},"content":{"rendered":"<figure id=\"attachment_7432\" aria-describedby=\"caption-attachment-7432\" style=\"width: 3939px\" class=\"wp-caption alignnone\"><a href=\"\/noticias\/wp-content\/uploads\/sites\/5\/2018\/10\/El-periodico-mural-IGSS-gonzalez-goyri-2018-doble-pagina.jpg\"><img loading=\"lazy\" decoding=\"async\" class=\"wp-image-7432 size-full\" src=\"\/noticias\/wp-content\/uploads\/sites\/5\/2018\/10\/El-periodico-mural-IGSS-gonzalez-goyri-2018-doble-pagina.jpg\" alt=\"\" width=\"3939\" height=\"2484\" \/><\/a><figcaption id=\"caption-attachment-7432\" class=\"wp-caption-text\">Publicaci\u00f3n de El Peri\u00f3dico de fecha 26 de octubre de 2018, p\u00e1ginas 18 y 19. Haga doble clic en la imagen para verla en alta definici\u00f3n.<\/figcaption><\/figure>\n<h4><a href=\"\/noticias\/wp-content\/uploads\/sites\/5\/2018\/10\/El-Periodico-mural-nacionalidad-guatemalteca-gonzalez-goyri-a-reatauracion-01.jpg\"><img loading=\"lazy\" decoding=\"async\" class=\"alignnone size-full wp-image-7433\" src=\"\/noticias\/wp-content\/uploads\/sites\/5\/2018\/10\/El-Periodico-mural-nacionalidad-guatemalteca-gonzalez-goyri-a-reatauracion-01.jpg\" alt=\"\" width=\"1024\" height=\"684\" srcset=\"\/wp-content\/uploads\/sites\/5\/2018\/10\/El-Periodico-mural-nacionalidad-guatemalteca-gonzalez-goyri-a-reatauracion-01.jpg 1024w, \/wp-content\/uploads\/sites\/5\/2018\/10\/El-Periodico-mural-nacionalidad-guatemalteca-gonzalez-goyri-a-reatauracion-01-300x200.jpg 300w, \/wp-content\/uploads\/sites\/5\/2018\/10\/El-Periodico-mural-nacionalidad-guatemalteca-gonzalez-goyri-a-reatauracion-01-768x513.jpg 768w, \/wp-content\/uploads\/sites\/5\/2018\/10\/El-Periodico-mural-nacionalidad-guatemalteca-gonzalez-goyri-a-reatauracion-01-629x420.jpg 629w, \/wp-content\/uploads\/sites\/5\/2018\/10\/El-Periodico-mural-nacionalidad-guatemalteca-gonzalez-goyri-a-reatauracion-01-696x465.jpg 696w, \/wp-content\/uploads\/sites\/5\/2018\/10\/El-Periodico-mural-nacionalidad-guatemalteca-gonzalez-goyri-a-reatauracion-01-534x357.jpg 534w\" sizes=\"auto, (max-width: 1024px) 100vw, 1024px\" \/><\/a><\/h4>\n<h4><strong>El ic\u00f3nico mural de Gonz\u00e1lez Goyri en el IGSS ser\u00e1 restaurado.<\/strong><\/h4>\n<p><em><strong>Por: Jaime Moreno De Le\u00f3n elPeri\u00f3dico<\/strong><\/em><\/p>\n<p>Roberto Gonz\u00e1lez Goyri vigila los dos flancos de una parte de la 7a. avenida. Lo hace desde la memoria, desde la permanencia de dos de sus obras monumentales: los murales de la fachada del Banco de Guatemala y el mural a nivel de calle en el Instituto Guatemalteco del Seguro Social (IGSS). Ahora, el mural de la instituci\u00f3n de salud ser\u00e1 objeto de un proceso de restauraci\u00f3n que inici\u00f3 ayer.<\/p>\n<p>La pieza que el maestro Gonz\u00e1lez Goyri erigi\u00f3 en el IGSS es La Nacionalidad Guatemalteca, un mural de grandes proporciones elaborado en concreto. Para 1959, a\u00f1o en el que fue finalizado, esta t\u00e9cnica era tan novedosa como el estilo mismo de los edificios que la rodean. La obra es parte del complejo del Centro C\u00edvico, un conjunto de edificaciones pensadas bajo el concepto de la Modernidad y que hoy son patrimonio nacional. Seg\u00fan explicaba el propio artista, la t\u00e9cnica \u201cconsiste en elaborar un mural al rev\u00e9s, directamente sobre la formaleta haciendo las veces de negativo. La idea era al mismo tiempo, que la fundici\u00f3n copiara los accidentes de la madera\u201d. A esto se le conoce como \u201cverdad al material: no hacerlo aparentar como si fuera una talla en piedra\u201d. Goyri fundi\u00f3 los elementos por separado y luego los arm\u00f3 sobre el espacio.<\/p>\n<p><a href=\"\/noticias\/wp-content\/uploads\/sites\/5\/2018\/10\/El-Periodico-mural-nacionalidad-guatemalteca-gonzalez-goyri-a-reatauracion-02.jpg\"><img loading=\"lazy\" decoding=\"async\" class=\"alignnone size-full wp-image-7434\" src=\"\/noticias\/wp-content\/uploads\/sites\/5\/2018\/10\/El-Periodico-mural-nacionalidad-guatemalteca-gonzalez-goyri-a-reatauracion-02.jpg\" alt=\"\" width=\"768\" height=\"512\" srcset=\"\/wp-content\/uploads\/sites\/5\/2018\/10\/El-Periodico-mural-nacionalidad-guatemalteca-gonzalez-goyri-a-reatauracion-02.jpg 768w, \/wp-content\/uploads\/sites\/5\/2018\/10\/El-Periodico-mural-nacionalidad-guatemalteca-gonzalez-goyri-a-reatauracion-02-300x200.jpg 300w, \/wp-content\/uploads\/sites\/5\/2018\/10\/El-Periodico-mural-nacionalidad-guatemalteca-gonzalez-goyri-a-reatauracion-02-630x420.jpg 630w, \/wp-content\/uploads\/sites\/5\/2018\/10\/El-Periodico-mural-nacionalidad-guatemalteca-gonzalez-goyri-a-reatauracion-02-696x464.jpg 696w, \/wp-content\/uploads\/sites\/5\/2018\/10\/El-Periodico-mural-nacionalidad-guatemalteca-gonzalez-goyri-a-reatauracion-02-534x356.jpg 534w\" sizes=\"auto, (max-width: 768px) 100vw, 768px\" \/><\/a><\/p>\n<p>Tras casi 60 a\u00f1os y pese a intervenciones anteriores, La Nacionalidad Guatemalteca presenta algunos da\u00f1os en su estructura. Se trata de faltantes de concreto y fisuras en varios de los elementos que conforman esta narraci\u00f3n lineal en la que se cuenta el devenir del pa\u00eds, desde el mundo natural y prehisp\u00e1nico hasta las luchas sociales del siglo XX, pasando por el choque entre lo hisp\u00e1nico y lo maya y el periodo colonial. Como forma de preservaci\u00f3n, el IGSS comenz\u00f3 ayer por la ma\u00f1ana con los trabajos de restauraci\u00f3n.<\/p>\n<p><a href=\"\/noticias\/wp-content\/uploads\/sites\/5\/2018\/10\/El-Periodico-mural-nacionalidad-guatemalteca-gonzalez-goyri-a-reatauracion-03.jpg\"><img loading=\"lazy\" decoding=\"async\" class=\"alignnone size-full wp-image-7436\" src=\"\/noticias\/wp-content\/uploads\/sites\/5\/2018\/10\/El-Periodico-mural-nacionalidad-guatemalteca-gonzalez-goyri-a-reatauracion-03.jpg\" alt=\"\" width=\"684\" height=\"1024\" srcset=\"\/wp-content\/uploads\/sites\/5\/2018\/10\/El-Periodico-mural-nacionalidad-guatemalteca-gonzalez-goyri-a-reatauracion-03.jpg 684w, \/wp-content\/uploads\/sites\/5\/2018\/10\/El-Periodico-mural-nacionalidad-guatemalteca-gonzalez-goyri-a-reatauracion-03-200x300.jpg 200w, \/wp-content\/uploads\/sites\/5\/2018\/10\/El-Periodico-mural-nacionalidad-guatemalteca-gonzalez-goyri-a-reatauracion-03-281x420.jpg 281w, \/wp-content\/uploads\/sites\/5\/2018\/10\/El-Periodico-mural-nacionalidad-guatemalteca-gonzalez-goyri-a-reatauracion-03-309x462.jpg 309w\" sizes=\"auto, (max-width: 684px) 100vw, 684px\" \/><\/a><\/p>\n<p>En el evento estuvieron presentes autoridades de la instituci\u00f3n, as\u00ed como familiares del artista. Luis Alfredo Iriarte, arquitecto encargado del proyecto, explic\u00f3 que la idea principal es darle a la obra un mejor futuro. \u201cEl mural est\u00e1 en buenas condiciones. Hay unas peque\u00f1as grietas que van a ser reparadas\u201d, apunt\u00f3 al finalizar la actividad. Adem\u00e1s, explic\u00f3 que el proceso implica limpiar la estructura, \u201csacar la microflora\u201d, y reparar con concreto y un aditivo que garantice que los problemas actuales no se repitan. Sobre los problemas, Iriarte refiri\u00f3 que el concreto tiene el problema de la lluvia \u00e1cida. \u201cPenetra y hace que el hierro se oxide. Al oxidarse se infla y al inflar, rompe\u201d, explic\u00f3.<\/p>\n<p>Por su parte, Carmen de Gonz\u00e1lez, viuda del artista, pronunci\u00f3 algunas palabras durante el evento. \u201cCon el inicio de los trabajos de restauraci\u00f3n de este mural, no solo hay una puesta en valor de dicha obra por sus calidades est\u00e9ticas y art\u00edsticas excepcionales, sino tambi\u00e9n es un respaldo para la conservaci\u00f3n del patrimonio\u201d, expres\u00f3. Adem\u00e1s, como representante de la Asociaci\u00f3n Gonz\u00e1lez Goyri para la Cultura, De Gonz\u00e1lez dijo que esperan que \u201cesta puesta en valor del mural abra el camino para que m\u00e1s adelante otras instituciones imiten el ejemplo del IGSS con la restauraci\u00f3n de los otros murales que pertenecen al Centro C\u00edvico, para que el mismo sea declarado Patrimonio Cultural de la Humanidad en el corto plazo\u201d. Los trabajos comenzaron ayer y, seg\u00fan las autoridades, se extender\u00e1n por tres meses.<\/p>\n<p><a href=\"\/noticias\/wp-content\/uploads\/sites\/5\/2018\/10\/El-Periodico-mural-nacionalidad-guatemalteca-gonzalez-goyri-a-reatauracion-04.jpg\"><img loading=\"lazy\" decoding=\"async\" class=\"alignnone size-full wp-image-7437\" src=\"\/noticias\/wp-content\/uploads\/sites\/5\/2018\/10\/El-Periodico-mural-nacionalidad-guatemalteca-gonzalez-goyri-a-reatauracion-04.jpg\" alt=\"\" width=\"600\" height=\"192\" srcset=\"\/wp-content\/uploads\/sites\/5\/2018\/10\/El-Periodico-mural-nacionalidad-guatemalteca-gonzalez-goyri-a-reatauracion-04.jpg 600w, \/wp-content\/uploads\/sites\/5\/2018\/10\/El-Periodico-mural-nacionalidad-guatemalteca-gonzalez-goyri-a-reatauracion-04-300x96.jpg 300w, \/wp-content\/uploads\/sites\/5\/2018\/10\/El-Periodico-mural-nacionalidad-guatemalteca-gonzalez-goyri-a-reatauracion-04-534x171.jpg 534w\" sizes=\"auto, (max-width: 600px) 100vw, 600px\" \/><\/a><\/p>\n<figure id=\"attachment_7439\" aria-describedby=\"caption-attachment-7439\" style=\"width: 3024px\" class=\"wp-caption alignnone\"><a href=\"\/noticias\/wp-content\/uploads\/sites\/5\/2018\/10\/El-periodico-mural-IGSS-gonzalez-goyri-2018-01.jpg\"><img loading=\"lazy\" decoding=\"async\" class=\"size-full wp-image-7439\" src=\"\/noticias\/wp-content\/uploads\/sites\/5\/2018\/10\/El-periodico-mural-IGSS-gonzalez-goyri-2018-01.jpg\" alt=\"\" width=\"3024\" height=\"3610\" \/><\/a><figcaption id=\"caption-attachment-7439\" class=\"wp-caption-text\">Reportaje Nacionalidad Guatemalteca a restauraci\u00f3n, El Peri\u00f3dico P\u00e1g. 18.<\/figcaption><\/figure>\n<figure id=\"attachment_7441\" aria-describedby=\"caption-attachment-7441\" style=\"width: 3024px\" class=\"wp-caption alignnone\"><a href=\"\/noticias\/wp-content\/uploads\/sites\/5\/2018\/10\/El-periodico-mural-IGSS-gonzalez-goyri-2018-02.jpg\"><img loading=\"lazy\" decoding=\"async\" class=\"wp-image-7441 size-full\" src=\"\/noticias\/wp-content\/uploads\/sites\/5\/2018\/10\/El-periodico-mural-IGSS-gonzalez-goyri-2018-02.jpg\" alt=\"\" width=\"3024\" height=\"3610\" \/><\/a><figcaption id=\"caption-attachment-7441\" class=\"wp-caption-text\">Reportaje Nacionalidad Guatemalteca a restauraci\u00f3n, El Peri\u00f3dico P\u00e1g. 19.<\/figcaption><\/figure>\n<p>Fuente: <strong>El Peri\u00f3dico<\/strong><\/p>\n<p>Enlace en internet:\u00a0<a href=\"https:\/\/elperiodico.com.gt\/oculta\/2018\/10\/26\/nacionalidad-guatemalteca-a-restauracion\/\">https:\/\/elperiodico.com.gt\/oculta\/2018\/10\/26\/nacionalidad-guatemalteca-a-restauracion\/<\/a><\/p>\n","protected":false},"excerpt":{"rendered":"<p>El ic\u00f3nico mural de Gonz\u00e1lez Goyri en el IGSS ser\u00e1 restaurado. Por: Jaime Moreno De Le\u00f3n elPeri\u00f3dico Roberto Gonz\u00e1lez Goyri vigila los dos flancos de una parte de la 7a. avenida. Lo hace desde la memoria, desde la permanencia de dos de sus obras monumentales: los murales de la fachada del Banco de Guatemala y [&hellip;]<\/p>\n","protected":false},"author":4,"featured_media":7432,"comment_status":"open","ping_status":"open","sticky":false,"template":"","format":"standard","meta":{"footnotes":""},"categories":[3,15,16,41,29],"tags":[396,649,763],"coauthors":[],"class_list":{"0":"post-7431","1":"post","2":"type-post","3":"status-publish","4":"format-standard","5":"has-post-thumbnail","7":"category-actualidad","8":"category-destacado","9":"category-featured","10":"category-igss-en-los-medios","11":"category-publicaciones","12":"tag-el-periodico","13":"tag-murales-igss","14":"tag-roberto-gonzalez-goyri"},"_links":{"self":[{"href":"https:\/\/www.igssgt.org\/noticias\/wp-json\/wp\/v2\/posts\/7431","targetHints":{"allow":["GET"]}}],"collection":[{"href":"https:\/\/www.igssgt.org\/noticias\/wp-json\/wp\/v2\/posts"}],"about":[{"href":"https:\/\/www.igssgt.org\/noticias\/wp-json\/wp\/v2\/types\/post"}],"author":[{"embeddable":true,"href":"https:\/\/www.igssgt.org\/noticias\/wp-json\/wp\/v2\/users\/4"}],"replies":[{"embeddable":true,"href":"https:\/\/www.igssgt.org\/noticias\/wp-json\/wp\/v2\/comments?post=7431"}],"version-history":[{"count":0,"href":"https:\/\/www.igssgt.org\/noticias\/wp-json\/wp\/v2\/posts\/7431\/revisions"}],"wp:featuredmedia":[{"embeddable":true,"href":"https:\/\/www.igssgt.org\/noticias\/wp-json\/wp\/v2\/media\/7432"}],"wp:attachment":[{"href":"https:\/\/www.igssgt.org\/noticias\/wp-json\/wp\/v2\/media?parent=7431"}],"wp:term":[{"taxonomy":"category","embeddable":true,"href":"https:\/\/www.igssgt.org\/noticias\/wp-json\/wp\/v2\/categories?post=7431"},{"taxonomy":"post_tag","embeddable":true,"href":"https:\/\/www.igssgt.org\/noticias\/wp-json\/wp\/v2\/tags?post=7431"},{"taxonomy":"author","embeddable":true,"href":"https:\/\/www.igssgt.org\/noticias\/wp-json\/wp\/v2\/coauthors?post=7431"}],"curies":[{"name":"wp","href":"https:\/\/api.w.org\/{rel}","templated":true}]}}