{"id":7713,"date":"2018-11-15T16:28:26","date_gmt":"2018-11-15T22:28:26","guid":{"rendered":"http:\/\/noticias.igssgt.org\/?p=7713"},"modified":"2018-11-15T16:28:26","modified_gmt":"2018-11-15T22:28:26","slug":"instituciones-del-conaprov-conmemoran-el-dia-del-nacional-de-adulto-mayor","status":"publish","type":"post","link":"https:\/\/www.igssgt.org\/noticias\/2018\/11\/15\/instituciones-del-conaprov-conmemoran-el-dia-del-nacional-de-adulto-mayor\/","title":{"rendered":"Instituciones del CONAPROV conmemoran el D\u00eda del Nacional de Adulto Mayor"},"content":{"rendered":"<p>Charlas educativas, pruebas de glucosa, toma de presi\u00f3n arterial, recomendaciones para el cuidado de la columna, peso y talla, corte de pelo, manicura, pedicura y juego de loter\u00eda, son algunas de las actividades con las que particip\u00f3 personal del IGSS en la conmemoraci\u00f3n del D\u00eda Nacional del Adulto Mayor, evento organizado por el Comit\u00e9 Nacional de Protecci\u00f3n a la Vejez (Conaprov) y las instituciones que lo integran.<\/p>\n<p>Asistieron representantes de las entidades que integran el Conaprov, quienes coincidieron en la importancia de brindar cuidados especiales a los adultos mayores para que tengan una vida digna, llena de mucha atenci\u00f3n, muestras de cari\u00f1o y respeto.<\/p>\n<p>\u201cEs necesario garantizar un envejecimiento digno, impulsado por pol\u00edticas sociales que reconozcan y garanticen la calidad de vida del adulto mayor\u201d, indic\u00f3 la licenciada Sonia Esthella L\u00f3pez, subgerente de Prestaciones Pecuniarias del Instituto.<\/p>\n<p>Los adultos mayores atendidos por el Instituto, adem\u00e1s de tener atenci\u00f3n m\u00e9dica en las diferentes especialidades, cuentan con otras prestaciones sociales ya que dentro de sus prop\u00f3sitos del Seguro Social est\u00e1 brindarles bienestar ps\u00edquico, biol\u00f3gico y social, puntualiz\u00f3 la licenciada L\u00f3pez.<\/p>\n\r\n                <style type=\"text\/css\">\r\n                    \r\n                    #tdi_1  .td-doubleSlider-2 .td-item1 {\r\n                        background: url(\/wp-content\/uploads\/sites\/5\/2018\/11\/Dia-Nacional-del-Adulto-Mayor-Conaprov-IGSS-2018-1-80x60.jpg) 0 0 no-repeat;\r\n                    }\r\n                    #tdi_1  .td-doubleSlider-2 .td-item2 {\r\n                        background: url(\/wp-content\/uploads\/sites\/5\/2018\/11\/Dia-Nacional-del-Adulto-Mayor-Conaprov-IGSS-2018-2-80x60.jpg) 0 0 no-repeat;\r\n                    }\r\n                    #tdi_1  .td-doubleSlider-2 .td-item3 {\r\n                        background: url(\/wp-content\/uploads\/sites\/5\/2018\/11\/Dia-Nacional-del-Adulto-Mayor-Conaprov-IGSS-2018-3-80x60.jpg) 0 0 no-repeat;\r\n                    }\r\n                    #tdi_1  .td-doubleSlider-2 .td-item4 {\r\n                        background: url(\/wp-content\/uploads\/sites\/5\/2018\/11\/Dia-Nacional-del-Adulto-Mayor-Conaprov-IGSS-2018-4-80x60.jpg) 0 0 no-repeat;\r\n                    }\r\n                    #tdi_1  .td-doubleSlider-2 .td-item5 {\r\n                        background: url(\/wp-content\/uploads\/sites\/5\/2018\/11\/Dia-Nacional-del-Adulto-Mayor-Conaprov-IGSS-2018-5-80x60.jpg) 0 0 no-repeat;\r\n                    }\r\n                    #tdi_1  .td-doubleSlider-2 .td-item6 {\r\n                        background: url(\/wp-content\/uploads\/sites\/5\/2018\/11\/Dia-Nacional-del-Adulto-Mayor-Conaprov-IGSS-2018-6-80x60.jpg) 0 0 no-repeat;\r\n                    }\r\n                    #tdi_1  .td-doubleSlider-2 .td-item7 {\r\n                        background: url(\/wp-content\/uploads\/sites\/5\/2018\/11\/Dia-Nacional-del-Adulto-Mayor-Conaprov-IGSS-2018-7-80x60.jpg) 0 0 no-repeat;\r\n                    }\r\n                    #tdi_1  .td-doubleSlider-2 .td-item8 {\r\n                        background: url(\/wp-content\/uploads\/sites\/5\/2018\/11\/Dia-Nacional-del-Adulto-Mayor-Conaprov-IGSS-2018-8-80x60.jpg) 0 0 no-repeat;\r\n                    }\r\n                    #tdi_1  .td-doubleSlider-2 .td-item9 {\r\n                        background: url(\/wp-content\/uploads\/sites\/5\/2018\/11\/Dia-Nacional-del-Adulto-Mayor-Conaprov-IGSS-2018-9-80x60.jpg) 0 0 no-repeat;\r\n                    }\r\n                    #tdi_1  .td-doubleSlider-2 .td-item10 {\r\n                        background: url(\/wp-content\/uploads\/sites\/5\/2018\/11\/Dia-Nacional-del-Adulto-Mayor-Conaprov-IGSS-2018-10-80x60.jpg) 0 0 no-repeat;\r\n                    }\r\n                    #tdi_1  .td-doubleSlider-2 .td-item11 {\r\n                        background: url(\/wp-content\/uploads\/sites\/5\/2018\/11\/Dia-Nacional-del-Adulto-Mayor-Conaprov-IGSS-2018-11-80x60.jpg) 0 0 no-repeat;\r\n                    }\r\n                    #tdi_1  .td-doubleSlider-2 .td-item12 {\r\n                        background: url(\/wp-content\/uploads\/sites\/5\/2018\/11\/Dia-Nacional-del-Adulto-Mayor-Conaprov-IGSS-2018-12-80x60.jpg) 0 0 no-repeat;\r\n                    }\r\n                    #tdi_1  .td-doubleSlider-2 .td-item13 {\r\n                        background: url(\/wp-content\/uploads\/sites\/5\/2018\/11\/Dia-Nacional-del-Adulto-Mayor-Conaprov-IGSS-2018-14-80x60.jpg) 0 0 no-repeat;\r\n                    }\r\n                    #tdi_1  .td-doubleSlider-2 .td-item14 {\r\n                        background: url(\/wp-content\/uploads\/sites\/5\/2018\/11\/Dia-Nacional-del-Adulto-Mayor-Conaprov-IGSS-2018-15-80x60.jpg) 0 0 no-repeat;\r\n                    }\r\n                    #tdi_1  .td-doubleSlider-2 .td-item15 {\r\n                        background: url(\/wp-content\/uploads\/sites\/5\/2018\/11\/Dia-Nacional-del-Adulto-Mayor-Conaprov-IGSS-2018-16-80x60.jpg) 0 0 no-repeat;\r\n                    }\r\n                    #tdi_1  .td-doubleSlider-2 .td-item16 {\r\n                        background: url(\/wp-content\/uploads\/sites\/5\/2018\/11\/Dia-Nacional-del-Adulto-Mayor-Conaprov-IGSS-2018-17-80x60.jpg) 0 0 no-repeat;\r\n                    }\r\n                    #tdi_1  .td-doubleSlider-2 .td-item17 {\r\n                        background: url(\/wp-content\/uploads\/sites\/5\/2018\/11\/Dia-Nacional-del-Adulto-Mayor-Conaprov-IGSS-2018-18-80x60.jpg) 0 0 no-repeat;\r\n                    }\r\n                    #tdi_1  .td-doubleSlider-2 .td-item18 {\r\n                        background: url(\/wp-content\/uploads\/sites\/5\/2018\/11\/Dia-Nacional-del-Adulto-Mayor-Conaprov-IGSS-2018-19-80x60.jpg) 0 0 no-repeat;\r\n                    }\r\n                    #tdi_1  .td-doubleSlider-2 .td-item19 {\r\n                        background: url(\/wp-content\/uploads\/sites\/5\/2018\/11\/Dia-Nacional-del-Adulto-Mayor-Conaprov-IGSS-2018-20-80x60.jpg) 0 0 no-repeat;\r\n                    }\r\n                    #tdi_1  .td-doubleSlider-2 .td-item20 {\r\n                        background: url(\/wp-content\/uploads\/sites\/5\/2018\/11\/Dia-Nacional-del-Adulto-Mayor-Conaprov-IGSS-2018-21-80x60.jpg) 0 0 no-repeat;\r\n                    }\r\n                    #tdi_1  .td-doubleSlider-2 .td-item21 {\r\n                        background: url(\/wp-content\/uploads\/sites\/5\/2018\/11\/Dia-Nacional-del-Adulto-Mayor-Conaprov-IGSS-2018-22-80x60.jpg) 0 0 no-repeat;\r\n                    }\r\n                    #tdi_1  .td-doubleSlider-2 .td-item22 {\r\n                        background: url(\/wp-content\/uploads\/sites\/5\/2018\/11\/Dia-Nacional-del-Adulto-Mayor-Conaprov-IGSS-2018-23-80x60.jpg) 0 0 no-repeat;\r\n                    }\r\n                    #tdi_1  .td-doubleSlider-2 .td-item23 {\r\n                        background: url(\/wp-content\/uploads\/sites\/5\/2018\/11\/Dia-Nacional-del-Adulto-Mayor-Conaprov-IGSS-2018-24-80x60.jpg) 0 0 no-repeat;\r\n                    }\r\n                    #tdi_1  .td-doubleSlider-2 .td-item24 {\r\n                        background: url(\/wp-content\/uploads\/sites\/5\/2018\/11\/Dia-Nacional-del-Adulto-Mayor-Conaprov-IGSS-2018-25-80x60.jpg) 0 0 no-repeat;\r\n                    }\r\n                    #tdi_1  .td-doubleSlider-2 .td-item25 {\r\n                        background: url(\/wp-content\/uploads\/sites\/5\/2018\/11\/Dia-Nacional-del-Adulto-Mayor-Conaprov-IGSS-2018-26-80x60.jpg) 0 0 no-repeat;\r\n                    }\r\n                    #tdi_1  .td-doubleSlider-2 .td-item26 {\r\n                        background: url(\/wp-content\/uploads\/sites\/5\/2018\/11\/Dia-Nacional-del-Adulto-Mayor-Conaprov-IGSS-2018-27-80x60.jpg) 0 0 no-repeat;\r\n                    }\r\n                    #tdi_1  .td-doubleSlider-2 .td-item27 {\r\n                        background: url(\/wp-content\/uploads\/sites\/5\/2018\/11\/Dia-Nacional-del-Adulto-Mayor-Conaprov-IGSS-2018-28-80x60.jpg) 0 0 no-repeat;\r\n                    }\r\n                    #tdi_1  .td-doubleSlider-2 .td-item28 {\r\n                        background: url(\/wp-content\/uploads\/sites\/5\/2018\/11\/Dia-Nacional-del-Adulto-Mayor-Conaprov-IGSS-2018-29-80x60.jpg) 0 0 no-repeat;\r\n                    }\r\n                    #tdi_1  .td-doubleSlider-2 .td-item29 {\r\n                        background: url(\/wp-content\/uploads\/sites\/5\/2018\/11\/Dia-Nacional-del-Adulto-Mayor-Conaprov-IGSS-2018-30-80x60.jpg) 0 0 no-repeat;\r\n                    }\r\n                    #tdi_1  .td-doubleSlider-2 .td-item30 {\r\n                        background: url(\/wp-content\/uploads\/sites\/5\/2018\/11\/Dia-Nacional-del-Adulto-Mayor-Conaprov-IGSS-2018-31-80x60.jpg) 0 0 no-repeat;\r\n                    }\r\n                    #tdi_1  .td-doubleSlider-2 .td-item31 {\r\n                        background: url(\/wp-content\/uploads\/sites\/5\/2018\/11\/Dia-Nacional-del-Adulto-Mayor-Conaprov-IGSS-2018-32-80x60.jpg) 0 0 no-repeat;\r\n                    }\r\n                    #tdi_1  .td-doubleSlider-2 .td-item32 {\r\n                        background: url(\/wp-content\/uploads\/sites\/5\/2018\/11\/Dia-Nacional-del-Adulto-Mayor-Conaprov-IGSS-2018-33-80x60.jpg) 0 0 no-repeat;\r\n                    }\r\n                    #tdi_1  .td-doubleSlider-2 .td-item33 {\r\n                        background: url(\/wp-content\/uploads\/sites\/5\/2018\/11\/Dia-Nacional-del-Adulto-Mayor-Conaprov-IGSS-2018-34-80x60.jpg) 0 0 no-repeat;\r\n                    }\r\n                    #tdi_1  .td-doubleSlider-2 .td-item34 {\r\n                        background: url(\/wp-content\/uploads\/sites\/5\/2018\/11\/Dia-Nacional-del-Adulto-Mayor-Conaprov-IGSS-2018-35-80x60.jpg) 0 0 no-repeat;\r\n                    }\r\n                    #tdi_1  .td-doubleSlider-2 .td-item35 {\r\n                        background: url(\/wp-content\/uploads\/sites\/5\/2018\/11\/Dia-Nacional-del-Adulto-Mayor-Conaprov-IGSS-2018-36-80x60.jpg) 0 0 no-repeat;\r\n                    }\r\n                    #tdi_1  .td-doubleSlider-2 .td-item36 {\r\n                        background: url(\/wp-content\/uploads\/sites\/5\/2018\/11\/Dia-Nacional-del-Adulto-Mayor-Conaprov-IGSS-2018-37-80x60.jpg) 0 0 no-repeat;\r\n                    }\r\n                    #tdi_1  .td-doubleSlider-2 .td-item37 {\r\n                        background: url(\/wp-content\/uploads\/sites\/5\/2018\/11\/Dia-Nacional-del-Adulto-Mayor-Conaprov-IGSS-2018-13-80x60.jpg) 0 0 no-repeat;\r\n                    }\r\n                <\/style>\r\n\r\n                <div id=\"tdi_1\" class=\"td-gallery td-slide-on-2-columns\">\r\n                    <div class=\"post_td_gallery\">\r\n                        <div class=\"td-gallery-slide-top\">\r\n                           <div class=\"td-gallery-title\">Galer\u00eda de Im\u00e1genes<\/div>\r\n\r\n                            <div class=\"td-gallery-controls-wrapper\">\r\n                                <div class=\"td-gallery-slide-count\"><span class=\"td-gallery-slide-item-focus\">1<\/span> de 37<\/div>\r\n                                <div class=\"td-gallery-slide-prev-next-but\">\r\n                                    <i class = \"td-icon-left doubleSliderPrevButton\"><\/i>\r\n                                    <i class = \"td-icon-right doubleSliderNextButton\"><\/i>\r\n                                <\/div>\r\n                            <\/div>\r\n                        <\/div>\r\n\r\n                        <div class = \"td-doubleSlider-1 \">\r\n                            <div class = \"td-slider\">\r\n                                \r\n                    <div class = \"td-slide-item td-item1\">\r\n                        <figure class=\"td-slide-galery-figure td-slide-popup-gallery\">\r\n                            <a class=\"slide-gallery-image-link\" href=\"\/wp-content\/uploads\/sites\/5\/2018\/11\/Dia-Nacional-del-Adulto-Mayor-Conaprov-IGSS-2018-1.jpg\" title=\"Dia Nacional del Adulto Mayor Conaprov IGSS 2018-1\"  data-caption=\"\"  data-description=\"\">\r\n                                <img decoding=\"async\" src=\"\/wp-content\/uploads\/sites\/5\/2018\/11\/Dia-Nacional-del-Adulto-Mayor-Conaprov-IGSS-2018-1-630x420.jpg\" srcset=\"\/wp-content\/uploads\/sites\/5\/2018\/11\/Dia-Nacional-del-Adulto-Mayor-Conaprov-IGSS-2018-1-630x420.jpg 630w, \/wp-content\/uploads\/sites\/5\/2018\/11\/Dia-Nacional-del-Adulto-Mayor-Conaprov-IGSS-2018-1-1536x1024.jpg 1536w, \/wp-content\/uploads\/sites\/5\/2018\/11\/Dia-Nacional-del-Adulto-Mayor-Conaprov-IGSS-2018-1-300x200.jpg 300w, \/wp-content\/uploads\/sites\/5\/2018\/11\/Dia-Nacional-del-Adulto-Mayor-Conaprov-IGSS-2018-1-768x512.jpg 768w, \/wp-content\/uploads\/sites\/5\/2018\/11\/Dia-Nacional-del-Adulto-Mayor-Conaprov-IGSS-2018-1-1024x682.jpg 1024w, \/wp-content\/uploads\/sites\/5\/2018\/11\/Dia-Nacional-del-Adulto-Mayor-Conaprov-IGSS-2018-1-696x464.jpg 696w, \/wp-content\/uploads\/sites\/5\/2018\/11\/Dia-Nacional-del-Adulto-Mayor-Conaprov-IGSS-2018-1-1068x712.jpg 1068w, \/wp-content\/uploads\/sites\/5\/2018\/11\/Dia-Nacional-del-Adulto-Mayor-Conaprov-IGSS-2018-1-534x356.jpg 534w, \/wp-content\/uploads\/sites\/5\/2018\/11\/Dia-Nacional-del-Adulto-Mayor-Conaprov-IGSS-2018-1-1920x1280.jpg 1920w, \/wp-content\/uploads\/sites\/5\/2018\/11\/Dia-Nacional-del-Adulto-Mayor-Conaprov-IGSS-2018-1.jpg 2000w\" sizes=\"(max-width: 630px) 100vw, 630px\" alt=\"\">\r\n                            <\/a>\r\n                            \r\n                        <\/figure>\r\n                    <\/div>\r\n                    <div class = \"td-slide-item td-item2\">\r\n                        <figure class=\"td-slide-galery-figure td-slide-popup-gallery\">\r\n                            <a class=\"slide-gallery-image-link\" href=\"\/wp-content\/uploads\/sites\/5\/2018\/11\/Dia-Nacional-del-Adulto-Mayor-Conaprov-IGSS-2018-2.jpg\" title=\"Dia Nacional del Adulto Mayor Conaprov IGSS 2018-2\"  data-caption=\"\"  data-description=\"\">\r\n                                <img decoding=\"async\" src=\"\/wp-content\/uploads\/sites\/5\/2018\/11\/Dia-Nacional-del-Adulto-Mayor-Conaprov-IGSS-2018-2-630x420.jpg\" srcset=\"\/wp-content\/uploads\/sites\/5\/2018\/11\/Dia-Nacional-del-Adulto-Mayor-Conaprov-IGSS-2018-2-630x420.jpg 630w, \/wp-content\/uploads\/sites\/5\/2018\/11\/Dia-Nacional-del-Adulto-Mayor-Conaprov-IGSS-2018-2-1536x1024.jpg 1536w, \/wp-content\/uploads\/sites\/5\/2018\/11\/Dia-Nacional-del-Adulto-Mayor-Conaprov-IGSS-2018-2-300x200.jpg 300w, \/wp-content\/uploads\/sites\/5\/2018\/11\/Dia-Nacional-del-Adulto-Mayor-Conaprov-IGSS-2018-2-768x512.jpg 768w, \/wp-content\/uploads\/sites\/5\/2018\/11\/Dia-Nacional-del-Adulto-Mayor-Conaprov-IGSS-2018-2-1024x682.jpg 1024w, \/wp-content\/uploads\/sites\/5\/2018\/11\/Dia-Nacional-del-Adulto-Mayor-Conaprov-IGSS-2018-2-696x464.jpg 696w, \/wp-content\/uploads\/sites\/5\/2018\/11\/Dia-Nacional-del-Adulto-Mayor-Conaprov-IGSS-2018-2-1068x712.jpg 1068w, \/wp-content\/uploads\/sites\/5\/2018\/11\/Dia-Nacional-del-Adulto-Mayor-Conaprov-IGSS-2018-2-534x356.jpg 534w, \/wp-content\/uploads\/sites\/5\/2018\/11\/Dia-Nacional-del-Adulto-Mayor-Conaprov-IGSS-2018-2-1920x1280.jpg 1920w, \/wp-content\/uploads\/sites\/5\/2018\/11\/Dia-Nacional-del-Adulto-Mayor-Conaprov-IGSS-2018-2.jpg 2000w\" sizes=\"(max-width: 630px) 100vw, 630px\" alt=\"\">\r\n                            <\/a>\r\n                            \r\n                        <\/figure>\r\n                    <\/div>\r\n                    <div class = \"td-slide-item td-item3\">\r\n                        <figure class=\"td-slide-galery-figure td-slide-popup-gallery\">\r\n                            <a class=\"slide-gallery-image-link\" href=\"\/wp-content\/uploads\/sites\/5\/2018\/11\/Dia-Nacional-del-Adulto-Mayor-Conaprov-IGSS-2018-3.jpg\" title=\"Dia Nacional del Adulto Mayor Conaprov IGSS 2018-3\"  data-caption=\"\"  data-description=\"\">\r\n                                <img decoding=\"async\" src=\"\/wp-content\/uploads\/sites\/5\/2018\/11\/Dia-Nacional-del-Adulto-Mayor-Conaprov-IGSS-2018-3-630x420.jpg\" srcset=\"\/wp-content\/uploads\/sites\/5\/2018\/11\/Dia-Nacional-del-Adulto-Mayor-Conaprov-IGSS-2018-3-630x420.jpg 630w, \/wp-content\/uploads\/sites\/5\/2018\/11\/Dia-Nacional-del-Adulto-Mayor-Conaprov-IGSS-2018-3-1536x1024.jpg 1536w, \/wp-content\/uploads\/sites\/5\/2018\/11\/Dia-Nacional-del-Adulto-Mayor-Conaprov-IGSS-2018-3-300x200.jpg 300w, \/wp-content\/uploads\/sites\/5\/2018\/11\/Dia-Nacional-del-Adulto-Mayor-Conaprov-IGSS-2018-3-768x512.jpg 768w, \/wp-content\/uploads\/sites\/5\/2018\/11\/Dia-Nacional-del-Adulto-Mayor-Conaprov-IGSS-2018-3-1024x682.jpg 1024w, \/wp-content\/uploads\/sites\/5\/2018\/11\/Dia-Nacional-del-Adulto-Mayor-Conaprov-IGSS-2018-3-696x464.jpg 696w, \/wp-content\/uploads\/sites\/5\/2018\/11\/Dia-Nacional-del-Adulto-Mayor-Conaprov-IGSS-2018-3-1068x712.jpg 1068w, \/wp-content\/uploads\/sites\/5\/2018\/11\/Dia-Nacional-del-Adulto-Mayor-Conaprov-IGSS-2018-3-534x356.jpg 534w, \/wp-content\/uploads\/sites\/5\/2018\/11\/Dia-Nacional-del-Adulto-Mayor-Conaprov-IGSS-2018-3-1920x1280.jpg 1920w, \/wp-content\/uploads\/sites\/5\/2018\/11\/Dia-Nacional-del-Adulto-Mayor-Conaprov-IGSS-2018-3.jpg 2000w\" sizes=\"(max-width: 630px) 100vw, 630px\" alt=\"\">\r\n                            <\/a>\r\n                            \r\n                        <\/figure>\r\n                    <\/div>\r\n                    <div class = \"td-slide-item td-item4\">\r\n                        <figure class=\"td-slide-galery-figure td-slide-popup-gallery\">\r\n                            <a class=\"slide-gallery-image-link\" href=\"\/wp-content\/uploads\/sites\/5\/2018\/11\/Dia-Nacional-del-Adulto-Mayor-Conaprov-IGSS-2018-4.jpg\" title=\"Dia Nacional del Adulto Mayor Conaprov IGSS 2018-4\"  data-caption=\"\"  data-description=\"\">\r\n                                <img decoding=\"async\" src=\"\/wp-content\/uploads\/sites\/5\/2018\/11\/Dia-Nacional-del-Adulto-Mayor-Conaprov-IGSS-2018-4-630x420.jpg\" srcset=\"\/wp-content\/uploads\/sites\/5\/2018\/11\/Dia-Nacional-del-Adulto-Mayor-Conaprov-IGSS-2018-4-630x420.jpg 630w, \/wp-content\/uploads\/sites\/5\/2018\/11\/Dia-Nacional-del-Adulto-Mayor-Conaprov-IGSS-2018-4-1536x1024.jpg 1536w, \/wp-content\/uploads\/sites\/5\/2018\/11\/Dia-Nacional-del-Adulto-Mayor-Conaprov-IGSS-2018-4-300x200.jpg 300w, \/wp-content\/uploads\/sites\/5\/2018\/11\/Dia-Nacional-del-Adulto-Mayor-Conaprov-IGSS-2018-4-768x512.jpg 768w, \/wp-content\/uploads\/sites\/5\/2018\/11\/Dia-Nacional-del-Adulto-Mayor-Conaprov-IGSS-2018-4-1024x682.jpg 1024w, \/wp-content\/uploads\/sites\/5\/2018\/11\/Dia-Nacional-del-Adulto-Mayor-Conaprov-IGSS-2018-4-696x464.jpg 696w, \/wp-content\/uploads\/sites\/5\/2018\/11\/Dia-Nacional-del-Adulto-Mayor-Conaprov-IGSS-2018-4-1068x712.jpg 1068w, \/wp-content\/uploads\/sites\/5\/2018\/11\/Dia-Nacional-del-Adulto-Mayor-Conaprov-IGSS-2018-4-534x356.jpg 534w, \/wp-content\/uploads\/sites\/5\/2018\/11\/Dia-Nacional-del-Adulto-Mayor-Conaprov-IGSS-2018-4-1920x1280.jpg 1920w, \/wp-content\/uploads\/sites\/5\/2018\/11\/Dia-Nacional-del-Adulto-Mayor-Conaprov-IGSS-2018-4.jpg 2000w\" sizes=\"(max-width: 630px) 100vw, 630px\" alt=\"\">\r\n                            <\/a>\r\n                            \r\n                        <\/figure>\r\n                    <\/div>\r\n                    <div class = \"td-slide-item td-item5\">\r\n                        <figure class=\"td-slide-galery-figure td-slide-popup-gallery\">\r\n                            <a class=\"slide-gallery-image-link\" href=\"\/wp-content\/uploads\/sites\/5\/2018\/11\/Dia-Nacional-del-Adulto-Mayor-Conaprov-IGSS-2018-5.jpg\" title=\"Dia Nacional del Adulto Mayor Conaprov IGSS 2018-5\"  data-caption=\"\"  data-description=\"\">\r\n                                <img decoding=\"async\" src=\"\/wp-content\/uploads\/sites\/5\/2018\/11\/Dia-Nacional-del-Adulto-Mayor-Conaprov-IGSS-2018-5-630x420.jpg\" srcset=\"\/wp-content\/uploads\/sites\/5\/2018\/11\/Dia-Nacional-del-Adulto-Mayor-Conaprov-IGSS-2018-5-630x420.jpg 630w, \/wp-content\/uploads\/sites\/5\/2018\/11\/Dia-Nacional-del-Adulto-Mayor-Conaprov-IGSS-2018-5-1536x1024.jpg 1536w, \/wp-content\/uploads\/sites\/5\/2018\/11\/Dia-Nacional-del-Adulto-Mayor-Conaprov-IGSS-2018-5-300x200.jpg 300w, \/wp-content\/uploads\/sites\/5\/2018\/11\/Dia-Nacional-del-Adulto-Mayor-Conaprov-IGSS-2018-5-768x512.jpg 768w, \/wp-content\/uploads\/sites\/5\/2018\/11\/Dia-Nacional-del-Adulto-Mayor-Conaprov-IGSS-2018-5-1024x682.jpg 1024w, \/wp-content\/uploads\/sites\/5\/2018\/11\/Dia-Nacional-del-Adulto-Mayor-Conaprov-IGSS-2018-5-696x464.jpg 696w, \/wp-content\/uploads\/sites\/5\/2018\/11\/Dia-Nacional-del-Adulto-Mayor-Conaprov-IGSS-2018-5-1068x712.jpg 1068w, \/wp-content\/uploads\/sites\/5\/2018\/11\/Dia-Nacional-del-Adulto-Mayor-Conaprov-IGSS-2018-5-534x356.jpg 534w, \/wp-content\/uploads\/sites\/5\/2018\/11\/Dia-Nacional-del-Adulto-Mayor-Conaprov-IGSS-2018-5-1920x1280.jpg 1920w, \/wp-content\/uploads\/sites\/5\/2018\/11\/Dia-Nacional-del-Adulto-Mayor-Conaprov-IGSS-2018-5.jpg 2000w\" sizes=\"(max-width: 630px) 100vw, 630px\" alt=\"\">\r\n                            <\/a>\r\n                            \r\n                        <\/figure>\r\n                    <\/div>\r\n                    <div class = \"td-slide-item td-item6\">\r\n                        <figure class=\"td-slide-galery-figure td-slide-popup-gallery\">\r\n                            <a class=\"slide-gallery-image-link\" href=\"\/wp-content\/uploads\/sites\/5\/2018\/11\/Dia-Nacional-del-Adulto-Mayor-Conaprov-IGSS-2018-6.jpg\" title=\"Dia Nacional del Adulto Mayor Conaprov IGSS 2018-6\"  data-caption=\"\"  data-description=\"\">\r\n                                <img decoding=\"async\" src=\"\/wp-content\/uploads\/sites\/5\/2018\/11\/Dia-Nacional-del-Adulto-Mayor-Conaprov-IGSS-2018-6-630x420.jpg\" srcset=\"\/wp-content\/uploads\/sites\/5\/2018\/11\/Dia-Nacional-del-Adulto-Mayor-Conaprov-IGSS-2018-6-630x420.jpg 630w, \/wp-content\/uploads\/sites\/5\/2018\/11\/Dia-Nacional-del-Adulto-Mayor-Conaprov-IGSS-2018-6-1536x1024.jpg 1536w, \/wp-content\/uploads\/sites\/5\/2018\/11\/Dia-Nacional-del-Adulto-Mayor-Conaprov-IGSS-2018-6-300x200.jpg 300w, \/wp-content\/uploads\/sites\/5\/2018\/11\/Dia-Nacional-del-Adulto-Mayor-Conaprov-IGSS-2018-6-768x512.jpg 768w, \/wp-content\/uploads\/sites\/5\/2018\/11\/Dia-Nacional-del-Adulto-Mayor-Conaprov-IGSS-2018-6-1024x682.jpg 1024w, \/wp-content\/uploads\/sites\/5\/2018\/11\/Dia-Nacional-del-Adulto-Mayor-Conaprov-IGSS-2018-6-696x464.jpg 696w, \/wp-content\/uploads\/sites\/5\/2018\/11\/Dia-Nacional-del-Adulto-Mayor-Conaprov-IGSS-2018-6-1068x712.jpg 1068w, \/wp-content\/uploads\/sites\/5\/2018\/11\/Dia-Nacional-del-Adulto-Mayor-Conaprov-IGSS-2018-6-534x356.jpg 534w, \/wp-content\/uploads\/sites\/5\/2018\/11\/Dia-Nacional-del-Adulto-Mayor-Conaprov-IGSS-2018-6-1920x1280.jpg 1920w, \/wp-content\/uploads\/sites\/5\/2018\/11\/Dia-Nacional-del-Adulto-Mayor-Conaprov-IGSS-2018-6.jpg 2000w\" sizes=\"(max-width: 630px) 100vw, 630px\" alt=\"\">\r\n                            <\/a>\r\n                            \r\n                        <\/figure>\r\n                    <\/div>\r\n                    <div class = \"td-slide-item td-item7\">\r\n                        <figure class=\"td-slide-galery-figure td-slide-popup-gallery\">\r\n                            <a class=\"slide-gallery-image-link\" href=\"\/wp-content\/uploads\/sites\/5\/2018\/11\/Dia-Nacional-del-Adulto-Mayor-Conaprov-IGSS-2018-7.jpg\" title=\"Dia Nacional del Adulto Mayor Conaprov IGSS 2018-7\"  data-caption=\"\"  data-description=\"\">\r\n                                <img decoding=\"async\" src=\"\/wp-content\/uploads\/sites\/5\/2018\/11\/Dia-Nacional-del-Adulto-Mayor-Conaprov-IGSS-2018-7-630x420.jpg\" srcset=\"\/wp-content\/uploads\/sites\/5\/2018\/11\/Dia-Nacional-del-Adulto-Mayor-Conaprov-IGSS-2018-7-630x420.jpg 630w, \/wp-content\/uploads\/sites\/5\/2018\/11\/Dia-Nacional-del-Adulto-Mayor-Conaprov-IGSS-2018-7-1536x1024.jpg 1536w, \/wp-content\/uploads\/sites\/5\/2018\/11\/Dia-Nacional-del-Adulto-Mayor-Conaprov-IGSS-2018-7-300x200.jpg 300w, \/wp-content\/uploads\/sites\/5\/2018\/11\/Dia-Nacional-del-Adulto-Mayor-Conaprov-IGSS-2018-7-768x512.jpg 768w, \/wp-content\/uploads\/sites\/5\/2018\/11\/Dia-Nacional-del-Adulto-Mayor-Conaprov-IGSS-2018-7-1024x682.jpg 1024w, \/wp-content\/uploads\/sites\/5\/2018\/11\/Dia-Nacional-del-Adulto-Mayor-Conaprov-IGSS-2018-7-696x464.jpg 696w, \/wp-content\/uploads\/sites\/5\/2018\/11\/Dia-Nacional-del-Adulto-Mayor-Conaprov-IGSS-2018-7-1068x712.jpg 1068w, \/wp-content\/uploads\/sites\/5\/2018\/11\/Dia-Nacional-del-Adulto-Mayor-Conaprov-IGSS-2018-7-534x356.jpg 534w, \/wp-content\/uploads\/sites\/5\/2018\/11\/Dia-Nacional-del-Adulto-Mayor-Conaprov-IGSS-2018-7-1920x1280.jpg 1920w, \/wp-content\/uploads\/sites\/5\/2018\/11\/Dia-Nacional-del-Adulto-Mayor-Conaprov-IGSS-2018-7.jpg 2000w\" sizes=\"(max-width: 630px) 100vw, 630px\" alt=\"\">\r\n                            <\/a>\r\n                            \r\n                        <\/figure>\r\n                    <\/div>\r\n                    <div class = \"td-slide-item td-item8\">\r\n                        <figure class=\"td-slide-galery-figure td-slide-popup-gallery\">\r\n                            <a class=\"slide-gallery-image-link\" href=\"\/wp-content\/uploads\/sites\/5\/2018\/11\/Dia-Nacional-del-Adulto-Mayor-Conaprov-IGSS-2018-8.jpg\" title=\"Dia Nacional del Adulto Mayor Conaprov IGSS 2018-8\"  data-caption=\"\"  data-description=\"\">\r\n                                <img decoding=\"async\" src=\"\/wp-content\/uploads\/sites\/5\/2018\/11\/Dia-Nacional-del-Adulto-Mayor-Conaprov-IGSS-2018-8-630x420.jpg\" srcset=\"\/wp-content\/uploads\/sites\/5\/2018\/11\/Dia-Nacional-del-Adulto-Mayor-Conaprov-IGSS-2018-8-630x420.jpg 630w, \/wp-content\/uploads\/sites\/5\/2018\/11\/Dia-Nacional-del-Adulto-Mayor-Conaprov-IGSS-2018-8-1536x1024.jpg 1536w, \/wp-content\/uploads\/sites\/5\/2018\/11\/Dia-Nacional-del-Adulto-Mayor-Conaprov-IGSS-2018-8-300x200.jpg 300w, \/wp-content\/uploads\/sites\/5\/2018\/11\/Dia-Nacional-del-Adulto-Mayor-Conaprov-IGSS-2018-8-768x512.jpg 768w, \/wp-content\/uploads\/sites\/5\/2018\/11\/Dia-Nacional-del-Adulto-Mayor-Conaprov-IGSS-2018-8-1024x682.jpg 1024w, \/wp-content\/uploads\/sites\/5\/2018\/11\/Dia-Nacional-del-Adulto-Mayor-Conaprov-IGSS-2018-8-696x464.jpg 696w, \/wp-content\/uploads\/sites\/5\/2018\/11\/Dia-Nacional-del-Adulto-Mayor-Conaprov-IGSS-2018-8-1068x712.jpg 1068w, \/wp-content\/uploads\/sites\/5\/2018\/11\/Dia-Nacional-del-Adulto-Mayor-Conaprov-IGSS-2018-8-534x356.jpg 534w, \/wp-content\/uploads\/sites\/5\/2018\/11\/Dia-Nacional-del-Adulto-Mayor-Conaprov-IGSS-2018-8-1920x1280.jpg 1920w, \/wp-content\/uploads\/sites\/5\/2018\/11\/Dia-Nacional-del-Adulto-Mayor-Conaprov-IGSS-2018-8.jpg 2000w\" sizes=\"(max-width: 630px) 100vw, 630px\" alt=\"\">\r\n                            <\/a>\r\n                            \r\n                        <\/figure>\r\n                    <\/div>\r\n                    <div class = \"td-slide-item td-item9\">\r\n                        <figure class=\"td-slide-galery-figure td-slide-popup-gallery\">\r\n                            <a class=\"slide-gallery-image-link\" href=\"\/wp-content\/uploads\/sites\/5\/2018\/11\/Dia-Nacional-del-Adulto-Mayor-Conaprov-IGSS-2018-9.jpg\" title=\"Dia Nacional del Adulto Mayor Conaprov IGSS 2018-9\"  data-caption=\"\"  data-description=\"\">\r\n                                <img decoding=\"async\" src=\"\/wp-content\/uploads\/sites\/5\/2018\/11\/Dia-Nacional-del-Adulto-Mayor-Conaprov-IGSS-2018-9-630x420.jpg\" srcset=\"\/wp-content\/uploads\/sites\/5\/2018\/11\/Dia-Nacional-del-Adulto-Mayor-Conaprov-IGSS-2018-9-630x420.jpg 630w, \/wp-content\/uploads\/sites\/5\/2018\/11\/Dia-Nacional-del-Adulto-Mayor-Conaprov-IGSS-2018-9-1536x1024.jpg 1536w, \/wp-content\/uploads\/sites\/5\/2018\/11\/Dia-Nacional-del-Adulto-Mayor-Conaprov-IGSS-2018-9-300x200.jpg 300w, \/wp-content\/uploads\/sites\/5\/2018\/11\/Dia-Nacional-del-Adulto-Mayor-Conaprov-IGSS-2018-9-768x512.jpg 768w, \/wp-content\/uploads\/sites\/5\/2018\/11\/Dia-Nacional-del-Adulto-Mayor-Conaprov-IGSS-2018-9-1024x682.jpg 1024w, \/wp-content\/uploads\/sites\/5\/2018\/11\/Dia-Nacional-del-Adulto-Mayor-Conaprov-IGSS-2018-9-696x464.jpg 696w, \/wp-content\/uploads\/sites\/5\/2018\/11\/Dia-Nacional-del-Adulto-Mayor-Conaprov-IGSS-2018-9-1068x712.jpg 1068w, \/wp-content\/uploads\/sites\/5\/2018\/11\/Dia-Nacional-del-Adulto-Mayor-Conaprov-IGSS-2018-9-534x356.jpg 534w, \/wp-content\/uploads\/sites\/5\/2018\/11\/Dia-Nacional-del-Adulto-Mayor-Conaprov-IGSS-2018-9-1920x1280.jpg 1920w, \/wp-content\/uploads\/sites\/5\/2018\/11\/Dia-Nacional-del-Adulto-Mayor-Conaprov-IGSS-2018-9.jpg 2000w\" sizes=\"(max-width: 630px) 100vw, 630px\" alt=\"\">\r\n                            <\/a>\r\n                            \r\n                        <\/figure>\r\n                    <\/div>\r\n                    <div class = \"td-slide-item td-item10\">\r\n                        <figure class=\"td-slide-galery-figure td-slide-popup-gallery\">\r\n                            <a class=\"slide-gallery-image-link\" href=\"\/wp-content\/uploads\/sites\/5\/2018\/11\/Dia-Nacional-del-Adulto-Mayor-Conaprov-IGSS-2018-10.jpg\" title=\"Dia Nacional del Adulto Mayor Conaprov IGSS 2018-10\"  data-caption=\"\"  data-description=\"\">\r\n                                <img decoding=\"async\" src=\"\/wp-content\/uploads\/sites\/5\/2018\/11\/Dia-Nacional-del-Adulto-Mayor-Conaprov-IGSS-2018-10-630x420.jpg\" srcset=\"\/wp-content\/uploads\/sites\/5\/2018\/11\/Dia-Nacional-del-Adulto-Mayor-Conaprov-IGSS-2018-10-630x420.jpg 630w, \/wp-content\/uploads\/sites\/5\/2018\/11\/Dia-Nacional-del-Adulto-Mayor-Conaprov-IGSS-2018-10-1536x1024.jpg 1536w, \/wp-content\/uploads\/sites\/5\/2018\/11\/Dia-Nacional-del-Adulto-Mayor-Conaprov-IGSS-2018-10-300x200.jpg 300w, \/wp-content\/uploads\/sites\/5\/2018\/11\/Dia-Nacional-del-Adulto-Mayor-Conaprov-IGSS-2018-10-768x512.jpg 768w, \/wp-content\/uploads\/sites\/5\/2018\/11\/Dia-Nacional-del-Adulto-Mayor-Conaprov-IGSS-2018-10-1024x682.jpg 1024w, \/wp-content\/uploads\/sites\/5\/2018\/11\/Dia-Nacional-del-Adulto-Mayor-Conaprov-IGSS-2018-10-696x464.jpg 696w, \/wp-content\/uploads\/sites\/5\/2018\/11\/Dia-Nacional-del-Adulto-Mayor-Conaprov-IGSS-2018-10-1068x712.jpg 1068w, \/wp-content\/uploads\/sites\/5\/2018\/11\/Dia-Nacional-del-Adulto-Mayor-Conaprov-IGSS-2018-10-534x356.jpg 534w, \/wp-content\/uploads\/sites\/5\/2018\/11\/Dia-Nacional-del-Adulto-Mayor-Conaprov-IGSS-2018-10-1920x1280.jpg 1920w, \/wp-content\/uploads\/sites\/5\/2018\/11\/Dia-Nacional-del-Adulto-Mayor-Conaprov-IGSS-2018-10.jpg 2000w\" sizes=\"(max-width: 630px) 100vw, 630px\" alt=\"\">\r\n                            <\/a>\r\n                            \r\n                        <\/figure>\r\n                    <\/div>\r\n                    <div class = \"td-slide-item td-item11\">\r\n                        <figure class=\"td-slide-galery-figure td-slide-popup-gallery\">\r\n                            <a class=\"slide-gallery-image-link\" href=\"\/wp-content\/uploads\/sites\/5\/2018\/11\/Dia-Nacional-del-Adulto-Mayor-Conaprov-IGSS-2018-11.jpg\" title=\"Dia Nacional del Adulto Mayor Conaprov IGSS 2018-11\"  data-caption=\"\"  data-description=\"\">\r\n                                <img decoding=\"async\" src=\"\/wp-content\/uploads\/sites\/5\/2018\/11\/Dia-Nacional-del-Adulto-Mayor-Conaprov-IGSS-2018-11-630x420.jpg\" srcset=\"\/wp-content\/uploads\/sites\/5\/2018\/11\/Dia-Nacional-del-Adulto-Mayor-Conaprov-IGSS-2018-11-630x420.jpg 630w, \/wp-content\/uploads\/sites\/5\/2018\/11\/Dia-Nacional-del-Adulto-Mayor-Conaprov-IGSS-2018-11-1536x1024.jpg 1536w, \/wp-content\/uploads\/sites\/5\/2018\/11\/Dia-Nacional-del-Adulto-Mayor-Conaprov-IGSS-2018-11-300x200.jpg 300w, \/wp-content\/uploads\/sites\/5\/2018\/11\/Dia-Nacional-del-Adulto-Mayor-Conaprov-IGSS-2018-11-768x512.jpg 768w, \/wp-content\/uploads\/sites\/5\/2018\/11\/Dia-Nacional-del-Adulto-Mayor-Conaprov-IGSS-2018-11-1024x682.jpg 1024w, \/wp-content\/uploads\/sites\/5\/2018\/11\/Dia-Nacional-del-Adulto-Mayor-Conaprov-IGSS-2018-11-696x464.jpg 696w, \/wp-content\/uploads\/sites\/5\/2018\/11\/Dia-Nacional-del-Adulto-Mayor-Conaprov-IGSS-2018-11-1068x712.jpg 1068w, \/wp-content\/uploads\/sites\/5\/2018\/11\/Dia-Nacional-del-Adulto-Mayor-Conaprov-IGSS-2018-11-534x356.jpg 534w, \/wp-content\/uploads\/sites\/5\/2018\/11\/Dia-Nacional-del-Adulto-Mayor-Conaprov-IGSS-2018-11-1920x1280.jpg 1920w, \/wp-content\/uploads\/sites\/5\/2018\/11\/Dia-Nacional-del-Adulto-Mayor-Conaprov-IGSS-2018-11.jpg 2000w\" sizes=\"(max-width: 630px) 100vw, 630px\" alt=\"\">\r\n                            <\/a>\r\n                            \r\n                        <\/figure>\r\n                    <\/div>\r\n                    <div class = \"td-slide-item td-item12\">\r\n                        <figure class=\"td-slide-galery-figure td-slide-popup-gallery\">\r\n                            <a class=\"slide-gallery-image-link\" href=\"\/wp-content\/uploads\/sites\/5\/2018\/11\/Dia-Nacional-del-Adulto-Mayor-Conaprov-IGSS-2018-12.jpg\" title=\"Dia Nacional del Adulto Mayor Conaprov IGSS 2018-12\"  data-caption=\"\"  data-description=\"\">\r\n                                <img decoding=\"async\" src=\"\/wp-content\/uploads\/sites\/5\/2018\/11\/Dia-Nacional-del-Adulto-Mayor-Conaprov-IGSS-2018-12-630x420.jpg\" srcset=\"\/wp-content\/uploads\/sites\/5\/2018\/11\/Dia-Nacional-del-Adulto-Mayor-Conaprov-IGSS-2018-12-630x420.jpg 630w, \/wp-content\/uploads\/sites\/5\/2018\/11\/Dia-Nacional-del-Adulto-Mayor-Conaprov-IGSS-2018-12-1536x1024.jpg 1536w, \/wp-content\/uploads\/sites\/5\/2018\/11\/Dia-Nacional-del-Adulto-Mayor-Conaprov-IGSS-2018-12-300x200.jpg 300w, \/wp-content\/uploads\/sites\/5\/2018\/11\/Dia-Nacional-del-Adulto-Mayor-Conaprov-IGSS-2018-12-768x512.jpg 768w, \/wp-content\/uploads\/sites\/5\/2018\/11\/Dia-Nacional-del-Adulto-Mayor-Conaprov-IGSS-2018-12-1024x682.jpg 1024w, \/wp-content\/uploads\/sites\/5\/2018\/11\/Dia-Nacional-del-Adulto-Mayor-Conaprov-IGSS-2018-12-696x464.jpg 696w, \/wp-content\/uploads\/sites\/5\/2018\/11\/Dia-Nacional-del-Adulto-Mayor-Conaprov-IGSS-2018-12-1068x712.jpg 1068w, \/wp-content\/uploads\/sites\/5\/2018\/11\/Dia-Nacional-del-Adulto-Mayor-Conaprov-IGSS-2018-12-534x356.jpg 534w, \/wp-content\/uploads\/sites\/5\/2018\/11\/Dia-Nacional-del-Adulto-Mayor-Conaprov-IGSS-2018-12-1920x1280.jpg 1920w, \/wp-content\/uploads\/sites\/5\/2018\/11\/Dia-Nacional-del-Adulto-Mayor-Conaprov-IGSS-2018-12.jpg 2000w\" sizes=\"(max-width: 630px) 100vw, 630px\" alt=\"\">\r\n                            <\/a>\r\n                            \r\n                        <\/figure>\r\n                    <\/div>\r\n                    <div class = \"td-slide-item td-item13\">\r\n                        <figure class=\"td-slide-galery-figure td-slide-popup-gallery\">\r\n                            <a class=\"slide-gallery-image-link\" href=\"\/wp-content\/uploads\/sites\/5\/2018\/11\/Dia-Nacional-del-Adulto-Mayor-Conaprov-IGSS-2018-14.jpg\" title=\"Dia Nacional del Adulto Mayor Conaprov IGSS 2018-14\"  data-caption=\"\"  data-description=\"\">\r\n                                <img decoding=\"async\" src=\"\/wp-content\/uploads\/sites\/5\/2018\/11\/Dia-Nacional-del-Adulto-Mayor-Conaprov-IGSS-2018-14-630x420.jpg\" srcset=\"\/wp-content\/uploads\/sites\/5\/2018\/11\/Dia-Nacional-del-Adulto-Mayor-Conaprov-IGSS-2018-14-630x420.jpg 630w, \/wp-content\/uploads\/sites\/5\/2018\/11\/Dia-Nacional-del-Adulto-Mayor-Conaprov-IGSS-2018-14-1536x1024.jpg 1536w, \/wp-content\/uploads\/sites\/5\/2018\/11\/Dia-Nacional-del-Adulto-Mayor-Conaprov-IGSS-2018-14-300x200.jpg 300w, \/wp-content\/uploads\/sites\/5\/2018\/11\/Dia-Nacional-del-Adulto-Mayor-Conaprov-IGSS-2018-14-768x512.jpg 768w, \/wp-content\/uploads\/sites\/5\/2018\/11\/Dia-Nacional-del-Adulto-Mayor-Conaprov-IGSS-2018-14-1024x682.jpg 1024w, \/wp-content\/uploads\/sites\/5\/2018\/11\/Dia-Nacional-del-Adulto-Mayor-Conaprov-IGSS-2018-14-696x464.jpg 696w, \/wp-content\/uploads\/sites\/5\/2018\/11\/Dia-Nacional-del-Adulto-Mayor-Conaprov-IGSS-2018-14-1068x712.jpg 1068w, \/wp-content\/uploads\/sites\/5\/2018\/11\/Dia-Nacional-del-Adulto-Mayor-Conaprov-IGSS-2018-14-534x356.jpg 534w, \/wp-content\/uploads\/sites\/5\/2018\/11\/Dia-Nacional-del-Adulto-Mayor-Conaprov-IGSS-2018-14-1920x1280.jpg 1920w, \/wp-content\/uploads\/sites\/5\/2018\/11\/Dia-Nacional-del-Adulto-Mayor-Conaprov-IGSS-2018-14.jpg 2000w\" sizes=\"(max-width: 630px) 100vw, 630px\" alt=\"\">\r\n                            <\/a>\r\n                            \r\n                        <\/figure>\r\n                    <\/div>\r\n                    <div class = \"td-slide-item td-item14\">\r\n                        <figure class=\"td-slide-galery-figure td-slide-popup-gallery\">\r\n                            <a class=\"slide-gallery-image-link\" href=\"\/wp-content\/uploads\/sites\/5\/2018\/11\/Dia-Nacional-del-Adulto-Mayor-Conaprov-IGSS-2018-15.jpg\" title=\"Dia Nacional del Adulto Mayor Conaprov IGSS 2018-15\"  data-caption=\"\"  data-description=\"\">\r\n                                <img decoding=\"async\" src=\"\/wp-content\/uploads\/sites\/5\/2018\/11\/Dia-Nacional-del-Adulto-Mayor-Conaprov-IGSS-2018-15-630x420.jpg\" srcset=\"\/wp-content\/uploads\/sites\/5\/2018\/11\/Dia-Nacional-del-Adulto-Mayor-Conaprov-IGSS-2018-15-630x420.jpg 630w, \/wp-content\/uploads\/sites\/5\/2018\/11\/Dia-Nacional-del-Adulto-Mayor-Conaprov-IGSS-2018-15-1536x1024.jpg 1536w, \/wp-content\/uploads\/sites\/5\/2018\/11\/Dia-Nacional-del-Adulto-Mayor-Conaprov-IGSS-2018-15-300x200.jpg 300w, \/wp-content\/uploads\/sites\/5\/2018\/11\/Dia-Nacional-del-Adulto-Mayor-Conaprov-IGSS-2018-15-768x512.jpg 768w, \/wp-content\/uploads\/sites\/5\/2018\/11\/Dia-Nacional-del-Adulto-Mayor-Conaprov-IGSS-2018-15-1024x682.jpg 1024w, \/wp-content\/uploads\/sites\/5\/2018\/11\/Dia-Nacional-del-Adulto-Mayor-Conaprov-IGSS-2018-15-696x464.jpg 696w, \/wp-content\/uploads\/sites\/5\/2018\/11\/Dia-Nacional-del-Adulto-Mayor-Conaprov-IGSS-2018-15-1068x712.jpg 1068w, \/wp-content\/uploads\/sites\/5\/2018\/11\/Dia-Nacional-del-Adulto-Mayor-Conaprov-IGSS-2018-15-534x356.jpg 534w, \/wp-content\/uploads\/sites\/5\/2018\/11\/Dia-Nacional-del-Adulto-Mayor-Conaprov-IGSS-2018-15-1920x1280.jpg 1920w, \/wp-content\/uploads\/sites\/5\/2018\/11\/Dia-Nacional-del-Adulto-Mayor-Conaprov-IGSS-2018-15.jpg 2000w\" sizes=\"(max-width: 630px) 100vw, 630px\" alt=\"\">\r\n                            <\/a>\r\n                            \r\n                        <\/figure>\r\n                    <\/div>\r\n                    <div class = \"td-slide-item td-item15\">\r\n                        <figure class=\"td-slide-galery-figure td-slide-popup-gallery\">\r\n                            <a class=\"slide-gallery-image-link\" href=\"\/wp-content\/uploads\/sites\/5\/2018\/11\/Dia-Nacional-del-Adulto-Mayor-Conaprov-IGSS-2018-16.jpg\" title=\"Dia Nacional del Adulto Mayor Conaprov IGSS 2018-16\"  data-caption=\"\"  data-description=\"\">\r\n                                <img decoding=\"async\" src=\"\/wp-content\/uploads\/sites\/5\/2018\/11\/Dia-Nacional-del-Adulto-Mayor-Conaprov-IGSS-2018-16-630x420.jpg\" srcset=\"\/wp-content\/uploads\/sites\/5\/2018\/11\/Dia-Nacional-del-Adulto-Mayor-Conaprov-IGSS-2018-16-630x420.jpg 630w, \/wp-content\/uploads\/sites\/5\/2018\/11\/Dia-Nacional-del-Adulto-Mayor-Conaprov-IGSS-2018-16-1536x1024.jpg 1536w, \/wp-content\/uploads\/sites\/5\/2018\/11\/Dia-Nacional-del-Adulto-Mayor-Conaprov-IGSS-2018-16-300x200.jpg 300w, \/wp-content\/uploads\/sites\/5\/2018\/11\/Dia-Nacional-del-Adulto-Mayor-Conaprov-IGSS-2018-16-768x512.jpg 768w, \/wp-content\/uploads\/sites\/5\/2018\/11\/Dia-Nacional-del-Adulto-Mayor-Conaprov-IGSS-2018-16-1024x682.jpg 1024w, \/wp-content\/uploads\/sites\/5\/2018\/11\/Dia-Nacional-del-Adulto-Mayor-Conaprov-IGSS-2018-16-696x464.jpg 696w, \/wp-content\/uploads\/sites\/5\/2018\/11\/Dia-Nacional-del-Adulto-Mayor-Conaprov-IGSS-2018-16-1068x712.jpg 1068w, \/wp-content\/uploads\/sites\/5\/2018\/11\/Dia-Nacional-del-Adulto-Mayor-Conaprov-IGSS-2018-16-534x356.jpg 534w, \/wp-content\/uploads\/sites\/5\/2018\/11\/Dia-Nacional-del-Adulto-Mayor-Conaprov-IGSS-2018-16-1920x1280.jpg 1920w, \/wp-content\/uploads\/sites\/5\/2018\/11\/Dia-Nacional-del-Adulto-Mayor-Conaprov-IGSS-2018-16.jpg 2000w\" sizes=\"(max-width: 630px) 100vw, 630px\" alt=\"\">\r\n                            <\/a>\r\n                            \r\n                        <\/figure>\r\n                    <\/div>\r\n                    <div class = \"td-slide-item td-item16\">\r\n                        <figure class=\"td-slide-galery-figure td-slide-popup-gallery\">\r\n                            <a class=\"slide-gallery-image-link\" href=\"\/wp-content\/uploads\/sites\/5\/2018\/11\/Dia-Nacional-del-Adulto-Mayor-Conaprov-IGSS-2018-17.jpg\" title=\"Dia Nacional del Adulto Mayor Conaprov IGSS 2018-17\"  data-caption=\"\"  data-description=\"\">\r\n                                <img decoding=\"async\" src=\"\/wp-content\/uploads\/sites\/5\/2018\/11\/Dia-Nacional-del-Adulto-Mayor-Conaprov-IGSS-2018-17-630x420.jpg\" srcset=\"\/wp-content\/uploads\/sites\/5\/2018\/11\/Dia-Nacional-del-Adulto-Mayor-Conaprov-IGSS-2018-17-630x420.jpg 630w, \/wp-content\/uploads\/sites\/5\/2018\/11\/Dia-Nacional-del-Adulto-Mayor-Conaprov-IGSS-2018-17-1536x1024.jpg 1536w, \/wp-content\/uploads\/sites\/5\/2018\/11\/Dia-Nacional-del-Adulto-Mayor-Conaprov-IGSS-2018-17-300x200.jpg 300w, \/wp-content\/uploads\/sites\/5\/2018\/11\/Dia-Nacional-del-Adulto-Mayor-Conaprov-IGSS-2018-17-768x512.jpg 768w, \/wp-content\/uploads\/sites\/5\/2018\/11\/Dia-Nacional-del-Adulto-Mayor-Conaprov-IGSS-2018-17-1024x682.jpg 1024w, \/wp-content\/uploads\/sites\/5\/2018\/11\/Dia-Nacional-del-Adulto-Mayor-Conaprov-IGSS-2018-17-696x464.jpg 696w, \/wp-content\/uploads\/sites\/5\/2018\/11\/Dia-Nacional-del-Adulto-Mayor-Conaprov-IGSS-2018-17-1068x712.jpg 1068w, \/wp-content\/uploads\/sites\/5\/2018\/11\/Dia-Nacional-del-Adulto-Mayor-Conaprov-IGSS-2018-17-534x356.jpg 534w, \/wp-content\/uploads\/sites\/5\/2018\/11\/Dia-Nacional-del-Adulto-Mayor-Conaprov-IGSS-2018-17-1920x1280.jpg 1920w, \/wp-content\/uploads\/sites\/5\/2018\/11\/Dia-Nacional-del-Adulto-Mayor-Conaprov-IGSS-2018-17.jpg 2000w\" sizes=\"(max-width: 630px) 100vw, 630px\" alt=\"\">\r\n                            <\/a>\r\n                            \r\n                        <\/figure>\r\n                    <\/div>\r\n                    <div class = \"td-slide-item td-item17\">\r\n                        <figure class=\"td-slide-galery-figure td-slide-popup-gallery\">\r\n                            <a class=\"slide-gallery-image-link\" href=\"\/wp-content\/uploads\/sites\/5\/2018\/11\/Dia-Nacional-del-Adulto-Mayor-Conaprov-IGSS-2018-18.jpg\" title=\"Dia Nacional del Adulto Mayor Conaprov IGSS 2018-18\"  data-caption=\"\"  data-description=\"\">\r\n                                <img decoding=\"async\" src=\"\/wp-content\/uploads\/sites\/5\/2018\/11\/Dia-Nacional-del-Adulto-Mayor-Conaprov-IGSS-2018-18-630x420.jpg\" srcset=\"\/wp-content\/uploads\/sites\/5\/2018\/11\/Dia-Nacional-del-Adulto-Mayor-Conaprov-IGSS-2018-18-630x420.jpg 630w, \/wp-content\/uploads\/sites\/5\/2018\/11\/Dia-Nacional-del-Adulto-Mayor-Conaprov-IGSS-2018-18-1536x1024.jpg 1536w, \/wp-content\/uploads\/sites\/5\/2018\/11\/Dia-Nacional-del-Adulto-Mayor-Conaprov-IGSS-2018-18-300x200.jpg 300w, \/wp-content\/uploads\/sites\/5\/2018\/11\/Dia-Nacional-del-Adulto-Mayor-Conaprov-IGSS-2018-18-768x512.jpg 768w, \/wp-content\/uploads\/sites\/5\/2018\/11\/Dia-Nacional-del-Adulto-Mayor-Conaprov-IGSS-2018-18-1024x682.jpg 1024w, \/wp-content\/uploads\/sites\/5\/2018\/11\/Dia-Nacional-del-Adulto-Mayor-Conaprov-IGSS-2018-18-696x464.jpg 696w, \/wp-content\/uploads\/sites\/5\/2018\/11\/Dia-Nacional-del-Adulto-Mayor-Conaprov-IGSS-2018-18-1068x712.jpg 1068w, \/wp-content\/uploads\/sites\/5\/2018\/11\/Dia-Nacional-del-Adulto-Mayor-Conaprov-IGSS-2018-18-534x356.jpg 534w, \/wp-content\/uploads\/sites\/5\/2018\/11\/Dia-Nacional-del-Adulto-Mayor-Conaprov-IGSS-2018-18-1920x1280.jpg 1920w, \/wp-content\/uploads\/sites\/5\/2018\/11\/Dia-Nacional-del-Adulto-Mayor-Conaprov-IGSS-2018-18.jpg 2000w\" sizes=\"(max-width: 630px) 100vw, 630px\" alt=\"\">\r\n                            <\/a>\r\n                            \r\n                        <\/figure>\r\n                    <\/div>\r\n                    <div class = \"td-slide-item td-item18\">\r\n                        <figure class=\"td-slide-galery-figure td-slide-popup-gallery\">\r\n                            <a class=\"slide-gallery-image-link\" href=\"\/wp-content\/uploads\/sites\/5\/2018\/11\/Dia-Nacional-del-Adulto-Mayor-Conaprov-IGSS-2018-19.jpg\" title=\"Dia Nacional del Adulto Mayor Conaprov IGSS 2018-19\"  data-caption=\"\"  data-description=\"\">\r\n                                <img decoding=\"async\" src=\"\/wp-content\/uploads\/sites\/5\/2018\/11\/Dia-Nacional-del-Adulto-Mayor-Conaprov-IGSS-2018-19-630x420.jpg\" srcset=\"\/wp-content\/uploads\/sites\/5\/2018\/11\/Dia-Nacional-del-Adulto-Mayor-Conaprov-IGSS-2018-19-630x420.jpg 630w, \/wp-content\/uploads\/sites\/5\/2018\/11\/Dia-Nacional-del-Adulto-Mayor-Conaprov-IGSS-2018-19-1536x1024.jpg 1536w, \/wp-content\/uploads\/sites\/5\/2018\/11\/Dia-Nacional-del-Adulto-Mayor-Conaprov-IGSS-2018-19-300x200.jpg 300w, \/wp-content\/uploads\/sites\/5\/2018\/11\/Dia-Nacional-del-Adulto-Mayor-Conaprov-IGSS-2018-19-768x512.jpg 768w, \/wp-content\/uploads\/sites\/5\/2018\/11\/Dia-Nacional-del-Adulto-Mayor-Conaprov-IGSS-2018-19-1024x682.jpg 1024w, \/wp-content\/uploads\/sites\/5\/2018\/11\/Dia-Nacional-del-Adulto-Mayor-Conaprov-IGSS-2018-19-696x464.jpg 696w, \/wp-content\/uploads\/sites\/5\/2018\/11\/Dia-Nacional-del-Adulto-Mayor-Conaprov-IGSS-2018-19-1068x712.jpg 1068w, \/wp-content\/uploads\/sites\/5\/2018\/11\/Dia-Nacional-del-Adulto-Mayor-Conaprov-IGSS-2018-19-534x356.jpg 534w, \/wp-content\/uploads\/sites\/5\/2018\/11\/Dia-Nacional-del-Adulto-Mayor-Conaprov-IGSS-2018-19-1920x1280.jpg 1920w, \/wp-content\/uploads\/sites\/5\/2018\/11\/Dia-Nacional-del-Adulto-Mayor-Conaprov-IGSS-2018-19.jpg 2000w\" sizes=\"(max-width: 630px) 100vw, 630px\" alt=\"\">\r\n                            <\/a>\r\n                            \r\n                        <\/figure>\r\n                    <\/div>\r\n                    <div class = \"td-slide-item td-item19\">\r\n                        <figure class=\"td-slide-galery-figure td-slide-popup-gallery\">\r\n                            <a class=\"slide-gallery-image-link\" href=\"\/wp-content\/uploads\/sites\/5\/2018\/11\/Dia-Nacional-del-Adulto-Mayor-Conaprov-IGSS-2018-20.jpg\" title=\"Dia Nacional del Adulto Mayor Conaprov IGSS 2018-20\"  data-caption=\"\"  data-description=\"\">\r\n                                <img decoding=\"async\" src=\"\/wp-content\/uploads\/sites\/5\/2018\/11\/Dia-Nacional-del-Adulto-Mayor-Conaprov-IGSS-2018-20-630x420.jpg\" srcset=\"\/wp-content\/uploads\/sites\/5\/2018\/11\/Dia-Nacional-del-Adulto-Mayor-Conaprov-IGSS-2018-20-630x420.jpg 630w, \/wp-content\/uploads\/sites\/5\/2018\/11\/Dia-Nacional-del-Adulto-Mayor-Conaprov-IGSS-2018-20-1536x1024.jpg 1536w, \/wp-content\/uploads\/sites\/5\/2018\/11\/Dia-Nacional-del-Adulto-Mayor-Conaprov-IGSS-2018-20-300x200.jpg 300w, \/wp-content\/uploads\/sites\/5\/2018\/11\/Dia-Nacional-del-Adulto-Mayor-Conaprov-IGSS-2018-20-768x512.jpg 768w, \/wp-content\/uploads\/sites\/5\/2018\/11\/Dia-Nacional-del-Adulto-Mayor-Conaprov-IGSS-2018-20-1024x682.jpg 1024w, \/wp-content\/uploads\/sites\/5\/2018\/11\/Dia-Nacional-del-Adulto-Mayor-Conaprov-IGSS-2018-20-696x464.jpg 696w, \/wp-content\/uploads\/sites\/5\/2018\/11\/Dia-Nacional-del-Adulto-Mayor-Conaprov-IGSS-2018-20-1068x712.jpg 1068w, \/wp-content\/uploads\/sites\/5\/2018\/11\/Dia-Nacional-del-Adulto-Mayor-Conaprov-IGSS-2018-20-534x356.jpg 534w, \/wp-content\/uploads\/sites\/5\/2018\/11\/Dia-Nacional-del-Adulto-Mayor-Conaprov-IGSS-2018-20-1920x1280.jpg 1920w, \/wp-content\/uploads\/sites\/5\/2018\/11\/Dia-Nacional-del-Adulto-Mayor-Conaprov-IGSS-2018-20.jpg 2000w\" sizes=\"(max-width: 630px) 100vw, 630px\" alt=\"\">\r\n                            <\/a>\r\n                            \r\n                        <\/figure>\r\n                    <\/div>\r\n                    <div class = \"td-slide-item td-item20\">\r\n                        <figure class=\"td-slide-galery-figure td-slide-popup-gallery\">\r\n                            <a class=\"slide-gallery-image-link\" href=\"\/wp-content\/uploads\/sites\/5\/2018\/11\/Dia-Nacional-del-Adulto-Mayor-Conaprov-IGSS-2018-21.jpg\" title=\"Dia Nacional del Adulto Mayor Conaprov IGSS 2018-21\"  data-caption=\"\"  data-description=\"\">\r\n                                <img decoding=\"async\" src=\"\/wp-content\/uploads\/sites\/5\/2018\/11\/Dia-Nacional-del-Adulto-Mayor-Conaprov-IGSS-2018-21-630x420.jpg\" srcset=\"\/wp-content\/uploads\/sites\/5\/2018\/11\/Dia-Nacional-del-Adulto-Mayor-Conaprov-IGSS-2018-21-630x420.jpg 630w, \/wp-content\/uploads\/sites\/5\/2018\/11\/Dia-Nacional-del-Adulto-Mayor-Conaprov-IGSS-2018-21-1536x1024.jpg 1536w, \/wp-content\/uploads\/sites\/5\/2018\/11\/Dia-Nacional-del-Adulto-Mayor-Conaprov-IGSS-2018-21-300x200.jpg 300w, \/wp-content\/uploads\/sites\/5\/2018\/11\/Dia-Nacional-del-Adulto-Mayor-Conaprov-IGSS-2018-21-768x512.jpg 768w, \/wp-content\/uploads\/sites\/5\/2018\/11\/Dia-Nacional-del-Adulto-Mayor-Conaprov-IGSS-2018-21-1024x682.jpg 1024w, \/wp-content\/uploads\/sites\/5\/2018\/11\/Dia-Nacional-del-Adulto-Mayor-Conaprov-IGSS-2018-21-696x464.jpg 696w, \/wp-content\/uploads\/sites\/5\/2018\/11\/Dia-Nacional-del-Adulto-Mayor-Conaprov-IGSS-2018-21-1068x712.jpg 1068w, \/wp-content\/uploads\/sites\/5\/2018\/11\/Dia-Nacional-del-Adulto-Mayor-Conaprov-IGSS-2018-21-534x356.jpg 534w, \/wp-content\/uploads\/sites\/5\/2018\/11\/Dia-Nacional-del-Adulto-Mayor-Conaprov-IGSS-2018-21-1920x1280.jpg 1920w, \/wp-content\/uploads\/sites\/5\/2018\/11\/Dia-Nacional-del-Adulto-Mayor-Conaprov-IGSS-2018-21.jpg 2000w\" sizes=\"(max-width: 630px) 100vw, 630px\" alt=\"\">\r\n                            <\/a>\r\n                            \r\n                        <\/figure>\r\n                    <\/div>\r\n                    <div class = \"td-slide-item td-item21\">\r\n                        <figure class=\"td-slide-galery-figure td-slide-popup-gallery\">\r\n                            <a class=\"slide-gallery-image-link\" href=\"\/wp-content\/uploads\/sites\/5\/2018\/11\/Dia-Nacional-del-Adulto-Mayor-Conaprov-IGSS-2018-22.jpg\" title=\"Dia Nacional del Adulto Mayor Conaprov IGSS 2018-22\"  data-caption=\"\"  data-description=\"\">\r\n                                <img decoding=\"async\" src=\"\/wp-content\/uploads\/sites\/5\/2018\/11\/Dia-Nacional-del-Adulto-Mayor-Conaprov-IGSS-2018-22-630x420.jpg\" srcset=\"\/wp-content\/uploads\/sites\/5\/2018\/11\/Dia-Nacional-del-Adulto-Mayor-Conaprov-IGSS-2018-22-630x420.jpg 630w, \/wp-content\/uploads\/sites\/5\/2018\/11\/Dia-Nacional-del-Adulto-Mayor-Conaprov-IGSS-2018-22-1536x1024.jpg 1536w, \/wp-content\/uploads\/sites\/5\/2018\/11\/Dia-Nacional-del-Adulto-Mayor-Conaprov-IGSS-2018-22-300x200.jpg 300w, \/wp-content\/uploads\/sites\/5\/2018\/11\/Dia-Nacional-del-Adulto-Mayor-Conaprov-IGSS-2018-22-768x512.jpg 768w, \/wp-content\/uploads\/sites\/5\/2018\/11\/Dia-Nacional-del-Adulto-Mayor-Conaprov-IGSS-2018-22-1024x682.jpg 1024w, \/wp-content\/uploads\/sites\/5\/2018\/11\/Dia-Nacional-del-Adulto-Mayor-Conaprov-IGSS-2018-22-696x464.jpg 696w, \/wp-content\/uploads\/sites\/5\/2018\/11\/Dia-Nacional-del-Adulto-Mayor-Conaprov-IGSS-2018-22-1068x712.jpg 1068w, \/wp-content\/uploads\/sites\/5\/2018\/11\/Dia-Nacional-del-Adulto-Mayor-Conaprov-IGSS-2018-22-534x356.jpg 534w, \/wp-content\/uploads\/sites\/5\/2018\/11\/Dia-Nacional-del-Adulto-Mayor-Conaprov-IGSS-2018-22-1920x1280.jpg 1920w, \/wp-content\/uploads\/sites\/5\/2018\/11\/Dia-Nacional-del-Adulto-Mayor-Conaprov-IGSS-2018-22.jpg 2000w\" sizes=\"(max-width: 630px) 100vw, 630px\" alt=\"\">\r\n                            <\/a>\r\n                            \r\n                        <\/figure>\r\n                    <\/div>\r\n                    <div class = \"td-slide-item td-item22\">\r\n                        <figure class=\"td-slide-galery-figure td-slide-popup-gallery\">\r\n                            <a class=\"slide-gallery-image-link\" href=\"\/wp-content\/uploads\/sites\/5\/2018\/11\/Dia-Nacional-del-Adulto-Mayor-Conaprov-IGSS-2018-23.jpg\" title=\"Dia Nacional del Adulto Mayor Conaprov IGSS 2018-23\"  data-caption=\"\"  data-description=\"\">\r\n                                <img decoding=\"async\" src=\"\/wp-content\/uploads\/sites\/5\/2018\/11\/Dia-Nacional-del-Adulto-Mayor-Conaprov-IGSS-2018-23-630x420.jpg\" srcset=\"\/wp-content\/uploads\/sites\/5\/2018\/11\/Dia-Nacional-del-Adulto-Mayor-Conaprov-IGSS-2018-23-630x420.jpg 630w, \/wp-content\/uploads\/sites\/5\/2018\/11\/Dia-Nacional-del-Adulto-Mayor-Conaprov-IGSS-2018-23-1536x1024.jpg 1536w, \/wp-content\/uploads\/sites\/5\/2018\/11\/Dia-Nacional-del-Adulto-Mayor-Conaprov-IGSS-2018-23-300x200.jpg 300w, \/wp-content\/uploads\/sites\/5\/2018\/11\/Dia-Nacional-del-Adulto-Mayor-Conaprov-IGSS-2018-23-768x512.jpg 768w, \/wp-content\/uploads\/sites\/5\/2018\/11\/Dia-Nacional-del-Adulto-Mayor-Conaprov-IGSS-2018-23-1024x682.jpg 1024w, \/wp-content\/uploads\/sites\/5\/2018\/11\/Dia-Nacional-del-Adulto-Mayor-Conaprov-IGSS-2018-23-696x464.jpg 696w, \/wp-content\/uploads\/sites\/5\/2018\/11\/Dia-Nacional-del-Adulto-Mayor-Conaprov-IGSS-2018-23-1068x712.jpg 1068w, \/wp-content\/uploads\/sites\/5\/2018\/11\/Dia-Nacional-del-Adulto-Mayor-Conaprov-IGSS-2018-23-534x356.jpg 534w, \/wp-content\/uploads\/sites\/5\/2018\/11\/Dia-Nacional-del-Adulto-Mayor-Conaprov-IGSS-2018-23-1920x1280.jpg 1920w, \/wp-content\/uploads\/sites\/5\/2018\/11\/Dia-Nacional-del-Adulto-Mayor-Conaprov-IGSS-2018-23.jpg 2000w\" sizes=\"(max-width: 630px) 100vw, 630px\" alt=\"\">\r\n                            <\/a>\r\n                            \r\n                        <\/figure>\r\n                    <\/div>\r\n                    <div class = \"td-slide-item td-item23\">\r\n                        <figure class=\"td-slide-galery-figure td-slide-popup-gallery\">\r\n                            <a class=\"slide-gallery-image-link\" href=\"\/wp-content\/uploads\/sites\/5\/2018\/11\/Dia-Nacional-del-Adulto-Mayor-Conaprov-IGSS-2018-24.jpg\" title=\"Dia Nacional del Adulto Mayor Conaprov IGSS 2018-24\"  data-caption=\"\"  data-description=\"\">\r\n                                <img decoding=\"async\" src=\"\/wp-content\/uploads\/sites\/5\/2018\/11\/Dia-Nacional-del-Adulto-Mayor-Conaprov-IGSS-2018-24-630x420.jpg\" srcset=\"\/wp-content\/uploads\/sites\/5\/2018\/11\/Dia-Nacional-del-Adulto-Mayor-Conaprov-IGSS-2018-24-630x420.jpg 630w, \/wp-content\/uploads\/sites\/5\/2018\/11\/Dia-Nacional-del-Adulto-Mayor-Conaprov-IGSS-2018-24-1536x1024.jpg 1536w, \/wp-content\/uploads\/sites\/5\/2018\/11\/Dia-Nacional-del-Adulto-Mayor-Conaprov-IGSS-2018-24-300x200.jpg 300w, \/wp-content\/uploads\/sites\/5\/2018\/11\/Dia-Nacional-del-Adulto-Mayor-Conaprov-IGSS-2018-24-768x512.jpg 768w, \/wp-content\/uploads\/sites\/5\/2018\/11\/Dia-Nacional-del-Adulto-Mayor-Conaprov-IGSS-2018-24-1024x682.jpg 1024w, \/wp-content\/uploads\/sites\/5\/2018\/11\/Dia-Nacional-del-Adulto-Mayor-Conaprov-IGSS-2018-24-696x464.jpg 696w, \/wp-content\/uploads\/sites\/5\/2018\/11\/Dia-Nacional-del-Adulto-Mayor-Conaprov-IGSS-2018-24-1068x712.jpg 1068w, \/wp-content\/uploads\/sites\/5\/2018\/11\/Dia-Nacional-del-Adulto-Mayor-Conaprov-IGSS-2018-24-534x356.jpg 534w, \/wp-content\/uploads\/sites\/5\/2018\/11\/Dia-Nacional-del-Adulto-Mayor-Conaprov-IGSS-2018-24-1920x1280.jpg 1920w, \/wp-content\/uploads\/sites\/5\/2018\/11\/Dia-Nacional-del-Adulto-Mayor-Conaprov-IGSS-2018-24.jpg 2000w\" sizes=\"(max-width: 630px) 100vw, 630px\" alt=\"\">\r\n                            <\/a>\r\n                            \r\n                        <\/figure>\r\n                    <\/div>\r\n                    <div class = \"td-slide-item td-item24\">\r\n                        <figure class=\"td-slide-galery-figure td-slide-popup-gallery\">\r\n                            <a class=\"slide-gallery-image-link\" href=\"\/wp-content\/uploads\/sites\/5\/2018\/11\/Dia-Nacional-del-Adulto-Mayor-Conaprov-IGSS-2018-25.jpg\" title=\"Dia Nacional del Adulto Mayor Conaprov IGSS 2018-25\"  data-caption=\"\"  data-description=\"\">\r\n                                <img decoding=\"async\" src=\"\/wp-content\/uploads\/sites\/5\/2018\/11\/Dia-Nacional-del-Adulto-Mayor-Conaprov-IGSS-2018-25-630x420.jpg\" srcset=\"\/wp-content\/uploads\/sites\/5\/2018\/11\/Dia-Nacional-del-Adulto-Mayor-Conaprov-IGSS-2018-25-630x420.jpg 630w, \/wp-content\/uploads\/sites\/5\/2018\/11\/Dia-Nacional-del-Adulto-Mayor-Conaprov-IGSS-2018-25-1536x1024.jpg 1536w, \/wp-content\/uploads\/sites\/5\/2018\/11\/Dia-Nacional-del-Adulto-Mayor-Conaprov-IGSS-2018-25-300x200.jpg 300w, \/wp-content\/uploads\/sites\/5\/2018\/11\/Dia-Nacional-del-Adulto-Mayor-Conaprov-IGSS-2018-25-768x512.jpg 768w, \/wp-content\/uploads\/sites\/5\/2018\/11\/Dia-Nacional-del-Adulto-Mayor-Conaprov-IGSS-2018-25-1024x682.jpg 1024w, \/wp-content\/uploads\/sites\/5\/2018\/11\/Dia-Nacional-del-Adulto-Mayor-Conaprov-IGSS-2018-25-696x464.jpg 696w, \/wp-content\/uploads\/sites\/5\/2018\/11\/Dia-Nacional-del-Adulto-Mayor-Conaprov-IGSS-2018-25-1068x712.jpg 1068w, \/wp-content\/uploads\/sites\/5\/2018\/11\/Dia-Nacional-del-Adulto-Mayor-Conaprov-IGSS-2018-25-534x356.jpg 534w, \/wp-content\/uploads\/sites\/5\/2018\/11\/Dia-Nacional-del-Adulto-Mayor-Conaprov-IGSS-2018-25-1920x1280.jpg 1920w, \/wp-content\/uploads\/sites\/5\/2018\/11\/Dia-Nacional-del-Adulto-Mayor-Conaprov-IGSS-2018-25.jpg 2000w\" sizes=\"(max-width: 630px) 100vw, 630px\" alt=\"\">\r\n                            <\/a>\r\n                            \r\n                        <\/figure>\r\n                    <\/div>\r\n                    <div class = \"td-slide-item td-item25\">\r\n                        <figure class=\"td-slide-galery-figure td-slide-popup-gallery\">\r\n                            <a class=\"slide-gallery-image-link\" href=\"\/wp-content\/uploads\/sites\/5\/2018\/11\/Dia-Nacional-del-Adulto-Mayor-Conaprov-IGSS-2018-26.jpg\" title=\"Dia Nacional del Adulto Mayor Conaprov IGSS 2018-26\"  data-caption=\"\"  data-description=\"\">\r\n                                <img decoding=\"async\" src=\"\/wp-content\/uploads\/sites\/5\/2018\/11\/Dia-Nacional-del-Adulto-Mayor-Conaprov-IGSS-2018-26-630x420.jpg\" srcset=\"\/wp-content\/uploads\/sites\/5\/2018\/11\/Dia-Nacional-del-Adulto-Mayor-Conaprov-IGSS-2018-26-630x420.jpg 630w, \/wp-content\/uploads\/sites\/5\/2018\/11\/Dia-Nacional-del-Adulto-Mayor-Conaprov-IGSS-2018-26-1536x1024.jpg 1536w, \/wp-content\/uploads\/sites\/5\/2018\/11\/Dia-Nacional-del-Adulto-Mayor-Conaprov-IGSS-2018-26-300x200.jpg 300w, \/wp-content\/uploads\/sites\/5\/2018\/11\/Dia-Nacional-del-Adulto-Mayor-Conaprov-IGSS-2018-26-768x512.jpg 768w, \/wp-content\/uploads\/sites\/5\/2018\/11\/Dia-Nacional-del-Adulto-Mayor-Conaprov-IGSS-2018-26-1024x682.jpg 1024w, \/wp-content\/uploads\/sites\/5\/2018\/11\/Dia-Nacional-del-Adulto-Mayor-Conaprov-IGSS-2018-26-696x464.jpg 696w, \/wp-content\/uploads\/sites\/5\/2018\/11\/Dia-Nacional-del-Adulto-Mayor-Conaprov-IGSS-2018-26-1068x712.jpg 1068w, \/wp-content\/uploads\/sites\/5\/2018\/11\/Dia-Nacional-del-Adulto-Mayor-Conaprov-IGSS-2018-26-534x356.jpg 534w, \/wp-content\/uploads\/sites\/5\/2018\/11\/Dia-Nacional-del-Adulto-Mayor-Conaprov-IGSS-2018-26-1920x1280.jpg 1920w, \/wp-content\/uploads\/sites\/5\/2018\/11\/Dia-Nacional-del-Adulto-Mayor-Conaprov-IGSS-2018-26.jpg 2000w\" sizes=\"(max-width: 630px) 100vw, 630px\" alt=\"\">\r\n                            <\/a>\r\n                            \r\n                        <\/figure>\r\n                    <\/div>\r\n                    <div class = \"td-slide-item td-item26\">\r\n                        <figure class=\"td-slide-galery-figure td-slide-popup-gallery\">\r\n                            <a class=\"slide-gallery-image-link\" href=\"\/wp-content\/uploads\/sites\/5\/2018\/11\/Dia-Nacional-del-Adulto-Mayor-Conaprov-IGSS-2018-27.jpg\" title=\"Dia Nacional del Adulto Mayor Conaprov IGSS 2018-27\"  data-caption=\"\"  data-description=\"\">\r\n                                <img decoding=\"async\" src=\"\/wp-content\/uploads\/sites\/5\/2018\/11\/Dia-Nacional-del-Adulto-Mayor-Conaprov-IGSS-2018-27-630x420.jpg\" srcset=\"\/wp-content\/uploads\/sites\/5\/2018\/11\/Dia-Nacional-del-Adulto-Mayor-Conaprov-IGSS-2018-27-630x420.jpg 630w, \/wp-content\/uploads\/sites\/5\/2018\/11\/Dia-Nacional-del-Adulto-Mayor-Conaprov-IGSS-2018-27-1536x1024.jpg 1536w, \/wp-content\/uploads\/sites\/5\/2018\/11\/Dia-Nacional-del-Adulto-Mayor-Conaprov-IGSS-2018-27-300x200.jpg 300w, \/wp-content\/uploads\/sites\/5\/2018\/11\/Dia-Nacional-del-Adulto-Mayor-Conaprov-IGSS-2018-27-768x512.jpg 768w, \/wp-content\/uploads\/sites\/5\/2018\/11\/Dia-Nacional-del-Adulto-Mayor-Conaprov-IGSS-2018-27-1024x682.jpg 1024w, \/wp-content\/uploads\/sites\/5\/2018\/11\/Dia-Nacional-del-Adulto-Mayor-Conaprov-IGSS-2018-27-696x464.jpg 696w, \/wp-content\/uploads\/sites\/5\/2018\/11\/Dia-Nacional-del-Adulto-Mayor-Conaprov-IGSS-2018-27-1068x712.jpg 1068w, \/wp-content\/uploads\/sites\/5\/2018\/11\/Dia-Nacional-del-Adulto-Mayor-Conaprov-IGSS-2018-27-534x356.jpg 534w, \/wp-content\/uploads\/sites\/5\/2018\/11\/Dia-Nacional-del-Adulto-Mayor-Conaprov-IGSS-2018-27-1920x1280.jpg 1920w, \/wp-content\/uploads\/sites\/5\/2018\/11\/Dia-Nacional-del-Adulto-Mayor-Conaprov-IGSS-2018-27.jpg 2000w\" sizes=\"(max-width: 630px) 100vw, 630px\" alt=\"\">\r\n                            <\/a>\r\n                            \r\n                        <\/figure>\r\n                    <\/div>\r\n                    <div class = \"td-slide-item td-item27\">\r\n                        <figure class=\"td-slide-galery-figure td-slide-popup-gallery\">\r\n                            <a class=\"slide-gallery-image-link\" href=\"\/wp-content\/uploads\/sites\/5\/2018\/11\/Dia-Nacional-del-Adulto-Mayor-Conaprov-IGSS-2018-28.jpg\" title=\"Dia Nacional del Adulto Mayor Conaprov IGSS 2018-28\"  data-caption=\"\"  data-description=\"\">\r\n                                <img decoding=\"async\" src=\"\/wp-content\/uploads\/sites\/5\/2018\/11\/Dia-Nacional-del-Adulto-Mayor-Conaprov-IGSS-2018-28-630x420.jpg\" srcset=\"\/wp-content\/uploads\/sites\/5\/2018\/11\/Dia-Nacional-del-Adulto-Mayor-Conaprov-IGSS-2018-28-630x420.jpg 630w, \/wp-content\/uploads\/sites\/5\/2018\/11\/Dia-Nacional-del-Adulto-Mayor-Conaprov-IGSS-2018-28-1536x1024.jpg 1536w, \/wp-content\/uploads\/sites\/5\/2018\/11\/Dia-Nacional-del-Adulto-Mayor-Conaprov-IGSS-2018-28-300x200.jpg 300w, \/wp-content\/uploads\/sites\/5\/2018\/11\/Dia-Nacional-del-Adulto-Mayor-Conaprov-IGSS-2018-28-768x512.jpg 768w, \/wp-content\/uploads\/sites\/5\/2018\/11\/Dia-Nacional-del-Adulto-Mayor-Conaprov-IGSS-2018-28-1024x682.jpg 1024w, \/wp-content\/uploads\/sites\/5\/2018\/11\/Dia-Nacional-del-Adulto-Mayor-Conaprov-IGSS-2018-28-696x464.jpg 696w, \/wp-content\/uploads\/sites\/5\/2018\/11\/Dia-Nacional-del-Adulto-Mayor-Conaprov-IGSS-2018-28-1068x712.jpg 1068w, \/wp-content\/uploads\/sites\/5\/2018\/11\/Dia-Nacional-del-Adulto-Mayor-Conaprov-IGSS-2018-28-534x356.jpg 534w, \/wp-content\/uploads\/sites\/5\/2018\/11\/Dia-Nacional-del-Adulto-Mayor-Conaprov-IGSS-2018-28-1920x1280.jpg 1920w, \/wp-content\/uploads\/sites\/5\/2018\/11\/Dia-Nacional-del-Adulto-Mayor-Conaprov-IGSS-2018-28.jpg 2000w\" sizes=\"(max-width: 630px) 100vw, 630px\" alt=\"\">\r\n                            <\/a>\r\n                            \r\n                        <\/figure>\r\n                    <\/div>\r\n                    <div class = \"td-slide-item td-item28\">\r\n                        <figure class=\"td-slide-galery-figure td-slide-popup-gallery\">\r\n                            <a class=\"slide-gallery-image-link\" href=\"\/wp-content\/uploads\/sites\/5\/2018\/11\/Dia-Nacional-del-Adulto-Mayor-Conaprov-IGSS-2018-29.jpg\" title=\"Dia Nacional del Adulto Mayor Conaprov IGSS 2018-29\"  data-caption=\"\"  data-description=\"\">\r\n                                <img decoding=\"async\" src=\"\/wp-content\/uploads\/sites\/5\/2018\/11\/Dia-Nacional-del-Adulto-Mayor-Conaprov-IGSS-2018-29-630x420.jpg\" srcset=\"\/wp-content\/uploads\/sites\/5\/2018\/11\/Dia-Nacional-del-Adulto-Mayor-Conaprov-IGSS-2018-29-630x420.jpg 630w, \/wp-content\/uploads\/sites\/5\/2018\/11\/Dia-Nacional-del-Adulto-Mayor-Conaprov-IGSS-2018-29-1536x1024.jpg 1536w, \/wp-content\/uploads\/sites\/5\/2018\/11\/Dia-Nacional-del-Adulto-Mayor-Conaprov-IGSS-2018-29-300x200.jpg 300w, \/wp-content\/uploads\/sites\/5\/2018\/11\/Dia-Nacional-del-Adulto-Mayor-Conaprov-IGSS-2018-29-768x512.jpg 768w, \/wp-content\/uploads\/sites\/5\/2018\/11\/Dia-Nacional-del-Adulto-Mayor-Conaprov-IGSS-2018-29-1024x682.jpg 1024w, \/wp-content\/uploads\/sites\/5\/2018\/11\/Dia-Nacional-del-Adulto-Mayor-Conaprov-IGSS-2018-29-696x464.jpg 696w, \/wp-content\/uploads\/sites\/5\/2018\/11\/Dia-Nacional-del-Adulto-Mayor-Conaprov-IGSS-2018-29-1068x712.jpg 1068w, \/wp-content\/uploads\/sites\/5\/2018\/11\/Dia-Nacional-del-Adulto-Mayor-Conaprov-IGSS-2018-29-534x356.jpg 534w, \/wp-content\/uploads\/sites\/5\/2018\/11\/Dia-Nacional-del-Adulto-Mayor-Conaprov-IGSS-2018-29-1920x1280.jpg 1920w, \/wp-content\/uploads\/sites\/5\/2018\/11\/Dia-Nacional-del-Adulto-Mayor-Conaprov-IGSS-2018-29.jpg 2000w\" sizes=\"(max-width: 630px) 100vw, 630px\" alt=\"\">\r\n                            <\/a>\r\n                            \r\n                        <\/figure>\r\n                    <\/div>\r\n                    <div class = \"td-slide-item td-item29\">\r\n                        <figure class=\"td-slide-galery-figure td-slide-popup-gallery\">\r\n                            <a class=\"slide-gallery-image-link\" href=\"\/wp-content\/uploads\/sites\/5\/2018\/11\/Dia-Nacional-del-Adulto-Mayor-Conaprov-IGSS-2018-30.jpg\" title=\"Dia Nacional del Adulto Mayor Conaprov IGSS 2018-30\"  data-caption=\"\"  data-description=\"\">\r\n                                <img decoding=\"async\" src=\"\/wp-content\/uploads\/sites\/5\/2018\/11\/Dia-Nacional-del-Adulto-Mayor-Conaprov-IGSS-2018-30-630x420.jpg\" srcset=\"\/wp-content\/uploads\/sites\/5\/2018\/11\/Dia-Nacional-del-Adulto-Mayor-Conaprov-IGSS-2018-30-630x420.jpg 630w, \/wp-content\/uploads\/sites\/5\/2018\/11\/Dia-Nacional-del-Adulto-Mayor-Conaprov-IGSS-2018-30-1536x1024.jpg 1536w, \/wp-content\/uploads\/sites\/5\/2018\/11\/Dia-Nacional-del-Adulto-Mayor-Conaprov-IGSS-2018-30-300x200.jpg 300w, \/wp-content\/uploads\/sites\/5\/2018\/11\/Dia-Nacional-del-Adulto-Mayor-Conaprov-IGSS-2018-30-768x512.jpg 768w, \/wp-content\/uploads\/sites\/5\/2018\/11\/Dia-Nacional-del-Adulto-Mayor-Conaprov-IGSS-2018-30-1024x682.jpg 1024w, \/wp-content\/uploads\/sites\/5\/2018\/11\/Dia-Nacional-del-Adulto-Mayor-Conaprov-IGSS-2018-30-696x464.jpg 696w, \/wp-content\/uploads\/sites\/5\/2018\/11\/Dia-Nacional-del-Adulto-Mayor-Conaprov-IGSS-2018-30-1068x712.jpg 1068w, \/wp-content\/uploads\/sites\/5\/2018\/11\/Dia-Nacional-del-Adulto-Mayor-Conaprov-IGSS-2018-30-534x356.jpg 534w, \/wp-content\/uploads\/sites\/5\/2018\/11\/Dia-Nacional-del-Adulto-Mayor-Conaprov-IGSS-2018-30-1920x1280.jpg 1920w, \/wp-content\/uploads\/sites\/5\/2018\/11\/Dia-Nacional-del-Adulto-Mayor-Conaprov-IGSS-2018-30.jpg 2000w\" sizes=\"(max-width: 630px) 100vw, 630px\" alt=\"\">\r\n                            <\/a>\r\n                            \r\n                        <\/figure>\r\n                    <\/div>\r\n                    <div class = \"td-slide-item td-item30\">\r\n                        <figure class=\"td-slide-galery-figure td-slide-popup-gallery\">\r\n                            <a class=\"slide-gallery-image-link\" href=\"\/wp-content\/uploads\/sites\/5\/2018\/11\/Dia-Nacional-del-Adulto-Mayor-Conaprov-IGSS-2018-31.jpg\" title=\"Dia Nacional del Adulto Mayor Conaprov IGSS 2018-31\"  data-caption=\"\"  data-description=\"\">\r\n                                <img decoding=\"async\" src=\"\/wp-content\/uploads\/sites\/5\/2018\/11\/Dia-Nacional-del-Adulto-Mayor-Conaprov-IGSS-2018-31-630x420.jpg\" srcset=\"\/wp-content\/uploads\/sites\/5\/2018\/11\/Dia-Nacional-del-Adulto-Mayor-Conaprov-IGSS-2018-31-630x420.jpg 630w, \/wp-content\/uploads\/sites\/5\/2018\/11\/Dia-Nacional-del-Adulto-Mayor-Conaprov-IGSS-2018-31-1536x1024.jpg 1536w, \/wp-content\/uploads\/sites\/5\/2018\/11\/Dia-Nacional-del-Adulto-Mayor-Conaprov-IGSS-2018-31-300x200.jpg 300w, \/wp-content\/uploads\/sites\/5\/2018\/11\/Dia-Nacional-del-Adulto-Mayor-Conaprov-IGSS-2018-31-768x512.jpg 768w, \/wp-content\/uploads\/sites\/5\/2018\/11\/Dia-Nacional-del-Adulto-Mayor-Conaprov-IGSS-2018-31-1024x682.jpg 1024w, \/wp-content\/uploads\/sites\/5\/2018\/11\/Dia-Nacional-del-Adulto-Mayor-Conaprov-IGSS-2018-31-696x464.jpg 696w, \/wp-content\/uploads\/sites\/5\/2018\/11\/Dia-Nacional-del-Adulto-Mayor-Conaprov-IGSS-2018-31-1068x712.jpg 1068w, \/wp-content\/uploads\/sites\/5\/2018\/11\/Dia-Nacional-del-Adulto-Mayor-Conaprov-IGSS-2018-31-534x356.jpg 534w, \/wp-content\/uploads\/sites\/5\/2018\/11\/Dia-Nacional-del-Adulto-Mayor-Conaprov-IGSS-2018-31-1920x1280.jpg 1920w, \/wp-content\/uploads\/sites\/5\/2018\/11\/Dia-Nacional-del-Adulto-Mayor-Conaprov-IGSS-2018-31.jpg 2000w\" sizes=\"(max-width: 630px) 100vw, 630px\" alt=\"\">\r\n                            <\/a>\r\n                            \r\n                        <\/figure>\r\n                    <\/div>\r\n                    <div class = \"td-slide-item td-item31\">\r\n                        <figure class=\"td-slide-galery-figure td-slide-popup-gallery\">\r\n                            <a class=\"slide-gallery-image-link\" href=\"\/wp-content\/uploads\/sites\/5\/2018\/11\/Dia-Nacional-del-Adulto-Mayor-Conaprov-IGSS-2018-32.jpg\" title=\"Dia Nacional del Adulto Mayor Conaprov IGSS 2018-32\"  data-caption=\"\"  data-description=\"\">\r\n                                <img decoding=\"async\" src=\"\/wp-content\/uploads\/sites\/5\/2018\/11\/Dia-Nacional-del-Adulto-Mayor-Conaprov-IGSS-2018-32-630x420.jpg\" srcset=\"\/wp-content\/uploads\/sites\/5\/2018\/11\/Dia-Nacional-del-Adulto-Mayor-Conaprov-IGSS-2018-32-630x420.jpg 630w, \/wp-content\/uploads\/sites\/5\/2018\/11\/Dia-Nacional-del-Adulto-Mayor-Conaprov-IGSS-2018-32-1536x1024.jpg 1536w, \/wp-content\/uploads\/sites\/5\/2018\/11\/Dia-Nacional-del-Adulto-Mayor-Conaprov-IGSS-2018-32-300x200.jpg 300w, \/wp-content\/uploads\/sites\/5\/2018\/11\/Dia-Nacional-del-Adulto-Mayor-Conaprov-IGSS-2018-32-768x512.jpg 768w, \/wp-content\/uploads\/sites\/5\/2018\/11\/Dia-Nacional-del-Adulto-Mayor-Conaprov-IGSS-2018-32-1024x682.jpg 1024w, \/wp-content\/uploads\/sites\/5\/2018\/11\/Dia-Nacional-del-Adulto-Mayor-Conaprov-IGSS-2018-32-696x464.jpg 696w, \/wp-content\/uploads\/sites\/5\/2018\/11\/Dia-Nacional-del-Adulto-Mayor-Conaprov-IGSS-2018-32-1068x712.jpg 1068w, \/wp-content\/uploads\/sites\/5\/2018\/11\/Dia-Nacional-del-Adulto-Mayor-Conaprov-IGSS-2018-32-534x356.jpg 534w, \/wp-content\/uploads\/sites\/5\/2018\/11\/Dia-Nacional-del-Adulto-Mayor-Conaprov-IGSS-2018-32-1920x1280.jpg 1920w, \/wp-content\/uploads\/sites\/5\/2018\/11\/Dia-Nacional-del-Adulto-Mayor-Conaprov-IGSS-2018-32.jpg 2000w\" sizes=\"(max-width: 630px) 100vw, 630px\" alt=\"\">\r\n                            <\/a>\r\n                            \r\n                        <\/figure>\r\n                    <\/div>\r\n                    <div class = \"td-slide-item td-item32\">\r\n                        <figure class=\"td-slide-galery-figure td-slide-popup-gallery\">\r\n                            <a class=\"slide-gallery-image-link\" href=\"\/wp-content\/uploads\/sites\/5\/2018\/11\/Dia-Nacional-del-Adulto-Mayor-Conaprov-IGSS-2018-33.jpg\" title=\"Dia Nacional del Adulto Mayor Conaprov IGSS 2018-33\"  data-caption=\"\"  data-description=\"\">\r\n                                <img decoding=\"async\" src=\"\/wp-content\/uploads\/sites\/5\/2018\/11\/Dia-Nacional-del-Adulto-Mayor-Conaprov-IGSS-2018-33-630x420.jpg\" srcset=\"\/wp-content\/uploads\/sites\/5\/2018\/11\/Dia-Nacional-del-Adulto-Mayor-Conaprov-IGSS-2018-33-630x420.jpg 630w, \/wp-content\/uploads\/sites\/5\/2018\/11\/Dia-Nacional-del-Adulto-Mayor-Conaprov-IGSS-2018-33-1536x1024.jpg 1536w, \/wp-content\/uploads\/sites\/5\/2018\/11\/Dia-Nacional-del-Adulto-Mayor-Conaprov-IGSS-2018-33-300x200.jpg 300w, \/wp-content\/uploads\/sites\/5\/2018\/11\/Dia-Nacional-del-Adulto-Mayor-Conaprov-IGSS-2018-33-768x512.jpg 768w, \/wp-content\/uploads\/sites\/5\/2018\/11\/Dia-Nacional-del-Adulto-Mayor-Conaprov-IGSS-2018-33-1024x682.jpg 1024w, \/wp-content\/uploads\/sites\/5\/2018\/11\/Dia-Nacional-del-Adulto-Mayor-Conaprov-IGSS-2018-33-696x464.jpg 696w, \/wp-content\/uploads\/sites\/5\/2018\/11\/Dia-Nacional-del-Adulto-Mayor-Conaprov-IGSS-2018-33-1068x712.jpg 1068w, \/wp-content\/uploads\/sites\/5\/2018\/11\/Dia-Nacional-del-Adulto-Mayor-Conaprov-IGSS-2018-33-534x356.jpg 534w, \/wp-content\/uploads\/sites\/5\/2018\/11\/Dia-Nacional-del-Adulto-Mayor-Conaprov-IGSS-2018-33-1920x1280.jpg 1920w, \/wp-content\/uploads\/sites\/5\/2018\/11\/Dia-Nacional-del-Adulto-Mayor-Conaprov-IGSS-2018-33.jpg 2000w\" sizes=\"(max-width: 630px) 100vw, 630px\" alt=\"\">\r\n                            <\/a>\r\n                            \r\n                        <\/figure>\r\n                    <\/div>\r\n                    <div class = \"td-slide-item td-item33\">\r\n                        <figure class=\"td-slide-galery-figure td-slide-popup-gallery\">\r\n                            <a class=\"slide-gallery-image-link\" href=\"\/wp-content\/uploads\/sites\/5\/2018\/11\/Dia-Nacional-del-Adulto-Mayor-Conaprov-IGSS-2018-34.jpg\" title=\"Dia Nacional del Adulto Mayor Conaprov IGSS 2018-34\"  data-caption=\"\"  data-description=\"\">\r\n                                <img decoding=\"async\" src=\"\/wp-content\/uploads\/sites\/5\/2018\/11\/Dia-Nacional-del-Adulto-Mayor-Conaprov-IGSS-2018-34-630x420.jpg\" srcset=\"\/wp-content\/uploads\/sites\/5\/2018\/11\/Dia-Nacional-del-Adulto-Mayor-Conaprov-IGSS-2018-34-630x420.jpg 630w, \/wp-content\/uploads\/sites\/5\/2018\/11\/Dia-Nacional-del-Adulto-Mayor-Conaprov-IGSS-2018-34-1536x1024.jpg 1536w, \/wp-content\/uploads\/sites\/5\/2018\/11\/Dia-Nacional-del-Adulto-Mayor-Conaprov-IGSS-2018-34-300x200.jpg 300w, \/wp-content\/uploads\/sites\/5\/2018\/11\/Dia-Nacional-del-Adulto-Mayor-Conaprov-IGSS-2018-34-768x512.jpg 768w, \/wp-content\/uploads\/sites\/5\/2018\/11\/Dia-Nacional-del-Adulto-Mayor-Conaprov-IGSS-2018-34-1024x682.jpg 1024w, \/wp-content\/uploads\/sites\/5\/2018\/11\/Dia-Nacional-del-Adulto-Mayor-Conaprov-IGSS-2018-34-696x464.jpg 696w, \/wp-content\/uploads\/sites\/5\/2018\/11\/Dia-Nacional-del-Adulto-Mayor-Conaprov-IGSS-2018-34-1068x712.jpg 1068w, \/wp-content\/uploads\/sites\/5\/2018\/11\/Dia-Nacional-del-Adulto-Mayor-Conaprov-IGSS-2018-34-534x356.jpg 534w, \/wp-content\/uploads\/sites\/5\/2018\/11\/Dia-Nacional-del-Adulto-Mayor-Conaprov-IGSS-2018-34-1920x1280.jpg 1920w, \/wp-content\/uploads\/sites\/5\/2018\/11\/Dia-Nacional-del-Adulto-Mayor-Conaprov-IGSS-2018-34.jpg 2000w\" sizes=\"(max-width: 630px) 100vw, 630px\" alt=\"\">\r\n                            <\/a>\r\n                            \r\n                        <\/figure>\r\n                    <\/div>\r\n                    <div class = \"td-slide-item td-item34\">\r\n                        <figure class=\"td-slide-galery-figure td-slide-popup-gallery\">\r\n                            <a class=\"slide-gallery-image-link\" href=\"\/wp-content\/uploads\/sites\/5\/2018\/11\/Dia-Nacional-del-Adulto-Mayor-Conaprov-IGSS-2018-35.jpg\" title=\"Dia Nacional del Adulto Mayor Conaprov IGSS 2018-35\"  data-caption=\"\"  data-description=\"\">\r\n                                <img decoding=\"async\" src=\"\/wp-content\/uploads\/sites\/5\/2018\/11\/Dia-Nacional-del-Adulto-Mayor-Conaprov-IGSS-2018-35-630x420.jpg\" srcset=\"\/wp-content\/uploads\/sites\/5\/2018\/11\/Dia-Nacional-del-Adulto-Mayor-Conaprov-IGSS-2018-35-630x420.jpg 630w, \/wp-content\/uploads\/sites\/5\/2018\/11\/Dia-Nacional-del-Adulto-Mayor-Conaprov-IGSS-2018-35-1536x1024.jpg 1536w, \/wp-content\/uploads\/sites\/5\/2018\/11\/Dia-Nacional-del-Adulto-Mayor-Conaprov-IGSS-2018-35-300x200.jpg 300w, \/wp-content\/uploads\/sites\/5\/2018\/11\/Dia-Nacional-del-Adulto-Mayor-Conaprov-IGSS-2018-35-768x512.jpg 768w, \/wp-content\/uploads\/sites\/5\/2018\/11\/Dia-Nacional-del-Adulto-Mayor-Conaprov-IGSS-2018-35-1024x682.jpg 1024w, \/wp-content\/uploads\/sites\/5\/2018\/11\/Dia-Nacional-del-Adulto-Mayor-Conaprov-IGSS-2018-35-696x464.jpg 696w, \/wp-content\/uploads\/sites\/5\/2018\/11\/Dia-Nacional-del-Adulto-Mayor-Conaprov-IGSS-2018-35-1068x712.jpg 1068w, \/wp-content\/uploads\/sites\/5\/2018\/11\/Dia-Nacional-del-Adulto-Mayor-Conaprov-IGSS-2018-35-534x356.jpg 534w, \/wp-content\/uploads\/sites\/5\/2018\/11\/Dia-Nacional-del-Adulto-Mayor-Conaprov-IGSS-2018-35-1920x1280.jpg 1920w, \/wp-content\/uploads\/sites\/5\/2018\/11\/Dia-Nacional-del-Adulto-Mayor-Conaprov-IGSS-2018-35.jpg 2000w\" sizes=\"(max-width: 630px) 100vw, 630px\" alt=\"\">\r\n                            <\/a>\r\n                            \r\n                        <\/figure>\r\n                    <\/div>\r\n                    <div class = \"td-slide-item td-item35\">\r\n                        <figure class=\"td-slide-galery-figure td-slide-popup-gallery\">\r\n                            <a class=\"slide-gallery-image-link\" href=\"\/wp-content\/uploads\/sites\/5\/2018\/11\/Dia-Nacional-del-Adulto-Mayor-Conaprov-IGSS-2018-36.jpg\" title=\"Dia Nacional del Adulto Mayor Conaprov IGSS 2018-36\"  data-caption=\"\"  data-description=\"\">\r\n                                <img decoding=\"async\" src=\"\/wp-content\/uploads\/sites\/5\/2018\/11\/Dia-Nacional-del-Adulto-Mayor-Conaprov-IGSS-2018-36-630x420.jpg\" srcset=\"\/wp-content\/uploads\/sites\/5\/2018\/11\/Dia-Nacional-del-Adulto-Mayor-Conaprov-IGSS-2018-36-630x420.jpg 630w, \/wp-content\/uploads\/sites\/5\/2018\/11\/Dia-Nacional-del-Adulto-Mayor-Conaprov-IGSS-2018-36-1536x1024.jpg 1536w, \/wp-content\/uploads\/sites\/5\/2018\/11\/Dia-Nacional-del-Adulto-Mayor-Conaprov-IGSS-2018-36-300x200.jpg 300w, \/wp-content\/uploads\/sites\/5\/2018\/11\/Dia-Nacional-del-Adulto-Mayor-Conaprov-IGSS-2018-36-768x512.jpg 768w, \/wp-content\/uploads\/sites\/5\/2018\/11\/Dia-Nacional-del-Adulto-Mayor-Conaprov-IGSS-2018-36-1024x682.jpg 1024w, \/wp-content\/uploads\/sites\/5\/2018\/11\/Dia-Nacional-del-Adulto-Mayor-Conaprov-IGSS-2018-36-696x464.jpg 696w, \/wp-content\/uploads\/sites\/5\/2018\/11\/Dia-Nacional-del-Adulto-Mayor-Conaprov-IGSS-2018-36-1068x712.jpg 1068w, \/wp-content\/uploads\/sites\/5\/2018\/11\/Dia-Nacional-del-Adulto-Mayor-Conaprov-IGSS-2018-36-534x356.jpg 534w, \/wp-content\/uploads\/sites\/5\/2018\/11\/Dia-Nacional-del-Adulto-Mayor-Conaprov-IGSS-2018-36-1920x1280.jpg 1920w, \/wp-content\/uploads\/sites\/5\/2018\/11\/Dia-Nacional-del-Adulto-Mayor-Conaprov-IGSS-2018-36.jpg 2000w\" sizes=\"(max-width: 630px) 100vw, 630px\" alt=\"\">\r\n                            <\/a>\r\n                            \r\n                        <\/figure>\r\n                    <\/div>\r\n                    <div class = \"td-slide-item td-item36\">\r\n                        <figure class=\"td-slide-galery-figure td-slide-popup-gallery\">\r\n                            <a class=\"slide-gallery-image-link\" href=\"\/wp-content\/uploads\/sites\/5\/2018\/11\/Dia-Nacional-del-Adulto-Mayor-Conaprov-IGSS-2018-37.jpg\" title=\"Dia Nacional del Adulto Mayor Conaprov IGSS 2018-37\"  data-caption=\"\"  data-description=\"\">\r\n                                <img decoding=\"async\" src=\"\/wp-content\/uploads\/sites\/5\/2018\/11\/Dia-Nacional-del-Adulto-Mayor-Conaprov-IGSS-2018-37-630x420.jpg\" srcset=\"\/wp-content\/uploads\/sites\/5\/2018\/11\/Dia-Nacional-del-Adulto-Mayor-Conaprov-IGSS-2018-37-630x420.jpg 630w, \/wp-content\/uploads\/sites\/5\/2018\/11\/Dia-Nacional-del-Adulto-Mayor-Conaprov-IGSS-2018-37-1536x1024.jpg 1536w, \/wp-content\/uploads\/sites\/5\/2018\/11\/Dia-Nacional-del-Adulto-Mayor-Conaprov-IGSS-2018-37-300x200.jpg 300w, \/wp-content\/uploads\/sites\/5\/2018\/11\/Dia-Nacional-del-Adulto-Mayor-Conaprov-IGSS-2018-37-768x512.jpg 768w, \/wp-content\/uploads\/sites\/5\/2018\/11\/Dia-Nacional-del-Adulto-Mayor-Conaprov-IGSS-2018-37-1024x682.jpg 1024w, \/wp-content\/uploads\/sites\/5\/2018\/11\/Dia-Nacional-del-Adulto-Mayor-Conaprov-IGSS-2018-37-696x464.jpg 696w, \/wp-content\/uploads\/sites\/5\/2018\/11\/Dia-Nacional-del-Adulto-Mayor-Conaprov-IGSS-2018-37-1068x712.jpg 1068w, \/wp-content\/uploads\/sites\/5\/2018\/11\/Dia-Nacional-del-Adulto-Mayor-Conaprov-IGSS-2018-37-534x356.jpg 534w, \/wp-content\/uploads\/sites\/5\/2018\/11\/Dia-Nacional-del-Adulto-Mayor-Conaprov-IGSS-2018-37-1920x1280.jpg 1920w, \/wp-content\/uploads\/sites\/5\/2018\/11\/Dia-Nacional-del-Adulto-Mayor-Conaprov-IGSS-2018-37.jpg 2000w\" sizes=\"(max-width: 630px) 100vw, 630px\" alt=\"\">\r\n                            <\/a>\r\n                            \r\n                        <\/figure>\r\n                    <\/div>\r\n                    <div class = \"td-slide-item td-item37\">\r\n                        <figure class=\"td-slide-galery-figure td-slide-popup-gallery\">\r\n                            <a class=\"slide-gallery-image-link\" href=\"\/wp-content\/uploads\/sites\/5\/2018\/11\/Dia-Nacional-del-Adulto-Mayor-Conaprov-IGSS-2018-13.jpg\" title=\"Dia Nacional del Adulto Mayor Conaprov IGSS 2018-13\"  data-caption=\"\"  data-description=\"\">\r\n                                <img decoding=\"async\" src=\"\/wp-content\/uploads\/sites\/5\/2018\/11\/Dia-Nacional-del-Adulto-Mayor-Conaprov-IGSS-2018-13-630x420.jpg\" srcset=\"\/wp-content\/uploads\/sites\/5\/2018\/11\/Dia-Nacional-del-Adulto-Mayor-Conaprov-IGSS-2018-13-630x420.jpg 630w, \/wp-content\/uploads\/sites\/5\/2018\/11\/Dia-Nacional-del-Adulto-Mayor-Conaprov-IGSS-2018-13-1536x1024.jpg 1536w, \/wp-content\/uploads\/sites\/5\/2018\/11\/Dia-Nacional-del-Adulto-Mayor-Conaprov-IGSS-2018-13-300x200.jpg 300w, \/wp-content\/uploads\/sites\/5\/2018\/11\/Dia-Nacional-del-Adulto-Mayor-Conaprov-IGSS-2018-13-768x512.jpg 768w, \/wp-content\/uploads\/sites\/5\/2018\/11\/Dia-Nacional-del-Adulto-Mayor-Conaprov-IGSS-2018-13-1024x682.jpg 1024w, \/wp-content\/uploads\/sites\/5\/2018\/11\/Dia-Nacional-del-Adulto-Mayor-Conaprov-IGSS-2018-13-696x464.jpg 696w, \/wp-content\/uploads\/sites\/5\/2018\/11\/Dia-Nacional-del-Adulto-Mayor-Conaprov-IGSS-2018-13-1068x712.jpg 1068w, \/wp-content\/uploads\/sites\/5\/2018\/11\/Dia-Nacional-del-Adulto-Mayor-Conaprov-IGSS-2018-13-534x356.jpg 534w, \/wp-content\/uploads\/sites\/5\/2018\/11\/Dia-Nacional-del-Adulto-Mayor-Conaprov-IGSS-2018-13.jpg 2000w\" sizes=\"(max-width: 630px) 100vw, 630px\" alt=\"\">\r\n                            <\/a>\r\n                            \r\n                        <\/figure>\r\n                    <\/div>\r\n                            <\/div>\r\n                        <\/div>\r\n\r\n                        <div class = \"td-doubleSlider-2\">\r\n                            <div class = \"td-slider\">\r\n                                \r\n                    <div class = \"td-button td-item1\">\r\n                        <div class = \"td-border\"><\/div>\r\n                    <\/div>\r\n                    <div class = \"td-button td-item2\">\r\n                        <div class = \"td-border\"><\/div>\r\n                    <\/div>\r\n                    <div class = \"td-button td-item3\">\r\n                        <div class = \"td-border\"><\/div>\r\n                    <\/div>\r\n                    <div class = \"td-button td-item4\">\r\n                        <div class = \"td-border\"><\/div>\r\n                    <\/div>\r\n                    <div class = \"td-button td-item5\">\r\n                        <div class = \"td-border\"><\/div>\r\n                    <\/div>\r\n                    <div class = \"td-button td-item6\">\r\n                        <div class = \"td-border\"><\/div>\r\n                    <\/div>\r\n                    <div class = \"td-button td-item7\">\r\n                        <div class = \"td-border\"><\/div>\r\n                    <\/div>\r\n                    <div class = \"td-button td-item8\">\r\n                        <div class = \"td-border\"><\/div>\r\n                    <\/div>\r\n                    <div class = \"td-button td-item9\">\r\n                        <div class = \"td-border\"><\/div>\r\n                    <\/div>\r\n                    <div class = \"td-button td-item10\">\r\n                        <div class = \"td-border\"><\/div>\r\n                    <\/div>\r\n                    <div class = \"td-button td-item11\">\r\n                        <div class = \"td-border\"><\/div>\r\n                    <\/div>\r\n                    <div class = \"td-button td-item12\">\r\n                        <div class = \"td-border\"><\/div>\r\n                    <\/div>\r\n                    <div class = \"td-button td-item13\">\r\n                        <div class = \"td-border\"><\/div>\r\n                    <\/div>\r\n                    <div class = \"td-button td-item14\">\r\n                        <div class = \"td-border\"><\/div>\r\n                    <\/div>\r\n                    <div class = \"td-button td-item15\">\r\n                        <div class = \"td-border\"><\/div>\r\n                    <\/div>\r\n                    <div class = \"td-button td-item16\">\r\n                        <div class = \"td-border\"><\/div>\r\n                    <\/div>\r\n                    <div class = \"td-button td-item17\">\r\n                        <div class = \"td-border\"><\/div>\r\n                    <\/div>\r\n                    <div class = \"td-button td-item18\">\r\n                        <div class = \"td-border\"><\/div>\r\n                    <\/div>\r\n                    <div class = \"td-button td-item19\">\r\n                        <div class = \"td-border\"><\/div>\r\n                    <\/div>\r\n                    <div class = \"td-button td-item20\">\r\n                        <div class = \"td-border\"><\/div>\r\n                    <\/div>\r\n                    <div class = \"td-button td-item21\">\r\n                        <div class = \"td-border\"><\/div>\r\n                    <\/div>\r\n                    <div class = \"td-button td-item22\">\r\n                        <div class = \"td-border\"><\/div>\r\n                    <\/div>\r\n                    <div class = \"td-button td-item23\">\r\n                        <div class = \"td-border\"><\/div>\r\n                    <\/div>\r\n                    <div class = \"td-button td-item24\">\r\n                        <div class = \"td-border\"><\/div>\r\n                    <\/div>\r\n                    <div class = \"td-button td-item25\">\r\n                        <div class = \"td-border\"><\/div>\r\n                    <\/div>\r\n                    <div class = \"td-button td-item26\">\r\n                        <div class = \"td-border\"><\/div>\r\n                    <\/div>\r\n                    <div class = \"td-button td-item27\">\r\n                        <div class = \"td-border\"><\/div>\r\n                    <\/div>\r\n                    <div class = \"td-button td-item28\">\r\n                        <div class = \"td-border\"><\/div>\r\n                    <\/div>\r\n                    <div class = \"td-button td-item29\">\r\n                        <div class = \"td-border\"><\/div>\r\n                    <\/div>\r\n                    <div class = \"td-button td-item30\">\r\n                        <div class = \"td-border\"><\/div>\r\n                    <\/div>\r\n                    <div class = \"td-button td-item31\">\r\n                        <div class = \"td-border\"><\/div>\r\n                    <\/div>\r\n                    <div class = \"td-button td-item32\">\r\n                        <div class = \"td-border\"><\/div>\r\n                    <\/div>\r\n                    <div class = \"td-button td-item33\">\r\n                        <div class = \"td-border\"><\/div>\r\n                    <\/div>\r\n                    <div class = \"td-button td-item34\">\r\n                        <div class = \"td-border\"><\/div>\r\n                    <\/div>\r\n                    <div class = \"td-button td-item35\">\r\n                        <div class = \"td-border\"><\/div>\r\n                    <\/div>\r\n                    <div class = \"td-button td-item36\">\r\n                        <div class = \"td-border\"><\/div>\r\n                    <\/div>\r\n                    <div class = \"td-button td-item37\">\r\n                        <div class = \"td-border\"><\/div>\r\n                    <\/div>\r\n                            <\/div>\r\n                        <\/div>\r\n\r\n                    <\/div>\r\n\r\n                <\/div>\r\n                \n<hr \/>\n<p>&nbsp;<\/p>\n","protected":false},"excerpt":{"rendered":"<p>Charlas educativas, pruebas de glucosa, toma de presi\u00f3n arterial, recomendaciones para el cuidado de la columna, peso y talla, corte de pelo, manicura, pedicura y juego de loter\u00eda, son algunas de las actividades con las que particip\u00f3 personal del IGSS en la conmemoraci\u00f3n del D\u00eda Nacional del Adulto Mayor, evento organizado por el Comit\u00e9 Nacional [&hellip;]<\/p>\n","protected":false},"author":4,"featured_media":7752,"comment_status":"open","ping_status":"open","sticky":false,"template":"","format":"standard","meta":{"footnotes":""},"categories":[3],"tags":[88,196,490],"coauthors":[],"class_list":{"0":"post-7713","1":"post","2":"type-post","3":"status-publish","4":"format-standard","5":"has-post-thumbnail","7":"category-actualidad","8":"tag-adultor-mayor","9":"tag-conaprov","10":"tag-igss"},"_links":{"self":[{"href":"https:\/\/www.igssgt.org\/noticias\/wp-json\/wp\/v2\/posts\/7713","targetHints":{"allow":["GET"]}}],"collection":[{"href":"https:\/\/www.igssgt.org\/noticias\/wp-json\/wp\/v2\/posts"}],"about":[{"href":"https:\/\/www.igssgt.org\/noticias\/wp-json\/wp\/v2\/types\/post"}],"author":[{"embeddable":true,"href":"https:\/\/www.igssgt.org\/noticias\/wp-json\/wp\/v2\/users\/4"}],"replies":[{"embeddable":true,"href":"https:\/\/www.igssgt.org\/noticias\/wp-json\/wp\/v2\/comments?post=7713"}],"version-history":[{"count":0,"href":"https:\/\/www.igssgt.org\/noticias\/wp-json\/wp\/v2\/posts\/7713\/revisions"}],"wp:featuredmedia":[{"embeddable":true,"href":"https:\/\/www.igssgt.org\/noticias\/wp-json\/wp\/v2\/media\/7752"}],"wp:attachment":[{"href":"https:\/\/www.igssgt.org\/noticias\/wp-json\/wp\/v2\/media?parent=7713"}],"wp:term":[{"taxonomy":"category","embeddable":true,"href":"https:\/\/www.igssgt.org\/noticias\/wp-json\/wp\/v2\/categories?post=7713"},{"taxonomy":"post_tag","embeddable":true,"href":"https:\/\/www.igssgt.org\/noticias\/wp-json\/wp\/v2\/tags?post=7713"},{"taxonomy":"author","embeddable":true,"href":"https:\/\/www.igssgt.org\/noticias\/wp-json\/wp\/v2\/coauthors?post=7713"}],"curies":[{"name":"wp","href":"https:\/\/api.w.org\/{rel}","templated":true}]}}