{"id":7754,"date":"2018-11-16T08:30:11","date_gmt":"2018-11-16T14:30:11","guid":{"rendered":"http:\/\/noticias.igssgt.org\/?p=7754"},"modified":"2018-11-16T08:30:11","modified_gmt":"2018-11-16T14:30:11","slug":"opsoms-participa-en-lanzamiento-del-nuevo-esquema-de-inmunizaciones-del-igss","status":"publish","type":"post","link":"https:\/\/www.igssgt.org\/noticias\/2018\/11\/16\/opsoms-participa-en-lanzamiento-del-nuevo-esquema-de-inmunizaciones-del-igss\/","title":{"rendered":"OPS\/OMS participa en lanzamiento del nuevo esquema de inmunizaciones del IGSS"},"content":{"rendered":"<p><strong>Guatemala, 13 de noviembre de 2018.\u00a0<\/strong>OPS\/OMS particip\u00f3 en el lanzamiento del nuevo esquema de inmunizaciones del Instituto Guatemalteco de Seguridad Social (IGSS) que busca ampliar la cobertura y protecci\u00f3n a la poblaci\u00f3n contra 16 enfermedades.<\/p>\n<p>El evento cont\u00f3 con la\u00a0presencia del Dr. Vidal Herrera, Gerente del IGSS; Dr. Arturo Garc\u00eda, Sugerente de Prestaciones en Salud; Lic. Carlos Contreras, Presidente de la Junta Directiva del IGSS y el Dr. Marc Rondy, Asesor de Inmunizaciones de OPS\/OMS Guatemala.<\/p>\n<p>\u201cA\u00fan cuando el continente americano elimin\u00f3 seis enfermedades prevenibles por vacunas como la viruela, la polio, la rubeola, el s\u00edndrome de rubeola cong\u00e9nita, y el t\u00e9tanos neonatal, este a\u00f1o, todos fuimos testigos de los brotes dentro y fuera de nuestra regi\u00f3n.\u00a0 Por ello, estamos en tiempos de desaf\u00edos, pero tambi\u00e9n de oportunidades importantes con respecto a la vacunaci\u00f3n,\u201d dijo el Dr. Marc Rondy, Asesor de Inmunizaciones de OPS\/OMS durante su discurso.<\/p>\n<p>\u201cEl nuevo esquema de vacunaci\u00f3n que el Instituto Guatemalteco de Seguridad Social presenta hoy, se adhiere al plan de acci\u00f3n regional sobre inmunizaci\u00f3n de la OPS que busca enfrentar las amenazas actuales de salud p\u00fablica y mejorar la calidad de vida de los ni\u00f1os por medio del fortalecimiento del acceso a las vacunas hist\u00f3ricas, introducci\u00f3n de nuevas vacunas e integraci\u00f3n de la vacunaci\u00f3n en todas las etapas del ciclo de vida,\u201d agreg\u00f3.<\/p>\n<p>El esquema de vacunaci\u00f3n que fortalece el Programa de Promoci\u00f3n de la Salud y Prevenci\u00f3n de Enfermedades del IGSS, incorpora nuevas vacunas lo que ampl\u00eda la cobertura tanto para poblaci\u00f3n pedi\u00e1trica como para la poblaci\u00f3n de riesgo adulta y por riesgos ocupacionales.<\/p>\n<p>Las nuevas vacunas incluidas son: Antipoliomiel\u00edtica Inactivada (IPV), Hepattitis A Pedi\u00e1trica y Adultos, Varicela, TDaP (Difteria, T\u00e9tanos y Toesferina Acelular para embarazadas y adultos), Influenza Estacional Pedi\u00e1trica y contra el Virus de Papiloma Humano (VPH).<\/p>\n<p>Para la Organizaci\u00f3n Panamericana de la Salud y la Organizaci\u00f3n Mundial de la Salud, la inmunizaci\u00f3n es un elemento b\u00e1sico para la salud universal que significa que todas las personas, en todas partes, est\u00e9n cubiertas y tengan acceso a una atenci\u00f3n de calidad, sin barreras y sin tener que pasar dificultades econ\u00f3micas.\u00a0 \u00a0\u00a0Se estima que aumentar el acceso a vacunas en pa\u00edses de ingresos bajos y medianos para el a\u00f1o 2030, podr\u00eda evitar que 24 millones de personas caigan en la pobreza debido a gastos de salud.<\/p>\n<p>Fuente: <strong>www.paho.org<\/strong><\/p>\n<p>Enlace en internet:\u00a0<a href=\"https:\/\/www.paho.org\/gut\/index.php?option=com_content&amp;view=article&amp;id=1164:ops-oms-se-une-al-lanzamiento-del-nuevo-esquema-de-inmunizaciones-del-igss&amp;Itemid=441\">https:\/\/www.paho.org\/gut\/index.php?option=com_content&amp;view=article&amp;id=1164:ops-oms-se-une-al-lanzamiento-del-nuevo-esquema-de-inmunizaciones-del-igss&amp;Itemid=441<\/a><\/p>\n","protected":false},"excerpt":{"rendered":"<p>Guatemala, 13 de noviembre de 2018.\u00a0OPS\/OMS particip\u00f3 en el lanzamiento del nuevo esquema de inmunizaciones del Instituto Guatemalteco de Seguridad Social (IGSS) que busca ampliar la cobertura y protecci\u00f3n a la poblaci\u00f3n contra 16 enfermedades. El evento cont\u00f3 con la\u00a0presencia del Dr. Vidal Herrera, Gerente del IGSS; Dr. Arturo Garc\u00eda, Sugerente de Prestaciones en Salud; [&hellip;]<\/p>\n","protected":false},"author":4,"featured_media":7755,"comment_status":"open","ping_status":"open","sticky":false,"template":"","format":"standard","meta":{"footnotes":""},"categories":[2,3,22,29],"tags":[490,678,847],"coauthors":[],"class_list":{"0":"post-7754","1":"post","2":"type-post","3":"status-publish","4":"format-standard","5":"has-post-thumbnail","7":"category-abastecimiento-de-medicamentos","8":"category-actualidad","9":"category-opsoms","10":"category-publicaciones","11":"tag-igss","12":"tag-opsoms","13":"tag-vacunacion"},"_links":{"self":[{"href":"https:\/\/www.igssgt.org\/noticias\/wp-json\/wp\/v2\/posts\/7754","targetHints":{"allow":["GET"]}}],"collection":[{"href":"https:\/\/www.igssgt.org\/noticias\/wp-json\/wp\/v2\/posts"}],"about":[{"href":"https:\/\/www.igssgt.org\/noticias\/wp-json\/wp\/v2\/types\/post"}],"author":[{"embeddable":true,"href":"https:\/\/www.igssgt.org\/noticias\/wp-json\/wp\/v2\/users\/4"}],"replies":[{"embeddable":true,"href":"https:\/\/www.igssgt.org\/noticias\/wp-json\/wp\/v2\/comments?post=7754"}],"version-history":[{"count":0,"href":"https:\/\/www.igssgt.org\/noticias\/wp-json\/wp\/v2\/posts\/7754\/revisions"}],"wp:featuredmedia":[{"embeddable":true,"href":"https:\/\/www.igssgt.org\/noticias\/wp-json\/wp\/v2\/media\/7755"}],"wp:attachment":[{"href":"https:\/\/www.igssgt.org\/noticias\/wp-json\/wp\/v2\/media?parent=7754"}],"wp:term":[{"taxonomy":"category","embeddable":true,"href":"https:\/\/www.igssgt.org\/noticias\/wp-json\/wp\/v2\/categories?post=7754"},{"taxonomy":"post_tag","embeddable":true,"href":"https:\/\/www.igssgt.org\/noticias\/wp-json\/wp\/v2\/tags?post=7754"},{"taxonomy":"author","embeddable":true,"href":"https:\/\/www.igssgt.org\/noticias\/wp-json\/wp\/v2\/coauthors?post=7754"}],"curies":[{"name":"wp","href":"https:\/\/api.w.org\/{rel}","templated":true}]}}