{"id":7936,"date":"2018-12-04T15:36:53","date_gmt":"2018-12-04T21:36:53","guid":{"rendered":"http:\/\/noticias.igssgt.org\/?p=7936"},"modified":"2018-12-04T15:36:53","modified_gmt":"2018-12-04T21:36:53","slug":"conmemoran-el-dia-internacional-de-las-personas-con-discapacidad","status":"publish","type":"post","link":"https:\/\/www.igssgt.org\/noticias\/2018\/12\/04\/conmemoran-el-dia-internacional-de-las-personas-con-discapacidad\/","title":{"rendered":"Conmemoran el D\u00eda Internacional de las Personas con Discapacidad"},"content":{"rendered":"<h3><a href=\"\/noticias\/wp-content\/uploads\/sites\/5\/2018\/12\/Dia-Internacional-de-las-personas-con-discapacidad-igss-2018-16.jpg\"><img loading=\"lazy\" decoding=\"async\" class=\"alignnone size-full wp-image-7946\" src=\"\/noticias\/wp-content\/uploads\/sites\/5\/2018\/12\/Dia-Internacional-de-las-personas-con-discapacidad-igss-2018-16.jpg\" alt=\"\" width=\"2000\" height=\"1333\" srcset=\"\/wp-content\/uploads\/sites\/5\/2018\/12\/Dia-Internacional-de-las-personas-con-discapacidad-igss-2018-16.jpg 2000w, \/wp-content\/uploads\/sites\/5\/2018\/12\/Dia-Internacional-de-las-personas-con-discapacidad-igss-2018-16-1536x1024.jpg 1536w, \/wp-content\/uploads\/sites\/5\/2018\/12\/Dia-Internacional-de-las-personas-con-discapacidad-igss-2018-16-300x200.jpg 300w, \/wp-content\/uploads\/sites\/5\/2018\/12\/Dia-Internacional-de-las-personas-con-discapacidad-igss-2018-16-768x512.jpg 768w, \/wp-content\/uploads\/sites\/5\/2018\/12\/Dia-Internacional-de-las-personas-con-discapacidad-igss-2018-16-1024x682.jpg 1024w, \/wp-content\/uploads\/sites\/5\/2018\/12\/Dia-Internacional-de-las-personas-con-discapacidad-igss-2018-16-630x420.jpg 630w, \/wp-content\/uploads\/sites\/5\/2018\/12\/Dia-Internacional-de-las-personas-con-discapacidad-igss-2018-16-696x464.jpg 696w, \/wp-content\/uploads\/sites\/5\/2018\/12\/Dia-Internacional-de-las-personas-con-discapacidad-igss-2018-16-1068x712.jpg 1068w, \/wp-content\/uploads\/sites\/5\/2018\/12\/Dia-Internacional-de-las-personas-con-discapacidad-igss-2018-16-534x356.jpg 534w, \/wp-content\/uploads\/sites\/5\/2018\/12\/Dia-Internacional-de-las-personas-con-discapacidad-igss-2018-16-1920x1280.jpg 1920w\" sizes=\"auto, (max-width: 2000px) 100vw, 2000px\" \/><\/a><\/h3>\n<h3><strong>Se trabaja por su incorporaci\u00f3n social y laboral\u00a0\u00a0\u00a0\u00a0\u00a0\u00a0\u00a0\u00a0\u00a0 <\/strong><\/h3>\n<p>Autoridades del Hospital de Rehabilitaci\u00f3n del IGSS conmemoraron hoy el D\u00eda Internacional de las Personas con Discapacidad, el cual se celebra cada 3 de diciembre. \u201cAqu\u00ed contamos con varios programas de atenci\u00f3n integral, somos una unidad altamente especializada con tecnolog\u00eda de punta\u201d, indic\u00f3 la doctora Karina Rodr\u00edguez, directora de este centro asistencial.<\/p>\n<p>\u201cEl equipo multidisciplinario est\u00e1 integrado por 17 profesionales de la salud en el campo de la rehabilitaci\u00f3n, quienes trabajan en la recuperaci\u00f3n e incorporaci\u00f3n social y laboral de las personas con discapacidad para que tengan una reincorporaci\u00f3n integral a su entorno social y laboral\u201d, resalt\u00f3 la doctora Rodr\u00edguez.<\/p>\n<p>\u201cLa terapia incluye que los pacientes tengan recreaci\u00f3n y deportes en su tiempo libre, pues nos hemos esforzado en trabajar para que el hospital est\u00e9 a la vanguardia. Realizamos trabajo en equipo en el que se busca el potencial de cada persona que ha sufrido una deficiencia para que tenga una incorporaci\u00f3n a la sociedad de manera digna y productiva\u201d, dijo la profesional.<\/p>\n<p>La atenci\u00f3n tambi\u00e9n est\u00e1 dirigida a ni\u00f1os y se cuenta con terapistas especializados en los ejes de pediatr\u00eda, educaci\u00f3n especial, terapias ocupacionales y f\u00edsicas para brindar educaci\u00f3n integral a los menores. Adem\u00e1s se cuenta con el taller de pr\u00f3tesis y \u00f3rtesis en el que se elaboran los dispositivos para las personas con amputaciones o lesiones neurol\u00f3gicas.<\/p>\n\r\n                <style type=\"text\/css\">\r\n                    \r\n                    #tdi_1  .td-doubleSlider-2 .td-item1 {\r\n                        background: url(\/wp-content\/uploads\/sites\/5\/2018\/12\/Dia-Internacional-de-las-personas-con-discapacidad-igss-2018-30-80x60.jpg) 0 0 no-repeat;\r\n                    }\r\n                    #tdi_1  .td-doubleSlider-2 .td-item2 {\r\n                        background: url(\/wp-content\/uploads\/sites\/5\/2018\/12\/Dia-Internacional-de-las-personas-con-discapacidad-igss-2018-1-80x60.jpg) 0 0 no-repeat;\r\n                    }\r\n                    #tdi_1  .td-doubleSlider-2 .td-item3 {\r\n                        background: url(\/wp-content\/uploads\/sites\/5\/2018\/12\/Dia-Internacional-de-las-personas-con-discapacidad-igss-2018-2-80x60.jpg) 0 0 no-repeat;\r\n                    }\r\n                    #tdi_1  .td-doubleSlider-2 .td-item4 {\r\n                        background: url(\/wp-content\/uploads\/sites\/5\/2018\/12\/Dia-Internacional-de-las-personas-con-discapacidad-igss-2018-3-80x60.jpg) 0 0 no-repeat;\r\n                    }\r\n                    #tdi_1  .td-doubleSlider-2 .td-item5 {\r\n                        background: url(\/wp-content\/uploads\/sites\/5\/2018\/12\/Dia-Internacional-de-las-personas-con-discapacidad-igss-2018-4-80x60.jpg) 0 0 no-repeat;\r\n                    }\r\n                    #tdi_1  .td-doubleSlider-2 .td-item6 {\r\n                        background: url(\/wp-content\/uploads\/sites\/5\/2018\/12\/Dia-Internacional-de-las-personas-con-discapacidad-igss-2018-5-80x60.jpg) 0 0 no-repeat;\r\n                    }\r\n                    #tdi_1  .td-doubleSlider-2 .td-item7 {\r\n                        background: url(\/wp-content\/uploads\/sites\/5\/2018\/12\/Dia-Internacional-de-las-personas-con-discapacidad-igss-2018-10-80x60.jpg) 0 0 no-repeat;\r\n                    }\r\n                    #tdi_1  .td-doubleSlider-2 .td-item8 {\r\n                        background: url(\/wp-content\/uploads\/sites\/5\/2018\/12\/Dia-Internacional-de-las-personas-con-discapacidad-igss-2018-11-80x60.jpg) 0 0 no-repeat;\r\n                    }\r\n                    #tdi_1  .td-doubleSlider-2 .td-item9 {\r\n                        background: url(\/wp-content\/uploads\/sites\/5\/2018\/12\/Dia-Internacional-de-las-personas-con-discapacidad-igss-2018-12-80x60.jpg) 0 0 no-repeat;\r\n                    }\r\n                    #tdi_1  .td-doubleSlider-2 .td-item10 {\r\n                        background: url(\/wp-content\/uploads\/sites\/5\/2018\/12\/Dia-Internacional-de-las-personas-con-discapacidad-igss-2018-15-80x60.jpg) 0 0 no-repeat;\r\n                    }\r\n                    #tdi_1  .td-doubleSlider-2 .td-item11 {\r\n                        background: url(\/wp-content\/uploads\/sites\/5\/2018\/12\/Dia-Internacional-de-las-personas-con-discapacidad-igss-2018-16-80x60.jpg) 0 0 no-repeat;\r\n                    }\r\n                    #tdi_1  .td-doubleSlider-2 .td-item12 {\r\n                        background: url(\/wp-content\/uploads\/sites\/5\/2018\/12\/Dia-Internacional-de-las-personas-con-discapacidad-igss-2018-17-80x60.jpg) 0 0 no-repeat;\r\n                    }\r\n                    #tdi_1  .td-doubleSlider-2 .td-item13 {\r\n                        background: url(\/wp-content\/uploads\/sites\/5\/2018\/12\/Dia-Internacional-de-las-personas-con-discapacidad-igss-2018-18-80x60.jpg) 0 0 no-repeat;\r\n                    }\r\n                    #tdi_1  .td-doubleSlider-2 .td-item14 {\r\n                        background: url(\/wp-content\/uploads\/sites\/5\/2018\/12\/Dia-Internacional-de-las-personas-con-discapacidad-igss-2018-19-80x60.jpg) 0 0 no-repeat;\r\n                    }\r\n                    #tdi_1  .td-doubleSlider-2 .td-item15 {\r\n                        background: url(\/wp-content\/uploads\/sites\/5\/2018\/12\/Dia-Internacional-de-las-personas-con-discapacidad-igss-2018-20-80x60.jpg) 0 0 no-repeat;\r\n                    }\r\n                    #tdi_1  .td-doubleSlider-2 .td-item16 {\r\n                        background: url(\/wp-content\/uploads\/sites\/5\/2018\/12\/Dia-Internacional-de-las-personas-con-discapacidad-igss-2018-21-80x60.jpg) 0 0 no-repeat;\r\n                    }\r\n                    #tdi_1  .td-doubleSlider-2 .td-item17 {\r\n                        background: url(\/wp-content\/uploads\/sites\/5\/2018\/12\/Dia-Internacional-de-las-personas-con-discapacidad-igss-2018-22-80x60.jpg) 0 0 no-repeat;\r\n                    }\r\n                    #tdi_1  .td-doubleSlider-2 .td-item18 {\r\n                        background: url(\/wp-content\/uploads\/sites\/5\/2018\/12\/Dia-Internacional-de-las-personas-con-discapacidad-igss-2018-23-80x60.jpg) 0 0 no-repeat;\r\n                    }\r\n                    #tdi_1  .td-doubleSlider-2 .td-item19 {\r\n                        background: url(\/wp-content\/uploads\/sites\/5\/2018\/12\/Dia-Internacional-de-las-personas-con-discapacidad-igss-2018-24-80x60.jpg) 0 0 no-repeat;\r\n                    }\r\n                    #tdi_1  .td-doubleSlider-2 .td-item20 {\r\n                        background: url(\/wp-content\/uploads\/sites\/5\/2018\/12\/Dia-Internacional-de-las-personas-con-discapacidad-igss-2018-25-80x60.jpg) 0 0 no-repeat;\r\n                    }\r\n                    #tdi_1  .td-doubleSlider-2 .td-item21 {\r\n                        background: url(\/wp-content\/uploads\/sites\/5\/2018\/12\/Dia-Internacional-de-las-personas-con-discapacidad-igss-2018-26-80x60.jpg) 0 0 no-repeat;\r\n                    }\r\n                    #tdi_1  .td-doubleSlider-2 .td-item22 {\r\n                        background: url(\/wp-content\/uploads\/sites\/5\/2018\/12\/Dia-Internacional-de-las-personas-con-discapacidad-igss-2018-27-80x60.jpg) 0 0 no-repeat;\r\n                    }\r\n                    #tdi_1  .td-doubleSlider-2 .td-item23 {\r\n                        background: url(\/wp-content\/uploads\/sites\/5\/2018\/12\/Dia-Internacional-de-las-personas-con-discapacidad-igss-2018-28-80x60.jpg) 0 0 no-repeat;\r\n                    }\r\n                    #tdi_1  .td-doubleSlider-2 .td-item24 {\r\n                        background: url(\/wp-content\/uploads\/sites\/5\/2018\/12\/Dia-Internacional-de-las-personas-con-discapacidad-igss-2018-29-80x60.jpg) 0 0 no-repeat;\r\n                    }\r\n                    #tdi_1  .td-doubleSlider-2 .td-item25 {\r\n                        background: url(\/wp-content\/uploads\/sites\/5\/2018\/12\/Dia-Internacional-de-las-personas-con-discapacidad-igss-2018-31-80x60.jpg) 0 0 no-repeat;\r\n                    }\r\n                    #tdi_1  .td-doubleSlider-2 .td-item26 {\r\n                        background: url(\/wp-content\/uploads\/sites\/5\/2018\/12\/Dia-Internacional-de-las-personas-con-discapacidad-igss-2018-32-80x60.jpg) 0 0 no-repeat;\r\n                    }\r\n                <\/style>\r\n\r\n                <div id=\"tdi_1\" class=\"td-gallery td-slide-on-2-columns\">\r\n                    <div class=\"post_td_gallery\">\r\n                        <div class=\"td-gallery-slide-top\">\r\n                           <div class=\"td-gallery-title\">Galer\u00eda de Im\u00e1genes<\/div>\r\n\r\n                            <div class=\"td-gallery-controls-wrapper\">\r\n                                <div class=\"td-gallery-slide-count\"><span class=\"td-gallery-slide-item-focus\">1<\/span> de 26<\/div>\r\n                                <div class=\"td-gallery-slide-prev-next-but\">\r\n                                    <i class = \"td-icon-left doubleSliderPrevButton\"><\/i>\r\n                                    <i class = \"td-icon-right doubleSliderNextButton\"><\/i>\r\n                                <\/div>\r\n                            <\/div>\r\n                        <\/div>\r\n\r\n                        <div class = \"td-doubleSlider-1 \">\r\n                            <div class = \"td-slider\">\r\n                                \r\n                    <div class = \"td-slide-item td-item1\">\r\n                        <figure class=\"td-slide-galery-figure td-slide-popup-gallery\">\r\n                            <a class=\"slide-gallery-image-link\" href=\"\/wp-content\/uploads\/sites\/5\/2018\/12\/Dia-Internacional-de-las-personas-con-discapacidad-igss-2018-30.jpg\" title=\"Dia Internacional de las personas con discapacidad igss 2018-30\"  data-caption=\"\"  data-description=\"\">\r\n                                <img decoding=\"async\" src=\"\/wp-content\/uploads\/sites\/5\/2018\/12\/Dia-Internacional-de-las-personas-con-discapacidad-igss-2018-30-630x420.jpg\" srcset=\"\/wp-content\/uploads\/sites\/5\/2018\/12\/Dia-Internacional-de-las-personas-con-discapacidad-igss-2018-30-630x420.jpg 630w, \/wp-content\/uploads\/sites\/5\/2018\/12\/Dia-Internacional-de-las-personas-con-discapacidad-igss-2018-30-1536x1024.jpg 1536w, \/wp-content\/uploads\/sites\/5\/2018\/12\/Dia-Internacional-de-las-personas-con-discapacidad-igss-2018-30-300x200.jpg 300w, \/wp-content\/uploads\/sites\/5\/2018\/12\/Dia-Internacional-de-las-personas-con-discapacidad-igss-2018-30-768x512.jpg 768w, \/wp-content\/uploads\/sites\/5\/2018\/12\/Dia-Internacional-de-las-personas-con-discapacidad-igss-2018-30-1024x682.jpg 1024w, \/wp-content\/uploads\/sites\/5\/2018\/12\/Dia-Internacional-de-las-personas-con-discapacidad-igss-2018-30-696x464.jpg 696w, \/wp-content\/uploads\/sites\/5\/2018\/12\/Dia-Internacional-de-las-personas-con-discapacidad-igss-2018-30-1068x712.jpg 1068w, \/wp-content\/uploads\/sites\/5\/2018\/12\/Dia-Internacional-de-las-personas-con-discapacidad-igss-2018-30-534x356.jpg 534w, \/wp-content\/uploads\/sites\/5\/2018\/12\/Dia-Internacional-de-las-personas-con-discapacidad-igss-2018-30-1920x1280.jpg 1920w, \/wp-content\/uploads\/sites\/5\/2018\/12\/Dia-Internacional-de-las-personas-con-discapacidad-igss-2018-30.jpg 2000w\" sizes=\"(max-width: 630px) 100vw, 630px\" alt=\"\">\r\n                            <\/a>\r\n                            \r\n                        <\/figure>\r\n                    <\/div>\r\n                    <div class = \"td-slide-item td-item2\">\r\n                        <figure class=\"td-slide-galery-figure td-slide-popup-gallery\">\r\n                            <a class=\"slide-gallery-image-link\" href=\"\/wp-content\/uploads\/sites\/5\/2018\/12\/Dia-Internacional-de-las-personas-con-discapacidad-igss-2018-1.jpg\" title=\"Dia Internacional de las personas con discapacidad igss 2018-1\"  data-caption=\"\"  data-description=\"\">\r\n                                <img decoding=\"async\" src=\"\/wp-content\/uploads\/sites\/5\/2018\/12\/Dia-Internacional-de-las-personas-con-discapacidad-igss-2018-1-630x420.jpg\" srcset=\"\/wp-content\/uploads\/sites\/5\/2018\/12\/Dia-Internacional-de-las-personas-con-discapacidad-igss-2018-1-630x420.jpg 630w, \/wp-content\/uploads\/sites\/5\/2018\/12\/Dia-Internacional-de-las-personas-con-discapacidad-igss-2018-1-300x200.jpg 300w, \/wp-content\/uploads\/sites\/5\/2018\/12\/Dia-Internacional-de-las-personas-con-discapacidad-igss-2018-1-768x512.jpg 768w, \/wp-content\/uploads\/sites\/5\/2018\/12\/Dia-Internacional-de-las-personas-con-discapacidad-igss-2018-1-1024x683.jpg 1024w, \/wp-content\/uploads\/sites\/5\/2018\/12\/Dia-Internacional-de-las-personas-con-discapacidad-igss-2018-1-696x464.jpg 696w, \/wp-content\/uploads\/sites\/5\/2018\/12\/Dia-Internacional-de-las-personas-con-discapacidad-igss-2018-1-1068x712.jpg 1068w, \/wp-content\/uploads\/sites\/5\/2018\/12\/Dia-Internacional-de-las-personas-con-discapacidad-igss-2018-1-534x356.jpg 534w, \/wp-content\/uploads\/sites\/5\/2018\/12\/Dia-Internacional-de-las-personas-con-discapacidad-igss-2018-1.jpg 1200w\" sizes=\"(max-width: 630px) 100vw, 630px\" alt=\"\">\r\n                            <\/a>\r\n                            \r\n                        <\/figure>\r\n                    <\/div>\r\n                    <div class = \"td-slide-item td-item3\">\r\n                        <figure class=\"td-slide-galery-figure td-slide-popup-gallery\">\r\n                            <a class=\"slide-gallery-image-link\" href=\"\/wp-content\/uploads\/sites\/5\/2018\/12\/Dia-Internacional-de-las-personas-con-discapacidad-igss-2018-2.jpg\" title=\"Dia Internacional de las personas con discapacidad igss 2018-2\"  data-caption=\"\"  data-description=\"\">\r\n                                <img decoding=\"async\" src=\"\/wp-content\/uploads\/sites\/5\/2018\/12\/Dia-Internacional-de-las-personas-con-discapacidad-igss-2018-2-630x420.jpg\" srcset=\"\/wp-content\/uploads\/sites\/5\/2018\/12\/Dia-Internacional-de-las-personas-con-discapacidad-igss-2018-2-630x420.jpg 630w, \/wp-content\/uploads\/sites\/5\/2018\/12\/Dia-Internacional-de-las-personas-con-discapacidad-igss-2018-2-300x200.jpg 300w, \/wp-content\/uploads\/sites\/5\/2018\/12\/Dia-Internacional-de-las-personas-con-discapacidad-igss-2018-2-768x512.jpg 768w, \/wp-content\/uploads\/sites\/5\/2018\/12\/Dia-Internacional-de-las-personas-con-discapacidad-igss-2018-2-1024x683.jpg 1024w, \/wp-content\/uploads\/sites\/5\/2018\/12\/Dia-Internacional-de-las-personas-con-discapacidad-igss-2018-2-696x464.jpg 696w, \/wp-content\/uploads\/sites\/5\/2018\/12\/Dia-Internacional-de-las-personas-con-discapacidad-igss-2018-2-1068x712.jpg 1068w, \/wp-content\/uploads\/sites\/5\/2018\/12\/Dia-Internacional-de-las-personas-con-discapacidad-igss-2018-2-534x356.jpg 534w, \/wp-content\/uploads\/sites\/5\/2018\/12\/Dia-Internacional-de-las-personas-con-discapacidad-igss-2018-2.jpg 1200w\" sizes=\"(max-width: 630px) 100vw, 630px\" alt=\"\">\r\n                            <\/a>\r\n                            \r\n                        <\/figure>\r\n                    <\/div>\r\n                    <div class = \"td-slide-item td-item4\">\r\n                        <figure class=\"td-slide-galery-figure td-slide-popup-gallery\">\r\n                            <a class=\"slide-gallery-image-link\" href=\"\/wp-content\/uploads\/sites\/5\/2018\/12\/Dia-Internacional-de-las-personas-con-discapacidad-igss-2018-3.jpg\" title=\"Dia Internacional de las personas con discapacidad igss 2018-3\"  data-caption=\"\"  data-description=\"\">\r\n                                <img decoding=\"async\" src=\"\/wp-content\/uploads\/sites\/5\/2018\/12\/Dia-Internacional-de-las-personas-con-discapacidad-igss-2018-3-747x420.jpg\" srcset=\"\/wp-content\/uploads\/sites\/5\/2018\/12\/Dia-Internacional-de-las-personas-con-discapacidad-igss-2018-3-747x420.jpg 747w, \/wp-content\/uploads\/sites\/5\/2018\/12\/Dia-Internacional-de-las-personas-con-discapacidad-igss-2018-3-300x169.jpg 300w, \/wp-content\/uploads\/sites\/5\/2018\/12\/Dia-Internacional-de-las-personas-con-discapacidad-igss-2018-3-768x432.jpg 768w, \/wp-content\/uploads\/sites\/5\/2018\/12\/Dia-Internacional-de-las-personas-con-discapacidad-igss-2018-3-1024x576.jpg 1024w, \/wp-content\/uploads\/sites\/5\/2018\/12\/Dia-Internacional-de-las-personas-con-discapacidad-igss-2018-3-696x392.jpg 696w, \/wp-content\/uploads\/sites\/5\/2018\/12\/Dia-Internacional-de-las-personas-con-discapacidad-igss-2018-3-1068x601.jpg 1068w, \/wp-content\/uploads\/sites\/5\/2018\/12\/Dia-Internacional-de-las-personas-con-discapacidad-igss-2018-3-534x300.jpg 534w, \/wp-content\/uploads\/sites\/5\/2018\/12\/Dia-Internacional-de-las-personas-con-discapacidad-igss-2018-3.jpg 1200w\" sizes=\"(max-width: 747px) 100vw, 747px\" alt=\"\">\r\n                            <\/a>\r\n                            \r\n                        <\/figure>\r\n                    <\/div>\r\n                    <div class = \"td-slide-item td-item5\">\r\n                        <figure class=\"td-slide-galery-figure td-slide-popup-gallery\">\r\n                            <a class=\"slide-gallery-image-link\" href=\"\/wp-content\/uploads\/sites\/5\/2018\/12\/Dia-Internacional-de-las-personas-con-discapacidad-igss-2018-4.jpg\" title=\"Dia Internacional de las personas con discapacidad igss 2018-4\"  data-caption=\"\"  data-description=\"\">\r\n                                <img decoding=\"async\" src=\"\/wp-content\/uploads\/sites\/5\/2018\/12\/Dia-Internacional-de-las-personas-con-discapacidad-igss-2018-4-747x420.jpg\" srcset=\"\/wp-content\/uploads\/sites\/5\/2018\/12\/Dia-Internacional-de-las-personas-con-discapacidad-igss-2018-4-747x420.jpg 747w, \/wp-content\/uploads\/sites\/5\/2018\/12\/Dia-Internacional-de-las-personas-con-discapacidad-igss-2018-4-300x169.jpg 300w, \/wp-content\/uploads\/sites\/5\/2018\/12\/Dia-Internacional-de-las-personas-con-discapacidad-igss-2018-4-768x432.jpg 768w, \/wp-content\/uploads\/sites\/5\/2018\/12\/Dia-Internacional-de-las-personas-con-discapacidad-igss-2018-4-1024x576.jpg 1024w, \/wp-content\/uploads\/sites\/5\/2018\/12\/Dia-Internacional-de-las-personas-con-discapacidad-igss-2018-4-696x392.jpg 696w, \/wp-content\/uploads\/sites\/5\/2018\/12\/Dia-Internacional-de-las-personas-con-discapacidad-igss-2018-4-1068x601.jpg 1068w, \/wp-content\/uploads\/sites\/5\/2018\/12\/Dia-Internacional-de-las-personas-con-discapacidad-igss-2018-4-534x300.jpg 534w, \/wp-content\/uploads\/sites\/5\/2018\/12\/Dia-Internacional-de-las-personas-con-discapacidad-igss-2018-4.jpg 1200w\" sizes=\"(max-width: 747px) 100vw, 747px\" alt=\"\">\r\n                            <\/a>\r\n                            \r\n                        <\/figure>\r\n                    <\/div>\r\n                    <div class = \"td-slide-item td-item6\">\r\n                        <figure class=\"td-slide-galery-figure td-slide-popup-gallery\">\r\n                            <a class=\"slide-gallery-image-link\" href=\"\/wp-content\/uploads\/sites\/5\/2018\/12\/Dia-Internacional-de-las-personas-con-discapacidad-igss-2018-5.jpg\" title=\"Dia Internacional de las personas con discapacidad igss 2018-5\"  data-caption=\"\"  data-description=\"\">\r\n                                <img decoding=\"async\" src=\"\/wp-content\/uploads\/sites\/5\/2018\/12\/Dia-Internacional-de-las-personas-con-discapacidad-igss-2018-5-630x420.jpg\" srcset=\"\/wp-content\/uploads\/sites\/5\/2018\/12\/Dia-Internacional-de-las-personas-con-discapacidad-igss-2018-5-630x420.jpg 630w, \/wp-content\/uploads\/sites\/5\/2018\/12\/Dia-Internacional-de-las-personas-con-discapacidad-igss-2018-5-300x200.jpg 300w, \/wp-content\/uploads\/sites\/5\/2018\/12\/Dia-Internacional-de-las-personas-con-discapacidad-igss-2018-5-768x512.jpg 768w, \/wp-content\/uploads\/sites\/5\/2018\/12\/Dia-Internacional-de-las-personas-con-discapacidad-igss-2018-5-1024x683.jpg 1024w, \/wp-content\/uploads\/sites\/5\/2018\/12\/Dia-Internacional-de-las-personas-con-discapacidad-igss-2018-5-696x464.jpg 696w, \/wp-content\/uploads\/sites\/5\/2018\/12\/Dia-Internacional-de-las-personas-con-discapacidad-igss-2018-5-1068x712.jpg 1068w, \/wp-content\/uploads\/sites\/5\/2018\/12\/Dia-Internacional-de-las-personas-con-discapacidad-igss-2018-5-534x356.jpg 534w, \/wp-content\/uploads\/sites\/5\/2018\/12\/Dia-Internacional-de-las-personas-con-discapacidad-igss-2018-5.jpg 1200w\" sizes=\"(max-width: 630px) 100vw, 630px\" alt=\"\">\r\n                            <\/a>\r\n                            \r\n                        <\/figure>\r\n                    <\/div>\r\n                    <div class = \"td-slide-item td-item7\">\r\n                        <figure class=\"td-slide-galery-figure td-slide-popup-gallery\">\r\n                            <a class=\"slide-gallery-image-link\" href=\"\/wp-content\/uploads\/sites\/5\/2018\/12\/Dia-Internacional-de-las-personas-con-discapacidad-igss-2018-10.jpg\" title=\"Dia Internacional de las personas con discapacidad igss 2018-10\"  data-caption=\"\"  data-description=\"\">\r\n                                <img decoding=\"async\" src=\"\/wp-content\/uploads\/sites\/5\/2018\/12\/Dia-Internacional-de-las-personas-con-discapacidad-igss-2018-10-747x420.jpg\" srcset=\"\/wp-content\/uploads\/sites\/5\/2018\/12\/Dia-Internacional-de-las-personas-con-discapacidad-igss-2018-10-747x420.jpg 747w, \/wp-content\/uploads\/sites\/5\/2018\/12\/Dia-Internacional-de-las-personas-con-discapacidad-igss-2018-10-300x169.jpg 300w, \/wp-content\/uploads\/sites\/5\/2018\/12\/Dia-Internacional-de-las-personas-con-discapacidad-igss-2018-10-768x432.jpg 768w, \/wp-content\/uploads\/sites\/5\/2018\/12\/Dia-Internacional-de-las-personas-con-discapacidad-igss-2018-10-1024x576.jpg 1024w, \/wp-content\/uploads\/sites\/5\/2018\/12\/Dia-Internacional-de-las-personas-con-discapacidad-igss-2018-10-696x392.jpg 696w, \/wp-content\/uploads\/sites\/5\/2018\/12\/Dia-Internacional-de-las-personas-con-discapacidad-igss-2018-10-1068x601.jpg 1068w, \/wp-content\/uploads\/sites\/5\/2018\/12\/Dia-Internacional-de-las-personas-con-discapacidad-igss-2018-10-534x300.jpg 534w, \/wp-content\/uploads\/sites\/5\/2018\/12\/Dia-Internacional-de-las-personas-con-discapacidad-igss-2018-10.jpg 1200w\" sizes=\"(max-width: 747px) 100vw, 747px\" alt=\"\">\r\n                            <\/a>\r\n                            \r\n                        <\/figure>\r\n                    <\/div>\r\n                    <div class = \"td-slide-item td-item8\">\r\n                        <figure class=\"td-slide-galery-figure td-slide-popup-gallery\">\r\n                            <a class=\"slide-gallery-image-link\" href=\"\/wp-content\/uploads\/sites\/5\/2018\/12\/Dia-Internacional-de-las-personas-con-discapacidad-igss-2018-11.jpg\" title=\"Dia Internacional de las personas con discapacidad igss 2018-11\"  data-caption=\"\"  data-description=\"\">\r\n                                <img decoding=\"async\" src=\"\/wp-content\/uploads\/sites\/5\/2018\/12\/Dia-Internacional-de-las-personas-con-discapacidad-igss-2018-11-630x420.jpg\" srcset=\"\/wp-content\/uploads\/sites\/5\/2018\/12\/Dia-Internacional-de-las-personas-con-discapacidad-igss-2018-11-630x420.jpg 630w, \/wp-content\/uploads\/sites\/5\/2018\/12\/Dia-Internacional-de-las-personas-con-discapacidad-igss-2018-11-300x200.jpg 300w, \/wp-content\/uploads\/sites\/5\/2018\/12\/Dia-Internacional-de-las-personas-con-discapacidad-igss-2018-11-768x512.jpg 768w, \/wp-content\/uploads\/sites\/5\/2018\/12\/Dia-Internacional-de-las-personas-con-discapacidad-igss-2018-11-1024x683.jpg 1024w, \/wp-content\/uploads\/sites\/5\/2018\/12\/Dia-Internacional-de-las-personas-con-discapacidad-igss-2018-11-696x464.jpg 696w, \/wp-content\/uploads\/sites\/5\/2018\/12\/Dia-Internacional-de-las-personas-con-discapacidad-igss-2018-11-1068x712.jpg 1068w, \/wp-content\/uploads\/sites\/5\/2018\/12\/Dia-Internacional-de-las-personas-con-discapacidad-igss-2018-11-534x356.jpg 534w, \/wp-content\/uploads\/sites\/5\/2018\/12\/Dia-Internacional-de-las-personas-con-discapacidad-igss-2018-11.jpg 1200w\" sizes=\"(max-width: 630px) 100vw, 630px\" alt=\"\">\r\n                            <\/a>\r\n                            \r\n                        <\/figure>\r\n                    <\/div>\r\n                    <div class = \"td-slide-item td-item9\">\r\n                        <figure class=\"td-slide-galery-figure td-slide-popup-gallery\">\r\n                            <a class=\"slide-gallery-image-link\" href=\"\/wp-content\/uploads\/sites\/5\/2018\/12\/Dia-Internacional-de-las-personas-con-discapacidad-igss-2018-12.jpg\" title=\"Dia Internacional de las personas con discapacidad igss 2018-12\"  data-caption=\"\"  data-description=\"\">\r\n                                <img decoding=\"async\" src=\"\/wp-content\/uploads\/sites\/5\/2018\/12\/Dia-Internacional-de-las-personas-con-discapacidad-igss-2018-12-747x420.jpg\" srcset=\"\/wp-content\/uploads\/sites\/5\/2018\/12\/Dia-Internacional-de-las-personas-con-discapacidad-igss-2018-12-747x420.jpg 747w, \/wp-content\/uploads\/sites\/5\/2018\/12\/Dia-Internacional-de-las-personas-con-discapacidad-igss-2018-12-300x169.jpg 300w, \/wp-content\/uploads\/sites\/5\/2018\/12\/Dia-Internacional-de-las-personas-con-discapacidad-igss-2018-12-768x432.jpg 768w, \/wp-content\/uploads\/sites\/5\/2018\/12\/Dia-Internacional-de-las-personas-con-discapacidad-igss-2018-12-1024x576.jpg 1024w, \/wp-content\/uploads\/sites\/5\/2018\/12\/Dia-Internacional-de-las-personas-con-discapacidad-igss-2018-12-696x392.jpg 696w, \/wp-content\/uploads\/sites\/5\/2018\/12\/Dia-Internacional-de-las-personas-con-discapacidad-igss-2018-12-1068x601.jpg 1068w, \/wp-content\/uploads\/sites\/5\/2018\/12\/Dia-Internacional-de-las-personas-con-discapacidad-igss-2018-12-534x300.jpg 534w, \/wp-content\/uploads\/sites\/5\/2018\/12\/Dia-Internacional-de-las-personas-con-discapacidad-igss-2018-12.jpg 1200w\" sizes=\"(max-width: 747px) 100vw, 747px\" alt=\"\">\r\n                            <\/a>\r\n                            \r\n                        <\/figure>\r\n                    <\/div>\r\n                    <div class = \"td-slide-item td-item10\">\r\n                        <figure class=\"td-slide-galery-figure td-slide-popup-gallery\">\r\n                            <a class=\"slide-gallery-image-link\" href=\"\/wp-content\/uploads\/sites\/5\/2018\/12\/Dia-Internacional-de-las-personas-con-discapacidad-igss-2018-15.jpg\" title=\"Dia Internacional de las personas con discapacidad igss 2018-15\"  data-caption=\"\"  data-description=\"\">\r\n                                <img decoding=\"async\" src=\"\/wp-content\/uploads\/sites\/5\/2018\/12\/Dia-Internacional-de-las-personas-con-discapacidad-igss-2018-15-747x420.jpg\" srcset=\"\/wp-content\/uploads\/sites\/5\/2018\/12\/Dia-Internacional-de-las-personas-con-discapacidad-igss-2018-15-747x420.jpg 747w, \/wp-content\/uploads\/sites\/5\/2018\/12\/Dia-Internacional-de-las-personas-con-discapacidad-igss-2018-15-300x169.jpg 300w, \/wp-content\/uploads\/sites\/5\/2018\/12\/Dia-Internacional-de-las-personas-con-discapacidad-igss-2018-15-768x432.jpg 768w, \/wp-content\/uploads\/sites\/5\/2018\/12\/Dia-Internacional-de-las-personas-con-discapacidad-igss-2018-15-1024x576.jpg 1024w, \/wp-content\/uploads\/sites\/5\/2018\/12\/Dia-Internacional-de-las-personas-con-discapacidad-igss-2018-15-696x392.jpg 696w, \/wp-content\/uploads\/sites\/5\/2018\/12\/Dia-Internacional-de-las-personas-con-discapacidad-igss-2018-15-1068x601.jpg 1068w, \/wp-content\/uploads\/sites\/5\/2018\/12\/Dia-Internacional-de-las-personas-con-discapacidad-igss-2018-15-534x300.jpg 534w, \/wp-content\/uploads\/sites\/5\/2018\/12\/Dia-Internacional-de-las-personas-con-discapacidad-igss-2018-15.jpg 1200w\" sizes=\"(max-width: 747px) 100vw, 747px\" alt=\"\">\r\n                            <\/a>\r\n                            \r\n                        <\/figure>\r\n                    <\/div>\r\n                    <div class = \"td-slide-item td-item11\">\r\n                        <figure class=\"td-slide-galery-figure td-slide-popup-gallery\">\r\n                            <a class=\"slide-gallery-image-link\" href=\"\/wp-content\/uploads\/sites\/5\/2018\/12\/Dia-Internacional-de-las-personas-con-discapacidad-igss-2018-16.jpg\" title=\"Dia Internacional de las personas con discapacidad igss 2018-16\"  data-caption=\"\"  data-description=\"\">\r\n                                <img decoding=\"async\" src=\"\/wp-content\/uploads\/sites\/5\/2018\/12\/Dia-Internacional-de-las-personas-con-discapacidad-igss-2018-16-630x420.jpg\" srcset=\"\/wp-content\/uploads\/sites\/5\/2018\/12\/Dia-Internacional-de-las-personas-con-discapacidad-igss-2018-16-630x420.jpg 630w, \/wp-content\/uploads\/sites\/5\/2018\/12\/Dia-Internacional-de-las-personas-con-discapacidad-igss-2018-16-1536x1024.jpg 1536w, \/wp-content\/uploads\/sites\/5\/2018\/12\/Dia-Internacional-de-las-personas-con-discapacidad-igss-2018-16-300x200.jpg 300w, \/wp-content\/uploads\/sites\/5\/2018\/12\/Dia-Internacional-de-las-personas-con-discapacidad-igss-2018-16-768x512.jpg 768w, \/wp-content\/uploads\/sites\/5\/2018\/12\/Dia-Internacional-de-las-personas-con-discapacidad-igss-2018-16-1024x682.jpg 1024w, \/wp-content\/uploads\/sites\/5\/2018\/12\/Dia-Internacional-de-las-personas-con-discapacidad-igss-2018-16-696x464.jpg 696w, \/wp-content\/uploads\/sites\/5\/2018\/12\/Dia-Internacional-de-las-personas-con-discapacidad-igss-2018-16-1068x712.jpg 1068w, \/wp-content\/uploads\/sites\/5\/2018\/12\/Dia-Internacional-de-las-personas-con-discapacidad-igss-2018-16-534x356.jpg 534w, \/wp-content\/uploads\/sites\/5\/2018\/12\/Dia-Internacional-de-las-personas-con-discapacidad-igss-2018-16-1920x1280.jpg 1920w, \/wp-content\/uploads\/sites\/5\/2018\/12\/Dia-Internacional-de-las-personas-con-discapacidad-igss-2018-16.jpg 2000w\" sizes=\"(max-width: 630px) 100vw, 630px\" alt=\"\">\r\n                            <\/a>\r\n                            \r\n                        <\/figure>\r\n                    <\/div>\r\n                    <div class = \"td-slide-item td-item12\">\r\n                        <figure class=\"td-slide-galery-figure td-slide-popup-gallery\">\r\n                            <a class=\"slide-gallery-image-link\" href=\"\/wp-content\/uploads\/sites\/5\/2018\/12\/Dia-Internacional-de-las-personas-con-discapacidad-igss-2018-17.jpg\" title=\"Dia Internacional de las personas con discapacidad igss 2018-17\"  data-caption=\"\"  data-description=\"\">\r\n                                <img decoding=\"async\" src=\"\/wp-content\/uploads\/sites\/5\/2018\/12\/Dia-Internacional-de-las-personas-con-discapacidad-igss-2018-17-630x420.jpg\" srcset=\"\/wp-content\/uploads\/sites\/5\/2018\/12\/Dia-Internacional-de-las-personas-con-discapacidad-igss-2018-17-630x420.jpg 630w, \/wp-content\/uploads\/sites\/5\/2018\/12\/Dia-Internacional-de-las-personas-con-discapacidad-igss-2018-17-1536x1024.jpg 1536w, \/wp-content\/uploads\/sites\/5\/2018\/12\/Dia-Internacional-de-las-personas-con-discapacidad-igss-2018-17-300x200.jpg 300w, \/wp-content\/uploads\/sites\/5\/2018\/12\/Dia-Internacional-de-las-personas-con-discapacidad-igss-2018-17-768x512.jpg 768w, \/wp-content\/uploads\/sites\/5\/2018\/12\/Dia-Internacional-de-las-personas-con-discapacidad-igss-2018-17-1024x682.jpg 1024w, \/wp-content\/uploads\/sites\/5\/2018\/12\/Dia-Internacional-de-las-personas-con-discapacidad-igss-2018-17-696x464.jpg 696w, \/wp-content\/uploads\/sites\/5\/2018\/12\/Dia-Internacional-de-las-personas-con-discapacidad-igss-2018-17-1068x712.jpg 1068w, \/wp-content\/uploads\/sites\/5\/2018\/12\/Dia-Internacional-de-las-personas-con-discapacidad-igss-2018-17-534x356.jpg 534w, \/wp-content\/uploads\/sites\/5\/2018\/12\/Dia-Internacional-de-las-personas-con-discapacidad-igss-2018-17-1920x1280.jpg 1920w, \/wp-content\/uploads\/sites\/5\/2018\/12\/Dia-Internacional-de-las-personas-con-discapacidad-igss-2018-17.jpg 2000w\" sizes=\"(max-width: 630px) 100vw, 630px\" alt=\"\">\r\n                            <\/a>\r\n                            \r\n                        <\/figure>\r\n                    <\/div>\r\n                    <div class = \"td-slide-item td-item13\">\r\n                        <figure class=\"td-slide-galery-figure td-slide-popup-gallery\">\r\n                            <a class=\"slide-gallery-image-link\" href=\"\/wp-content\/uploads\/sites\/5\/2018\/12\/Dia-Internacional-de-las-personas-con-discapacidad-igss-2018-18.jpg\" title=\"Dia Internacional de las personas con discapacidad igss 2018-18\"  data-caption=\"\"  data-description=\"\">\r\n                                <img decoding=\"async\" src=\"\/wp-content\/uploads\/sites\/5\/2018\/12\/Dia-Internacional-de-las-personas-con-discapacidad-igss-2018-18-630x420.jpg\" srcset=\"\/wp-content\/uploads\/sites\/5\/2018\/12\/Dia-Internacional-de-las-personas-con-discapacidad-igss-2018-18-630x420.jpg 630w, \/wp-content\/uploads\/sites\/5\/2018\/12\/Dia-Internacional-de-las-personas-con-discapacidad-igss-2018-18-1536x1024.jpg 1536w, \/wp-content\/uploads\/sites\/5\/2018\/12\/Dia-Internacional-de-las-personas-con-discapacidad-igss-2018-18-300x200.jpg 300w, \/wp-content\/uploads\/sites\/5\/2018\/12\/Dia-Internacional-de-las-personas-con-discapacidad-igss-2018-18-768x512.jpg 768w, \/wp-content\/uploads\/sites\/5\/2018\/12\/Dia-Internacional-de-las-personas-con-discapacidad-igss-2018-18-1024x682.jpg 1024w, \/wp-content\/uploads\/sites\/5\/2018\/12\/Dia-Internacional-de-las-personas-con-discapacidad-igss-2018-18-696x464.jpg 696w, \/wp-content\/uploads\/sites\/5\/2018\/12\/Dia-Internacional-de-las-personas-con-discapacidad-igss-2018-18-1068x712.jpg 1068w, \/wp-content\/uploads\/sites\/5\/2018\/12\/Dia-Internacional-de-las-personas-con-discapacidad-igss-2018-18-534x356.jpg 534w, \/wp-content\/uploads\/sites\/5\/2018\/12\/Dia-Internacional-de-las-personas-con-discapacidad-igss-2018-18-1920x1280.jpg 1920w, \/wp-content\/uploads\/sites\/5\/2018\/12\/Dia-Internacional-de-las-personas-con-discapacidad-igss-2018-18.jpg 2000w\" sizes=\"(max-width: 630px) 100vw, 630px\" alt=\"\">\r\n                            <\/a>\r\n                            \r\n                        <\/figure>\r\n                    <\/div>\r\n                    <div class = \"td-slide-item td-item14\">\r\n                        <figure class=\"td-slide-galery-figure td-slide-popup-gallery\">\r\n                            <a class=\"slide-gallery-image-link\" href=\"\/wp-content\/uploads\/sites\/5\/2018\/12\/Dia-Internacional-de-las-personas-con-discapacidad-igss-2018-19.jpg\" title=\"Dia Internacional de las personas con discapacidad igss 2018-19\"  data-caption=\"\"  data-description=\"\">\r\n                                <img decoding=\"async\" src=\"\/wp-content\/uploads\/sites\/5\/2018\/12\/Dia-Internacional-de-las-personas-con-discapacidad-igss-2018-19-630x420.jpg\" srcset=\"\/wp-content\/uploads\/sites\/5\/2018\/12\/Dia-Internacional-de-las-personas-con-discapacidad-igss-2018-19-630x420.jpg 630w, \/wp-content\/uploads\/sites\/5\/2018\/12\/Dia-Internacional-de-las-personas-con-discapacidad-igss-2018-19-1536x1024.jpg 1536w, \/wp-content\/uploads\/sites\/5\/2018\/12\/Dia-Internacional-de-las-personas-con-discapacidad-igss-2018-19-300x200.jpg 300w, \/wp-content\/uploads\/sites\/5\/2018\/12\/Dia-Internacional-de-las-personas-con-discapacidad-igss-2018-19-768x512.jpg 768w, \/wp-content\/uploads\/sites\/5\/2018\/12\/Dia-Internacional-de-las-personas-con-discapacidad-igss-2018-19-1024x682.jpg 1024w, \/wp-content\/uploads\/sites\/5\/2018\/12\/Dia-Internacional-de-las-personas-con-discapacidad-igss-2018-19-696x464.jpg 696w, \/wp-content\/uploads\/sites\/5\/2018\/12\/Dia-Internacional-de-las-personas-con-discapacidad-igss-2018-19-1068x712.jpg 1068w, \/wp-content\/uploads\/sites\/5\/2018\/12\/Dia-Internacional-de-las-personas-con-discapacidad-igss-2018-19-534x356.jpg 534w, \/wp-content\/uploads\/sites\/5\/2018\/12\/Dia-Internacional-de-las-personas-con-discapacidad-igss-2018-19-1920x1280.jpg 1920w, \/wp-content\/uploads\/sites\/5\/2018\/12\/Dia-Internacional-de-las-personas-con-discapacidad-igss-2018-19.jpg 2000w\" sizes=\"(max-width: 630px) 100vw, 630px\" alt=\"\">\r\n                            <\/a>\r\n                            \r\n                        <\/figure>\r\n                    <\/div>\r\n                    <div class = \"td-slide-item td-item15\">\r\n                        <figure class=\"td-slide-galery-figure td-slide-popup-gallery\">\r\n                            <a class=\"slide-gallery-image-link\" href=\"\/wp-content\/uploads\/sites\/5\/2018\/12\/Dia-Internacional-de-las-personas-con-discapacidad-igss-2018-20.jpg\" title=\"Dia Internacional de las personas con discapacidad igss 2018-20\"  data-caption=\"\"  data-description=\"\">\r\n                                <img decoding=\"async\" src=\"\/wp-content\/uploads\/sites\/5\/2018\/12\/Dia-Internacional-de-las-personas-con-discapacidad-igss-2018-20-630x420.jpg\" srcset=\"\/wp-content\/uploads\/sites\/5\/2018\/12\/Dia-Internacional-de-las-personas-con-discapacidad-igss-2018-20-630x420.jpg 630w, \/wp-content\/uploads\/sites\/5\/2018\/12\/Dia-Internacional-de-las-personas-con-discapacidad-igss-2018-20-1536x1024.jpg 1536w, \/wp-content\/uploads\/sites\/5\/2018\/12\/Dia-Internacional-de-las-personas-con-discapacidad-igss-2018-20-300x200.jpg 300w, \/wp-content\/uploads\/sites\/5\/2018\/12\/Dia-Internacional-de-las-personas-con-discapacidad-igss-2018-20-768x512.jpg 768w, \/wp-content\/uploads\/sites\/5\/2018\/12\/Dia-Internacional-de-las-personas-con-discapacidad-igss-2018-20-1024x682.jpg 1024w, \/wp-content\/uploads\/sites\/5\/2018\/12\/Dia-Internacional-de-las-personas-con-discapacidad-igss-2018-20-696x464.jpg 696w, \/wp-content\/uploads\/sites\/5\/2018\/12\/Dia-Internacional-de-las-personas-con-discapacidad-igss-2018-20-1068x712.jpg 1068w, \/wp-content\/uploads\/sites\/5\/2018\/12\/Dia-Internacional-de-las-personas-con-discapacidad-igss-2018-20-534x356.jpg 534w, \/wp-content\/uploads\/sites\/5\/2018\/12\/Dia-Internacional-de-las-personas-con-discapacidad-igss-2018-20-1920x1280.jpg 1920w, \/wp-content\/uploads\/sites\/5\/2018\/12\/Dia-Internacional-de-las-personas-con-discapacidad-igss-2018-20.jpg 2000w\" sizes=\"(max-width: 630px) 100vw, 630px\" alt=\"\">\r\n                            <\/a>\r\n                            \r\n                        <\/figure>\r\n                    <\/div>\r\n                    <div class = \"td-slide-item td-item16\">\r\n                        <figure class=\"td-slide-galery-figure td-slide-popup-gallery\">\r\n                            <a class=\"slide-gallery-image-link\" href=\"\/wp-content\/uploads\/sites\/5\/2018\/12\/Dia-Internacional-de-las-personas-con-discapacidad-igss-2018-21.jpg\" title=\"Dia Internacional de las personas con discapacidad igss 2018-21\"  data-caption=\"\"  data-description=\"\">\r\n                                <img decoding=\"async\" src=\"\/wp-content\/uploads\/sites\/5\/2018\/12\/Dia-Internacional-de-las-personas-con-discapacidad-igss-2018-21-630x420.jpg\" srcset=\"\/wp-content\/uploads\/sites\/5\/2018\/12\/Dia-Internacional-de-las-personas-con-discapacidad-igss-2018-21-630x420.jpg 630w, \/wp-content\/uploads\/sites\/5\/2018\/12\/Dia-Internacional-de-las-personas-con-discapacidad-igss-2018-21-1536x1024.jpg 1536w, \/wp-content\/uploads\/sites\/5\/2018\/12\/Dia-Internacional-de-las-personas-con-discapacidad-igss-2018-21-300x200.jpg 300w, \/wp-content\/uploads\/sites\/5\/2018\/12\/Dia-Internacional-de-las-personas-con-discapacidad-igss-2018-21-768x512.jpg 768w, \/wp-content\/uploads\/sites\/5\/2018\/12\/Dia-Internacional-de-las-personas-con-discapacidad-igss-2018-21-1024x682.jpg 1024w, \/wp-content\/uploads\/sites\/5\/2018\/12\/Dia-Internacional-de-las-personas-con-discapacidad-igss-2018-21-696x464.jpg 696w, \/wp-content\/uploads\/sites\/5\/2018\/12\/Dia-Internacional-de-las-personas-con-discapacidad-igss-2018-21-1068x712.jpg 1068w, \/wp-content\/uploads\/sites\/5\/2018\/12\/Dia-Internacional-de-las-personas-con-discapacidad-igss-2018-21-534x356.jpg 534w, \/wp-content\/uploads\/sites\/5\/2018\/12\/Dia-Internacional-de-las-personas-con-discapacidad-igss-2018-21-1920x1280.jpg 1920w, \/wp-content\/uploads\/sites\/5\/2018\/12\/Dia-Internacional-de-las-personas-con-discapacidad-igss-2018-21.jpg 2000w\" sizes=\"(max-width: 630px) 100vw, 630px\" alt=\"\">\r\n                            <\/a>\r\n                            \r\n                        <\/figure>\r\n                    <\/div>\r\n                    <div class = \"td-slide-item td-item17\">\r\n                        <figure class=\"td-slide-galery-figure td-slide-popup-gallery\">\r\n                            <a class=\"slide-gallery-image-link\" href=\"\/wp-content\/uploads\/sites\/5\/2018\/12\/Dia-Internacional-de-las-personas-con-discapacidad-igss-2018-22.jpg\" title=\"Dia Internacional de las personas con discapacidad igss 2018-22\"  data-caption=\"\"  data-description=\"\">\r\n                                <img decoding=\"async\" src=\"\/wp-content\/uploads\/sites\/5\/2018\/12\/Dia-Internacional-de-las-personas-con-discapacidad-igss-2018-22-630x420.jpg\" srcset=\"\/wp-content\/uploads\/sites\/5\/2018\/12\/Dia-Internacional-de-las-personas-con-discapacidad-igss-2018-22-630x420.jpg 630w, \/wp-content\/uploads\/sites\/5\/2018\/12\/Dia-Internacional-de-las-personas-con-discapacidad-igss-2018-22-1536x1024.jpg 1536w, \/wp-content\/uploads\/sites\/5\/2018\/12\/Dia-Internacional-de-las-personas-con-discapacidad-igss-2018-22-300x200.jpg 300w, \/wp-content\/uploads\/sites\/5\/2018\/12\/Dia-Internacional-de-las-personas-con-discapacidad-igss-2018-22-768x512.jpg 768w, \/wp-content\/uploads\/sites\/5\/2018\/12\/Dia-Internacional-de-las-personas-con-discapacidad-igss-2018-22-1024x682.jpg 1024w, \/wp-content\/uploads\/sites\/5\/2018\/12\/Dia-Internacional-de-las-personas-con-discapacidad-igss-2018-22-696x464.jpg 696w, \/wp-content\/uploads\/sites\/5\/2018\/12\/Dia-Internacional-de-las-personas-con-discapacidad-igss-2018-22-1068x712.jpg 1068w, \/wp-content\/uploads\/sites\/5\/2018\/12\/Dia-Internacional-de-las-personas-con-discapacidad-igss-2018-22-534x356.jpg 534w, \/wp-content\/uploads\/sites\/5\/2018\/12\/Dia-Internacional-de-las-personas-con-discapacidad-igss-2018-22-1920x1280.jpg 1920w, \/wp-content\/uploads\/sites\/5\/2018\/12\/Dia-Internacional-de-las-personas-con-discapacidad-igss-2018-22.jpg 2000w\" sizes=\"(max-width: 630px) 100vw, 630px\" alt=\"\">\r\n                            <\/a>\r\n                            \r\n                        <\/figure>\r\n                    <\/div>\r\n                    <div class = \"td-slide-item td-item18\">\r\n                        <figure class=\"td-slide-galery-figure td-slide-popup-gallery\">\r\n                            <a class=\"slide-gallery-image-link\" href=\"\/wp-content\/uploads\/sites\/5\/2018\/12\/Dia-Internacional-de-las-personas-con-discapacidad-igss-2018-23.jpg\" title=\"Dia Internacional de las personas con discapacidad igss 2018-23\"  data-caption=\"\"  data-description=\"\">\r\n                                <img decoding=\"async\" src=\"\/wp-content\/uploads\/sites\/5\/2018\/12\/Dia-Internacional-de-las-personas-con-discapacidad-igss-2018-23-630x420.jpg\" srcset=\"\/wp-content\/uploads\/sites\/5\/2018\/12\/Dia-Internacional-de-las-personas-con-discapacidad-igss-2018-23-630x420.jpg 630w, \/wp-content\/uploads\/sites\/5\/2018\/12\/Dia-Internacional-de-las-personas-con-discapacidad-igss-2018-23-1536x1024.jpg 1536w, \/wp-content\/uploads\/sites\/5\/2018\/12\/Dia-Internacional-de-las-personas-con-discapacidad-igss-2018-23-300x200.jpg 300w, \/wp-content\/uploads\/sites\/5\/2018\/12\/Dia-Internacional-de-las-personas-con-discapacidad-igss-2018-23-768x512.jpg 768w, \/wp-content\/uploads\/sites\/5\/2018\/12\/Dia-Internacional-de-las-personas-con-discapacidad-igss-2018-23-1024x682.jpg 1024w, \/wp-content\/uploads\/sites\/5\/2018\/12\/Dia-Internacional-de-las-personas-con-discapacidad-igss-2018-23-696x464.jpg 696w, \/wp-content\/uploads\/sites\/5\/2018\/12\/Dia-Internacional-de-las-personas-con-discapacidad-igss-2018-23-1068x712.jpg 1068w, \/wp-content\/uploads\/sites\/5\/2018\/12\/Dia-Internacional-de-las-personas-con-discapacidad-igss-2018-23-534x356.jpg 534w, \/wp-content\/uploads\/sites\/5\/2018\/12\/Dia-Internacional-de-las-personas-con-discapacidad-igss-2018-23-1920x1280.jpg 1920w, \/wp-content\/uploads\/sites\/5\/2018\/12\/Dia-Internacional-de-las-personas-con-discapacidad-igss-2018-23.jpg 2000w\" sizes=\"(max-width: 630px) 100vw, 630px\" alt=\"\">\r\n                            <\/a>\r\n                            \r\n                        <\/figure>\r\n                    <\/div>\r\n                    <div class = \"td-slide-item td-item19\">\r\n                        <figure class=\"td-slide-galery-figure td-slide-popup-gallery\">\r\n                            <a class=\"slide-gallery-image-link\" href=\"\/wp-content\/uploads\/sites\/5\/2018\/12\/Dia-Internacional-de-las-personas-con-discapacidad-igss-2018-24.jpg\" title=\"Dia Internacional de las personas con discapacidad igss 2018-24\"  data-caption=\"\"  data-description=\"\">\r\n                                <img decoding=\"async\" src=\"\/wp-content\/uploads\/sites\/5\/2018\/12\/Dia-Internacional-de-las-personas-con-discapacidad-igss-2018-24-630x420.jpg\" srcset=\"\/wp-content\/uploads\/sites\/5\/2018\/12\/Dia-Internacional-de-las-personas-con-discapacidad-igss-2018-24-630x420.jpg 630w, \/wp-content\/uploads\/sites\/5\/2018\/12\/Dia-Internacional-de-las-personas-con-discapacidad-igss-2018-24-1536x1024.jpg 1536w, \/wp-content\/uploads\/sites\/5\/2018\/12\/Dia-Internacional-de-las-personas-con-discapacidad-igss-2018-24-300x200.jpg 300w, \/wp-content\/uploads\/sites\/5\/2018\/12\/Dia-Internacional-de-las-personas-con-discapacidad-igss-2018-24-768x512.jpg 768w, \/wp-content\/uploads\/sites\/5\/2018\/12\/Dia-Internacional-de-las-personas-con-discapacidad-igss-2018-24-1024x682.jpg 1024w, \/wp-content\/uploads\/sites\/5\/2018\/12\/Dia-Internacional-de-las-personas-con-discapacidad-igss-2018-24-696x464.jpg 696w, \/wp-content\/uploads\/sites\/5\/2018\/12\/Dia-Internacional-de-las-personas-con-discapacidad-igss-2018-24-1068x712.jpg 1068w, \/wp-content\/uploads\/sites\/5\/2018\/12\/Dia-Internacional-de-las-personas-con-discapacidad-igss-2018-24-534x356.jpg 534w, \/wp-content\/uploads\/sites\/5\/2018\/12\/Dia-Internacional-de-las-personas-con-discapacidad-igss-2018-24-1920x1280.jpg 1920w, \/wp-content\/uploads\/sites\/5\/2018\/12\/Dia-Internacional-de-las-personas-con-discapacidad-igss-2018-24.jpg 2000w\" sizes=\"(max-width: 630px) 100vw, 630px\" alt=\"\">\r\n                            <\/a>\r\n                            \r\n                        <\/figure>\r\n                    <\/div>\r\n                    <div class = \"td-slide-item td-item20\">\r\n                        <figure class=\"td-slide-galery-figure td-slide-popup-gallery\">\r\n                            <a class=\"slide-gallery-image-link\" href=\"\/wp-content\/uploads\/sites\/5\/2018\/12\/Dia-Internacional-de-las-personas-con-discapacidad-igss-2018-25.jpg\" title=\"Dia Internacional de las personas con discapacidad igss 2018-25\"  data-caption=\"\"  data-description=\"\">\r\n                                <img decoding=\"async\" src=\"\/wp-content\/uploads\/sites\/5\/2018\/12\/Dia-Internacional-de-las-personas-con-discapacidad-igss-2018-25-630x420.jpg\" srcset=\"\/wp-content\/uploads\/sites\/5\/2018\/12\/Dia-Internacional-de-las-personas-con-discapacidad-igss-2018-25-630x420.jpg 630w, \/wp-content\/uploads\/sites\/5\/2018\/12\/Dia-Internacional-de-las-personas-con-discapacidad-igss-2018-25-1536x1024.jpg 1536w, \/wp-content\/uploads\/sites\/5\/2018\/12\/Dia-Internacional-de-las-personas-con-discapacidad-igss-2018-25-300x200.jpg 300w, \/wp-content\/uploads\/sites\/5\/2018\/12\/Dia-Internacional-de-las-personas-con-discapacidad-igss-2018-25-768x512.jpg 768w, \/wp-content\/uploads\/sites\/5\/2018\/12\/Dia-Internacional-de-las-personas-con-discapacidad-igss-2018-25-1024x682.jpg 1024w, \/wp-content\/uploads\/sites\/5\/2018\/12\/Dia-Internacional-de-las-personas-con-discapacidad-igss-2018-25-696x464.jpg 696w, \/wp-content\/uploads\/sites\/5\/2018\/12\/Dia-Internacional-de-las-personas-con-discapacidad-igss-2018-25-1068x712.jpg 1068w, \/wp-content\/uploads\/sites\/5\/2018\/12\/Dia-Internacional-de-las-personas-con-discapacidad-igss-2018-25-534x356.jpg 534w, \/wp-content\/uploads\/sites\/5\/2018\/12\/Dia-Internacional-de-las-personas-con-discapacidad-igss-2018-25-1920x1280.jpg 1920w, \/wp-content\/uploads\/sites\/5\/2018\/12\/Dia-Internacional-de-las-personas-con-discapacidad-igss-2018-25.jpg 2000w\" sizes=\"(max-width: 630px) 100vw, 630px\" alt=\"\">\r\n                            <\/a>\r\n                            \r\n                        <\/figure>\r\n                    <\/div>\r\n                    <div class = \"td-slide-item td-item21\">\r\n                        <figure class=\"td-slide-galery-figure td-slide-popup-gallery\">\r\n                            <a class=\"slide-gallery-image-link\" href=\"\/wp-content\/uploads\/sites\/5\/2018\/12\/Dia-Internacional-de-las-personas-con-discapacidad-igss-2018-26.jpg\" title=\"Dia Internacional de las personas con discapacidad igss 2018-26\"  data-caption=\"\"  data-description=\"\">\r\n                                <img decoding=\"async\" src=\"\/wp-content\/uploads\/sites\/5\/2018\/12\/Dia-Internacional-de-las-personas-con-discapacidad-igss-2018-26-630x420.jpg\" srcset=\"\/wp-content\/uploads\/sites\/5\/2018\/12\/Dia-Internacional-de-las-personas-con-discapacidad-igss-2018-26-630x420.jpg 630w, \/wp-content\/uploads\/sites\/5\/2018\/12\/Dia-Internacional-de-las-personas-con-discapacidad-igss-2018-26-1536x1024.jpg 1536w, \/wp-content\/uploads\/sites\/5\/2018\/12\/Dia-Internacional-de-las-personas-con-discapacidad-igss-2018-26-300x200.jpg 300w, \/wp-content\/uploads\/sites\/5\/2018\/12\/Dia-Internacional-de-las-personas-con-discapacidad-igss-2018-26-768x512.jpg 768w, \/wp-content\/uploads\/sites\/5\/2018\/12\/Dia-Internacional-de-las-personas-con-discapacidad-igss-2018-26-1024x682.jpg 1024w, \/wp-content\/uploads\/sites\/5\/2018\/12\/Dia-Internacional-de-las-personas-con-discapacidad-igss-2018-26-696x464.jpg 696w, \/wp-content\/uploads\/sites\/5\/2018\/12\/Dia-Internacional-de-las-personas-con-discapacidad-igss-2018-26-1068x712.jpg 1068w, \/wp-content\/uploads\/sites\/5\/2018\/12\/Dia-Internacional-de-las-personas-con-discapacidad-igss-2018-26-534x356.jpg 534w, \/wp-content\/uploads\/sites\/5\/2018\/12\/Dia-Internacional-de-las-personas-con-discapacidad-igss-2018-26-1920x1280.jpg 1920w, \/wp-content\/uploads\/sites\/5\/2018\/12\/Dia-Internacional-de-las-personas-con-discapacidad-igss-2018-26.jpg 2000w\" sizes=\"(max-width: 630px) 100vw, 630px\" alt=\"\">\r\n                            <\/a>\r\n                            \r\n                        <\/figure>\r\n                    <\/div>\r\n                    <div class = \"td-slide-item td-item22\">\r\n                        <figure class=\"td-slide-galery-figure td-slide-popup-gallery\">\r\n                            <a class=\"slide-gallery-image-link\" href=\"\/wp-content\/uploads\/sites\/5\/2018\/12\/Dia-Internacional-de-las-personas-con-discapacidad-igss-2018-27.jpg\" title=\"Dia Internacional de las personas con discapacidad igss 2018-27\"  data-caption=\"\"  data-description=\"\">\r\n                                <img decoding=\"async\" src=\"\/wp-content\/uploads\/sites\/5\/2018\/12\/Dia-Internacional-de-las-personas-con-discapacidad-igss-2018-27-630x420.jpg\" srcset=\"\/wp-content\/uploads\/sites\/5\/2018\/12\/Dia-Internacional-de-las-personas-con-discapacidad-igss-2018-27-630x420.jpg 630w, \/wp-content\/uploads\/sites\/5\/2018\/12\/Dia-Internacional-de-las-personas-con-discapacidad-igss-2018-27-1536x1024.jpg 1536w, \/wp-content\/uploads\/sites\/5\/2018\/12\/Dia-Internacional-de-las-personas-con-discapacidad-igss-2018-27-300x200.jpg 300w, \/wp-content\/uploads\/sites\/5\/2018\/12\/Dia-Internacional-de-las-personas-con-discapacidad-igss-2018-27-768x512.jpg 768w, \/wp-content\/uploads\/sites\/5\/2018\/12\/Dia-Internacional-de-las-personas-con-discapacidad-igss-2018-27-1024x682.jpg 1024w, \/wp-content\/uploads\/sites\/5\/2018\/12\/Dia-Internacional-de-las-personas-con-discapacidad-igss-2018-27-696x464.jpg 696w, \/wp-content\/uploads\/sites\/5\/2018\/12\/Dia-Internacional-de-las-personas-con-discapacidad-igss-2018-27-1068x712.jpg 1068w, \/wp-content\/uploads\/sites\/5\/2018\/12\/Dia-Internacional-de-las-personas-con-discapacidad-igss-2018-27-534x356.jpg 534w, \/wp-content\/uploads\/sites\/5\/2018\/12\/Dia-Internacional-de-las-personas-con-discapacidad-igss-2018-27-1920x1280.jpg 1920w, \/wp-content\/uploads\/sites\/5\/2018\/12\/Dia-Internacional-de-las-personas-con-discapacidad-igss-2018-27.jpg 2000w\" sizes=\"(max-width: 630px) 100vw, 630px\" alt=\"\">\r\n                            <\/a>\r\n                            \r\n                        <\/figure>\r\n                    <\/div>\r\n                    <div class = \"td-slide-item td-item23\">\r\n                        <figure class=\"td-slide-galery-figure td-slide-popup-gallery\">\r\n                            <a class=\"slide-gallery-image-link\" href=\"\/wp-content\/uploads\/sites\/5\/2018\/12\/Dia-Internacional-de-las-personas-con-discapacidad-igss-2018-28.jpg\" title=\"Dia Internacional de las personas con discapacidad igss 2018-28\"  data-caption=\"\"  data-description=\"\">\r\n                                <img decoding=\"async\" src=\"\/wp-content\/uploads\/sites\/5\/2018\/12\/Dia-Internacional-de-las-personas-con-discapacidad-igss-2018-28-630x420.jpg\" srcset=\"\/wp-content\/uploads\/sites\/5\/2018\/12\/Dia-Internacional-de-las-personas-con-discapacidad-igss-2018-28-630x420.jpg 630w, \/wp-content\/uploads\/sites\/5\/2018\/12\/Dia-Internacional-de-las-personas-con-discapacidad-igss-2018-28-1536x1024.jpg 1536w, \/wp-content\/uploads\/sites\/5\/2018\/12\/Dia-Internacional-de-las-personas-con-discapacidad-igss-2018-28-300x200.jpg 300w, \/wp-content\/uploads\/sites\/5\/2018\/12\/Dia-Internacional-de-las-personas-con-discapacidad-igss-2018-28-768x512.jpg 768w, \/wp-content\/uploads\/sites\/5\/2018\/12\/Dia-Internacional-de-las-personas-con-discapacidad-igss-2018-28-1024x682.jpg 1024w, \/wp-content\/uploads\/sites\/5\/2018\/12\/Dia-Internacional-de-las-personas-con-discapacidad-igss-2018-28-696x464.jpg 696w, \/wp-content\/uploads\/sites\/5\/2018\/12\/Dia-Internacional-de-las-personas-con-discapacidad-igss-2018-28-1068x712.jpg 1068w, \/wp-content\/uploads\/sites\/5\/2018\/12\/Dia-Internacional-de-las-personas-con-discapacidad-igss-2018-28-534x356.jpg 534w, \/wp-content\/uploads\/sites\/5\/2018\/12\/Dia-Internacional-de-las-personas-con-discapacidad-igss-2018-28-1920x1280.jpg 1920w, \/wp-content\/uploads\/sites\/5\/2018\/12\/Dia-Internacional-de-las-personas-con-discapacidad-igss-2018-28.jpg 2000w\" sizes=\"(max-width: 630px) 100vw, 630px\" alt=\"\">\r\n                            <\/a>\r\n                            \r\n                        <\/figure>\r\n                    <\/div>\r\n                    <div class = \"td-slide-item td-item24\">\r\n                        <figure class=\"td-slide-galery-figure td-slide-popup-gallery\">\r\n                            <a class=\"slide-gallery-image-link\" href=\"\/wp-content\/uploads\/sites\/5\/2018\/12\/Dia-Internacional-de-las-personas-con-discapacidad-igss-2018-29.jpg\" title=\"Dia Internacional de las personas con discapacidad igss 2018-29\"  data-caption=\"\"  data-description=\"\">\r\n                                <img decoding=\"async\" src=\"\/wp-content\/uploads\/sites\/5\/2018\/12\/Dia-Internacional-de-las-personas-con-discapacidad-igss-2018-29-630x420.jpg\" srcset=\"\/wp-content\/uploads\/sites\/5\/2018\/12\/Dia-Internacional-de-las-personas-con-discapacidad-igss-2018-29-630x420.jpg 630w, \/wp-content\/uploads\/sites\/5\/2018\/12\/Dia-Internacional-de-las-personas-con-discapacidad-igss-2018-29-1536x1024.jpg 1536w, \/wp-content\/uploads\/sites\/5\/2018\/12\/Dia-Internacional-de-las-personas-con-discapacidad-igss-2018-29-300x200.jpg 300w, \/wp-content\/uploads\/sites\/5\/2018\/12\/Dia-Internacional-de-las-personas-con-discapacidad-igss-2018-29-768x512.jpg 768w, \/wp-content\/uploads\/sites\/5\/2018\/12\/Dia-Internacional-de-las-personas-con-discapacidad-igss-2018-29-1024x682.jpg 1024w, \/wp-content\/uploads\/sites\/5\/2018\/12\/Dia-Internacional-de-las-personas-con-discapacidad-igss-2018-29-696x464.jpg 696w, \/wp-content\/uploads\/sites\/5\/2018\/12\/Dia-Internacional-de-las-personas-con-discapacidad-igss-2018-29-1068x712.jpg 1068w, \/wp-content\/uploads\/sites\/5\/2018\/12\/Dia-Internacional-de-las-personas-con-discapacidad-igss-2018-29-534x356.jpg 534w, \/wp-content\/uploads\/sites\/5\/2018\/12\/Dia-Internacional-de-las-personas-con-discapacidad-igss-2018-29-1920x1280.jpg 1920w, \/wp-content\/uploads\/sites\/5\/2018\/12\/Dia-Internacional-de-las-personas-con-discapacidad-igss-2018-29.jpg 2000w\" sizes=\"(max-width: 630px) 100vw, 630px\" alt=\"\">\r\n                            <\/a>\r\n                            \r\n                        <\/figure>\r\n                    <\/div>\r\n                    <div class = \"td-slide-item td-item25\">\r\n                        <figure class=\"td-slide-galery-figure td-slide-popup-gallery\">\r\n                            <a class=\"slide-gallery-image-link\" href=\"\/wp-content\/uploads\/sites\/5\/2018\/12\/Dia-Internacional-de-las-personas-con-discapacidad-igss-2018-31.jpg\" title=\"Dia Internacional de las personas con discapacidad igss 2018-31\"  data-caption=\"\"  data-description=\"\">\r\n                                <img decoding=\"async\" src=\"\/wp-content\/uploads\/sites\/5\/2018\/12\/Dia-Internacional-de-las-personas-con-discapacidad-igss-2018-31-630x420.jpg\" srcset=\"\/wp-content\/uploads\/sites\/5\/2018\/12\/Dia-Internacional-de-las-personas-con-discapacidad-igss-2018-31-630x420.jpg 630w, \/wp-content\/uploads\/sites\/5\/2018\/12\/Dia-Internacional-de-las-personas-con-discapacidad-igss-2018-31-1536x1024.jpg 1536w, \/wp-content\/uploads\/sites\/5\/2018\/12\/Dia-Internacional-de-las-personas-con-discapacidad-igss-2018-31-300x200.jpg 300w, \/wp-content\/uploads\/sites\/5\/2018\/12\/Dia-Internacional-de-las-personas-con-discapacidad-igss-2018-31-768x512.jpg 768w, \/wp-content\/uploads\/sites\/5\/2018\/12\/Dia-Internacional-de-las-personas-con-discapacidad-igss-2018-31-1024x682.jpg 1024w, \/wp-content\/uploads\/sites\/5\/2018\/12\/Dia-Internacional-de-las-personas-con-discapacidad-igss-2018-31-696x464.jpg 696w, \/wp-content\/uploads\/sites\/5\/2018\/12\/Dia-Internacional-de-las-personas-con-discapacidad-igss-2018-31-1068x712.jpg 1068w, \/wp-content\/uploads\/sites\/5\/2018\/12\/Dia-Internacional-de-las-personas-con-discapacidad-igss-2018-31-534x356.jpg 534w, \/wp-content\/uploads\/sites\/5\/2018\/12\/Dia-Internacional-de-las-personas-con-discapacidad-igss-2018-31-1920x1280.jpg 1920w, \/wp-content\/uploads\/sites\/5\/2018\/12\/Dia-Internacional-de-las-personas-con-discapacidad-igss-2018-31.jpg 2000w\" sizes=\"(max-width: 630px) 100vw, 630px\" alt=\"\">\r\n                            <\/a>\r\n                            \r\n                        <\/figure>\r\n                    <\/div>\r\n                    <div class = \"td-slide-item td-item26\">\r\n                        <figure class=\"td-slide-galery-figure td-slide-popup-gallery\">\r\n                            <a class=\"slide-gallery-image-link\" href=\"\/wp-content\/uploads\/sites\/5\/2018\/12\/Dia-Internacional-de-las-personas-con-discapacidad-igss-2018-32.jpg\" title=\"Dia Internacional de las personas con discapacidad igss 2018-32\"  data-caption=\"\"  data-description=\"\">\r\n                                <img decoding=\"async\" src=\"\/wp-content\/uploads\/sites\/5\/2018\/12\/Dia-Internacional-de-las-personas-con-discapacidad-igss-2018-32-630x420.jpg\" srcset=\"\/wp-content\/uploads\/sites\/5\/2018\/12\/Dia-Internacional-de-las-personas-con-discapacidad-igss-2018-32-630x420.jpg 630w, \/wp-content\/uploads\/sites\/5\/2018\/12\/Dia-Internacional-de-las-personas-con-discapacidad-igss-2018-32-1536x1024.jpg 1536w, \/wp-content\/uploads\/sites\/5\/2018\/12\/Dia-Internacional-de-las-personas-con-discapacidad-igss-2018-32-300x200.jpg 300w, \/wp-content\/uploads\/sites\/5\/2018\/12\/Dia-Internacional-de-las-personas-con-discapacidad-igss-2018-32-768x512.jpg 768w, \/wp-content\/uploads\/sites\/5\/2018\/12\/Dia-Internacional-de-las-personas-con-discapacidad-igss-2018-32-1024x682.jpg 1024w, \/wp-content\/uploads\/sites\/5\/2018\/12\/Dia-Internacional-de-las-personas-con-discapacidad-igss-2018-32-696x464.jpg 696w, \/wp-content\/uploads\/sites\/5\/2018\/12\/Dia-Internacional-de-las-personas-con-discapacidad-igss-2018-32-1068x712.jpg 1068w, \/wp-content\/uploads\/sites\/5\/2018\/12\/Dia-Internacional-de-las-personas-con-discapacidad-igss-2018-32-534x356.jpg 534w, \/wp-content\/uploads\/sites\/5\/2018\/12\/Dia-Internacional-de-las-personas-con-discapacidad-igss-2018-32-1920x1280.jpg 1920w, \/wp-content\/uploads\/sites\/5\/2018\/12\/Dia-Internacional-de-las-personas-con-discapacidad-igss-2018-32.jpg 2000w\" sizes=\"(max-width: 630px) 100vw, 630px\" alt=\"\">\r\n                            <\/a>\r\n                            \r\n                        <\/figure>\r\n                    <\/div>\r\n                            <\/div>\r\n                        <\/div>\r\n\r\n                        <div class = \"td-doubleSlider-2\">\r\n                            <div class = \"td-slider\">\r\n                                \r\n                    <div class = \"td-button td-item1\">\r\n                        <div class = \"td-border\"><\/div>\r\n                    <\/div>\r\n                    <div class = \"td-button td-item2\">\r\n                        <div class = \"td-border\"><\/div>\r\n                    <\/div>\r\n                    <div class = \"td-button td-item3\">\r\n                        <div class = \"td-border\"><\/div>\r\n                    <\/div>\r\n                    <div class = \"td-button td-item4\">\r\n                        <div class = \"td-border\"><\/div>\r\n                    <\/div>\r\n                    <div class = \"td-button td-item5\">\r\n                        <div class = \"td-border\"><\/div>\r\n                    <\/div>\r\n                    <div class = \"td-button td-item6\">\r\n                        <div class = \"td-border\"><\/div>\r\n                    <\/div>\r\n                    <div class = \"td-button td-item7\">\r\n                        <div class = \"td-border\"><\/div>\r\n                    <\/div>\r\n                    <div class = \"td-button td-item8\">\r\n                        <div class = \"td-border\"><\/div>\r\n                    <\/div>\r\n                    <div class = \"td-button td-item9\">\r\n                        <div class = \"td-border\"><\/div>\r\n                    <\/div>\r\n                    <div class = \"td-button td-item10\">\r\n                        <div class = \"td-border\"><\/div>\r\n                    <\/div>\r\n                    <div class = \"td-button td-item11\">\r\n                        <div class = \"td-border\"><\/div>\r\n                    <\/div>\r\n                    <div class = \"td-button td-item12\">\r\n                        <div class = \"td-border\"><\/div>\r\n                    <\/div>\r\n                    <div class = \"td-button td-item13\">\r\n                        <div class = \"td-border\"><\/div>\r\n                    <\/div>\r\n                    <div class = \"td-button td-item14\">\r\n                        <div class = \"td-border\"><\/div>\r\n                    <\/div>\r\n                    <div class = \"td-button td-item15\">\r\n                        <div class = \"td-border\"><\/div>\r\n                    <\/div>\r\n                    <div class = \"td-button td-item16\">\r\n                        <div class = \"td-border\"><\/div>\r\n                    <\/div>\r\n                    <div class = \"td-button td-item17\">\r\n                        <div class = \"td-border\"><\/div>\r\n                    <\/div>\r\n                    <div class = \"td-button td-item18\">\r\n                        <div class = \"td-border\"><\/div>\r\n                    <\/div>\r\n                    <div class = \"td-button td-item19\">\r\n                        <div class = \"td-border\"><\/div>\r\n                    <\/div>\r\n                    <div class = \"td-button td-item20\">\r\n                        <div class = \"td-border\"><\/div>\r\n                    <\/div>\r\n                    <div class = \"td-button td-item21\">\r\n                        <div class = \"td-border\"><\/div>\r\n                    <\/div>\r\n                    <div class = \"td-button td-item22\">\r\n                        <div class = \"td-border\"><\/div>\r\n                    <\/div>\r\n                    <div class = \"td-button td-item23\">\r\n                        <div class = \"td-border\"><\/div>\r\n                    <\/div>\r\n                    <div class = \"td-button td-item24\">\r\n                        <div class = \"td-border\"><\/div>\r\n                    <\/div>\r\n                    <div class = \"td-button td-item25\">\r\n                        <div class = \"td-border\"><\/div>\r\n                    <\/div>\r\n                    <div class = \"td-button td-item26\">\r\n                        <div class = \"td-border\"><\/div>\r\n                    <\/div>\r\n                            <\/div>\r\n                        <\/div>\r\n\r\n                    <\/div>\r\n\r\n                <\/div>\r\n                \n<hr \/>\n<p>&nbsp;<\/p>\n","protected":false},"excerpt":{"rendered":"<p>Se trabaja por su incorporaci\u00f3n social y laboral\u00a0\u00a0\u00a0\u00a0\u00a0\u00a0\u00a0\u00a0\u00a0 Autoridades del Hospital de Rehabilitaci\u00f3n del IGSS conmemoraron hoy el D\u00eda Internacional de las Personas con Discapacidad, el cual se celebra cada 3 de diciembre. \u201cAqu\u00ed contamos con varios programas de atenci\u00f3n integral, somos una unidad altamente especializada con tecnolog\u00eda de punta\u201d, indic\u00f3 la doctora Karina Rodr\u00edguez, [&hellip;]<\/p>\n","protected":false},"author":4,"featured_media":7942,"comment_status":"open","ping_status":"open","sticky":false,"template":"","format":"standard","meta":{"footnotes":""},"categories":[3,29,36],"tags":[311,478,490],"coauthors":[],"class_list":{"0":"post-7936","1":"post","2":"type-post","3":"status-publish","4":"format-standard","5":"has-post-thumbnail","7":"category-actualidad","8":"category-publicaciones","9":"category-unidades-medicas","10":"tag-dr-karina-rodriguez","11":"tag-hospital-de-rehabilitacion","12":"tag-igss"},"_links":{"self":[{"href":"https:\/\/www.igssgt.org\/noticias\/wp-json\/wp\/v2\/posts\/7936","targetHints":{"allow":["GET"]}}],"collection":[{"href":"https:\/\/www.igssgt.org\/noticias\/wp-json\/wp\/v2\/posts"}],"about":[{"href":"https:\/\/www.igssgt.org\/noticias\/wp-json\/wp\/v2\/types\/post"}],"author":[{"embeddable":true,"href":"https:\/\/www.igssgt.org\/noticias\/wp-json\/wp\/v2\/users\/4"}],"replies":[{"embeddable":true,"href":"https:\/\/www.igssgt.org\/noticias\/wp-json\/wp\/v2\/comments?post=7936"}],"version-history":[{"count":0,"href":"https:\/\/www.igssgt.org\/noticias\/wp-json\/wp\/v2\/posts\/7936\/revisions"}],"wp:featuredmedia":[{"embeddable":true,"href":"https:\/\/www.igssgt.org\/noticias\/wp-json\/wp\/v2\/media\/7942"}],"wp:attachment":[{"href":"https:\/\/www.igssgt.org\/noticias\/wp-json\/wp\/v2\/media?parent=7936"}],"wp:term":[{"taxonomy":"category","embeddable":true,"href":"https:\/\/www.igssgt.org\/noticias\/wp-json\/wp\/v2\/categories?post=7936"},{"taxonomy":"post_tag","embeddable":true,"href":"https:\/\/www.igssgt.org\/noticias\/wp-json\/wp\/v2\/tags?post=7936"},{"taxonomy":"author","embeddable":true,"href":"https:\/\/www.igssgt.org\/noticias\/wp-json\/wp\/v2\/coauthors?post=7936"}],"curies":[{"name":"wp","href":"https:\/\/api.w.org\/{rel}","templated":true}]}}