{"id":7972,"date":"2018-12-06T15:00:59","date_gmt":"2018-12-06T21:00:59","guid":{"rendered":"http:\/\/noticias.igssgt.org\/?p=7972"},"modified":"2018-12-06T15:00:59","modified_gmt":"2018-12-06T21:00:59","slug":"presentan-definicion-estadistica-del-sector-y-el-empleo-informal-en-guatemala","status":"publish","type":"post","link":"https:\/\/www.igssgt.org\/noticias\/2018\/12\/06\/presentan-definicion-estadistica-del-sector-y-el-empleo-informal-en-guatemala\/","title":{"rendered":"Presentan \u00abDefinici\u00f3n Estad\u00edstica del Sector y el Empleo Informal en Guatemala\u00bb"},"content":{"rendered":"<p><a href=\"\/noticias\/wp-content\/uploads\/sites\/5\/2018\/12\/definicion-estadistica-sector-informal-guatemala-igss-2018-20.jpg\"><img loading=\"lazy\" decoding=\"async\" class=\"alignnone size-full wp-image-7974\" src=\"\/noticias\/wp-content\/uploads\/sites\/5\/2018\/12\/definicion-estadistica-sector-informal-guatemala-igss-2018-20.jpg\" alt=\"\" width=\"977\" height=\"650\" srcset=\"\/wp-content\/uploads\/sites\/5\/2018\/12\/definicion-estadistica-sector-informal-guatemala-igss-2018-20.jpg 977w, \/wp-content\/uploads\/sites\/5\/2018\/12\/definicion-estadistica-sector-informal-guatemala-igss-2018-20-300x200.jpg 300w, \/wp-content\/uploads\/sites\/5\/2018\/12\/definicion-estadistica-sector-informal-guatemala-igss-2018-20-768x511.jpg 768w, \/wp-content\/uploads\/sites\/5\/2018\/12\/definicion-estadistica-sector-informal-guatemala-igss-2018-20-631x420.jpg 631w, \/wp-content\/uploads\/sites\/5\/2018\/12\/definicion-estadistica-sector-informal-guatemala-igss-2018-20-696x463.jpg 696w, \/wp-content\/uploads\/sites\/5\/2018\/12\/definicion-estadistica-sector-informal-guatemala-igss-2018-20-534x355.jpg 534w\" sizes=\"auto, (max-width: 977px) 100vw, 977px\" \/><\/a><\/p>\n<p>Representantes de distintas instituciones entre las que se encuentra el Instituto Guatemalteco de Seguridad Social (IGSS) participaron en la presentaci\u00f3n de la \u201cDefinici\u00f3n Estad\u00edstica del Sector y el Empleo Informal en Guatemala\u201d la cual fue coordinada por el Ministerio de Trabajo y Previsi\u00f3n Social.<\/p>\n<p>Este documento es una acci\u00f3n contemplada en la Pol\u00edtica nacional de Empleo Digno 2017-2032, crecimiento econ\u00f3mico, sostenido, inclusivo y sostenible. Es el resultado de la coordinaci\u00f3n entre las instituciones que integran la Subcomisi\u00f3n de Tr\u00e1nsito a Formalidad, identificadas desde la cartera laboral de acuerdo a su rol dentro de la econom\u00eda nacional de la cual el Instituto forma parte.<\/p>\n<p>Durante la actividad el licenciado Edgar Balsells, presidente en funciones del IGSS, le entreg\u00f3 al ministro de trabajo Gabriel Aguilera una copia del Plan Estrat\u00e9gico Institucional (PEI) del Instituto el cual se abre a los objetivos de desarrollo sostenible pues para la Instituci\u00f3n es fundamental la ampliaci\u00f3n de protecci\u00f3n social para todos.<\/p>\n<p>Los par\u00e1metros definidos en este documento se incorporar\u00e1n progresivamente en las encuestas nacionales de empleo e ingresos de 2019, para establecer una nueva l\u00ednea base de la tasa de informalidad que adem\u00e1s de estimar el tama\u00f1o y realidad del sector informal tambi\u00e9n permita medir el empleo en la econom\u00eda informal.<\/p>\n\r\n                <style type=\"text\/css\">\r\n                    \r\n                    #tdi_1  .td-doubleSlider-2 .td-item1 {\r\n                        background: url(\/wp-content\/uploads\/sites\/5\/2018\/12\/definicion-estadistica-sector-informal-guatemala-igss-2018-20-80x60.jpg) 0 0 no-repeat;\r\n                    }\r\n                    #tdi_1  .td-doubleSlider-2 .td-item2 {\r\n                        background: url(\/wp-content\/uploads\/sites\/5\/2018\/12\/definicion-estadistica-sector-informal-guatemala-igss-2018-18-80x60.jpg) 0 0 no-repeat;\r\n                    }\r\n                    #tdi_1  .td-doubleSlider-2 .td-item3 {\r\n                        background: url(\/wp-content\/uploads\/sites\/5\/2018\/12\/definicion-estadistica-sector-informal-guatemala-igss-2018-16-80x60.jpg) 0 0 no-repeat;\r\n                    }\r\n                    #tdi_1  .td-doubleSlider-2 .td-item4 {\r\n                        background: url(\/wp-content\/uploads\/sites\/5\/2018\/12\/definicion-estadistica-sector-informal-guatemala-igss-2018-17-80x60.jpg) 0 0 no-repeat;\r\n                    }\r\n                    #tdi_1  .td-doubleSlider-2 .td-item5 {\r\n                        background: url(\/wp-content\/uploads\/sites\/5\/2018\/12\/definicion-estadistica-sector-informal-guatemala-igss-2018-19-80x60.jpg) 0 0 no-repeat;\r\n                    }\r\n                <\/style>\r\n\r\n                <div id=\"tdi_1\" class=\"td-gallery td-slide-on-2-columns\">\r\n                    <div class=\"post_td_gallery\">\r\n                        <div class=\"td-gallery-slide-top\">\r\n                           <div class=\"td-gallery-title\">Galer\u00eda de Im\u00e1genes<\/div>\r\n\r\n                            <div class=\"td-gallery-controls-wrapper\">\r\n                                <div class=\"td-gallery-slide-count\"><span class=\"td-gallery-slide-item-focus\">1<\/span> de 5<\/div>\r\n                                <div class=\"td-gallery-slide-prev-next-but\">\r\n                                    <i class = \"td-icon-left doubleSliderPrevButton\"><\/i>\r\n                                    <i class = \"td-icon-right doubleSliderNextButton\"><\/i>\r\n                                <\/div>\r\n                            <\/div>\r\n                        <\/div>\r\n\r\n                        <div class = \"td-doubleSlider-1 \">\r\n                            <div class = \"td-slider\">\r\n                                \r\n                    <div class = \"td-slide-item td-item1\">\r\n                        <figure class=\"td-slide-galery-figure td-slide-popup-gallery\">\r\n                            <a class=\"slide-gallery-image-link\" href=\"\/wp-content\/uploads\/sites\/5\/2018\/12\/definicion-estadistica-sector-informal-guatemala-igss-2018-20.jpg\" title=\"definicion estadistica sector informal guatemala igss 2018-20\"  data-caption=\"\"  data-description=\"\">\r\n                                <img decoding=\"async\" src=\"\/wp-content\/uploads\/sites\/5\/2018\/12\/definicion-estadistica-sector-informal-guatemala-igss-2018-20-631x420.jpg\" srcset=\"\/wp-content\/uploads\/sites\/5\/2018\/12\/definicion-estadistica-sector-informal-guatemala-igss-2018-20-631x420.jpg 631w, \/wp-content\/uploads\/sites\/5\/2018\/12\/definicion-estadistica-sector-informal-guatemala-igss-2018-20-300x200.jpg 300w, \/wp-content\/uploads\/sites\/5\/2018\/12\/definicion-estadistica-sector-informal-guatemala-igss-2018-20-768x511.jpg 768w, \/wp-content\/uploads\/sites\/5\/2018\/12\/definicion-estadistica-sector-informal-guatemala-igss-2018-20-696x463.jpg 696w, \/wp-content\/uploads\/sites\/5\/2018\/12\/definicion-estadistica-sector-informal-guatemala-igss-2018-20-534x355.jpg 534w, \/wp-content\/uploads\/sites\/5\/2018\/12\/definicion-estadistica-sector-informal-guatemala-igss-2018-20.jpg 977w\" sizes=\"(max-width: 631px) 100vw, 631px\" alt=\"\">\r\n                            <\/a>\r\n                            \r\n                        <\/figure>\r\n                    <\/div>\r\n                    <div class = \"td-slide-item td-item2\">\r\n                        <figure class=\"td-slide-galery-figure td-slide-popup-gallery\">\r\n                            <a class=\"slide-gallery-image-link\" href=\"\/wp-content\/uploads\/sites\/5\/2018\/12\/definicion-estadistica-sector-informal-guatemala-igss-2018-18.jpg\" title=\"definicion estadistica sector informal guatemala igss 2018-18\"  data-caption=\"\"  data-description=\"\">\r\n                                <img decoding=\"async\" src=\"\/wp-content\/uploads\/sites\/5\/2018\/12\/definicion-estadistica-sector-informal-guatemala-igss-2018-18-630x420.jpg\" srcset=\"\/wp-content\/uploads\/sites\/5\/2018\/12\/definicion-estadistica-sector-informal-guatemala-igss-2018-18-630x420.jpg 630w, \/wp-content\/uploads\/sites\/5\/2018\/12\/definicion-estadistica-sector-informal-guatemala-igss-2018-18-300x200.jpg 300w, \/wp-content\/uploads\/sites\/5\/2018\/12\/definicion-estadistica-sector-informal-guatemala-igss-2018-18-768x512.jpg 768w, \/wp-content\/uploads\/sites\/5\/2018\/12\/definicion-estadistica-sector-informal-guatemala-igss-2018-18.jpg 1024w, \/wp-content\/uploads\/sites\/5\/2018\/12\/definicion-estadistica-sector-informal-guatemala-igss-2018-18-696x464.jpg 696w, \/wp-content\/uploads\/sites\/5\/2018\/12\/definicion-estadistica-sector-informal-guatemala-igss-2018-18-534x356.jpg 534w\" sizes=\"(max-width: 630px) 100vw, 630px\" alt=\"\">\r\n                            <\/a>\r\n                            \r\n                        <\/figure>\r\n                    <\/div>\r\n                    <div class = \"td-slide-item td-item3\">\r\n                        <figure class=\"td-slide-galery-figure td-slide-popup-gallery\">\r\n                            <a class=\"slide-gallery-image-link\" href=\"\/wp-content\/uploads\/sites\/5\/2018\/12\/definicion-estadistica-sector-informal-guatemala-igss-2018-16.jpg\" title=\"definicion estadistica sector informal guatemala igss 2018-16\"  data-caption=\"\"  data-description=\"\">\r\n                                <img decoding=\"async\" src=\"\/wp-content\/uploads\/sites\/5\/2018\/12\/definicion-estadistica-sector-informal-guatemala-igss-2018-16-630x420.jpg\" srcset=\"\/wp-content\/uploads\/sites\/5\/2018\/12\/definicion-estadistica-sector-informal-guatemala-igss-2018-16-630x420.jpg 630w, \/wp-content\/uploads\/sites\/5\/2018\/12\/definicion-estadistica-sector-informal-guatemala-igss-2018-16-300x200.jpg 300w, \/wp-content\/uploads\/sites\/5\/2018\/12\/definicion-estadistica-sector-informal-guatemala-igss-2018-16-768x512.jpg 768w, \/wp-content\/uploads\/sites\/5\/2018\/12\/definicion-estadistica-sector-informal-guatemala-igss-2018-16.jpg 1024w, \/wp-content\/uploads\/sites\/5\/2018\/12\/definicion-estadistica-sector-informal-guatemala-igss-2018-16-696x464.jpg 696w, \/wp-content\/uploads\/sites\/5\/2018\/12\/definicion-estadistica-sector-informal-guatemala-igss-2018-16-534x356.jpg 534w\" sizes=\"(max-width: 630px) 100vw, 630px\" alt=\"\">\r\n                            <\/a>\r\n                            \r\n                        <\/figure>\r\n                    <\/div>\r\n                    <div class = \"td-slide-item td-item4\">\r\n                        <figure class=\"td-slide-galery-figure td-slide-popup-gallery\">\r\n                            <a class=\"slide-gallery-image-link\" href=\"\/wp-content\/uploads\/sites\/5\/2018\/12\/definicion-estadistica-sector-informal-guatemala-igss-2018-17.jpg\" title=\"definicion estadistica sector informal guatemala igss 2018-17\"  data-caption=\"\"  data-description=\"\">\r\n                                <img decoding=\"async\" src=\"\/wp-content\/uploads\/sites\/5\/2018\/12\/definicion-estadistica-sector-informal-guatemala-igss-2018-17-630x420.jpg\" srcset=\"\/wp-content\/uploads\/sites\/5\/2018\/12\/definicion-estadistica-sector-informal-guatemala-igss-2018-17-630x420.jpg 630w, \/wp-content\/uploads\/sites\/5\/2018\/12\/definicion-estadistica-sector-informal-guatemala-igss-2018-17-300x200.jpg 300w, \/wp-content\/uploads\/sites\/5\/2018\/12\/definicion-estadistica-sector-informal-guatemala-igss-2018-17-768x512.jpg 768w, \/wp-content\/uploads\/sites\/5\/2018\/12\/definicion-estadistica-sector-informal-guatemala-igss-2018-17.jpg 1024w, \/wp-content\/uploads\/sites\/5\/2018\/12\/definicion-estadistica-sector-informal-guatemala-igss-2018-17-696x464.jpg 696w, \/wp-content\/uploads\/sites\/5\/2018\/12\/definicion-estadistica-sector-informal-guatemala-igss-2018-17-534x356.jpg 534w\" sizes=\"(max-width: 630px) 100vw, 630px\" alt=\"\">\r\n                            <\/a>\r\n                            \r\n                        <\/figure>\r\n                    <\/div>\r\n                    <div class = \"td-slide-item td-item5\">\r\n                        <figure class=\"td-slide-galery-figure td-slide-popup-gallery\">\r\n                            <a class=\"slide-gallery-image-link\" href=\"\/wp-content\/uploads\/sites\/5\/2018\/12\/definicion-estadistica-sector-informal-guatemala-igss-2018-19.jpg\" title=\"definicion estadistica sector informal guatemala igss 2018-19\"  data-caption=\"\"  data-description=\"\">\r\n                                <img decoding=\"async\" src=\"\/wp-content\/uploads\/sites\/5\/2018\/12\/definicion-estadistica-sector-informal-guatemala-igss-2018-19-630x420.jpg\" srcset=\"\/wp-content\/uploads\/sites\/5\/2018\/12\/definicion-estadistica-sector-informal-guatemala-igss-2018-19-630x420.jpg 630w, \/wp-content\/uploads\/sites\/5\/2018\/12\/definicion-estadistica-sector-informal-guatemala-igss-2018-19-300x200.jpg 300w, \/wp-content\/uploads\/sites\/5\/2018\/12\/definicion-estadistica-sector-informal-guatemala-igss-2018-19-768x512.jpg 768w, \/wp-content\/uploads\/sites\/5\/2018\/12\/definicion-estadistica-sector-informal-guatemala-igss-2018-19.jpg 1024w, \/wp-content\/uploads\/sites\/5\/2018\/12\/definicion-estadistica-sector-informal-guatemala-igss-2018-19-696x464.jpg 696w, \/wp-content\/uploads\/sites\/5\/2018\/12\/definicion-estadistica-sector-informal-guatemala-igss-2018-19-534x356.jpg 534w\" sizes=\"(max-width: 630px) 100vw, 630px\" alt=\"\">\r\n                            <\/a>\r\n                            \r\n                        <\/figure>\r\n                    <\/div>\r\n                            <\/div>\r\n                        <\/div>\r\n\r\n                        <div class = \"td-doubleSlider-2\">\r\n                            <div class = \"td-slider\">\r\n                                \r\n                    <div class = \"td-button td-item1\">\r\n                        <div class = \"td-border\"><\/div>\r\n                    <\/div>\r\n                    <div class = \"td-button td-item2\">\r\n                        <div class = \"td-border\"><\/div>\r\n                    <\/div>\r\n                    <div class = \"td-button td-item3\">\r\n                        <div class = \"td-border\"><\/div>\r\n                    <\/div>\r\n                    <div class = \"td-button td-item4\">\r\n                        <div class = \"td-border\"><\/div>\r\n                    <\/div>\r\n                    <div class = \"td-button td-item5\">\r\n                        <div class = \"td-border\"><\/div>\r\n                    <\/div>\r\n                            <\/div>\r\n                        <\/div>\r\n\r\n                    <\/div>\r\n\r\n                <\/div>\r\n                \n<hr \/>\n<p>00<\/p>\n","protected":false},"excerpt":{"rendered":"<p>Representantes de distintas instituciones entre las que se encuentra el Instituto Guatemalteco de Seguridad Social (IGSS) participaron en la presentaci\u00f3n de la \u201cDefinici\u00f3n Estad\u00edstica del Sector y el Empleo Informal en Guatemala\u201d la cual fue coordinada por el Ministerio de Trabajo y Previsi\u00f3n Social. Este documento es una acci\u00f3n contemplada en la Pol\u00edtica nacional de [&hellip;]<\/p>\n","protected":false},"author":4,"featured_media":7973,"comment_status":"open","ping_status":"open","sticky":false,"template":"","format":"standard","meta":{"footnotes":""},"categories":[3,29],"tags":[490,567,645],"coauthors":[],"class_list":{"0":"post-7972","1":"post","2":"type-post","3":"status-publish","4":"format-standard","5":"has-post-thumbnail","7":"category-actualidad","8":"category-publicaciones","9":"tag-igss","10":"tag-lic-edgar-balsells","11":"tag-mintrab"},"_links":{"self":[{"href":"https:\/\/www.igssgt.org\/noticias\/wp-json\/wp\/v2\/posts\/7972","targetHints":{"allow":["GET"]}}],"collection":[{"href":"https:\/\/www.igssgt.org\/noticias\/wp-json\/wp\/v2\/posts"}],"about":[{"href":"https:\/\/www.igssgt.org\/noticias\/wp-json\/wp\/v2\/types\/post"}],"author":[{"embeddable":true,"href":"https:\/\/www.igssgt.org\/noticias\/wp-json\/wp\/v2\/users\/4"}],"replies":[{"embeddable":true,"href":"https:\/\/www.igssgt.org\/noticias\/wp-json\/wp\/v2\/comments?post=7972"}],"version-history":[{"count":0,"href":"https:\/\/www.igssgt.org\/noticias\/wp-json\/wp\/v2\/posts\/7972\/revisions"}],"wp:featuredmedia":[{"embeddable":true,"href":"https:\/\/www.igssgt.org\/noticias\/wp-json\/wp\/v2\/media\/7973"}],"wp:attachment":[{"href":"https:\/\/www.igssgt.org\/noticias\/wp-json\/wp\/v2\/media?parent=7972"}],"wp:term":[{"taxonomy":"category","embeddable":true,"href":"https:\/\/www.igssgt.org\/noticias\/wp-json\/wp\/v2\/categories?post=7972"},{"taxonomy":"post_tag","embeddable":true,"href":"https:\/\/www.igssgt.org\/noticias\/wp-json\/wp\/v2\/tags?post=7972"},{"taxonomy":"author","embeddable":true,"href":"https:\/\/www.igssgt.org\/noticias\/wp-json\/wp\/v2\/coauthors?post=7972"}],"curies":[{"name":"wp","href":"https:\/\/api.w.org\/{rel}","templated":true}]}}