{"id":8134,"date":"2018-12-19T17:36:46","date_gmt":"2018-12-19T23:36:46","guid":{"rendered":"http:\/\/noticias.igssgt.org\/?p=8134"},"modified":"2018-12-19T17:36:46","modified_gmt":"2018-12-19T23:36:46","slug":"personal-del-igss-brinda-agasajo-a-pacientes-de-pediatria","status":"publish","type":"post","link":"https:\/\/www.igssgt.org\/noticias\/2018\/12\/19\/personal-del-igss-brinda-agasajo-a-pacientes-de-pediatria\/","title":{"rendered":"Personal del IGSS brinda agasajo a pacientes de pediatr\u00eda"},"content":{"rendered":"<p><a href=\"\/noticias\/wp-content\/uploads\/sites\/5\/2018\/12\/Celebracion-fiestas-navidenas-pediatrias-IGSS-14.jpg\"><img loading=\"lazy\" decoding=\"async\" class=\"alignnone size-full wp-image-8148\" src=\"\/noticias\/wp-content\/uploads\/sites\/5\/2018\/12\/Celebracion-fiestas-navidenas-pediatrias-IGSS-14.jpg\" alt=\"\" width=\"2000\" height=\"1333\" srcset=\"\/wp-content\/uploads\/sites\/5\/2018\/12\/Celebracion-fiestas-navidenas-pediatrias-IGSS-14.jpg 2000w, \/wp-content\/uploads\/sites\/5\/2018\/12\/Celebracion-fiestas-navidenas-pediatrias-IGSS-14-1536x1024.jpg 1536w, \/wp-content\/uploads\/sites\/5\/2018\/12\/Celebracion-fiestas-navidenas-pediatrias-IGSS-14-300x200.jpg 300w, \/wp-content\/uploads\/sites\/5\/2018\/12\/Celebracion-fiestas-navidenas-pediatrias-IGSS-14-768x512.jpg 768w, \/wp-content\/uploads\/sites\/5\/2018\/12\/Celebracion-fiestas-navidenas-pediatrias-IGSS-14-1024x682.jpg 1024w, \/wp-content\/uploads\/sites\/5\/2018\/12\/Celebracion-fiestas-navidenas-pediatrias-IGSS-14-630x420.jpg 630w, \/wp-content\/uploads\/sites\/5\/2018\/12\/Celebracion-fiestas-navidenas-pediatrias-IGSS-14-696x464.jpg 696w, \/wp-content\/uploads\/sites\/5\/2018\/12\/Celebracion-fiestas-navidenas-pediatrias-IGSS-14-1068x712.jpg 1068w, \/wp-content\/uploads\/sites\/5\/2018\/12\/Celebracion-fiestas-navidenas-pediatrias-IGSS-14-534x356.jpg 534w, \/wp-content\/uploads\/sites\/5\/2018\/12\/Celebracion-fiestas-navidenas-pediatrias-IGSS-14-1920x1280.jpg 1920w\" sizes=\"auto, (max-width: 2000px) 100vw, 2000px\" \/><\/a><\/p>\n<p>Personal m\u00e9dico, auxiliares de enfermer\u00eda, especialistas y otros colaboradores del Hospital General de Enfermedades y de la Unidad Perif\u00e9rica de la zona 5, del Instituto Guatemalteco de Seguridad Social (IGSS), celebraron una convivencia con pacientes del \u00e1rea de pediatr\u00eda, para compartir momentos de felicidad con ellos en estos d\u00edas previos a las fiestas de fin de a\u00f1o.<\/p>\n<p>En el hospital de la zona 9 participaron m\u00e1s de 40 pacientes que reciben atenci\u00f3n en las \u00e1reas de nefrolog\u00eda y oncolog\u00eda pedi\u00e1trica, con quienes los profesionales departieron, y adem\u00e1s se cont\u00f3 con un animador que realiz\u00f3 din\u00e1micas con los menores y sus padres o encargados.<\/p>\n<p>Mientras tanto en la zona 5 participaron m\u00e1s de 50 pacientes que asisten a los diferentes servicios de esta unidad, quienes pasaron gratos momentos con Santa Claus y personal del centro asistencial.<\/p>\n<p>En ambos lugares los ni\u00f1os quebraron pi\u00f1atas, participaron en juegos, recibieron un regalo y adem\u00e1s junto a sus padres o encargados degustaron una refacci\u00f3n.<\/p>\n\r\n                <style type=\"text\/css\">\r\n                    \r\n                    #tdi_1  .td-doubleSlider-2 .td-item1 {\r\n                        background: url(\/wp-content\/uploads\/sites\/5\/2018\/12\/Celebracion-fiestas-navidenas-pediatrias-IGSS-1-80x60.jpg) 0 0 no-repeat;\r\n                    }\r\n                    #tdi_1  .td-doubleSlider-2 .td-item2 {\r\n                        background: url(\/wp-content\/uploads\/sites\/5\/2018\/12\/Celebracion-fiestas-navidenas-pediatrias-IGSS-2-80x60.jpg) 0 0 no-repeat;\r\n                    }\r\n                    #tdi_1  .td-doubleSlider-2 .td-item3 {\r\n                        background: url(\/wp-content\/uploads\/sites\/5\/2018\/12\/Celebracion-fiestas-navidenas-pediatrias-IGSS-3-80x60.jpg) 0 0 no-repeat;\r\n                    }\r\n                    #tdi_1  .td-doubleSlider-2 .td-item4 {\r\n                        background: url(\/wp-content\/uploads\/sites\/5\/2018\/12\/Celebracion-fiestas-navidenas-pediatrias-IGSS-4-80x60.jpg) 0 0 no-repeat;\r\n                    }\r\n                    #tdi_1  .td-doubleSlider-2 .td-item5 {\r\n                        background: url(\/wp-content\/uploads\/sites\/5\/2018\/12\/Celebracion-fiestas-navidenas-pediatrias-IGSS-5-80x60.jpg) 0 0 no-repeat;\r\n                    }\r\n                    #tdi_1  .td-doubleSlider-2 .td-item6 {\r\n                        background: url(\/wp-content\/uploads\/sites\/5\/2018\/12\/Celebracion-fiestas-navidenas-pediatrias-IGSS-6-80x60.jpg) 0 0 no-repeat;\r\n                    }\r\n                    #tdi_1  .td-doubleSlider-2 .td-item7 {\r\n                        background: url(\/wp-content\/uploads\/sites\/5\/2018\/12\/Celebracion-fiestas-navidenas-pediatrias-IGSS-7-80x60.jpg) 0 0 no-repeat;\r\n                    }\r\n                    #tdi_1  .td-doubleSlider-2 .td-item8 {\r\n                        background: url(\/wp-content\/uploads\/sites\/5\/2018\/12\/Celebracion-fiestas-navidenas-pediatrias-IGSS-8-80x60.jpg) 0 0 no-repeat;\r\n                    }\r\n                    #tdi_1  .td-doubleSlider-2 .td-item9 {\r\n                        background: url(\/wp-content\/uploads\/sites\/5\/2018\/12\/Celebracion-fiestas-navidenas-pediatrias-IGSS-9-80x60.jpg) 0 0 no-repeat;\r\n                    }\r\n                    #tdi_1  .td-doubleSlider-2 .td-item10 {\r\n                        background: url(\/wp-content\/uploads\/sites\/5\/2018\/12\/Celebracion-fiestas-navidenas-pediatrias-IGSS-10-80x60.jpg) 0 0 no-repeat;\r\n                    }\r\n                    #tdi_1  .td-doubleSlider-2 .td-item11 {\r\n                        background: url(\/wp-content\/uploads\/sites\/5\/2018\/12\/Celebracion-fiestas-navidenas-pediatrias-IGSS-11-80x60.jpg) 0 0 no-repeat;\r\n                    }\r\n                    #tdi_1  .td-doubleSlider-2 .td-item12 {\r\n                        background: url(\/wp-content\/uploads\/sites\/5\/2018\/12\/Celebracion-fiestas-navidenas-pediatrias-IGSS-12-80x60.jpg) 0 0 no-repeat;\r\n                    }\r\n                    #tdi_1  .td-doubleSlider-2 .td-item13 {\r\n                        background: url(\/wp-content\/uploads\/sites\/5\/2018\/12\/Celebracion-fiestas-navidenas-pediatrias-IGSS-13-80x60.jpg) 0 0 no-repeat;\r\n                    }\r\n                    #tdi_1  .td-doubleSlider-2 .td-item14 {\r\n                        background: url(\/wp-content\/uploads\/sites\/5\/2018\/12\/Celebracion-fiestas-navidenas-pediatrias-IGSS-14-80x60.jpg) 0 0 no-repeat;\r\n                    }\r\n                    #tdi_1  .td-doubleSlider-2 .td-item15 {\r\n                        background: url(\/wp-content\/uploads\/sites\/5\/2018\/12\/Celebracion-fiestas-navidenas-pediatrias-IGSS-15-80x60.jpg) 0 0 no-repeat;\r\n                    }\r\n                    #tdi_1  .td-doubleSlider-2 .td-item16 {\r\n                        background: url(\/wp-content\/uploads\/sites\/5\/2018\/12\/Celebracion-fiestas-navidenas-pediatrias-IGSS-16-80x60.jpg) 0 0 no-repeat;\r\n                    }\r\n                    #tdi_1  .td-doubleSlider-2 .td-item17 {\r\n                        background: url(\/wp-content\/uploads\/sites\/5\/2018\/12\/Celebracion-fiestas-navidenas-pediatrias-IGSS-17-80x60.jpg) 0 0 no-repeat;\r\n                    }\r\n                    #tdi_1  .td-doubleSlider-2 .td-item18 {\r\n                        background: url(\/wp-content\/uploads\/sites\/5\/2018\/12\/Celebracion-fiestas-navidenas-pediatrias-IGSS-18-80x60.jpg) 0 0 no-repeat;\r\n                    }\r\n                    #tdi_1  .td-doubleSlider-2 .td-item19 {\r\n                        background: url(\/wp-content\/uploads\/sites\/5\/2018\/12\/Celebracion-fiestas-navidenas-pediatrias-IGSS-19-80x60.jpg) 0 0 no-repeat;\r\n                    }\r\n                    #tdi_1  .td-doubleSlider-2 .td-item20 {\r\n                        background: url(\/wp-content\/uploads\/sites\/5\/2018\/12\/Celebracion-fiestas-navidenas-pediatrias-IGSS-20-80x60.jpg) 0 0 no-repeat;\r\n                    }\r\n                    #tdi_1  .td-doubleSlider-2 .td-item21 {\r\n                        background: url(\/wp-content\/uploads\/sites\/5\/2018\/12\/Celebracion-fiestas-navidenas-pediatrias-IGSS-21-80x60.jpg) 0 0 no-repeat;\r\n                    }\r\n                    #tdi_1  .td-doubleSlider-2 .td-item22 {\r\n                        background: url(\/wp-content\/uploads\/sites\/5\/2018\/12\/Celebracion-fiestas-navidenas-pediatrias-IGSS-22-80x60.jpg) 0 0 no-repeat;\r\n                    }\r\n                    #tdi_1  .td-doubleSlider-2 .td-item23 {\r\n                        background: url(\/wp-content\/uploads\/sites\/5\/2018\/12\/Celebracion-fiestas-navidenas-pediatrias-IGSS-23-80x60.jpg) 0 0 no-repeat;\r\n                    }\r\n                    #tdi_1  .td-doubleSlider-2 .td-item24 {\r\n                        background: url(\/wp-content\/uploads\/sites\/5\/2018\/12\/Celebracion-fiestas-navidenas-pediatrias-IGSS-24-80x60.jpg) 0 0 no-repeat;\r\n                    }\r\n                    #tdi_1  .td-doubleSlider-2 .td-item25 {\r\n                        background: url(\/wp-content\/uploads\/sites\/5\/2018\/12\/Celebracion-fiestas-navidenas-pediatrias-IGSS-25-80x60.jpg) 0 0 no-repeat;\r\n                    }\r\n                    #tdi_1  .td-doubleSlider-2 .td-item26 {\r\n                        background: url(\/wp-content\/uploads\/sites\/5\/2018\/12\/Celebracion-fiestas-navidenas-pediatrias-IGSS-26-80x60.jpg) 0 0 no-repeat;\r\n                    }\r\n                    #tdi_1  .td-doubleSlider-2 .td-item27 {\r\n                        background: url(\/wp-content\/uploads\/sites\/5\/2018\/12\/Celebracion-fiestas-navidenas-pediatrias-IGSS-27-80x60.jpg) 0 0 no-repeat;\r\n                    }\r\n                    #tdi_1  .td-doubleSlider-2 .td-item28 {\r\n                        background: url(\/wp-content\/uploads\/sites\/5\/2018\/12\/Celebracion-fiestas-navidenas-pediatrias-IGSS-28-80x60.jpg) 0 0 no-repeat;\r\n                    }\r\n                    #tdi_1  .td-doubleSlider-2 .td-item29 {\r\n                        background: url(\/wp-content\/uploads\/sites\/5\/2018\/12\/Celebracion-fiestas-navidenas-pediatrias-IGSS-31-80x60.jpg) 0 0 no-repeat;\r\n                    }\r\n                    #tdi_1  .td-doubleSlider-2 .td-item30 {\r\n                        background: url(\/wp-content\/uploads\/sites\/5\/2018\/12\/Celebracion-fiestas-navidenas-pediatrias-IGSS-32-80x60.jpg) 0 0 no-repeat;\r\n                    }\r\n                    #tdi_1  .td-doubleSlider-2 .td-item31 {\r\n                        background: url(\/wp-content\/uploads\/sites\/5\/2018\/12\/Celebracion-fiestas-navidenas-pediatrias-IGSS-33-80x60.jpg) 0 0 no-repeat;\r\n                    }\r\n                    #tdi_1  .td-doubleSlider-2 .td-item32 {\r\n                        background: url(\/wp-content\/uploads\/sites\/5\/2018\/12\/Celebracion-fiestas-navidenas-pediatrias-IGSS-34-80x60.jpg) 0 0 no-repeat;\r\n                    }\r\n                    #tdi_1  .td-doubleSlider-2 .td-item33 {\r\n                        background: url(\/wp-content\/uploads\/sites\/5\/2018\/12\/Celebracion-fiestas-navidenas-pediatrias-IGSS-35-80x60.jpg) 0 0 no-repeat;\r\n                    }\r\n                    #tdi_1  .td-doubleSlider-2 .td-item34 {\r\n                        background: url(\/wp-content\/uploads\/sites\/5\/2018\/12\/Celebracion-fiestas-navidenas-pediatrias-IGSS-36-80x60.jpg) 0 0 no-repeat;\r\n                    }\r\n                    #tdi_1  .td-doubleSlider-2 .td-item35 {\r\n                        background: url(\/wp-content\/uploads\/sites\/5\/2018\/12\/Celebracion-fiestas-navidenas-pediatrias-IGSS-37-80x60.jpg) 0 0 no-repeat;\r\n                    }\r\n                <\/style>\r\n\r\n                <div id=\"tdi_1\" class=\"td-gallery td-slide-on-2-columns\">\r\n                    <div class=\"post_td_gallery\">\r\n                        <div class=\"td-gallery-slide-top\">\r\n                           <div class=\"td-gallery-title\">Galer\u00eda de Im\u00e1genes<\/div>\r\n\r\n                            <div class=\"td-gallery-controls-wrapper\">\r\n                                <div class=\"td-gallery-slide-count\"><span class=\"td-gallery-slide-item-focus\">1<\/span> de 35<\/div>\r\n                                <div class=\"td-gallery-slide-prev-next-but\">\r\n                                    <i class = \"td-icon-left doubleSliderPrevButton\"><\/i>\r\n                                    <i class = \"td-icon-right doubleSliderNextButton\"><\/i>\r\n                                <\/div>\r\n                            <\/div>\r\n                        <\/div>\r\n\r\n                        <div class = \"td-doubleSlider-1 \">\r\n                            <div class = \"td-slider\">\r\n                                \r\n                    <div class = \"td-slide-item td-item1\">\r\n                        <figure class=\"td-slide-galery-figure td-slide-popup-gallery\">\r\n                            <a class=\"slide-gallery-image-link\" href=\"\/wp-content\/uploads\/sites\/5\/2018\/12\/Celebracion-fiestas-navidenas-pediatrias-IGSS-1.jpg\" title=\"Celebracion fiestas navidenas pediatrias IGSS-1\"  data-caption=\"\"  data-description=\"\">\r\n                                <img decoding=\"async\" src=\"\/wp-content\/uploads\/sites\/5\/2018\/12\/Celebracion-fiestas-navidenas-pediatrias-IGSS-1-630x420.jpg\" srcset=\"\/wp-content\/uploads\/sites\/5\/2018\/12\/Celebracion-fiestas-navidenas-pediatrias-IGSS-1-630x420.jpg 630w, \/wp-content\/uploads\/sites\/5\/2018\/12\/Celebracion-fiestas-navidenas-pediatrias-IGSS-1-1536x1024.jpg 1536w, \/wp-content\/uploads\/sites\/5\/2018\/12\/Celebracion-fiestas-navidenas-pediatrias-IGSS-1-300x200.jpg 300w, \/wp-content\/uploads\/sites\/5\/2018\/12\/Celebracion-fiestas-navidenas-pediatrias-IGSS-1-768x512.jpg 768w, \/wp-content\/uploads\/sites\/5\/2018\/12\/Celebracion-fiestas-navidenas-pediatrias-IGSS-1-1024x682.jpg 1024w, \/wp-content\/uploads\/sites\/5\/2018\/12\/Celebracion-fiestas-navidenas-pediatrias-IGSS-1-696x464.jpg 696w, \/wp-content\/uploads\/sites\/5\/2018\/12\/Celebracion-fiestas-navidenas-pediatrias-IGSS-1-1068x712.jpg 1068w, \/wp-content\/uploads\/sites\/5\/2018\/12\/Celebracion-fiestas-navidenas-pediatrias-IGSS-1-534x356.jpg 534w, \/wp-content\/uploads\/sites\/5\/2018\/12\/Celebracion-fiestas-navidenas-pediatrias-IGSS-1-1920x1280.jpg 1920w, \/wp-content\/uploads\/sites\/5\/2018\/12\/Celebracion-fiestas-navidenas-pediatrias-IGSS-1.jpg 2000w\" sizes=\"(max-width: 630px) 100vw, 630px\" alt=\"\">\r\n                            <\/a>\r\n                            \r\n                        <\/figure>\r\n                    <\/div>\r\n                    <div class = \"td-slide-item td-item2\">\r\n                        <figure class=\"td-slide-galery-figure td-slide-popup-gallery\">\r\n                            <a class=\"slide-gallery-image-link\" href=\"\/wp-content\/uploads\/sites\/5\/2018\/12\/Celebracion-fiestas-navidenas-pediatrias-IGSS-2.jpg\" title=\"Celebracion fiestas navidenas pediatrias IGSS-2\"  data-caption=\"\"  data-description=\"\">\r\n                                <img decoding=\"async\" src=\"\/wp-content\/uploads\/sites\/5\/2018\/12\/Celebracion-fiestas-navidenas-pediatrias-IGSS-2-630x420.jpg\" srcset=\"\/wp-content\/uploads\/sites\/5\/2018\/12\/Celebracion-fiestas-navidenas-pediatrias-IGSS-2-630x420.jpg 630w, \/wp-content\/uploads\/sites\/5\/2018\/12\/Celebracion-fiestas-navidenas-pediatrias-IGSS-2-1536x1024.jpg 1536w, \/wp-content\/uploads\/sites\/5\/2018\/12\/Celebracion-fiestas-navidenas-pediatrias-IGSS-2-300x200.jpg 300w, \/wp-content\/uploads\/sites\/5\/2018\/12\/Celebracion-fiestas-navidenas-pediatrias-IGSS-2-768x512.jpg 768w, \/wp-content\/uploads\/sites\/5\/2018\/12\/Celebracion-fiestas-navidenas-pediatrias-IGSS-2-1024x682.jpg 1024w, \/wp-content\/uploads\/sites\/5\/2018\/12\/Celebracion-fiestas-navidenas-pediatrias-IGSS-2-696x464.jpg 696w, \/wp-content\/uploads\/sites\/5\/2018\/12\/Celebracion-fiestas-navidenas-pediatrias-IGSS-2-1068x712.jpg 1068w, \/wp-content\/uploads\/sites\/5\/2018\/12\/Celebracion-fiestas-navidenas-pediatrias-IGSS-2-534x356.jpg 534w, \/wp-content\/uploads\/sites\/5\/2018\/12\/Celebracion-fiestas-navidenas-pediatrias-IGSS-2-1920x1280.jpg 1920w, \/wp-content\/uploads\/sites\/5\/2018\/12\/Celebracion-fiestas-navidenas-pediatrias-IGSS-2.jpg 2000w\" sizes=\"(max-width: 630px) 100vw, 630px\" alt=\"\">\r\n                            <\/a>\r\n                            \r\n                        <\/figure>\r\n                    <\/div>\r\n                    <div class = \"td-slide-item td-item3\">\r\n                        <figure class=\"td-slide-galery-figure td-slide-popup-gallery\">\r\n                            <a class=\"slide-gallery-image-link\" href=\"\/wp-content\/uploads\/sites\/5\/2018\/12\/Celebracion-fiestas-navidenas-pediatrias-IGSS-3.jpg\" title=\"Celebracion fiestas navidenas pediatrias IGSS-3\"  data-caption=\"\"  data-description=\"\">\r\n                                <img decoding=\"async\" src=\"\/wp-content\/uploads\/sites\/5\/2018\/12\/Celebracion-fiestas-navidenas-pediatrias-IGSS-3-630x420.jpg\" srcset=\"\/wp-content\/uploads\/sites\/5\/2018\/12\/Celebracion-fiestas-navidenas-pediatrias-IGSS-3-630x420.jpg 630w, \/wp-content\/uploads\/sites\/5\/2018\/12\/Celebracion-fiestas-navidenas-pediatrias-IGSS-3-1536x1024.jpg 1536w, \/wp-content\/uploads\/sites\/5\/2018\/12\/Celebracion-fiestas-navidenas-pediatrias-IGSS-3-300x200.jpg 300w, \/wp-content\/uploads\/sites\/5\/2018\/12\/Celebracion-fiestas-navidenas-pediatrias-IGSS-3-768x512.jpg 768w, \/wp-content\/uploads\/sites\/5\/2018\/12\/Celebracion-fiestas-navidenas-pediatrias-IGSS-3-1024x682.jpg 1024w, \/wp-content\/uploads\/sites\/5\/2018\/12\/Celebracion-fiestas-navidenas-pediatrias-IGSS-3-696x464.jpg 696w, \/wp-content\/uploads\/sites\/5\/2018\/12\/Celebracion-fiestas-navidenas-pediatrias-IGSS-3-1068x712.jpg 1068w, \/wp-content\/uploads\/sites\/5\/2018\/12\/Celebracion-fiestas-navidenas-pediatrias-IGSS-3-534x356.jpg 534w, \/wp-content\/uploads\/sites\/5\/2018\/12\/Celebracion-fiestas-navidenas-pediatrias-IGSS-3-1920x1280.jpg 1920w, \/wp-content\/uploads\/sites\/5\/2018\/12\/Celebracion-fiestas-navidenas-pediatrias-IGSS-3.jpg 2000w\" sizes=\"(max-width: 630px) 100vw, 630px\" alt=\"\">\r\n                            <\/a>\r\n                            \r\n                        <\/figure>\r\n                    <\/div>\r\n                    <div class = \"td-slide-item td-item4\">\r\n                        <figure class=\"td-slide-galery-figure td-slide-popup-gallery\">\r\n                            <a class=\"slide-gallery-image-link\" href=\"\/wp-content\/uploads\/sites\/5\/2018\/12\/Celebracion-fiestas-navidenas-pediatrias-IGSS-4.jpg\" title=\"Celebracion fiestas navidenas pediatrias IGSS-4\"  data-caption=\"\"  data-description=\"\">\r\n                                <img decoding=\"async\" src=\"\/wp-content\/uploads\/sites\/5\/2018\/12\/Celebracion-fiestas-navidenas-pediatrias-IGSS-4-630x420.jpg\" srcset=\"\/wp-content\/uploads\/sites\/5\/2018\/12\/Celebracion-fiestas-navidenas-pediatrias-IGSS-4-630x420.jpg 630w, \/wp-content\/uploads\/sites\/5\/2018\/12\/Celebracion-fiestas-navidenas-pediatrias-IGSS-4-1536x1024.jpg 1536w, \/wp-content\/uploads\/sites\/5\/2018\/12\/Celebracion-fiestas-navidenas-pediatrias-IGSS-4-300x200.jpg 300w, \/wp-content\/uploads\/sites\/5\/2018\/12\/Celebracion-fiestas-navidenas-pediatrias-IGSS-4-768x512.jpg 768w, \/wp-content\/uploads\/sites\/5\/2018\/12\/Celebracion-fiestas-navidenas-pediatrias-IGSS-4-1024x682.jpg 1024w, \/wp-content\/uploads\/sites\/5\/2018\/12\/Celebracion-fiestas-navidenas-pediatrias-IGSS-4-696x464.jpg 696w, \/wp-content\/uploads\/sites\/5\/2018\/12\/Celebracion-fiestas-navidenas-pediatrias-IGSS-4-1068x712.jpg 1068w, \/wp-content\/uploads\/sites\/5\/2018\/12\/Celebracion-fiestas-navidenas-pediatrias-IGSS-4-534x356.jpg 534w, \/wp-content\/uploads\/sites\/5\/2018\/12\/Celebracion-fiestas-navidenas-pediatrias-IGSS-4-1920x1280.jpg 1920w, \/wp-content\/uploads\/sites\/5\/2018\/12\/Celebracion-fiestas-navidenas-pediatrias-IGSS-4.jpg 2000w\" sizes=\"(max-width: 630px) 100vw, 630px\" alt=\"\">\r\n                            <\/a>\r\n                            \r\n                        <\/figure>\r\n                    <\/div>\r\n                    <div class = \"td-slide-item td-item5\">\r\n                        <figure class=\"td-slide-galery-figure td-slide-popup-gallery\">\r\n                            <a class=\"slide-gallery-image-link\" href=\"\/wp-content\/uploads\/sites\/5\/2018\/12\/Celebracion-fiestas-navidenas-pediatrias-IGSS-5.jpg\" title=\"Celebracion fiestas navidenas pediatrias IGSS-5\"  data-caption=\"\"  data-description=\"\">\r\n                                <img decoding=\"async\" src=\"\/wp-content\/uploads\/sites\/5\/2018\/12\/Celebracion-fiestas-navidenas-pediatrias-IGSS-5-630x420.jpg\" srcset=\"\/wp-content\/uploads\/sites\/5\/2018\/12\/Celebracion-fiestas-navidenas-pediatrias-IGSS-5-630x420.jpg 630w, \/wp-content\/uploads\/sites\/5\/2018\/12\/Celebracion-fiestas-navidenas-pediatrias-IGSS-5-1536x1024.jpg 1536w, \/wp-content\/uploads\/sites\/5\/2018\/12\/Celebracion-fiestas-navidenas-pediatrias-IGSS-5-300x200.jpg 300w, \/wp-content\/uploads\/sites\/5\/2018\/12\/Celebracion-fiestas-navidenas-pediatrias-IGSS-5-768x512.jpg 768w, \/wp-content\/uploads\/sites\/5\/2018\/12\/Celebracion-fiestas-navidenas-pediatrias-IGSS-5-1024x682.jpg 1024w, \/wp-content\/uploads\/sites\/5\/2018\/12\/Celebracion-fiestas-navidenas-pediatrias-IGSS-5-696x464.jpg 696w, \/wp-content\/uploads\/sites\/5\/2018\/12\/Celebracion-fiestas-navidenas-pediatrias-IGSS-5-1068x712.jpg 1068w, \/wp-content\/uploads\/sites\/5\/2018\/12\/Celebracion-fiestas-navidenas-pediatrias-IGSS-5-534x356.jpg 534w, \/wp-content\/uploads\/sites\/5\/2018\/12\/Celebracion-fiestas-navidenas-pediatrias-IGSS-5-1920x1280.jpg 1920w, \/wp-content\/uploads\/sites\/5\/2018\/12\/Celebracion-fiestas-navidenas-pediatrias-IGSS-5.jpg 2000w\" sizes=\"(max-width: 630px) 100vw, 630px\" alt=\"\">\r\n                            <\/a>\r\n                            \r\n                        <\/figure>\r\n                    <\/div>\r\n                    <div class = \"td-slide-item td-item6\">\r\n                        <figure class=\"td-slide-galery-figure td-slide-popup-gallery\">\r\n                            <a class=\"slide-gallery-image-link\" href=\"\/wp-content\/uploads\/sites\/5\/2018\/12\/Celebracion-fiestas-navidenas-pediatrias-IGSS-6.jpg\" title=\"Celebracion fiestas navidenas pediatrias IGSS-6\"  data-caption=\"\"  data-description=\"\">\r\n                                <img decoding=\"async\" src=\"\/wp-content\/uploads\/sites\/5\/2018\/12\/Celebracion-fiestas-navidenas-pediatrias-IGSS-6-630x420.jpg\" srcset=\"\/wp-content\/uploads\/sites\/5\/2018\/12\/Celebracion-fiestas-navidenas-pediatrias-IGSS-6-630x420.jpg 630w, \/wp-content\/uploads\/sites\/5\/2018\/12\/Celebracion-fiestas-navidenas-pediatrias-IGSS-6-1536x1024.jpg 1536w, \/wp-content\/uploads\/sites\/5\/2018\/12\/Celebracion-fiestas-navidenas-pediatrias-IGSS-6-300x200.jpg 300w, \/wp-content\/uploads\/sites\/5\/2018\/12\/Celebracion-fiestas-navidenas-pediatrias-IGSS-6-768x512.jpg 768w, \/wp-content\/uploads\/sites\/5\/2018\/12\/Celebracion-fiestas-navidenas-pediatrias-IGSS-6-1024x682.jpg 1024w, \/wp-content\/uploads\/sites\/5\/2018\/12\/Celebracion-fiestas-navidenas-pediatrias-IGSS-6-696x464.jpg 696w, \/wp-content\/uploads\/sites\/5\/2018\/12\/Celebracion-fiestas-navidenas-pediatrias-IGSS-6-1068x712.jpg 1068w, \/wp-content\/uploads\/sites\/5\/2018\/12\/Celebracion-fiestas-navidenas-pediatrias-IGSS-6-534x356.jpg 534w, \/wp-content\/uploads\/sites\/5\/2018\/12\/Celebracion-fiestas-navidenas-pediatrias-IGSS-6-1920x1280.jpg 1920w, \/wp-content\/uploads\/sites\/5\/2018\/12\/Celebracion-fiestas-navidenas-pediatrias-IGSS-6.jpg 2000w\" sizes=\"(max-width: 630px) 100vw, 630px\" alt=\"\">\r\n                            <\/a>\r\n                            \r\n                        <\/figure>\r\n                    <\/div>\r\n                    <div class = \"td-slide-item td-item7\">\r\n                        <figure class=\"td-slide-galery-figure td-slide-popup-gallery\">\r\n                            <a class=\"slide-gallery-image-link\" href=\"\/wp-content\/uploads\/sites\/5\/2018\/12\/Celebracion-fiestas-navidenas-pediatrias-IGSS-7.jpg\" title=\"Celebracion fiestas navidenas pediatrias IGSS-7\"  data-caption=\"\"  data-description=\"\">\r\n                                <img decoding=\"async\" src=\"\/wp-content\/uploads\/sites\/5\/2018\/12\/Celebracion-fiestas-navidenas-pediatrias-IGSS-7-630x420.jpg\" srcset=\"\/wp-content\/uploads\/sites\/5\/2018\/12\/Celebracion-fiestas-navidenas-pediatrias-IGSS-7-630x420.jpg 630w, \/wp-content\/uploads\/sites\/5\/2018\/12\/Celebracion-fiestas-navidenas-pediatrias-IGSS-7-1536x1024.jpg 1536w, \/wp-content\/uploads\/sites\/5\/2018\/12\/Celebracion-fiestas-navidenas-pediatrias-IGSS-7-300x200.jpg 300w, \/wp-content\/uploads\/sites\/5\/2018\/12\/Celebracion-fiestas-navidenas-pediatrias-IGSS-7-768x512.jpg 768w, \/wp-content\/uploads\/sites\/5\/2018\/12\/Celebracion-fiestas-navidenas-pediatrias-IGSS-7-1024x682.jpg 1024w, \/wp-content\/uploads\/sites\/5\/2018\/12\/Celebracion-fiestas-navidenas-pediatrias-IGSS-7-696x464.jpg 696w, \/wp-content\/uploads\/sites\/5\/2018\/12\/Celebracion-fiestas-navidenas-pediatrias-IGSS-7-1068x712.jpg 1068w, \/wp-content\/uploads\/sites\/5\/2018\/12\/Celebracion-fiestas-navidenas-pediatrias-IGSS-7-534x356.jpg 534w, \/wp-content\/uploads\/sites\/5\/2018\/12\/Celebracion-fiestas-navidenas-pediatrias-IGSS-7-1920x1280.jpg 1920w, \/wp-content\/uploads\/sites\/5\/2018\/12\/Celebracion-fiestas-navidenas-pediatrias-IGSS-7.jpg 2000w\" sizes=\"(max-width: 630px) 100vw, 630px\" alt=\"\">\r\n                            <\/a>\r\n                            \r\n                        <\/figure>\r\n                    <\/div>\r\n                    <div class = \"td-slide-item td-item8\">\r\n                        <figure class=\"td-slide-galery-figure td-slide-popup-gallery\">\r\n                            <a class=\"slide-gallery-image-link\" href=\"\/wp-content\/uploads\/sites\/5\/2018\/12\/Celebracion-fiestas-navidenas-pediatrias-IGSS-8.jpg\" title=\"Celebracion fiestas navidenas pediatrias IGSS-8\"  data-caption=\"\"  data-description=\"\">\r\n                                <img decoding=\"async\" src=\"\/wp-content\/uploads\/sites\/5\/2018\/12\/Celebracion-fiestas-navidenas-pediatrias-IGSS-8-630x420.jpg\" srcset=\"\/wp-content\/uploads\/sites\/5\/2018\/12\/Celebracion-fiestas-navidenas-pediatrias-IGSS-8-630x420.jpg 630w, \/wp-content\/uploads\/sites\/5\/2018\/12\/Celebracion-fiestas-navidenas-pediatrias-IGSS-8-1536x1024.jpg 1536w, \/wp-content\/uploads\/sites\/5\/2018\/12\/Celebracion-fiestas-navidenas-pediatrias-IGSS-8-300x200.jpg 300w, \/wp-content\/uploads\/sites\/5\/2018\/12\/Celebracion-fiestas-navidenas-pediatrias-IGSS-8-768x512.jpg 768w, \/wp-content\/uploads\/sites\/5\/2018\/12\/Celebracion-fiestas-navidenas-pediatrias-IGSS-8-1024x682.jpg 1024w, \/wp-content\/uploads\/sites\/5\/2018\/12\/Celebracion-fiestas-navidenas-pediatrias-IGSS-8-696x464.jpg 696w, \/wp-content\/uploads\/sites\/5\/2018\/12\/Celebracion-fiestas-navidenas-pediatrias-IGSS-8-1068x712.jpg 1068w, \/wp-content\/uploads\/sites\/5\/2018\/12\/Celebracion-fiestas-navidenas-pediatrias-IGSS-8-534x356.jpg 534w, \/wp-content\/uploads\/sites\/5\/2018\/12\/Celebracion-fiestas-navidenas-pediatrias-IGSS-8-1920x1280.jpg 1920w, \/wp-content\/uploads\/sites\/5\/2018\/12\/Celebracion-fiestas-navidenas-pediatrias-IGSS-8.jpg 2000w\" sizes=\"(max-width: 630px) 100vw, 630px\" alt=\"\">\r\n                            <\/a>\r\n                            \r\n                        <\/figure>\r\n                    <\/div>\r\n                    <div class = \"td-slide-item td-item9\">\r\n                        <figure class=\"td-slide-galery-figure td-slide-popup-gallery\">\r\n                            <a class=\"slide-gallery-image-link\" href=\"\/wp-content\/uploads\/sites\/5\/2018\/12\/Celebracion-fiestas-navidenas-pediatrias-IGSS-9.jpg\" title=\"Celebracion fiestas navidenas pediatrias IGSS-9\"  data-caption=\"\"  data-description=\"\">\r\n                                <img decoding=\"async\" src=\"\/wp-content\/uploads\/sites\/5\/2018\/12\/Celebracion-fiestas-navidenas-pediatrias-IGSS-9-630x420.jpg\" srcset=\"\/wp-content\/uploads\/sites\/5\/2018\/12\/Celebracion-fiestas-navidenas-pediatrias-IGSS-9-630x420.jpg 630w, \/wp-content\/uploads\/sites\/5\/2018\/12\/Celebracion-fiestas-navidenas-pediatrias-IGSS-9-1536x1024.jpg 1536w, \/wp-content\/uploads\/sites\/5\/2018\/12\/Celebracion-fiestas-navidenas-pediatrias-IGSS-9-300x200.jpg 300w, \/wp-content\/uploads\/sites\/5\/2018\/12\/Celebracion-fiestas-navidenas-pediatrias-IGSS-9-768x512.jpg 768w, \/wp-content\/uploads\/sites\/5\/2018\/12\/Celebracion-fiestas-navidenas-pediatrias-IGSS-9-1024x682.jpg 1024w, \/wp-content\/uploads\/sites\/5\/2018\/12\/Celebracion-fiestas-navidenas-pediatrias-IGSS-9-696x464.jpg 696w, \/wp-content\/uploads\/sites\/5\/2018\/12\/Celebracion-fiestas-navidenas-pediatrias-IGSS-9-1068x712.jpg 1068w, \/wp-content\/uploads\/sites\/5\/2018\/12\/Celebracion-fiestas-navidenas-pediatrias-IGSS-9-534x356.jpg 534w, \/wp-content\/uploads\/sites\/5\/2018\/12\/Celebracion-fiestas-navidenas-pediatrias-IGSS-9-1920x1280.jpg 1920w, \/wp-content\/uploads\/sites\/5\/2018\/12\/Celebracion-fiestas-navidenas-pediatrias-IGSS-9.jpg 2000w\" sizes=\"(max-width: 630px) 100vw, 630px\" alt=\"\">\r\n                            <\/a>\r\n                            \r\n                        <\/figure>\r\n                    <\/div>\r\n                    <div class = \"td-slide-item td-item10\">\r\n                        <figure class=\"td-slide-galery-figure td-slide-popup-gallery\">\r\n                            <a class=\"slide-gallery-image-link\" href=\"\/wp-content\/uploads\/sites\/5\/2018\/12\/Celebracion-fiestas-navidenas-pediatrias-IGSS-10.jpg\" title=\"Celebracion fiestas navidenas pediatrias IGSS-10\"  data-caption=\"\"  data-description=\"\">\r\n                                <img decoding=\"async\" src=\"\/wp-content\/uploads\/sites\/5\/2018\/12\/Celebracion-fiestas-navidenas-pediatrias-IGSS-10-630x420.jpg\" srcset=\"\/wp-content\/uploads\/sites\/5\/2018\/12\/Celebracion-fiestas-navidenas-pediatrias-IGSS-10-630x420.jpg 630w, \/wp-content\/uploads\/sites\/5\/2018\/12\/Celebracion-fiestas-navidenas-pediatrias-IGSS-10-1536x1024.jpg 1536w, \/wp-content\/uploads\/sites\/5\/2018\/12\/Celebracion-fiestas-navidenas-pediatrias-IGSS-10-300x200.jpg 300w, \/wp-content\/uploads\/sites\/5\/2018\/12\/Celebracion-fiestas-navidenas-pediatrias-IGSS-10-768x512.jpg 768w, \/wp-content\/uploads\/sites\/5\/2018\/12\/Celebracion-fiestas-navidenas-pediatrias-IGSS-10-1024x682.jpg 1024w, \/wp-content\/uploads\/sites\/5\/2018\/12\/Celebracion-fiestas-navidenas-pediatrias-IGSS-10-696x464.jpg 696w, \/wp-content\/uploads\/sites\/5\/2018\/12\/Celebracion-fiestas-navidenas-pediatrias-IGSS-10-1068x712.jpg 1068w, \/wp-content\/uploads\/sites\/5\/2018\/12\/Celebracion-fiestas-navidenas-pediatrias-IGSS-10-534x356.jpg 534w, \/wp-content\/uploads\/sites\/5\/2018\/12\/Celebracion-fiestas-navidenas-pediatrias-IGSS-10-1920x1280.jpg 1920w, \/wp-content\/uploads\/sites\/5\/2018\/12\/Celebracion-fiestas-navidenas-pediatrias-IGSS-10.jpg 2000w\" sizes=\"(max-width: 630px) 100vw, 630px\" alt=\"\">\r\n                            <\/a>\r\n                            \r\n                        <\/figure>\r\n                    <\/div>\r\n                    <div class = \"td-slide-item td-item11\">\r\n                        <figure class=\"td-slide-galery-figure td-slide-popup-gallery\">\r\n                            <a class=\"slide-gallery-image-link\" href=\"\/wp-content\/uploads\/sites\/5\/2018\/12\/Celebracion-fiestas-navidenas-pediatrias-IGSS-11.jpg\" title=\"Celebracion fiestas navidenas pediatrias IGSS-11\"  data-caption=\"\"  data-description=\"\">\r\n                                <img decoding=\"async\" src=\"\/wp-content\/uploads\/sites\/5\/2018\/12\/Celebracion-fiestas-navidenas-pediatrias-IGSS-11-630x420.jpg\" srcset=\"\/wp-content\/uploads\/sites\/5\/2018\/12\/Celebracion-fiestas-navidenas-pediatrias-IGSS-11-630x420.jpg 630w, \/wp-content\/uploads\/sites\/5\/2018\/12\/Celebracion-fiestas-navidenas-pediatrias-IGSS-11-1536x1024.jpg 1536w, \/wp-content\/uploads\/sites\/5\/2018\/12\/Celebracion-fiestas-navidenas-pediatrias-IGSS-11-300x200.jpg 300w, \/wp-content\/uploads\/sites\/5\/2018\/12\/Celebracion-fiestas-navidenas-pediatrias-IGSS-11-768x512.jpg 768w, \/wp-content\/uploads\/sites\/5\/2018\/12\/Celebracion-fiestas-navidenas-pediatrias-IGSS-11-1024x682.jpg 1024w, \/wp-content\/uploads\/sites\/5\/2018\/12\/Celebracion-fiestas-navidenas-pediatrias-IGSS-11-696x464.jpg 696w, \/wp-content\/uploads\/sites\/5\/2018\/12\/Celebracion-fiestas-navidenas-pediatrias-IGSS-11-1068x712.jpg 1068w, \/wp-content\/uploads\/sites\/5\/2018\/12\/Celebracion-fiestas-navidenas-pediatrias-IGSS-11-534x356.jpg 534w, \/wp-content\/uploads\/sites\/5\/2018\/12\/Celebracion-fiestas-navidenas-pediatrias-IGSS-11-1920x1280.jpg 1920w, \/wp-content\/uploads\/sites\/5\/2018\/12\/Celebracion-fiestas-navidenas-pediatrias-IGSS-11.jpg 2000w\" sizes=\"(max-width: 630px) 100vw, 630px\" alt=\"\">\r\n                            <\/a>\r\n                            \r\n                        <\/figure>\r\n                    <\/div>\r\n                    <div class = \"td-slide-item td-item12\">\r\n                        <figure class=\"td-slide-galery-figure td-slide-popup-gallery\">\r\n                            <a class=\"slide-gallery-image-link\" href=\"\/wp-content\/uploads\/sites\/5\/2018\/12\/Celebracion-fiestas-navidenas-pediatrias-IGSS-12.jpg\" title=\"Celebracion fiestas navidenas pediatrias IGSS-12\"  data-caption=\"\"  data-description=\"\">\r\n                                <img decoding=\"async\" src=\"\/wp-content\/uploads\/sites\/5\/2018\/12\/Celebracion-fiestas-navidenas-pediatrias-IGSS-12-630x420.jpg\" srcset=\"\/wp-content\/uploads\/sites\/5\/2018\/12\/Celebracion-fiestas-navidenas-pediatrias-IGSS-12-630x420.jpg 630w, \/wp-content\/uploads\/sites\/5\/2018\/12\/Celebracion-fiestas-navidenas-pediatrias-IGSS-12-1536x1024.jpg 1536w, \/wp-content\/uploads\/sites\/5\/2018\/12\/Celebracion-fiestas-navidenas-pediatrias-IGSS-12-300x200.jpg 300w, \/wp-content\/uploads\/sites\/5\/2018\/12\/Celebracion-fiestas-navidenas-pediatrias-IGSS-12-768x512.jpg 768w, \/wp-content\/uploads\/sites\/5\/2018\/12\/Celebracion-fiestas-navidenas-pediatrias-IGSS-12-1024x682.jpg 1024w, \/wp-content\/uploads\/sites\/5\/2018\/12\/Celebracion-fiestas-navidenas-pediatrias-IGSS-12-696x464.jpg 696w, \/wp-content\/uploads\/sites\/5\/2018\/12\/Celebracion-fiestas-navidenas-pediatrias-IGSS-12-1068x712.jpg 1068w, \/wp-content\/uploads\/sites\/5\/2018\/12\/Celebracion-fiestas-navidenas-pediatrias-IGSS-12-534x356.jpg 534w, \/wp-content\/uploads\/sites\/5\/2018\/12\/Celebracion-fiestas-navidenas-pediatrias-IGSS-12-1920x1280.jpg 1920w, \/wp-content\/uploads\/sites\/5\/2018\/12\/Celebracion-fiestas-navidenas-pediatrias-IGSS-12.jpg 2000w\" sizes=\"(max-width: 630px) 100vw, 630px\" alt=\"\">\r\n                            <\/a>\r\n                            \r\n                        <\/figure>\r\n                    <\/div>\r\n                    <div class = \"td-slide-item td-item13\">\r\n                        <figure class=\"td-slide-galery-figure td-slide-popup-gallery\">\r\n                            <a class=\"slide-gallery-image-link\" href=\"\/wp-content\/uploads\/sites\/5\/2018\/12\/Celebracion-fiestas-navidenas-pediatrias-IGSS-13.jpg\" title=\"Celebracion fiestas navidenas pediatrias IGSS-13\"  data-caption=\"\"  data-description=\"\">\r\n                                <img decoding=\"async\" src=\"\/wp-content\/uploads\/sites\/5\/2018\/12\/Celebracion-fiestas-navidenas-pediatrias-IGSS-13-630x420.jpg\" srcset=\"\/wp-content\/uploads\/sites\/5\/2018\/12\/Celebracion-fiestas-navidenas-pediatrias-IGSS-13-630x420.jpg 630w, \/wp-content\/uploads\/sites\/5\/2018\/12\/Celebracion-fiestas-navidenas-pediatrias-IGSS-13-1536x1024.jpg 1536w, \/wp-content\/uploads\/sites\/5\/2018\/12\/Celebracion-fiestas-navidenas-pediatrias-IGSS-13-300x200.jpg 300w, \/wp-content\/uploads\/sites\/5\/2018\/12\/Celebracion-fiestas-navidenas-pediatrias-IGSS-13-768x512.jpg 768w, \/wp-content\/uploads\/sites\/5\/2018\/12\/Celebracion-fiestas-navidenas-pediatrias-IGSS-13-1024x682.jpg 1024w, \/wp-content\/uploads\/sites\/5\/2018\/12\/Celebracion-fiestas-navidenas-pediatrias-IGSS-13-696x464.jpg 696w, \/wp-content\/uploads\/sites\/5\/2018\/12\/Celebracion-fiestas-navidenas-pediatrias-IGSS-13-1068x712.jpg 1068w, \/wp-content\/uploads\/sites\/5\/2018\/12\/Celebracion-fiestas-navidenas-pediatrias-IGSS-13-534x356.jpg 534w, \/wp-content\/uploads\/sites\/5\/2018\/12\/Celebracion-fiestas-navidenas-pediatrias-IGSS-13-1920x1280.jpg 1920w, \/wp-content\/uploads\/sites\/5\/2018\/12\/Celebracion-fiestas-navidenas-pediatrias-IGSS-13.jpg 2000w\" sizes=\"(max-width: 630px) 100vw, 630px\" alt=\"\">\r\n                            <\/a>\r\n                            \r\n                        <\/figure>\r\n                    <\/div>\r\n                    <div class = \"td-slide-item td-item14\">\r\n                        <figure class=\"td-slide-galery-figure td-slide-popup-gallery\">\r\n                            <a class=\"slide-gallery-image-link\" href=\"\/wp-content\/uploads\/sites\/5\/2018\/12\/Celebracion-fiestas-navidenas-pediatrias-IGSS-14.jpg\" title=\"Celebracion fiestas navidenas pediatrias IGSS-14\"  data-caption=\"\"  data-description=\"\">\r\n                                <img decoding=\"async\" src=\"\/wp-content\/uploads\/sites\/5\/2018\/12\/Celebracion-fiestas-navidenas-pediatrias-IGSS-14-630x420.jpg\" srcset=\"\/wp-content\/uploads\/sites\/5\/2018\/12\/Celebracion-fiestas-navidenas-pediatrias-IGSS-14-630x420.jpg 630w, \/wp-content\/uploads\/sites\/5\/2018\/12\/Celebracion-fiestas-navidenas-pediatrias-IGSS-14-1536x1024.jpg 1536w, \/wp-content\/uploads\/sites\/5\/2018\/12\/Celebracion-fiestas-navidenas-pediatrias-IGSS-14-300x200.jpg 300w, \/wp-content\/uploads\/sites\/5\/2018\/12\/Celebracion-fiestas-navidenas-pediatrias-IGSS-14-768x512.jpg 768w, \/wp-content\/uploads\/sites\/5\/2018\/12\/Celebracion-fiestas-navidenas-pediatrias-IGSS-14-1024x682.jpg 1024w, \/wp-content\/uploads\/sites\/5\/2018\/12\/Celebracion-fiestas-navidenas-pediatrias-IGSS-14-696x464.jpg 696w, \/wp-content\/uploads\/sites\/5\/2018\/12\/Celebracion-fiestas-navidenas-pediatrias-IGSS-14-1068x712.jpg 1068w, \/wp-content\/uploads\/sites\/5\/2018\/12\/Celebracion-fiestas-navidenas-pediatrias-IGSS-14-534x356.jpg 534w, \/wp-content\/uploads\/sites\/5\/2018\/12\/Celebracion-fiestas-navidenas-pediatrias-IGSS-14-1920x1280.jpg 1920w, \/wp-content\/uploads\/sites\/5\/2018\/12\/Celebracion-fiestas-navidenas-pediatrias-IGSS-14.jpg 2000w\" sizes=\"(max-width: 630px) 100vw, 630px\" alt=\"\">\r\n                            <\/a>\r\n                            \r\n                        <\/figure>\r\n                    <\/div>\r\n                    <div class = \"td-slide-item td-item15\">\r\n                        <figure class=\"td-slide-galery-figure td-slide-popup-gallery\">\r\n                            <a class=\"slide-gallery-image-link\" href=\"\/wp-content\/uploads\/sites\/5\/2018\/12\/Celebracion-fiestas-navidenas-pediatrias-IGSS-15.jpg\" title=\"Celebracion fiestas navidenas pediatrias IGSS-15\"  data-caption=\"\"  data-description=\"\">\r\n                                <img decoding=\"async\" src=\"\/wp-content\/uploads\/sites\/5\/2018\/12\/Celebracion-fiestas-navidenas-pediatrias-IGSS-15-630x420.jpg\" srcset=\"\/wp-content\/uploads\/sites\/5\/2018\/12\/Celebracion-fiestas-navidenas-pediatrias-IGSS-15-630x420.jpg 630w, \/wp-content\/uploads\/sites\/5\/2018\/12\/Celebracion-fiestas-navidenas-pediatrias-IGSS-15-1536x1024.jpg 1536w, \/wp-content\/uploads\/sites\/5\/2018\/12\/Celebracion-fiestas-navidenas-pediatrias-IGSS-15-300x200.jpg 300w, \/wp-content\/uploads\/sites\/5\/2018\/12\/Celebracion-fiestas-navidenas-pediatrias-IGSS-15-768x512.jpg 768w, \/wp-content\/uploads\/sites\/5\/2018\/12\/Celebracion-fiestas-navidenas-pediatrias-IGSS-15-1024x682.jpg 1024w, \/wp-content\/uploads\/sites\/5\/2018\/12\/Celebracion-fiestas-navidenas-pediatrias-IGSS-15-696x464.jpg 696w, \/wp-content\/uploads\/sites\/5\/2018\/12\/Celebracion-fiestas-navidenas-pediatrias-IGSS-15-1068x712.jpg 1068w, \/wp-content\/uploads\/sites\/5\/2018\/12\/Celebracion-fiestas-navidenas-pediatrias-IGSS-15-534x356.jpg 534w, \/wp-content\/uploads\/sites\/5\/2018\/12\/Celebracion-fiestas-navidenas-pediatrias-IGSS-15-1920x1280.jpg 1920w, \/wp-content\/uploads\/sites\/5\/2018\/12\/Celebracion-fiestas-navidenas-pediatrias-IGSS-15.jpg 2000w\" sizes=\"(max-width: 630px) 100vw, 630px\" alt=\"\">\r\n                            <\/a>\r\n                            \r\n                        <\/figure>\r\n                    <\/div>\r\n                    <div class = \"td-slide-item td-item16\">\r\n                        <figure class=\"td-slide-galery-figure td-slide-popup-gallery\">\r\n                            <a class=\"slide-gallery-image-link\" href=\"\/wp-content\/uploads\/sites\/5\/2018\/12\/Celebracion-fiestas-navidenas-pediatrias-IGSS-16.jpg\" title=\"Celebracion fiestas navidenas pediatrias IGSS-16\"  data-caption=\"\"  data-description=\"\">\r\n                                <img decoding=\"async\" src=\"\/wp-content\/uploads\/sites\/5\/2018\/12\/Celebracion-fiestas-navidenas-pediatrias-IGSS-16-630x420.jpg\" srcset=\"\/wp-content\/uploads\/sites\/5\/2018\/12\/Celebracion-fiestas-navidenas-pediatrias-IGSS-16-630x420.jpg 630w, \/wp-content\/uploads\/sites\/5\/2018\/12\/Celebracion-fiestas-navidenas-pediatrias-IGSS-16-1536x1024.jpg 1536w, \/wp-content\/uploads\/sites\/5\/2018\/12\/Celebracion-fiestas-navidenas-pediatrias-IGSS-16-300x200.jpg 300w, \/wp-content\/uploads\/sites\/5\/2018\/12\/Celebracion-fiestas-navidenas-pediatrias-IGSS-16-768x512.jpg 768w, \/wp-content\/uploads\/sites\/5\/2018\/12\/Celebracion-fiestas-navidenas-pediatrias-IGSS-16-1024x682.jpg 1024w, \/wp-content\/uploads\/sites\/5\/2018\/12\/Celebracion-fiestas-navidenas-pediatrias-IGSS-16-696x464.jpg 696w, \/wp-content\/uploads\/sites\/5\/2018\/12\/Celebracion-fiestas-navidenas-pediatrias-IGSS-16-1068x712.jpg 1068w, \/wp-content\/uploads\/sites\/5\/2018\/12\/Celebracion-fiestas-navidenas-pediatrias-IGSS-16-534x356.jpg 534w, \/wp-content\/uploads\/sites\/5\/2018\/12\/Celebracion-fiestas-navidenas-pediatrias-IGSS-16-1920x1280.jpg 1920w, \/wp-content\/uploads\/sites\/5\/2018\/12\/Celebracion-fiestas-navidenas-pediatrias-IGSS-16.jpg 2000w\" sizes=\"(max-width: 630px) 100vw, 630px\" alt=\"\">\r\n                            <\/a>\r\n                            \r\n                        <\/figure>\r\n                    <\/div>\r\n                    <div class = \"td-slide-item td-item17\">\r\n                        <figure class=\"td-slide-galery-figure td-slide-popup-gallery\">\r\n                            <a class=\"slide-gallery-image-link\" href=\"\/wp-content\/uploads\/sites\/5\/2018\/12\/Celebracion-fiestas-navidenas-pediatrias-IGSS-17.jpg\" title=\"Celebracion fiestas navidenas pediatrias IGSS-17\"  data-caption=\"\"  data-description=\"\">\r\n                                <img decoding=\"async\" src=\"\/wp-content\/uploads\/sites\/5\/2018\/12\/Celebracion-fiestas-navidenas-pediatrias-IGSS-17-630x420.jpg\" srcset=\"\/wp-content\/uploads\/sites\/5\/2018\/12\/Celebracion-fiestas-navidenas-pediatrias-IGSS-17-630x420.jpg 630w, \/wp-content\/uploads\/sites\/5\/2018\/12\/Celebracion-fiestas-navidenas-pediatrias-IGSS-17-1536x1024.jpg 1536w, \/wp-content\/uploads\/sites\/5\/2018\/12\/Celebracion-fiestas-navidenas-pediatrias-IGSS-17-300x200.jpg 300w, \/wp-content\/uploads\/sites\/5\/2018\/12\/Celebracion-fiestas-navidenas-pediatrias-IGSS-17-768x512.jpg 768w, \/wp-content\/uploads\/sites\/5\/2018\/12\/Celebracion-fiestas-navidenas-pediatrias-IGSS-17-1024x682.jpg 1024w, \/wp-content\/uploads\/sites\/5\/2018\/12\/Celebracion-fiestas-navidenas-pediatrias-IGSS-17-696x464.jpg 696w, \/wp-content\/uploads\/sites\/5\/2018\/12\/Celebracion-fiestas-navidenas-pediatrias-IGSS-17-1068x712.jpg 1068w, \/wp-content\/uploads\/sites\/5\/2018\/12\/Celebracion-fiestas-navidenas-pediatrias-IGSS-17-534x356.jpg 534w, \/wp-content\/uploads\/sites\/5\/2018\/12\/Celebracion-fiestas-navidenas-pediatrias-IGSS-17-1920x1280.jpg 1920w, \/wp-content\/uploads\/sites\/5\/2018\/12\/Celebracion-fiestas-navidenas-pediatrias-IGSS-17.jpg 2000w\" sizes=\"(max-width: 630px) 100vw, 630px\" alt=\"\">\r\n                            <\/a>\r\n                            \r\n                        <\/figure>\r\n                    <\/div>\r\n                    <div class = \"td-slide-item td-item18\">\r\n                        <figure class=\"td-slide-galery-figure td-slide-popup-gallery\">\r\n                            <a class=\"slide-gallery-image-link\" href=\"\/wp-content\/uploads\/sites\/5\/2018\/12\/Celebracion-fiestas-navidenas-pediatrias-IGSS-18.jpg\" title=\"Celebracion fiestas navidenas pediatrias IGSS-18\"  data-caption=\"\"  data-description=\"\">\r\n                                <img decoding=\"async\" src=\"\/wp-content\/uploads\/sites\/5\/2018\/12\/Celebracion-fiestas-navidenas-pediatrias-IGSS-18-630x420.jpg\" srcset=\"\/wp-content\/uploads\/sites\/5\/2018\/12\/Celebracion-fiestas-navidenas-pediatrias-IGSS-18-630x420.jpg 630w, \/wp-content\/uploads\/sites\/5\/2018\/12\/Celebracion-fiestas-navidenas-pediatrias-IGSS-18-1536x1024.jpg 1536w, \/wp-content\/uploads\/sites\/5\/2018\/12\/Celebracion-fiestas-navidenas-pediatrias-IGSS-18-300x200.jpg 300w, \/wp-content\/uploads\/sites\/5\/2018\/12\/Celebracion-fiestas-navidenas-pediatrias-IGSS-18-768x512.jpg 768w, \/wp-content\/uploads\/sites\/5\/2018\/12\/Celebracion-fiestas-navidenas-pediatrias-IGSS-18-1024x682.jpg 1024w, \/wp-content\/uploads\/sites\/5\/2018\/12\/Celebracion-fiestas-navidenas-pediatrias-IGSS-18-696x464.jpg 696w, \/wp-content\/uploads\/sites\/5\/2018\/12\/Celebracion-fiestas-navidenas-pediatrias-IGSS-18-1068x712.jpg 1068w, \/wp-content\/uploads\/sites\/5\/2018\/12\/Celebracion-fiestas-navidenas-pediatrias-IGSS-18-534x356.jpg 534w, \/wp-content\/uploads\/sites\/5\/2018\/12\/Celebracion-fiestas-navidenas-pediatrias-IGSS-18-1920x1280.jpg 1920w, \/wp-content\/uploads\/sites\/5\/2018\/12\/Celebracion-fiestas-navidenas-pediatrias-IGSS-18.jpg 2000w\" sizes=\"(max-width: 630px) 100vw, 630px\" alt=\"\">\r\n                            <\/a>\r\n                            \r\n                        <\/figure>\r\n                    <\/div>\r\n                    <div class = \"td-slide-item td-item19\">\r\n                        <figure class=\"td-slide-galery-figure td-slide-popup-gallery\">\r\n                            <a class=\"slide-gallery-image-link\" href=\"\/wp-content\/uploads\/sites\/5\/2018\/12\/Celebracion-fiestas-navidenas-pediatrias-IGSS-19.jpg\" title=\"Celebracion fiestas navidenas pediatrias IGSS-19\"  data-caption=\"\"  data-description=\"\">\r\n                                <img decoding=\"async\" src=\"\/wp-content\/uploads\/sites\/5\/2018\/12\/Celebracion-fiestas-navidenas-pediatrias-IGSS-19-630x420.jpg\" srcset=\"\/wp-content\/uploads\/sites\/5\/2018\/12\/Celebracion-fiestas-navidenas-pediatrias-IGSS-19-630x420.jpg 630w, \/wp-content\/uploads\/sites\/5\/2018\/12\/Celebracion-fiestas-navidenas-pediatrias-IGSS-19-1536x1024.jpg 1536w, \/wp-content\/uploads\/sites\/5\/2018\/12\/Celebracion-fiestas-navidenas-pediatrias-IGSS-19-300x200.jpg 300w, \/wp-content\/uploads\/sites\/5\/2018\/12\/Celebracion-fiestas-navidenas-pediatrias-IGSS-19-768x512.jpg 768w, \/wp-content\/uploads\/sites\/5\/2018\/12\/Celebracion-fiestas-navidenas-pediatrias-IGSS-19-1024x682.jpg 1024w, \/wp-content\/uploads\/sites\/5\/2018\/12\/Celebracion-fiestas-navidenas-pediatrias-IGSS-19-696x464.jpg 696w, \/wp-content\/uploads\/sites\/5\/2018\/12\/Celebracion-fiestas-navidenas-pediatrias-IGSS-19-1068x712.jpg 1068w, \/wp-content\/uploads\/sites\/5\/2018\/12\/Celebracion-fiestas-navidenas-pediatrias-IGSS-19-534x356.jpg 534w, \/wp-content\/uploads\/sites\/5\/2018\/12\/Celebracion-fiestas-navidenas-pediatrias-IGSS-19-1920x1280.jpg 1920w, \/wp-content\/uploads\/sites\/5\/2018\/12\/Celebracion-fiestas-navidenas-pediatrias-IGSS-19.jpg 2000w\" sizes=\"(max-width: 630px) 100vw, 630px\" alt=\"\">\r\n                            <\/a>\r\n                            \r\n                        <\/figure>\r\n                    <\/div>\r\n                    <div class = \"td-slide-item td-item20\">\r\n                        <figure class=\"td-slide-galery-figure td-slide-popup-gallery\">\r\n                            <a class=\"slide-gallery-image-link\" href=\"\/wp-content\/uploads\/sites\/5\/2018\/12\/Celebracion-fiestas-navidenas-pediatrias-IGSS-20.jpg\" title=\"Celebracion fiestas navidenas pediatrias IGSS-20\"  data-caption=\"\"  data-description=\"\">\r\n                                <img decoding=\"async\" src=\"\/wp-content\/uploads\/sites\/5\/2018\/12\/Celebracion-fiestas-navidenas-pediatrias-IGSS-20-630x420.jpg\" srcset=\"\/wp-content\/uploads\/sites\/5\/2018\/12\/Celebracion-fiestas-navidenas-pediatrias-IGSS-20-630x420.jpg 630w, \/wp-content\/uploads\/sites\/5\/2018\/12\/Celebracion-fiestas-navidenas-pediatrias-IGSS-20-1536x1024.jpg 1536w, \/wp-content\/uploads\/sites\/5\/2018\/12\/Celebracion-fiestas-navidenas-pediatrias-IGSS-20-300x200.jpg 300w, \/wp-content\/uploads\/sites\/5\/2018\/12\/Celebracion-fiestas-navidenas-pediatrias-IGSS-20-768x512.jpg 768w, \/wp-content\/uploads\/sites\/5\/2018\/12\/Celebracion-fiestas-navidenas-pediatrias-IGSS-20-1024x682.jpg 1024w, \/wp-content\/uploads\/sites\/5\/2018\/12\/Celebracion-fiestas-navidenas-pediatrias-IGSS-20-696x464.jpg 696w, \/wp-content\/uploads\/sites\/5\/2018\/12\/Celebracion-fiestas-navidenas-pediatrias-IGSS-20-1068x712.jpg 1068w, \/wp-content\/uploads\/sites\/5\/2018\/12\/Celebracion-fiestas-navidenas-pediatrias-IGSS-20-534x356.jpg 534w, \/wp-content\/uploads\/sites\/5\/2018\/12\/Celebracion-fiestas-navidenas-pediatrias-IGSS-20-1920x1280.jpg 1920w, \/wp-content\/uploads\/sites\/5\/2018\/12\/Celebracion-fiestas-navidenas-pediatrias-IGSS-20.jpg 2000w\" sizes=\"(max-width: 630px) 100vw, 630px\" alt=\"\">\r\n                            <\/a>\r\n                            \r\n                        <\/figure>\r\n                    <\/div>\r\n                    <div class = \"td-slide-item td-item21\">\r\n                        <figure class=\"td-slide-galery-figure td-slide-popup-gallery\">\r\n                            <a class=\"slide-gallery-image-link\" href=\"\/wp-content\/uploads\/sites\/5\/2018\/12\/Celebracion-fiestas-navidenas-pediatrias-IGSS-21.jpg\" title=\"Celebracion fiestas navidenas pediatrias IGSS-21\"  data-caption=\"\"  data-description=\"\">\r\n                                <img decoding=\"async\" src=\"\/wp-content\/uploads\/sites\/5\/2018\/12\/Celebracion-fiestas-navidenas-pediatrias-IGSS-21-630x420.jpg\" srcset=\"\/wp-content\/uploads\/sites\/5\/2018\/12\/Celebracion-fiestas-navidenas-pediatrias-IGSS-21-630x420.jpg 630w, \/wp-content\/uploads\/sites\/5\/2018\/12\/Celebracion-fiestas-navidenas-pediatrias-IGSS-21-1536x1024.jpg 1536w, \/wp-content\/uploads\/sites\/5\/2018\/12\/Celebracion-fiestas-navidenas-pediatrias-IGSS-21-300x200.jpg 300w, \/wp-content\/uploads\/sites\/5\/2018\/12\/Celebracion-fiestas-navidenas-pediatrias-IGSS-21-768x512.jpg 768w, \/wp-content\/uploads\/sites\/5\/2018\/12\/Celebracion-fiestas-navidenas-pediatrias-IGSS-21-1024x682.jpg 1024w, \/wp-content\/uploads\/sites\/5\/2018\/12\/Celebracion-fiestas-navidenas-pediatrias-IGSS-21-696x464.jpg 696w, \/wp-content\/uploads\/sites\/5\/2018\/12\/Celebracion-fiestas-navidenas-pediatrias-IGSS-21-1068x712.jpg 1068w, \/wp-content\/uploads\/sites\/5\/2018\/12\/Celebracion-fiestas-navidenas-pediatrias-IGSS-21-534x356.jpg 534w, \/wp-content\/uploads\/sites\/5\/2018\/12\/Celebracion-fiestas-navidenas-pediatrias-IGSS-21-1920x1280.jpg 1920w, \/wp-content\/uploads\/sites\/5\/2018\/12\/Celebracion-fiestas-navidenas-pediatrias-IGSS-21.jpg 2000w\" sizes=\"(max-width: 630px) 100vw, 630px\" alt=\"\">\r\n                            <\/a>\r\n                            \r\n                        <\/figure>\r\n                    <\/div>\r\n                    <div class = \"td-slide-item td-item22\">\r\n                        <figure class=\"td-slide-galery-figure td-slide-popup-gallery\">\r\n                            <a class=\"slide-gallery-image-link\" href=\"\/wp-content\/uploads\/sites\/5\/2018\/12\/Celebracion-fiestas-navidenas-pediatrias-IGSS-22.jpg\" title=\"Celebracion fiestas navidenas pediatrias IGSS-22\"  data-caption=\"\"  data-description=\"\">\r\n                                <img decoding=\"async\" src=\"\/wp-content\/uploads\/sites\/5\/2018\/12\/Celebracion-fiestas-navidenas-pediatrias-IGSS-22-630x420.jpg\" srcset=\"\/wp-content\/uploads\/sites\/5\/2018\/12\/Celebracion-fiestas-navidenas-pediatrias-IGSS-22-630x420.jpg 630w, \/wp-content\/uploads\/sites\/5\/2018\/12\/Celebracion-fiestas-navidenas-pediatrias-IGSS-22-1536x1024.jpg 1536w, \/wp-content\/uploads\/sites\/5\/2018\/12\/Celebracion-fiestas-navidenas-pediatrias-IGSS-22-300x200.jpg 300w, \/wp-content\/uploads\/sites\/5\/2018\/12\/Celebracion-fiestas-navidenas-pediatrias-IGSS-22-768x512.jpg 768w, \/wp-content\/uploads\/sites\/5\/2018\/12\/Celebracion-fiestas-navidenas-pediatrias-IGSS-22-1024x682.jpg 1024w, \/wp-content\/uploads\/sites\/5\/2018\/12\/Celebracion-fiestas-navidenas-pediatrias-IGSS-22-696x464.jpg 696w, \/wp-content\/uploads\/sites\/5\/2018\/12\/Celebracion-fiestas-navidenas-pediatrias-IGSS-22-1068x712.jpg 1068w, \/wp-content\/uploads\/sites\/5\/2018\/12\/Celebracion-fiestas-navidenas-pediatrias-IGSS-22-534x356.jpg 534w, \/wp-content\/uploads\/sites\/5\/2018\/12\/Celebracion-fiestas-navidenas-pediatrias-IGSS-22-1920x1280.jpg 1920w, \/wp-content\/uploads\/sites\/5\/2018\/12\/Celebracion-fiestas-navidenas-pediatrias-IGSS-22.jpg 2000w\" sizes=\"(max-width: 630px) 100vw, 630px\" alt=\"\">\r\n                            <\/a>\r\n                            \r\n                        <\/figure>\r\n                    <\/div>\r\n                    <div class = \"td-slide-item td-item23\">\r\n                        <figure class=\"td-slide-galery-figure td-slide-popup-gallery\">\r\n                            <a class=\"slide-gallery-image-link\" href=\"\/wp-content\/uploads\/sites\/5\/2018\/12\/Celebracion-fiestas-navidenas-pediatrias-IGSS-23.jpg\" title=\"Celebracion fiestas navidenas pediatrias IGSS-23\"  data-caption=\"\"  data-description=\"\">\r\n                                <img decoding=\"async\" src=\"\/wp-content\/uploads\/sites\/5\/2018\/12\/Celebracion-fiestas-navidenas-pediatrias-IGSS-23-630x420.jpg\" srcset=\"\/wp-content\/uploads\/sites\/5\/2018\/12\/Celebracion-fiestas-navidenas-pediatrias-IGSS-23-630x420.jpg 630w, \/wp-content\/uploads\/sites\/5\/2018\/12\/Celebracion-fiestas-navidenas-pediatrias-IGSS-23-1536x1024.jpg 1536w, \/wp-content\/uploads\/sites\/5\/2018\/12\/Celebracion-fiestas-navidenas-pediatrias-IGSS-23-300x200.jpg 300w, \/wp-content\/uploads\/sites\/5\/2018\/12\/Celebracion-fiestas-navidenas-pediatrias-IGSS-23-768x512.jpg 768w, \/wp-content\/uploads\/sites\/5\/2018\/12\/Celebracion-fiestas-navidenas-pediatrias-IGSS-23-1024x682.jpg 1024w, \/wp-content\/uploads\/sites\/5\/2018\/12\/Celebracion-fiestas-navidenas-pediatrias-IGSS-23-696x464.jpg 696w, \/wp-content\/uploads\/sites\/5\/2018\/12\/Celebracion-fiestas-navidenas-pediatrias-IGSS-23-1068x712.jpg 1068w, \/wp-content\/uploads\/sites\/5\/2018\/12\/Celebracion-fiestas-navidenas-pediatrias-IGSS-23-534x356.jpg 534w, \/wp-content\/uploads\/sites\/5\/2018\/12\/Celebracion-fiestas-navidenas-pediatrias-IGSS-23-1920x1280.jpg 1920w, \/wp-content\/uploads\/sites\/5\/2018\/12\/Celebracion-fiestas-navidenas-pediatrias-IGSS-23.jpg 2000w\" sizes=\"(max-width: 630px) 100vw, 630px\" alt=\"\">\r\n                            <\/a>\r\n                            \r\n                        <\/figure>\r\n                    <\/div>\r\n                    <div class = \"td-slide-item td-item24\">\r\n                        <figure class=\"td-slide-galery-figure td-slide-popup-gallery\">\r\n                            <a class=\"slide-gallery-image-link\" href=\"\/wp-content\/uploads\/sites\/5\/2018\/12\/Celebracion-fiestas-navidenas-pediatrias-IGSS-24.jpg\" title=\"Celebracion fiestas navidenas pediatrias IGSS-24\"  data-caption=\"\"  data-description=\"\">\r\n                                <img decoding=\"async\" src=\"\/wp-content\/uploads\/sites\/5\/2018\/12\/Celebracion-fiestas-navidenas-pediatrias-IGSS-24-630x420.jpg\" srcset=\"\/wp-content\/uploads\/sites\/5\/2018\/12\/Celebracion-fiestas-navidenas-pediatrias-IGSS-24-630x420.jpg 630w, \/wp-content\/uploads\/sites\/5\/2018\/12\/Celebracion-fiestas-navidenas-pediatrias-IGSS-24-1536x1024.jpg 1536w, \/wp-content\/uploads\/sites\/5\/2018\/12\/Celebracion-fiestas-navidenas-pediatrias-IGSS-24-300x200.jpg 300w, \/wp-content\/uploads\/sites\/5\/2018\/12\/Celebracion-fiestas-navidenas-pediatrias-IGSS-24-768x512.jpg 768w, \/wp-content\/uploads\/sites\/5\/2018\/12\/Celebracion-fiestas-navidenas-pediatrias-IGSS-24-1024x682.jpg 1024w, \/wp-content\/uploads\/sites\/5\/2018\/12\/Celebracion-fiestas-navidenas-pediatrias-IGSS-24-696x464.jpg 696w, \/wp-content\/uploads\/sites\/5\/2018\/12\/Celebracion-fiestas-navidenas-pediatrias-IGSS-24-1068x712.jpg 1068w, \/wp-content\/uploads\/sites\/5\/2018\/12\/Celebracion-fiestas-navidenas-pediatrias-IGSS-24-534x356.jpg 534w, \/wp-content\/uploads\/sites\/5\/2018\/12\/Celebracion-fiestas-navidenas-pediatrias-IGSS-24-1920x1280.jpg 1920w, \/wp-content\/uploads\/sites\/5\/2018\/12\/Celebracion-fiestas-navidenas-pediatrias-IGSS-24.jpg 2000w\" sizes=\"(max-width: 630px) 100vw, 630px\" alt=\"\">\r\n                            <\/a>\r\n                            \r\n                        <\/figure>\r\n                    <\/div>\r\n                    <div class = \"td-slide-item td-item25\">\r\n                        <figure class=\"td-slide-galery-figure td-slide-popup-gallery\">\r\n                            <a class=\"slide-gallery-image-link\" href=\"\/wp-content\/uploads\/sites\/5\/2018\/12\/Celebracion-fiestas-navidenas-pediatrias-IGSS-25.jpg\" title=\"Celebracion fiestas navidenas pediatrias IGSS-25\"  data-caption=\"\"  data-description=\"\">\r\n                                <img decoding=\"async\" src=\"\/wp-content\/uploads\/sites\/5\/2018\/12\/Celebracion-fiestas-navidenas-pediatrias-IGSS-25-630x420.jpg\" srcset=\"\/wp-content\/uploads\/sites\/5\/2018\/12\/Celebracion-fiestas-navidenas-pediatrias-IGSS-25-630x420.jpg 630w, \/wp-content\/uploads\/sites\/5\/2018\/12\/Celebracion-fiestas-navidenas-pediatrias-IGSS-25-1536x1024.jpg 1536w, \/wp-content\/uploads\/sites\/5\/2018\/12\/Celebracion-fiestas-navidenas-pediatrias-IGSS-25-300x200.jpg 300w, \/wp-content\/uploads\/sites\/5\/2018\/12\/Celebracion-fiestas-navidenas-pediatrias-IGSS-25-768x512.jpg 768w, \/wp-content\/uploads\/sites\/5\/2018\/12\/Celebracion-fiestas-navidenas-pediatrias-IGSS-25-1024x682.jpg 1024w, \/wp-content\/uploads\/sites\/5\/2018\/12\/Celebracion-fiestas-navidenas-pediatrias-IGSS-25-696x464.jpg 696w, \/wp-content\/uploads\/sites\/5\/2018\/12\/Celebracion-fiestas-navidenas-pediatrias-IGSS-25-1068x712.jpg 1068w, \/wp-content\/uploads\/sites\/5\/2018\/12\/Celebracion-fiestas-navidenas-pediatrias-IGSS-25-534x356.jpg 534w, \/wp-content\/uploads\/sites\/5\/2018\/12\/Celebracion-fiestas-navidenas-pediatrias-IGSS-25.jpg 2000w\" sizes=\"(max-width: 630px) 100vw, 630px\" alt=\"\">\r\n                            <\/a>\r\n                            \r\n                        <\/figure>\r\n                    <\/div>\r\n                    <div class = \"td-slide-item td-item26\">\r\n                        <figure class=\"td-slide-galery-figure td-slide-popup-gallery\">\r\n                            <a class=\"slide-gallery-image-link\" href=\"\/wp-content\/uploads\/sites\/5\/2018\/12\/Celebracion-fiestas-navidenas-pediatrias-IGSS-26.jpg\" title=\"Celebracion fiestas navidenas pediatrias IGSS-26\"  data-caption=\"\"  data-description=\"\">\r\n                                <img decoding=\"async\" src=\"\/wp-content\/uploads\/sites\/5\/2018\/12\/Celebracion-fiestas-navidenas-pediatrias-IGSS-26-630x420.jpg\" srcset=\"\/wp-content\/uploads\/sites\/5\/2018\/12\/Celebracion-fiestas-navidenas-pediatrias-IGSS-26-630x420.jpg 630w, \/wp-content\/uploads\/sites\/5\/2018\/12\/Celebracion-fiestas-navidenas-pediatrias-IGSS-26-1536x1024.jpg 1536w, \/wp-content\/uploads\/sites\/5\/2018\/12\/Celebracion-fiestas-navidenas-pediatrias-IGSS-26-300x200.jpg 300w, \/wp-content\/uploads\/sites\/5\/2018\/12\/Celebracion-fiestas-navidenas-pediatrias-IGSS-26-768x512.jpg 768w, \/wp-content\/uploads\/sites\/5\/2018\/12\/Celebracion-fiestas-navidenas-pediatrias-IGSS-26-1024x682.jpg 1024w, \/wp-content\/uploads\/sites\/5\/2018\/12\/Celebracion-fiestas-navidenas-pediatrias-IGSS-26-696x464.jpg 696w, \/wp-content\/uploads\/sites\/5\/2018\/12\/Celebracion-fiestas-navidenas-pediatrias-IGSS-26-1068x712.jpg 1068w, \/wp-content\/uploads\/sites\/5\/2018\/12\/Celebracion-fiestas-navidenas-pediatrias-IGSS-26-534x356.jpg 534w, \/wp-content\/uploads\/sites\/5\/2018\/12\/Celebracion-fiestas-navidenas-pediatrias-IGSS-26-1920x1280.jpg 1920w, \/wp-content\/uploads\/sites\/5\/2018\/12\/Celebracion-fiestas-navidenas-pediatrias-IGSS-26.jpg 2000w\" sizes=\"(max-width: 630px) 100vw, 630px\" alt=\"\">\r\n                            <\/a>\r\n                            \r\n                        <\/figure>\r\n                    <\/div>\r\n                    <div class = \"td-slide-item td-item27\">\r\n                        <figure class=\"td-slide-galery-figure td-slide-popup-gallery\">\r\n                            <a class=\"slide-gallery-image-link\" href=\"\/wp-content\/uploads\/sites\/5\/2018\/12\/Celebracion-fiestas-navidenas-pediatrias-IGSS-27.jpg\" title=\"Celebracion fiestas navidenas pediatrias IGSS-27\"  data-caption=\"\"  data-description=\"\">\r\n                                <img decoding=\"async\" src=\"\/wp-content\/uploads\/sites\/5\/2018\/12\/Celebracion-fiestas-navidenas-pediatrias-IGSS-27-630x420.jpg\" srcset=\"\/wp-content\/uploads\/sites\/5\/2018\/12\/Celebracion-fiestas-navidenas-pediatrias-IGSS-27-630x420.jpg 630w, \/wp-content\/uploads\/sites\/5\/2018\/12\/Celebracion-fiestas-navidenas-pediatrias-IGSS-27-1536x1024.jpg 1536w, \/wp-content\/uploads\/sites\/5\/2018\/12\/Celebracion-fiestas-navidenas-pediatrias-IGSS-27-300x200.jpg 300w, \/wp-content\/uploads\/sites\/5\/2018\/12\/Celebracion-fiestas-navidenas-pediatrias-IGSS-27-768x512.jpg 768w, \/wp-content\/uploads\/sites\/5\/2018\/12\/Celebracion-fiestas-navidenas-pediatrias-IGSS-27-1024x682.jpg 1024w, \/wp-content\/uploads\/sites\/5\/2018\/12\/Celebracion-fiestas-navidenas-pediatrias-IGSS-27-696x464.jpg 696w, \/wp-content\/uploads\/sites\/5\/2018\/12\/Celebracion-fiestas-navidenas-pediatrias-IGSS-27-1068x712.jpg 1068w, \/wp-content\/uploads\/sites\/5\/2018\/12\/Celebracion-fiestas-navidenas-pediatrias-IGSS-27-534x356.jpg 534w, \/wp-content\/uploads\/sites\/5\/2018\/12\/Celebracion-fiestas-navidenas-pediatrias-IGSS-27-1920x1280.jpg 1920w, \/wp-content\/uploads\/sites\/5\/2018\/12\/Celebracion-fiestas-navidenas-pediatrias-IGSS-27.jpg 2000w\" sizes=\"(max-width: 630px) 100vw, 630px\" alt=\"\">\r\n                            <\/a>\r\n                            \r\n                        <\/figure>\r\n                    <\/div>\r\n                    <div class = \"td-slide-item td-item28\">\r\n                        <figure class=\"td-slide-galery-figure td-slide-popup-gallery\">\r\n                            <a class=\"slide-gallery-image-link\" href=\"\/wp-content\/uploads\/sites\/5\/2018\/12\/Celebracion-fiestas-navidenas-pediatrias-IGSS-28.jpg\" title=\"Celebracion fiestas navidenas pediatrias IGSS-28\"  data-caption=\"\"  data-description=\"\">\r\n                                <img decoding=\"async\" src=\"\/wp-content\/uploads\/sites\/5\/2018\/12\/Celebracion-fiestas-navidenas-pediatrias-IGSS-28-630x420.jpg\" srcset=\"\/wp-content\/uploads\/sites\/5\/2018\/12\/Celebracion-fiestas-navidenas-pediatrias-IGSS-28-630x420.jpg 630w, \/wp-content\/uploads\/sites\/5\/2018\/12\/Celebracion-fiestas-navidenas-pediatrias-IGSS-28-1536x1024.jpg 1536w, \/wp-content\/uploads\/sites\/5\/2018\/12\/Celebracion-fiestas-navidenas-pediatrias-IGSS-28-300x200.jpg 300w, \/wp-content\/uploads\/sites\/5\/2018\/12\/Celebracion-fiestas-navidenas-pediatrias-IGSS-28-768x512.jpg 768w, \/wp-content\/uploads\/sites\/5\/2018\/12\/Celebracion-fiestas-navidenas-pediatrias-IGSS-28-1024x682.jpg 1024w, \/wp-content\/uploads\/sites\/5\/2018\/12\/Celebracion-fiestas-navidenas-pediatrias-IGSS-28-696x464.jpg 696w, \/wp-content\/uploads\/sites\/5\/2018\/12\/Celebracion-fiestas-navidenas-pediatrias-IGSS-28-1068x712.jpg 1068w, \/wp-content\/uploads\/sites\/5\/2018\/12\/Celebracion-fiestas-navidenas-pediatrias-IGSS-28-534x356.jpg 534w, \/wp-content\/uploads\/sites\/5\/2018\/12\/Celebracion-fiestas-navidenas-pediatrias-IGSS-28-1920x1280.jpg 1920w, \/wp-content\/uploads\/sites\/5\/2018\/12\/Celebracion-fiestas-navidenas-pediatrias-IGSS-28.jpg 2000w\" sizes=\"(max-width: 630px) 100vw, 630px\" alt=\"\">\r\n                            <\/a>\r\n                            \r\n                        <\/figure>\r\n                    <\/div>\r\n                    <div class = \"td-slide-item td-item29\">\r\n                        <figure class=\"td-slide-galery-figure td-slide-popup-gallery\">\r\n                            <a class=\"slide-gallery-image-link\" href=\"\/wp-content\/uploads\/sites\/5\/2018\/12\/Celebracion-fiestas-navidenas-pediatrias-IGSS-31.jpg\" title=\"Celebracion fiestas navidenas pediatrias IGSS-31\"  data-caption=\"\"  data-description=\"\">\r\n                                <img decoding=\"async\" src=\"\/wp-content\/uploads\/sites\/5\/2018\/12\/Celebracion-fiestas-navidenas-pediatrias-IGSS-31-630x420.jpg\" srcset=\"\/wp-content\/uploads\/sites\/5\/2018\/12\/Celebracion-fiestas-navidenas-pediatrias-IGSS-31-630x420.jpg 630w, \/wp-content\/uploads\/sites\/5\/2018\/12\/Celebracion-fiestas-navidenas-pediatrias-IGSS-31-1536x1024.jpg 1536w, \/wp-content\/uploads\/sites\/5\/2018\/12\/Celebracion-fiestas-navidenas-pediatrias-IGSS-31-300x200.jpg 300w, \/wp-content\/uploads\/sites\/5\/2018\/12\/Celebracion-fiestas-navidenas-pediatrias-IGSS-31-768x512.jpg 768w, \/wp-content\/uploads\/sites\/5\/2018\/12\/Celebracion-fiestas-navidenas-pediatrias-IGSS-31-1024x682.jpg 1024w, \/wp-content\/uploads\/sites\/5\/2018\/12\/Celebracion-fiestas-navidenas-pediatrias-IGSS-31-696x464.jpg 696w, \/wp-content\/uploads\/sites\/5\/2018\/12\/Celebracion-fiestas-navidenas-pediatrias-IGSS-31-1068x712.jpg 1068w, \/wp-content\/uploads\/sites\/5\/2018\/12\/Celebracion-fiestas-navidenas-pediatrias-IGSS-31-534x356.jpg 534w, \/wp-content\/uploads\/sites\/5\/2018\/12\/Celebracion-fiestas-navidenas-pediatrias-IGSS-31-1920x1280.jpg 1920w, \/wp-content\/uploads\/sites\/5\/2018\/12\/Celebracion-fiestas-navidenas-pediatrias-IGSS-31.jpg 2000w\" sizes=\"(max-width: 630px) 100vw, 630px\" alt=\"\">\r\n                            <\/a>\r\n                            \r\n                        <\/figure>\r\n                    <\/div>\r\n                    <div class = \"td-slide-item td-item30\">\r\n                        <figure class=\"td-slide-galery-figure td-slide-popup-gallery\">\r\n                            <a class=\"slide-gallery-image-link\" href=\"\/wp-content\/uploads\/sites\/5\/2018\/12\/Celebracion-fiestas-navidenas-pediatrias-IGSS-32.jpg\" title=\"Celebracion fiestas navidenas pediatrias IGSS-32\"  data-caption=\"\"  data-description=\"\">\r\n                                <img decoding=\"async\" src=\"\/wp-content\/uploads\/sites\/5\/2018\/12\/Celebracion-fiestas-navidenas-pediatrias-IGSS-32-630x420.jpg\" srcset=\"\/wp-content\/uploads\/sites\/5\/2018\/12\/Celebracion-fiestas-navidenas-pediatrias-IGSS-32-630x420.jpg 630w, \/wp-content\/uploads\/sites\/5\/2018\/12\/Celebracion-fiestas-navidenas-pediatrias-IGSS-32-1536x1024.jpg 1536w, \/wp-content\/uploads\/sites\/5\/2018\/12\/Celebracion-fiestas-navidenas-pediatrias-IGSS-32-300x200.jpg 300w, \/wp-content\/uploads\/sites\/5\/2018\/12\/Celebracion-fiestas-navidenas-pediatrias-IGSS-32-768x512.jpg 768w, \/wp-content\/uploads\/sites\/5\/2018\/12\/Celebracion-fiestas-navidenas-pediatrias-IGSS-32-1024x682.jpg 1024w, \/wp-content\/uploads\/sites\/5\/2018\/12\/Celebracion-fiestas-navidenas-pediatrias-IGSS-32-696x464.jpg 696w, \/wp-content\/uploads\/sites\/5\/2018\/12\/Celebracion-fiestas-navidenas-pediatrias-IGSS-32-1068x712.jpg 1068w, \/wp-content\/uploads\/sites\/5\/2018\/12\/Celebracion-fiestas-navidenas-pediatrias-IGSS-32-534x356.jpg 534w, \/wp-content\/uploads\/sites\/5\/2018\/12\/Celebracion-fiestas-navidenas-pediatrias-IGSS-32-1920x1280.jpg 1920w, \/wp-content\/uploads\/sites\/5\/2018\/12\/Celebracion-fiestas-navidenas-pediatrias-IGSS-32.jpg 2000w\" sizes=\"(max-width: 630px) 100vw, 630px\" alt=\"\">\r\n                            <\/a>\r\n                            \r\n                        <\/figure>\r\n                    <\/div>\r\n                    <div class = \"td-slide-item td-item31\">\r\n                        <figure class=\"td-slide-galery-figure td-slide-popup-gallery\">\r\n                            <a class=\"slide-gallery-image-link\" href=\"\/wp-content\/uploads\/sites\/5\/2018\/12\/Celebracion-fiestas-navidenas-pediatrias-IGSS-33.jpg\" title=\"Celebracion fiestas navidenas pediatrias IGSS-33\"  data-caption=\"\"  data-description=\"\">\r\n                                <img decoding=\"async\" src=\"\/wp-content\/uploads\/sites\/5\/2018\/12\/Celebracion-fiestas-navidenas-pediatrias-IGSS-33-630x420.jpg\" srcset=\"\/wp-content\/uploads\/sites\/5\/2018\/12\/Celebracion-fiestas-navidenas-pediatrias-IGSS-33-630x420.jpg 630w, \/wp-content\/uploads\/sites\/5\/2018\/12\/Celebracion-fiestas-navidenas-pediatrias-IGSS-33-1536x1024.jpg 1536w, \/wp-content\/uploads\/sites\/5\/2018\/12\/Celebracion-fiestas-navidenas-pediatrias-IGSS-33-300x200.jpg 300w, \/wp-content\/uploads\/sites\/5\/2018\/12\/Celebracion-fiestas-navidenas-pediatrias-IGSS-33-768x512.jpg 768w, \/wp-content\/uploads\/sites\/5\/2018\/12\/Celebracion-fiestas-navidenas-pediatrias-IGSS-33-1024x682.jpg 1024w, \/wp-content\/uploads\/sites\/5\/2018\/12\/Celebracion-fiestas-navidenas-pediatrias-IGSS-33-696x464.jpg 696w, \/wp-content\/uploads\/sites\/5\/2018\/12\/Celebracion-fiestas-navidenas-pediatrias-IGSS-33-1068x712.jpg 1068w, \/wp-content\/uploads\/sites\/5\/2018\/12\/Celebracion-fiestas-navidenas-pediatrias-IGSS-33-534x356.jpg 534w, \/wp-content\/uploads\/sites\/5\/2018\/12\/Celebracion-fiestas-navidenas-pediatrias-IGSS-33-1920x1280.jpg 1920w, \/wp-content\/uploads\/sites\/5\/2018\/12\/Celebracion-fiestas-navidenas-pediatrias-IGSS-33.jpg 2000w\" sizes=\"(max-width: 630px) 100vw, 630px\" alt=\"\">\r\n                            <\/a>\r\n                            \r\n                        <\/figure>\r\n                    <\/div>\r\n                    <div class = \"td-slide-item td-item32\">\r\n                        <figure class=\"td-slide-galery-figure td-slide-popup-gallery\">\r\n                            <a class=\"slide-gallery-image-link\" href=\"\/wp-content\/uploads\/sites\/5\/2018\/12\/Celebracion-fiestas-navidenas-pediatrias-IGSS-34.jpg\" title=\"Celebracion fiestas navidenas pediatrias IGSS-34\"  data-caption=\"\"  data-description=\"\">\r\n                                <img decoding=\"async\" src=\"\/wp-content\/uploads\/sites\/5\/2018\/12\/Celebracion-fiestas-navidenas-pediatrias-IGSS-34-630x420.jpg\" srcset=\"\/wp-content\/uploads\/sites\/5\/2018\/12\/Celebracion-fiestas-navidenas-pediatrias-IGSS-34-630x420.jpg 630w, \/wp-content\/uploads\/sites\/5\/2018\/12\/Celebracion-fiestas-navidenas-pediatrias-IGSS-34-1536x1024.jpg 1536w, \/wp-content\/uploads\/sites\/5\/2018\/12\/Celebracion-fiestas-navidenas-pediatrias-IGSS-34-300x200.jpg 300w, \/wp-content\/uploads\/sites\/5\/2018\/12\/Celebracion-fiestas-navidenas-pediatrias-IGSS-34-768x512.jpg 768w, \/wp-content\/uploads\/sites\/5\/2018\/12\/Celebracion-fiestas-navidenas-pediatrias-IGSS-34-1024x682.jpg 1024w, \/wp-content\/uploads\/sites\/5\/2018\/12\/Celebracion-fiestas-navidenas-pediatrias-IGSS-34-696x464.jpg 696w, \/wp-content\/uploads\/sites\/5\/2018\/12\/Celebracion-fiestas-navidenas-pediatrias-IGSS-34-1068x712.jpg 1068w, \/wp-content\/uploads\/sites\/5\/2018\/12\/Celebracion-fiestas-navidenas-pediatrias-IGSS-34-534x356.jpg 534w, \/wp-content\/uploads\/sites\/5\/2018\/12\/Celebracion-fiestas-navidenas-pediatrias-IGSS-34-1920x1280.jpg 1920w, \/wp-content\/uploads\/sites\/5\/2018\/12\/Celebracion-fiestas-navidenas-pediatrias-IGSS-34.jpg 2000w\" sizes=\"(max-width: 630px) 100vw, 630px\" alt=\"\">\r\n                            <\/a>\r\n                            \r\n                        <\/figure>\r\n                    <\/div>\r\n                    <div class = \"td-slide-item td-item33\">\r\n                        <figure class=\"td-slide-galery-figure td-slide-popup-gallery\">\r\n                            <a class=\"slide-gallery-image-link\" href=\"\/wp-content\/uploads\/sites\/5\/2018\/12\/Celebracion-fiestas-navidenas-pediatrias-IGSS-35.jpg\" title=\"Celebracion fiestas navidenas pediatrias IGSS-35\"  data-caption=\"\"  data-description=\"\">\r\n                                <img decoding=\"async\" src=\"\/wp-content\/uploads\/sites\/5\/2018\/12\/Celebracion-fiestas-navidenas-pediatrias-IGSS-35-630x420.jpg\" srcset=\"\/wp-content\/uploads\/sites\/5\/2018\/12\/Celebracion-fiestas-navidenas-pediatrias-IGSS-35-630x420.jpg 630w, \/wp-content\/uploads\/sites\/5\/2018\/12\/Celebracion-fiestas-navidenas-pediatrias-IGSS-35-1536x1024.jpg 1536w, \/wp-content\/uploads\/sites\/5\/2018\/12\/Celebracion-fiestas-navidenas-pediatrias-IGSS-35-300x200.jpg 300w, \/wp-content\/uploads\/sites\/5\/2018\/12\/Celebracion-fiestas-navidenas-pediatrias-IGSS-35-768x512.jpg 768w, \/wp-content\/uploads\/sites\/5\/2018\/12\/Celebracion-fiestas-navidenas-pediatrias-IGSS-35-1024x682.jpg 1024w, \/wp-content\/uploads\/sites\/5\/2018\/12\/Celebracion-fiestas-navidenas-pediatrias-IGSS-35-696x464.jpg 696w, \/wp-content\/uploads\/sites\/5\/2018\/12\/Celebracion-fiestas-navidenas-pediatrias-IGSS-35-1068x712.jpg 1068w, \/wp-content\/uploads\/sites\/5\/2018\/12\/Celebracion-fiestas-navidenas-pediatrias-IGSS-35-534x356.jpg 534w, \/wp-content\/uploads\/sites\/5\/2018\/12\/Celebracion-fiestas-navidenas-pediatrias-IGSS-35-1920x1280.jpg 1920w, \/wp-content\/uploads\/sites\/5\/2018\/12\/Celebracion-fiestas-navidenas-pediatrias-IGSS-35.jpg 2000w\" sizes=\"(max-width: 630px) 100vw, 630px\" alt=\"\">\r\n                            <\/a>\r\n                            \r\n                        <\/figure>\r\n                    <\/div>\r\n                    <div class = \"td-slide-item td-item34\">\r\n                        <figure class=\"td-slide-galery-figure td-slide-popup-gallery\">\r\n                            <a class=\"slide-gallery-image-link\" href=\"\/wp-content\/uploads\/sites\/5\/2018\/12\/Celebracion-fiestas-navidenas-pediatrias-IGSS-36.jpg\" title=\"Celebracion fiestas navidenas pediatrias IGSS-36\"  data-caption=\"\"  data-description=\"\">\r\n                                <img decoding=\"async\" src=\"\/wp-content\/uploads\/sites\/5\/2018\/12\/Celebracion-fiestas-navidenas-pediatrias-IGSS-36-580x420.jpg\" srcset=\"\/wp-content\/uploads\/sites\/5\/2018\/12\/Celebracion-fiestas-navidenas-pediatrias-IGSS-36-580x420.jpg 580w, \/wp-content\/uploads\/sites\/5\/2018\/12\/Celebracion-fiestas-navidenas-pediatrias-IGSS-36-300x217.jpg 300w, \/wp-content\/uploads\/sites\/5\/2018\/12\/Celebracion-fiestas-navidenas-pediatrias-IGSS-36-768x556.jpg 768w, \/wp-content\/uploads\/sites\/5\/2018\/12\/Celebracion-fiestas-navidenas-pediatrias-IGSS-36-1024x741.jpg 1024w, \/wp-content\/uploads\/sites\/5\/2018\/12\/Celebracion-fiestas-navidenas-pediatrias-IGSS-36-696x504.jpg 696w, \/wp-content\/uploads\/sites\/5\/2018\/12\/Celebracion-fiestas-navidenas-pediatrias-IGSS-36-1068x773.jpg 1068w, \/wp-content\/uploads\/sites\/5\/2018\/12\/Celebracion-fiestas-navidenas-pediatrias-IGSS-36-324x235.jpg 324w, \/wp-content\/uploads\/sites\/5\/2018\/12\/Celebracion-fiestas-navidenas-pediatrias-IGSS-36-534x387.jpg 534w, \/wp-content\/uploads\/sites\/5\/2018\/12\/Celebracion-fiestas-navidenas-pediatrias-IGSS-36.jpg 1517w\" sizes=\"(max-width: 580px) 100vw, 580px\" alt=\"\">\r\n                            <\/a>\r\n                            \r\n                        <\/figure>\r\n                    <\/div>\r\n                    <div class = \"td-slide-item td-item35\">\r\n                        <figure class=\"td-slide-galery-figure td-slide-popup-gallery\">\r\n                            <a class=\"slide-gallery-image-link\" href=\"\/wp-content\/uploads\/sites\/5\/2018\/12\/Celebracion-fiestas-navidenas-pediatrias-IGSS-37.jpg\" title=\"Celebracion fiestas navidenas pediatrias IGSS-37\"  data-caption=\"\"  data-description=\"\">\r\n                                <img decoding=\"async\" src=\"\/wp-content\/uploads\/sites\/5\/2018\/12\/Celebracion-fiestas-navidenas-pediatrias-IGSS-37-630x420.jpg\" srcset=\"\/wp-content\/uploads\/sites\/5\/2018\/12\/Celebracion-fiestas-navidenas-pediatrias-IGSS-37-630x420.jpg 630w, \/wp-content\/uploads\/sites\/5\/2018\/12\/Celebracion-fiestas-navidenas-pediatrias-IGSS-37-1536x1024.jpg 1536w, \/wp-content\/uploads\/sites\/5\/2018\/12\/Celebracion-fiestas-navidenas-pediatrias-IGSS-37-300x200.jpg 300w, \/wp-content\/uploads\/sites\/5\/2018\/12\/Celebracion-fiestas-navidenas-pediatrias-IGSS-37-768x512.jpg 768w, \/wp-content\/uploads\/sites\/5\/2018\/12\/Celebracion-fiestas-navidenas-pediatrias-IGSS-37-1024x682.jpg 1024w, \/wp-content\/uploads\/sites\/5\/2018\/12\/Celebracion-fiestas-navidenas-pediatrias-IGSS-37-696x464.jpg 696w, \/wp-content\/uploads\/sites\/5\/2018\/12\/Celebracion-fiestas-navidenas-pediatrias-IGSS-37-1068x712.jpg 1068w, \/wp-content\/uploads\/sites\/5\/2018\/12\/Celebracion-fiestas-navidenas-pediatrias-IGSS-37-534x356.jpg 534w, \/wp-content\/uploads\/sites\/5\/2018\/12\/Celebracion-fiestas-navidenas-pediatrias-IGSS-37-1920x1280.jpg 1920w, \/wp-content\/uploads\/sites\/5\/2018\/12\/Celebracion-fiestas-navidenas-pediatrias-IGSS-37.jpg 2000w\" sizes=\"(max-width: 630px) 100vw, 630px\" alt=\"\">\r\n                            <\/a>\r\n                            \r\n                        <\/figure>\r\n                    <\/div>\r\n                            <\/div>\r\n                        <\/div>\r\n\r\n                        <div class = \"td-doubleSlider-2\">\r\n                            <div class = \"td-slider\">\r\n                                \r\n                    <div class = \"td-button td-item1\">\r\n                        <div class = \"td-border\"><\/div>\r\n                    <\/div>\r\n                    <div class = \"td-button td-item2\">\r\n                        <div class = \"td-border\"><\/div>\r\n                    <\/div>\r\n                    <div class = \"td-button td-item3\">\r\n                        <div class = \"td-border\"><\/div>\r\n                    <\/div>\r\n                    <div class = \"td-button td-item4\">\r\n                        <div class = \"td-border\"><\/div>\r\n                    <\/div>\r\n                    <div class = \"td-button td-item5\">\r\n                        <div class = \"td-border\"><\/div>\r\n                    <\/div>\r\n                    <div class = \"td-button td-item6\">\r\n                        <div class = \"td-border\"><\/div>\r\n                    <\/div>\r\n                    <div class = \"td-button td-item7\">\r\n                        <div class = \"td-border\"><\/div>\r\n                    <\/div>\r\n                    <div class = \"td-button td-item8\">\r\n                        <div class = \"td-border\"><\/div>\r\n                    <\/div>\r\n                    <div class = \"td-button td-item9\">\r\n                        <div class = \"td-border\"><\/div>\r\n                    <\/div>\r\n                    <div class = \"td-button td-item10\">\r\n                        <div class = \"td-border\"><\/div>\r\n                    <\/div>\r\n                    <div class = \"td-button td-item11\">\r\n                        <div class = \"td-border\"><\/div>\r\n                    <\/div>\r\n                    <div class = \"td-button td-item12\">\r\n                        <div class = \"td-border\"><\/div>\r\n                    <\/div>\r\n                    <div class = \"td-button td-item13\">\r\n                        <div class = \"td-border\"><\/div>\r\n                    <\/div>\r\n                    <div class = \"td-button td-item14\">\r\n                        <div class = \"td-border\"><\/div>\r\n                    <\/div>\r\n                    <div class = \"td-button td-item15\">\r\n                        <div class = \"td-border\"><\/div>\r\n                    <\/div>\r\n                    <div class = \"td-button td-item16\">\r\n                        <div class = \"td-border\"><\/div>\r\n                    <\/div>\r\n                    <div class = \"td-button td-item17\">\r\n                        <div class = \"td-border\"><\/div>\r\n                    <\/div>\r\n                    <div class = \"td-button td-item18\">\r\n                        <div class = \"td-border\"><\/div>\r\n                    <\/div>\r\n                    <div class = \"td-button td-item19\">\r\n                        <div class = \"td-border\"><\/div>\r\n                    <\/div>\r\n                    <div class = \"td-button td-item20\">\r\n                        <div class = \"td-border\"><\/div>\r\n                    <\/div>\r\n                    <div class = \"td-button td-item21\">\r\n                        <div class = \"td-border\"><\/div>\r\n                    <\/div>\r\n                    <div class = \"td-button td-item22\">\r\n                        <div class = \"td-border\"><\/div>\r\n                    <\/div>\r\n                    <div class = \"td-button td-item23\">\r\n                        <div class = \"td-border\"><\/div>\r\n                    <\/div>\r\n                    <div class = \"td-button td-item24\">\r\n                        <div class = \"td-border\"><\/div>\r\n                    <\/div>\r\n                    <div class = \"td-button td-item25\">\r\n                        <div class = \"td-border\"><\/div>\r\n                    <\/div>\r\n                    <div class = \"td-button td-item26\">\r\n                        <div class = \"td-border\"><\/div>\r\n                    <\/div>\r\n                    <div class = \"td-button td-item27\">\r\n                        <div class = \"td-border\"><\/div>\r\n                    <\/div>\r\n                    <div class = \"td-button td-item28\">\r\n                        <div class = \"td-border\"><\/div>\r\n                    <\/div>\r\n                    <div class = \"td-button td-item29\">\r\n                        <div class = \"td-border\"><\/div>\r\n                    <\/div>\r\n                    <div class = \"td-button td-item30\">\r\n                        <div class = \"td-border\"><\/div>\r\n                    <\/div>\r\n                    <div class = \"td-button td-item31\">\r\n                        <div class = \"td-border\"><\/div>\r\n                    <\/div>\r\n                    <div class = \"td-button td-item32\">\r\n                        <div class = \"td-border\"><\/div>\r\n                    <\/div>\r\n                    <div class = \"td-button td-item33\">\r\n                        <div class = \"td-border\"><\/div>\r\n                    <\/div>\r\n                    <div class = \"td-button td-item34\">\r\n                        <div class = \"td-border\"><\/div>\r\n                    <\/div>\r\n                    <div class = \"td-button td-item35\">\r\n                        <div class = \"td-border\"><\/div>\r\n                    <\/div>\r\n                            <\/div>\r\n                        <\/div>\r\n\r\n                    <\/div>\r\n\r\n                <\/div>\r\n                \n<hr \/>\n<p>&nbsp;<\/p>\n","protected":false},"excerpt":{"rendered":"<p>Personal m\u00e9dico, auxiliares de enfermer\u00eda, especialistas y otros colaboradores del Hospital General de Enfermedades y de la Unidad Perif\u00e9rica de la zona 5, del Instituto Guatemalteco de Seguridad Social (IGSS), celebraron una convivencia con pacientes del \u00e1rea de pediatr\u00eda, para compartir momentos de felicidad con ellos en estos d\u00edas previos a las fiestas de fin [&hellip;]<\/p>\n","protected":false},"author":4,"featured_media":8159,"comment_status":"open","ping_status":"open","sticky":false,"template":"","format":"standard","meta":{"footnotes":""},"categories":[3,24,29,36],"tags":[490,698],"coauthors":[],"class_list":{"0":"post-8134","1":"post","2":"type-post","3":"status-publish","4":"format-standard","5":"has-post-thumbnail","7":"category-actualidad","8":"category-pediatria","9":"category-publicaciones","10":"category-unidades-medicas","11":"tag-igss","12":"tag-pediatria"},"_links":{"self":[{"href":"https:\/\/www.igssgt.org\/noticias\/wp-json\/wp\/v2\/posts\/8134","targetHints":{"allow":["GET"]}}],"collection":[{"href":"https:\/\/www.igssgt.org\/noticias\/wp-json\/wp\/v2\/posts"}],"about":[{"href":"https:\/\/www.igssgt.org\/noticias\/wp-json\/wp\/v2\/types\/post"}],"author":[{"embeddable":true,"href":"https:\/\/www.igssgt.org\/noticias\/wp-json\/wp\/v2\/users\/4"}],"replies":[{"embeddable":true,"href":"https:\/\/www.igssgt.org\/noticias\/wp-json\/wp\/v2\/comments?post=8134"}],"version-history":[{"count":0,"href":"https:\/\/www.igssgt.org\/noticias\/wp-json\/wp\/v2\/posts\/8134\/revisions"}],"wp:featuredmedia":[{"embeddable":true,"href":"https:\/\/www.igssgt.org\/noticias\/wp-json\/wp\/v2\/media\/8159"}],"wp:attachment":[{"href":"https:\/\/www.igssgt.org\/noticias\/wp-json\/wp\/v2\/media?parent=8134"}],"wp:term":[{"taxonomy":"category","embeddable":true,"href":"https:\/\/www.igssgt.org\/noticias\/wp-json\/wp\/v2\/categories?post=8134"},{"taxonomy":"post_tag","embeddable":true,"href":"https:\/\/www.igssgt.org\/noticias\/wp-json\/wp\/v2\/tags?post=8134"},{"taxonomy":"author","embeddable":true,"href":"https:\/\/www.igssgt.org\/noticias\/wp-json\/wp\/v2\/coauthors?post=8134"}],"curies":[{"name":"wp","href":"https:\/\/api.w.org\/{rel}","templated":true}]}}