{"id":8238,"date":"2019-01-07T16:30:29","date_gmt":"2019-01-07T22:30:29","guid":{"rendered":"http:\/\/noticias.igssgt.org\/?p=8238"},"modified":"2019-01-07T16:30:29","modified_gmt":"2019-01-07T22:30:29","slug":"junta-directiva-del-igss-nombra-gerente-interino","status":"publish","type":"post","link":"https:\/\/www.igssgt.org\/noticias\/2019\/01\/07\/junta-directiva-del-igss-nombra-gerente-interino\/","title":{"rendered":"Junta Directiva del IGSS nombra Gerente interino"},"content":{"rendered":"<p>Por recomendaciones m\u00e9dicas el doctor \u00a0Vidal Heriberto Herrera Herrera, Gerente del Instituto Guatemalteco de Seguridad Social, estar\u00e1 ausente de sus funciones temporalmente, por lo que la Junta Directiva nombr\u00f3 de forma provisional al doctor Arturo Ernesto Garc\u00eda Aquino, con el prop\u00f3sito de garantizar la continuidad de los procesos administrativos y el funcionamiento del Instituto.<\/p>\n<p>El Dr. Garc\u00eda Aquino tiene amplia experiencia en diferentes cargos en el IGSS, actualmente ocupa el cargo de Subgerente de Prestaciones en Salud.<\/p>\n<p>Autoridades y personal del IGSS esperan la pronta recuperaci\u00f3n del Dr. Vidal Herrera, quien ha dedicado su vida y profesi\u00f3n por m\u00e1s de 20 a\u00f1os a la instituci\u00f3n de manera incondicional.<\/p>\n<p>La Junta Directiva da la certeza a los patronos, afiliados, beneficiarios y trabajadores, que la Instituci\u00f3n contin\u00faa funcionando con normalidad en la prestaci\u00f3n de los servicios en todas las unidades m\u00e9dicas.<\/p>\n<p>Guatemala, 7 de enero de 2019<\/p>\n<hr \/>\n<p>&nbsp;<\/p>\n","protected":false},"excerpt":{"rendered":"<p>Por recomendaciones m\u00e9dicas el doctor \u00a0Vidal Heriberto Herrera Herrera, Gerente del Instituto Guatemalteco de Seguridad Social, estar\u00e1 ausente de sus funciones temporalmente, por lo que la Junta Directiva nombr\u00f3 de forma provisional al doctor Arturo Ernesto Garc\u00eda Aquino, con el prop\u00f3sito de garantizar la continuidad de los procesos administrativos y el funcionamiento del Instituto. El [&hellip;]<\/p>\n","protected":false},"author":4,"featured_media":8243,"comment_status":"open","ping_status":"open","sticky":false,"template":"","format":"standard","meta":{"footnotes":""},"categories":[3,13,15,21,29],"tags":[341,490],"coauthors":[],"class_list":{"0":"post-8238","1":"post","2":"type-post","3":"status-publish","4":"format-standard","5":"has-post-thumbnail","7":"category-actualidad","8":"category-comunicados-de-prensa","9":"category-destacado","10":"category-junta-directiva-igss","11":"category-publicaciones","12":"tag-dr-vidal-herrera","13":"tag-igss"},"_links":{"self":[{"href":"https:\/\/www.igssgt.org\/noticias\/wp-json\/wp\/v2\/posts\/8238","targetHints":{"allow":["GET"]}}],"collection":[{"href":"https:\/\/www.igssgt.org\/noticias\/wp-json\/wp\/v2\/posts"}],"about":[{"href":"https:\/\/www.igssgt.org\/noticias\/wp-json\/wp\/v2\/types\/post"}],"author":[{"embeddable":true,"href":"https:\/\/www.igssgt.org\/noticias\/wp-json\/wp\/v2\/users\/4"}],"replies":[{"embeddable":true,"href":"https:\/\/www.igssgt.org\/noticias\/wp-json\/wp\/v2\/comments?post=8238"}],"version-history":[{"count":0,"href":"https:\/\/www.igssgt.org\/noticias\/wp-json\/wp\/v2\/posts\/8238\/revisions"}],"wp:featuredmedia":[{"embeddable":true,"href":"https:\/\/www.igssgt.org\/noticias\/wp-json\/wp\/v2\/media\/8243"}],"wp:attachment":[{"href":"https:\/\/www.igssgt.org\/noticias\/wp-json\/wp\/v2\/media?parent=8238"}],"wp:term":[{"taxonomy":"category","embeddable":true,"href":"https:\/\/www.igssgt.org\/noticias\/wp-json\/wp\/v2\/categories?post=8238"},{"taxonomy":"post_tag","embeddable":true,"href":"https:\/\/www.igssgt.org\/noticias\/wp-json\/wp\/v2\/tags?post=8238"},{"taxonomy":"author","embeddable":true,"href":"https:\/\/www.igssgt.org\/noticias\/wp-json\/wp\/v2\/coauthors?post=8238"}],"curies":[{"name":"wp","href":"https:\/\/api.w.org\/{rel}","templated":true}]}}