{"id":8278,"date":"2019-01-14T14:30:13","date_gmt":"2019-01-14T20:30:13","guid":{"rendered":"http:\/\/noticias.igssgt.org\/?p=8278"},"modified":"2019-01-14T14:30:13","modified_gmt":"2019-01-14T20:30:13","slug":"se-inicia-el-ciclo-ce-formacion-de-auxiliares-de-enfermeria","status":"publish","type":"post","link":"https:\/\/www.igssgt.org\/noticias\/2019\/01\/14\/se-inicia-el-ciclo-ce-formacion-de-auxiliares-de-enfermeria\/","title":{"rendered":"Se inicia el ciclo de formaci\u00f3n de Auxiliares de Enfermer\u00eda del IGSS"},"content":{"rendered":"<p>Un total de <strong>110 alumnos de la Escuela de Auxiliares de Enfermer\u00eda del Instituto Guatemalteco de Seguridad Social<\/strong> (IGSS) iniciaron este lunes su formaci\u00f3n acad\u00e9mica, la cual concluye en noviembre.<\/p>\n<p>La primera fase consta de 70 horas de teor\u00eda y la segunda de 350 horas, as\u00ed como de 490 horas de pr\u00e1ctica, por lo que al finalizar el curso el alumno debe reunir un <strong>m\u00ednimo de 800 horas entre teor\u00eda y pr\u00e1ctica.<\/strong><\/p>\n<p><img loading=\"lazy\" decoding=\"async\" class=\"alignnone size-large wp-image-8283\" src=\"\/noticias\/wp-content\/uploads\/sites\/5\/2019\/01\/Enfermer\u00eda-IGSS-1024x682.jpeg\" alt=\"\" width=\"696\" height=\"464\" srcset=\"\/wp-content\/uploads\/sites\/5\/2019\/01\/Enfermer\u00eda-IGSS-1024x682.jpeg 1024w, \/wp-content\/uploads\/sites\/5\/2019\/01\/Enfermer\u00eda-IGSS-300x200.jpeg 300w, \/wp-content\/uploads\/sites\/5\/2019\/01\/Enfermer\u00eda-IGSS-768x512.jpeg 768w, \/wp-content\/uploads\/sites\/5\/2019\/01\/Enfermer\u00eda-IGSS-630x420.jpeg 630w, \/wp-content\/uploads\/sites\/5\/2019\/01\/Enfermer\u00eda-IGSS-696x464.jpeg 696w, \/wp-content\/uploads\/sites\/5\/2019\/01\/Enfermer\u00eda-IGSS-1068x712.jpeg 1068w, \/wp-content\/uploads\/sites\/5\/2019\/01\/Enfermer\u00eda-IGSS-534x356.jpeg 534w, \/wp-content\/uploads\/sites\/5\/2019\/01\/Enfermer\u00eda-IGSS.jpeg 1280w\" sizes=\"auto, (max-width: 696px) 100vw, 696px\" \/>\u201cEste a\u00f1o la educaci\u00f3n se basar\u00e1 en competencias, lo cual significa que los estudiantes <strong>adquirir\u00e1n habilidades, destrezas y conocimientos en cada uno de los procedimientos de enfermer\u00eda<\/strong>\u201d, inform\u00f3 la licenciada Alva Jeanette Rodr\u00edguez, coordinadora de la escuela.<\/p>\n<p>Los ejes de esta formaci\u00f3n son: Teor\u00eda, pr\u00e1ctica, conocimientos en el \u00e1rea m\u00e9dico quir\u00fargico, vocaci\u00f3n de servicio, identificaci\u00f3n del contexto nacional, acciones que fomenten la salud y el uso correcto del material m\u00e9dico quir\u00fargico, precis\u00f3 la licenciada Rodr\u00edguez.<\/p>\n<p><img loading=\"lazy\" decoding=\"async\" class=\"alignnone size-large wp-image-8284\" src=\"\/noticias\/wp-content\/uploads\/sites\/5\/2019\/01\/Enfermer\u00eda-IGSS-3-1024x682.jpeg\" alt=\"\" width=\"696\" height=\"464\" srcset=\"\/wp-content\/uploads\/sites\/5\/2019\/01\/Enfermer\u00eda-IGSS-3-1024x682.jpeg 1024w, \/wp-content\/uploads\/sites\/5\/2019\/01\/Enfermer\u00eda-IGSS-3-300x200.jpeg 300w, \/wp-content\/uploads\/sites\/5\/2019\/01\/Enfermer\u00eda-IGSS-3-768x512.jpeg 768w, \/wp-content\/uploads\/sites\/5\/2019\/01\/Enfermer\u00eda-IGSS-3-630x420.jpeg 630w, \/wp-content\/uploads\/sites\/5\/2019\/01\/Enfermer\u00eda-IGSS-3-696x464.jpeg 696w, \/wp-content\/uploads\/sites\/5\/2019\/01\/Enfermer\u00eda-IGSS-3-1068x712.jpeg 1068w, \/wp-content\/uploads\/sites\/5\/2019\/01\/Enfermer\u00eda-IGSS-3-534x356.jpeg 534w, \/wp-content\/uploads\/sites\/5\/2019\/01\/Enfermer\u00eda-IGSS-3.jpeg 1280w\" sizes=\"auto, (max-width: 696px) 100vw, 696px\" \/>La educaci\u00f3n tiene como fin primordial <strong>formar profesionales de enfermer\u00eda capaces de brindar su servicio en los tres niveles de atenci\u00f3n<\/strong>: en el \u00e1rea comunitaria (centros y puestos de salud), consultorios y hospitales de alta complejidad.<\/p>\n<p>Los interesados en participar en la formaci\u00f3n como auxiliares de enfermer\u00eda pueden incorporarse al proceso de reclutamiento y selecci\u00f3n que se inicia en junio y presentarse a la 5a. avenida 1-00 zona 13, y adem\u00e1s pueden <strong>comunicarse al tel\u00e9fono 2412-1224, extensi\u00f3n 83479.<\/strong><\/p>\n","protected":false},"excerpt":{"rendered":"<p>Un total de 110 alumnos de la Escuela de Auxiliares de Enfermer\u00eda del Instituto Guatemalteco de Seguridad Social (IGSS) iniciaron este lunes su formaci\u00f3n acad\u00e9mica, la cual concluye en noviembre. La primera fase consta de 70 horas de teor\u00eda y la segunda de 350 horas, as\u00ed como de 490 horas de pr\u00e1ctica, por lo que [&hellip;]<\/p>\n","protected":false},"author":4,"featured_media":8281,"comment_status":"open","ping_status":"open","sticky":false,"template":"","format":"standard","meta":{"footnotes":""},"categories":[3,17],"tags":[416,490],"coauthors":[],"class_list":{"0":"post-8278","1":"post","2":"type-post","3":"status-publish","4":"format-standard","5":"has-post-thumbnail","7":"category-actualidad","8":"category-formacion-y-desarrollo","9":"tag-escuela-de-auxiliares-de-enfermeria-del-igss","10":"tag-igss"},"_links":{"self":[{"href":"https:\/\/www.igssgt.org\/noticias\/wp-json\/wp\/v2\/posts\/8278","targetHints":{"allow":["GET"]}}],"collection":[{"href":"https:\/\/www.igssgt.org\/noticias\/wp-json\/wp\/v2\/posts"}],"about":[{"href":"https:\/\/www.igssgt.org\/noticias\/wp-json\/wp\/v2\/types\/post"}],"author":[{"embeddable":true,"href":"https:\/\/www.igssgt.org\/noticias\/wp-json\/wp\/v2\/users\/4"}],"replies":[{"embeddable":true,"href":"https:\/\/www.igssgt.org\/noticias\/wp-json\/wp\/v2\/comments?post=8278"}],"version-history":[{"count":0,"href":"https:\/\/www.igssgt.org\/noticias\/wp-json\/wp\/v2\/posts\/8278\/revisions"}],"wp:featuredmedia":[{"embeddable":true,"href":"https:\/\/www.igssgt.org\/noticias\/wp-json\/wp\/v2\/media\/8281"}],"wp:attachment":[{"href":"https:\/\/www.igssgt.org\/noticias\/wp-json\/wp\/v2\/media?parent=8278"}],"wp:term":[{"taxonomy":"category","embeddable":true,"href":"https:\/\/www.igssgt.org\/noticias\/wp-json\/wp\/v2\/categories?post=8278"},{"taxonomy":"post_tag","embeddable":true,"href":"https:\/\/www.igssgt.org\/noticias\/wp-json\/wp\/v2\/tags?post=8278"},{"taxonomy":"author","embeddable":true,"href":"https:\/\/www.igssgt.org\/noticias\/wp-json\/wp\/v2\/coauthors?post=8278"}],"curies":[{"name":"wp","href":"https:\/\/api.w.org\/{rel}","templated":true}]}}