{"id":8368,"date":"2019-01-22T11:00:38","date_gmt":"2019-01-22T17:00:38","guid":{"rendered":"http:\/\/noticias.igssgt.org\/?p=8368"},"modified":"2022-04-26T18:04:32","modified_gmt":"2022-04-27T00:04:32","slug":"el-igss-hace-historia-con-el-lanzamiento-de-la-politica-preventiva","status":"publish","type":"post","link":"https:\/\/www.igssgt.org\/noticias\/2019\/01\/22\/el-igss-hace-historia-con-el-lanzamiento-de-la-politica-preventiva\/","title":{"rendered":"El IGSS hace historia con el lanzamiento de la Pol\u00edtica Preventiva"},"content":{"rendered":"<p>La Pol\u00edtica abarca temas de prevenci\u00f3n en salud, tambi\u00e9n destaca que asegurarse en el IGSS garantiza un soporte econ\u00f3mico a las familias cuando el afiliado cotizante enfrente un caso de incapacidad temporal o definitiva y la certeza de asegurarse una pensi\u00f3n para la vejez.<\/p>\n<p>El lanzamiento de la Pol\u00edtica coincide con la declaraci\u00f3n de 2019 como el A\u00f1o de la Prevenci\u00f3n, <strong>un acontecimiento que hace historia, ya que el IGSS se convierte en pionero regional en implementar un modelo integral de prevenci\u00f3n<\/strong>.<\/p>\n<p>\u201cEs un resultado de impacto para la sociedad guatemalteca, denota un IGSS diferente, con una preocupaci\u00f3n puesta en los guatemaltecos, derechohabientes y familias. <strong>Nos hemos dedicado a curar, pero este es un cambio de enfoque, mentalidad y cultura, es trasladarnos a prevenir<\/strong>\u201d, asegur\u00f3 el licenciado Carlos Contreras, presidente de la Junta Directiva del IGSS.<\/p>\n<h2><strong>Los ejes de acci\u00f3n de la pol\u00edtica son:<\/strong><\/h2>\n<figure id=\"attachment_8371\" aria-describedby=\"caption-attachment-8371\" style=\"width: 1012px\" class=\"wp-caption alignnone\"><img loading=\"lazy\" decoding=\"async\" class=\"size-full wp-image-8371\" src=\"\/noticias\/wp-content\/uploads\/sites\/5\/2019\/01\/Pol\u00edtica-Preventiva-de-la-Seguridad-Social.png\" alt=\"\" width=\"1012\" height=\"653\" srcset=\"\/wp-content\/uploads\/sites\/5\/2019\/01\/Pol\u00edtica-Preventiva-de-la-Seguridad-Social.png 1012w, \/wp-content\/uploads\/sites\/5\/2019\/01\/Pol\u00edtica-Preventiva-de-la-Seguridad-Social-300x194.png 300w, \/wp-content\/uploads\/sites\/5\/2019\/01\/Pol\u00edtica-Preventiva-de-la-Seguridad-Social-768x496.png 768w, \/wp-content\/uploads\/sites\/5\/2019\/01\/Pol\u00edtica-Preventiva-de-la-Seguridad-Social-651x420.png 651w, \/wp-content\/uploads\/sites\/5\/2019\/01\/Pol\u00edtica-Preventiva-de-la-Seguridad-Social-696x449.png 696w, \/wp-content\/uploads\/sites\/5\/2019\/01\/Pol\u00edtica-Preventiva-de-la-Seguridad-Social-534x345.png 534w\" sizes=\"auto, (max-width: 1012px) 100vw, 1012px\" \/><figcaption id=\"caption-attachment-8371\" class=\"wp-caption-text\">Estos son lo cinco ejes de la Pol\u00edtica Preventiva de Seguridad Social.<\/figcaption><\/figure>\n<p>El doctor Jorge David Alvarado, encargado del Departamento de Medicina Preventiva de la Subgerencia de Prestaciones en Salud, explic\u00f3 que la Pol\u00edtica <strong>fue elaborada por expertos del Instituto y nace por la necesidad de enfrentar la \u201ctransici\u00f3n epidemiol\u00f3gica\u201d<\/strong>, nombre con el que se conoce a las nuevas enfermedades cr\u00f3nicas que afectan a la poblaci\u00f3n.<\/p>\n<p>La diabetes, la hipertensi\u00f3n, la enfermedad renal, el c\u00e1ncer, entre otros padecimientos, se agrupan en esa definici\u00f3n, cuyo desarrollo puede ser prevenible y <strong>costar\u00eda solo una d\u00e9cima parte de la inversi\u00f3n en tratamiento curativo, pero sobre todo significa menos padecimiento para la persona.<\/strong><\/p>\n<p>El IGSS atiende mensualmente entre 2 mil y 3 mil personas heridas en accidentes de tr\u00e1nsito, la mayor\u00eda involucra a conductores de motocicletas. <strong>En el Hospital Ceibal 25 personas pierden alguna extremidad de su cuerpo por esta causa.<\/strong><\/p>\n<p><img loading=\"lazy\" decoding=\"async\" class=\"alignnone size-large wp-image-8377\" src=\"\/noticias\/wp-content\/uploads\/sites\/5\/2019\/01\/Pol\u00ectica-IGSS-3-818x1024.jpeg\" alt=\"\" width=\"696\" height=\"871\" srcset=\"\/wp-content\/uploads\/sites\/5\/2019\/01\/Pol\u00ectica-IGSS-3-818x1024.jpeg 818w, \/wp-content\/uploads\/sites\/5\/2019\/01\/Pol\u00ectica-IGSS-3-240x300.jpeg 240w, \/wp-content\/uploads\/sites\/5\/2019\/01\/Pol\u00ectica-IGSS-3-768x961.jpeg 768w, \/wp-content\/uploads\/sites\/5\/2019\/01\/Pol\u00ectica-IGSS-3-336x420.jpeg 336w, \/wp-content\/uploads\/sites\/5\/2019\/01\/Pol\u00ectica-IGSS-3-696x871.jpeg 696w, \/wp-content\/uploads\/sites\/5\/2019\/01\/Pol\u00ectica-IGSS-3-369x462.jpeg 369w, \/wp-content\/uploads\/sites\/5\/2019\/01\/Pol\u00ectica-IGSS-3.jpeg 1023w\" sizes=\"auto, (max-width: 696px) 100vw, 696px\" \/>La persona que sufre accidentes tienden a necesitar el uso de una pr\u00f3tesis, pierde capacidades, en algunos casos debe cambiar de actividad productiva (trabajo) y puede pasar mucho tiempo sin empleo, <strong>afectando directamente los ingresos familiares y la calidad de vida de las personas que dependen de ella.<\/strong><\/p>\n<p>\u201cPor muchos a\u00f1os el Instituto se ha caracterizado por curar y tratar a los afiliados y derechohabientes con enfermedades o accidentes que se pudieron prevenir (\u2026) esta administraci\u00f3n se ha identificado por tener pol\u00edticas de apertura a la poblaci\u00f3n y en la Pol\u00edtica Preventiva <strong>se busca no solo trabajar con los afiliados y derechohabientes, sino con los ni\u00f1os, porque son un eje importante de ver al futuro, porque ellos van a ser los pr\u00f3ximos trabajadores y afiliados y deben conocer qu\u00e9 es la seguridad social<\/strong>\u201d, argument\u00f3 el Dr. Arturo Garc\u00eda Aquino, gerente interino del IGSS.<\/p>\n<p>La Subgerencia de Prestaciones Pecuniarias destac\u00f3 que anualmente pagan en promedio <strong>Q2 mil 400 millones por prestaciones en dinero en pensiones por invalidez, discapacidad, vejez y sobrevivencia, para 182 mil beneficiarios.<\/strong> Vale la pena preguntarse \u00bfqu\u00e9 pasa con quienes no tienen la cobertura de Seguridad Social?<\/p>\n<figure id=\"attachment_8400\" aria-describedby=\"caption-attachment-8400\" style=\"width: 1024px\" class=\"wp-caption alignnone\"><a href=\"\/wp-content\/uploads\/sites\/5\/2019\/01\/Pol\u00edtica-Preventiva-IGSS-.jpeg\"><img loading=\"lazy\" decoding=\"async\" class=\"wp-image-8400 size-full\" src=\"\/wp-content\/uploads\/sites\/5\/2019\/01\/Pol\u00edtica-Preventiva-IGSS-.jpeg\" alt=\"\" width=\"1024\" height=\"683\" srcset=\"\/wp-content\/uploads\/sites\/5\/2019\/01\/Pol\u00edtica-Preventiva-IGSS-.jpeg 1024w, \/wp-content\/uploads\/sites\/5\/2019\/01\/Pol\u00edtica-Preventiva-IGSS--300x200.jpeg 300w, \/wp-content\/uploads\/sites\/5\/2019\/01\/Pol\u00edtica-Preventiva-IGSS--768x512.jpeg 768w, \/wp-content\/uploads\/sites\/5\/2019\/01\/Pol\u00edtica-Preventiva-IGSS--630x420.jpeg 630w, \/wp-content\/uploads\/sites\/5\/2019\/01\/Pol\u00edtica-Preventiva-IGSS--696x464.jpeg 696w, \/wp-content\/uploads\/sites\/5\/2019\/01\/Pol\u00edtica-Preventiva-IGSS--534x356.jpeg 534w\" sizes=\"auto, (max-width: 1024px) 100vw, 1024px\" \/><\/a><figcaption id=\"caption-attachment-8400\" class=\"wp-caption-text\">La Junta Directiva del IGSS entreg\u00f3 la Pol\u00edtica Preventiva de Seguridad Social al gerente y subgerentes del Instituto.<\/figcaption><\/figure>\n<p>A todas esas necesidades responde el Seguro Social, por tal raz\u00f3n es importante que las personas puedan tener acceso a la cobertura y sobre todo que desarrollen una cultura de prevenci\u00f3n.<\/p>\n<p>\u201cCuando los j\u00f3venes salen a formar parte del proceso productivo no est\u00e1n pensando en que van a llegar a la vejez y que van a necesitar una jubilaci\u00f3n, sino solo se piensa en que van a obtener sus salarios, que sean altos y poder invertirlos en cosas que muchas veces son superfluas y pasajeras, pero <strong>es necesario que toda persona reserve\u00a0una parte\u00a0de sus ingresos para el momento de una necesidad como una emergencia o accidente\u201d<\/strong>, dijo la licenciada Sonia L\u00f3pez Luttmann, subgerente de Prestaciones Pecuniarias.<\/p>\n<p>El impacto de la Pol\u00edtica Preventiva pretende <strong>en su primera fase generar cambios en los trabajadores del Instituto , la segunda busca extenderse a los derechohabientes\u00a0que llegan a las unidades m\u00e9dicas y finalmente abrirse espacios en todas las comunidades del pa\u00eds.<\/strong> Las proyecciones estiman 10 a\u00f1os para lograr su cometido.<img loading=\"lazy\" decoding=\"async\" class=\"alignnone size-large wp-image-8379\" src=\"\/noticias\/wp-content\/uploads\/sites\/5\/2019\/01\/Politica-IGSS-2-819x1024.jpeg\" alt=\"\" width=\"696\" height=\"870\" srcset=\"\/wp-content\/uploads\/sites\/5\/2019\/01\/Politica-IGSS-2-819x1024.jpeg 819w, \/wp-content\/uploads\/sites\/5\/2019\/01\/Politica-IGSS-2-240x300.jpeg 240w, \/wp-content\/uploads\/sites\/5\/2019\/01\/Politica-IGSS-2-768x960.jpeg 768w, \/wp-content\/uploads\/sites\/5\/2019\/01\/Politica-IGSS-2-336x420.jpeg 336w, \/wp-content\/uploads\/sites\/5\/2019\/01\/Politica-IGSS-2-696x870.jpeg 696w, \/wp-content\/uploads\/sites\/5\/2019\/01\/Politica-IGSS-2-370x462.jpeg 370w, \/wp-content\/uploads\/sites\/5\/2019\/01\/Politica-IGSS-2.jpeg 1024w\" sizes=\"auto, (max-width: 696px) 100vw, 696px\" \/><\/p>\n","protected":false},"excerpt":{"rendered":"<p>La Pol\u00edtica abarca temas de prevenci\u00f3n en salud, tambi\u00e9n destaca que asegurarse en el IGSS garantiza un soporte econ\u00f3mico a las familias cuando el afiliado cotizante enfrente un caso de incapacidad temporal o definitiva y la certeza de asegurarse una pensi\u00f3n para la vejez. El lanzamiento de la Pol\u00edtica coincide con la declaraci\u00f3n de 2019 [&hellip;]<\/p>\n","protected":false},"author":4,"featured_media":8398,"comment_status":"open","ping_status":"open","sticky":false,"template":"","format":"standard","meta":{"footnotes":""},"categories":[3,15,20,21,25,27,31,33],"tags":[490,713],"coauthors":[881],"class_list":{"0":"post-8368","1":"post","2":"type-post","3":"status-publish","4":"format-standard","5":"has-post-thumbnail","7":"category-actualidad","8":"category-destacado","9":"category-jubilados","10":"category-junta-directiva-igss","11":"category-pensionados","12":"category-prevencion-en-salud","13":"category-salud","14":"category-servicios-de-salud","15":"tag-igss","16":"tag-politica-preventiva-de-seguridad-social"},"_links":{"self":[{"href":"https:\/\/www.igssgt.org\/noticias\/wp-json\/wp\/v2\/posts\/8368","targetHints":{"allow":["GET"]}}],"collection":[{"href":"https:\/\/www.igssgt.org\/noticias\/wp-json\/wp\/v2\/posts"}],"about":[{"href":"https:\/\/www.igssgt.org\/noticias\/wp-json\/wp\/v2\/types\/post"}],"author":[{"embeddable":true,"href":"https:\/\/www.igssgt.org\/noticias\/wp-json\/wp\/v2\/users\/4"}],"replies":[{"embeddable":true,"href":"https:\/\/www.igssgt.org\/noticias\/wp-json\/wp\/v2\/comments?post=8368"}],"version-history":[{"count":1,"href":"https:\/\/www.igssgt.org\/noticias\/wp-json\/wp\/v2\/posts\/8368\/revisions"}],"predecessor-version":[{"id":26740,"href":"https:\/\/www.igssgt.org\/noticias\/wp-json\/wp\/v2\/posts\/8368\/revisions\/26740"}],"wp:featuredmedia":[{"embeddable":true,"href":"https:\/\/www.igssgt.org\/noticias\/wp-json\/wp\/v2\/media\/8398"}],"wp:attachment":[{"href":"https:\/\/www.igssgt.org\/noticias\/wp-json\/wp\/v2\/media?parent=8368"}],"wp:term":[{"taxonomy":"category","embeddable":true,"href":"https:\/\/www.igssgt.org\/noticias\/wp-json\/wp\/v2\/categories?post=8368"},{"taxonomy":"post_tag","embeddable":true,"href":"https:\/\/www.igssgt.org\/noticias\/wp-json\/wp\/v2\/tags?post=8368"},{"taxonomy":"author","embeddable":true,"href":"https:\/\/www.igssgt.org\/noticias\/wp-json\/wp\/v2\/coauthors?post=8368"}],"curies":[{"name":"wp","href":"https:\/\/api.w.org\/{rel}","templated":true}]}}