{"id":8474,"date":"2019-01-29T11:34:15","date_gmt":"2019-01-29T17:34:15","guid":{"rendered":"http:\/\/noticias.igssgt.org\/?p=8474"},"modified":"2019-01-29T11:34:15","modified_gmt":"2019-01-29T17:34:15","slug":"la-danza-ayuda-a-ejercitar-la-memoria","status":"publish","type":"post","link":"https:\/\/www.igssgt.org\/noticias\/2019\/01\/29\/la-danza-ayuda-a-ejercitar-la-memoria\/","title":{"rendered":"La danza ayuda a ejercitar la memoria"},"content":{"rendered":"<p>A ritmo de canciones de Los \u00c1ngeles Azules y Natalia Lafourcade, pacientes del CAMIP Pamplona inician la semana con el primer Taller de Danza R\u00edtmica, impartido por Rossana Gonz\u00e1lez y Enma Mont\u00fafar, terapistas del Servicio de Terapia Ocupacional.<\/p>\n<p>La danza r\u00edtmica es uno de los talleres de ergoterapia de mayor demanda entre los pacientes, se imparte los lunes y viernes en horarios de la ma\u00f1ana, cada d\u00eda participan cuatro grupos. Bailar es un ejercicio adecuado para las personas mayores y es una manera f\u00e1cil y divertida de hacer ejercicio, coinciden Gonz\u00e1lez y Mont\u00fafar.<\/p>\n<p>La danza es una de las prioridades de las autoridades de esta unidad, pues reduce el estr\u00e9s, aleja la depresi\u00f3n, ayuda a ejercitar la memoria, apoya la coordinaci\u00f3n de movimientos y aumenta la flexibilidad y resistencia de quien la practica.<\/p>\n<p>De igual forma, la danza r\u00edtmica potencia la autonom\u00eda y la confianza de la persona en s\u00ed misma y estimula las capacidades f\u00edsicas y ps\u00edquicas, en especial para pacientes con artritis, Parkinson o Alzheimer. Tambi\u00e9n mejora el equilibrio y mantiene el cerebro irrigado. con lo cual previene el deterioro cognitivo, explica Rossana Gonz\u00e1lez.<\/p>\n<p>Cada clase de danza tiene una duraci\u00f3n de 40 minutos, los pacientes que asisten a este taller deben vestir pants azul, playera blanca o gris y tenis. Estas personas reciben una clase por semana durante tres meses.<\/p>\n\r\n                <style type=\"text\/css\">\r\n                    \r\n                    #tdi_1  .td-doubleSlider-2 .td-item1 {\r\n                        background: url(\/wp-content\/uploads\/sites\/5\/2019\/01\/danza-ritmica-terapia-ocupacional-camip-igss-2019-1-80x60.jpg) 0 0 no-repeat;\r\n                    }\r\n                    #tdi_1  .td-doubleSlider-2 .td-item2 {\r\n                        background: url(\/wp-content\/uploads\/sites\/5\/2019\/01\/danza-ritmica-terapia-ocupacional-camip-igss-2019-2-80x60.jpg) 0 0 no-repeat;\r\n                    }\r\n                    #tdi_1  .td-doubleSlider-2 .td-item3 {\r\n                        background: url(\/wp-content\/uploads\/sites\/5\/2019\/01\/danza-ritmica-terapia-ocupacional-camip-igss-2019-3-80x60.jpg) 0 0 no-repeat;\r\n                    }\r\n                    #tdi_1  .td-doubleSlider-2 .td-item4 {\r\n                        background: url(\/wp-content\/uploads\/sites\/5\/2019\/01\/danza-ritmica-terapia-ocupacional-camip-igss-2019-4-80x60.jpg) 0 0 no-repeat;\r\n                    }\r\n                <\/style>\r\n\r\n                <div id=\"tdi_1\" class=\"td-gallery td-slide-on-2-columns\">\r\n                    <div class=\"post_td_gallery\">\r\n                        <div class=\"td-gallery-slide-top\">\r\n                           <div class=\"td-gallery-title\">Galer\u00eda de Im\u00e1genes<\/div>\r\n\r\n                            <div class=\"td-gallery-controls-wrapper\">\r\n                                <div class=\"td-gallery-slide-count\"><span class=\"td-gallery-slide-item-focus\">1<\/span> de 4<\/div>\r\n                                <div class=\"td-gallery-slide-prev-next-but\">\r\n                                    <i class = \"td-icon-left doubleSliderPrevButton\"><\/i>\r\n                                    <i class = \"td-icon-right doubleSliderNextButton\"><\/i>\r\n                                <\/div>\r\n                            <\/div>\r\n                        <\/div>\r\n\r\n                        <div class = \"td-doubleSlider-1 \">\r\n                            <div class = \"td-slider\">\r\n                                \r\n                    <div class = \"td-slide-item td-item1\">\r\n                        <figure class=\"td-slide-galery-figure td-slide-popup-gallery\">\r\n                            <a class=\"slide-gallery-image-link\" href=\"\/wp-content\/uploads\/sites\/5\/2019\/01\/danza-ritmica-terapia-ocupacional-camip-igss-2019-1.jpg\" title=\"danza ritmica terapia ocupacional camip igss 2019-1\"  data-caption=\"\"  data-description=\"\">\r\n                                <img decoding=\"async\" src=\"\/wp-content\/uploads\/sites\/5\/2019\/01\/danza-ritmica-terapia-ocupacional-camip-igss-2019-1-560x420.jpg\" srcset=\"\/wp-content\/uploads\/sites\/5\/2019\/01\/danza-ritmica-terapia-ocupacional-camip-igss-2019-1-560x420.jpg 560w, \/wp-content\/uploads\/sites\/5\/2019\/01\/danza-ritmica-terapia-ocupacional-camip-igss-2019-1-300x225.jpg 300w, \/wp-content\/uploads\/sites\/5\/2019\/01\/danza-ritmica-terapia-ocupacional-camip-igss-2019-1-768x576.jpg 768w, \/wp-content\/uploads\/sites\/5\/2019\/01\/danza-ritmica-terapia-ocupacional-camip-igss-2019-1-1024x768.jpg 1024w, \/wp-content\/uploads\/sites\/5\/2019\/01\/danza-ritmica-terapia-ocupacional-camip-igss-2019-1-80x60.jpg 80w, \/wp-content\/uploads\/sites\/5\/2019\/01\/danza-ritmica-terapia-ocupacional-camip-igss-2019-1-696x522.jpg 696w, \/wp-content\/uploads\/sites\/5\/2019\/01\/danza-ritmica-terapia-ocupacional-camip-igss-2019-1-1068x801.jpg 1068w, \/wp-content\/uploads\/sites\/5\/2019\/01\/danza-ritmica-terapia-ocupacional-camip-igss-2019-1-265x198.jpg 265w, \/wp-content\/uploads\/sites\/5\/2019\/01\/danza-ritmica-terapia-ocupacional-camip-igss-2019-1-534x401.jpg 534w, \/wp-content\/uploads\/sites\/5\/2019\/01\/danza-ritmica-terapia-ocupacional-camip-igss-2019-1.jpg 1280w\" sizes=\"(max-width: 560px) 100vw, 560px\" alt=\"\">\r\n                            <\/a>\r\n                            \r\n                        <\/figure>\r\n                    <\/div>\r\n                    <div class = \"td-slide-item td-item2\">\r\n                        <figure class=\"td-slide-galery-figure td-slide-popup-gallery\">\r\n                            <a class=\"slide-gallery-image-link\" href=\"\/wp-content\/uploads\/sites\/5\/2019\/01\/danza-ritmica-terapia-ocupacional-camip-igss-2019-2.jpg\" title=\"danza ritmica terapia ocupacional camip igss 2019-2\"  data-caption=\"\"  data-description=\"\">\r\n                                <img decoding=\"async\" src=\"\/wp-content\/uploads\/sites\/5\/2019\/01\/danza-ritmica-terapia-ocupacional-camip-igss-2019-2-560x420.jpg\" srcset=\"\/wp-content\/uploads\/sites\/5\/2019\/01\/danza-ritmica-terapia-ocupacional-camip-igss-2019-2-560x420.jpg 560w, \/wp-content\/uploads\/sites\/5\/2019\/01\/danza-ritmica-terapia-ocupacional-camip-igss-2019-2-300x225.jpg 300w, \/wp-content\/uploads\/sites\/5\/2019\/01\/danza-ritmica-terapia-ocupacional-camip-igss-2019-2-768x576.jpg 768w, \/wp-content\/uploads\/sites\/5\/2019\/01\/danza-ritmica-terapia-ocupacional-camip-igss-2019-2-1024x768.jpg 1024w, \/wp-content\/uploads\/sites\/5\/2019\/01\/danza-ritmica-terapia-ocupacional-camip-igss-2019-2-80x60.jpg 80w, \/wp-content\/uploads\/sites\/5\/2019\/01\/danza-ritmica-terapia-ocupacional-camip-igss-2019-2-696x522.jpg 696w, \/wp-content\/uploads\/sites\/5\/2019\/01\/danza-ritmica-terapia-ocupacional-camip-igss-2019-2-1068x801.jpg 1068w, \/wp-content\/uploads\/sites\/5\/2019\/01\/danza-ritmica-terapia-ocupacional-camip-igss-2019-2-265x198.jpg 265w, \/wp-content\/uploads\/sites\/5\/2019\/01\/danza-ritmica-terapia-ocupacional-camip-igss-2019-2-534x401.jpg 534w, \/wp-content\/uploads\/sites\/5\/2019\/01\/danza-ritmica-terapia-ocupacional-camip-igss-2019-2.jpg 1280w\" sizes=\"(max-width: 560px) 100vw, 560px\" alt=\"\">\r\n                            <\/a>\r\n                            \r\n                        <\/figure>\r\n                    <\/div>\r\n                    <div class = \"td-slide-item td-item3\">\r\n                        <figure class=\"td-slide-galery-figure td-slide-popup-gallery\">\r\n                            <a class=\"slide-gallery-image-link\" href=\"\/wp-content\/uploads\/sites\/5\/2019\/01\/danza-ritmica-terapia-ocupacional-camip-igss-2019-3.jpg\" title=\"danza ritmica terapia ocupacional camip igss 2019-3\"  data-caption=\"\"  data-description=\"\">\r\n                                <img decoding=\"async\" src=\"\/wp-content\/uploads\/sites\/5\/2019\/01\/danza-ritmica-terapia-ocupacional-camip-igss-2019-3-560x420.jpg\" srcset=\"\/wp-content\/uploads\/sites\/5\/2019\/01\/danza-ritmica-terapia-ocupacional-camip-igss-2019-3-560x420.jpg 560w, \/wp-content\/uploads\/sites\/5\/2019\/01\/danza-ritmica-terapia-ocupacional-camip-igss-2019-3-300x225.jpg 300w, \/wp-content\/uploads\/sites\/5\/2019\/01\/danza-ritmica-terapia-ocupacional-camip-igss-2019-3-768x576.jpg 768w, \/wp-content\/uploads\/sites\/5\/2019\/01\/danza-ritmica-terapia-ocupacional-camip-igss-2019-3-1024x768.jpg 1024w, \/wp-content\/uploads\/sites\/5\/2019\/01\/danza-ritmica-terapia-ocupacional-camip-igss-2019-3-80x60.jpg 80w, \/wp-content\/uploads\/sites\/5\/2019\/01\/danza-ritmica-terapia-ocupacional-camip-igss-2019-3-696x522.jpg 696w, \/wp-content\/uploads\/sites\/5\/2019\/01\/danza-ritmica-terapia-ocupacional-camip-igss-2019-3-1068x801.jpg 1068w, \/wp-content\/uploads\/sites\/5\/2019\/01\/danza-ritmica-terapia-ocupacional-camip-igss-2019-3-265x198.jpg 265w, \/wp-content\/uploads\/sites\/5\/2019\/01\/danza-ritmica-terapia-ocupacional-camip-igss-2019-3-534x401.jpg 534w, \/wp-content\/uploads\/sites\/5\/2019\/01\/danza-ritmica-terapia-ocupacional-camip-igss-2019-3.jpg 1280w\" sizes=\"(max-width: 560px) 100vw, 560px\" alt=\"\">\r\n                            <\/a>\r\n                            \r\n                        <\/figure>\r\n                    <\/div>\r\n                    <div class = \"td-slide-item td-item4\">\r\n                        <figure class=\"td-slide-galery-figure td-slide-popup-gallery\">\r\n                            <a class=\"slide-gallery-image-link\" href=\"\/wp-content\/uploads\/sites\/5\/2019\/01\/danza-ritmica-terapia-ocupacional-camip-igss-2019-4.jpg\" title=\"danza ritmica terapia ocupacional camip igss 2019-4\"  data-caption=\"\"  data-description=\"\">\r\n                                <img decoding=\"async\" src=\"\/wp-content\/uploads\/sites\/5\/2019\/01\/danza-ritmica-terapia-ocupacional-camip-igss-2019-4-560x420.jpg\" srcset=\"\/wp-content\/uploads\/sites\/5\/2019\/01\/danza-ritmica-terapia-ocupacional-camip-igss-2019-4-560x420.jpg 560w, \/wp-content\/uploads\/sites\/5\/2019\/01\/danza-ritmica-terapia-ocupacional-camip-igss-2019-4-300x225.jpg 300w, \/wp-content\/uploads\/sites\/5\/2019\/01\/danza-ritmica-terapia-ocupacional-camip-igss-2019-4-768x576.jpg 768w, \/wp-content\/uploads\/sites\/5\/2019\/01\/danza-ritmica-terapia-ocupacional-camip-igss-2019-4-1024x768.jpg 1024w, \/wp-content\/uploads\/sites\/5\/2019\/01\/danza-ritmica-terapia-ocupacional-camip-igss-2019-4-80x60.jpg 80w, \/wp-content\/uploads\/sites\/5\/2019\/01\/danza-ritmica-terapia-ocupacional-camip-igss-2019-4-696x522.jpg 696w, \/wp-content\/uploads\/sites\/5\/2019\/01\/danza-ritmica-terapia-ocupacional-camip-igss-2019-4-1068x801.jpg 1068w, \/wp-content\/uploads\/sites\/5\/2019\/01\/danza-ritmica-terapia-ocupacional-camip-igss-2019-4-265x198.jpg 265w, \/wp-content\/uploads\/sites\/5\/2019\/01\/danza-ritmica-terapia-ocupacional-camip-igss-2019-4-534x401.jpg 534w, \/wp-content\/uploads\/sites\/5\/2019\/01\/danza-ritmica-terapia-ocupacional-camip-igss-2019-4.jpg 1280w\" sizes=\"(max-width: 560px) 100vw, 560px\" alt=\"\">\r\n                            <\/a>\r\n                            \r\n                        <\/figure>\r\n                    <\/div>\r\n                            <\/div>\r\n                        <\/div>\r\n\r\n                        <div class = \"td-doubleSlider-2\">\r\n                            <div class = \"td-slider\">\r\n                                \r\n                    <div class = \"td-button td-item1\">\r\n                        <div class = \"td-border\"><\/div>\r\n                    <\/div>\r\n                    <div class = \"td-button td-item2\">\r\n                        <div class = \"td-border\"><\/div>\r\n                    <\/div>\r\n                    <div class = \"td-button td-item3\">\r\n                        <div class = \"td-border\"><\/div>\r\n                    <\/div>\r\n                    <div class = \"td-button td-item4\">\r\n                        <div class = \"td-border\"><\/div>\r\n                    <\/div>\r\n                            <\/div>\r\n                        <\/div>\r\n\r\n                    <\/div>\r\n\r\n                <\/div>\r\n                \n<hr \/>\n<p>&nbsp;<\/p>\n","protected":false},"excerpt":{"rendered":"<p>A ritmo de canciones de Los \u00c1ngeles Azules y Natalia Lafourcade, pacientes del CAMIP Pamplona inician la semana con el primer Taller de Danza R\u00edtmica, impartido por Rossana Gonz\u00e1lez y Enma Mont\u00fafar, terapistas del Servicio de Terapia Ocupacional. La danza r\u00edtmica es uno de los talleres de ergoterapia de mayor demanda entre los pacientes, se [&hellip;]<\/p>\n","protected":false},"author":4,"featured_media":8475,"comment_status":"open","ping_status":"open","sticky":false,"template":"","format":"standard","meta":{"footnotes":""},"categories":[3,8,20,25,29,36],"tags":[149,490],"coauthors":[],"class_list":{"0":"post-8474","1":"post","2":"type-post","3":"status-publish","4":"format-standard","5":"has-post-thumbnail","7":"category-actualidad","8":"category-camip","9":"category-jubilados","10":"category-pensionados","11":"category-publicaciones","12":"category-unidades-medicas","13":"tag-camip-pamplona","14":"tag-igss"},"_links":{"self":[{"href":"https:\/\/www.igssgt.org\/noticias\/wp-json\/wp\/v2\/posts\/8474","targetHints":{"allow":["GET"]}}],"collection":[{"href":"https:\/\/www.igssgt.org\/noticias\/wp-json\/wp\/v2\/posts"}],"about":[{"href":"https:\/\/www.igssgt.org\/noticias\/wp-json\/wp\/v2\/types\/post"}],"author":[{"embeddable":true,"href":"https:\/\/www.igssgt.org\/noticias\/wp-json\/wp\/v2\/users\/4"}],"replies":[{"embeddable":true,"href":"https:\/\/www.igssgt.org\/noticias\/wp-json\/wp\/v2\/comments?post=8474"}],"version-history":[{"count":0,"href":"https:\/\/www.igssgt.org\/noticias\/wp-json\/wp\/v2\/posts\/8474\/revisions"}],"wp:featuredmedia":[{"embeddable":true,"href":"https:\/\/www.igssgt.org\/noticias\/wp-json\/wp\/v2\/media\/8475"}],"wp:attachment":[{"href":"https:\/\/www.igssgt.org\/noticias\/wp-json\/wp\/v2\/media?parent=8474"}],"wp:term":[{"taxonomy":"category","embeddable":true,"href":"https:\/\/www.igssgt.org\/noticias\/wp-json\/wp\/v2\/categories?post=8474"},{"taxonomy":"post_tag","embeddable":true,"href":"https:\/\/www.igssgt.org\/noticias\/wp-json\/wp\/v2\/tags?post=8474"},{"taxonomy":"author","embeddable":true,"href":"https:\/\/www.igssgt.org\/noticias\/wp-json\/wp\/v2\/coauthors?post=8474"}],"curies":[{"name":"wp","href":"https:\/\/api.w.org\/{rel}","templated":true}]}}