{"id":8506,"date":"2019-01-30T11:35:22","date_gmt":"2019-01-30T17:35:22","guid":{"rendered":"http:\/\/noticias.igssgt.org\/?p=8506"},"modified":"2019-01-30T11:35:22","modified_gmt":"2019-01-30T17:35:22","slug":"pacientes-de-camip-participan-en-talleres-del-servicio-de-terapia-ocupacional","status":"publish","type":"post","link":"https:\/\/www.igssgt.org\/noticias\/2019\/01\/30\/pacientes-de-camip-participan-en-talleres-del-servicio-de-terapia-ocupacional\/","title":{"rendered":"Pacientes de CAMIP participan en talleres del Servicio de Terapia Ocupacional"},"content":{"rendered":"<p>Los pacientes del CAMIP Pamplona inscritos en el taller de qu\u00edmicos, impartido por la instructora Elcira Quijada, ser\u00e1n capacitados durante tres meses para preparar 11 productos de gran utilidad para el aseo personal y limpieza de la casa.<\/p>\n<p>En este trimestre los pacientes aprender\u00e1n a preparar splash para el cuerpo, desinfectante para pisos, shampoo, jab\u00f3n, gotas para el cabello y desmaquillante, entre otros productos, explic\u00f3 la experta.<\/p>\n<p>\u201cEste taller es de gran inter\u00e9s entre los pacientes del CAMIP, tenemos el caso de alumnos que despu\u00e9s de recibir este taller decidieron dedicarse a la elaboraci\u00f3n y venta de estos productos, y les ha ido muy bien\u201d, coment\u00f3 la instructora.<\/p>\n<p>Adicionalmente, los participantes tienen la oportunidad de organizar expobazares y poner a la venta los productos elaborados durante el per\u00edodo de clases.<\/p>\n<p>El taller de qu\u00edmicos forma parte del Servicio de Terapia Ocupacional tiene como l\u00edmite la inscripci\u00f3n de 30 pacientes de este CAMIP, quienes ser\u00e1n adiestrados los martes de 13:00 a 15:45 horas. Est\u00e1 dirigido para hombres y mujeres.<\/p>\n\r\n                <style type=\"text\/css\">\r\n                    \r\n                    #tdi_1  .td-doubleSlider-2 .td-item1 {\r\n                        background: url(\/wp-content\/uploads\/sites\/5\/2019\/01\/Talleres-de-terapia-ocupacional-camip-igss-2019-5-80x60.jpg) 0 0 no-repeat;\r\n                    }\r\n                    #tdi_1  .td-doubleSlider-2 .td-item2 {\r\n                        background: url(\/wp-content\/uploads\/sites\/5\/2019\/01\/Talleres-de-terapia-ocupacional-camip-igss-2019-4-80x60.jpg) 0 0 no-repeat;\r\n                    }\r\n                    #tdi_1  .td-doubleSlider-2 .td-item3 {\r\n                        background: url(\/wp-content\/uploads\/sites\/5\/2019\/01\/Talleres-de-terapia-ocupacional-camip-igss-2019-3-80x60.jpg) 0 0 no-repeat;\r\n                    }\r\n                    #tdi_1  .td-doubleSlider-2 .td-item4 {\r\n                        background: url(\/wp-content\/uploads\/sites\/5\/2019\/01\/Talleres-de-terapia-ocupacional-camip-igss-2019-2-80x60.jpg) 0 0 no-repeat;\r\n                    }\r\n                    #tdi_1  .td-doubleSlider-2 .td-item5 {\r\n                        background: url(\/wp-content\/uploads\/sites\/5\/2019\/01\/Talleres-de-terapia-ocupacional-camip-igss-2019-1-80x60.jpg) 0 0 no-repeat;\r\n                    }\r\n                <\/style>\r\n\r\n                <div id=\"tdi_1\" class=\"td-gallery td-slide-on-2-columns\">\r\n                    <div class=\"post_td_gallery\">\r\n                        <div class=\"td-gallery-slide-top\">\r\n                           <div class=\"td-gallery-title\">Galer\u00eda de Im\u00e1genes<\/div>\r\n\r\n                            <div class=\"td-gallery-controls-wrapper\">\r\n                                <div class=\"td-gallery-slide-count\"><span class=\"td-gallery-slide-item-focus\">1<\/span> de 5<\/div>\r\n                                <div class=\"td-gallery-slide-prev-next-but\">\r\n                                    <i class = \"td-icon-left doubleSliderPrevButton\"><\/i>\r\n                                    <i class = \"td-icon-right doubleSliderNextButton\"><\/i>\r\n                                <\/div>\r\n                            <\/div>\r\n                        <\/div>\r\n\r\n                        <div class = \"td-doubleSlider-1 \">\r\n                            <div class = \"td-slider\">\r\n                                \r\n                    <div class = \"td-slide-item td-item1\">\r\n                        <figure class=\"td-slide-galery-figure td-slide-popup-gallery\">\r\n                            <a class=\"slide-gallery-image-link\" href=\"\/wp-content\/uploads\/sites\/5\/2019\/01\/Talleres-de-terapia-ocupacional-camip-igss-2019-5-scaled.jpg\" title=\"Talleres de terapia ocupacional camip igss 2019-5\"  data-caption=\"\"  data-description=\"\">\r\n                                <img decoding=\"async\" src=\"\/wp-content\/uploads\/sites\/5\/2019\/01\/Talleres-de-terapia-ocupacional-camip-igss-2019-5-630x420.jpg\" srcset=\"\/wp-content\/uploads\/sites\/5\/2019\/01\/Talleres-de-terapia-ocupacional-camip-igss-2019-5-630x420.jpg 630w, \/wp-content\/uploads\/sites\/5\/2019\/01\/Talleres-de-terapia-ocupacional-camip-igss-2019-5-1536x1024.jpg 1536w, \/wp-content\/uploads\/sites\/5\/2019\/01\/Talleres-de-terapia-ocupacional-camip-igss-2019-5-2048x1365.jpg 2048w, \/wp-content\/uploads\/sites\/5\/2019\/01\/Talleres-de-terapia-ocupacional-camip-igss-2019-5-300x200.jpg 300w, \/wp-content\/uploads\/sites\/5\/2019\/01\/Talleres-de-terapia-ocupacional-camip-igss-2019-5-768x512.jpg 768w, \/wp-content\/uploads\/sites\/5\/2019\/01\/Talleres-de-terapia-ocupacional-camip-igss-2019-5-1024x683.jpg 1024w, \/wp-content\/uploads\/sites\/5\/2019\/01\/Talleres-de-terapia-ocupacional-camip-igss-2019-5-696x464.jpg 696w, \/wp-content\/uploads\/sites\/5\/2019\/01\/Talleres-de-terapia-ocupacional-camip-igss-2019-5-1068x712.jpg 1068w, \/wp-content\/uploads\/sites\/5\/2019\/01\/Talleres-de-terapia-ocupacional-camip-igss-2019-5-534x356.jpg 534w, \/wp-content\/uploads\/sites\/5\/2019\/01\/Talleres-de-terapia-ocupacional-camip-igss-2019-5-1920x1280.jpg 1920w\" sizes=\"(max-width: 630px) 100vw, 630px\" alt=\"\">\r\n                            <\/a>\r\n                            \r\n                        <\/figure>\r\n                    <\/div>\r\n                    <div class = \"td-slide-item td-item2\">\r\n                        <figure class=\"td-slide-galery-figure td-slide-popup-gallery\">\r\n                            <a class=\"slide-gallery-image-link\" href=\"\/wp-content\/uploads\/sites\/5\/2019\/01\/Talleres-de-terapia-ocupacional-camip-igss-2019-4-scaled.jpg\" title=\"Talleres de terapia ocupacional camip igss 2019-4\"  data-caption=\"\"  data-description=\"\">\r\n                                <img decoding=\"async\" src=\"\/wp-content\/uploads\/sites\/5\/2019\/01\/Talleres-de-terapia-ocupacional-camip-igss-2019-4-630x420.jpg\" srcset=\"\/wp-content\/uploads\/sites\/5\/2019\/01\/Talleres-de-terapia-ocupacional-camip-igss-2019-4-630x420.jpg 630w, \/wp-content\/uploads\/sites\/5\/2019\/01\/Talleres-de-terapia-ocupacional-camip-igss-2019-4-1536x1024.jpg 1536w, \/wp-content\/uploads\/sites\/5\/2019\/01\/Talleres-de-terapia-ocupacional-camip-igss-2019-4-2048x1365.jpg 2048w, \/wp-content\/uploads\/sites\/5\/2019\/01\/Talleres-de-terapia-ocupacional-camip-igss-2019-4-300x200.jpg 300w, \/wp-content\/uploads\/sites\/5\/2019\/01\/Talleres-de-terapia-ocupacional-camip-igss-2019-4-768x512.jpg 768w, \/wp-content\/uploads\/sites\/5\/2019\/01\/Talleres-de-terapia-ocupacional-camip-igss-2019-4-1024x683.jpg 1024w, \/wp-content\/uploads\/sites\/5\/2019\/01\/Talleres-de-terapia-ocupacional-camip-igss-2019-4-696x464.jpg 696w, \/wp-content\/uploads\/sites\/5\/2019\/01\/Talleres-de-terapia-ocupacional-camip-igss-2019-4-1068x712.jpg 1068w, \/wp-content\/uploads\/sites\/5\/2019\/01\/Talleres-de-terapia-ocupacional-camip-igss-2019-4-534x356.jpg 534w, \/wp-content\/uploads\/sites\/5\/2019\/01\/Talleres-de-terapia-ocupacional-camip-igss-2019-4-1920x1280.jpg 1920w\" sizes=\"(max-width: 630px) 100vw, 630px\" alt=\"\">\r\n                            <\/a>\r\n                            \r\n                        <\/figure>\r\n                    <\/div>\r\n                    <div class = \"td-slide-item td-item3\">\r\n                        <figure class=\"td-slide-galery-figure td-slide-popup-gallery\">\r\n                            <a class=\"slide-gallery-image-link\" href=\"\/wp-content\/uploads\/sites\/5\/2019\/01\/Talleres-de-terapia-ocupacional-camip-igss-2019-3-scaled.jpg\" title=\"Talleres de terapia ocupacional camip igss 2019-3\"  data-caption=\"\"  data-description=\"\">\r\n                                <img decoding=\"async\" src=\"\/wp-content\/uploads\/sites\/5\/2019\/01\/Talleres-de-terapia-ocupacional-camip-igss-2019-3-630x420.jpg\" srcset=\"\/wp-content\/uploads\/sites\/5\/2019\/01\/Talleres-de-terapia-ocupacional-camip-igss-2019-3-630x420.jpg 630w, \/wp-content\/uploads\/sites\/5\/2019\/01\/Talleres-de-terapia-ocupacional-camip-igss-2019-3-1536x1024.jpg 1536w, \/wp-content\/uploads\/sites\/5\/2019\/01\/Talleres-de-terapia-ocupacional-camip-igss-2019-3-2048x1365.jpg 2048w, \/wp-content\/uploads\/sites\/5\/2019\/01\/Talleres-de-terapia-ocupacional-camip-igss-2019-3-300x200.jpg 300w, \/wp-content\/uploads\/sites\/5\/2019\/01\/Talleres-de-terapia-ocupacional-camip-igss-2019-3-768x512.jpg 768w, \/wp-content\/uploads\/sites\/5\/2019\/01\/Talleres-de-terapia-ocupacional-camip-igss-2019-3-1024x683.jpg 1024w, \/wp-content\/uploads\/sites\/5\/2019\/01\/Talleres-de-terapia-ocupacional-camip-igss-2019-3-696x464.jpg 696w, \/wp-content\/uploads\/sites\/5\/2019\/01\/Talleres-de-terapia-ocupacional-camip-igss-2019-3-1068x712.jpg 1068w, \/wp-content\/uploads\/sites\/5\/2019\/01\/Talleres-de-terapia-ocupacional-camip-igss-2019-3-534x356.jpg 534w, \/wp-content\/uploads\/sites\/5\/2019\/01\/Talleres-de-terapia-ocupacional-camip-igss-2019-3-1920x1280.jpg 1920w\" sizes=\"(max-width: 630px) 100vw, 630px\" alt=\"\">\r\n                            <\/a>\r\n                            \r\n                        <\/figure>\r\n                    <\/div>\r\n                    <div class = \"td-slide-item td-item4\">\r\n                        <figure class=\"td-slide-galery-figure td-slide-popup-gallery\">\r\n                            <a class=\"slide-gallery-image-link\" href=\"\/wp-content\/uploads\/sites\/5\/2019\/01\/Talleres-de-terapia-ocupacional-camip-igss-2019-2-scaled.jpg\" title=\"Talleres de terapia ocupacional camip igss 2019-2\"  data-caption=\"\"  data-description=\"\">\r\n                                <img decoding=\"async\" src=\"\/wp-content\/uploads\/sites\/5\/2019\/01\/Talleres-de-terapia-ocupacional-camip-igss-2019-2-630x420.jpg\" srcset=\"\/wp-content\/uploads\/sites\/5\/2019\/01\/Talleres-de-terapia-ocupacional-camip-igss-2019-2-630x420.jpg 630w, \/wp-content\/uploads\/sites\/5\/2019\/01\/Talleres-de-terapia-ocupacional-camip-igss-2019-2-1536x1024.jpg 1536w, \/wp-content\/uploads\/sites\/5\/2019\/01\/Talleres-de-terapia-ocupacional-camip-igss-2019-2-2048x1365.jpg 2048w, \/wp-content\/uploads\/sites\/5\/2019\/01\/Talleres-de-terapia-ocupacional-camip-igss-2019-2-300x200.jpg 300w, \/wp-content\/uploads\/sites\/5\/2019\/01\/Talleres-de-terapia-ocupacional-camip-igss-2019-2-768x512.jpg 768w, \/wp-content\/uploads\/sites\/5\/2019\/01\/Talleres-de-terapia-ocupacional-camip-igss-2019-2-1024x683.jpg 1024w, \/wp-content\/uploads\/sites\/5\/2019\/01\/Talleres-de-terapia-ocupacional-camip-igss-2019-2-696x464.jpg 696w, \/wp-content\/uploads\/sites\/5\/2019\/01\/Talleres-de-terapia-ocupacional-camip-igss-2019-2-1068x712.jpg 1068w, \/wp-content\/uploads\/sites\/5\/2019\/01\/Talleres-de-terapia-ocupacional-camip-igss-2019-2-534x356.jpg 534w\" sizes=\"(max-width: 630px) 100vw, 630px\" alt=\"\">\r\n                            <\/a>\r\n                            \r\n                        <\/figure>\r\n                    <\/div>\r\n                    <div class = \"td-slide-item td-item5\">\r\n                        <figure class=\"td-slide-galery-figure td-slide-popup-gallery\">\r\n                            <a class=\"slide-gallery-image-link\" href=\"\/wp-content\/uploads\/sites\/5\/2019\/01\/Talleres-de-terapia-ocupacional-camip-igss-2019-1-scaled.jpg\" title=\"Talleres de terapia ocupacional camip igss 2019-1\"  data-caption=\"\"  data-description=\"\">\r\n                                <img decoding=\"async\" src=\"\/wp-content\/uploads\/sites\/5\/2019\/01\/Talleres-de-terapia-ocupacional-camip-igss-2019-1-630x420.jpg\" srcset=\"\/wp-content\/uploads\/sites\/5\/2019\/01\/Talleres-de-terapia-ocupacional-camip-igss-2019-1-630x420.jpg 630w, \/wp-content\/uploads\/sites\/5\/2019\/01\/Talleres-de-terapia-ocupacional-camip-igss-2019-1-1536x1024.jpg 1536w, \/wp-content\/uploads\/sites\/5\/2019\/01\/Talleres-de-terapia-ocupacional-camip-igss-2019-1-2048x1365.jpg 2048w, \/wp-content\/uploads\/sites\/5\/2019\/01\/Talleres-de-terapia-ocupacional-camip-igss-2019-1-300x200.jpg 300w, \/wp-content\/uploads\/sites\/5\/2019\/01\/Talleres-de-terapia-ocupacional-camip-igss-2019-1-768x512.jpg 768w, \/wp-content\/uploads\/sites\/5\/2019\/01\/Talleres-de-terapia-ocupacional-camip-igss-2019-1-1024x683.jpg 1024w, \/wp-content\/uploads\/sites\/5\/2019\/01\/Talleres-de-terapia-ocupacional-camip-igss-2019-1-696x464.jpg 696w, \/wp-content\/uploads\/sites\/5\/2019\/01\/Talleres-de-terapia-ocupacional-camip-igss-2019-1-1068x712.jpg 1068w, \/wp-content\/uploads\/sites\/5\/2019\/01\/Talleres-de-terapia-ocupacional-camip-igss-2019-1-534x356.jpg 534w, \/wp-content\/uploads\/sites\/5\/2019\/01\/Talleres-de-terapia-ocupacional-camip-igss-2019-1-1920x1280.jpg 1920w\" sizes=\"(max-width: 630px) 100vw, 630px\" alt=\"\">\r\n                            <\/a>\r\n                            \r\n                        <\/figure>\r\n                    <\/div>\r\n                            <\/div>\r\n                        <\/div>\r\n\r\n                        <div class = \"td-doubleSlider-2\">\r\n                            <div class = \"td-slider\">\r\n                                \r\n                    <div class = \"td-button td-item1\">\r\n                        <div class = \"td-border\"><\/div>\r\n                    <\/div>\r\n                    <div class = \"td-button td-item2\">\r\n                        <div class = \"td-border\"><\/div>\r\n                    <\/div>\r\n                    <div class = \"td-button td-item3\">\r\n                        <div class = \"td-border\"><\/div>\r\n                    <\/div>\r\n                    <div class = \"td-button td-item4\">\r\n                        <div class = \"td-border\"><\/div>\r\n                    <\/div>\r\n                    <div class = \"td-button td-item5\">\r\n                        <div class = \"td-border\"><\/div>\r\n                    <\/div>\r\n                            <\/div>\r\n                        <\/div>\r\n\r\n                    <\/div>\r\n\r\n                <\/div>\r\n                \n<hr \/>\n<p>&nbsp;<\/p>\n","protected":false},"excerpt":{"rendered":"<p>Los pacientes del CAMIP Pamplona inscritos en el taller de qu\u00edmicos, impartido por la instructora Elcira Quijada, ser\u00e1n capacitados durante tres meses para preparar 11 productos de gran utilidad para el aseo personal y limpieza de la casa. En este trimestre los pacientes aprender\u00e1n a preparar splash para el cuerpo, desinfectante para pisos, shampoo, jab\u00f3n, [&hellip;]<\/p>\n","protected":false},"author":4,"featured_media":8508,"comment_status":"open","ping_status":"open","sticky":false,"template":"","format":"standard","meta":{"footnotes":""},"categories":[3,8,20,25,29],"tags":[149,490],"coauthors":[],"class_list":{"0":"post-8506","1":"post","2":"type-post","3":"status-publish","4":"format-standard","5":"has-post-thumbnail","7":"category-actualidad","8":"category-camip","9":"category-jubilados","10":"category-pensionados","11":"category-publicaciones","12":"tag-camip-pamplona","13":"tag-igss"},"_links":{"self":[{"href":"https:\/\/www.igssgt.org\/noticias\/wp-json\/wp\/v2\/posts\/8506","targetHints":{"allow":["GET"]}}],"collection":[{"href":"https:\/\/www.igssgt.org\/noticias\/wp-json\/wp\/v2\/posts"}],"about":[{"href":"https:\/\/www.igssgt.org\/noticias\/wp-json\/wp\/v2\/types\/post"}],"author":[{"embeddable":true,"href":"https:\/\/www.igssgt.org\/noticias\/wp-json\/wp\/v2\/users\/4"}],"replies":[{"embeddable":true,"href":"https:\/\/www.igssgt.org\/noticias\/wp-json\/wp\/v2\/comments?post=8506"}],"version-history":[{"count":0,"href":"https:\/\/www.igssgt.org\/noticias\/wp-json\/wp\/v2\/posts\/8506\/revisions"}],"wp:featuredmedia":[{"embeddable":true,"href":"https:\/\/www.igssgt.org\/noticias\/wp-json\/wp\/v2\/media\/8508"}],"wp:attachment":[{"href":"https:\/\/www.igssgt.org\/noticias\/wp-json\/wp\/v2\/media?parent=8506"}],"wp:term":[{"taxonomy":"category","embeddable":true,"href":"https:\/\/www.igssgt.org\/noticias\/wp-json\/wp\/v2\/categories?post=8506"},{"taxonomy":"post_tag","embeddable":true,"href":"https:\/\/www.igssgt.org\/noticias\/wp-json\/wp\/v2\/tags?post=8506"},{"taxonomy":"author","embeddable":true,"href":"https:\/\/www.igssgt.org\/noticias\/wp-json\/wp\/v2\/coauthors?post=8506"}],"curies":[{"name":"wp","href":"https:\/\/api.w.org\/{rel}","templated":true}]}}