{"id":8601,"date":"2019-02-08T14:45:27","date_gmt":"2019-02-08T20:45:27","guid":{"rendered":"http:\/\/noticias.igssgt.org\/?p=8601"},"modified":"2019-02-08T14:45:27","modified_gmt":"2019-02-08T20:45:27","slug":"odontologos-del-igss-estan-siempre-a-la-vanguardia","status":"publish","type":"post","link":"https:\/\/www.igssgt.org\/noticias\/2019\/02\/08\/odontologos-del-igss-estan-siempre-a-la-vanguardia\/","title":{"rendered":"Odont\u00f3logos del IGSS est\u00e1n siempre a la vanguardia"},"content":{"rendered":"<p>Una vez por a\u00f1o el grupo de especialistas de Odontolog\u00eda del Instituto Guatemalteco de Seguridad Social (IGSS) participan en las conferencias llamadas Tendencias en Odontolog\u00eda, con el principal objetivo de actualizar sus conocimientos en innovaciones de esa rama de la medicina.<\/p>\n<p>Al evento son convocados los 133 odont\u00f3logos que laboran en el IGSS en las 36 cl\u00ednicas destinadas para esa especialidad.<\/p>\n<p>\u201cExiste el inter\u00e9s en las autoridades de dotarlos y favorecerlos con la tecnolog\u00eda avanzada que facilite su operatividad y exhortarlos a la mejora continua para brindar esa atenci\u00f3n de calidad y calidez que los pacientes merecen, y sobre todo por el fin de la Pol\u00edtica Preventiva que no solo es ser curativos sino preventivos\u201d, extern\u00f3 el Dr. Gustavo Vela, jefe del Departamento de Servicios M\u00e9dicos Centrales.<\/p>\n<p>El Dr. \u00d3scar Toralla, especialista en patolog\u00eda oral y catedr\u00e1tico de la Universidad de San Carlos de Guatemala, imparti\u00f3 la conferencia: Lesiones ulcerativas en cavidad oral, en la cual se analizaron casos cl\u00ednicos reales.<\/p>\n<p>El otro de los conferenciantes fue el Dr. Ricardo Carrillo Cotto, especialista en biomateriales dentales, quien imparti\u00f3 una c\u00e1tedra referente a la aplicaci\u00f3n de adhesivos dentales.<\/p>\n<p>\u201cEl evento est\u00e1 destinado para los odont\u00f3logos del IGSS para expandir sus conocimientos respecto a la tecnolog\u00eda moderna de la odontolog\u00eda, para que pueda ser aplicable en la salud de nuestros afiliados y derechohabientes\u201d, asegur\u00f3 el Dr. Jos\u00e9 Cabrera, jefe de Odontolog\u00eda del IGSS.<\/p>\n<h3>M\u00e9dicos destacados<\/h3>\n<p>Durante el evento fueron reconocidos seis odont\u00f3logos destacados por su valiosa colaboraci\u00f3n en el engrandecimiento de la Seguridad Social, a trav\u00e9s de su compromiso profesional y gran calidad humana mostrada durante los a\u00f1os de servicio a sus pacientes.<\/p>\n<h3>Homenajeados<\/h3>\n<ul>\n<li>Walter Horjales<\/li>\n<li>Lilian Tob\u00edas<\/li>\n<li>Flor Morales<\/li>\n<li>Guillermo Ruiz<\/li>\n<li>Nora Ram\u00edrez<\/li>\n<\/ul>\n\r\n                <style type=\"text\/css\">\r\n                    \r\n                    #tdi_1  .td-doubleSlider-2 .td-item1 {\r\n                        background: url(\/wp-content\/uploads\/sites\/5\/2019\/02\/Conferencia-Tendencias-de-odontologia-clausura-IGSS-2019-1-80x60.jpg) 0 0 no-repeat;\r\n                    }\r\n                    #tdi_1  .td-doubleSlider-2 .td-item2 {\r\n                        background: url(\/wp-content\/uploads\/sites\/5\/2019\/02\/Conferencia-Tendencias-de-odontologia-clausura-IGSS-2019-2-80x60.jpg) 0 0 no-repeat;\r\n                    }\r\n                    #tdi_1  .td-doubleSlider-2 .td-item3 {\r\n                        background: url(\/wp-content\/uploads\/sites\/5\/2019\/02\/Conferencia-Tendencias-de-odontologia-clausura-IGSS-2019-3-80x60.jpg) 0 0 no-repeat;\r\n                    }\r\n                    #tdi_1  .td-doubleSlider-2 .td-item4 {\r\n                        background: url(\/wp-content\/uploads\/sites\/5\/2019\/02\/Conferencia-Tendencias-de-odontologia-clausura-IGSS-2019-5-80x60.jpg) 0 0 no-repeat;\r\n                    }\r\n                    #tdi_1  .td-doubleSlider-2 .td-item5 {\r\n                        background: url(\/wp-content\/uploads\/sites\/5\/2019\/02\/Conferencia-Tendencias-de-odontologia-clausura-IGSS-2019-6-80x60.jpg) 0 0 no-repeat;\r\n                    }\r\n                    #tdi_1  .td-doubleSlider-2 .td-item6 {\r\n                        background: url(\/wp-content\/uploads\/sites\/5\/2019\/02\/Conferencia-Tendencias-de-odontologia-clausura-IGSS-2019-7-80x60.jpg) 0 0 no-repeat;\r\n                    }\r\n                    #tdi_1  .td-doubleSlider-2 .td-item7 {\r\n                        background: url(\/wp-content\/uploads\/sites\/5\/2019\/02\/Conferencia-Tendencias-de-odontologia-clausura-IGSS-2019-8-80x60.jpg) 0 0 no-repeat;\r\n                    }\r\n                    #tdi_1  .td-doubleSlider-2 .td-item8 {\r\n                        background: url(\/wp-content\/uploads\/sites\/5\/2019\/02\/Conferencia-Tendencias-de-odontologia-clausura-IGSS-2019-9-80x60.jpg) 0 0 no-repeat;\r\n                    }\r\n                    #tdi_1  .td-doubleSlider-2 .td-item9 {\r\n                        background: url(\/wp-content\/uploads\/sites\/5\/2019\/02\/Conferencia-Tendencias-de-odontologia-clausura-IGSS-2019-10-80x60.jpg) 0 0 no-repeat;\r\n                    }\r\n                    #tdi_1  .td-doubleSlider-2 .td-item10 {\r\n                        background: url(\/wp-content\/uploads\/sites\/5\/2019\/02\/Conferencia-Tendencias-de-odontologia-clausura-IGSS-2019-11-80x60.jpg) 0 0 no-repeat;\r\n                    }\r\n                    #tdi_1  .td-doubleSlider-2 .td-item11 {\r\n                        background: url(\/wp-content\/uploads\/sites\/5\/2019\/02\/Conferencia-Tendencias-de-odontologia-clausura-IGSS-2019-12-80x60.jpg) 0 0 no-repeat;\r\n                    }\r\n                    #tdi_1  .td-doubleSlider-2 .td-item12 {\r\n                        background: url(\/wp-content\/uploads\/sites\/5\/2019\/02\/Conferencia-Tendencias-de-odontologia-clausura-IGSS-2019-13-80x60.jpg) 0 0 no-repeat;\r\n                    }\r\n                    #tdi_1  .td-doubleSlider-2 .td-item13 {\r\n                        background: url(\/wp-content\/uploads\/sites\/5\/2019\/02\/Conferencia-Tendencias-de-odontologia-clausura-IGSS-2019-14-80x60.jpg) 0 0 no-repeat;\r\n                    }\r\n                    #tdi_1  .td-doubleSlider-2 .td-item14 {\r\n                        background: url(\/wp-content\/uploads\/sites\/5\/2019\/02\/Conferencia-Tendencias-de-odontologia-clausura-IGSS-2019-15-80x60.jpg) 0 0 no-repeat;\r\n                    }\r\n                <\/style>\r\n\r\n                <div id=\"tdi_1\" class=\"td-gallery td-slide-on-2-columns\">\r\n                    <div class=\"post_td_gallery\">\r\n                        <div class=\"td-gallery-slide-top\">\r\n                           <div class=\"td-gallery-title\">Galer\u00eda de Im\u00e1genes<\/div>\r\n\r\n                            <div class=\"td-gallery-controls-wrapper\">\r\n                                <div class=\"td-gallery-slide-count\"><span class=\"td-gallery-slide-item-focus\">1<\/span> de 14<\/div>\r\n                                <div class=\"td-gallery-slide-prev-next-but\">\r\n                                    <i class = \"td-icon-left doubleSliderPrevButton\"><\/i>\r\n                                    <i class = \"td-icon-right doubleSliderNextButton\"><\/i>\r\n                                <\/div>\r\n                            <\/div>\r\n                        <\/div>\r\n\r\n                        <div class = \"td-doubleSlider-1 \">\r\n                            <div class = \"td-slider\">\r\n                                \r\n                    <div class = \"td-slide-item td-item1\">\r\n                        <figure class=\"td-slide-galery-figure td-slide-popup-gallery\">\r\n                            <a class=\"slide-gallery-image-link\" href=\"\/wp-content\/uploads\/sites\/5\/2019\/02\/Conferencia-Tendencias-de-odontologia-clausura-IGSS-2019-1.jpg\" title=\"Conferencia Tendencias de odontologia clausura IGSS 2019-1\"  data-caption=\"\"  data-description=\"\">\r\n                                <img decoding=\"async\" src=\"\/wp-content\/uploads\/sites\/5\/2019\/02\/Conferencia-Tendencias-de-odontologia-clausura-IGSS-2019-1-745x420.jpg\" srcset=\"\/wp-content\/uploads\/sites\/5\/2019\/02\/Conferencia-Tendencias-de-odontologia-clausura-IGSS-2019-1-745x420.jpg 745w, \/wp-content\/uploads\/sites\/5\/2019\/02\/Conferencia-Tendencias-de-odontologia-clausura-IGSS-2019-1-300x169.jpg 300w, \/wp-content\/uploads\/sites\/5\/2019\/02\/Conferencia-Tendencias-de-odontologia-clausura-IGSS-2019-1-768x433.jpg 768w, \/wp-content\/uploads\/sites\/5\/2019\/02\/Conferencia-Tendencias-de-odontologia-clausura-IGSS-2019-1-1024x578.jpg 1024w, \/wp-content\/uploads\/sites\/5\/2019\/02\/Conferencia-Tendencias-de-odontologia-clausura-IGSS-2019-1-696x393.jpg 696w, \/wp-content\/uploads\/sites\/5\/2019\/02\/Conferencia-Tendencias-de-odontologia-clausura-IGSS-2019-1-1068x602.jpg 1068w, \/wp-content\/uploads\/sites\/5\/2019\/02\/Conferencia-Tendencias-de-odontologia-clausura-IGSS-2019-1-534x301.jpg 534w, \/wp-content\/uploads\/sites\/5\/2019\/02\/Conferencia-Tendencias-de-odontologia-clausura-IGSS-2019-1.jpg 1280w\" sizes=\"(max-width: 745px) 100vw, 745px\" alt=\"\">\r\n                            <\/a>\r\n                            \r\n                        <\/figure>\r\n                    <\/div>\r\n                    <div class = \"td-slide-item td-item2\">\r\n                        <figure class=\"td-slide-galery-figure td-slide-popup-gallery\">\r\n                            <a class=\"slide-gallery-image-link\" href=\"\/wp-content\/uploads\/sites\/5\/2019\/02\/Conferencia-Tendencias-de-odontologia-clausura-IGSS-2019-2.jpg\" title=\"Conferencia Tendencias de odontologia clausura IGSS 2019-2\"  data-caption=\"\"  data-description=\"\">\r\n                                <img decoding=\"async\" src=\"\/wp-content\/uploads\/sites\/5\/2019\/02\/Conferencia-Tendencias-de-odontologia-clausura-IGSS-2019-2-868x420.jpg\" srcset=\"\/wp-content\/uploads\/sites\/5\/2019\/02\/Conferencia-Tendencias-de-odontologia-clausura-IGSS-2019-2-868x420.jpg 868w, \/wp-content\/uploads\/sites\/5\/2019\/02\/Conferencia-Tendencias-de-odontologia-clausura-IGSS-2019-2-300x145.jpg 300w, \/wp-content\/uploads\/sites\/5\/2019\/02\/Conferencia-Tendencias-de-odontologia-clausura-IGSS-2019-2-768x372.jpg 768w, \/wp-content\/uploads\/sites\/5\/2019\/02\/Conferencia-Tendencias-de-odontologia-clausura-IGSS-2019-2-1024x495.jpg 1024w, \/wp-content\/uploads\/sites\/5\/2019\/02\/Conferencia-Tendencias-de-odontologia-clausura-IGSS-2019-2-696x337.jpg 696w, \/wp-content\/uploads\/sites\/5\/2019\/02\/Conferencia-Tendencias-de-odontologia-clausura-IGSS-2019-2-1068x517.jpg 1068w, \/wp-content\/uploads\/sites\/5\/2019\/02\/Conferencia-Tendencias-de-odontologia-clausura-IGSS-2019-2-534x258.jpg 534w, \/wp-content\/uploads\/sites\/5\/2019\/02\/Conferencia-Tendencias-de-odontologia-clausura-IGSS-2019-2.jpg 1168w\" sizes=\"(max-width: 868px) 100vw, 868px\" alt=\"\">\r\n                            <\/a>\r\n                            \r\n                        <\/figure>\r\n                    <\/div>\r\n                    <div class = \"td-slide-item td-item3\">\r\n                        <figure class=\"td-slide-galery-figure td-slide-popup-gallery\">\r\n                            <a class=\"slide-gallery-image-link\" href=\"\/wp-content\/uploads\/sites\/5\/2019\/02\/Conferencia-Tendencias-de-odontologia-clausura-IGSS-2019-3.jpg\" title=\"Conferencia Tendencias de odontologia clausura IGSS 2019-3\"  data-caption=\"\"  data-description=\"\">\r\n                                <img decoding=\"async\" src=\"\/wp-content\/uploads\/sites\/5\/2019\/02\/Conferencia-Tendencias-de-odontologia-clausura-IGSS-2019-3-560x420.jpg\" srcset=\"\/wp-content\/uploads\/sites\/5\/2019\/02\/Conferencia-Tendencias-de-odontologia-clausura-IGSS-2019-3-560x420.jpg 560w, \/wp-content\/uploads\/sites\/5\/2019\/02\/Conferencia-Tendencias-de-odontologia-clausura-IGSS-2019-3-300x225.jpg 300w, \/wp-content\/uploads\/sites\/5\/2019\/02\/Conferencia-Tendencias-de-odontologia-clausura-IGSS-2019-3-768x576.jpg 768w, \/wp-content\/uploads\/sites\/5\/2019\/02\/Conferencia-Tendencias-de-odontologia-clausura-IGSS-2019-3-1024x768.jpg 1024w, \/wp-content\/uploads\/sites\/5\/2019\/02\/Conferencia-Tendencias-de-odontologia-clausura-IGSS-2019-3-80x60.jpg 80w, \/wp-content\/uploads\/sites\/5\/2019\/02\/Conferencia-Tendencias-de-odontologia-clausura-IGSS-2019-3-696x522.jpg 696w, \/wp-content\/uploads\/sites\/5\/2019\/02\/Conferencia-Tendencias-de-odontologia-clausura-IGSS-2019-3-1068x801.jpg 1068w, \/wp-content\/uploads\/sites\/5\/2019\/02\/Conferencia-Tendencias-de-odontologia-clausura-IGSS-2019-3-265x198.jpg 265w, \/wp-content\/uploads\/sites\/5\/2019\/02\/Conferencia-Tendencias-de-odontologia-clausura-IGSS-2019-3-534x401.jpg 534w, \/wp-content\/uploads\/sites\/5\/2019\/02\/Conferencia-Tendencias-de-odontologia-clausura-IGSS-2019-3.jpg 1280w\" sizes=\"(max-width: 560px) 100vw, 560px\" alt=\"\">\r\n                            <\/a>\r\n                            \r\n                        <\/figure>\r\n                    <\/div>\r\n                    <div class = \"td-slide-item td-item4\">\r\n                        <figure class=\"td-slide-galery-figure td-slide-popup-gallery\">\r\n                            <a class=\"slide-gallery-image-link\" href=\"\/wp-content\/uploads\/sites\/5\/2019\/02\/Conferencia-Tendencias-de-odontologia-clausura-IGSS-2019-5.jpg\" title=\"Conferencia Tendencias de odontologia clausura IGSS 2019-5\"  data-caption=\"\"  data-description=\"\">\r\n                                <img decoding=\"async\" src=\"\/wp-content\/uploads\/sites\/5\/2019\/02\/Conferencia-Tendencias-de-odontologia-clausura-IGSS-2019-5-630x420.jpg\" srcset=\"\/wp-content\/uploads\/sites\/5\/2019\/02\/Conferencia-Tendencias-de-odontologia-clausura-IGSS-2019-5-630x420.jpg 630w, \/wp-content\/uploads\/sites\/5\/2019\/02\/Conferencia-Tendencias-de-odontologia-clausura-IGSS-2019-5-300x200.jpg 300w, \/wp-content\/uploads\/sites\/5\/2019\/02\/Conferencia-Tendencias-de-odontologia-clausura-IGSS-2019-5-768x512.jpg 768w, \/wp-content\/uploads\/sites\/5\/2019\/02\/Conferencia-Tendencias-de-odontologia-clausura-IGSS-2019-5-1024x682.jpg 1024w, \/wp-content\/uploads\/sites\/5\/2019\/02\/Conferencia-Tendencias-de-odontologia-clausura-IGSS-2019-5-696x464.jpg 696w, \/wp-content\/uploads\/sites\/5\/2019\/02\/Conferencia-Tendencias-de-odontologia-clausura-IGSS-2019-5-1068x712.jpg 1068w, \/wp-content\/uploads\/sites\/5\/2019\/02\/Conferencia-Tendencias-de-odontologia-clausura-IGSS-2019-5-534x356.jpg 534w, \/wp-content\/uploads\/sites\/5\/2019\/02\/Conferencia-Tendencias-de-odontologia-clausura-IGSS-2019-5.jpg 1280w\" sizes=\"(max-width: 630px) 100vw, 630px\" alt=\"\">\r\n                            <\/a>\r\n                            \r\n                        <\/figure>\r\n                    <\/div>\r\n                    <div class = \"td-slide-item td-item5\">\r\n                        <figure class=\"td-slide-galery-figure td-slide-popup-gallery\">\r\n                            <a class=\"slide-gallery-image-link\" href=\"\/wp-content\/uploads\/sites\/5\/2019\/02\/Conferencia-Tendencias-de-odontologia-clausura-IGSS-2019-6.jpg\" title=\"Conferencia Tendencias de odontologia clausura IGSS 2019-6\"  data-caption=\"\"  data-description=\"\">\r\n                                <img decoding=\"async\" src=\"\/wp-content\/uploads\/sites\/5\/2019\/02\/Conferencia-Tendencias-de-odontologia-clausura-IGSS-2019-6-630x420.jpg\" srcset=\"\/wp-content\/uploads\/sites\/5\/2019\/02\/Conferencia-Tendencias-de-odontologia-clausura-IGSS-2019-6-630x420.jpg 630w, \/wp-content\/uploads\/sites\/5\/2019\/02\/Conferencia-Tendencias-de-odontologia-clausura-IGSS-2019-6-300x200.jpg 300w, \/wp-content\/uploads\/sites\/5\/2019\/02\/Conferencia-Tendencias-de-odontologia-clausura-IGSS-2019-6-768x512.jpg 768w, \/wp-content\/uploads\/sites\/5\/2019\/02\/Conferencia-Tendencias-de-odontologia-clausura-IGSS-2019-6-1024x682.jpg 1024w, \/wp-content\/uploads\/sites\/5\/2019\/02\/Conferencia-Tendencias-de-odontologia-clausura-IGSS-2019-6-696x464.jpg 696w, \/wp-content\/uploads\/sites\/5\/2019\/02\/Conferencia-Tendencias-de-odontologia-clausura-IGSS-2019-6-1068x712.jpg 1068w, \/wp-content\/uploads\/sites\/5\/2019\/02\/Conferencia-Tendencias-de-odontologia-clausura-IGSS-2019-6-534x356.jpg 534w, \/wp-content\/uploads\/sites\/5\/2019\/02\/Conferencia-Tendencias-de-odontologia-clausura-IGSS-2019-6.jpg 1280w\" sizes=\"(max-width: 630px) 100vw, 630px\" alt=\"\">\r\n                            <\/a>\r\n                            \r\n                        <\/figure>\r\n                    <\/div>\r\n                    <div class = \"td-slide-item td-item6\">\r\n                        <figure class=\"td-slide-galery-figure td-slide-popup-gallery\">\r\n                            <a class=\"slide-gallery-image-link\" href=\"\/wp-content\/uploads\/sites\/5\/2019\/02\/Conferencia-Tendencias-de-odontologia-clausura-IGSS-2019-7.jpg\" title=\"Conferencia Tendencias de odontologia clausura IGSS 2019-7\"  data-caption=\"\"  data-description=\"\">\r\n                                <img decoding=\"async\" src=\"\/wp-content\/uploads\/sites\/5\/2019\/02\/Conferencia-Tendencias-de-odontologia-clausura-IGSS-2019-7-630x420.jpg\" srcset=\"\/wp-content\/uploads\/sites\/5\/2019\/02\/Conferencia-Tendencias-de-odontologia-clausura-IGSS-2019-7-630x420.jpg 630w, \/wp-content\/uploads\/sites\/5\/2019\/02\/Conferencia-Tendencias-de-odontologia-clausura-IGSS-2019-7-300x200.jpg 300w, \/wp-content\/uploads\/sites\/5\/2019\/02\/Conferencia-Tendencias-de-odontologia-clausura-IGSS-2019-7-768x512.jpg 768w, \/wp-content\/uploads\/sites\/5\/2019\/02\/Conferencia-Tendencias-de-odontologia-clausura-IGSS-2019-7-1024x682.jpg 1024w, \/wp-content\/uploads\/sites\/5\/2019\/02\/Conferencia-Tendencias-de-odontologia-clausura-IGSS-2019-7-696x464.jpg 696w, \/wp-content\/uploads\/sites\/5\/2019\/02\/Conferencia-Tendencias-de-odontologia-clausura-IGSS-2019-7-1068x712.jpg 1068w, \/wp-content\/uploads\/sites\/5\/2019\/02\/Conferencia-Tendencias-de-odontologia-clausura-IGSS-2019-7-534x356.jpg 534w, \/wp-content\/uploads\/sites\/5\/2019\/02\/Conferencia-Tendencias-de-odontologia-clausura-IGSS-2019-7.jpg 1280w\" sizes=\"(max-width: 630px) 100vw, 630px\" alt=\"\">\r\n                            <\/a>\r\n                            \r\n                        <\/figure>\r\n                    <\/div>\r\n                    <div class = \"td-slide-item td-item7\">\r\n                        <figure class=\"td-slide-galery-figure td-slide-popup-gallery\">\r\n                            <a class=\"slide-gallery-image-link\" href=\"\/wp-content\/uploads\/sites\/5\/2019\/02\/Conferencia-Tendencias-de-odontologia-clausura-IGSS-2019-8.jpg\" title=\"Conferencia Tendencias de odontologia clausura IGSS 2019-8\"  data-caption=\"\"  data-description=\"\">\r\n                                <img decoding=\"async\" src=\"\/wp-content\/uploads\/sites\/5\/2019\/02\/Conferencia-Tendencias-de-odontologia-clausura-IGSS-2019-8-630x420.jpg\" srcset=\"\/wp-content\/uploads\/sites\/5\/2019\/02\/Conferencia-Tendencias-de-odontologia-clausura-IGSS-2019-8-630x420.jpg 630w, \/wp-content\/uploads\/sites\/5\/2019\/02\/Conferencia-Tendencias-de-odontologia-clausura-IGSS-2019-8-300x200.jpg 300w, \/wp-content\/uploads\/sites\/5\/2019\/02\/Conferencia-Tendencias-de-odontologia-clausura-IGSS-2019-8-768x512.jpg 768w, \/wp-content\/uploads\/sites\/5\/2019\/02\/Conferencia-Tendencias-de-odontologia-clausura-IGSS-2019-8-1024x682.jpg 1024w, \/wp-content\/uploads\/sites\/5\/2019\/02\/Conferencia-Tendencias-de-odontologia-clausura-IGSS-2019-8-696x464.jpg 696w, \/wp-content\/uploads\/sites\/5\/2019\/02\/Conferencia-Tendencias-de-odontologia-clausura-IGSS-2019-8-1068x712.jpg 1068w, \/wp-content\/uploads\/sites\/5\/2019\/02\/Conferencia-Tendencias-de-odontologia-clausura-IGSS-2019-8-534x356.jpg 534w, \/wp-content\/uploads\/sites\/5\/2019\/02\/Conferencia-Tendencias-de-odontologia-clausura-IGSS-2019-8.jpg 1280w\" sizes=\"(max-width: 630px) 100vw, 630px\" alt=\"\">\r\n                            <\/a>\r\n                            \r\n                        <\/figure>\r\n                    <\/div>\r\n                    <div class = \"td-slide-item td-item8\">\r\n                        <figure class=\"td-slide-galery-figure td-slide-popup-gallery\">\r\n                            <a class=\"slide-gallery-image-link\" href=\"\/wp-content\/uploads\/sites\/5\/2019\/02\/Conferencia-Tendencias-de-odontologia-clausura-IGSS-2019-9.jpg\" title=\"Conferencia Tendencias de odontologia clausura IGSS 2019-9\"  data-caption=\"\"  data-description=\"\">\r\n                                <img decoding=\"async\" src=\"\/wp-content\/uploads\/sites\/5\/2019\/02\/Conferencia-Tendencias-de-odontologia-clausura-IGSS-2019-9-630x420.jpg\" srcset=\"\/wp-content\/uploads\/sites\/5\/2019\/02\/Conferencia-Tendencias-de-odontologia-clausura-IGSS-2019-9-630x420.jpg 630w, \/wp-content\/uploads\/sites\/5\/2019\/02\/Conferencia-Tendencias-de-odontologia-clausura-IGSS-2019-9-300x200.jpg 300w, \/wp-content\/uploads\/sites\/5\/2019\/02\/Conferencia-Tendencias-de-odontologia-clausura-IGSS-2019-9-768x512.jpg 768w, \/wp-content\/uploads\/sites\/5\/2019\/02\/Conferencia-Tendencias-de-odontologia-clausura-IGSS-2019-9-1024x682.jpg 1024w, \/wp-content\/uploads\/sites\/5\/2019\/02\/Conferencia-Tendencias-de-odontologia-clausura-IGSS-2019-9-696x464.jpg 696w, \/wp-content\/uploads\/sites\/5\/2019\/02\/Conferencia-Tendencias-de-odontologia-clausura-IGSS-2019-9-1068x712.jpg 1068w, \/wp-content\/uploads\/sites\/5\/2019\/02\/Conferencia-Tendencias-de-odontologia-clausura-IGSS-2019-9-534x356.jpg 534w, \/wp-content\/uploads\/sites\/5\/2019\/02\/Conferencia-Tendencias-de-odontologia-clausura-IGSS-2019-9.jpg 1280w\" sizes=\"(max-width: 630px) 100vw, 630px\" alt=\"\">\r\n                            <\/a>\r\n                            \r\n                        <\/figure>\r\n                    <\/div>\r\n                    <div class = \"td-slide-item td-item9\">\r\n                        <figure class=\"td-slide-galery-figure td-slide-popup-gallery\">\r\n                            <a class=\"slide-gallery-image-link\" href=\"\/wp-content\/uploads\/sites\/5\/2019\/02\/Conferencia-Tendencias-de-odontologia-clausura-IGSS-2019-10.jpg\" title=\"Conferencia Tendencias de odontologia clausura IGSS 2019-10\"  data-caption=\"\"  data-description=\"\">\r\n                                <img decoding=\"async\" src=\"\/wp-content\/uploads\/sites\/5\/2019\/02\/Conferencia-Tendencias-de-odontologia-clausura-IGSS-2019-10-630x420.jpg\" srcset=\"\/wp-content\/uploads\/sites\/5\/2019\/02\/Conferencia-Tendencias-de-odontologia-clausura-IGSS-2019-10-630x420.jpg 630w, \/wp-content\/uploads\/sites\/5\/2019\/02\/Conferencia-Tendencias-de-odontologia-clausura-IGSS-2019-10-300x200.jpg 300w, \/wp-content\/uploads\/sites\/5\/2019\/02\/Conferencia-Tendencias-de-odontologia-clausura-IGSS-2019-10-768x512.jpg 768w, \/wp-content\/uploads\/sites\/5\/2019\/02\/Conferencia-Tendencias-de-odontologia-clausura-IGSS-2019-10-1024x682.jpg 1024w, \/wp-content\/uploads\/sites\/5\/2019\/02\/Conferencia-Tendencias-de-odontologia-clausura-IGSS-2019-10-696x464.jpg 696w, \/wp-content\/uploads\/sites\/5\/2019\/02\/Conferencia-Tendencias-de-odontologia-clausura-IGSS-2019-10-1068x712.jpg 1068w, \/wp-content\/uploads\/sites\/5\/2019\/02\/Conferencia-Tendencias-de-odontologia-clausura-IGSS-2019-10-534x356.jpg 534w, \/wp-content\/uploads\/sites\/5\/2019\/02\/Conferencia-Tendencias-de-odontologia-clausura-IGSS-2019-10.jpg 1280w\" sizes=\"(max-width: 630px) 100vw, 630px\" alt=\"\">\r\n                            <\/a>\r\n                            \r\n                        <\/figure>\r\n                    <\/div>\r\n                    <div class = \"td-slide-item td-item10\">\r\n                        <figure class=\"td-slide-galery-figure td-slide-popup-gallery\">\r\n                            <a class=\"slide-gallery-image-link\" href=\"\/wp-content\/uploads\/sites\/5\/2019\/02\/Conferencia-Tendencias-de-odontologia-clausura-IGSS-2019-11.jpg\" title=\"Conferencia Tendencias de odontologia clausura IGSS 2019-11\"  data-caption=\"\"  data-description=\"\">\r\n                                <img decoding=\"async\" src=\"\/wp-content\/uploads\/sites\/5\/2019\/02\/Conferencia-Tendencias-de-odontologia-clausura-IGSS-2019-11-630x420.jpg\" srcset=\"\/wp-content\/uploads\/sites\/5\/2019\/02\/Conferencia-Tendencias-de-odontologia-clausura-IGSS-2019-11-630x420.jpg 630w, \/wp-content\/uploads\/sites\/5\/2019\/02\/Conferencia-Tendencias-de-odontologia-clausura-IGSS-2019-11-300x200.jpg 300w, \/wp-content\/uploads\/sites\/5\/2019\/02\/Conferencia-Tendencias-de-odontologia-clausura-IGSS-2019-11-768x512.jpg 768w, \/wp-content\/uploads\/sites\/5\/2019\/02\/Conferencia-Tendencias-de-odontologia-clausura-IGSS-2019-11-1024x682.jpg 1024w, \/wp-content\/uploads\/sites\/5\/2019\/02\/Conferencia-Tendencias-de-odontologia-clausura-IGSS-2019-11-696x464.jpg 696w, \/wp-content\/uploads\/sites\/5\/2019\/02\/Conferencia-Tendencias-de-odontologia-clausura-IGSS-2019-11-1068x712.jpg 1068w, \/wp-content\/uploads\/sites\/5\/2019\/02\/Conferencia-Tendencias-de-odontologia-clausura-IGSS-2019-11-534x356.jpg 534w, \/wp-content\/uploads\/sites\/5\/2019\/02\/Conferencia-Tendencias-de-odontologia-clausura-IGSS-2019-11.jpg 1280w\" sizes=\"(max-width: 630px) 100vw, 630px\" alt=\"\">\r\n                            <\/a>\r\n                            \r\n                        <\/figure>\r\n                    <\/div>\r\n                    <div class = \"td-slide-item td-item11\">\r\n                        <figure class=\"td-slide-galery-figure td-slide-popup-gallery\">\r\n                            <a class=\"slide-gallery-image-link\" href=\"\/wp-content\/uploads\/sites\/5\/2019\/02\/Conferencia-Tendencias-de-odontologia-clausura-IGSS-2019-12.jpg\" title=\"Conferencia Tendencias de odontologia clausura IGSS 2019-12\"  data-caption=\"\"  data-description=\"\">\r\n                                <img decoding=\"async\" src=\"\/wp-content\/uploads\/sites\/5\/2019\/02\/Conferencia-Tendencias-de-odontologia-clausura-IGSS-2019-12-630x420.jpg\" srcset=\"\/wp-content\/uploads\/sites\/5\/2019\/02\/Conferencia-Tendencias-de-odontologia-clausura-IGSS-2019-12-630x420.jpg 630w, \/wp-content\/uploads\/sites\/5\/2019\/02\/Conferencia-Tendencias-de-odontologia-clausura-IGSS-2019-12-300x200.jpg 300w, \/wp-content\/uploads\/sites\/5\/2019\/02\/Conferencia-Tendencias-de-odontologia-clausura-IGSS-2019-12-768x512.jpg 768w, \/wp-content\/uploads\/sites\/5\/2019\/02\/Conferencia-Tendencias-de-odontologia-clausura-IGSS-2019-12-1024x682.jpg 1024w, \/wp-content\/uploads\/sites\/5\/2019\/02\/Conferencia-Tendencias-de-odontologia-clausura-IGSS-2019-12-696x464.jpg 696w, \/wp-content\/uploads\/sites\/5\/2019\/02\/Conferencia-Tendencias-de-odontologia-clausura-IGSS-2019-12-1068x712.jpg 1068w, \/wp-content\/uploads\/sites\/5\/2019\/02\/Conferencia-Tendencias-de-odontologia-clausura-IGSS-2019-12-534x356.jpg 534w, \/wp-content\/uploads\/sites\/5\/2019\/02\/Conferencia-Tendencias-de-odontologia-clausura-IGSS-2019-12.jpg 1280w\" sizes=\"(max-width: 630px) 100vw, 630px\" alt=\"\">\r\n                            <\/a>\r\n                            \r\n                        <\/figure>\r\n                    <\/div>\r\n                    <div class = \"td-slide-item td-item12\">\r\n                        <figure class=\"td-slide-galery-figure td-slide-popup-gallery\">\r\n                            <a class=\"slide-gallery-image-link\" href=\"\/wp-content\/uploads\/sites\/5\/2019\/02\/Conferencia-Tendencias-de-odontologia-clausura-IGSS-2019-13.jpg\" title=\"Conferencia Tendencias de odontologia clausura IGSS 2019-13\"  data-caption=\"\"  data-description=\"\">\r\n                                <img decoding=\"async\" src=\"\/wp-content\/uploads\/sites\/5\/2019\/02\/Conferencia-Tendencias-de-odontologia-clausura-IGSS-2019-13-630x420.jpg\" srcset=\"\/wp-content\/uploads\/sites\/5\/2019\/02\/Conferencia-Tendencias-de-odontologia-clausura-IGSS-2019-13-630x420.jpg 630w, \/wp-content\/uploads\/sites\/5\/2019\/02\/Conferencia-Tendencias-de-odontologia-clausura-IGSS-2019-13-300x200.jpg 300w, \/wp-content\/uploads\/sites\/5\/2019\/02\/Conferencia-Tendencias-de-odontologia-clausura-IGSS-2019-13-768x512.jpg 768w, \/wp-content\/uploads\/sites\/5\/2019\/02\/Conferencia-Tendencias-de-odontologia-clausura-IGSS-2019-13-1024x682.jpg 1024w, \/wp-content\/uploads\/sites\/5\/2019\/02\/Conferencia-Tendencias-de-odontologia-clausura-IGSS-2019-13-696x464.jpg 696w, \/wp-content\/uploads\/sites\/5\/2019\/02\/Conferencia-Tendencias-de-odontologia-clausura-IGSS-2019-13-1068x712.jpg 1068w, \/wp-content\/uploads\/sites\/5\/2019\/02\/Conferencia-Tendencias-de-odontologia-clausura-IGSS-2019-13-534x356.jpg 534w, \/wp-content\/uploads\/sites\/5\/2019\/02\/Conferencia-Tendencias-de-odontologia-clausura-IGSS-2019-13.jpg 1280w\" sizes=\"(max-width: 630px) 100vw, 630px\" alt=\"\">\r\n                            <\/a>\r\n                            \r\n                        <\/figure>\r\n                    <\/div>\r\n                    <div class = \"td-slide-item td-item13\">\r\n                        <figure class=\"td-slide-galery-figure td-slide-popup-gallery\">\r\n                            <a class=\"slide-gallery-image-link\" href=\"\/wp-content\/uploads\/sites\/5\/2019\/02\/Conferencia-Tendencias-de-odontologia-clausura-IGSS-2019-14.jpg\" title=\"Conferencia Tendencias de odontologia clausura IGSS 2019-14\"  data-caption=\"\"  data-description=\"\">\r\n                                <img decoding=\"async\" src=\"\/wp-content\/uploads\/sites\/5\/2019\/02\/Conferencia-Tendencias-de-odontologia-clausura-IGSS-2019-14-630x420.jpg\" srcset=\"\/wp-content\/uploads\/sites\/5\/2019\/02\/Conferencia-Tendencias-de-odontologia-clausura-IGSS-2019-14-630x420.jpg 630w, \/wp-content\/uploads\/sites\/5\/2019\/02\/Conferencia-Tendencias-de-odontologia-clausura-IGSS-2019-14-300x200.jpg 300w, \/wp-content\/uploads\/sites\/5\/2019\/02\/Conferencia-Tendencias-de-odontologia-clausura-IGSS-2019-14-768x512.jpg 768w, \/wp-content\/uploads\/sites\/5\/2019\/02\/Conferencia-Tendencias-de-odontologia-clausura-IGSS-2019-14-1024x682.jpg 1024w, \/wp-content\/uploads\/sites\/5\/2019\/02\/Conferencia-Tendencias-de-odontologia-clausura-IGSS-2019-14-696x464.jpg 696w, \/wp-content\/uploads\/sites\/5\/2019\/02\/Conferencia-Tendencias-de-odontologia-clausura-IGSS-2019-14-1068x712.jpg 1068w, \/wp-content\/uploads\/sites\/5\/2019\/02\/Conferencia-Tendencias-de-odontologia-clausura-IGSS-2019-14-534x356.jpg 534w, \/wp-content\/uploads\/sites\/5\/2019\/02\/Conferencia-Tendencias-de-odontologia-clausura-IGSS-2019-14.jpg 1280w\" sizes=\"(max-width: 630px) 100vw, 630px\" alt=\"\">\r\n                            <\/a>\r\n                            \r\n                        <\/figure>\r\n                    <\/div>\r\n                    <div class = \"td-slide-item td-item14\">\r\n                        <figure class=\"td-slide-galery-figure td-slide-popup-gallery\">\r\n                            <a class=\"slide-gallery-image-link\" href=\"\/wp-content\/uploads\/sites\/5\/2019\/02\/Conferencia-Tendencias-de-odontologia-clausura-IGSS-2019-15.jpg\" title=\"Conferencia Tendencias de odontologia clausura IGSS 2019-15\"  data-caption=\"\"  data-description=\"\">\r\n                                <img decoding=\"async\" src=\"\/wp-content\/uploads\/sites\/5\/2019\/02\/Conferencia-Tendencias-de-odontologia-clausura-IGSS-2019-15-630x420.jpg\" srcset=\"\/wp-content\/uploads\/sites\/5\/2019\/02\/Conferencia-Tendencias-de-odontologia-clausura-IGSS-2019-15-630x420.jpg 630w, \/wp-content\/uploads\/sites\/5\/2019\/02\/Conferencia-Tendencias-de-odontologia-clausura-IGSS-2019-15-300x200.jpg 300w, \/wp-content\/uploads\/sites\/5\/2019\/02\/Conferencia-Tendencias-de-odontologia-clausura-IGSS-2019-15-768x512.jpg 768w, \/wp-content\/uploads\/sites\/5\/2019\/02\/Conferencia-Tendencias-de-odontologia-clausura-IGSS-2019-15-1024x682.jpg 1024w, \/wp-content\/uploads\/sites\/5\/2019\/02\/Conferencia-Tendencias-de-odontologia-clausura-IGSS-2019-15-696x464.jpg 696w, \/wp-content\/uploads\/sites\/5\/2019\/02\/Conferencia-Tendencias-de-odontologia-clausura-IGSS-2019-15-1068x712.jpg 1068w, \/wp-content\/uploads\/sites\/5\/2019\/02\/Conferencia-Tendencias-de-odontologia-clausura-IGSS-2019-15-534x356.jpg 534w, \/wp-content\/uploads\/sites\/5\/2019\/02\/Conferencia-Tendencias-de-odontologia-clausura-IGSS-2019-15.jpg 1280w\" sizes=\"(max-width: 630px) 100vw, 630px\" alt=\"\">\r\n                            <\/a>\r\n                            \r\n                        <\/figure>\r\n                    <\/div>\r\n                            <\/div>\r\n                        <\/div>\r\n\r\n                        <div class = \"td-doubleSlider-2\">\r\n                            <div class = \"td-slider\">\r\n                                \r\n                    <div class = \"td-button td-item1\">\r\n                        <div class = \"td-border\"><\/div>\r\n                    <\/div>\r\n                    <div class = \"td-button td-item2\">\r\n                        <div class = \"td-border\"><\/div>\r\n                    <\/div>\r\n                    <div class = \"td-button td-item3\">\r\n                        <div class = \"td-border\"><\/div>\r\n                    <\/div>\r\n                    <div class = \"td-button td-item4\">\r\n                        <div class = \"td-border\"><\/div>\r\n                    <\/div>\r\n                    <div class = \"td-button td-item5\">\r\n                        <div class = \"td-border\"><\/div>\r\n                    <\/div>\r\n                    <div class = \"td-button td-item6\">\r\n                        <div class = \"td-border\"><\/div>\r\n                    <\/div>\r\n                    <div class = \"td-button td-item7\">\r\n                        <div class = \"td-border\"><\/div>\r\n                    <\/div>\r\n                    <div class = \"td-button td-item8\">\r\n                        <div class = \"td-border\"><\/div>\r\n                    <\/div>\r\n                    <div class = \"td-button td-item9\">\r\n                        <div class = \"td-border\"><\/div>\r\n                    <\/div>\r\n                    <div class = \"td-button td-item10\">\r\n                        <div class = \"td-border\"><\/div>\r\n                    <\/div>\r\n                    <div class = \"td-button td-item11\">\r\n                        <div class = \"td-border\"><\/div>\r\n                    <\/div>\r\n                    <div class = \"td-button td-item12\">\r\n                        <div class = \"td-border\"><\/div>\r\n                    <\/div>\r\n                    <div class = \"td-button td-item13\">\r\n                        <div class = \"td-border\"><\/div>\r\n                    <\/div>\r\n                    <div class = \"td-button td-item14\">\r\n                        <div class = \"td-border\"><\/div>\r\n                    <\/div>\r\n                            <\/div>\r\n                        <\/div>\r\n\r\n                    <\/div>\r\n\r\n                <\/div>\r\n                \n<p>&nbsp;<\/p>\n","protected":false},"excerpt":{"rendered":"<p>Una vez por a\u00f1o el grupo de especialistas de Odontolog\u00eda del Instituto Guatemalteco de Seguridad Social (IGSS) participan en las conferencias llamadas Tendencias en Odontolog\u00eda, con el principal objetivo de actualizar sus conocimientos en innovaciones de esa rama de la medicina. Al evento son convocados los 133 odont\u00f3logos que laboran en el IGSS en las [&hellip;]<\/p>\n","protected":false},"author":4,"featured_media":8610,"comment_status":"open","ping_status":"open","sticky":false,"template":"","format":"standard","meta":{"footnotes":""},"categories":[17,29],"tags":[490,670],"coauthors":[],"class_list":{"0":"post-8601","1":"post","2":"type-post","3":"status-publish","4":"format-standard","5":"has-post-thumbnail","7":"category-formacion-y-desarrollo","8":"category-publicaciones","9":"tag-igss","10":"tag-odontologia"},"_links":{"self":[{"href":"https:\/\/www.igssgt.org\/noticias\/wp-json\/wp\/v2\/posts\/8601","targetHints":{"allow":["GET"]}}],"collection":[{"href":"https:\/\/www.igssgt.org\/noticias\/wp-json\/wp\/v2\/posts"}],"about":[{"href":"https:\/\/www.igssgt.org\/noticias\/wp-json\/wp\/v2\/types\/post"}],"author":[{"embeddable":true,"href":"https:\/\/www.igssgt.org\/noticias\/wp-json\/wp\/v2\/users\/4"}],"replies":[{"embeddable":true,"href":"https:\/\/www.igssgt.org\/noticias\/wp-json\/wp\/v2\/comments?post=8601"}],"version-history":[{"count":0,"href":"https:\/\/www.igssgt.org\/noticias\/wp-json\/wp\/v2\/posts\/8601\/revisions"}],"wp:featuredmedia":[{"embeddable":true,"href":"https:\/\/www.igssgt.org\/noticias\/wp-json\/wp\/v2\/media\/8610"}],"wp:attachment":[{"href":"https:\/\/www.igssgt.org\/noticias\/wp-json\/wp\/v2\/media?parent=8601"}],"wp:term":[{"taxonomy":"category","embeddable":true,"href":"https:\/\/www.igssgt.org\/noticias\/wp-json\/wp\/v2\/categories?post=8601"},{"taxonomy":"post_tag","embeddable":true,"href":"https:\/\/www.igssgt.org\/noticias\/wp-json\/wp\/v2\/tags?post=8601"},{"taxonomy":"author","embeddable":true,"href":"https:\/\/www.igssgt.org\/noticias\/wp-json\/wp\/v2\/coauthors?post=8601"}],"curies":[{"name":"wp","href":"https:\/\/api.w.org\/{rel}","templated":true}]}}