{"id":8629,"date":"2019-02-11T15:27:22","date_gmt":"2019-02-11T21:27:22","guid":{"rendered":"http:\/\/noticias.igssgt.org\/?p=8629"},"modified":"2021-02-25T18:36:25","modified_gmt":"2021-02-26T00:36:25","slug":"se-abre-convocatoria-para-formar-parte-del-cuerpo-de-salvamento-en-semana-santa-2019","status":"publish","type":"post","link":"https:\/\/www.igssgt.org\/noticias\/2019\/02\/11\/se-abre-convocatoria-para-formar-parte-del-cuerpo-de-salvamento-en-semana-santa-2019\/","title":{"rendered":"Se abre convocatoria para formar parte del Cuerpo de Salvamento en Semana Santa 2019"},"content":{"rendered":"<p>Las autoridades del Instituto Guatemalteco de Seguridad Social (IGSS), a trav\u00e9s de la Secci\u00f3n de Seguridad e Higiene y Prevenci\u00f3n de Accidentes, abrieron este lunes la convocatoria para formar parte del Cuerpo de Salvamento, cuyos integrantes tendr\u00e1n a su cargo la cobertura en las playas y balnearios de la costa sur durante la Semana Santa 2019.<\/p>\n<p>El licenciado \u00c1lvaro Barillas, jefe del Cuerpo de Salvamento, indic\u00f3 que los aspirantes deben tener conocimiento t\u00e9cnico en salvavidas y primeros auxilios. Adem\u00e1s, deben someterse a pruebas de nataci\u00f3n en piscina y mar abierto.<\/p>\n<p>\u201cLa primera prueba de nataci\u00f3n se realizar\u00e1 el 28 de febrero en las piscinas del Comit\u00e9 Ol\u00edmpico, zona 5, donde por siete minutos deben nadar 400 metros\u201d, precis\u00f3 el licenciado Barillas. Asimismo, dijo que el 9 y 16 de marzo se efectuar\u00e1n dos pruebas m\u00e1s en mar abierto en el Puerto San Jos\u00e9, Escuintla. Para las personas que viven en la capital, el Instituto proporcionar\u00e1 trasporte desde las Oficinas Centrales.<\/p>\n<p>Requisitos:<br \/>\nLas personas que deseen participar por primera vez deben presentar a la oficina de Recursos Humanos los siguientes documentos:<\/p>\n<p>Resumen de su curr\u00edculum actualizado<br \/>\nDos fotograf\u00edas tama\u00f1o c\u00e9dula en blanco y negro<br \/>\nCertificado de nacimiento extendido por el Renap (6 meses de vigencia)<br \/>\nOriginal y fotocopia simple del DPI<br \/>\nCarencias de antecedentes penales y polic\u00edacos<br \/>\nOriginal y fotocopia del RTU ratificado en 2019, extendido por la SAT<br \/>\nOriginal y fotocopia del boleto de ornato 2019<br \/>\nOriginal y fotocopia del diploma de educaci\u00f3n primaria y educaci\u00f3n secundaria<br \/>\nFotocopia de afiliaci\u00f3n al IGSS (si es afiliado)<br \/>\nOriginal y fotocopia de 2 cartas de recomendaci\u00f3n personal<br \/>\nOriginal y fotocopia de 2 cartas de recomendaci\u00f3n laborales<br \/>\nConstancia reciente de cuenta monetaria activa extendida por Banrural<\/p>\n<p>Para quienes hayan participado en a\u00f1os anteriores deben presentar a Recursos Humanos:<\/p>\n<p>Resumen curr\u00edculum actualizado<br \/>\nCarencia de antecedentes penales y polic\u00edacos originales<br \/>\nCertificado de nacimiento extendido por el Renap<br \/>\nOriginal y fotocopia del RTU ratificado en 2019, extendido por la SAT<br \/>\nOriginal y fotocopia simple del boleto de ornato 2019<br \/>\nConstancia reciente de cuenta monetaria activa extendida por Banrural<\/p>\n\r\n                <style type=\"text\/css\">\r\n                    \r\n                    #tdi_1  .td-doubleSlider-2 .td-item1 {\r\n                        background: url(\/wp-content\/uploads\/sites\/5\/2019\/02\/Convocatoria-Salvavidas-IGSS-2019-8-80x60.jpg) 0 0 no-repeat;\r\n                    }\r\n                    #tdi_1  .td-doubleSlider-2 .td-item2 {\r\n                        background: url(\/wp-content\/uploads\/sites\/5\/2019\/02\/Convocatoria-Salvavidas-IGSS-2019-3-80x60.jpg) 0 0 no-repeat;\r\n                    }\r\n                    #tdi_1  .td-doubleSlider-2 .td-item3 {\r\n                        background: url(\/wp-content\/uploads\/sites\/5\/2019\/02\/Convocatoria-Salvavidas-IGSS-2019-2-80x60.jpg) 0 0 no-repeat;\r\n                    }\r\n                    #tdi_1  .td-doubleSlider-2 .td-item4 {\r\n                        background: url(\/wp-content\/uploads\/sites\/5\/2019\/02\/Convocatoria-Salvavidas-IGSS-2019-1-80x60.jpg) 0 0 no-repeat;\r\n                    }\r\n                    #tdi_1  .td-doubleSlider-2 .td-item5 {\r\n                        background: url(\/wp-content\/uploads\/sites\/5\/2019\/02\/Convocatoria-Salvavidas-IGSS-2019-7-80x60.jpg) 0 0 no-repeat;\r\n                    }\r\n                <\/style>\r\n\r\n                <div id=\"tdi_1\" class=\"td-gallery td-slide-on-2-columns\">\r\n                    <div class=\"post_td_gallery\">\r\n                        <div class=\"td-gallery-slide-top\">\r\n                           <div class=\"td-gallery-title\">Galer\u00eda de Im\u00e1genes<\/div>\r\n\r\n                            <div class=\"td-gallery-controls-wrapper\">\r\n                                <div class=\"td-gallery-slide-count\"><span class=\"td-gallery-slide-item-focus\">1<\/span> de 5<\/div>\r\n                                <div class=\"td-gallery-slide-prev-next-but\">\r\n                                    <i class = \"td-icon-left doubleSliderPrevButton\"><\/i>\r\n                                    <i class = \"td-icon-right doubleSliderNextButton\"><\/i>\r\n                                <\/div>\r\n                            <\/div>\r\n                        <\/div>\r\n\r\n                        <div class = \"td-doubleSlider-1 \">\r\n                            <div class = \"td-slider\">\r\n                                \r\n                    <div class = \"td-slide-item td-item1\">\r\n                        <figure class=\"td-slide-galery-figure td-slide-popup-gallery\">\r\n                            <a class=\"slide-gallery-image-link\" href=\"\/wp-content\/uploads\/sites\/5\/2019\/02\/Convocatoria-Salvavidas-IGSS-2019-8.jpg\" title=\"Convocatoria Salvavidas IGSS 2019-8\"  data-caption=\"\"  data-description=\"\">\r\n                                <img decoding=\"async\" src=\"\/wp-content\/uploads\/sites\/5\/2019\/02\/Convocatoria-Salvavidas-IGSS-2019-8-630x420.jpg\" srcset=\"\/wp-content\/uploads\/sites\/5\/2019\/02\/Convocatoria-Salvavidas-IGSS-2019-8-630x420.jpg 630w, \/wp-content\/uploads\/sites\/5\/2019\/02\/Convocatoria-Salvavidas-IGSS-2019-8-1536x1024.jpg 1536w, \/wp-content\/uploads\/sites\/5\/2019\/02\/Convocatoria-Salvavidas-IGSS-2019-8-300x200.jpg 300w, \/wp-content\/uploads\/sites\/5\/2019\/02\/Convocatoria-Salvavidas-IGSS-2019-8-768x512.jpg 768w, \/wp-content\/uploads\/sites\/5\/2019\/02\/Convocatoria-Salvavidas-IGSS-2019-8-1024x682.jpg 1024w, \/wp-content\/uploads\/sites\/5\/2019\/02\/Convocatoria-Salvavidas-IGSS-2019-8-696x464.jpg 696w, \/wp-content\/uploads\/sites\/5\/2019\/02\/Convocatoria-Salvavidas-IGSS-2019-8-1068x712.jpg 1068w, \/wp-content\/uploads\/sites\/5\/2019\/02\/Convocatoria-Salvavidas-IGSS-2019-8-534x356.jpg 534w, \/wp-content\/uploads\/sites\/5\/2019\/02\/Convocatoria-Salvavidas-IGSS-2019-8-1920x1280.jpg 1920w, \/wp-content\/uploads\/sites\/5\/2019\/02\/Convocatoria-Salvavidas-IGSS-2019-8.jpg 2000w\" sizes=\"(max-width: 630px) 100vw, 630px\" alt=\"\">\r\n                            <\/a>\r\n                            \r\n                        <\/figure>\r\n                    <\/div>\r\n                    <div class = \"td-slide-item td-item2\">\r\n                        <figure class=\"td-slide-galery-figure td-slide-popup-gallery\">\r\n                            <a class=\"slide-gallery-image-link\" href=\"\/wp-content\/uploads\/sites\/5\/2019\/02\/Convocatoria-Salvavidas-IGSS-2019-3.jpg\" title=\"Convocatoria Salvavidas IGSS 2019-3\"  data-caption=\"\"  data-description=\"\">\r\n                                <img decoding=\"async\" src=\"\/wp-content\/uploads\/sites\/5\/2019\/02\/Convocatoria-Salvavidas-IGSS-2019-3-630x420.jpg\" srcset=\"\/wp-content\/uploads\/sites\/5\/2019\/02\/Convocatoria-Salvavidas-IGSS-2019-3-630x420.jpg 630w, \/wp-content\/uploads\/sites\/5\/2019\/02\/Convocatoria-Salvavidas-IGSS-2019-3-1536x1024.jpg 1536w, \/wp-content\/uploads\/sites\/5\/2019\/02\/Convocatoria-Salvavidas-IGSS-2019-3-300x200.jpg 300w, \/wp-content\/uploads\/sites\/5\/2019\/02\/Convocatoria-Salvavidas-IGSS-2019-3-768x512.jpg 768w, \/wp-content\/uploads\/sites\/5\/2019\/02\/Convocatoria-Salvavidas-IGSS-2019-3-1024x682.jpg 1024w, \/wp-content\/uploads\/sites\/5\/2019\/02\/Convocatoria-Salvavidas-IGSS-2019-3-696x464.jpg 696w, \/wp-content\/uploads\/sites\/5\/2019\/02\/Convocatoria-Salvavidas-IGSS-2019-3-1068x712.jpg 1068w, \/wp-content\/uploads\/sites\/5\/2019\/02\/Convocatoria-Salvavidas-IGSS-2019-3-534x356.jpg 534w, \/wp-content\/uploads\/sites\/5\/2019\/02\/Convocatoria-Salvavidas-IGSS-2019-3-1920x1280.jpg 1920w, \/wp-content\/uploads\/sites\/5\/2019\/02\/Convocatoria-Salvavidas-IGSS-2019-3.jpg 2000w\" sizes=\"(max-width: 630px) 100vw, 630px\" alt=\"\">\r\n                            <\/a>\r\n                            \r\n                        <\/figure>\r\n                    <\/div>\r\n                    <div class = \"td-slide-item td-item3\">\r\n                        <figure class=\"td-slide-galery-figure td-slide-popup-gallery\">\r\n                            <a class=\"slide-gallery-image-link\" href=\"\/wp-content\/uploads\/sites\/5\/2019\/02\/Convocatoria-Salvavidas-IGSS-2019-2.jpg\" title=\"Convocatoria Salvavidas IGSS 2019-2\"  data-caption=\"\"  data-description=\"\">\r\n                                <img decoding=\"async\" src=\"\/wp-content\/uploads\/sites\/5\/2019\/02\/Convocatoria-Salvavidas-IGSS-2019-2-630x420.jpg\" srcset=\"\/wp-content\/uploads\/sites\/5\/2019\/02\/Convocatoria-Salvavidas-IGSS-2019-2-630x420.jpg 630w, \/wp-content\/uploads\/sites\/5\/2019\/02\/Convocatoria-Salvavidas-IGSS-2019-2-1536x1024.jpg 1536w, \/wp-content\/uploads\/sites\/5\/2019\/02\/Convocatoria-Salvavidas-IGSS-2019-2-300x200.jpg 300w, \/wp-content\/uploads\/sites\/5\/2019\/02\/Convocatoria-Salvavidas-IGSS-2019-2-768x512.jpg 768w, \/wp-content\/uploads\/sites\/5\/2019\/02\/Convocatoria-Salvavidas-IGSS-2019-2-1024x682.jpg 1024w, \/wp-content\/uploads\/sites\/5\/2019\/02\/Convocatoria-Salvavidas-IGSS-2019-2-696x464.jpg 696w, \/wp-content\/uploads\/sites\/5\/2019\/02\/Convocatoria-Salvavidas-IGSS-2019-2-1068x712.jpg 1068w, \/wp-content\/uploads\/sites\/5\/2019\/02\/Convocatoria-Salvavidas-IGSS-2019-2-534x356.jpg 534w, \/wp-content\/uploads\/sites\/5\/2019\/02\/Convocatoria-Salvavidas-IGSS-2019-2-1920x1280.jpg 1920w, \/wp-content\/uploads\/sites\/5\/2019\/02\/Convocatoria-Salvavidas-IGSS-2019-2.jpg 2000w\" sizes=\"(max-width: 630px) 100vw, 630px\" alt=\"\">\r\n                            <\/a>\r\n                            \r\n                        <\/figure>\r\n                    <\/div>\r\n                    <div class = \"td-slide-item td-item4\">\r\n                        <figure class=\"td-slide-galery-figure td-slide-popup-gallery\">\r\n                            <a class=\"slide-gallery-image-link\" href=\"\/wp-content\/uploads\/sites\/5\/2019\/02\/Convocatoria-Salvavidas-IGSS-2019-1.jpg\" title=\"Convocatoria Salvavidas IGSS 2019-1\"  data-caption=\"\"  data-description=\"\">\r\n                                <img decoding=\"async\" src=\"\/wp-content\/uploads\/sites\/5\/2019\/02\/Convocatoria-Salvavidas-IGSS-2019-1-630x420.jpg\" srcset=\"\/wp-content\/uploads\/sites\/5\/2019\/02\/Convocatoria-Salvavidas-IGSS-2019-1-630x420.jpg 630w, \/wp-content\/uploads\/sites\/5\/2019\/02\/Convocatoria-Salvavidas-IGSS-2019-1-1536x1024.jpg 1536w, \/wp-content\/uploads\/sites\/5\/2019\/02\/Convocatoria-Salvavidas-IGSS-2019-1-300x200.jpg 300w, \/wp-content\/uploads\/sites\/5\/2019\/02\/Convocatoria-Salvavidas-IGSS-2019-1-768x512.jpg 768w, \/wp-content\/uploads\/sites\/5\/2019\/02\/Convocatoria-Salvavidas-IGSS-2019-1-1024x682.jpg 1024w, \/wp-content\/uploads\/sites\/5\/2019\/02\/Convocatoria-Salvavidas-IGSS-2019-1-696x464.jpg 696w, \/wp-content\/uploads\/sites\/5\/2019\/02\/Convocatoria-Salvavidas-IGSS-2019-1-1068x712.jpg 1068w, \/wp-content\/uploads\/sites\/5\/2019\/02\/Convocatoria-Salvavidas-IGSS-2019-1-534x356.jpg 534w, \/wp-content\/uploads\/sites\/5\/2019\/02\/Convocatoria-Salvavidas-IGSS-2019-1.jpg 2000w\" sizes=\"(max-width: 630px) 100vw, 630px\" alt=\"\">\r\n                            <\/a>\r\n                            \r\n                        <\/figure>\r\n                    <\/div>\r\n                    <div class = \"td-slide-item td-item5\">\r\n                        <figure class=\"td-slide-galery-figure td-slide-popup-gallery\">\r\n                            <a class=\"slide-gallery-image-link\" href=\"\/wp-content\/uploads\/sites\/5\/2019\/02\/Convocatoria-Salvavidas-IGSS-2019-7.jpg\" title=\"Convocatoria Salvavidas IGSS 2019-7\"  data-caption=\"\"  data-description=\"\">\r\n                                <img decoding=\"async\" src=\"\/wp-content\/uploads\/sites\/5\/2019\/02\/Convocatoria-Salvavidas-IGSS-2019-7-630x420.jpg\" srcset=\"\/wp-content\/uploads\/sites\/5\/2019\/02\/Convocatoria-Salvavidas-IGSS-2019-7-630x420.jpg 630w, \/wp-content\/uploads\/sites\/5\/2019\/02\/Convocatoria-Salvavidas-IGSS-2019-7-1536x1024.jpg 1536w, \/wp-content\/uploads\/sites\/5\/2019\/02\/Convocatoria-Salvavidas-IGSS-2019-7-300x200.jpg 300w, \/wp-content\/uploads\/sites\/5\/2019\/02\/Convocatoria-Salvavidas-IGSS-2019-7-768x512.jpg 768w, \/wp-content\/uploads\/sites\/5\/2019\/02\/Convocatoria-Salvavidas-IGSS-2019-7-1024x682.jpg 1024w, \/wp-content\/uploads\/sites\/5\/2019\/02\/Convocatoria-Salvavidas-IGSS-2019-7-696x464.jpg 696w, \/wp-content\/uploads\/sites\/5\/2019\/02\/Convocatoria-Salvavidas-IGSS-2019-7-1068x712.jpg 1068w, \/wp-content\/uploads\/sites\/5\/2019\/02\/Convocatoria-Salvavidas-IGSS-2019-7-534x356.jpg 534w, \/wp-content\/uploads\/sites\/5\/2019\/02\/Convocatoria-Salvavidas-IGSS-2019-7-1920x1280.jpg 1920w, \/wp-content\/uploads\/sites\/5\/2019\/02\/Convocatoria-Salvavidas-IGSS-2019-7.jpg 2000w\" sizes=\"(max-width: 630px) 100vw, 630px\" alt=\"\">\r\n                            <\/a>\r\n                            \r\n                        <\/figure>\r\n                    <\/div>\r\n                            <\/div>\r\n                        <\/div>\r\n\r\n                        <div class = \"td-doubleSlider-2\">\r\n                            <div class = \"td-slider\">\r\n                                \r\n                    <div class = \"td-button td-item1\">\r\n                        <div class = \"td-border\"><\/div>\r\n                    <\/div>\r\n                    <div class = \"td-button td-item2\">\r\n                        <div class = \"td-border\"><\/div>\r\n                    <\/div>\r\n                    <div class = \"td-button td-item3\">\r\n                        <div class = \"td-border\"><\/div>\r\n                    <\/div>\r\n                    <div class = \"td-button td-item4\">\r\n                        <div class = \"td-border\"><\/div>\r\n                    <\/div>\r\n                    <div class = \"td-button td-item5\">\r\n                        <div class = \"td-border\"><\/div>\r\n                    <\/div>\r\n                            <\/div>\r\n                        <\/div>\r\n\r\n                    <\/div>\r\n\r\n                <\/div>\r\n                \n<hr \/>\n<p>&nbsp;<\/p>\n","protected":false},"excerpt":{"rendered":"<p>Las autoridades del Instituto Guatemalteco de Seguridad Social (IGSS), a trav\u00e9s de la Secci\u00f3n de Seguridad e Higiene y Prevenci\u00f3n de Accidentes, abrieron este lunes la convocatoria para formar parte del Cuerpo de Salvamento, cuyos integrantes tendr\u00e1n a su cargo la cobertura en las playas y balnearios de la costa sur durante la Semana Santa [&hellip;]<\/p>\n","protected":false},"author":4,"featured_media":8630,"comment_status":"open","ping_status":"open","sticky":false,"template":"","format":"standard","meta":{"footnotes":""},"categories":[1299,32],"tags":[213,1300,770],"coauthors":[],"class_list":{"0":"post-8629","1":"post","2":"type-post","3":"status-publish","4":"format-standard","5":"has-post-thumbnail","7":"category-plazas-vacantes","8":"category-salvavidas","9":"tag-convocatoria-plazas-igss","10":"tag-empleos-igss","11":"tag-salvavidas-igss"},"_links":{"self":[{"href":"https:\/\/www.igssgt.org\/noticias\/wp-json\/wp\/v2\/posts\/8629","targetHints":{"allow":["GET"]}}],"collection":[{"href":"https:\/\/www.igssgt.org\/noticias\/wp-json\/wp\/v2\/posts"}],"about":[{"href":"https:\/\/www.igssgt.org\/noticias\/wp-json\/wp\/v2\/types\/post"}],"author":[{"embeddable":true,"href":"https:\/\/www.igssgt.org\/noticias\/wp-json\/wp\/v2\/users\/4"}],"replies":[{"embeddable":true,"href":"https:\/\/www.igssgt.org\/noticias\/wp-json\/wp\/v2\/comments?post=8629"}],"version-history":[{"count":1,"href":"https:\/\/www.igssgt.org\/noticias\/wp-json\/wp\/v2\/posts\/8629\/revisions"}],"predecessor-version":[{"id":20931,"href":"https:\/\/www.igssgt.org\/noticias\/wp-json\/wp\/v2\/posts\/8629\/revisions\/20931"}],"wp:featuredmedia":[{"embeddable":true,"href":"https:\/\/www.igssgt.org\/noticias\/wp-json\/wp\/v2\/media\/8630"}],"wp:attachment":[{"href":"https:\/\/www.igssgt.org\/noticias\/wp-json\/wp\/v2\/media?parent=8629"}],"wp:term":[{"taxonomy":"category","embeddable":true,"href":"https:\/\/www.igssgt.org\/noticias\/wp-json\/wp\/v2\/categories?post=8629"},{"taxonomy":"post_tag","embeddable":true,"href":"https:\/\/www.igssgt.org\/noticias\/wp-json\/wp\/v2\/tags?post=8629"},{"taxonomy":"author","embeddable":true,"href":"https:\/\/www.igssgt.org\/noticias\/wp-json\/wp\/v2\/coauthors?post=8629"}],"curies":[{"name":"wp","href":"https:\/\/api.w.org\/{rel}","templated":true}]}}