{"id":8695,"date":"2019-02-19T10:05:32","date_gmt":"2019-02-19T16:05:32","guid":{"rendered":"http:\/\/noticias.igssgt.org\/?p=8695"},"modified":"2019-02-19T10:05:32","modified_gmt":"2019-02-19T16:05:32","slug":"colaboradores-del-igss-se-capacitan-en-lenguaje-de-senas","status":"publish","type":"post","link":"https:\/\/www.igssgt.org\/noticias\/2019\/02\/19\/colaboradores-del-igss-se-capacitan-en-lenguaje-de-senas\/","title":{"rendered":"Colaboradores del IGSS se capacitan en lenguaje de se\u00f1as"},"content":{"rendered":"<p>En una alianza interinstitucional con el Comit\u00e9 Pro Ciegos y Sordos de Guatemala, personal del Hospital de Rehabilitaci\u00f3n del Instituto Guatemalteco de Seguridad Social (IGSS) participa en el curso de lenguaje de se\u00f1as impartido por docentes especializados de este comit\u00e9.<\/p>\n<p>Esta capacitaci\u00f3n se realiza en tres niveles, principiante, intermedio y avanzado, y ser\u00e1 impartida todos los viernes de febrero a octubre en horario de 8:00 a 9:00. Este curso fue implementado hace siete a\u00f1os en los que ha participado personal de las diferentes \u00e1reas y de distintas unidades.<\/p>\n<p>\u00abEl lenguaje de se\u00f1as es un medio de comunicaci\u00f3n que nos permite tener acceso a relacionarnos con personas sordas, y para nosotros los oyentes es vital, m\u00e1s a\u00fan si trabajamos en instituciones de servicio\u201d coment\u00f3 la doctora Karina Rodr\u00edguez, directora de este centro asistencial.<\/p>\n<p>Datos de la Organizaci\u00f3n Mundial de la Salud (OMS) indican que 360 millones de personas padecen discapacidad auditiva, lo que equivale a un 5% de la poblaci\u00f3n mundial. Se estima que en Guatemala el 10% de la poblaci\u00f3n sufre alg\u00fan tipo de discapacidad.<\/p>\n\r\n                <style type=\"text\/css\">\r\n                    \r\n                    #tdi_1  .td-doubleSlider-2 .td-item1 {\r\n                        background: url(\/wp-content\/uploads\/sites\/5\/2019\/02\/Capacitacion-lenguaje-de-senas-igss-2019-3-80x60.jpg) 0 0 no-repeat;\r\n                    }\r\n                    #tdi_1  .td-doubleSlider-2 .td-item2 {\r\n                        background: url(\/wp-content\/uploads\/sites\/5\/2019\/02\/Capacitacion-lenguaje-de-senas-igss-2019-2-80x60.jpg) 0 0 no-repeat;\r\n                    }\r\n                    #tdi_1  .td-doubleSlider-2 .td-item3 {\r\n                        background: url(\/wp-content\/uploads\/sites\/5\/2019\/02\/Capacitacion-lenguaje-de-senas-igss-2019-1-80x60.jpg) 0 0 no-repeat;\r\n                    }\r\n                <\/style>\r\n\r\n                <div id=\"tdi_1\" class=\"td-gallery td-slide-on-2-columns\">\r\n                    <div class=\"post_td_gallery\">\r\n                        <div class=\"td-gallery-slide-top\">\r\n                           <div class=\"td-gallery-title\">Galer\u00eda de Im\u00e1genes<\/div>\r\n\r\n                            <div class=\"td-gallery-controls-wrapper\">\r\n                                <div class=\"td-gallery-slide-count\"><span class=\"td-gallery-slide-item-focus\">1<\/span> de 3<\/div>\r\n                                <div class=\"td-gallery-slide-prev-next-but\">\r\n                                    <i class = \"td-icon-left doubleSliderPrevButton\"><\/i>\r\n                                    <i class = \"td-icon-right doubleSliderNextButton\"><\/i>\r\n                                <\/div>\r\n                            <\/div>\r\n                        <\/div>\r\n\r\n                        <div class = \"td-doubleSlider-1 \">\r\n                            <div class = \"td-slider\">\r\n                                \r\n                    <div class = \"td-slide-item td-item1\">\r\n                        <figure class=\"td-slide-galery-figure td-slide-popup-gallery\">\r\n                            <a class=\"slide-gallery-image-link\" href=\"\/wp-content\/uploads\/sites\/5\/2019\/02\/Capacitacion-lenguaje-de-senas-igss-2019-3.jpg\" title=\"Capacitacion lenguaje de senas igss 2019-3\"  data-caption=\"\"  data-description=\"\">\r\n                                <img decoding=\"async\" src=\"\/wp-content\/uploads\/sites\/5\/2019\/02\/Capacitacion-lenguaje-de-senas-igss-2019-3-630x420.jpg\" srcset=\"\/wp-content\/uploads\/sites\/5\/2019\/02\/Capacitacion-lenguaje-de-senas-igss-2019-3-630x420.jpg 630w, \/wp-content\/uploads\/sites\/5\/2019\/02\/Capacitacion-lenguaje-de-senas-igss-2019-3-300x200.jpg 300w, \/wp-content\/uploads\/sites\/5\/2019\/02\/Capacitacion-lenguaje-de-senas-igss-2019-3-768x512.jpg 768w, \/wp-content\/uploads\/sites\/5\/2019\/02\/Capacitacion-lenguaje-de-senas-igss-2019-3-1024x682.jpg 1024w, \/wp-content\/uploads\/sites\/5\/2019\/02\/Capacitacion-lenguaje-de-senas-igss-2019-3-696x464.jpg 696w, \/wp-content\/uploads\/sites\/5\/2019\/02\/Capacitacion-lenguaje-de-senas-igss-2019-3-1068x712.jpg 1068w, \/wp-content\/uploads\/sites\/5\/2019\/02\/Capacitacion-lenguaje-de-senas-igss-2019-3-534x356.jpg 534w, \/wp-content\/uploads\/sites\/5\/2019\/02\/Capacitacion-lenguaje-de-senas-igss-2019-3.jpg 1280w\" sizes=\"(max-width: 630px) 100vw, 630px\" alt=\"\">\r\n                            <\/a>\r\n                            \r\n                        <\/figure>\r\n                    <\/div>\r\n                    <div class = \"td-slide-item td-item2\">\r\n                        <figure class=\"td-slide-galery-figure td-slide-popup-gallery\">\r\n                            <a class=\"slide-gallery-image-link\" href=\"\/wp-content\/uploads\/sites\/5\/2019\/02\/Capacitacion-lenguaje-de-senas-igss-2019-2.jpg\" title=\"Capacitacion lenguaje de senas igss 2019-2\"  data-caption=\"\"  data-description=\"\">\r\n                                <img decoding=\"async\" src=\"\/wp-content\/uploads\/sites\/5\/2019\/02\/Capacitacion-lenguaje-de-senas-igss-2019-2-630x420.jpg\" srcset=\"\/wp-content\/uploads\/sites\/5\/2019\/02\/Capacitacion-lenguaje-de-senas-igss-2019-2-630x420.jpg 630w, \/wp-content\/uploads\/sites\/5\/2019\/02\/Capacitacion-lenguaje-de-senas-igss-2019-2-300x200.jpg 300w, \/wp-content\/uploads\/sites\/5\/2019\/02\/Capacitacion-lenguaje-de-senas-igss-2019-2-768x512.jpg 768w, \/wp-content\/uploads\/sites\/5\/2019\/02\/Capacitacion-lenguaje-de-senas-igss-2019-2-1024x682.jpg 1024w, \/wp-content\/uploads\/sites\/5\/2019\/02\/Capacitacion-lenguaje-de-senas-igss-2019-2-696x464.jpg 696w, \/wp-content\/uploads\/sites\/5\/2019\/02\/Capacitacion-lenguaje-de-senas-igss-2019-2-1068x712.jpg 1068w, \/wp-content\/uploads\/sites\/5\/2019\/02\/Capacitacion-lenguaje-de-senas-igss-2019-2-534x356.jpg 534w, \/wp-content\/uploads\/sites\/5\/2019\/02\/Capacitacion-lenguaje-de-senas-igss-2019-2.jpg 1280w\" sizes=\"(max-width: 630px) 100vw, 630px\" alt=\"\">\r\n                            <\/a>\r\n                            \r\n                        <\/figure>\r\n                    <\/div>\r\n                    <div class = \"td-slide-item td-item3\">\r\n                        <figure class=\"td-slide-galery-figure td-slide-popup-gallery\">\r\n                            <a class=\"slide-gallery-image-link\" href=\"\/wp-content\/uploads\/sites\/5\/2019\/02\/Capacitacion-lenguaje-de-senas-igss-2019-1.jpg\" title=\"Capacitacion lenguaje de senas igss 2019-1\"  data-caption=\"\"  data-description=\"\">\r\n                                <img decoding=\"async\" src=\"\/wp-content\/uploads\/sites\/5\/2019\/02\/Capacitacion-lenguaje-de-senas-igss-2019-1-630x420.jpg\" srcset=\"\/wp-content\/uploads\/sites\/5\/2019\/02\/Capacitacion-lenguaje-de-senas-igss-2019-1-630x420.jpg 630w, \/wp-content\/uploads\/sites\/5\/2019\/02\/Capacitacion-lenguaje-de-senas-igss-2019-1-300x200.jpg 300w, \/wp-content\/uploads\/sites\/5\/2019\/02\/Capacitacion-lenguaje-de-senas-igss-2019-1-768x512.jpg 768w, \/wp-content\/uploads\/sites\/5\/2019\/02\/Capacitacion-lenguaje-de-senas-igss-2019-1-1024x682.jpg 1024w, \/wp-content\/uploads\/sites\/5\/2019\/02\/Capacitacion-lenguaje-de-senas-igss-2019-1-696x464.jpg 696w, \/wp-content\/uploads\/sites\/5\/2019\/02\/Capacitacion-lenguaje-de-senas-igss-2019-1-1068x712.jpg 1068w, \/wp-content\/uploads\/sites\/5\/2019\/02\/Capacitacion-lenguaje-de-senas-igss-2019-1-534x356.jpg 534w, \/wp-content\/uploads\/sites\/5\/2019\/02\/Capacitacion-lenguaje-de-senas-igss-2019-1.jpg 1280w\" sizes=\"(max-width: 630px) 100vw, 630px\" alt=\"\">\r\n                            <\/a>\r\n                            \r\n                        <\/figure>\r\n                    <\/div>\r\n                            <\/div>\r\n                        <\/div>\r\n\r\n                        <div class = \"td-doubleSlider-2\">\r\n                            <div class = \"td-slider\">\r\n                                \r\n                    <div class = \"td-button td-item1\">\r\n                        <div class = \"td-border\"><\/div>\r\n                    <\/div>\r\n                    <div class = \"td-button td-item2\">\r\n                        <div class = \"td-border\"><\/div>\r\n                    <\/div>\r\n                    <div class = \"td-button td-item3\">\r\n                        <div class = \"td-border\"><\/div>\r\n                    <\/div>\r\n                            <\/div>\r\n                        <\/div>\r\n\r\n                    <\/div>\r\n\r\n                <\/div>\r\n                \n<hr \/>\n<p>&nbsp;<\/p>\n","protected":false},"excerpt":{"rendered":"<p>En una alianza interinstitucional con el Comit\u00e9 Pro Ciegos y Sordos de Guatemala, personal del Hospital de Rehabilitaci\u00f3n del Instituto Guatemalteco de Seguridad Social (IGSS) participa en el curso de lenguaje de se\u00f1as impartido por docentes especializados de este comit\u00e9. Esta capacitaci\u00f3n se realiza en tres niveles, principiante, intermedio y avanzado, y ser\u00e1 impartida todos [&hellip;]<\/p>\n","protected":false},"author":4,"featured_media":8697,"comment_status":"open","ping_status":"open","sticky":false,"template":"","format":"standard","meta":{"footnotes":""},"categories":[3,17,29],"tags":[364,478,490],"coauthors":[],"class_list":{"0":"post-8695","1":"post","2":"type-post","3":"status-publish","4":"format-standard","5":"has-post-thumbnail","7":"category-actualidad","8":"category-formacion-y-desarrollo","9":"category-publicaciones","10":"tag-dra-karina-rodriguez","11":"tag-hospital-de-rehabilitacion","12":"tag-igss"},"_links":{"self":[{"href":"https:\/\/www.igssgt.org\/noticias\/wp-json\/wp\/v2\/posts\/8695","targetHints":{"allow":["GET"]}}],"collection":[{"href":"https:\/\/www.igssgt.org\/noticias\/wp-json\/wp\/v2\/posts"}],"about":[{"href":"https:\/\/www.igssgt.org\/noticias\/wp-json\/wp\/v2\/types\/post"}],"author":[{"embeddable":true,"href":"https:\/\/www.igssgt.org\/noticias\/wp-json\/wp\/v2\/users\/4"}],"replies":[{"embeddable":true,"href":"https:\/\/www.igssgt.org\/noticias\/wp-json\/wp\/v2\/comments?post=8695"}],"version-history":[{"count":0,"href":"https:\/\/www.igssgt.org\/noticias\/wp-json\/wp\/v2\/posts\/8695\/revisions"}],"wp:featuredmedia":[{"embeddable":true,"href":"https:\/\/www.igssgt.org\/noticias\/wp-json\/wp\/v2\/media\/8697"}],"wp:attachment":[{"href":"https:\/\/www.igssgt.org\/noticias\/wp-json\/wp\/v2\/media?parent=8695"}],"wp:term":[{"taxonomy":"category","embeddable":true,"href":"https:\/\/www.igssgt.org\/noticias\/wp-json\/wp\/v2\/categories?post=8695"},{"taxonomy":"post_tag","embeddable":true,"href":"https:\/\/www.igssgt.org\/noticias\/wp-json\/wp\/v2\/tags?post=8695"},{"taxonomy":"author","embeddable":true,"href":"https:\/\/www.igssgt.org\/noticias\/wp-json\/wp\/v2\/coauthors?post=8695"}],"curies":[{"name":"wp","href":"https:\/\/api.w.org\/{rel}","templated":true}]}}