{"id":8702,"date":"2019-02-20T10:00:04","date_gmt":"2019-02-20T16:00:04","guid":{"rendered":"http:\/\/noticias.igssgt.org\/?p=8702"},"modified":"2019-02-20T10:00:04","modified_gmt":"2019-02-20T16:00:04","slug":"cuatro-mil-quinientos-ninos-son-atendidos-en-la-emergencia-del-igss-zona-9","status":"publish","type":"post","link":"https:\/\/www.igssgt.org\/noticias\/2019\/02\/20\/cuatro-mil-quinientos-ninos-son-atendidos-en-la-emergencia-del-igss-zona-9\/","title":{"rendered":"Cuatro mil quinientos ni\u00f1os son atendidos en la emergencia del IGSS zona 9"},"content":{"rendered":"<p>Diariamente son atendidos 150 ni\u00f1os en la emergencia del servicio de pediatr\u00eda del Hospital General de Enfermedades de la zona 9, lo cual equivale a un promedio de 4,500 cada mes. Fundamentalmente requieren de atenci\u00f3n por diarrea, cuadros respiratorios, dermatitis y conjuntivitis, inform\u00f3 la doctora Ileana D\u00edaz Morales, encargada de esta \u00e1rea.<\/p>\n<p>\u201cEs importante que los padres de familia y encargados observen detenidamente a los ni\u00f1os y establezcan que no est\u00e1n sufriendo de alguna afecci\u00f3n como fiebre, diarrea, cansancio, deshidrataci\u00f3n o alg\u00fan otro s\u00edntoma, deben consultar de inmediato al m\u00e9dico para tratar oportunamente cualquier padecimiento\u201d, indic\u00f3 la profesional.<\/p>\n<p>En este servicio contamos con un equipo multidisciplinario integrado por pediatras, intensivistas, infect\u00f3logos, neur\u00f3logos y personal de enfermer\u00eda, entre otros, quienes unifican esfuerzos para el bienestar de los pacientes. Tambi\u00e9n se cuenta con laboratorio cl\u00ednico, radiograf\u00edas y equipo tecnol\u00f3gico para brindar un tratamiento adecuado.<\/p>\n<p>\u201cRecuerde que al asistir a sus unidades m\u00e9dicas es de suma importancia mantener al d\u00eda el esquema de vacunas de sus hijos para que se mantengan sanos\u201d, recomend\u00f3 finalmente la doctora D\u00edaz.<\/p>\n\r\n                <style type=\"text\/css\">\r\n                    \r\n                    #tdi_1  .td-doubleSlider-2 .td-item1 {\r\n                        background: url(\/wp-content\/uploads\/sites\/5\/2019\/02\/atencion-emergencia-pediatria-igs-zona-9-2019-1-80x60.jpg) 0 0 no-repeat;\r\n                    }\r\n                    #tdi_1  .td-doubleSlider-2 .td-item2 {\r\n                        background: url(\/wp-content\/uploads\/sites\/5\/2019\/02\/atencion-emergencia-pediatria-igs-zona-9-2019-2-80x60.jpg) 0 0 no-repeat;\r\n                    }\r\n                    #tdi_1  .td-doubleSlider-2 .td-item3 {\r\n                        background: url(\/wp-content\/uploads\/sites\/5\/2019\/02\/atencion-emergencia-pediatria-igs-zona-9-2019-3-80x60.jpg) 0 0 no-repeat;\r\n                    }\r\n                    #tdi_1  .td-doubleSlider-2 .td-item4 {\r\n                        background: url(\/wp-content\/uploads\/sites\/5\/2019\/02\/atencion-emergencia-pediatria-igs-zona-9-2019-4-80x60.jpg) 0 0 no-repeat;\r\n                    }\r\n                    #tdi_1  .td-doubleSlider-2 .td-item5 {\r\n                        background: url(\/wp-content\/uploads\/sites\/5\/2019\/02\/atencion-emergencia-pediatria-igs-zona-9-2019-5-80x60.jpg) 0 0 no-repeat;\r\n                    }\r\n                    #tdi_1  .td-doubleSlider-2 .td-item6 {\r\n                        background: url(\/wp-content\/uploads\/sites\/5\/2019\/02\/atencion-emergencia-pediatria-igs-zona-9-2019-6-80x60.jpg) 0 0 no-repeat;\r\n                    }\r\n                    #tdi_1  .td-doubleSlider-2 .td-item7 {\r\n                        background: url(\/wp-content\/uploads\/sites\/5\/2019\/02\/atencion-emergencia-pediatria-igs-zona-9-2019-7-80x60.jpg) 0 0 no-repeat;\r\n                    }\r\n                <\/style>\r\n\r\n                <div id=\"tdi_1\" class=\"td-gallery td-slide-on-2-columns\">\r\n                    <div class=\"post_td_gallery\">\r\n                        <div class=\"td-gallery-slide-top\">\r\n                           <div class=\"td-gallery-title\">Galer\u00eda de Im\u00e1genes<\/div>\r\n\r\n                            <div class=\"td-gallery-controls-wrapper\">\r\n                                <div class=\"td-gallery-slide-count\"><span class=\"td-gallery-slide-item-focus\">1<\/span> de 7<\/div>\r\n                                <div class=\"td-gallery-slide-prev-next-but\">\r\n                                    <i class = \"td-icon-left doubleSliderPrevButton\"><\/i>\r\n                                    <i class = \"td-icon-right doubleSliderNextButton\"><\/i>\r\n                                <\/div>\r\n                            <\/div>\r\n                        <\/div>\r\n\r\n                        <div class = \"td-doubleSlider-1 \">\r\n                            <div class = \"td-slider\">\r\n                                \r\n                    <div class = \"td-slide-item td-item1\">\r\n                        <figure class=\"td-slide-galery-figure td-slide-popup-gallery\">\r\n                            <a class=\"slide-gallery-image-link\" href=\"\/wp-content\/uploads\/sites\/5\/2019\/02\/atencion-emergencia-pediatria-igs-zona-9-2019-1.jpg\" title=\"atencion emergencia pediatria igs zona 9 2019-1\"  data-caption=\"\"  data-description=\"\">\r\n                                <img decoding=\"async\" src=\"\/wp-content\/uploads\/sites\/5\/2019\/02\/atencion-emergencia-pediatria-igs-zona-9-2019-1-560x420.jpg\" srcset=\"\/wp-content\/uploads\/sites\/5\/2019\/02\/atencion-emergencia-pediatria-igs-zona-9-2019-1-560x420.jpg 560w, \/wp-content\/uploads\/sites\/5\/2019\/02\/atencion-emergencia-pediatria-igs-zona-9-2019-1-300x225.jpg 300w, \/wp-content\/uploads\/sites\/5\/2019\/02\/atencion-emergencia-pediatria-igs-zona-9-2019-1-768x576.jpg 768w, \/wp-content\/uploads\/sites\/5\/2019\/02\/atencion-emergencia-pediatria-igs-zona-9-2019-1-1024x768.jpg 1024w, \/wp-content\/uploads\/sites\/5\/2019\/02\/atencion-emergencia-pediatria-igs-zona-9-2019-1-80x60.jpg 80w, \/wp-content\/uploads\/sites\/5\/2019\/02\/atencion-emergencia-pediatria-igs-zona-9-2019-1-696x522.jpg 696w, \/wp-content\/uploads\/sites\/5\/2019\/02\/atencion-emergencia-pediatria-igs-zona-9-2019-1-265x198.jpg 265w, \/wp-content\/uploads\/sites\/5\/2019\/02\/atencion-emergencia-pediatria-igs-zona-9-2019-1-534x401.jpg 534w, \/wp-content\/uploads\/sites\/5\/2019\/02\/atencion-emergencia-pediatria-igs-zona-9-2019-1.jpg 1032w\" sizes=\"(max-width: 560px) 100vw, 560px\" alt=\"\">\r\n                            <\/a>\r\n                            \r\n                        <\/figure>\r\n                    <\/div>\r\n                    <div class = \"td-slide-item td-item2\">\r\n                        <figure class=\"td-slide-galery-figure td-slide-popup-gallery\">\r\n                            <a class=\"slide-gallery-image-link\" href=\"\/wp-content\/uploads\/sites\/5\/2019\/02\/atencion-emergencia-pediatria-igs-zona-9-2019-2.jpg\" title=\"atencion emergencia pediatria igs zona 9 2019-2\"  data-caption=\"\"  data-description=\"\">\r\n                                <img decoding=\"async\" src=\"\/wp-content\/uploads\/sites\/5\/2019\/02\/atencion-emergencia-pediatria-igs-zona-9-2019-2-560x420.jpg\" srcset=\"\/wp-content\/uploads\/sites\/5\/2019\/02\/atencion-emergencia-pediatria-igs-zona-9-2019-2-560x420.jpg 560w, \/wp-content\/uploads\/sites\/5\/2019\/02\/atencion-emergencia-pediatria-igs-zona-9-2019-2-300x225.jpg 300w, \/wp-content\/uploads\/sites\/5\/2019\/02\/atencion-emergencia-pediatria-igs-zona-9-2019-2-768x576.jpg 768w, \/wp-content\/uploads\/sites\/5\/2019\/02\/atencion-emergencia-pediatria-igs-zona-9-2019-2-1024x768.jpg 1024w, \/wp-content\/uploads\/sites\/5\/2019\/02\/atencion-emergencia-pediatria-igs-zona-9-2019-2-80x60.jpg 80w, \/wp-content\/uploads\/sites\/5\/2019\/02\/atencion-emergencia-pediatria-igs-zona-9-2019-2-696x522.jpg 696w, \/wp-content\/uploads\/sites\/5\/2019\/02\/atencion-emergencia-pediatria-igs-zona-9-2019-2-265x198.jpg 265w, \/wp-content\/uploads\/sites\/5\/2019\/02\/atencion-emergencia-pediatria-igs-zona-9-2019-2-534x401.jpg 534w, \/wp-content\/uploads\/sites\/5\/2019\/02\/atencion-emergencia-pediatria-igs-zona-9-2019-2.jpg 1032w\" sizes=\"(max-width: 560px) 100vw, 560px\" alt=\"\">\r\n                            <\/a>\r\n                            \r\n                        <\/figure>\r\n                    <\/div>\r\n                    <div class = \"td-slide-item td-item3\">\r\n                        <figure class=\"td-slide-galery-figure td-slide-popup-gallery\">\r\n                            <a class=\"slide-gallery-image-link\" href=\"\/wp-content\/uploads\/sites\/5\/2019\/02\/atencion-emergencia-pediatria-igs-zona-9-2019-3.jpg\" title=\"atencion emergencia pediatria igs zona 9 2019-3\"  data-caption=\"\"  data-description=\"\">\r\n                                <img decoding=\"async\" src=\"\/wp-content\/uploads\/sites\/5\/2019\/02\/atencion-emergencia-pediatria-igs-zona-9-2019-3-560x420.jpg\" srcset=\"\/wp-content\/uploads\/sites\/5\/2019\/02\/atencion-emergencia-pediatria-igs-zona-9-2019-3-560x420.jpg 560w, \/wp-content\/uploads\/sites\/5\/2019\/02\/atencion-emergencia-pediatria-igs-zona-9-2019-3-300x225.jpg 300w, \/wp-content\/uploads\/sites\/5\/2019\/02\/atencion-emergencia-pediatria-igs-zona-9-2019-3-768x576.jpg 768w, \/wp-content\/uploads\/sites\/5\/2019\/02\/atencion-emergencia-pediatria-igs-zona-9-2019-3-1024x768.jpg 1024w, \/wp-content\/uploads\/sites\/5\/2019\/02\/atencion-emergencia-pediatria-igs-zona-9-2019-3-80x60.jpg 80w, \/wp-content\/uploads\/sites\/5\/2019\/02\/atencion-emergencia-pediatria-igs-zona-9-2019-3-696x522.jpg 696w, \/wp-content\/uploads\/sites\/5\/2019\/02\/atencion-emergencia-pediatria-igs-zona-9-2019-3-265x198.jpg 265w, \/wp-content\/uploads\/sites\/5\/2019\/02\/atencion-emergencia-pediatria-igs-zona-9-2019-3-534x401.jpg 534w, \/wp-content\/uploads\/sites\/5\/2019\/02\/atencion-emergencia-pediatria-igs-zona-9-2019-3.jpg 1032w\" sizes=\"(max-width: 560px) 100vw, 560px\" alt=\"\">\r\n                            <\/a>\r\n                            \r\n                        <\/figure>\r\n                    <\/div>\r\n                    <div class = \"td-slide-item td-item4\">\r\n                        <figure class=\"td-slide-galery-figure td-slide-popup-gallery\">\r\n                            <a class=\"slide-gallery-image-link\" href=\"\/wp-content\/uploads\/sites\/5\/2019\/02\/atencion-emergencia-pediatria-igs-zona-9-2019-4.jpg\" title=\"atencion emergencia pediatria igs zona 9 2019-4\"  data-caption=\"\"  data-description=\"\">\r\n                                <img decoding=\"async\" src=\"\/wp-content\/uploads\/sites\/5\/2019\/02\/atencion-emergencia-pediatria-igs-zona-9-2019-4-560x420.jpg\" srcset=\"\/wp-content\/uploads\/sites\/5\/2019\/02\/atencion-emergencia-pediatria-igs-zona-9-2019-4-560x420.jpg 560w, \/wp-content\/uploads\/sites\/5\/2019\/02\/atencion-emergencia-pediatria-igs-zona-9-2019-4-300x225.jpg 300w, \/wp-content\/uploads\/sites\/5\/2019\/02\/atencion-emergencia-pediatria-igs-zona-9-2019-4-768x576.jpg 768w, \/wp-content\/uploads\/sites\/5\/2019\/02\/atencion-emergencia-pediatria-igs-zona-9-2019-4-1024x768.jpg 1024w, \/wp-content\/uploads\/sites\/5\/2019\/02\/atencion-emergencia-pediatria-igs-zona-9-2019-4-80x60.jpg 80w, \/wp-content\/uploads\/sites\/5\/2019\/02\/atencion-emergencia-pediatria-igs-zona-9-2019-4-696x522.jpg 696w, \/wp-content\/uploads\/sites\/5\/2019\/02\/atencion-emergencia-pediatria-igs-zona-9-2019-4-265x198.jpg 265w, \/wp-content\/uploads\/sites\/5\/2019\/02\/atencion-emergencia-pediatria-igs-zona-9-2019-4-534x401.jpg 534w, \/wp-content\/uploads\/sites\/5\/2019\/02\/atencion-emergencia-pediatria-igs-zona-9-2019-4.jpg 1032w\" sizes=\"(max-width: 560px) 100vw, 560px\" alt=\"\">\r\n                            <\/a>\r\n                            \r\n                        <\/figure>\r\n                    <\/div>\r\n                    <div class = \"td-slide-item td-item5\">\r\n                        <figure class=\"td-slide-galery-figure td-slide-popup-gallery\">\r\n                            <a class=\"slide-gallery-image-link\" href=\"\/wp-content\/uploads\/sites\/5\/2019\/02\/atencion-emergencia-pediatria-igs-zona-9-2019-5.jpg\" title=\"atencion emergencia pediatria igs zona 9 2019-5\"  data-caption=\"\"  data-description=\"\">\r\n                                <img decoding=\"async\" src=\"\/wp-content\/uploads\/sites\/5\/2019\/02\/atencion-emergencia-pediatria-igs-zona-9-2019-5-560x420.jpg\" srcset=\"\/wp-content\/uploads\/sites\/5\/2019\/02\/atencion-emergencia-pediatria-igs-zona-9-2019-5-560x420.jpg 560w, \/wp-content\/uploads\/sites\/5\/2019\/02\/atencion-emergencia-pediatria-igs-zona-9-2019-5-300x225.jpg 300w, \/wp-content\/uploads\/sites\/5\/2019\/02\/atencion-emergencia-pediatria-igs-zona-9-2019-5-768x576.jpg 768w, \/wp-content\/uploads\/sites\/5\/2019\/02\/atencion-emergencia-pediatria-igs-zona-9-2019-5-1024x768.jpg 1024w, \/wp-content\/uploads\/sites\/5\/2019\/02\/atencion-emergencia-pediatria-igs-zona-9-2019-5-80x60.jpg 80w, \/wp-content\/uploads\/sites\/5\/2019\/02\/atencion-emergencia-pediatria-igs-zona-9-2019-5-696x522.jpg 696w, \/wp-content\/uploads\/sites\/5\/2019\/02\/atencion-emergencia-pediatria-igs-zona-9-2019-5-265x198.jpg 265w, \/wp-content\/uploads\/sites\/5\/2019\/02\/atencion-emergencia-pediatria-igs-zona-9-2019-5-534x401.jpg 534w, \/wp-content\/uploads\/sites\/5\/2019\/02\/atencion-emergencia-pediatria-igs-zona-9-2019-5.jpg 1032w\" sizes=\"(max-width: 560px) 100vw, 560px\" alt=\"\">\r\n                            <\/a>\r\n                            \r\n                        <\/figure>\r\n                    <\/div>\r\n                    <div class = \"td-slide-item td-item6\">\r\n                        <figure class=\"td-slide-galery-figure td-slide-popup-gallery\">\r\n                            <a class=\"slide-gallery-image-link\" href=\"\/wp-content\/uploads\/sites\/5\/2019\/02\/atencion-emergencia-pediatria-igs-zona-9-2019-6.jpg\" title=\"atencion emergencia pediatria igs zona 9 2019-6\"  data-caption=\"\"  data-description=\"\">\r\n                                <img decoding=\"async\" src=\"\/wp-content\/uploads\/sites\/5\/2019\/02\/atencion-emergencia-pediatria-igs-zona-9-2019-6-560x420.jpg\" srcset=\"\/wp-content\/uploads\/sites\/5\/2019\/02\/atencion-emergencia-pediatria-igs-zona-9-2019-6-560x420.jpg 560w, \/wp-content\/uploads\/sites\/5\/2019\/02\/atencion-emergencia-pediatria-igs-zona-9-2019-6-300x225.jpg 300w, \/wp-content\/uploads\/sites\/5\/2019\/02\/atencion-emergencia-pediatria-igs-zona-9-2019-6-768x576.jpg 768w, \/wp-content\/uploads\/sites\/5\/2019\/02\/atencion-emergencia-pediatria-igs-zona-9-2019-6-1024x768.jpg 1024w, \/wp-content\/uploads\/sites\/5\/2019\/02\/atencion-emergencia-pediatria-igs-zona-9-2019-6-80x60.jpg 80w, \/wp-content\/uploads\/sites\/5\/2019\/02\/atencion-emergencia-pediatria-igs-zona-9-2019-6-696x522.jpg 696w, \/wp-content\/uploads\/sites\/5\/2019\/02\/atencion-emergencia-pediatria-igs-zona-9-2019-6-265x198.jpg 265w, \/wp-content\/uploads\/sites\/5\/2019\/02\/atencion-emergencia-pediatria-igs-zona-9-2019-6-534x401.jpg 534w, \/wp-content\/uploads\/sites\/5\/2019\/02\/atencion-emergencia-pediatria-igs-zona-9-2019-6.jpg 1032w\" sizes=\"(max-width: 560px) 100vw, 560px\" alt=\"\">\r\n                            <\/a>\r\n                            \r\n                        <\/figure>\r\n                    <\/div>\r\n                    <div class = \"td-slide-item td-item7\">\r\n                        <figure class=\"td-slide-galery-figure td-slide-popup-gallery\">\r\n                            <a class=\"slide-gallery-image-link\" href=\"\/wp-content\/uploads\/sites\/5\/2019\/02\/atencion-emergencia-pediatria-igs-zona-9-2019-7.jpg\" title=\"atencion emergencia pediatria igs zona 9 2019-7\"  data-caption=\"\"  data-description=\"\">\r\n                                <img decoding=\"async\" src=\"\/wp-content\/uploads\/sites\/5\/2019\/02\/atencion-emergencia-pediatria-igs-zona-9-2019-7-560x420.jpg\" srcset=\"\/wp-content\/uploads\/sites\/5\/2019\/02\/atencion-emergencia-pediatria-igs-zona-9-2019-7-560x420.jpg 560w, \/wp-content\/uploads\/sites\/5\/2019\/02\/atencion-emergencia-pediatria-igs-zona-9-2019-7-300x225.jpg 300w, \/wp-content\/uploads\/sites\/5\/2019\/02\/atencion-emergencia-pediatria-igs-zona-9-2019-7-768x576.jpg 768w, \/wp-content\/uploads\/sites\/5\/2019\/02\/atencion-emergencia-pediatria-igs-zona-9-2019-7-1024x768.jpg 1024w, \/wp-content\/uploads\/sites\/5\/2019\/02\/atencion-emergencia-pediatria-igs-zona-9-2019-7-80x60.jpg 80w, \/wp-content\/uploads\/sites\/5\/2019\/02\/atencion-emergencia-pediatria-igs-zona-9-2019-7-696x522.jpg 696w, \/wp-content\/uploads\/sites\/5\/2019\/02\/atencion-emergencia-pediatria-igs-zona-9-2019-7-265x198.jpg 265w, \/wp-content\/uploads\/sites\/5\/2019\/02\/atencion-emergencia-pediatria-igs-zona-9-2019-7-534x401.jpg 534w, \/wp-content\/uploads\/sites\/5\/2019\/02\/atencion-emergencia-pediatria-igs-zona-9-2019-7.jpg 1032w\" sizes=\"(max-width: 560px) 100vw, 560px\" alt=\"\">\r\n                            <\/a>\r\n                            \r\n                        <\/figure>\r\n                    <\/div>\r\n                            <\/div>\r\n                        <\/div>\r\n\r\n                        <div class = \"td-doubleSlider-2\">\r\n                            <div class = \"td-slider\">\r\n                                \r\n                    <div class = \"td-button td-item1\">\r\n                        <div class = \"td-border\"><\/div>\r\n                    <\/div>\r\n                    <div class = \"td-button td-item2\">\r\n                        <div class = \"td-border\"><\/div>\r\n                    <\/div>\r\n                    <div class = \"td-button td-item3\">\r\n                        <div class = \"td-border\"><\/div>\r\n                    <\/div>\r\n                    <div class = \"td-button td-item4\">\r\n                        <div class = \"td-border\"><\/div>\r\n                    <\/div>\r\n                    <div class = \"td-button td-item5\">\r\n                        <div class = \"td-border\"><\/div>\r\n                    <\/div>\r\n                    <div class = \"td-button td-item6\">\r\n                        <div class = \"td-border\"><\/div>\r\n                    <\/div>\r\n                    <div class = \"td-button td-item7\">\r\n                        <div class = \"td-border\"><\/div>\r\n                    <\/div>\r\n                            <\/div>\r\n                        <\/div>\r\n\r\n                    <\/div>\r\n\r\n                <\/div>\r\n                \n<hr \/>\n<p>&nbsp;<\/p>\n","protected":false},"excerpt":{"rendered":"<p>Diariamente son atendidos 150 ni\u00f1os en la emergencia del servicio de pediatr\u00eda del Hospital General de Enfermedades de la zona 9, lo cual equivale a un promedio de 4,500 cada mes. Fundamentalmente requieren de atenci\u00f3n por diarrea, cuadros respiratorios, dermatitis y conjuntivitis, inform\u00f3 la doctora Ileana D\u00edaz Morales, encargada de esta \u00e1rea. \u201cEs importante que [&hellip;]<\/p>\n","protected":false},"author":4,"featured_media":8703,"comment_status":"open","ping_status":"open","sticky":false,"template":"","format":"standard","meta":{"footnotes":""},"categories":[3,24,29,36],"tags":[490,790],"coauthors":[],"class_list":{"0":"post-8702","1":"post","2":"type-post","3":"status-publish","4":"format-standard","5":"has-post-thumbnail","7":"category-actualidad","8":"category-pediatria","9":"category-publicaciones","10":"category-unidades-medicas","11":"tag-igss","12":"tag-servicio-de-pediatria"},"_links":{"self":[{"href":"https:\/\/www.igssgt.org\/noticias\/wp-json\/wp\/v2\/posts\/8702","targetHints":{"allow":["GET"]}}],"collection":[{"href":"https:\/\/www.igssgt.org\/noticias\/wp-json\/wp\/v2\/posts"}],"about":[{"href":"https:\/\/www.igssgt.org\/noticias\/wp-json\/wp\/v2\/types\/post"}],"author":[{"embeddable":true,"href":"https:\/\/www.igssgt.org\/noticias\/wp-json\/wp\/v2\/users\/4"}],"replies":[{"embeddable":true,"href":"https:\/\/www.igssgt.org\/noticias\/wp-json\/wp\/v2\/comments?post=8702"}],"version-history":[{"count":0,"href":"https:\/\/www.igssgt.org\/noticias\/wp-json\/wp\/v2\/posts\/8702\/revisions"}],"wp:featuredmedia":[{"embeddable":true,"href":"https:\/\/www.igssgt.org\/noticias\/wp-json\/wp\/v2\/media\/8703"}],"wp:attachment":[{"href":"https:\/\/www.igssgt.org\/noticias\/wp-json\/wp\/v2\/media?parent=8702"}],"wp:term":[{"taxonomy":"category","embeddable":true,"href":"https:\/\/www.igssgt.org\/noticias\/wp-json\/wp\/v2\/categories?post=8702"},{"taxonomy":"post_tag","embeddable":true,"href":"https:\/\/www.igssgt.org\/noticias\/wp-json\/wp\/v2\/tags?post=8702"},{"taxonomy":"author","embeddable":true,"href":"https:\/\/www.igssgt.org\/noticias\/wp-json\/wp\/v2\/coauthors?post=8702"}],"curies":[{"name":"wp","href":"https:\/\/api.w.org\/{rel}","templated":true}]}}