{"id":8777,"date":"2019-03-04T14:05:17","date_gmt":"2019-03-04T20:05:17","guid":{"rendered":"http:\/\/noticias.igssgt.org\/?p=8777"},"modified":"2019-03-04T14:05:17","modified_gmt":"2019-03-04T20:05:17","slug":"realizan-jornada-de-salud-en-el-camip-pamplona","status":"publish","type":"post","link":"https:\/\/www.igssgt.org\/noticias\/2019\/03\/04\/realizan-jornada-de-salud-en-el-camip-pamplona\/","title":{"rendered":"Realizan jornada de salud en el Camip Pamplona"},"content":{"rendered":"<p><a href=\"\/noticias\/wp-content\/uploads\/sites\/5\/2019\/03\/jornada-de-salud-campi-pamplona-igss-2019-2.jpg\"><img loading=\"lazy\" decoding=\"async\" class=\"alignnone size-full wp-image-8779\" src=\"\/noticias\/wp-content\/uploads\/sites\/5\/2019\/03\/jornada-de-salud-campi-pamplona-igss-2019-2.jpg\" alt=\"\" width=\"1280\" height=\"960\" srcset=\"\/wp-content\/uploads\/sites\/5\/2019\/03\/jornada-de-salud-campi-pamplona-igss-2019-2.jpg 1280w, \/wp-content\/uploads\/sites\/5\/2019\/03\/jornada-de-salud-campi-pamplona-igss-2019-2-300x225.jpg 300w, \/wp-content\/uploads\/sites\/5\/2019\/03\/jornada-de-salud-campi-pamplona-igss-2019-2-768x576.jpg 768w, \/wp-content\/uploads\/sites\/5\/2019\/03\/jornada-de-salud-campi-pamplona-igss-2019-2-1024x768.jpg 1024w, \/wp-content\/uploads\/sites\/5\/2019\/03\/jornada-de-salud-campi-pamplona-igss-2019-2-560x420.jpg 560w, \/wp-content\/uploads\/sites\/5\/2019\/03\/jornada-de-salud-campi-pamplona-igss-2019-2-80x60.jpg 80w, \/wp-content\/uploads\/sites\/5\/2019\/03\/jornada-de-salud-campi-pamplona-igss-2019-2-696x522.jpg 696w, \/wp-content\/uploads\/sites\/5\/2019\/03\/jornada-de-salud-campi-pamplona-igss-2019-2-1068x801.jpg 1068w, \/wp-content\/uploads\/sites\/5\/2019\/03\/jornada-de-salud-campi-pamplona-igss-2019-2-265x198.jpg 265w, \/wp-content\/uploads\/sites\/5\/2019\/03\/jornada-de-salud-campi-pamplona-igss-2019-2-534x401.jpg 534w\" sizes=\"auto, (max-width: 1280px) 100vw, 1280px\" \/><\/a><\/p>\n<p>Una jornada m\u00e9dica que incluy\u00f3 sesiones educativas en prevenci\u00f3n de salud, en las que se profundiz\u00f3 en los temas de la hipertensi\u00f3n y la diabetes mellitus, fue realizada por el \u00e1rea de enfermer\u00eda del Centro de Atenci\u00f3n M\u00e9dica Integral para Pensionados (CAMIP) ubicado en Pamplona, zona 12.<\/p>\n<p>Adem\u00e1s de estas sesiones, los derechohabientes recibieron informaci\u00f3n de los beneficios de las vacunas y de la disponibilidad que se tienen para inmunizarlos contra la influenza y el neumococo.<\/p>\n<p>Tambi\u00e9n fueron implementadas \u00e1reas donde personal de enfermer\u00eda se dedic\u00f3 a la toma de signos vitales a los pacientes que lo requirieron para tener un mejor control de su salud. A esto se sum\u00f3 una sesi\u00f3n en la que expertos les ense\u00f1aron a realizar ejercicios para lograr una mejor movilidad de sus articulaciones.<\/p>\n\r\n                <style type=\"text\/css\">\r\n                    \r\n                    #tdi_1  .td-doubleSlider-2 .td-item1 {\r\n                        background: url(\/wp-content\/uploads\/sites\/5\/2019\/03\/jornada-de-salud-campi-pamplona-igss-2019-1-80x60.jpg) 0 0 no-repeat;\r\n                    }\r\n                    #tdi_1  .td-doubleSlider-2 .td-item2 {\r\n                        background: url(\/wp-content\/uploads\/sites\/5\/2019\/03\/jornada-de-salud-campi-pamplona-igss-2019-2-80x60.jpg) 0 0 no-repeat;\r\n                    }\r\n                    #tdi_1  .td-doubleSlider-2 .td-item3 {\r\n                        background: url(\/wp-content\/uploads\/sites\/5\/2019\/03\/jornada-de-salud-campi-pamplona-igss-2019-3-80x60.jpg) 0 0 no-repeat;\r\n                    }\r\n                    #tdi_1  .td-doubleSlider-2 .td-item4 {\r\n                        background: url(\/wp-content\/uploads\/sites\/5\/2019\/03\/jornada-de-salud-campi-pamplona-igss-2019-4-80x60.jpg) 0 0 no-repeat;\r\n                    }\r\n                    #tdi_1  .td-doubleSlider-2 .td-item5 {\r\n                        background: url(\/wp-content\/uploads\/sites\/5\/2019\/03\/jornada-de-salud-campi-pamplona-igss-2019-5-80x60.jpg) 0 0 no-repeat;\r\n                    }\r\n                    #tdi_1  .td-doubleSlider-2 .td-item6 {\r\n                        background: url(\/wp-content\/uploads\/sites\/5\/2019\/03\/jornada-de-salud-campi-pamplona-igss-2019-6-80x60.jpg) 0 0 no-repeat;\r\n                    }\r\n                    #tdi_1  .td-doubleSlider-2 .td-item7 {\r\n                        background: url(\/wp-content\/uploads\/sites\/5\/2019\/03\/jornada-de-salud-campi-pamplona-igss-2019-7-80x60.jpg) 0 0 no-repeat;\r\n                    }\r\n                    #tdi_1  .td-doubleSlider-2 .td-item8 {\r\n                        background: url(\/wp-content\/uploads\/sites\/5\/2019\/03\/jornada-de-salud-campi-pamplona-igss-2019-8-80x60.jpg) 0 0 no-repeat;\r\n                    }\r\n                    #tdi_1  .td-doubleSlider-2 .td-item9 {\r\n                        background: url(\/wp-content\/uploads\/sites\/5\/2019\/03\/jornada-de-salud-campi-pamplona-igss-2019-9-80x60.jpg) 0 0 no-repeat;\r\n                    }\r\n                    #tdi_1  .td-doubleSlider-2 .td-item10 {\r\n                        background: url(\/wp-content\/uploads\/sites\/5\/2019\/03\/jornada-de-salud-campi-pamplona-igss-2019-10-80x60.jpg) 0 0 no-repeat;\r\n                    }\r\n                    #tdi_1  .td-doubleSlider-2 .td-item11 {\r\n                        background: url(\/wp-content\/uploads\/sites\/5\/2019\/03\/jornada-de-salud-campi-pamplona-igss-2019-11-80x60.jpg) 0 0 no-repeat;\r\n                    }\r\n                    #tdi_1  .td-doubleSlider-2 .td-item12 {\r\n                        background: url(\/wp-content\/uploads\/sites\/5\/2019\/03\/jornada-de-salud-campi-pamplona-igss-2019-12-80x60.jpg) 0 0 no-repeat;\r\n                    }\r\n                <\/style>\r\n\r\n                <div id=\"tdi_1\" class=\"td-gallery td-slide-on-2-columns\">\r\n                    <div class=\"post_td_gallery\">\r\n                        <div class=\"td-gallery-slide-top\">\r\n                           <div class=\"td-gallery-title\">Galer\u00eda de Im\u00e1genes<\/div>\r\n\r\n                            <div class=\"td-gallery-controls-wrapper\">\r\n                                <div class=\"td-gallery-slide-count\"><span class=\"td-gallery-slide-item-focus\">1<\/span> de 12<\/div>\r\n                                <div class=\"td-gallery-slide-prev-next-but\">\r\n                                    <i class = \"td-icon-left doubleSliderPrevButton\"><\/i>\r\n                                    <i class = \"td-icon-right doubleSliderNextButton\"><\/i>\r\n                                <\/div>\r\n                            <\/div>\r\n                        <\/div>\r\n\r\n                        <div class = \"td-doubleSlider-1 \">\r\n                            <div class = \"td-slider\">\r\n                                \r\n                    <div class = \"td-slide-item td-item1\">\r\n                        <figure class=\"td-slide-galery-figure td-slide-popup-gallery\">\r\n                            <a class=\"slide-gallery-image-link\" href=\"\/wp-content\/uploads\/sites\/5\/2019\/03\/jornada-de-salud-campi-pamplona-igss-2019-1.jpg\" title=\"jornada de salud campi pamplona igss 2019-1\"  data-caption=\"\"  data-description=\"\">\r\n                                <img decoding=\"async\" src=\"\/wp-content\/uploads\/sites\/5\/2019\/03\/jornada-de-salud-campi-pamplona-igss-2019-1-560x420.jpg\" srcset=\"\/wp-content\/uploads\/sites\/5\/2019\/03\/jornada-de-salud-campi-pamplona-igss-2019-1-560x420.jpg 560w, \/wp-content\/uploads\/sites\/5\/2019\/03\/jornada-de-salud-campi-pamplona-igss-2019-1-300x225.jpg 300w, \/wp-content\/uploads\/sites\/5\/2019\/03\/jornada-de-salud-campi-pamplona-igss-2019-1-768x576.jpg 768w, \/wp-content\/uploads\/sites\/5\/2019\/03\/jornada-de-salud-campi-pamplona-igss-2019-1-1024x768.jpg 1024w, \/wp-content\/uploads\/sites\/5\/2019\/03\/jornada-de-salud-campi-pamplona-igss-2019-1-80x60.jpg 80w, \/wp-content\/uploads\/sites\/5\/2019\/03\/jornada-de-salud-campi-pamplona-igss-2019-1-696x522.jpg 696w, \/wp-content\/uploads\/sites\/5\/2019\/03\/jornada-de-salud-campi-pamplona-igss-2019-1-1068x801.jpg 1068w, \/wp-content\/uploads\/sites\/5\/2019\/03\/jornada-de-salud-campi-pamplona-igss-2019-1-265x198.jpg 265w, \/wp-content\/uploads\/sites\/5\/2019\/03\/jornada-de-salud-campi-pamplona-igss-2019-1-534x401.jpg 534w, \/wp-content\/uploads\/sites\/5\/2019\/03\/jornada-de-salud-campi-pamplona-igss-2019-1.jpg 1280w\" sizes=\"(max-width: 560px) 100vw, 560px\" alt=\"\">\r\n                            <\/a>\r\n                            \r\n                        <\/figure>\r\n                    <\/div>\r\n                    <div class = \"td-slide-item td-item2\">\r\n                        <figure class=\"td-slide-galery-figure td-slide-popup-gallery\">\r\n                            <a class=\"slide-gallery-image-link\" href=\"\/wp-content\/uploads\/sites\/5\/2019\/03\/jornada-de-salud-campi-pamplona-igss-2019-2.jpg\" title=\"jornada de salud campi pamplona igss 2019-2\"  data-caption=\"\"  data-description=\"\">\r\n                                <img decoding=\"async\" src=\"\/wp-content\/uploads\/sites\/5\/2019\/03\/jornada-de-salud-campi-pamplona-igss-2019-2-560x420.jpg\" srcset=\"\/wp-content\/uploads\/sites\/5\/2019\/03\/jornada-de-salud-campi-pamplona-igss-2019-2-560x420.jpg 560w, \/wp-content\/uploads\/sites\/5\/2019\/03\/jornada-de-salud-campi-pamplona-igss-2019-2-300x225.jpg 300w, \/wp-content\/uploads\/sites\/5\/2019\/03\/jornada-de-salud-campi-pamplona-igss-2019-2-768x576.jpg 768w, \/wp-content\/uploads\/sites\/5\/2019\/03\/jornada-de-salud-campi-pamplona-igss-2019-2-1024x768.jpg 1024w, \/wp-content\/uploads\/sites\/5\/2019\/03\/jornada-de-salud-campi-pamplona-igss-2019-2-80x60.jpg 80w, \/wp-content\/uploads\/sites\/5\/2019\/03\/jornada-de-salud-campi-pamplona-igss-2019-2-696x522.jpg 696w, \/wp-content\/uploads\/sites\/5\/2019\/03\/jornada-de-salud-campi-pamplona-igss-2019-2-1068x801.jpg 1068w, \/wp-content\/uploads\/sites\/5\/2019\/03\/jornada-de-salud-campi-pamplona-igss-2019-2-265x198.jpg 265w, \/wp-content\/uploads\/sites\/5\/2019\/03\/jornada-de-salud-campi-pamplona-igss-2019-2-534x401.jpg 534w, \/wp-content\/uploads\/sites\/5\/2019\/03\/jornada-de-salud-campi-pamplona-igss-2019-2.jpg 1280w\" sizes=\"(max-width: 560px) 100vw, 560px\" alt=\"\">\r\n                            <\/a>\r\n                            \r\n                        <\/figure>\r\n                    <\/div>\r\n                    <div class = \"td-slide-item td-item3\">\r\n                        <figure class=\"td-slide-galery-figure td-slide-popup-gallery\">\r\n                            <a class=\"slide-gallery-image-link\" href=\"\/wp-content\/uploads\/sites\/5\/2019\/03\/jornada-de-salud-campi-pamplona-igss-2019-3.jpg\" title=\"jornada de salud campi pamplona igss 2019-3\"  data-caption=\"\"  data-description=\"\">\r\n                                <img decoding=\"async\" src=\"\/wp-content\/uploads\/sites\/5\/2019\/03\/jornada-de-salud-campi-pamplona-igss-2019-3-560x420.jpg\" srcset=\"\/wp-content\/uploads\/sites\/5\/2019\/03\/jornada-de-salud-campi-pamplona-igss-2019-3-560x420.jpg 560w, \/wp-content\/uploads\/sites\/5\/2019\/03\/jornada-de-salud-campi-pamplona-igss-2019-3-300x225.jpg 300w, \/wp-content\/uploads\/sites\/5\/2019\/03\/jornada-de-salud-campi-pamplona-igss-2019-3-768x576.jpg 768w, \/wp-content\/uploads\/sites\/5\/2019\/03\/jornada-de-salud-campi-pamplona-igss-2019-3-1024x768.jpg 1024w, \/wp-content\/uploads\/sites\/5\/2019\/03\/jornada-de-salud-campi-pamplona-igss-2019-3-80x60.jpg 80w, \/wp-content\/uploads\/sites\/5\/2019\/03\/jornada-de-salud-campi-pamplona-igss-2019-3-696x522.jpg 696w, \/wp-content\/uploads\/sites\/5\/2019\/03\/jornada-de-salud-campi-pamplona-igss-2019-3-1068x801.jpg 1068w, \/wp-content\/uploads\/sites\/5\/2019\/03\/jornada-de-salud-campi-pamplona-igss-2019-3-265x198.jpg 265w, \/wp-content\/uploads\/sites\/5\/2019\/03\/jornada-de-salud-campi-pamplona-igss-2019-3-534x401.jpg 534w, \/wp-content\/uploads\/sites\/5\/2019\/03\/jornada-de-salud-campi-pamplona-igss-2019-3.jpg 1280w\" sizes=\"(max-width: 560px) 100vw, 560px\" alt=\"\">\r\n                            <\/a>\r\n                            \r\n                        <\/figure>\r\n                    <\/div>\r\n                    <div class = \"td-slide-item td-item4\">\r\n                        <figure class=\"td-slide-galery-figure td-slide-popup-gallery\">\r\n                            <a class=\"slide-gallery-image-link\" href=\"\/wp-content\/uploads\/sites\/5\/2019\/03\/jornada-de-salud-campi-pamplona-igss-2019-4.jpg\" title=\"jornada de salud campi pamplona igss 2019-4\"  data-caption=\"\"  data-description=\"\">\r\n                                <img decoding=\"async\" src=\"\/wp-content\/uploads\/sites\/5\/2019\/03\/jornada-de-salud-campi-pamplona-igss-2019-4-560x420.jpg\" srcset=\"\/wp-content\/uploads\/sites\/5\/2019\/03\/jornada-de-salud-campi-pamplona-igss-2019-4-560x420.jpg 560w, \/wp-content\/uploads\/sites\/5\/2019\/03\/jornada-de-salud-campi-pamplona-igss-2019-4-300x225.jpg 300w, \/wp-content\/uploads\/sites\/5\/2019\/03\/jornada-de-salud-campi-pamplona-igss-2019-4-768x576.jpg 768w, \/wp-content\/uploads\/sites\/5\/2019\/03\/jornada-de-salud-campi-pamplona-igss-2019-4-1024x768.jpg 1024w, \/wp-content\/uploads\/sites\/5\/2019\/03\/jornada-de-salud-campi-pamplona-igss-2019-4-80x60.jpg 80w, \/wp-content\/uploads\/sites\/5\/2019\/03\/jornada-de-salud-campi-pamplona-igss-2019-4-696x522.jpg 696w, \/wp-content\/uploads\/sites\/5\/2019\/03\/jornada-de-salud-campi-pamplona-igss-2019-4-1068x801.jpg 1068w, \/wp-content\/uploads\/sites\/5\/2019\/03\/jornada-de-salud-campi-pamplona-igss-2019-4-265x198.jpg 265w, \/wp-content\/uploads\/sites\/5\/2019\/03\/jornada-de-salud-campi-pamplona-igss-2019-4-534x401.jpg 534w, \/wp-content\/uploads\/sites\/5\/2019\/03\/jornada-de-salud-campi-pamplona-igss-2019-4.jpg 1280w\" sizes=\"(max-width: 560px) 100vw, 560px\" alt=\"\">\r\n                            <\/a>\r\n                            \r\n                        <\/figure>\r\n                    <\/div>\r\n                    <div class = \"td-slide-item td-item5\">\r\n                        <figure class=\"td-slide-galery-figure td-slide-popup-gallery\">\r\n                            <a class=\"slide-gallery-image-link\" href=\"\/wp-content\/uploads\/sites\/5\/2019\/03\/jornada-de-salud-campi-pamplona-igss-2019-5.jpg\" title=\"jornada de salud campi pamplona igss 2019-5\"  data-caption=\"\"  data-description=\"\">\r\n                                <img decoding=\"async\" src=\"\/wp-content\/uploads\/sites\/5\/2019\/03\/jornada-de-salud-campi-pamplona-igss-2019-5-560x420.jpg\" srcset=\"\/wp-content\/uploads\/sites\/5\/2019\/03\/jornada-de-salud-campi-pamplona-igss-2019-5-560x420.jpg 560w, \/wp-content\/uploads\/sites\/5\/2019\/03\/jornada-de-salud-campi-pamplona-igss-2019-5-300x225.jpg 300w, \/wp-content\/uploads\/sites\/5\/2019\/03\/jornada-de-salud-campi-pamplona-igss-2019-5-768x576.jpg 768w, \/wp-content\/uploads\/sites\/5\/2019\/03\/jornada-de-salud-campi-pamplona-igss-2019-5-1024x768.jpg 1024w, \/wp-content\/uploads\/sites\/5\/2019\/03\/jornada-de-salud-campi-pamplona-igss-2019-5-80x60.jpg 80w, \/wp-content\/uploads\/sites\/5\/2019\/03\/jornada-de-salud-campi-pamplona-igss-2019-5-696x522.jpg 696w, \/wp-content\/uploads\/sites\/5\/2019\/03\/jornada-de-salud-campi-pamplona-igss-2019-5-1068x801.jpg 1068w, \/wp-content\/uploads\/sites\/5\/2019\/03\/jornada-de-salud-campi-pamplona-igss-2019-5-265x198.jpg 265w, \/wp-content\/uploads\/sites\/5\/2019\/03\/jornada-de-salud-campi-pamplona-igss-2019-5-534x401.jpg 534w, \/wp-content\/uploads\/sites\/5\/2019\/03\/jornada-de-salud-campi-pamplona-igss-2019-5.jpg 1280w\" sizes=\"(max-width: 560px) 100vw, 560px\" alt=\"\">\r\n                            <\/a>\r\n                            \r\n                        <\/figure>\r\n                    <\/div>\r\n                    <div class = \"td-slide-item td-item6\">\r\n                        <figure class=\"td-slide-galery-figure td-slide-popup-gallery\">\r\n                            <a class=\"slide-gallery-image-link\" href=\"\/wp-content\/uploads\/sites\/5\/2019\/03\/jornada-de-salud-campi-pamplona-igss-2019-6.jpg\" title=\"jornada de salud campi pamplona igss 2019-6\"  data-caption=\"\"  data-description=\"\">\r\n                                <img decoding=\"async\" src=\"\/wp-content\/uploads\/sites\/5\/2019\/03\/jornada-de-salud-campi-pamplona-igss-2019-6-560x420.jpg\" srcset=\"\/wp-content\/uploads\/sites\/5\/2019\/03\/jornada-de-salud-campi-pamplona-igss-2019-6-560x420.jpg 560w, \/wp-content\/uploads\/sites\/5\/2019\/03\/jornada-de-salud-campi-pamplona-igss-2019-6-300x225.jpg 300w, \/wp-content\/uploads\/sites\/5\/2019\/03\/jornada-de-salud-campi-pamplona-igss-2019-6-768x576.jpg 768w, \/wp-content\/uploads\/sites\/5\/2019\/03\/jornada-de-salud-campi-pamplona-igss-2019-6-1024x768.jpg 1024w, \/wp-content\/uploads\/sites\/5\/2019\/03\/jornada-de-salud-campi-pamplona-igss-2019-6-80x60.jpg 80w, \/wp-content\/uploads\/sites\/5\/2019\/03\/jornada-de-salud-campi-pamplona-igss-2019-6-696x522.jpg 696w, \/wp-content\/uploads\/sites\/5\/2019\/03\/jornada-de-salud-campi-pamplona-igss-2019-6-1068x801.jpg 1068w, \/wp-content\/uploads\/sites\/5\/2019\/03\/jornada-de-salud-campi-pamplona-igss-2019-6-265x198.jpg 265w, \/wp-content\/uploads\/sites\/5\/2019\/03\/jornada-de-salud-campi-pamplona-igss-2019-6-534x401.jpg 534w, \/wp-content\/uploads\/sites\/5\/2019\/03\/jornada-de-salud-campi-pamplona-igss-2019-6.jpg 1280w\" sizes=\"(max-width: 560px) 100vw, 560px\" alt=\"\">\r\n                            <\/a>\r\n                            \r\n                        <\/figure>\r\n                    <\/div>\r\n                    <div class = \"td-slide-item td-item7\">\r\n                        <figure class=\"td-slide-galery-figure td-slide-popup-gallery\">\r\n                            <a class=\"slide-gallery-image-link\" href=\"\/wp-content\/uploads\/sites\/5\/2019\/03\/jornada-de-salud-campi-pamplona-igss-2019-7.jpg\" title=\"jornada de salud campi pamplona igss 2019-7\"  data-caption=\"\"  data-description=\"\">\r\n                                <img decoding=\"async\" src=\"\/wp-content\/uploads\/sites\/5\/2019\/03\/jornada-de-salud-campi-pamplona-igss-2019-7-560x420.jpg\" srcset=\"\/wp-content\/uploads\/sites\/5\/2019\/03\/jornada-de-salud-campi-pamplona-igss-2019-7-560x420.jpg 560w, \/wp-content\/uploads\/sites\/5\/2019\/03\/jornada-de-salud-campi-pamplona-igss-2019-7-300x225.jpg 300w, \/wp-content\/uploads\/sites\/5\/2019\/03\/jornada-de-salud-campi-pamplona-igss-2019-7-768x576.jpg 768w, \/wp-content\/uploads\/sites\/5\/2019\/03\/jornada-de-salud-campi-pamplona-igss-2019-7-1024x768.jpg 1024w, \/wp-content\/uploads\/sites\/5\/2019\/03\/jornada-de-salud-campi-pamplona-igss-2019-7-80x60.jpg 80w, \/wp-content\/uploads\/sites\/5\/2019\/03\/jornada-de-salud-campi-pamplona-igss-2019-7-696x522.jpg 696w, \/wp-content\/uploads\/sites\/5\/2019\/03\/jornada-de-salud-campi-pamplona-igss-2019-7-1068x801.jpg 1068w, \/wp-content\/uploads\/sites\/5\/2019\/03\/jornada-de-salud-campi-pamplona-igss-2019-7-265x198.jpg 265w, \/wp-content\/uploads\/sites\/5\/2019\/03\/jornada-de-salud-campi-pamplona-igss-2019-7-534x401.jpg 534w, \/wp-content\/uploads\/sites\/5\/2019\/03\/jornada-de-salud-campi-pamplona-igss-2019-7.jpg 1280w\" sizes=\"(max-width: 560px) 100vw, 560px\" alt=\"\">\r\n                            <\/a>\r\n                            \r\n                        <\/figure>\r\n                    <\/div>\r\n                    <div class = \"td-slide-item td-item8\">\r\n                        <figure class=\"td-slide-galery-figure td-slide-popup-gallery\">\r\n                            <a class=\"slide-gallery-image-link\" href=\"\/wp-content\/uploads\/sites\/5\/2019\/03\/jornada-de-salud-campi-pamplona-igss-2019-8.jpg\" title=\"jornada de salud campi pamplona igss 2019-8\"  data-caption=\"\"  data-description=\"\">\r\n                                <img decoding=\"async\" src=\"\/wp-content\/uploads\/sites\/5\/2019\/03\/jornada-de-salud-campi-pamplona-igss-2019-8-560x420.jpg\" srcset=\"\/wp-content\/uploads\/sites\/5\/2019\/03\/jornada-de-salud-campi-pamplona-igss-2019-8-560x420.jpg 560w, \/wp-content\/uploads\/sites\/5\/2019\/03\/jornada-de-salud-campi-pamplona-igss-2019-8-300x225.jpg 300w, \/wp-content\/uploads\/sites\/5\/2019\/03\/jornada-de-salud-campi-pamplona-igss-2019-8-768x576.jpg 768w, \/wp-content\/uploads\/sites\/5\/2019\/03\/jornada-de-salud-campi-pamplona-igss-2019-8-1024x768.jpg 1024w, \/wp-content\/uploads\/sites\/5\/2019\/03\/jornada-de-salud-campi-pamplona-igss-2019-8-80x60.jpg 80w, \/wp-content\/uploads\/sites\/5\/2019\/03\/jornada-de-salud-campi-pamplona-igss-2019-8-696x522.jpg 696w, \/wp-content\/uploads\/sites\/5\/2019\/03\/jornada-de-salud-campi-pamplona-igss-2019-8-1068x801.jpg 1068w, \/wp-content\/uploads\/sites\/5\/2019\/03\/jornada-de-salud-campi-pamplona-igss-2019-8-265x198.jpg 265w, \/wp-content\/uploads\/sites\/5\/2019\/03\/jornada-de-salud-campi-pamplona-igss-2019-8-534x401.jpg 534w, \/wp-content\/uploads\/sites\/5\/2019\/03\/jornada-de-salud-campi-pamplona-igss-2019-8.jpg 1280w\" sizes=\"(max-width: 560px) 100vw, 560px\" alt=\"\">\r\n                            <\/a>\r\n                            \r\n                        <\/figure>\r\n                    <\/div>\r\n                    <div class = \"td-slide-item td-item9\">\r\n                        <figure class=\"td-slide-galery-figure td-slide-popup-gallery\">\r\n                            <a class=\"slide-gallery-image-link\" href=\"\/wp-content\/uploads\/sites\/5\/2019\/03\/jornada-de-salud-campi-pamplona-igss-2019-9.jpg\" title=\"jornada de salud campi pamplona igss 2019-9\"  data-caption=\"\"  data-description=\"\">\r\n                                <img decoding=\"async\" src=\"\/wp-content\/uploads\/sites\/5\/2019\/03\/jornada-de-salud-campi-pamplona-igss-2019-9-560x420.jpg\" srcset=\"\/wp-content\/uploads\/sites\/5\/2019\/03\/jornada-de-salud-campi-pamplona-igss-2019-9-560x420.jpg 560w, \/wp-content\/uploads\/sites\/5\/2019\/03\/jornada-de-salud-campi-pamplona-igss-2019-9-300x225.jpg 300w, \/wp-content\/uploads\/sites\/5\/2019\/03\/jornada-de-salud-campi-pamplona-igss-2019-9-768x576.jpg 768w, \/wp-content\/uploads\/sites\/5\/2019\/03\/jornada-de-salud-campi-pamplona-igss-2019-9-1024x768.jpg 1024w, \/wp-content\/uploads\/sites\/5\/2019\/03\/jornada-de-salud-campi-pamplona-igss-2019-9-80x60.jpg 80w, \/wp-content\/uploads\/sites\/5\/2019\/03\/jornada-de-salud-campi-pamplona-igss-2019-9-696x522.jpg 696w, \/wp-content\/uploads\/sites\/5\/2019\/03\/jornada-de-salud-campi-pamplona-igss-2019-9-1068x801.jpg 1068w, \/wp-content\/uploads\/sites\/5\/2019\/03\/jornada-de-salud-campi-pamplona-igss-2019-9-265x198.jpg 265w, \/wp-content\/uploads\/sites\/5\/2019\/03\/jornada-de-salud-campi-pamplona-igss-2019-9-534x401.jpg 534w, \/wp-content\/uploads\/sites\/5\/2019\/03\/jornada-de-salud-campi-pamplona-igss-2019-9.jpg 1280w\" sizes=\"(max-width: 560px) 100vw, 560px\" alt=\"\">\r\n                            <\/a>\r\n                            \r\n                        <\/figure>\r\n                    <\/div>\r\n                    <div class = \"td-slide-item td-item10\">\r\n                        <figure class=\"td-slide-galery-figure td-slide-popup-gallery\">\r\n                            <a class=\"slide-gallery-image-link\" href=\"\/wp-content\/uploads\/sites\/5\/2019\/03\/jornada-de-salud-campi-pamplona-igss-2019-10.jpg\" title=\"jornada de salud campi pamplona igss 2019-10\"  data-caption=\"\"  data-description=\"\">\r\n                                <img decoding=\"async\" src=\"\/wp-content\/uploads\/sites\/5\/2019\/03\/jornada-de-salud-campi-pamplona-igss-2019-10-560x420.jpg\" srcset=\"\/wp-content\/uploads\/sites\/5\/2019\/03\/jornada-de-salud-campi-pamplona-igss-2019-10-560x420.jpg 560w, \/wp-content\/uploads\/sites\/5\/2019\/03\/jornada-de-salud-campi-pamplona-igss-2019-10-300x225.jpg 300w, \/wp-content\/uploads\/sites\/5\/2019\/03\/jornada-de-salud-campi-pamplona-igss-2019-10-768x576.jpg 768w, \/wp-content\/uploads\/sites\/5\/2019\/03\/jornada-de-salud-campi-pamplona-igss-2019-10-1024x768.jpg 1024w, \/wp-content\/uploads\/sites\/5\/2019\/03\/jornada-de-salud-campi-pamplona-igss-2019-10-80x60.jpg 80w, \/wp-content\/uploads\/sites\/5\/2019\/03\/jornada-de-salud-campi-pamplona-igss-2019-10-696x522.jpg 696w, \/wp-content\/uploads\/sites\/5\/2019\/03\/jornada-de-salud-campi-pamplona-igss-2019-10-1068x801.jpg 1068w, \/wp-content\/uploads\/sites\/5\/2019\/03\/jornada-de-salud-campi-pamplona-igss-2019-10-265x198.jpg 265w, \/wp-content\/uploads\/sites\/5\/2019\/03\/jornada-de-salud-campi-pamplona-igss-2019-10-534x401.jpg 534w, \/wp-content\/uploads\/sites\/5\/2019\/03\/jornada-de-salud-campi-pamplona-igss-2019-10.jpg 1280w\" sizes=\"(max-width: 560px) 100vw, 560px\" alt=\"\">\r\n                            <\/a>\r\n                            \r\n                        <\/figure>\r\n                    <\/div>\r\n                    <div class = \"td-slide-item td-item11\">\r\n                        <figure class=\"td-slide-galery-figure td-slide-popup-gallery\">\r\n                            <a class=\"slide-gallery-image-link\" href=\"\/wp-content\/uploads\/sites\/5\/2019\/03\/jornada-de-salud-campi-pamplona-igss-2019-11.jpg\" title=\"jornada de salud campi pamplona igss 2019-11\"  data-caption=\"\"  data-description=\"\">\r\n                                <img decoding=\"async\" src=\"\/wp-content\/uploads\/sites\/5\/2019\/03\/jornada-de-salud-campi-pamplona-igss-2019-11-560x420.jpg\" srcset=\"\/wp-content\/uploads\/sites\/5\/2019\/03\/jornada-de-salud-campi-pamplona-igss-2019-11-560x420.jpg 560w, \/wp-content\/uploads\/sites\/5\/2019\/03\/jornada-de-salud-campi-pamplona-igss-2019-11-300x225.jpg 300w, \/wp-content\/uploads\/sites\/5\/2019\/03\/jornada-de-salud-campi-pamplona-igss-2019-11-768x576.jpg 768w, \/wp-content\/uploads\/sites\/5\/2019\/03\/jornada-de-salud-campi-pamplona-igss-2019-11-1024x768.jpg 1024w, \/wp-content\/uploads\/sites\/5\/2019\/03\/jornada-de-salud-campi-pamplona-igss-2019-11-80x60.jpg 80w, \/wp-content\/uploads\/sites\/5\/2019\/03\/jornada-de-salud-campi-pamplona-igss-2019-11-696x522.jpg 696w, \/wp-content\/uploads\/sites\/5\/2019\/03\/jornada-de-salud-campi-pamplona-igss-2019-11-1068x801.jpg 1068w, \/wp-content\/uploads\/sites\/5\/2019\/03\/jornada-de-salud-campi-pamplona-igss-2019-11-265x198.jpg 265w, \/wp-content\/uploads\/sites\/5\/2019\/03\/jornada-de-salud-campi-pamplona-igss-2019-11-534x401.jpg 534w, \/wp-content\/uploads\/sites\/5\/2019\/03\/jornada-de-salud-campi-pamplona-igss-2019-11.jpg 1280w\" sizes=\"(max-width: 560px) 100vw, 560px\" alt=\"\">\r\n                            <\/a>\r\n                            \r\n                        <\/figure>\r\n                    <\/div>\r\n                    <div class = \"td-slide-item td-item12\">\r\n                        <figure class=\"td-slide-galery-figure td-slide-popup-gallery\">\r\n                            <a class=\"slide-gallery-image-link\" href=\"\/wp-content\/uploads\/sites\/5\/2019\/03\/jornada-de-salud-campi-pamplona-igss-2019-12.jpg\" title=\"jornada de salud campi pamplona igss 2019-12\"  data-caption=\"\"  data-description=\"\">\r\n                                <img decoding=\"async\" src=\"\/wp-content\/uploads\/sites\/5\/2019\/03\/jornada-de-salud-campi-pamplona-igss-2019-12-560x420.jpg\" srcset=\"\/wp-content\/uploads\/sites\/5\/2019\/03\/jornada-de-salud-campi-pamplona-igss-2019-12-560x420.jpg 560w, \/wp-content\/uploads\/sites\/5\/2019\/03\/jornada-de-salud-campi-pamplona-igss-2019-12-300x225.jpg 300w, \/wp-content\/uploads\/sites\/5\/2019\/03\/jornada-de-salud-campi-pamplona-igss-2019-12-768x576.jpg 768w, \/wp-content\/uploads\/sites\/5\/2019\/03\/jornada-de-salud-campi-pamplona-igss-2019-12-1024x768.jpg 1024w, \/wp-content\/uploads\/sites\/5\/2019\/03\/jornada-de-salud-campi-pamplona-igss-2019-12-80x60.jpg 80w, \/wp-content\/uploads\/sites\/5\/2019\/03\/jornada-de-salud-campi-pamplona-igss-2019-12-696x522.jpg 696w, \/wp-content\/uploads\/sites\/5\/2019\/03\/jornada-de-salud-campi-pamplona-igss-2019-12-1068x801.jpg 1068w, \/wp-content\/uploads\/sites\/5\/2019\/03\/jornada-de-salud-campi-pamplona-igss-2019-12-265x198.jpg 265w, \/wp-content\/uploads\/sites\/5\/2019\/03\/jornada-de-salud-campi-pamplona-igss-2019-12-534x401.jpg 534w, \/wp-content\/uploads\/sites\/5\/2019\/03\/jornada-de-salud-campi-pamplona-igss-2019-12.jpg 1280w\" sizes=\"(max-width: 560px) 100vw, 560px\" alt=\"\">\r\n                            <\/a>\r\n                            \r\n                        <\/figure>\r\n                    <\/div>\r\n                            <\/div>\r\n                        <\/div>\r\n\r\n                        <div class = \"td-doubleSlider-2\">\r\n                            <div class = \"td-slider\">\r\n                                \r\n                    <div class = \"td-button td-item1\">\r\n                        <div class = \"td-border\"><\/div>\r\n                    <\/div>\r\n                    <div class = \"td-button td-item2\">\r\n                        <div class = \"td-border\"><\/div>\r\n                    <\/div>\r\n                    <div class = \"td-button td-item3\">\r\n                        <div class = \"td-border\"><\/div>\r\n                    <\/div>\r\n                    <div class = \"td-button td-item4\">\r\n                        <div class = \"td-border\"><\/div>\r\n                    <\/div>\r\n                    <div class = \"td-button td-item5\">\r\n                        <div class = \"td-border\"><\/div>\r\n                    <\/div>\r\n                    <div class = \"td-button td-item6\">\r\n                        <div class = \"td-border\"><\/div>\r\n                    <\/div>\r\n                    <div class = \"td-button td-item7\">\r\n                        <div class = \"td-border\"><\/div>\r\n                    <\/div>\r\n                    <div class = \"td-button td-item8\">\r\n                        <div class = \"td-border\"><\/div>\r\n                    <\/div>\r\n                    <div class = \"td-button td-item9\">\r\n                        <div class = \"td-border\"><\/div>\r\n                    <\/div>\r\n                    <div class = \"td-button td-item10\">\r\n                        <div class = \"td-border\"><\/div>\r\n                    <\/div>\r\n                    <div class = \"td-button td-item11\">\r\n                        <div class = \"td-border\"><\/div>\r\n                    <\/div>\r\n                    <div class = \"td-button td-item12\">\r\n                        <div class = \"td-border\"><\/div>\r\n                    <\/div>\r\n                            <\/div>\r\n                        <\/div>\r\n\r\n                    <\/div>\r\n\r\n                <\/div>\r\n                \n<hr \/>\n<p>&nbsp;<\/p>\n","protected":false},"excerpt":{"rendered":"<p>Una jornada m\u00e9dica que incluy\u00f3 sesiones educativas en prevenci\u00f3n de salud, en las que se profundiz\u00f3 en los temas de la hipertensi\u00f3n y la diabetes mellitus, fue realizada por el \u00e1rea de enfermer\u00eda del Centro de Atenci\u00f3n M\u00e9dica Integral para Pensionados (CAMIP) ubicado en Pamplona, zona 12. Adem\u00e1s de estas sesiones, los derechohabientes recibieron informaci\u00f3n [&hellip;]<\/p>\n","protected":false},"author":4,"featured_media":8789,"comment_status":"open","ping_status":"open","sticky":false,"template":"","format":"standard","meta":{"footnotes":""},"categories":[3,8,45,20,25,29,36],"tags":[149,490],"coauthors":[],"class_list":{"0":"post-8777","1":"post","2":"type-post","3":"status-publish","4":"format-standard","5":"has-post-thumbnail","7":"category-actualidad","8":"category-camip","9":"category-jornadas-medicas","10":"category-jubilados","11":"category-pensionados","12":"category-publicaciones","13":"category-unidades-medicas","14":"tag-camip-pamplona","15":"tag-igss"},"_links":{"self":[{"href":"https:\/\/www.igssgt.org\/noticias\/wp-json\/wp\/v2\/posts\/8777","targetHints":{"allow":["GET"]}}],"collection":[{"href":"https:\/\/www.igssgt.org\/noticias\/wp-json\/wp\/v2\/posts"}],"about":[{"href":"https:\/\/www.igssgt.org\/noticias\/wp-json\/wp\/v2\/types\/post"}],"author":[{"embeddable":true,"href":"https:\/\/www.igssgt.org\/noticias\/wp-json\/wp\/v2\/users\/4"}],"replies":[{"embeddable":true,"href":"https:\/\/www.igssgt.org\/noticias\/wp-json\/wp\/v2\/comments?post=8777"}],"version-history":[{"count":0,"href":"https:\/\/www.igssgt.org\/noticias\/wp-json\/wp\/v2\/posts\/8777\/revisions"}],"wp:featuredmedia":[{"embeddable":true,"href":"https:\/\/www.igssgt.org\/noticias\/wp-json\/wp\/v2\/media\/8789"}],"wp:attachment":[{"href":"https:\/\/www.igssgt.org\/noticias\/wp-json\/wp\/v2\/media?parent=8777"}],"wp:term":[{"taxonomy":"category","embeddable":true,"href":"https:\/\/www.igssgt.org\/noticias\/wp-json\/wp\/v2\/categories?post=8777"},{"taxonomy":"post_tag","embeddable":true,"href":"https:\/\/www.igssgt.org\/noticias\/wp-json\/wp\/v2\/tags?post=8777"},{"taxonomy":"author","embeddable":true,"href":"https:\/\/www.igssgt.org\/noticias\/wp-json\/wp\/v2\/coauthors?post=8777"}],"curies":[{"name":"wp","href":"https:\/\/api.w.org\/{rel}","templated":true}]}}