{"id":8939,"date":"2019-03-08T16:15:11","date_gmt":"2019-03-08T22:15:11","guid":{"rendered":"http:\/\/noticias.igssgt.org\/?p=8939"},"modified":"2019-03-08T16:15:11","modified_gmt":"2019-03-08T22:15:11","slug":"inauguran-espacio-amigo-de-la-lactancia-materna-en-hospital-general-del-accidentes","status":"publish","type":"post","link":"https:\/\/www.igssgt.org\/noticias\/2019\/03\/08\/inauguran-espacio-amigo-de-la-lactancia-materna-en-hospital-general-del-accidentes\/","title":{"rendered":"Inauguran \u00abEspacio amigo de la lactancia materna\u00bb en Hospital General del Accidentes"},"content":{"rendered":"<p>Una sala conocida como Espacio Amigo de la Lactancia Materna, fue inaugurada hoy en el Hospital General de Accidentes Ceibal, el cual estar\u00e1 disponible para las madres lactantes que laboran en este centro asistencial en distintos turnos. Este cuenta con una refrigeradora para el almacenamiento seguro y temporal de la leche extra\u00edda, as\u00ed como con un lavamanos y todos los insumos establecidos la OPS\/OMS.<\/p>\n<p>La apertura de este espacio se est\u00e1 cumpliendo con el primer eje de la Pol\u00edtica Preventiva de la Seguridad Social, que es el de la Promoci\u00f3n de la Salud y Prevenci\u00f3n de la Enfermedad, pues se beneficia tanto a las madres trabajadoras como a sus hijos, ya que se fortalece su punto de vista emocional ya que al retornar a su trabajo sienten menos culpa o sensaci\u00f3n de dejar solo a sus beb\u00e9s.<\/p>\n<p>\u201cCon esta nueva sala tambi\u00e9n se cumple con los contenidos del eje cinco, que es el de la Promoci\u00f3n y Desarrollo de Ambientes Saludables y Seguros\u201d, dijo la doctora M\u00f3nica Rodr\u00edguez, encargada de la Secci\u00f3n Materno Infantil del IGSS, quien felicit\u00f3 a las autoridades del hospital, y las exhorta a seguir apoyando la lactancia materna.<\/p>\n\r\n                <style type=\"text\/css\">\r\n                    \r\n                    #tdi_1  .td-doubleSlider-2 .td-item1 {\r\n                        background: url(\/wp-content\/uploads\/sites\/5\/2019\/03\/Inauguracion-espacio-amigos-de-la-lactancia-igss-2019-1-80x60.jpg) 0 0 no-repeat;\r\n                    }\r\n                    #tdi_1  .td-doubleSlider-2 .td-item2 {\r\n                        background: url(\/wp-content\/uploads\/sites\/5\/2019\/03\/Inauguracion-espacio-amigos-de-la-lactancia-igss-2019-2-80x60.jpg) 0 0 no-repeat;\r\n                    }\r\n                    #tdi_1  .td-doubleSlider-2 .td-item3 {\r\n                        background: url(\/wp-content\/uploads\/sites\/5\/2019\/03\/Inauguracion-espacio-amigos-de-la-lactancia-igss-2019-3-80x60.jpg) 0 0 no-repeat;\r\n                    }\r\n                    #tdi_1  .td-doubleSlider-2 .td-item4 {\r\n                        background: url(\/wp-content\/uploads\/sites\/5\/2019\/03\/Inauguracion-espacio-amigos-de-la-lactancia-igss-2019-4-80x60.jpg) 0 0 no-repeat;\r\n                    }\r\n                    #tdi_1  .td-doubleSlider-2 .td-item5 {\r\n                        background: url(\/wp-content\/uploads\/sites\/5\/2019\/03\/Inauguracion-espacio-amigos-de-la-lactancia-igss-2019-5-80x60.jpg) 0 0 no-repeat;\r\n                    }\r\n                    #tdi_1  .td-doubleSlider-2 .td-item6 {\r\n                        background: url(\/wp-content\/uploads\/sites\/5\/2019\/03\/Inauguracion-espacio-amigos-de-la-lactancia-igss-2019-6-80x60.jpg) 0 0 no-repeat;\r\n                    }\r\n                    #tdi_1  .td-doubleSlider-2 .td-item7 {\r\n                        background: url(\/wp-content\/uploads\/sites\/5\/2019\/03\/Inauguracion-espacio-amigos-de-la-lactancia-igss-2019-7-80x60.jpg) 0 0 no-repeat;\r\n                    }\r\n                    #tdi_1  .td-doubleSlider-2 .td-item8 {\r\n                        background: url(\/wp-content\/uploads\/sites\/5\/2019\/03\/Inauguracion-espacio-amigos-de-la-lactancia-igss-2019-8-80x60.jpg) 0 0 no-repeat;\r\n                    }\r\n                    #tdi_1  .td-doubleSlider-2 .td-item9 {\r\n                        background: url(\/wp-content\/uploads\/sites\/5\/2019\/03\/Inauguracion-espacio-amigos-de-la-lactancia-igss-2019-9-80x60.jpg) 0 0 no-repeat;\r\n                    }\r\n                    #tdi_1  .td-doubleSlider-2 .td-item10 {\r\n                        background: url(\/wp-content\/uploads\/sites\/5\/2019\/03\/Inauguracion-espacio-amigos-de-la-lactancia-igss-2019-10-80x60.jpg) 0 0 no-repeat;\r\n                    }\r\n                    #tdi_1  .td-doubleSlider-2 .td-item11 {\r\n                        background: url(\/wp-content\/uploads\/sites\/5\/2019\/03\/Inauguracion-espacio-amigos-de-la-lactancia-igss-2019-11-80x60.jpg) 0 0 no-repeat;\r\n                    }\r\n                    #tdi_1  .td-doubleSlider-2 .td-item12 {\r\n                        background: url(\/wp-content\/uploads\/sites\/5\/2019\/03\/Inauguracion-espacio-amigos-de-la-lactancia-igss-2019-12-80x60.jpg) 0 0 no-repeat;\r\n                    }\r\n                    #tdi_1  .td-doubleSlider-2 .td-item13 {\r\n                        background: url(\/wp-content\/uploads\/sites\/5\/2019\/03\/Inauguracion-espacio-amigos-de-la-lactancia-igss-2019-13-80x60.jpg) 0 0 no-repeat;\r\n                    }\r\n                    #tdi_1  .td-doubleSlider-2 .td-item14 {\r\n                        background: url(\/wp-content\/uploads\/sites\/5\/2019\/03\/Inauguracion-espacio-amigos-de-la-lactancia-igss-2019-14-80x60.jpg) 0 0 no-repeat;\r\n                    }\r\n                    #tdi_1  .td-doubleSlider-2 .td-item15 {\r\n                        background: url(\/wp-content\/uploads\/sites\/5\/2019\/03\/Inauguracion-espacio-amigos-de-la-lactancia-igss-2019-15-80x60.jpg) 0 0 no-repeat;\r\n                    }\r\n                    #tdi_1  .td-doubleSlider-2 .td-item16 {\r\n                        background: url(\/wp-content\/uploads\/sites\/5\/2019\/03\/Inauguracion-espacio-amigos-de-la-lactancia-igss-2019-16-80x60.jpg) 0 0 no-repeat;\r\n                    }\r\n                    #tdi_1  .td-doubleSlider-2 .td-item17 {\r\n                        background: url(\/wp-content\/uploads\/sites\/5\/2019\/03\/Inauguracion-espacio-amigos-de-la-lactancia-igss-2019-17-80x60.jpg) 0 0 no-repeat;\r\n                    }\r\n                <\/style>\r\n\r\n                <div id=\"tdi_1\" class=\"td-gallery td-slide-on-2-columns\">\r\n                    <div class=\"post_td_gallery\">\r\n                        <div class=\"td-gallery-slide-top\">\r\n                           <div class=\"td-gallery-title\">Galer\u00eda de Im\u00e1genes<\/div>\r\n\r\n                            <div class=\"td-gallery-controls-wrapper\">\r\n                                <div class=\"td-gallery-slide-count\"><span class=\"td-gallery-slide-item-focus\">1<\/span> de 17<\/div>\r\n                                <div class=\"td-gallery-slide-prev-next-but\">\r\n                                    <i class = \"td-icon-left doubleSliderPrevButton\"><\/i>\r\n                                    <i class = \"td-icon-right doubleSliderNextButton\"><\/i>\r\n                                <\/div>\r\n                            <\/div>\r\n                        <\/div>\r\n\r\n                        <div class = \"td-doubleSlider-1 \">\r\n                            <div class = \"td-slider\">\r\n                                \r\n                    <div class = \"td-slide-item td-item1\">\r\n                        <figure class=\"td-slide-galery-figure td-slide-popup-gallery\">\r\n                            <a class=\"slide-gallery-image-link\" href=\"\/wp-content\/uploads\/sites\/5\/2019\/03\/Inauguracion-espacio-amigos-de-la-lactancia-igss-2019-1.jpg\" title=\"Inauguracion espacio amigos de la lactancia igss 2019-1\"  data-caption=\"\"  data-description=\"\">\r\n                                <img decoding=\"async\" src=\"\/wp-content\/uploads\/sites\/5\/2019\/03\/Inauguracion-espacio-amigos-de-la-lactancia-igss-2019-1-630x420.jpg\" srcset=\"\/wp-content\/uploads\/sites\/5\/2019\/03\/Inauguracion-espacio-amigos-de-la-lactancia-igss-2019-1-630x420.jpg 630w, \/wp-content\/uploads\/sites\/5\/2019\/03\/Inauguracion-espacio-amigos-de-la-lactancia-igss-2019-1-300x200.jpg 300w, \/wp-content\/uploads\/sites\/5\/2019\/03\/Inauguracion-espacio-amigos-de-la-lactancia-igss-2019-1-768x512.jpg 768w, \/wp-content\/uploads\/sites\/5\/2019\/03\/Inauguracion-espacio-amigos-de-la-lactancia-igss-2019-1-1024x682.jpg 1024w, \/wp-content\/uploads\/sites\/5\/2019\/03\/Inauguracion-espacio-amigos-de-la-lactancia-igss-2019-1-696x464.jpg 696w, \/wp-content\/uploads\/sites\/5\/2019\/03\/Inauguracion-espacio-amigos-de-la-lactancia-igss-2019-1-1068x712.jpg 1068w, \/wp-content\/uploads\/sites\/5\/2019\/03\/Inauguracion-espacio-amigos-de-la-lactancia-igss-2019-1-534x356.jpg 534w, \/wp-content\/uploads\/sites\/5\/2019\/03\/Inauguracion-espacio-amigos-de-la-lactancia-igss-2019-1.jpg 1280w\" sizes=\"(max-width: 630px) 100vw, 630px\" alt=\"\">\r\n                            <\/a>\r\n                            \r\n                        <\/figure>\r\n                    <\/div>\r\n                    <div class = \"td-slide-item td-item2\">\r\n                        <figure class=\"td-slide-galery-figure td-slide-popup-gallery\">\r\n                            <a class=\"slide-gallery-image-link\" href=\"\/wp-content\/uploads\/sites\/5\/2019\/03\/Inauguracion-espacio-amigos-de-la-lactancia-igss-2019-2.jpg\" title=\"Inauguracion espacio amigos de la lactancia igss 2019-2\"  data-caption=\"\"  data-description=\"\">\r\n                                <img decoding=\"async\" src=\"\/wp-content\/uploads\/sites\/5\/2019\/03\/Inauguracion-espacio-amigos-de-la-lactancia-igss-2019-2-630x420.jpg\" srcset=\"\/wp-content\/uploads\/sites\/5\/2019\/03\/Inauguracion-espacio-amigos-de-la-lactancia-igss-2019-2-630x420.jpg 630w, \/wp-content\/uploads\/sites\/5\/2019\/03\/Inauguracion-espacio-amigos-de-la-lactancia-igss-2019-2-300x200.jpg 300w, \/wp-content\/uploads\/sites\/5\/2019\/03\/Inauguracion-espacio-amigos-de-la-lactancia-igss-2019-2-768x512.jpg 768w, \/wp-content\/uploads\/sites\/5\/2019\/03\/Inauguracion-espacio-amigos-de-la-lactancia-igss-2019-2-1024x682.jpg 1024w, \/wp-content\/uploads\/sites\/5\/2019\/03\/Inauguracion-espacio-amigos-de-la-lactancia-igss-2019-2-696x464.jpg 696w, \/wp-content\/uploads\/sites\/5\/2019\/03\/Inauguracion-espacio-amigos-de-la-lactancia-igss-2019-2-1068x712.jpg 1068w, \/wp-content\/uploads\/sites\/5\/2019\/03\/Inauguracion-espacio-amigos-de-la-lactancia-igss-2019-2-534x356.jpg 534w, \/wp-content\/uploads\/sites\/5\/2019\/03\/Inauguracion-espacio-amigos-de-la-lactancia-igss-2019-2.jpg 1280w\" sizes=\"(max-width: 630px) 100vw, 630px\" alt=\"\">\r\n                            <\/a>\r\n                            \r\n                        <\/figure>\r\n                    <\/div>\r\n                    <div class = \"td-slide-item td-item3\">\r\n                        <figure class=\"td-slide-galery-figure td-slide-popup-gallery\">\r\n                            <a class=\"slide-gallery-image-link\" href=\"\/wp-content\/uploads\/sites\/5\/2019\/03\/Inauguracion-espacio-amigos-de-la-lactancia-igss-2019-3.jpg\" title=\"Inauguracion espacio amigos de la lactancia igss 2019-3\"  data-caption=\"\"  data-description=\"\">\r\n                                <img decoding=\"async\" src=\"\/wp-content\/uploads\/sites\/5\/2019\/03\/Inauguracion-espacio-amigos-de-la-lactancia-igss-2019-3-630x420.jpg\" srcset=\"\/wp-content\/uploads\/sites\/5\/2019\/03\/Inauguracion-espacio-amigos-de-la-lactancia-igss-2019-3-630x420.jpg 630w, \/wp-content\/uploads\/sites\/5\/2019\/03\/Inauguracion-espacio-amigos-de-la-lactancia-igss-2019-3-300x200.jpg 300w, \/wp-content\/uploads\/sites\/5\/2019\/03\/Inauguracion-espacio-amigos-de-la-lactancia-igss-2019-3-768x512.jpg 768w, \/wp-content\/uploads\/sites\/5\/2019\/03\/Inauguracion-espacio-amigos-de-la-lactancia-igss-2019-3-1024x682.jpg 1024w, \/wp-content\/uploads\/sites\/5\/2019\/03\/Inauguracion-espacio-amigos-de-la-lactancia-igss-2019-3-696x464.jpg 696w, \/wp-content\/uploads\/sites\/5\/2019\/03\/Inauguracion-espacio-amigos-de-la-lactancia-igss-2019-3-1068x712.jpg 1068w, \/wp-content\/uploads\/sites\/5\/2019\/03\/Inauguracion-espacio-amigos-de-la-lactancia-igss-2019-3-534x356.jpg 534w, \/wp-content\/uploads\/sites\/5\/2019\/03\/Inauguracion-espacio-amigos-de-la-lactancia-igss-2019-3.jpg 1280w\" sizes=\"(max-width: 630px) 100vw, 630px\" alt=\"\">\r\n                            <\/a>\r\n                            \r\n                        <\/figure>\r\n                    <\/div>\r\n                    <div class = \"td-slide-item td-item4\">\r\n                        <figure class=\"td-slide-galery-figure td-slide-popup-gallery\">\r\n                            <a class=\"slide-gallery-image-link\" href=\"\/wp-content\/uploads\/sites\/5\/2019\/03\/Inauguracion-espacio-amigos-de-la-lactancia-igss-2019-4.jpg\" title=\"Inauguracion espacio amigos de la lactancia igss 2019-4\"  data-caption=\"\"  data-description=\"\">\r\n                                <img decoding=\"async\" src=\"\/wp-content\/uploads\/sites\/5\/2019\/03\/Inauguracion-espacio-amigos-de-la-lactancia-igss-2019-4-630x420.jpg\" srcset=\"\/wp-content\/uploads\/sites\/5\/2019\/03\/Inauguracion-espacio-amigos-de-la-lactancia-igss-2019-4-630x420.jpg 630w, \/wp-content\/uploads\/sites\/5\/2019\/03\/Inauguracion-espacio-amigos-de-la-lactancia-igss-2019-4-300x200.jpg 300w, \/wp-content\/uploads\/sites\/5\/2019\/03\/Inauguracion-espacio-amigos-de-la-lactancia-igss-2019-4-768x512.jpg 768w, \/wp-content\/uploads\/sites\/5\/2019\/03\/Inauguracion-espacio-amigos-de-la-lactancia-igss-2019-4-1024x682.jpg 1024w, \/wp-content\/uploads\/sites\/5\/2019\/03\/Inauguracion-espacio-amigos-de-la-lactancia-igss-2019-4-696x464.jpg 696w, \/wp-content\/uploads\/sites\/5\/2019\/03\/Inauguracion-espacio-amigos-de-la-lactancia-igss-2019-4-1068x712.jpg 1068w, \/wp-content\/uploads\/sites\/5\/2019\/03\/Inauguracion-espacio-amigos-de-la-lactancia-igss-2019-4-534x356.jpg 534w, \/wp-content\/uploads\/sites\/5\/2019\/03\/Inauguracion-espacio-amigos-de-la-lactancia-igss-2019-4.jpg 1280w\" sizes=\"(max-width: 630px) 100vw, 630px\" alt=\"\">\r\n                            <\/a>\r\n                            \r\n                        <\/figure>\r\n                    <\/div>\r\n                    <div class = \"td-slide-item td-item5\">\r\n                        <figure class=\"td-slide-galery-figure td-slide-popup-gallery\">\r\n                            <a class=\"slide-gallery-image-link\" href=\"\/wp-content\/uploads\/sites\/5\/2019\/03\/Inauguracion-espacio-amigos-de-la-lactancia-igss-2019-5.jpg\" title=\"Inauguracion espacio amigos de la lactancia igss 2019-5\"  data-caption=\"\"  data-description=\"\">\r\n                                <img decoding=\"async\" src=\"\/wp-content\/uploads\/sites\/5\/2019\/03\/Inauguracion-espacio-amigos-de-la-lactancia-igss-2019-5-630x420.jpg\" srcset=\"\/wp-content\/uploads\/sites\/5\/2019\/03\/Inauguracion-espacio-amigos-de-la-lactancia-igss-2019-5-630x420.jpg 630w, \/wp-content\/uploads\/sites\/5\/2019\/03\/Inauguracion-espacio-amigos-de-la-lactancia-igss-2019-5-300x200.jpg 300w, \/wp-content\/uploads\/sites\/5\/2019\/03\/Inauguracion-espacio-amigos-de-la-lactancia-igss-2019-5-768x512.jpg 768w, \/wp-content\/uploads\/sites\/5\/2019\/03\/Inauguracion-espacio-amigos-de-la-lactancia-igss-2019-5-1024x682.jpg 1024w, \/wp-content\/uploads\/sites\/5\/2019\/03\/Inauguracion-espacio-amigos-de-la-lactancia-igss-2019-5-696x464.jpg 696w, \/wp-content\/uploads\/sites\/5\/2019\/03\/Inauguracion-espacio-amigos-de-la-lactancia-igss-2019-5-1068x712.jpg 1068w, \/wp-content\/uploads\/sites\/5\/2019\/03\/Inauguracion-espacio-amigos-de-la-lactancia-igss-2019-5-534x356.jpg 534w, \/wp-content\/uploads\/sites\/5\/2019\/03\/Inauguracion-espacio-amigos-de-la-lactancia-igss-2019-5.jpg 1280w\" sizes=\"(max-width: 630px) 100vw, 630px\" alt=\"\">\r\n                            <\/a>\r\n                            \r\n                        <\/figure>\r\n                    <\/div>\r\n                    <div class = \"td-slide-item td-item6\">\r\n                        <figure class=\"td-slide-galery-figure td-slide-popup-gallery\">\r\n                            <a class=\"slide-gallery-image-link\" href=\"\/wp-content\/uploads\/sites\/5\/2019\/03\/Inauguracion-espacio-amigos-de-la-lactancia-igss-2019-6.jpg\" title=\"Inauguracion espacio amigos de la lactancia igss 2019-6\"  data-caption=\"\"  data-description=\"\">\r\n                                <img decoding=\"async\" src=\"\/wp-content\/uploads\/sites\/5\/2019\/03\/Inauguracion-espacio-amigos-de-la-lactancia-igss-2019-6-630x420.jpg\" srcset=\"\/wp-content\/uploads\/sites\/5\/2019\/03\/Inauguracion-espacio-amigos-de-la-lactancia-igss-2019-6-630x420.jpg 630w, \/wp-content\/uploads\/sites\/5\/2019\/03\/Inauguracion-espacio-amigos-de-la-lactancia-igss-2019-6-300x200.jpg 300w, \/wp-content\/uploads\/sites\/5\/2019\/03\/Inauguracion-espacio-amigos-de-la-lactancia-igss-2019-6-768x512.jpg 768w, \/wp-content\/uploads\/sites\/5\/2019\/03\/Inauguracion-espacio-amigos-de-la-lactancia-igss-2019-6-1024x682.jpg 1024w, \/wp-content\/uploads\/sites\/5\/2019\/03\/Inauguracion-espacio-amigos-de-la-lactancia-igss-2019-6-696x464.jpg 696w, \/wp-content\/uploads\/sites\/5\/2019\/03\/Inauguracion-espacio-amigos-de-la-lactancia-igss-2019-6-1068x712.jpg 1068w, \/wp-content\/uploads\/sites\/5\/2019\/03\/Inauguracion-espacio-amigos-de-la-lactancia-igss-2019-6-534x356.jpg 534w, \/wp-content\/uploads\/sites\/5\/2019\/03\/Inauguracion-espacio-amigos-de-la-lactancia-igss-2019-6.jpg 1280w\" sizes=\"(max-width: 630px) 100vw, 630px\" alt=\"\">\r\n                            <\/a>\r\n                            \r\n                        <\/figure>\r\n                    <\/div>\r\n                    <div class = \"td-slide-item td-item7\">\r\n                        <figure class=\"td-slide-galery-figure td-slide-popup-gallery\">\r\n                            <a class=\"slide-gallery-image-link\" href=\"\/wp-content\/uploads\/sites\/5\/2019\/03\/Inauguracion-espacio-amigos-de-la-lactancia-igss-2019-7.jpg\" title=\"Inauguracion espacio amigos de la lactancia igss 2019-7\"  data-caption=\"\"  data-description=\"\">\r\n                                <img decoding=\"async\" src=\"\/wp-content\/uploads\/sites\/5\/2019\/03\/Inauguracion-espacio-amigos-de-la-lactancia-igss-2019-7-630x420.jpg\" srcset=\"\/wp-content\/uploads\/sites\/5\/2019\/03\/Inauguracion-espacio-amigos-de-la-lactancia-igss-2019-7-630x420.jpg 630w, \/wp-content\/uploads\/sites\/5\/2019\/03\/Inauguracion-espacio-amigos-de-la-lactancia-igss-2019-7-300x200.jpg 300w, \/wp-content\/uploads\/sites\/5\/2019\/03\/Inauguracion-espacio-amigos-de-la-lactancia-igss-2019-7-768x512.jpg 768w, \/wp-content\/uploads\/sites\/5\/2019\/03\/Inauguracion-espacio-amigos-de-la-lactancia-igss-2019-7-1024x682.jpg 1024w, \/wp-content\/uploads\/sites\/5\/2019\/03\/Inauguracion-espacio-amigos-de-la-lactancia-igss-2019-7-696x464.jpg 696w, \/wp-content\/uploads\/sites\/5\/2019\/03\/Inauguracion-espacio-amigos-de-la-lactancia-igss-2019-7-1068x712.jpg 1068w, \/wp-content\/uploads\/sites\/5\/2019\/03\/Inauguracion-espacio-amigos-de-la-lactancia-igss-2019-7-534x356.jpg 534w, \/wp-content\/uploads\/sites\/5\/2019\/03\/Inauguracion-espacio-amigos-de-la-lactancia-igss-2019-7.jpg 1280w\" sizes=\"(max-width: 630px) 100vw, 630px\" alt=\"\">\r\n                            <\/a>\r\n                            \r\n                        <\/figure>\r\n                    <\/div>\r\n                    <div class = \"td-slide-item td-item8\">\r\n                        <figure class=\"td-slide-galery-figure td-slide-popup-gallery\">\r\n                            <a class=\"slide-gallery-image-link\" href=\"\/wp-content\/uploads\/sites\/5\/2019\/03\/Inauguracion-espacio-amigos-de-la-lactancia-igss-2019-8.jpg\" title=\"Inauguracion espacio amigos de la lactancia igss 2019-8\"  data-caption=\"\"  data-description=\"\">\r\n                                <img decoding=\"async\" src=\"\/wp-content\/uploads\/sites\/5\/2019\/03\/Inauguracion-espacio-amigos-de-la-lactancia-igss-2019-8-630x420.jpg\" srcset=\"\/wp-content\/uploads\/sites\/5\/2019\/03\/Inauguracion-espacio-amigos-de-la-lactancia-igss-2019-8-630x420.jpg 630w, \/wp-content\/uploads\/sites\/5\/2019\/03\/Inauguracion-espacio-amigos-de-la-lactancia-igss-2019-8-300x200.jpg 300w, \/wp-content\/uploads\/sites\/5\/2019\/03\/Inauguracion-espacio-amigos-de-la-lactancia-igss-2019-8-768x512.jpg 768w, \/wp-content\/uploads\/sites\/5\/2019\/03\/Inauguracion-espacio-amigos-de-la-lactancia-igss-2019-8-1024x682.jpg 1024w, \/wp-content\/uploads\/sites\/5\/2019\/03\/Inauguracion-espacio-amigos-de-la-lactancia-igss-2019-8-696x464.jpg 696w, \/wp-content\/uploads\/sites\/5\/2019\/03\/Inauguracion-espacio-amigos-de-la-lactancia-igss-2019-8-1068x712.jpg 1068w, \/wp-content\/uploads\/sites\/5\/2019\/03\/Inauguracion-espacio-amigos-de-la-lactancia-igss-2019-8-534x356.jpg 534w, \/wp-content\/uploads\/sites\/5\/2019\/03\/Inauguracion-espacio-amigos-de-la-lactancia-igss-2019-8.jpg 1280w\" sizes=\"(max-width: 630px) 100vw, 630px\" alt=\"\">\r\n                            <\/a>\r\n                            \r\n                        <\/figure>\r\n                    <\/div>\r\n                    <div class = \"td-slide-item td-item9\">\r\n                        <figure class=\"td-slide-galery-figure td-slide-popup-gallery\">\r\n                            <a class=\"slide-gallery-image-link\" href=\"\/wp-content\/uploads\/sites\/5\/2019\/03\/Inauguracion-espacio-amigos-de-la-lactancia-igss-2019-9.jpg\" title=\"Inauguracion espacio amigos de la lactancia igss 2019-9\"  data-caption=\"\"  data-description=\"\">\r\n                                <img decoding=\"async\" src=\"\/wp-content\/uploads\/sites\/5\/2019\/03\/Inauguracion-espacio-amigos-de-la-lactancia-igss-2019-9-630x420.jpg\" srcset=\"\/wp-content\/uploads\/sites\/5\/2019\/03\/Inauguracion-espacio-amigos-de-la-lactancia-igss-2019-9-630x420.jpg 630w, \/wp-content\/uploads\/sites\/5\/2019\/03\/Inauguracion-espacio-amigos-de-la-lactancia-igss-2019-9-300x200.jpg 300w, \/wp-content\/uploads\/sites\/5\/2019\/03\/Inauguracion-espacio-amigos-de-la-lactancia-igss-2019-9-768x512.jpg 768w, \/wp-content\/uploads\/sites\/5\/2019\/03\/Inauguracion-espacio-amigos-de-la-lactancia-igss-2019-9-1024x682.jpg 1024w, \/wp-content\/uploads\/sites\/5\/2019\/03\/Inauguracion-espacio-amigos-de-la-lactancia-igss-2019-9-696x464.jpg 696w, \/wp-content\/uploads\/sites\/5\/2019\/03\/Inauguracion-espacio-amigos-de-la-lactancia-igss-2019-9-1068x712.jpg 1068w, \/wp-content\/uploads\/sites\/5\/2019\/03\/Inauguracion-espacio-amigos-de-la-lactancia-igss-2019-9-534x356.jpg 534w, \/wp-content\/uploads\/sites\/5\/2019\/03\/Inauguracion-espacio-amigos-de-la-lactancia-igss-2019-9.jpg 1280w\" sizes=\"(max-width: 630px) 100vw, 630px\" alt=\"\">\r\n                            <\/a>\r\n                            \r\n                        <\/figure>\r\n                    <\/div>\r\n                    <div class = \"td-slide-item td-item10\">\r\n                        <figure class=\"td-slide-galery-figure td-slide-popup-gallery\">\r\n                            <a class=\"slide-gallery-image-link\" href=\"\/wp-content\/uploads\/sites\/5\/2019\/03\/Inauguracion-espacio-amigos-de-la-lactancia-igss-2019-10.jpg\" title=\"Inauguracion espacio amigos de la lactancia igss 2019-10\"  data-caption=\"\"  data-description=\"\">\r\n                                <img decoding=\"async\" src=\"\/wp-content\/uploads\/sites\/5\/2019\/03\/Inauguracion-espacio-amigos-de-la-lactancia-igss-2019-10-630x420.jpg\" srcset=\"\/wp-content\/uploads\/sites\/5\/2019\/03\/Inauguracion-espacio-amigos-de-la-lactancia-igss-2019-10-630x420.jpg 630w, \/wp-content\/uploads\/sites\/5\/2019\/03\/Inauguracion-espacio-amigos-de-la-lactancia-igss-2019-10-300x200.jpg 300w, \/wp-content\/uploads\/sites\/5\/2019\/03\/Inauguracion-espacio-amigos-de-la-lactancia-igss-2019-10-768x512.jpg 768w, \/wp-content\/uploads\/sites\/5\/2019\/03\/Inauguracion-espacio-amigos-de-la-lactancia-igss-2019-10-1024x682.jpg 1024w, \/wp-content\/uploads\/sites\/5\/2019\/03\/Inauguracion-espacio-amigos-de-la-lactancia-igss-2019-10-696x464.jpg 696w, \/wp-content\/uploads\/sites\/5\/2019\/03\/Inauguracion-espacio-amigos-de-la-lactancia-igss-2019-10-1068x712.jpg 1068w, \/wp-content\/uploads\/sites\/5\/2019\/03\/Inauguracion-espacio-amigos-de-la-lactancia-igss-2019-10-534x356.jpg 534w, \/wp-content\/uploads\/sites\/5\/2019\/03\/Inauguracion-espacio-amigos-de-la-lactancia-igss-2019-10.jpg 1280w\" sizes=\"(max-width: 630px) 100vw, 630px\" alt=\"\">\r\n                            <\/a>\r\n                            \r\n                        <\/figure>\r\n                    <\/div>\r\n                    <div class = \"td-slide-item td-item11\">\r\n                        <figure class=\"td-slide-galery-figure td-slide-popup-gallery\">\r\n                            <a class=\"slide-gallery-image-link\" href=\"\/wp-content\/uploads\/sites\/5\/2019\/03\/Inauguracion-espacio-amigos-de-la-lactancia-igss-2019-11.jpg\" title=\"Inauguracion espacio amigos de la lactancia igss 2019-11\"  data-caption=\"\"  data-description=\"\">\r\n                                <img decoding=\"async\" src=\"\/wp-content\/uploads\/sites\/5\/2019\/03\/Inauguracion-espacio-amigos-de-la-lactancia-igss-2019-11-630x420.jpg\" srcset=\"\/wp-content\/uploads\/sites\/5\/2019\/03\/Inauguracion-espacio-amigos-de-la-lactancia-igss-2019-11-630x420.jpg 630w, \/wp-content\/uploads\/sites\/5\/2019\/03\/Inauguracion-espacio-amigos-de-la-lactancia-igss-2019-11-300x200.jpg 300w, \/wp-content\/uploads\/sites\/5\/2019\/03\/Inauguracion-espacio-amigos-de-la-lactancia-igss-2019-11-768x512.jpg 768w, \/wp-content\/uploads\/sites\/5\/2019\/03\/Inauguracion-espacio-amigos-de-la-lactancia-igss-2019-11-1024x682.jpg 1024w, \/wp-content\/uploads\/sites\/5\/2019\/03\/Inauguracion-espacio-amigos-de-la-lactancia-igss-2019-11-696x464.jpg 696w, \/wp-content\/uploads\/sites\/5\/2019\/03\/Inauguracion-espacio-amigos-de-la-lactancia-igss-2019-11-1068x712.jpg 1068w, \/wp-content\/uploads\/sites\/5\/2019\/03\/Inauguracion-espacio-amigos-de-la-lactancia-igss-2019-11-534x356.jpg 534w, \/wp-content\/uploads\/sites\/5\/2019\/03\/Inauguracion-espacio-amigos-de-la-lactancia-igss-2019-11.jpg 1280w\" sizes=\"(max-width: 630px) 100vw, 630px\" alt=\"\">\r\n                            <\/a>\r\n                            \r\n                        <\/figure>\r\n                    <\/div>\r\n                    <div class = \"td-slide-item td-item12\">\r\n                        <figure class=\"td-slide-galery-figure td-slide-popup-gallery\">\r\n                            <a class=\"slide-gallery-image-link\" href=\"\/wp-content\/uploads\/sites\/5\/2019\/03\/Inauguracion-espacio-amigos-de-la-lactancia-igss-2019-12.jpg\" title=\"Inauguracion espacio amigos de la lactancia igss 2019-12\"  data-caption=\"\"  data-description=\"\">\r\n                                <img decoding=\"async\" src=\"\/wp-content\/uploads\/sites\/5\/2019\/03\/Inauguracion-espacio-amigos-de-la-lactancia-igss-2019-12-630x420.jpg\" srcset=\"\/wp-content\/uploads\/sites\/5\/2019\/03\/Inauguracion-espacio-amigos-de-la-lactancia-igss-2019-12-630x420.jpg 630w, \/wp-content\/uploads\/sites\/5\/2019\/03\/Inauguracion-espacio-amigos-de-la-lactancia-igss-2019-12-300x200.jpg 300w, \/wp-content\/uploads\/sites\/5\/2019\/03\/Inauguracion-espacio-amigos-de-la-lactancia-igss-2019-12-768x512.jpg 768w, \/wp-content\/uploads\/sites\/5\/2019\/03\/Inauguracion-espacio-amigos-de-la-lactancia-igss-2019-12-1024x682.jpg 1024w, \/wp-content\/uploads\/sites\/5\/2019\/03\/Inauguracion-espacio-amigos-de-la-lactancia-igss-2019-12-696x464.jpg 696w, \/wp-content\/uploads\/sites\/5\/2019\/03\/Inauguracion-espacio-amigos-de-la-lactancia-igss-2019-12-1068x712.jpg 1068w, \/wp-content\/uploads\/sites\/5\/2019\/03\/Inauguracion-espacio-amigos-de-la-lactancia-igss-2019-12-534x356.jpg 534w, \/wp-content\/uploads\/sites\/5\/2019\/03\/Inauguracion-espacio-amigos-de-la-lactancia-igss-2019-12.jpg 1280w\" sizes=\"(max-width: 630px) 100vw, 630px\" alt=\"\">\r\n                            <\/a>\r\n                            \r\n                        <\/figure>\r\n                    <\/div>\r\n                    <div class = \"td-slide-item td-item13\">\r\n                        <figure class=\"td-slide-galery-figure td-slide-popup-gallery\">\r\n                            <a class=\"slide-gallery-image-link\" href=\"\/wp-content\/uploads\/sites\/5\/2019\/03\/Inauguracion-espacio-amigos-de-la-lactancia-igss-2019-13.jpg\" title=\"Inauguracion espacio amigos de la lactancia igss 2019-13\"  data-caption=\"\"  data-description=\"\">\r\n                                <img decoding=\"async\" src=\"\/wp-content\/uploads\/sites\/5\/2019\/03\/Inauguracion-espacio-amigos-de-la-lactancia-igss-2019-13-630x420.jpg\" srcset=\"\/wp-content\/uploads\/sites\/5\/2019\/03\/Inauguracion-espacio-amigos-de-la-lactancia-igss-2019-13-630x420.jpg 630w, \/wp-content\/uploads\/sites\/5\/2019\/03\/Inauguracion-espacio-amigos-de-la-lactancia-igss-2019-13-300x200.jpg 300w, \/wp-content\/uploads\/sites\/5\/2019\/03\/Inauguracion-espacio-amigos-de-la-lactancia-igss-2019-13-768x512.jpg 768w, \/wp-content\/uploads\/sites\/5\/2019\/03\/Inauguracion-espacio-amigos-de-la-lactancia-igss-2019-13-1024x682.jpg 1024w, \/wp-content\/uploads\/sites\/5\/2019\/03\/Inauguracion-espacio-amigos-de-la-lactancia-igss-2019-13-696x464.jpg 696w, \/wp-content\/uploads\/sites\/5\/2019\/03\/Inauguracion-espacio-amigos-de-la-lactancia-igss-2019-13-1068x712.jpg 1068w, \/wp-content\/uploads\/sites\/5\/2019\/03\/Inauguracion-espacio-amigos-de-la-lactancia-igss-2019-13-534x356.jpg 534w, \/wp-content\/uploads\/sites\/5\/2019\/03\/Inauguracion-espacio-amigos-de-la-lactancia-igss-2019-13.jpg 1280w\" sizes=\"(max-width: 630px) 100vw, 630px\" alt=\"\">\r\n                            <\/a>\r\n                            \r\n                        <\/figure>\r\n                    <\/div>\r\n                    <div class = \"td-slide-item td-item14\">\r\n                        <figure class=\"td-slide-galery-figure td-slide-popup-gallery\">\r\n                            <a class=\"slide-gallery-image-link\" href=\"\/wp-content\/uploads\/sites\/5\/2019\/03\/Inauguracion-espacio-amigos-de-la-lactancia-igss-2019-14.jpg\" title=\"Inauguracion espacio amigos de la lactancia igss 2019-14\"  data-caption=\"\"  data-description=\"\">\r\n                                <img decoding=\"async\" src=\"\/wp-content\/uploads\/sites\/5\/2019\/03\/Inauguracion-espacio-amigos-de-la-lactancia-igss-2019-14-630x420.jpg\" srcset=\"\/wp-content\/uploads\/sites\/5\/2019\/03\/Inauguracion-espacio-amigos-de-la-lactancia-igss-2019-14-630x420.jpg 630w, \/wp-content\/uploads\/sites\/5\/2019\/03\/Inauguracion-espacio-amigos-de-la-lactancia-igss-2019-14-300x200.jpg 300w, \/wp-content\/uploads\/sites\/5\/2019\/03\/Inauguracion-espacio-amigos-de-la-lactancia-igss-2019-14-768x512.jpg 768w, \/wp-content\/uploads\/sites\/5\/2019\/03\/Inauguracion-espacio-amigos-de-la-lactancia-igss-2019-14-1024x682.jpg 1024w, \/wp-content\/uploads\/sites\/5\/2019\/03\/Inauguracion-espacio-amigos-de-la-lactancia-igss-2019-14-696x464.jpg 696w, \/wp-content\/uploads\/sites\/5\/2019\/03\/Inauguracion-espacio-amigos-de-la-lactancia-igss-2019-14-1068x712.jpg 1068w, \/wp-content\/uploads\/sites\/5\/2019\/03\/Inauguracion-espacio-amigos-de-la-lactancia-igss-2019-14-534x356.jpg 534w, \/wp-content\/uploads\/sites\/5\/2019\/03\/Inauguracion-espacio-amigos-de-la-lactancia-igss-2019-14.jpg 1280w\" sizes=\"(max-width: 630px) 100vw, 630px\" alt=\"\">\r\n                            <\/a>\r\n                            \r\n                        <\/figure>\r\n                    <\/div>\r\n                    <div class = \"td-slide-item td-item15\">\r\n                        <figure class=\"td-slide-galery-figure td-slide-popup-gallery\">\r\n                            <a class=\"slide-gallery-image-link\" href=\"\/wp-content\/uploads\/sites\/5\/2019\/03\/Inauguracion-espacio-amigos-de-la-lactancia-igss-2019-15.jpg\" title=\"Inauguracion espacio amigos de la lactancia igss 2019-15\"  data-caption=\"\"  data-description=\"\">\r\n                                <img decoding=\"async\" src=\"\/wp-content\/uploads\/sites\/5\/2019\/03\/Inauguracion-espacio-amigos-de-la-lactancia-igss-2019-15-630x420.jpg\" srcset=\"\/wp-content\/uploads\/sites\/5\/2019\/03\/Inauguracion-espacio-amigos-de-la-lactancia-igss-2019-15-630x420.jpg 630w, \/wp-content\/uploads\/sites\/5\/2019\/03\/Inauguracion-espacio-amigos-de-la-lactancia-igss-2019-15-300x200.jpg 300w, \/wp-content\/uploads\/sites\/5\/2019\/03\/Inauguracion-espacio-amigos-de-la-lactancia-igss-2019-15-768x512.jpg 768w, \/wp-content\/uploads\/sites\/5\/2019\/03\/Inauguracion-espacio-amigos-de-la-lactancia-igss-2019-15-1024x682.jpg 1024w, \/wp-content\/uploads\/sites\/5\/2019\/03\/Inauguracion-espacio-amigos-de-la-lactancia-igss-2019-15-696x464.jpg 696w, \/wp-content\/uploads\/sites\/5\/2019\/03\/Inauguracion-espacio-amigos-de-la-lactancia-igss-2019-15-1068x712.jpg 1068w, \/wp-content\/uploads\/sites\/5\/2019\/03\/Inauguracion-espacio-amigos-de-la-lactancia-igss-2019-15-534x356.jpg 534w, \/wp-content\/uploads\/sites\/5\/2019\/03\/Inauguracion-espacio-amigos-de-la-lactancia-igss-2019-15.jpg 1280w\" sizes=\"(max-width: 630px) 100vw, 630px\" alt=\"\">\r\n                            <\/a>\r\n                            \r\n                        <\/figure>\r\n                    <\/div>\r\n                    <div class = \"td-slide-item td-item16\">\r\n                        <figure class=\"td-slide-galery-figure td-slide-popup-gallery\">\r\n                            <a class=\"slide-gallery-image-link\" href=\"\/wp-content\/uploads\/sites\/5\/2019\/03\/Inauguracion-espacio-amigos-de-la-lactancia-igss-2019-16.jpg\" title=\"Inauguracion espacio amigos de la lactancia igss 2019-16\"  data-caption=\"\"  data-description=\"\">\r\n                                <img decoding=\"async\" src=\"\/wp-content\/uploads\/sites\/5\/2019\/03\/Inauguracion-espacio-amigos-de-la-lactancia-igss-2019-16-630x420.jpg\" srcset=\"\/wp-content\/uploads\/sites\/5\/2019\/03\/Inauguracion-espacio-amigos-de-la-lactancia-igss-2019-16-630x420.jpg 630w, \/wp-content\/uploads\/sites\/5\/2019\/03\/Inauguracion-espacio-amigos-de-la-lactancia-igss-2019-16-300x200.jpg 300w, \/wp-content\/uploads\/sites\/5\/2019\/03\/Inauguracion-espacio-amigos-de-la-lactancia-igss-2019-16-768x512.jpg 768w, \/wp-content\/uploads\/sites\/5\/2019\/03\/Inauguracion-espacio-amigos-de-la-lactancia-igss-2019-16-1024x682.jpg 1024w, \/wp-content\/uploads\/sites\/5\/2019\/03\/Inauguracion-espacio-amigos-de-la-lactancia-igss-2019-16-696x464.jpg 696w, \/wp-content\/uploads\/sites\/5\/2019\/03\/Inauguracion-espacio-amigos-de-la-lactancia-igss-2019-16-1068x712.jpg 1068w, \/wp-content\/uploads\/sites\/5\/2019\/03\/Inauguracion-espacio-amigos-de-la-lactancia-igss-2019-16-534x356.jpg 534w, \/wp-content\/uploads\/sites\/5\/2019\/03\/Inauguracion-espacio-amigos-de-la-lactancia-igss-2019-16.jpg 1280w\" sizes=\"(max-width: 630px) 100vw, 630px\" alt=\"\">\r\n                            <\/a>\r\n                            \r\n                        <\/figure>\r\n                    <\/div>\r\n                    <div class = \"td-slide-item td-item17\">\r\n                        <figure class=\"td-slide-galery-figure td-slide-popup-gallery\">\r\n                            <a class=\"slide-gallery-image-link\" href=\"\/wp-content\/uploads\/sites\/5\/2019\/03\/Inauguracion-espacio-amigos-de-la-lactancia-igss-2019-17.jpg\" title=\"Inauguracion espacio amigos de la lactancia igss 2019-17\"  data-caption=\"\"  data-description=\"\">\r\n                                <img decoding=\"async\" src=\"\/wp-content\/uploads\/sites\/5\/2019\/03\/Inauguracion-espacio-amigos-de-la-lactancia-igss-2019-17-630x420.jpg\" srcset=\"\/wp-content\/uploads\/sites\/5\/2019\/03\/Inauguracion-espacio-amigos-de-la-lactancia-igss-2019-17-630x420.jpg 630w, \/wp-content\/uploads\/sites\/5\/2019\/03\/Inauguracion-espacio-amigos-de-la-lactancia-igss-2019-17-300x200.jpg 300w, \/wp-content\/uploads\/sites\/5\/2019\/03\/Inauguracion-espacio-amigos-de-la-lactancia-igss-2019-17-768x512.jpg 768w, \/wp-content\/uploads\/sites\/5\/2019\/03\/Inauguracion-espacio-amigos-de-la-lactancia-igss-2019-17-1024x682.jpg 1024w, \/wp-content\/uploads\/sites\/5\/2019\/03\/Inauguracion-espacio-amigos-de-la-lactancia-igss-2019-17-696x464.jpg 696w, \/wp-content\/uploads\/sites\/5\/2019\/03\/Inauguracion-espacio-amigos-de-la-lactancia-igss-2019-17-1068x712.jpg 1068w, \/wp-content\/uploads\/sites\/5\/2019\/03\/Inauguracion-espacio-amigos-de-la-lactancia-igss-2019-17-534x356.jpg 534w, \/wp-content\/uploads\/sites\/5\/2019\/03\/Inauguracion-espacio-amigos-de-la-lactancia-igss-2019-17.jpg 1280w\" sizes=\"(max-width: 630px) 100vw, 630px\" alt=\"\">\r\n                            <\/a>\r\n                            \r\n                        <\/figure>\r\n                    <\/div>\r\n                            <\/div>\r\n                        <\/div>\r\n\r\n                        <div class = \"td-doubleSlider-2\">\r\n                            <div class = \"td-slider\">\r\n                                \r\n                    <div class = \"td-button td-item1\">\r\n                        <div class = \"td-border\"><\/div>\r\n                    <\/div>\r\n                    <div class = \"td-button td-item2\">\r\n                        <div class = \"td-border\"><\/div>\r\n                    <\/div>\r\n                    <div class = \"td-button td-item3\">\r\n                        <div class = \"td-border\"><\/div>\r\n                    <\/div>\r\n                    <div class = \"td-button td-item4\">\r\n                        <div class = \"td-border\"><\/div>\r\n                    <\/div>\r\n                    <div class = \"td-button td-item5\">\r\n                        <div class = \"td-border\"><\/div>\r\n                    <\/div>\r\n                    <div class = \"td-button td-item6\">\r\n                        <div class = \"td-border\"><\/div>\r\n                    <\/div>\r\n                    <div class = \"td-button td-item7\">\r\n                        <div class = \"td-border\"><\/div>\r\n                    <\/div>\r\n                    <div class = \"td-button td-item8\">\r\n                        <div class = \"td-border\"><\/div>\r\n                    <\/div>\r\n                    <div class = \"td-button td-item9\">\r\n                        <div class = \"td-border\"><\/div>\r\n                    <\/div>\r\n                    <div class = \"td-button td-item10\">\r\n                        <div class = \"td-border\"><\/div>\r\n                    <\/div>\r\n                    <div class = \"td-button td-item11\">\r\n                        <div class = \"td-border\"><\/div>\r\n                    <\/div>\r\n                    <div class = \"td-button td-item12\">\r\n                        <div class = \"td-border\"><\/div>\r\n                    <\/div>\r\n                    <div class = \"td-button td-item13\">\r\n                        <div class = \"td-border\"><\/div>\r\n                    <\/div>\r\n                    <div class = \"td-button td-item14\">\r\n                        <div class = \"td-border\"><\/div>\r\n                    <\/div>\r\n                    <div class = \"td-button td-item15\">\r\n                        <div class = \"td-border\"><\/div>\r\n                    <\/div>\r\n                    <div class = \"td-button td-item16\">\r\n                        <div class = \"td-border\"><\/div>\r\n                    <\/div>\r\n                    <div class = \"td-button td-item17\">\r\n                        <div class = \"td-border\"><\/div>\r\n                    <\/div>\r\n                            <\/div>\r\n                        <\/div>\r\n\r\n                    <\/div>\r\n\r\n                <\/div>\r\n                \n<hr \/>\n<p>&nbsp;<\/p>\n","protected":false},"excerpt":{"rendered":"<p>Una sala conocida como Espacio Amigo de la Lactancia Materna, fue inaugurada hoy en el Hospital General de Accidentes Ceibal, el cual estar\u00e1 disponible para las madres lactantes que laboran en este centro asistencial en distintos turnos. Este cuenta con una refrigeradora para el almacenamiento seguro y temporal de la leche extra\u00edda, as\u00ed como con [&hellip;]<\/p>\n","protected":false},"author":4,"featured_media":8954,"comment_status":"open","ping_status":"open","sticky":false,"template":"","format":"standard","meta":{"footnotes":""},"categories":[3,29,36],"tags":[375,480,490,555],"coauthors":[],"class_list":{"0":"post-8939","1":"post","2":"type-post","3":"status-publish","4":"format-standard","5":"has-post-thumbnail","7":"category-actualidad","8":"category-publicaciones","9":"category-unidades-medicas","10":"tag-dra-monica-rodriguez","11":"tag-hospital-general-de-accidentes-ceibal","12":"tag-igss","13":"tag-lactancia-materna"},"_links":{"self":[{"href":"https:\/\/www.igssgt.org\/noticias\/wp-json\/wp\/v2\/posts\/8939","targetHints":{"allow":["GET"]}}],"collection":[{"href":"https:\/\/www.igssgt.org\/noticias\/wp-json\/wp\/v2\/posts"}],"about":[{"href":"https:\/\/www.igssgt.org\/noticias\/wp-json\/wp\/v2\/types\/post"}],"author":[{"embeddable":true,"href":"https:\/\/www.igssgt.org\/noticias\/wp-json\/wp\/v2\/users\/4"}],"replies":[{"embeddable":true,"href":"https:\/\/www.igssgt.org\/noticias\/wp-json\/wp\/v2\/comments?post=8939"}],"version-history":[{"count":0,"href":"https:\/\/www.igssgt.org\/noticias\/wp-json\/wp\/v2\/posts\/8939\/revisions"}],"wp:featuredmedia":[{"embeddable":true,"href":"https:\/\/www.igssgt.org\/noticias\/wp-json\/wp\/v2\/media\/8954"}],"wp:attachment":[{"href":"https:\/\/www.igssgt.org\/noticias\/wp-json\/wp\/v2\/media?parent=8939"}],"wp:term":[{"taxonomy":"category","embeddable":true,"href":"https:\/\/www.igssgt.org\/noticias\/wp-json\/wp\/v2\/categories?post=8939"},{"taxonomy":"post_tag","embeddable":true,"href":"https:\/\/www.igssgt.org\/noticias\/wp-json\/wp\/v2\/tags?post=8939"},{"taxonomy":"author","embeddable":true,"href":"https:\/\/www.igssgt.org\/noticias\/wp-json\/wp\/v2\/coauthors?post=8939"}],"curies":[{"name":"wp","href":"https:\/\/api.w.org\/{rel}","templated":true}]}}