{"id":9019,"date":"2019-03-12T14:30:13","date_gmt":"2019-03-12T20:30:13","guid":{"rendered":"http:\/\/noticias.igssgt.org\/?p=9019"},"modified":"2019-03-12T14:30:13","modified_gmt":"2019-03-12T20:30:13","slug":"conmemoran-dia-mundial-del-glaucoma","status":"publish","type":"post","link":"https:\/\/www.igssgt.org\/noticias\/2019\/03\/12\/conmemoran-dia-mundial-del-glaucoma\/","title":{"rendered":"Conmemoran D\u00eda Mundial del Glaucoma"},"content":{"rendered":"<p><a href=\"\/noticias\/wp-content\/uploads\/sites\/5\/2019\/03\/Dia-Mundial-del-Glaucoma-IGSS-2019-3.jpg\"><img loading=\"lazy\" decoding=\"async\" class=\" wp-image-9022 alignright\" src=\"\/noticias\/wp-content\/uploads\/sites\/5\/2019\/03\/Dia-Mundial-del-Glaucoma-IGSS-2019-3.jpg\" alt=\"\" width=\"320\" height=\"213\" srcset=\"\/wp-content\/uploads\/sites\/5\/2019\/03\/Dia-Mundial-del-Glaucoma-IGSS-2019-3.jpg 900w, \/wp-content\/uploads\/sites\/5\/2019\/03\/Dia-Mundial-del-Glaucoma-IGSS-2019-3-300x200.jpg 300w, \/wp-content\/uploads\/sites\/5\/2019\/03\/Dia-Mundial-del-Glaucoma-IGSS-2019-3-768x512.jpg 768w, \/wp-content\/uploads\/sites\/5\/2019\/03\/Dia-Mundial-del-Glaucoma-IGSS-2019-3-630x420.jpg 630w, \/wp-content\/uploads\/sites\/5\/2019\/03\/Dia-Mundial-del-Glaucoma-IGSS-2019-3-696x464.jpg 696w, \/wp-content\/uploads\/sites\/5\/2019\/03\/Dia-Mundial-del-Glaucoma-IGSS-2019-3-534x356.jpg 534w\" sizes=\"auto, (max-width: 320px) 100vw, 320px\" \/><\/a>El 12 de marzo, D\u00eda Mundial del Glaucoma, fue nombrado as\u00ed con el objetivo de concientizar sobre la importancia de la detecci\u00f3n temprana de este padecimiento que es una de las causas de segura prevenible.<\/p>\n<p>\u201cEn los Estados Unidos m\u00e1s de 120 mil personas son ciegas a causa del glaucoma y esta enfermedad es la segunda causa de ceguera en el mundo seg\u00fan la Organizaci\u00f3n mundial de la salud\u201d, dijo Carmen Lucia Alfaro, especialista en oftalmolog\u00eda Hospital de Accidentes Ceibal 7-19.<\/p>\n<p>El glaucoma es una neuropat\u00eda \u00f3ptica ocasionada por la presi\u00f3n dentro del ojo, lo que causa da\u00f1o en el nervio \u00f3ptico y hace que de forma gradual o en ocasiones repentina se pierda la visi\u00f3n.<\/p>\n<p><a href=\"\/noticias\/wp-content\/uploads\/sites\/5\/2019\/03\/Dia-Mundial-del-Glaucoma-IGSS-2019-5.jpg\"><img loading=\"lazy\" decoding=\"async\" class=\"alignnone size-full wp-image-9024\" src=\"\/noticias\/wp-content\/uploads\/sites\/5\/2019\/03\/Dia-Mundial-del-Glaucoma-IGSS-2019-5.jpg\" alt=\"\" width=\"900\" height=\"600\" srcset=\"\/wp-content\/uploads\/sites\/5\/2019\/03\/Dia-Mundial-del-Glaucoma-IGSS-2019-5.jpg 900w, \/wp-content\/uploads\/sites\/5\/2019\/03\/Dia-Mundial-del-Glaucoma-IGSS-2019-5-300x200.jpg 300w, \/wp-content\/uploads\/sites\/5\/2019\/03\/Dia-Mundial-del-Glaucoma-IGSS-2019-5-768x512.jpg 768w, \/wp-content\/uploads\/sites\/5\/2019\/03\/Dia-Mundial-del-Glaucoma-IGSS-2019-5-630x420.jpg 630w, \/wp-content\/uploads\/sites\/5\/2019\/03\/Dia-Mundial-del-Glaucoma-IGSS-2019-5-696x464.jpg 696w, \/wp-content\/uploads\/sites\/5\/2019\/03\/Dia-Mundial-del-Glaucoma-IGSS-2019-5-534x356.jpg 534w\" sizes=\"auto, (max-width: 900px) 100vw, 900px\" \/><\/a><\/p>\n<p>La profesional indic\u00f3 que entre los factores de riesgo se encuentran ser mayores de 40 a\u00f1os, que padezcan de miop\u00eda, la hipertensi\u00f3n, la diabetes, hereditarios, hispanos de edad avanzada y personas de descendencia africana.<\/p>\n<p>Alfaro tambi\u00e9n se refiri\u00f3 al tratamiento indicando que si se detecta de forma temprana es posible tratarlo con gotas oftalmol\u00f3gicas que deben aplicarse a diario, en casos que no se pueda controlar con gotas, se procede con tratamiento quir\u00fargico.<\/p>\n<p>En el Hospital de Accidentes Ceibal 7-19 cuenta con ocho cl\u00ednicas de oftalmolog\u00eda en las cuales se atienden 120 pacientes diarios.<\/p>\n<p>Entre los s\u00edntomas del glaucoma podr\u00edan presentarse visi\u00f3n borrosa, dolor de ojos y de cabeza, n\u00e1useas y v\u00f3mitos, la aparici\u00f3n de arco\u00edris alrededor de las luces brillantes y en algunos casos p\u00e9rdida repentina de la visi\u00f3n.<\/p>\n<p>La profesional recomienda que para prevenir el glaucoma son importantes las visitas peri\u00f3dicas al oftalm\u00f3logo, por lo menos una vez al a\u00f1o y solicitarle un examen general y especifico de glaucoma.<\/p>\n\r\n                <style type=\"text\/css\">\r\n                    \r\n                    #tdi_1  .td-doubleSlider-2 .td-item1 {\r\n                        background: url(\/wp-content\/uploads\/sites\/5\/2019\/03\/Dia-Mundial-del-Glaucoma-IGSS-2019-2-80x60.jpg) 0 0 no-repeat;\r\n                    }\r\n                    #tdi_1  .td-doubleSlider-2 .td-item2 {\r\n                        background: url(\/wp-content\/uploads\/sites\/5\/2019\/03\/Dia-Mundial-del-Glaucoma-IGSS-2019-3-80x60.jpg) 0 0 no-repeat;\r\n                    }\r\n                    #tdi_1  .td-doubleSlider-2 .td-item3 {\r\n                        background: url(\/wp-content\/uploads\/sites\/5\/2019\/03\/Dia-Mundial-del-Glaucoma-IGSS-2019-1-80x60.jpg) 0 0 no-repeat;\r\n                    }\r\n                    #tdi_1  .td-doubleSlider-2 .td-item4 {\r\n                        background: url(\/wp-content\/uploads\/sites\/5\/2019\/03\/Dia-Mundial-del-Glaucoma-IGSS-2019-4-80x60.jpg) 0 0 no-repeat;\r\n                    }\r\n                    #tdi_1  .td-doubleSlider-2 .td-item5 {\r\n                        background: url(\/wp-content\/uploads\/sites\/5\/2019\/03\/Dia-Mundial-del-Glaucoma-IGSS-2019-5-80x60.jpg) 0 0 no-repeat;\r\n                    }\r\n                    #tdi_1  .td-doubleSlider-2 .td-item6 {\r\n                        background: url(\/wp-content\/uploads\/sites\/5\/2019\/03\/Dia-Mundial-del-Glaucoma-IGSS-2019-7-80x60.jpg) 0 0 no-repeat;\r\n                    }\r\n                    #tdi_1  .td-doubleSlider-2 .td-item7 {\r\n                        background: url(\/wp-content\/uploads\/sites\/5\/2019\/03\/Dia-Mundial-del-Glaucoma-IGSS-2019-8-80x60.jpg) 0 0 no-repeat;\r\n                    }\r\n                    #tdi_1  .td-doubleSlider-2 .td-item8 {\r\n                        background: url(\/wp-content\/uploads\/sites\/5\/2019\/03\/Dia-Mundial-del-Glaucoma-IGSS-2019-9-80x60.jpg) 0 0 no-repeat;\r\n                    }\r\n                <\/style>\r\n\r\n                <div id=\"tdi_1\" class=\"td-gallery td-slide-on-2-columns\">\r\n                    <div class=\"post_td_gallery\">\r\n                        <div class=\"td-gallery-slide-top\">\r\n                           <div class=\"td-gallery-title\">Galer\u00eda de Im\u00e1genes<\/div>\r\n\r\n                            <div class=\"td-gallery-controls-wrapper\">\r\n                                <div class=\"td-gallery-slide-count\"><span class=\"td-gallery-slide-item-focus\">1<\/span> de 8<\/div>\r\n                                <div class=\"td-gallery-slide-prev-next-but\">\r\n                                    <i class = \"td-icon-left doubleSliderPrevButton\"><\/i>\r\n                                    <i class = \"td-icon-right doubleSliderNextButton\"><\/i>\r\n                                <\/div>\r\n                            <\/div>\r\n                        <\/div>\r\n\r\n                        <div class = \"td-doubleSlider-1 \">\r\n                            <div class = \"td-slider\">\r\n                                \r\n                    <div class = \"td-slide-item td-item1\">\r\n                        <figure class=\"td-slide-galery-figure td-slide-popup-gallery\">\r\n                            <a class=\"slide-gallery-image-link\" href=\"\/wp-content\/uploads\/sites\/5\/2019\/03\/Dia-Mundial-del-Glaucoma-IGSS-2019-2.jpg\" title=\"Dia Mundial del Glaucoma IGSS 2019-2\"  data-caption=\"\"  data-description=\"\">\r\n                                <img decoding=\"async\" src=\"\/wp-content\/uploads\/sites\/5\/2019\/03\/Dia-Mundial-del-Glaucoma-IGSS-2019-2-630x420.jpg\" srcset=\"\/wp-content\/uploads\/sites\/5\/2019\/03\/Dia-Mundial-del-Glaucoma-IGSS-2019-2-630x420.jpg 630w, \/wp-content\/uploads\/sites\/5\/2019\/03\/Dia-Mundial-del-Glaucoma-IGSS-2019-2-300x200.jpg 300w, \/wp-content\/uploads\/sites\/5\/2019\/03\/Dia-Mundial-del-Glaucoma-IGSS-2019-2-768x512.jpg 768w, \/wp-content\/uploads\/sites\/5\/2019\/03\/Dia-Mundial-del-Glaucoma-IGSS-2019-2-696x464.jpg 696w, \/wp-content\/uploads\/sites\/5\/2019\/03\/Dia-Mundial-del-Glaucoma-IGSS-2019-2-534x356.jpg 534w, \/wp-content\/uploads\/sites\/5\/2019\/03\/Dia-Mundial-del-Glaucoma-IGSS-2019-2.jpg 900w\" sizes=\"(max-width: 630px) 100vw, 630px\" alt=\"\">\r\n                            <\/a>\r\n                            \r\n                        <\/figure>\r\n                    <\/div>\r\n                    <div class = \"td-slide-item td-item2\">\r\n                        <figure class=\"td-slide-galery-figure td-slide-popup-gallery\">\r\n                            <a class=\"slide-gallery-image-link\" href=\"\/wp-content\/uploads\/sites\/5\/2019\/03\/Dia-Mundial-del-Glaucoma-IGSS-2019-3.jpg\" title=\"Dia Mundial del Glaucoma IGSS 2019-3\"  data-caption=\"\"  data-description=\"\">\r\n                                <img decoding=\"async\" src=\"\/wp-content\/uploads\/sites\/5\/2019\/03\/Dia-Mundial-del-Glaucoma-IGSS-2019-3-630x420.jpg\" srcset=\"\/wp-content\/uploads\/sites\/5\/2019\/03\/Dia-Mundial-del-Glaucoma-IGSS-2019-3-630x420.jpg 630w, \/wp-content\/uploads\/sites\/5\/2019\/03\/Dia-Mundial-del-Glaucoma-IGSS-2019-3-300x200.jpg 300w, \/wp-content\/uploads\/sites\/5\/2019\/03\/Dia-Mundial-del-Glaucoma-IGSS-2019-3-768x512.jpg 768w, \/wp-content\/uploads\/sites\/5\/2019\/03\/Dia-Mundial-del-Glaucoma-IGSS-2019-3-696x464.jpg 696w, \/wp-content\/uploads\/sites\/5\/2019\/03\/Dia-Mundial-del-Glaucoma-IGSS-2019-3-534x356.jpg 534w, \/wp-content\/uploads\/sites\/5\/2019\/03\/Dia-Mundial-del-Glaucoma-IGSS-2019-3.jpg 900w\" sizes=\"(max-width: 630px) 100vw, 630px\" alt=\"\">\r\n                            <\/a>\r\n                            \r\n                        <\/figure>\r\n                    <\/div>\r\n                    <div class = \"td-slide-item td-item3\">\r\n                        <figure class=\"td-slide-galery-figure td-slide-popup-gallery\">\r\n                            <a class=\"slide-gallery-image-link\" href=\"\/wp-content\/uploads\/sites\/5\/2019\/03\/Dia-Mundial-del-Glaucoma-IGSS-2019-1.jpg\" title=\"Dia Mundial del Glaucoma IGSS 2019-1\"  data-caption=\"\"  data-description=\"\">\r\n                                <img decoding=\"async\" src=\"\/wp-content\/uploads\/sites\/5\/2019\/03\/Dia-Mundial-del-Glaucoma-IGSS-2019-1-630x420.jpg\" srcset=\"\/wp-content\/uploads\/sites\/5\/2019\/03\/Dia-Mundial-del-Glaucoma-IGSS-2019-1-630x420.jpg 630w, \/wp-content\/uploads\/sites\/5\/2019\/03\/Dia-Mundial-del-Glaucoma-IGSS-2019-1-300x200.jpg 300w, \/wp-content\/uploads\/sites\/5\/2019\/03\/Dia-Mundial-del-Glaucoma-IGSS-2019-1-768x512.jpg 768w, \/wp-content\/uploads\/sites\/5\/2019\/03\/Dia-Mundial-del-Glaucoma-IGSS-2019-1-696x464.jpg 696w, \/wp-content\/uploads\/sites\/5\/2019\/03\/Dia-Mundial-del-Glaucoma-IGSS-2019-1-534x356.jpg 534w, \/wp-content\/uploads\/sites\/5\/2019\/03\/Dia-Mundial-del-Glaucoma-IGSS-2019-1.jpg 900w\" sizes=\"(max-width: 630px) 100vw, 630px\" alt=\"\">\r\n                            <\/a>\r\n                            \r\n                        <\/figure>\r\n                    <\/div>\r\n                    <div class = \"td-slide-item td-item4\">\r\n                        <figure class=\"td-slide-galery-figure td-slide-popup-gallery\">\r\n                            <a class=\"slide-gallery-image-link\" href=\"\/wp-content\/uploads\/sites\/5\/2019\/03\/Dia-Mundial-del-Glaucoma-IGSS-2019-4.jpg\" title=\"Dia Mundial del Glaucoma IGSS 2019-4\"  data-caption=\"\"  data-description=\"\">\r\n                                <img decoding=\"async\" src=\"\/wp-content\/uploads\/sites\/5\/2019\/03\/Dia-Mundial-del-Glaucoma-IGSS-2019-4-630x420.jpg\" srcset=\"\/wp-content\/uploads\/sites\/5\/2019\/03\/Dia-Mundial-del-Glaucoma-IGSS-2019-4-630x420.jpg 630w, \/wp-content\/uploads\/sites\/5\/2019\/03\/Dia-Mundial-del-Glaucoma-IGSS-2019-4-300x200.jpg 300w, \/wp-content\/uploads\/sites\/5\/2019\/03\/Dia-Mundial-del-Glaucoma-IGSS-2019-4-768x512.jpg 768w, \/wp-content\/uploads\/sites\/5\/2019\/03\/Dia-Mundial-del-Glaucoma-IGSS-2019-4-696x464.jpg 696w, \/wp-content\/uploads\/sites\/5\/2019\/03\/Dia-Mundial-del-Glaucoma-IGSS-2019-4-534x356.jpg 534w, \/wp-content\/uploads\/sites\/5\/2019\/03\/Dia-Mundial-del-Glaucoma-IGSS-2019-4.jpg 900w\" sizes=\"(max-width: 630px) 100vw, 630px\" alt=\"\">\r\n                            <\/a>\r\n                            \r\n                        <\/figure>\r\n                    <\/div>\r\n                    <div class = \"td-slide-item td-item5\">\r\n                        <figure class=\"td-slide-galery-figure td-slide-popup-gallery\">\r\n                            <a class=\"slide-gallery-image-link\" href=\"\/wp-content\/uploads\/sites\/5\/2019\/03\/Dia-Mundial-del-Glaucoma-IGSS-2019-5.jpg\" title=\"Dia Mundial del Glaucoma IGSS 2019-5\"  data-caption=\"\"  data-description=\"\">\r\n                                <img decoding=\"async\" src=\"\/wp-content\/uploads\/sites\/5\/2019\/03\/Dia-Mundial-del-Glaucoma-IGSS-2019-5-630x420.jpg\" srcset=\"\/wp-content\/uploads\/sites\/5\/2019\/03\/Dia-Mundial-del-Glaucoma-IGSS-2019-5-630x420.jpg 630w, \/wp-content\/uploads\/sites\/5\/2019\/03\/Dia-Mundial-del-Glaucoma-IGSS-2019-5-300x200.jpg 300w, \/wp-content\/uploads\/sites\/5\/2019\/03\/Dia-Mundial-del-Glaucoma-IGSS-2019-5-768x512.jpg 768w, \/wp-content\/uploads\/sites\/5\/2019\/03\/Dia-Mundial-del-Glaucoma-IGSS-2019-5-696x464.jpg 696w, \/wp-content\/uploads\/sites\/5\/2019\/03\/Dia-Mundial-del-Glaucoma-IGSS-2019-5-534x356.jpg 534w, \/wp-content\/uploads\/sites\/5\/2019\/03\/Dia-Mundial-del-Glaucoma-IGSS-2019-5.jpg 900w\" sizes=\"(max-width: 630px) 100vw, 630px\" alt=\"\">\r\n                            <\/a>\r\n                            \r\n                        <\/figure>\r\n                    <\/div>\r\n                    <div class = \"td-slide-item td-item6\">\r\n                        <figure class=\"td-slide-galery-figure td-slide-popup-gallery\">\r\n                            <a class=\"slide-gallery-image-link\" href=\"\/wp-content\/uploads\/sites\/5\/2019\/03\/Dia-Mundial-del-Glaucoma-IGSS-2019-7.jpg\" title=\"Dia Mundial del Glaucoma IGSS 2019-7\"  data-caption=\"\"  data-description=\"\">\r\n                                <img decoding=\"async\" src=\"\/wp-content\/uploads\/sites\/5\/2019\/03\/Dia-Mundial-del-Glaucoma-IGSS-2019-7-630x420.jpg\" srcset=\"\/wp-content\/uploads\/sites\/5\/2019\/03\/Dia-Mundial-del-Glaucoma-IGSS-2019-7-630x420.jpg 630w, \/wp-content\/uploads\/sites\/5\/2019\/03\/Dia-Mundial-del-Glaucoma-IGSS-2019-7-300x200.jpg 300w, \/wp-content\/uploads\/sites\/5\/2019\/03\/Dia-Mundial-del-Glaucoma-IGSS-2019-7-768x512.jpg 768w, \/wp-content\/uploads\/sites\/5\/2019\/03\/Dia-Mundial-del-Glaucoma-IGSS-2019-7-696x464.jpg 696w, \/wp-content\/uploads\/sites\/5\/2019\/03\/Dia-Mundial-del-Glaucoma-IGSS-2019-7-534x356.jpg 534w, \/wp-content\/uploads\/sites\/5\/2019\/03\/Dia-Mundial-del-Glaucoma-IGSS-2019-7.jpg 900w\" sizes=\"(max-width: 630px) 100vw, 630px\" alt=\"\">\r\n                            <\/a>\r\n                            \r\n                        <\/figure>\r\n                    <\/div>\r\n                    <div class = \"td-slide-item td-item7\">\r\n                        <figure class=\"td-slide-galery-figure td-slide-popup-gallery\">\r\n                            <a class=\"slide-gallery-image-link\" href=\"\/wp-content\/uploads\/sites\/5\/2019\/03\/Dia-Mundial-del-Glaucoma-IGSS-2019-8.jpg\" title=\"Dia Mundial del Glaucoma IGSS 2019-8\"  data-caption=\"\"  data-description=\"\">\r\n                                <img decoding=\"async\" src=\"\/wp-content\/uploads\/sites\/5\/2019\/03\/Dia-Mundial-del-Glaucoma-IGSS-2019-8-630x420.jpg\" srcset=\"\/wp-content\/uploads\/sites\/5\/2019\/03\/Dia-Mundial-del-Glaucoma-IGSS-2019-8-630x420.jpg 630w, \/wp-content\/uploads\/sites\/5\/2019\/03\/Dia-Mundial-del-Glaucoma-IGSS-2019-8-300x200.jpg 300w, \/wp-content\/uploads\/sites\/5\/2019\/03\/Dia-Mundial-del-Glaucoma-IGSS-2019-8-768x512.jpg 768w, \/wp-content\/uploads\/sites\/5\/2019\/03\/Dia-Mundial-del-Glaucoma-IGSS-2019-8-696x464.jpg 696w, \/wp-content\/uploads\/sites\/5\/2019\/03\/Dia-Mundial-del-Glaucoma-IGSS-2019-8-534x356.jpg 534w, \/wp-content\/uploads\/sites\/5\/2019\/03\/Dia-Mundial-del-Glaucoma-IGSS-2019-8.jpg 900w\" sizes=\"(max-width: 630px) 100vw, 630px\" alt=\"\">\r\n                            <\/a>\r\n                            \r\n                        <\/figure>\r\n                    <\/div>\r\n                    <div class = \"td-slide-item td-item8\">\r\n                        <figure class=\"td-slide-galery-figure td-slide-popup-gallery\">\r\n                            <a class=\"slide-gallery-image-link\" href=\"\/wp-content\/uploads\/sites\/5\/2019\/03\/Dia-Mundial-del-Glaucoma-IGSS-2019-9.jpg\" title=\"Dia Mundial del Glaucoma IGSS 2019-9\"  data-caption=\"\"  data-description=\"\">\r\n                                <img decoding=\"async\" src=\"\/wp-content\/uploads\/sites\/5\/2019\/03\/Dia-Mundial-del-Glaucoma-IGSS-2019-9-630x420.jpg\" srcset=\"\/wp-content\/uploads\/sites\/5\/2019\/03\/Dia-Mundial-del-Glaucoma-IGSS-2019-9-630x420.jpg 630w, \/wp-content\/uploads\/sites\/5\/2019\/03\/Dia-Mundial-del-Glaucoma-IGSS-2019-9-300x200.jpg 300w, \/wp-content\/uploads\/sites\/5\/2019\/03\/Dia-Mundial-del-Glaucoma-IGSS-2019-9-768x512.jpg 768w, \/wp-content\/uploads\/sites\/5\/2019\/03\/Dia-Mundial-del-Glaucoma-IGSS-2019-9-696x464.jpg 696w, \/wp-content\/uploads\/sites\/5\/2019\/03\/Dia-Mundial-del-Glaucoma-IGSS-2019-9-534x356.jpg 534w, \/wp-content\/uploads\/sites\/5\/2019\/03\/Dia-Mundial-del-Glaucoma-IGSS-2019-9.jpg 900w\" sizes=\"(max-width: 630px) 100vw, 630px\" alt=\"\">\r\n                            <\/a>\r\n                            \r\n                        <\/figure>\r\n                    <\/div>\r\n                            <\/div>\r\n                        <\/div>\r\n\r\n                        <div class = \"td-doubleSlider-2\">\r\n                            <div class = \"td-slider\">\r\n                                \r\n                    <div class = \"td-button td-item1\">\r\n                        <div class = \"td-border\"><\/div>\r\n                    <\/div>\r\n                    <div class = \"td-button td-item2\">\r\n                        <div class = \"td-border\"><\/div>\r\n                    <\/div>\r\n                    <div class = \"td-button td-item3\">\r\n                        <div class = \"td-border\"><\/div>\r\n                    <\/div>\r\n                    <div class = \"td-button td-item4\">\r\n                        <div class = \"td-border\"><\/div>\r\n                    <\/div>\r\n                    <div class = \"td-button td-item5\">\r\n                        <div class = \"td-border\"><\/div>\r\n                    <\/div>\r\n                    <div class = \"td-button td-item6\">\r\n                        <div class = \"td-border\"><\/div>\r\n                    <\/div>\r\n                    <div class = \"td-button td-item7\">\r\n                        <div class = \"td-border\"><\/div>\r\n                    <\/div>\r\n                    <div class = \"td-button td-item8\">\r\n                        <div class = \"td-border\"><\/div>\r\n                    <\/div>\r\n                            <\/div>\r\n                        <\/div>\r\n\r\n                    <\/div>\r\n\r\n                <\/div>\r\n                \n<hr \/>\n<p>&nbsp;<\/p>\n","protected":false},"excerpt":{"rendered":"<p>El 12 de marzo, D\u00eda Mundial del Glaucoma, fue nombrado as\u00ed con el objetivo de concientizar sobre la importancia de la detecci\u00f3n temprana de este padecimiento que es una de las causas de segura prevenible. \u201cEn los Estados Unidos m\u00e1s de 120 mil personas son ciegas a causa del glaucoma y esta enfermedad es la [&hellip;]<\/p>\n","protected":false},"author":4,"featured_media":9028,"comment_status":"open","ping_status":"open","sticky":false,"template":"","format":"standard","meta":{"footnotes":""},"categories":[3,29,36],"tags":[454,480,490],"coauthors":[],"class_list":{"0":"post-9019","1":"post","2":"type-post","3":"status-publish","4":"format-standard","5":"has-post-thumbnail","7":"category-actualidad","8":"category-publicaciones","9":"category-unidades-medicas","10":"tag-glaucoma","11":"tag-hospital-general-de-accidentes-ceibal","12":"tag-igss"},"_links":{"self":[{"href":"https:\/\/www.igssgt.org\/noticias\/wp-json\/wp\/v2\/posts\/9019","targetHints":{"allow":["GET"]}}],"collection":[{"href":"https:\/\/www.igssgt.org\/noticias\/wp-json\/wp\/v2\/posts"}],"about":[{"href":"https:\/\/www.igssgt.org\/noticias\/wp-json\/wp\/v2\/types\/post"}],"author":[{"embeddable":true,"href":"https:\/\/www.igssgt.org\/noticias\/wp-json\/wp\/v2\/users\/4"}],"replies":[{"embeddable":true,"href":"https:\/\/www.igssgt.org\/noticias\/wp-json\/wp\/v2\/comments?post=9019"}],"version-history":[{"count":0,"href":"https:\/\/www.igssgt.org\/noticias\/wp-json\/wp\/v2\/posts\/9019\/revisions"}],"wp:featuredmedia":[{"embeddable":true,"href":"https:\/\/www.igssgt.org\/noticias\/wp-json\/wp\/v2\/media\/9028"}],"wp:attachment":[{"href":"https:\/\/www.igssgt.org\/noticias\/wp-json\/wp\/v2\/media?parent=9019"}],"wp:term":[{"taxonomy":"category","embeddable":true,"href":"https:\/\/www.igssgt.org\/noticias\/wp-json\/wp\/v2\/categories?post=9019"},{"taxonomy":"post_tag","embeddable":true,"href":"https:\/\/www.igssgt.org\/noticias\/wp-json\/wp\/v2\/tags?post=9019"},{"taxonomy":"author","embeddable":true,"href":"https:\/\/www.igssgt.org\/noticias\/wp-json\/wp\/v2\/coauthors?post=9019"}],"curies":[{"name":"wp","href":"https:\/\/api.w.org\/{rel}","templated":true}]}}