{"id":9063,"date":"2019-03-15T11:30:56","date_gmt":"2019-03-15T17:30:56","guid":{"rendered":"http:\/\/noticias.igssgt.org\/?p=9063"},"modified":"2019-03-15T11:30:56","modified_gmt":"2019-03-15T17:30:56","slug":"pacientes-del-camip-realizan-caminata","status":"publish","type":"post","link":"https:\/\/www.igssgt.org\/noticias\/2019\/03\/15\/pacientes-del-camip-realizan-caminata\/","title":{"rendered":"Pacientes del CAMIP realizan caminata"},"content":{"rendered":"<p>Un total de 85 pacientes que se benefician con los servicios del Centro de Atenci\u00f3n M\u00e9dica Integral para Pensionados (CAMIP) Barranquilla, zona 5, participaron en una caminata y otras actividades recreativas, como parte de la Pol\u00edtica Preventiva de la Seguridad Social en su primer eje, la Promoci\u00f3n de la Salud y Prevenci\u00f3n de la Enfermedad, inform\u00f3 la licenciada Rosaura Paz, trabajadora social de este centro.<\/p>\n<p>El grupo de pensionados sali\u00f3 de la sede de esta unidad con destino al Campo Marte, donde realizaron algunas actividades f\u00edsicas y recreativas, lo que fue una sana convivencia entre el grupo, explic\u00f3 la licenciada Paz.<\/p>\n<p>Los participantes efectuaron ejercicios como aer\u00f3bicos, gimnasia, tai chi, carreras de relevos, salto al arco y adem\u00e1s fue compitieron en un concurso de baile.<\/p>\n\r\n                <style type=\"text\/css\">\r\n                    \r\n                    #tdi_1  .td-doubleSlider-2 .td-item1 {\r\n                        background: url(\/wp-content\/uploads\/sites\/5\/2019\/03\/Caminata-CAMIP-barranquilla-zona-5-2019-1-80x60.jpg) 0 0 no-repeat;\r\n                    }\r\n                    #tdi_1  .td-doubleSlider-2 .td-item2 {\r\n                        background: url(\/wp-content\/uploads\/sites\/5\/2019\/03\/Caminata-CAMIP-barranquilla-zona-5-2019-2-80x60.jpg) 0 0 no-repeat;\r\n                    }\r\n                    #tdi_1  .td-doubleSlider-2 .td-item3 {\r\n                        background: url(\/wp-content\/uploads\/sites\/5\/2019\/03\/Caminata-CAMIP-barranquilla-zona-5-2019-3-80x60.jpg) 0 0 no-repeat;\r\n                    }\r\n                    #tdi_1  .td-doubleSlider-2 .td-item4 {\r\n                        background: url(\/wp-content\/uploads\/sites\/5\/2019\/03\/Caminata-CAMIP-barranquilla-zona-5-2019-4-80x60.jpg) 0 0 no-repeat;\r\n                    }\r\n                    #tdi_1  .td-doubleSlider-2 .td-item5 {\r\n                        background: url(\/wp-content\/uploads\/sites\/5\/2019\/03\/Caminata-CAMIP-barranquilla-zona-5-2019-5-80x60.jpg) 0 0 no-repeat;\r\n                    }\r\n                    #tdi_1  .td-doubleSlider-2 .td-item6 {\r\n                        background: url(\/wp-content\/uploads\/sites\/5\/2019\/03\/Caminata-CAMIP-barranquilla-zona-5-2019-6-80x60.jpg) 0 0 no-repeat;\r\n                    }\r\n                    #tdi_1  .td-doubleSlider-2 .td-item7 {\r\n                        background: url(\/wp-content\/uploads\/sites\/5\/2019\/03\/Caminata-CAMIP-barranquilla-zona-5-2019-7-80x60.jpg) 0 0 no-repeat;\r\n                    }\r\n                    #tdi_1  .td-doubleSlider-2 .td-item8 {\r\n                        background: url(\/wp-content\/uploads\/sites\/5\/2019\/03\/Caminata-CAMIP-barranquilla-zona-5-2019-8-80x60.jpg) 0 0 no-repeat;\r\n                    }\r\n                    #tdi_1  .td-doubleSlider-2 .td-item9 {\r\n                        background: url(\/wp-content\/uploads\/sites\/5\/2019\/03\/Caminata-CAMIP-barranquilla-zona-5-2019-9-80x60.jpg) 0 0 no-repeat;\r\n                    }\r\n                <\/style>\r\n\r\n                <div id=\"tdi_1\" class=\"td-gallery td-slide-on-2-columns\">\r\n                    <div class=\"post_td_gallery\">\r\n                        <div class=\"td-gallery-slide-top\">\r\n                           <div class=\"td-gallery-title\">Galer\u00eda de Im\u00e1genes<\/div>\r\n\r\n                            <div class=\"td-gallery-controls-wrapper\">\r\n                                <div class=\"td-gallery-slide-count\"><span class=\"td-gallery-slide-item-focus\">1<\/span> de 9<\/div>\r\n                                <div class=\"td-gallery-slide-prev-next-but\">\r\n                                    <i class = \"td-icon-left doubleSliderPrevButton\"><\/i>\r\n                                    <i class = \"td-icon-right doubleSliderNextButton\"><\/i>\r\n                                <\/div>\r\n                            <\/div>\r\n                        <\/div>\r\n\r\n                        <div class = \"td-doubleSlider-1 \">\r\n                            <div class = \"td-slider\">\r\n                                \r\n                    <div class = \"td-slide-item td-item1\">\r\n                        <figure class=\"td-slide-galery-figure td-slide-popup-gallery\">\r\n                            <a class=\"slide-gallery-image-link\" href=\"\/wp-content\/uploads\/sites\/5\/2019\/03\/Caminata-CAMIP-barranquilla-zona-5-2019-1.jpg\" title=\"Caminata CAMIP barranquilla zona 5 2019-1\"  data-caption=\"\"  data-description=\"\">\r\n                                <img decoding=\"async\" src=\"\/wp-content\/uploads\/sites\/5\/2019\/03\/Caminata-CAMIP-barranquilla-zona-5-2019-1-756x420.jpg\" srcset=\"\/wp-content\/uploads\/sites\/5\/2019\/03\/Caminata-CAMIP-barranquilla-zona-5-2019-1-756x420.jpg 756w, \/wp-content\/uploads\/sites\/5\/2019\/03\/Caminata-CAMIP-barranquilla-zona-5-2019-1-300x167.jpg 300w, \/wp-content\/uploads\/sites\/5\/2019\/03\/Caminata-CAMIP-barranquilla-zona-5-2019-1-768x427.jpg 768w, \/wp-content\/uploads\/sites\/5\/2019\/03\/Caminata-CAMIP-barranquilla-zona-5-2019-1-1024x569.jpg 1024w, \/wp-content\/uploads\/sites\/5\/2019\/03\/Caminata-CAMIP-barranquilla-zona-5-2019-1-696x387.jpg 696w, \/wp-content\/uploads\/sites\/5\/2019\/03\/Caminata-CAMIP-barranquilla-zona-5-2019-1-1068x593.jpg 1068w, \/wp-content\/uploads\/sites\/5\/2019\/03\/Caminata-CAMIP-barranquilla-zona-5-2019-1-534x297.jpg 534w, \/wp-content\/uploads\/sites\/5\/2019\/03\/Caminata-CAMIP-barranquilla-zona-5-2019-1.jpg 1280w\" sizes=\"(max-width: 756px) 100vw, 756px\" alt=\"\">\r\n                            <\/a>\r\n                            \r\n                        <\/figure>\r\n                    <\/div>\r\n                    <div class = \"td-slide-item td-item2\">\r\n                        <figure class=\"td-slide-galery-figure td-slide-popup-gallery\">\r\n                            <a class=\"slide-gallery-image-link\" href=\"\/wp-content\/uploads\/sites\/5\/2019\/03\/Caminata-CAMIP-barranquilla-zona-5-2019-2.jpg\" title=\"Caminata CAMIP barranquilla zona 5 2019-2\"  data-caption=\"\"  data-description=\"\">\r\n                                <img decoding=\"async\" src=\"\/wp-content\/uploads\/sites\/5\/2019\/03\/Caminata-CAMIP-barranquilla-zona-5-2019-2-756x420.jpg\" srcset=\"\/wp-content\/uploads\/sites\/5\/2019\/03\/Caminata-CAMIP-barranquilla-zona-5-2019-2-756x420.jpg 756w, \/wp-content\/uploads\/sites\/5\/2019\/03\/Caminata-CAMIP-barranquilla-zona-5-2019-2-300x167.jpg 300w, \/wp-content\/uploads\/sites\/5\/2019\/03\/Caminata-CAMIP-barranquilla-zona-5-2019-2-768x427.jpg 768w, \/wp-content\/uploads\/sites\/5\/2019\/03\/Caminata-CAMIP-barranquilla-zona-5-2019-2-1024x569.jpg 1024w, \/wp-content\/uploads\/sites\/5\/2019\/03\/Caminata-CAMIP-barranquilla-zona-5-2019-2-696x387.jpg 696w, \/wp-content\/uploads\/sites\/5\/2019\/03\/Caminata-CAMIP-barranquilla-zona-5-2019-2-1068x593.jpg 1068w, \/wp-content\/uploads\/sites\/5\/2019\/03\/Caminata-CAMIP-barranquilla-zona-5-2019-2-534x297.jpg 534w, \/wp-content\/uploads\/sites\/5\/2019\/03\/Caminata-CAMIP-barranquilla-zona-5-2019-2.jpg 1280w\" sizes=\"(max-width: 756px) 100vw, 756px\" alt=\"\">\r\n                            <\/a>\r\n                            \r\n                        <\/figure>\r\n                    <\/div>\r\n                    <div class = \"td-slide-item td-item3\">\r\n                        <figure class=\"td-slide-galery-figure td-slide-popup-gallery\">\r\n                            <a class=\"slide-gallery-image-link\" href=\"\/wp-content\/uploads\/sites\/5\/2019\/03\/Caminata-CAMIP-barranquilla-zona-5-2019-3.jpg\" title=\"Caminata CAMIP barranquilla zona 5 2019-3\"  data-caption=\"\"  data-description=\"\">\r\n                                <img decoding=\"async\" src=\"\/wp-content\/uploads\/sites\/5\/2019\/03\/Caminata-CAMIP-barranquilla-zona-5-2019-3-756x420.jpg\" srcset=\"\/wp-content\/uploads\/sites\/5\/2019\/03\/Caminata-CAMIP-barranquilla-zona-5-2019-3-756x420.jpg 756w, \/wp-content\/uploads\/sites\/5\/2019\/03\/Caminata-CAMIP-barranquilla-zona-5-2019-3-300x167.jpg 300w, \/wp-content\/uploads\/sites\/5\/2019\/03\/Caminata-CAMIP-barranquilla-zona-5-2019-3-768x427.jpg 768w, \/wp-content\/uploads\/sites\/5\/2019\/03\/Caminata-CAMIP-barranquilla-zona-5-2019-3-1024x569.jpg 1024w, \/wp-content\/uploads\/sites\/5\/2019\/03\/Caminata-CAMIP-barranquilla-zona-5-2019-3-696x387.jpg 696w, \/wp-content\/uploads\/sites\/5\/2019\/03\/Caminata-CAMIP-barranquilla-zona-5-2019-3-1068x593.jpg 1068w, \/wp-content\/uploads\/sites\/5\/2019\/03\/Caminata-CAMIP-barranquilla-zona-5-2019-3-534x297.jpg 534w, \/wp-content\/uploads\/sites\/5\/2019\/03\/Caminata-CAMIP-barranquilla-zona-5-2019-3.jpg 1280w\" sizes=\"(max-width: 756px) 100vw, 756px\" alt=\"\">\r\n                            <\/a>\r\n                            \r\n                        <\/figure>\r\n                    <\/div>\r\n                    <div class = \"td-slide-item td-item4\">\r\n                        <figure class=\"td-slide-galery-figure td-slide-popup-gallery\">\r\n                            <a class=\"slide-gallery-image-link\" href=\"\/wp-content\/uploads\/sites\/5\/2019\/03\/Caminata-CAMIP-barranquilla-zona-5-2019-4.jpg\" title=\"Caminata CAMIP barranquilla zona 5 2019-4\"  data-caption=\"\"  data-description=\"\">\r\n                                <img decoding=\"async\" src=\"\/wp-content\/uploads\/sites\/5\/2019\/03\/Caminata-CAMIP-barranquilla-zona-5-2019-4-756x420.jpg\" srcset=\"\/wp-content\/uploads\/sites\/5\/2019\/03\/Caminata-CAMIP-barranquilla-zona-5-2019-4-756x420.jpg 756w, \/wp-content\/uploads\/sites\/5\/2019\/03\/Caminata-CAMIP-barranquilla-zona-5-2019-4-300x167.jpg 300w, \/wp-content\/uploads\/sites\/5\/2019\/03\/Caminata-CAMIP-barranquilla-zona-5-2019-4-768x427.jpg 768w, \/wp-content\/uploads\/sites\/5\/2019\/03\/Caminata-CAMIP-barranquilla-zona-5-2019-4-1024x569.jpg 1024w, \/wp-content\/uploads\/sites\/5\/2019\/03\/Caminata-CAMIP-barranquilla-zona-5-2019-4-696x387.jpg 696w, \/wp-content\/uploads\/sites\/5\/2019\/03\/Caminata-CAMIP-barranquilla-zona-5-2019-4-1068x593.jpg 1068w, \/wp-content\/uploads\/sites\/5\/2019\/03\/Caminata-CAMIP-barranquilla-zona-5-2019-4-534x297.jpg 534w, \/wp-content\/uploads\/sites\/5\/2019\/03\/Caminata-CAMIP-barranquilla-zona-5-2019-4.jpg 1280w\" sizes=\"(max-width: 756px) 100vw, 756px\" alt=\"\">\r\n                            <\/a>\r\n                            \r\n                        <\/figure>\r\n                    <\/div>\r\n                    <div class = \"td-slide-item td-item5\">\r\n                        <figure class=\"td-slide-galery-figure td-slide-popup-gallery\">\r\n                            <a class=\"slide-gallery-image-link\" href=\"\/wp-content\/uploads\/sites\/5\/2019\/03\/Caminata-CAMIP-barranquilla-zona-5-2019-5.jpg\" title=\"Caminata CAMIP barranquilla zona 5 2019-5\"  data-caption=\"\"  data-description=\"\">\r\n                                <img decoding=\"async\" src=\"\/wp-content\/uploads\/sites\/5\/2019\/03\/Caminata-CAMIP-barranquilla-zona-5-2019-5-756x420.jpg\" srcset=\"\/wp-content\/uploads\/sites\/5\/2019\/03\/Caminata-CAMIP-barranquilla-zona-5-2019-5-756x420.jpg 756w, \/wp-content\/uploads\/sites\/5\/2019\/03\/Caminata-CAMIP-barranquilla-zona-5-2019-5-300x167.jpg 300w, \/wp-content\/uploads\/sites\/5\/2019\/03\/Caminata-CAMIP-barranquilla-zona-5-2019-5-768x427.jpg 768w, \/wp-content\/uploads\/sites\/5\/2019\/03\/Caminata-CAMIP-barranquilla-zona-5-2019-5-1024x569.jpg 1024w, \/wp-content\/uploads\/sites\/5\/2019\/03\/Caminata-CAMIP-barranquilla-zona-5-2019-5-696x387.jpg 696w, \/wp-content\/uploads\/sites\/5\/2019\/03\/Caminata-CAMIP-barranquilla-zona-5-2019-5-1068x593.jpg 1068w, \/wp-content\/uploads\/sites\/5\/2019\/03\/Caminata-CAMIP-barranquilla-zona-5-2019-5-534x297.jpg 534w, \/wp-content\/uploads\/sites\/5\/2019\/03\/Caminata-CAMIP-barranquilla-zona-5-2019-5.jpg 1280w\" sizes=\"(max-width: 756px) 100vw, 756px\" alt=\"\">\r\n                            <\/a>\r\n                            \r\n                        <\/figure>\r\n                    <\/div>\r\n                    <div class = \"td-slide-item td-item6\">\r\n                        <figure class=\"td-slide-galery-figure td-slide-popup-gallery\">\r\n                            <a class=\"slide-gallery-image-link\" href=\"\/wp-content\/uploads\/sites\/5\/2019\/03\/Caminata-CAMIP-barranquilla-zona-5-2019-6.jpg\" title=\"Caminata CAMIP barranquilla zona 5 2019-6\"  data-caption=\"\"  data-description=\"\">\r\n                                <img decoding=\"async\" src=\"\/wp-content\/uploads\/sites\/5\/2019\/03\/Caminata-CAMIP-barranquilla-zona-5-2019-6-756x420.jpg\" srcset=\"\/wp-content\/uploads\/sites\/5\/2019\/03\/Caminata-CAMIP-barranquilla-zona-5-2019-6-756x420.jpg 756w, \/wp-content\/uploads\/sites\/5\/2019\/03\/Caminata-CAMIP-barranquilla-zona-5-2019-6-300x167.jpg 300w, \/wp-content\/uploads\/sites\/5\/2019\/03\/Caminata-CAMIP-barranquilla-zona-5-2019-6-768x427.jpg 768w, \/wp-content\/uploads\/sites\/5\/2019\/03\/Caminata-CAMIP-barranquilla-zona-5-2019-6-1024x569.jpg 1024w, \/wp-content\/uploads\/sites\/5\/2019\/03\/Caminata-CAMIP-barranquilla-zona-5-2019-6-696x387.jpg 696w, \/wp-content\/uploads\/sites\/5\/2019\/03\/Caminata-CAMIP-barranquilla-zona-5-2019-6-1068x593.jpg 1068w, \/wp-content\/uploads\/sites\/5\/2019\/03\/Caminata-CAMIP-barranquilla-zona-5-2019-6-534x297.jpg 534w, \/wp-content\/uploads\/sites\/5\/2019\/03\/Caminata-CAMIP-barranquilla-zona-5-2019-6.jpg 1280w\" sizes=\"(max-width: 756px) 100vw, 756px\" alt=\"\">\r\n                            <\/a>\r\n                            \r\n                        <\/figure>\r\n                    <\/div>\r\n                    <div class = \"td-slide-item td-item7\">\r\n                        <figure class=\"td-slide-galery-figure td-slide-popup-gallery\">\r\n                            <a class=\"slide-gallery-image-link\" href=\"\/wp-content\/uploads\/sites\/5\/2019\/03\/Caminata-CAMIP-barranquilla-zona-5-2019-7.jpg\" title=\"Caminata CAMIP barranquilla zona 5 2019-7\"  data-caption=\"\"  data-description=\"\">\r\n                                <img decoding=\"async\" src=\"\/wp-content\/uploads\/sites\/5\/2019\/03\/Caminata-CAMIP-barranquilla-zona-5-2019-7-562x420.jpg\" srcset=\"\/wp-content\/uploads\/sites\/5\/2019\/03\/Caminata-CAMIP-barranquilla-zona-5-2019-7-562x420.jpg 562w, \/wp-content\/uploads\/sites\/5\/2019\/03\/Caminata-CAMIP-barranquilla-zona-5-2019-7-300x224.jpg 300w, \/wp-content\/uploads\/sites\/5\/2019\/03\/Caminata-CAMIP-barranquilla-zona-5-2019-7-768x574.jpg 768w, \/wp-content\/uploads\/sites\/5\/2019\/03\/Caminata-CAMIP-barranquilla-zona-5-2019-7-1024x766.jpg 1024w, \/wp-content\/uploads\/sites\/5\/2019\/03\/Caminata-CAMIP-barranquilla-zona-5-2019-7-80x60.jpg 80w, \/wp-content\/uploads\/sites\/5\/2019\/03\/Caminata-CAMIP-barranquilla-zona-5-2019-7-696x520.jpg 696w, \/wp-content\/uploads\/sites\/5\/2019\/03\/Caminata-CAMIP-barranquilla-zona-5-2019-7-1068x798.jpg 1068w, \/wp-content\/uploads\/sites\/5\/2019\/03\/Caminata-CAMIP-barranquilla-zona-5-2019-7-265x198.jpg 265w, \/wp-content\/uploads\/sites\/5\/2019\/03\/Caminata-CAMIP-barranquilla-zona-5-2019-7-534x399.jpg 534w, \/wp-content\/uploads\/sites\/5\/2019\/03\/Caminata-CAMIP-barranquilla-zona-5-2019-7.jpg 1280w\" sizes=\"(max-width: 562px) 100vw, 562px\" alt=\"\">\r\n                            <\/a>\r\n                            \r\n                        <\/figure>\r\n                    <\/div>\r\n                    <div class = \"td-slide-item td-item8\">\r\n                        <figure class=\"td-slide-galery-figure td-slide-popup-gallery\">\r\n                            <a class=\"slide-gallery-image-link\" href=\"\/wp-content\/uploads\/sites\/5\/2019\/03\/Caminata-CAMIP-barranquilla-zona-5-2019-8.jpg\" title=\"Caminata CAMIP barranquilla zona 5 2019-8\"  data-caption=\"\"  data-description=\"\">\r\n                                <img decoding=\"async\" src=\"\/wp-content\/uploads\/sites\/5\/2019\/03\/Caminata-CAMIP-barranquilla-zona-5-2019-8-756x420.jpg\" srcset=\"\/wp-content\/uploads\/sites\/5\/2019\/03\/Caminata-CAMIP-barranquilla-zona-5-2019-8-756x420.jpg 756w, \/wp-content\/uploads\/sites\/5\/2019\/03\/Caminata-CAMIP-barranquilla-zona-5-2019-8-300x167.jpg 300w, \/wp-content\/uploads\/sites\/5\/2019\/03\/Caminata-CAMIP-barranquilla-zona-5-2019-8-768x427.jpg 768w, \/wp-content\/uploads\/sites\/5\/2019\/03\/Caminata-CAMIP-barranquilla-zona-5-2019-8-1024x569.jpg 1024w, \/wp-content\/uploads\/sites\/5\/2019\/03\/Caminata-CAMIP-barranquilla-zona-5-2019-8-696x387.jpg 696w, \/wp-content\/uploads\/sites\/5\/2019\/03\/Caminata-CAMIP-barranquilla-zona-5-2019-8-1068x593.jpg 1068w, \/wp-content\/uploads\/sites\/5\/2019\/03\/Caminata-CAMIP-barranquilla-zona-5-2019-8-534x297.jpg 534w, \/wp-content\/uploads\/sites\/5\/2019\/03\/Caminata-CAMIP-barranquilla-zona-5-2019-8.jpg 1280w\" sizes=\"(max-width: 756px) 100vw, 756px\" alt=\"\">\r\n                            <\/a>\r\n                            \r\n                        <\/figure>\r\n                    <\/div>\r\n                    <div class = \"td-slide-item td-item9\">\r\n                        <figure class=\"td-slide-galery-figure td-slide-popup-gallery\">\r\n                            <a class=\"slide-gallery-image-link\" href=\"\/wp-content\/uploads\/sites\/5\/2019\/03\/Caminata-CAMIP-barranquilla-zona-5-2019-9.jpg\" title=\"Caminata CAMIP barranquilla zona 5 2019-9\"  data-caption=\"\"  data-description=\"\">\r\n                                <img decoding=\"async\" src=\"\/wp-content\/uploads\/sites\/5\/2019\/03\/Caminata-CAMIP-barranquilla-zona-5-2019-9-756x420.jpg\" srcset=\"\/wp-content\/uploads\/sites\/5\/2019\/03\/Caminata-CAMIP-barranquilla-zona-5-2019-9-756x420.jpg 756w, \/wp-content\/uploads\/sites\/5\/2019\/03\/Caminata-CAMIP-barranquilla-zona-5-2019-9-300x167.jpg 300w, \/wp-content\/uploads\/sites\/5\/2019\/03\/Caminata-CAMIP-barranquilla-zona-5-2019-9-768x427.jpg 768w, \/wp-content\/uploads\/sites\/5\/2019\/03\/Caminata-CAMIP-barranquilla-zona-5-2019-9-1024x569.jpg 1024w, \/wp-content\/uploads\/sites\/5\/2019\/03\/Caminata-CAMIP-barranquilla-zona-5-2019-9-696x387.jpg 696w, \/wp-content\/uploads\/sites\/5\/2019\/03\/Caminata-CAMIP-barranquilla-zona-5-2019-9-1068x593.jpg 1068w, \/wp-content\/uploads\/sites\/5\/2019\/03\/Caminata-CAMIP-barranquilla-zona-5-2019-9-534x297.jpg 534w, \/wp-content\/uploads\/sites\/5\/2019\/03\/Caminata-CAMIP-barranquilla-zona-5-2019-9.jpg 1280w\" sizes=\"(max-width: 756px) 100vw, 756px\" alt=\"\">\r\n                            <\/a>\r\n                            \r\n                        <\/figure>\r\n                    <\/div>\r\n                            <\/div>\r\n                        <\/div>\r\n\r\n                        <div class = \"td-doubleSlider-2\">\r\n                            <div class = \"td-slider\">\r\n                                \r\n                    <div class = \"td-button td-item1\">\r\n                        <div class = \"td-border\"><\/div>\r\n                    <\/div>\r\n                    <div class = \"td-button td-item2\">\r\n                        <div class = \"td-border\"><\/div>\r\n                    <\/div>\r\n                    <div class = \"td-button td-item3\">\r\n                        <div class = \"td-border\"><\/div>\r\n                    <\/div>\r\n                    <div class = \"td-button td-item4\">\r\n                        <div class = \"td-border\"><\/div>\r\n                    <\/div>\r\n                    <div class = \"td-button td-item5\">\r\n                        <div class = \"td-border\"><\/div>\r\n                    <\/div>\r\n                    <div class = \"td-button td-item6\">\r\n                        <div class = \"td-border\"><\/div>\r\n                    <\/div>\r\n                    <div class = \"td-button td-item7\">\r\n                        <div class = \"td-border\"><\/div>\r\n                    <\/div>\r\n                    <div class = \"td-button td-item8\">\r\n                        <div class = \"td-border\"><\/div>\r\n                    <\/div>\r\n                    <div class = \"td-button td-item9\">\r\n                        <div class = \"td-border\"><\/div>\r\n                    <\/div>\r\n                            <\/div>\r\n                        <\/div>\r\n\r\n                    <\/div>\r\n\r\n                <\/div>\r\n                \n<hr \/>\n<p>&nbsp;<\/p>\n","protected":false},"excerpt":{"rendered":"<p>Un total de 85 pacientes que se benefician con los servicios del Centro de Atenci\u00f3n M\u00e9dica Integral para Pensionados (CAMIP) Barranquilla, zona 5, participaron en una caminata y otras actividades recreativas, como parte de la Pol\u00edtica Preventiva de la Seguridad Social en su primer eje, la Promoci\u00f3n de la Salud y Prevenci\u00f3n de la Enfermedad, [&hellip;]<\/p>\n","protected":false},"author":4,"featured_media":9077,"comment_status":"open","ping_status":"open","sticky":false,"template":"","format":"standard","meta":{"footnotes":""},"categories":[3,8,20,25,29,36],"tags":[148,490],"coauthors":[],"class_list":{"0":"post-9063","1":"post","2":"type-post","3":"status-publish","4":"format-standard","5":"has-post-thumbnail","7":"category-actualidad","8":"category-camip","9":"category-jubilados","10":"category-pensionados","11":"category-publicaciones","12":"category-unidades-medicas","13":"tag-camip-barranquilla","14":"tag-igss"},"_links":{"self":[{"href":"https:\/\/www.igssgt.org\/noticias\/wp-json\/wp\/v2\/posts\/9063","targetHints":{"allow":["GET"]}}],"collection":[{"href":"https:\/\/www.igssgt.org\/noticias\/wp-json\/wp\/v2\/posts"}],"about":[{"href":"https:\/\/www.igssgt.org\/noticias\/wp-json\/wp\/v2\/types\/post"}],"author":[{"embeddable":true,"href":"https:\/\/www.igssgt.org\/noticias\/wp-json\/wp\/v2\/users\/4"}],"replies":[{"embeddable":true,"href":"https:\/\/www.igssgt.org\/noticias\/wp-json\/wp\/v2\/comments?post=9063"}],"version-history":[{"count":0,"href":"https:\/\/www.igssgt.org\/noticias\/wp-json\/wp\/v2\/posts\/9063\/revisions"}],"wp:featuredmedia":[{"embeddable":true,"href":"https:\/\/www.igssgt.org\/noticias\/wp-json\/wp\/v2\/media\/9077"}],"wp:attachment":[{"href":"https:\/\/www.igssgt.org\/noticias\/wp-json\/wp\/v2\/media?parent=9063"}],"wp:term":[{"taxonomy":"category","embeddable":true,"href":"https:\/\/www.igssgt.org\/noticias\/wp-json\/wp\/v2\/categories?post=9063"},{"taxonomy":"post_tag","embeddable":true,"href":"https:\/\/www.igssgt.org\/noticias\/wp-json\/wp\/v2\/tags?post=9063"},{"taxonomy":"author","embeddable":true,"href":"https:\/\/www.igssgt.org\/noticias\/wp-json\/wp\/v2\/coauthors?post=9063"}],"curies":[{"name":"wp","href":"https:\/\/api.w.org\/{rel}","templated":true}]}}