{"id":9148,"date":"2019-03-21T09:53:34","date_gmt":"2019-03-21T15:53:34","guid":{"rendered":"http:\/\/noticias.igssgt.org\/?p=9148"},"modified":"2019-03-21T09:53:34","modified_gmt":"2019-03-21T15:53:34","slug":"ninos-con-sindrome-de-down-reciben-terapia-especializada-en-el-igss","status":"publish","type":"post","link":"https:\/\/www.igssgt.org\/noticias\/2019\/03\/21\/ninos-con-sindrome-de-down-reciben-terapia-especializada-en-el-igss\/","title":{"rendered":"Ni\u00f1os con s\u00edndrome de Down reciben terapia especializada en el IGSS"},"content":{"rendered":"<p>El IGSS se une a la conmemoraci\u00f3n del D\u00eda Mundial del S\u00edndrome de Down, la cual fue designada por la Asamblea General de las Naciones Unidas para cada 21 de marzo, desde 2012. El Seguro Social se caracteriza por ser la instituci\u00f3n pionera en brindar un servicio completo para la rehabilitaci\u00f3n de los ni\u00f1os con este padecimiento, apoy\u00e1ndolos en su desarrollo psicol\u00f3gico, terapia del lenguaje y entorno social.<\/p>\n<p>\u201cUnos 60 ni\u00f1os con s\u00edndrome de Down reciben terapia especializada seg\u00fan sus necesidades, desde su nacimiento hasta sus 15 a\u00f1os de edad (porque son menores que tienen cobertura especial por su padecimiento cong\u00e9nito), indica Catalina G\u00e1lvez, terapista de lenguaje del \u00e1rea de rehabilitaci\u00f3n pedi\u00e1trica del IGSS.<\/p>\n<p>La profesional explic\u00f3 que este s\u00edndrome es una condici\u00f3n cromos\u00f3mica humana que en ocasiones tiene efectos variables en los estilos de aprendizaje, caracter\u00edsticas f\u00edsicas o en la salud, por ello es importante brindar la atenci\u00f3n de manera oportuna en salud, terapias y ense\u00f1anza inclusiva, ya que son fundamentales para su desarrollo.<\/p>\n<p>El tratamiento es impartido por un equipo multidisciplinario del Hospital de Rehabilitaci\u00f3n, en el que participan especialistas en estimulaci\u00f3n temprana (ayudan al ni\u00f1o en su madurez), psicolog\u00eda (brinda apoyo emocional a los padres y los motiva a estimular a sus ni\u00f1os en casa) y terapia del lenguaje (capacita a los padres para realizar t\u00e9cnicas con sus ni\u00f1os para el fortalecimiento de los m\u00fasculos a nivel oral).<\/p>\n<blockquote class=\"twitter-tweet\">\n<p dir=\"ltr\" lang=\"es\">La Licda. Catalina G\u00e1lvez, encargada del \u00e1rea de Terapia del Lenguaje de Rehabilitaci\u00f3n Pedi\u00e1trica del <a href=\"https:\/\/twitter.com\/hashtag\/IGSS?src=hash&amp;ref_src=twsrc%5Etfw\">#IGSS<\/a>, habla sobre el servicio especializado queque se brinda a los pacientes son S\u00edndrome de Down en el <a href=\"https:\/\/twitter.com\/hashtag\/SeguroSocial?src=hash&amp;ref_src=twsrc%5Etfw\">#SeguroSocial<\/a> <a href=\"https:\/\/twitter.com\/hashtag\/DiaMundialDelSindromeDeDown?src=hash&amp;ref_src=twsrc%5Etfw\">#DiaMundialDelSindromeDeDown<\/a> <a href=\"https:\/\/twitter.com\/hashtag\/SindromeDeDown?src=hash&amp;ref_src=twsrc%5Etfw\">#SindromeDeDown<\/a> <a href=\"https:\/\/t.co\/nd8ZijYpMC\">pic.twitter.com\/nd8ZijYpMC<\/a><\/p>\n<p>\u2014 Noticias IGSS (@Noticias_IGSS) <a href=\"https:\/\/twitter.com\/Noticias_IGSS\/status\/1108777979541377024?ref_src=twsrc%5Etfw\">March 21, 2019<\/a><\/p><\/blockquote>\n<p>Las terapias se desarrollan de forma individual o grupal, en el primer caso se adecuan dependiendo de las necesidades del ni\u00f1o y sus padres, de lunes a viernes dentro del horario de 8 de la ma\u00f1ana a 4 de la tarde, y en forma conjunta los lunes a las 11 de la ma\u00f1ana, per\u00edodo que ayuda a analizar si el ni\u00f1o ha avanzado socialmente en cuanto a comunicaci\u00f3n o si es necesario hacer \u00e9nfasis en determinada \u00e1rea del tratamiento.<\/p>\n<p>\u201cNos sentimos muy contentos de poder ayudar a los ni\u00f1os que tienen esta alteraci\u00f3n cromos\u00f3mica y a sus padres. Somos una unidad de referencia a la que son trasladados los ni\u00f1os que necesitan atenci\u00f3n multidisciplinaria en el \u00e1rea de rehabilitaci\u00f3n pedi\u00e1trica\u201d, explic\u00f3 la profesional.<\/p>\n\r\n                <style type=\"text\/css\">\r\n                    \r\n                    #tdi_1  .td-doubleSlider-2 .td-item1 {\r\n                        background: url(\/wp-content\/uploads\/sites\/5\/2019\/03\/Dia-mundial-del-sindrome-de-down-IGSS-Guatemala-2019-4-80x60.jpg) 0 0 no-repeat;\r\n                    }\r\n                    #tdi_1  .td-doubleSlider-2 .td-item2 {\r\n                        background: url(\/wp-content\/uploads\/sites\/5\/2019\/03\/Dia-mundial-del-sindrome-de-down-IGSS-Guatemala-2019-2-80x60.jpg) 0 0 no-repeat;\r\n                    }\r\n                    #tdi_1  .td-doubleSlider-2 .td-item3 {\r\n                        background: url(\/wp-content\/uploads\/sites\/5\/2019\/03\/Dia-mundial-del-sindrome-de-down-IGSS-Guatemala-2019-3-80x60.jpg) 0 0 no-repeat;\r\n                    }\r\n                    #tdi_1  .td-doubleSlider-2 .td-item4 {\r\n                        background: url(\/wp-content\/uploads\/sites\/5\/2019\/03\/Dia-mundial-del-sindrome-de-down-IGSS-Guatemala-2019-1-80x60.jpg) 0 0 no-repeat;\r\n                    }\r\n                    #tdi_1  .td-doubleSlider-2 .td-item5 {\r\n                        background: url(\/wp-content\/uploads\/sites\/5\/2019\/03\/Dia-mundial-del-sindrome-de-down-IGSS-Guatemala-2019-5-80x60.jpg) 0 0 no-repeat;\r\n                    }\r\n                    #tdi_1  .td-doubleSlider-2 .td-item6 {\r\n                        background: url(\/wp-content\/uploads\/sites\/5\/2019\/03\/Dia-mundial-del-sindrome-de-down-IGSS-Guatemala-2019-6-80x60.jpg) 0 0 no-repeat;\r\n                    }\r\n                    #tdi_1  .td-doubleSlider-2 .td-item7 {\r\n                        background: url(\/wp-content\/uploads\/sites\/5\/2019\/03\/Dia-mundial-del-sindrome-de-down-IGSS-Guatemala-2019-7-80x60.jpg) 0 0 no-repeat;\r\n                    }\r\n                    #tdi_1  .td-doubleSlider-2 .td-item8 {\r\n                        background: url(\/wp-content\/uploads\/sites\/5\/2019\/03\/Dia-mundial-del-sindrome-de-down-IGSS-Guatemala-2019-8-80x60.jpg) 0 0 no-repeat;\r\n                    }\r\n                    #tdi_1  .td-doubleSlider-2 .td-item9 {\r\n                        background: url(\/wp-content\/uploads\/sites\/5\/2019\/03\/Dia-mundial-del-sindrome-de-down-IGSS-Guatemala-2019-9-80x60.jpg) 0 0 no-repeat;\r\n                    }\r\n                    #tdi_1  .td-doubleSlider-2 .td-item10 {\r\n                        background: url(\/wp-content\/uploads\/sites\/5\/2019\/03\/Dia-mundial-del-sindrome-de-down-IGSS-Guatemala-2019-10-80x60.jpg) 0 0 no-repeat;\r\n                    }\r\n                    #tdi_1  .td-doubleSlider-2 .td-item11 {\r\n                        background: url(\/wp-content\/uploads\/sites\/5\/2019\/03\/Dia-mundial-del-sindrome-de-down-IGSS-Guatemala-2019-11-80x60.jpg) 0 0 no-repeat;\r\n                    }\r\n                <\/style>\r\n\r\n                <div id=\"tdi_1\" class=\"td-gallery td-slide-on-2-columns\">\r\n                    <div class=\"post_td_gallery\">\r\n                        <div class=\"td-gallery-slide-top\">\r\n                           <div class=\"td-gallery-title\">Galer\u00eda de Im\u00e1genes<\/div>\r\n\r\n                            <div class=\"td-gallery-controls-wrapper\">\r\n                                <div class=\"td-gallery-slide-count\"><span class=\"td-gallery-slide-item-focus\">1<\/span> de 11<\/div>\r\n                                <div class=\"td-gallery-slide-prev-next-but\">\r\n                                    <i class = \"td-icon-left doubleSliderPrevButton\"><\/i>\r\n                                    <i class = \"td-icon-right doubleSliderNextButton\"><\/i>\r\n                                <\/div>\r\n                            <\/div>\r\n                        <\/div>\r\n\r\n                        <div class = \"td-doubleSlider-1 \">\r\n                            <div class = \"td-slider\">\r\n                                \r\n                    <div class = \"td-slide-item td-item1\">\r\n                        <figure class=\"td-slide-galery-figure td-slide-popup-gallery\">\r\n                            <a class=\"slide-gallery-image-link\" href=\"\/wp-content\/uploads\/sites\/5\/2019\/03\/Dia-mundial-del-sindrome-de-down-IGSS-Guatemala-2019-4.jpg\" title=\"Dia mundial del sindrome de down IGSS Guatemala 2019-4\"  data-caption=\"\"  data-description=\"\">\r\n                                <img decoding=\"async\" src=\"\/wp-content\/uploads\/sites\/5\/2019\/03\/Dia-mundial-del-sindrome-de-down-IGSS-Guatemala-2019-4-630x420.jpg\" srcset=\"\/wp-content\/uploads\/sites\/5\/2019\/03\/Dia-mundial-del-sindrome-de-down-IGSS-Guatemala-2019-4-630x420.jpg 630w, \/wp-content\/uploads\/sites\/5\/2019\/03\/Dia-mundial-del-sindrome-de-down-IGSS-Guatemala-2019-4-1536x1024.jpg 1536w, \/wp-content\/uploads\/sites\/5\/2019\/03\/Dia-mundial-del-sindrome-de-down-IGSS-Guatemala-2019-4-300x200.jpg 300w, \/wp-content\/uploads\/sites\/5\/2019\/03\/Dia-mundial-del-sindrome-de-down-IGSS-Guatemala-2019-4-768x512.jpg 768w, \/wp-content\/uploads\/sites\/5\/2019\/03\/Dia-mundial-del-sindrome-de-down-IGSS-Guatemala-2019-4-1024x682.jpg 1024w, \/wp-content\/uploads\/sites\/5\/2019\/03\/Dia-mundial-del-sindrome-de-down-IGSS-Guatemala-2019-4-696x464.jpg 696w, \/wp-content\/uploads\/sites\/5\/2019\/03\/Dia-mundial-del-sindrome-de-down-IGSS-Guatemala-2019-4-1068x712.jpg 1068w, \/wp-content\/uploads\/sites\/5\/2019\/03\/Dia-mundial-del-sindrome-de-down-IGSS-Guatemala-2019-4-534x356.jpg 534w, \/wp-content\/uploads\/sites\/5\/2019\/03\/Dia-mundial-del-sindrome-de-down-IGSS-Guatemala-2019-4-1920x1280.jpg 1920w, \/wp-content\/uploads\/sites\/5\/2019\/03\/Dia-mundial-del-sindrome-de-down-IGSS-Guatemala-2019-4.jpg 2000w\" sizes=\"(max-width: 630px) 100vw, 630px\" alt=\"\">\r\n                            <\/a>\r\n                            \r\n                        <\/figure>\r\n                    <\/div>\r\n                    <div class = \"td-slide-item td-item2\">\r\n                        <figure class=\"td-slide-galery-figure td-slide-popup-gallery\">\r\n                            <a class=\"slide-gallery-image-link\" href=\"\/wp-content\/uploads\/sites\/5\/2019\/03\/Dia-mundial-del-sindrome-de-down-IGSS-Guatemala-2019-2.jpg\" title=\"Dia mundial del sindrome de down IGSS Guatemala 2019-2\"  data-caption=\"\"  data-description=\"\">\r\n                                <img decoding=\"async\" src=\"\/wp-content\/uploads\/sites\/5\/2019\/03\/Dia-mundial-del-sindrome-de-down-IGSS-Guatemala-2019-2-630x420.jpg\" srcset=\"\/wp-content\/uploads\/sites\/5\/2019\/03\/Dia-mundial-del-sindrome-de-down-IGSS-Guatemala-2019-2-630x420.jpg 630w, \/wp-content\/uploads\/sites\/5\/2019\/03\/Dia-mundial-del-sindrome-de-down-IGSS-Guatemala-2019-2-1536x1024.jpg 1536w, \/wp-content\/uploads\/sites\/5\/2019\/03\/Dia-mundial-del-sindrome-de-down-IGSS-Guatemala-2019-2-300x200.jpg 300w, \/wp-content\/uploads\/sites\/5\/2019\/03\/Dia-mundial-del-sindrome-de-down-IGSS-Guatemala-2019-2-768x512.jpg 768w, \/wp-content\/uploads\/sites\/5\/2019\/03\/Dia-mundial-del-sindrome-de-down-IGSS-Guatemala-2019-2-1024x682.jpg 1024w, \/wp-content\/uploads\/sites\/5\/2019\/03\/Dia-mundial-del-sindrome-de-down-IGSS-Guatemala-2019-2-696x464.jpg 696w, \/wp-content\/uploads\/sites\/5\/2019\/03\/Dia-mundial-del-sindrome-de-down-IGSS-Guatemala-2019-2-1068x712.jpg 1068w, \/wp-content\/uploads\/sites\/5\/2019\/03\/Dia-mundial-del-sindrome-de-down-IGSS-Guatemala-2019-2-534x356.jpg 534w, \/wp-content\/uploads\/sites\/5\/2019\/03\/Dia-mundial-del-sindrome-de-down-IGSS-Guatemala-2019-2-1920x1280.jpg 1920w, \/wp-content\/uploads\/sites\/5\/2019\/03\/Dia-mundial-del-sindrome-de-down-IGSS-Guatemala-2019-2.jpg 2000w\" sizes=\"(max-width: 630px) 100vw, 630px\" alt=\"\">\r\n                            <\/a>\r\n                            \r\n                        <\/figure>\r\n                    <\/div>\r\n                    <div class = \"td-slide-item td-item3\">\r\n                        <figure class=\"td-slide-galery-figure td-slide-popup-gallery\">\r\n                            <a class=\"slide-gallery-image-link\" href=\"\/wp-content\/uploads\/sites\/5\/2019\/03\/Dia-mundial-del-sindrome-de-down-IGSS-Guatemala-2019-3.jpg\" title=\"Dia mundial del sindrome de down IGSS Guatemala 2019-3\"  data-caption=\"\"  data-description=\"\">\r\n                                <img decoding=\"async\" src=\"\/wp-content\/uploads\/sites\/5\/2019\/03\/Dia-mundial-del-sindrome-de-down-IGSS-Guatemala-2019-3-630x420.jpg\" srcset=\"\/wp-content\/uploads\/sites\/5\/2019\/03\/Dia-mundial-del-sindrome-de-down-IGSS-Guatemala-2019-3-630x420.jpg 630w, \/wp-content\/uploads\/sites\/5\/2019\/03\/Dia-mundial-del-sindrome-de-down-IGSS-Guatemala-2019-3-1536x1024.jpg 1536w, \/wp-content\/uploads\/sites\/5\/2019\/03\/Dia-mundial-del-sindrome-de-down-IGSS-Guatemala-2019-3-300x200.jpg 300w, \/wp-content\/uploads\/sites\/5\/2019\/03\/Dia-mundial-del-sindrome-de-down-IGSS-Guatemala-2019-3-768x512.jpg 768w, \/wp-content\/uploads\/sites\/5\/2019\/03\/Dia-mundial-del-sindrome-de-down-IGSS-Guatemala-2019-3-1024x682.jpg 1024w, \/wp-content\/uploads\/sites\/5\/2019\/03\/Dia-mundial-del-sindrome-de-down-IGSS-Guatemala-2019-3-696x464.jpg 696w, \/wp-content\/uploads\/sites\/5\/2019\/03\/Dia-mundial-del-sindrome-de-down-IGSS-Guatemala-2019-3-1068x712.jpg 1068w, \/wp-content\/uploads\/sites\/5\/2019\/03\/Dia-mundial-del-sindrome-de-down-IGSS-Guatemala-2019-3-534x356.jpg 534w, \/wp-content\/uploads\/sites\/5\/2019\/03\/Dia-mundial-del-sindrome-de-down-IGSS-Guatemala-2019-3-1920x1280.jpg 1920w, \/wp-content\/uploads\/sites\/5\/2019\/03\/Dia-mundial-del-sindrome-de-down-IGSS-Guatemala-2019-3.jpg 2000w\" sizes=\"(max-width: 630px) 100vw, 630px\" alt=\"\">\r\n                            <\/a>\r\n                            \r\n                        <\/figure>\r\n                    <\/div>\r\n                    <div class = \"td-slide-item td-item4\">\r\n                        <figure class=\"td-slide-galery-figure td-slide-popup-gallery\">\r\n                            <a class=\"slide-gallery-image-link\" href=\"\/wp-content\/uploads\/sites\/5\/2019\/03\/Dia-mundial-del-sindrome-de-down-IGSS-Guatemala-2019-1.jpg\" title=\"Dia mundial del sindrome de down IGSS Guatemala 2019-1\"  data-caption=\"\"  data-description=\"\">\r\n                                <img decoding=\"async\" src=\"\/wp-content\/uploads\/sites\/5\/2019\/03\/Dia-mundial-del-sindrome-de-down-IGSS-Guatemala-2019-1-529x420.jpg\" srcset=\"\/wp-content\/uploads\/sites\/5\/2019\/03\/Dia-mundial-del-sindrome-de-down-IGSS-Guatemala-2019-1-529x420.jpg 529w, \/wp-content\/uploads\/sites\/5\/2019\/03\/Dia-mundial-del-sindrome-de-down-IGSS-Guatemala-2019-1-1536x1220.jpg 1536w, \/wp-content\/uploads\/sites\/5\/2019\/03\/Dia-mundial-del-sindrome-de-down-IGSS-Guatemala-2019-1-300x238.jpg 300w, \/wp-content\/uploads\/sites\/5\/2019\/03\/Dia-mundial-del-sindrome-de-down-IGSS-Guatemala-2019-1-768x610.jpg 768w, \/wp-content\/uploads\/sites\/5\/2019\/03\/Dia-mundial-del-sindrome-de-down-IGSS-Guatemala-2019-1-1024x813.jpg 1024w, \/wp-content\/uploads\/sites\/5\/2019\/03\/Dia-mundial-del-sindrome-de-down-IGSS-Guatemala-2019-1-696x553.jpg 696w, \/wp-content\/uploads\/sites\/5\/2019\/03\/Dia-mundial-del-sindrome-de-down-IGSS-Guatemala-2019-1-1068x848.jpg 1068w, \/wp-content\/uploads\/sites\/5\/2019\/03\/Dia-mundial-del-sindrome-de-down-IGSS-Guatemala-2019-1-534x424.jpg 534w, \/wp-content\/uploads\/sites\/5\/2019\/03\/Dia-mundial-del-sindrome-de-down-IGSS-Guatemala-2019-1.jpg 2000w\" sizes=\"(max-width: 529px) 100vw, 529px\" alt=\"\">\r\n                            <\/a>\r\n                            \r\n                        <\/figure>\r\n                    <\/div>\r\n                    <div class = \"td-slide-item td-item5\">\r\n                        <figure class=\"td-slide-galery-figure td-slide-popup-gallery\">\r\n                            <a class=\"slide-gallery-image-link\" href=\"\/wp-content\/uploads\/sites\/5\/2019\/03\/Dia-mundial-del-sindrome-de-down-IGSS-Guatemala-2019-5.jpg\" title=\"Dia mundial del sindrome de down IGSS Guatemala 2019-5\"  data-caption=\"\"  data-description=\"\">\r\n                                <img decoding=\"async\" src=\"\/wp-content\/uploads\/sites\/5\/2019\/03\/Dia-mundial-del-sindrome-de-down-IGSS-Guatemala-2019-5-280x420.jpg\" srcset=\"\/wp-content\/uploads\/sites\/5\/2019\/03\/Dia-mundial-del-sindrome-de-down-IGSS-Guatemala-2019-5-280x420.jpg 280w, \/wp-content\/uploads\/sites\/5\/2019\/03\/Dia-mundial-del-sindrome-de-down-IGSS-Guatemala-2019-5-1024x1536.jpg 1024w, \/wp-content\/uploads\/sites\/5\/2019\/03\/Dia-mundial-del-sindrome-de-down-IGSS-Guatemala-2019-5-1366x2048.jpg 1366w, \/wp-content\/uploads\/sites\/5\/2019\/03\/Dia-mundial-del-sindrome-de-down-IGSS-Guatemala-2019-5-200x300.jpg 200w, \/wp-content\/uploads\/sites\/5\/2019\/03\/Dia-mundial-del-sindrome-de-down-IGSS-Guatemala-2019-5-768x1152.jpg 768w, \/wp-content\/uploads\/sites\/5\/2019\/03\/Dia-mundial-del-sindrome-de-down-IGSS-Guatemala-2019-5-683x1024.jpg 683w, \/wp-content\/uploads\/sites\/5\/2019\/03\/Dia-mundial-del-sindrome-de-down-IGSS-Guatemala-2019-5-696x1044.jpg 696w, \/wp-content\/uploads\/sites\/5\/2019\/03\/Dia-mundial-del-sindrome-de-down-IGSS-Guatemala-2019-5-1068x1602.jpg 1068w, \/wp-content\/uploads\/sites\/5\/2019\/03\/Dia-mundial-del-sindrome-de-down-IGSS-Guatemala-2019-5-308x462.jpg 308w, \/wp-content\/uploads\/sites\/5\/2019\/03\/Dia-mundial-del-sindrome-de-down-IGSS-Guatemala-2019-5.jpg 1667w\" sizes=\"(max-width: 280px) 100vw, 280px\" alt=\"\">\r\n                            <\/a>\r\n                            \r\n                        <\/figure>\r\n                    <\/div>\r\n                    <div class = \"td-slide-item td-item6\">\r\n                        <figure class=\"td-slide-galery-figure td-slide-popup-gallery\">\r\n                            <a class=\"slide-gallery-image-link\" href=\"\/wp-content\/uploads\/sites\/5\/2019\/03\/Dia-mundial-del-sindrome-de-down-IGSS-Guatemala-2019-6.jpg\" title=\"Dia mundial del sindrome de down IGSS Guatemala 2019-6\"  data-caption=\"\"  data-description=\"\">\r\n                                <img decoding=\"async\" src=\"\/wp-content\/uploads\/sites\/5\/2019\/03\/Dia-mundial-del-sindrome-de-down-IGSS-Guatemala-2019-6-280x420.jpg\" srcset=\"\/wp-content\/uploads\/sites\/5\/2019\/03\/Dia-mundial-del-sindrome-de-down-IGSS-Guatemala-2019-6-280x420.jpg 280w, \/wp-content\/uploads\/sites\/5\/2019\/03\/Dia-mundial-del-sindrome-de-down-IGSS-Guatemala-2019-6-1024x1536.jpg 1024w, \/wp-content\/uploads\/sites\/5\/2019\/03\/Dia-mundial-del-sindrome-de-down-IGSS-Guatemala-2019-6-1366x2048.jpg 1366w, \/wp-content\/uploads\/sites\/5\/2019\/03\/Dia-mundial-del-sindrome-de-down-IGSS-Guatemala-2019-6-200x300.jpg 200w, \/wp-content\/uploads\/sites\/5\/2019\/03\/Dia-mundial-del-sindrome-de-down-IGSS-Guatemala-2019-6-768x1152.jpg 768w, \/wp-content\/uploads\/sites\/5\/2019\/03\/Dia-mundial-del-sindrome-de-down-IGSS-Guatemala-2019-6-683x1024.jpg 683w, \/wp-content\/uploads\/sites\/5\/2019\/03\/Dia-mundial-del-sindrome-de-down-IGSS-Guatemala-2019-6-696x1044.jpg 696w, \/wp-content\/uploads\/sites\/5\/2019\/03\/Dia-mundial-del-sindrome-de-down-IGSS-Guatemala-2019-6-1068x1602.jpg 1068w, \/wp-content\/uploads\/sites\/5\/2019\/03\/Dia-mundial-del-sindrome-de-down-IGSS-Guatemala-2019-6-308x462.jpg 308w, \/wp-content\/uploads\/sites\/5\/2019\/03\/Dia-mundial-del-sindrome-de-down-IGSS-Guatemala-2019-6.jpg 1667w\" sizes=\"(max-width: 280px) 100vw, 280px\" alt=\"\">\r\n                            <\/a>\r\n                            \r\n                        <\/figure>\r\n                    <\/div>\r\n                    <div class = \"td-slide-item td-item7\">\r\n                        <figure class=\"td-slide-galery-figure td-slide-popup-gallery\">\r\n                            <a class=\"slide-gallery-image-link\" href=\"\/wp-content\/uploads\/sites\/5\/2019\/03\/Dia-mundial-del-sindrome-de-down-IGSS-Guatemala-2019-7.jpg\" title=\"Dia mundial del sindrome de down IGSS Guatemala 2019-7\"  data-caption=\"\"  data-description=\"\">\r\n                                <img decoding=\"async\" src=\"\/wp-content\/uploads\/sites\/5\/2019\/03\/Dia-mundial-del-sindrome-de-down-IGSS-Guatemala-2019-7-280x420.jpg\" srcset=\"\/wp-content\/uploads\/sites\/5\/2019\/03\/Dia-mundial-del-sindrome-de-down-IGSS-Guatemala-2019-7-280x420.jpg 280w, \/wp-content\/uploads\/sites\/5\/2019\/03\/Dia-mundial-del-sindrome-de-down-IGSS-Guatemala-2019-7-1024x1536.jpg 1024w, \/wp-content\/uploads\/sites\/5\/2019\/03\/Dia-mundial-del-sindrome-de-down-IGSS-Guatemala-2019-7-1366x2048.jpg 1366w, \/wp-content\/uploads\/sites\/5\/2019\/03\/Dia-mundial-del-sindrome-de-down-IGSS-Guatemala-2019-7-200x300.jpg 200w, \/wp-content\/uploads\/sites\/5\/2019\/03\/Dia-mundial-del-sindrome-de-down-IGSS-Guatemala-2019-7-768x1152.jpg 768w, \/wp-content\/uploads\/sites\/5\/2019\/03\/Dia-mundial-del-sindrome-de-down-IGSS-Guatemala-2019-7-683x1024.jpg 683w, \/wp-content\/uploads\/sites\/5\/2019\/03\/Dia-mundial-del-sindrome-de-down-IGSS-Guatemala-2019-7-696x1044.jpg 696w, \/wp-content\/uploads\/sites\/5\/2019\/03\/Dia-mundial-del-sindrome-de-down-IGSS-Guatemala-2019-7-1068x1602.jpg 1068w, \/wp-content\/uploads\/sites\/5\/2019\/03\/Dia-mundial-del-sindrome-de-down-IGSS-Guatemala-2019-7-308x462.jpg 308w, \/wp-content\/uploads\/sites\/5\/2019\/03\/Dia-mundial-del-sindrome-de-down-IGSS-Guatemala-2019-7.jpg 1667w\" sizes=\"(max-width: 280px) 100vw, 280px\" alt=\"\">\r\n                            <\/a>\r\n                            \r\n                        <\/figure>\r\n                    <\/div>\r\n                    <div class = \"td-slide-item td-item8\">\r\n                        <figure class=\"td-slide-galery-figure td-slide-popup-gallery\">\r\n                            <a class=\"slide-gallery-image-link\" href=\"\/wp-content\/uploads\/sites\/5\/2019\/03\/Dia-mundial-del-sindrome-de-down-IGSS-Guatemala-2019-8.jpg\" title=\"Dia mundial del sindrome de down IGSS Guatemala 2019-8\"  data-caption=\"\"  data-description=\"\">\r\n                                <img decoding=\"async\" src=\"\/wp-content\/uploads\/sites\/5\/2019\/03\/Dia-mundial-del-sindrome-de-down-IGSS-Guatemala-2019-8-630x420.jpg\" srcset=\"\/wp-content\/uploads\/sites\/5\/2019\/03\/Dia-mundial-del-sindrome-de-down-IGSS-Guatemala-2019-8-630x420.jpg 630w, \/wp-content\/uploads\/sites\/5\/2019\/03\/Dia-mundial-del-sindrome-de-down-IGSS-Guatemala-2019-8-1536x1024.jpg 1536w, \/wp-content\/uploads\/sites\/5\/2019\/03\/Dia-mundial-del-sindrome-de-down-IGSS-Guatemala-2019-8-300x200.jpg 300w, \/wp-content\/uploads\/sites\/5\/2019\/03\/Dia-mundial-del-sindrome-de-down-IGSS-Guatemala-2019-8-768x512.jpg 768w, \/wp-content\/uploads\/sites\/5\/2019\/03\/Dia-mundial-del-sindrome-de-down-IGSS-Guatemala-2019-8-1024x682.jpg 1024w, \/wp-content\/uploads\/sites\/5\/2019\/03\/Dia-mundial-del-sindrome-de-down-IGSS-Guatemala-2019-8-696x464.jpg 696w, \/wp-content\/uploads\/sites\/5\/2019\/03\/Dia-mundial-del-sindrome-de-down-IGSS-Guatemala-2019-8-1068x712.jpg 1068w, \/wp-content\/uploads\/sites\/5\/2019\/03\/Dia-mundial-del-sindrome-de-down-IGSS-Guatemala-2019-8-534x356.jpg 534w, \/wp-content\/uploads\/sites\/5\/2019\/03\/Dia-mundial-del-sindrome-de-down-IGSS-Guatemala-2019-8-1920x1280.jpg 1920w, \/wp-content\/uploads\/sites\/5\/2019\/03\/Dia-mundial-del-sindrome-de-down-IGSS-Guatemala-2019-8.jpg 2000w\" sizes=\"(max-width: 630px) 100vw, 630px\" alt=\"\">\r\n                            <\/a>\r\n                            \r\n                        <\/figure>\r\n                    <\/div>\r\n                    <div class = \"td-slide-item td-item9\">\r\n                        <figure class=\"td-slide-galery-figure td-slide-popup-gallery\">\r\n                            <a class=\"slide-gallery-image-link\" href=\"\/wp-content\/uploads\/sites\/5\/2019\/03\/Dia-mundial-del-sindrome-de-down-IGSS-Guatemala-2019-9.jpg\" title=\"Dia mundial del sindrome de down IGSS Guatemala 2019-9\"  data-caption=\"\"  data-description=\"\">\r\n                                <img decoding=\"async\" src=\"\/wp-content\/uploads\/sites\/5\/2019\/03\/Dia-mundial-del-sindrome-de-down-IGSS-Guatemala-2019-9-280x420.jpg\" srcset=\"\/wp-content\/uploads\/sites\/5\/2019\/03\/Dia-mundial-del-sindrome-de-down-IGSS-Guatemala-2019-9-280x420.jpg 280w, \/wp-content\/uploads\/sites\/5\/2019\/03\/Dia-mundial-del-sindrome-de-down-IGSS-Guatemala-2019-9-1024x1536.jpg 1024w, \/wp-content\/uploads\/sites\/5\/2019\/03\/Dia-mundial-del-sindrome-de-down-IGSS-Guatemala-2019-9-1366x2048.jpg 1366w, \/wp-content\/uploads\/sites\/5\/2019\/03\/Dia-mundial-del-sindrome-de-down-IGSS-Guatemala-2019-9-200x300.jpg 200w, \/wp-content\/uploads\/sites\/5\/2019\/03\/Dia-mundial-del-sindrome-de-down-IGSS-Guatemala-2019-9-768x1152.jpg 768w, \/wp-content\/uploads\/sites\/5\/2019\/03\/Dia-mundial-del-sindrome-de-down-IGSS-Guatemala-2019-9-683x1024.jpg 683w, \/wp-content\/uploads\/sites\/5\/2019\/03\/Dia-mundial-del-sindrome-de-down-IGSS-Guatemala-2019-9-696x1044.jpg 696w, \/wp-content\/uploads\/sites\/5\/2019\/03\/Dia-mundial-del-sindrome-de-down-IGSS-Guatemala-2019-9-1068x1602.jpg 1068w, \/wp-content\/uploads\/sites\/5\/2019\/03\/Dia-mundial-del-sindrome-de-down-IGSS-Guatemala-2019-9-308x462.jpg 308w, \/wp-content\/uploads\/sites\/5\/2019\/03\/Dia-mundial-del-sindrome-de-down-IGSS-Guatemala-2019-9.jpg 1667w\" sizes=\"(max-width: 280px) 100vw, 280px\" alt=\"\">\r\n                            <\/a>\r\n                            \r\n                        <\/figure>\r\n                    <\/div>\r\n                    <div class = \"td-slide-item td-item10\">\r\n                        <figure class=\"td-slide-galery-figure td-slide-popup-gallery\">\r\n                            <a class=\"slide-gallery-image-link\" href=\"\/wp-content\/uploads\/sites\/5\/2019\/03\/Dia-mundial-del-sindrome-de-down-IGSS-Guatemala-2019-10.jpg\" title=\"Dia mundial del sindrome de down IGSS Guatemala 2019-10\"  data-caption=\"\"  data-description=\"\">\r\n                                <img decoding=\"async\" src=\"\/wp-content\/uploads\/sites\/5\/2019\/03\/Dia-mundial-del-sindrome-de-down-IGSS-Guatemala-2019-10-630x420.jpg\" srcset=\"\/wp-content\/uploads\/sites\/5\/2019\/03\/Dia-mundial-del-sindrome-de-down-IGSS-Guatemala-2019-10-630x420.jpg 630w, \/wp-content\/uploads\/sites\/5\/2019\/03\/Dia-mundial-del-sindrome-de-down-IGSS-Guatemala-2019-10-1536x1024.jpg 1536w, \/wp-content\/uploads\/sites\/5\/2019\/03\/Dia-mundial-del-sindrome-de-down-IGSS-Guatemala-2019-10-300x200.jpg 300w, \/wp-content\/uploads\/sites\/5\/2019\/03\/Dia-mundial-del-sindrome-de-down-IGSS-Guatemala-2019-10-768x512.jpg 768w, \/wp-content\/uploads\/sites\/5\/2019\/03\/Dia-mundial-del-sindrome-de-down-IGSS-Guatemala-2019-10-1024x682.jpg 1024w, \/wp-content\/uploads\/sites\/5\/2019\/03\/Dia-mundial-del-sindrome-de-down-IGSS-Guatemala-2019-10-696x464.jpg 696w, \/wp-content\/uploads\/sites\/5\/2019\/03\/Dia-mundial-del-sindrome-de-down-IGSS-Guatemala-2019-10-1068x712.jpg 1068w, \/wp-content\/uploads\/sites\/5\/2019\/03\/Dia-mundial-del-sindrome-de-down-IGSS-Guatemala-2019-10-534x356.jpg 534w, \/wp-content\/uploads\/sites\/5\/2019\/03\/Dia-mundial-del-sindrome-de-down-IGSS-Guatemala-2019-10-1920x1280.jpg 1920w, \/wp-content\/uploads\/sites\/5\/2019\/03\/Dia-mundial-del-sindrome-de-down-IGSS-Guatemala-2019-10.jpg 2000w\" sizes=\"(max-width: 630px) 100vw, 630px\" alt=\"\">\r\n                            <\/a>\r\n                            \r\n                        <\/figure>\r\n                    <\/div>\r\n                    <div class = \"td-slide-item td-item11\">\r\n                        <figure class=\"td-slide-galery-figure td-slide-popup-gallery\">\r\n                            <a class=\"slide-gallery-image-link\" href=\"\/wp-content\/uploads\/sites\/5\/2019\/03\/Dia-mundial-del-sindrome-de-down-IGSS-Guatemala-2019-11.jpg\" title=\"Dia mundial del sindrome de down IGSS Guatemala 2019-11\"  data-caption=\"\"  data-description=\"\">\r\n                                <img decoding=\"async\" src=\"\/wp-content\/uploads\/sites\/5\/2019\/03\/Dia-mundial-del-sindrome-de-down-IGSS-Guatemala-2019-11-280x420.jpg\" srcset=\"\/wp-content\/uploads\/sites\/5\/2019\/03\/Dia-mundial-del-sindrome-de-down-IGSS-Guatemala-2019-11-280x420.jpg 280w, \/wp-content\/uploads\/sites\/5\/2019\/03\/Dia-mundial-del-sindrome-de-down-IGSS-Guatemala-2019-11-1024x1536.jpg 1024w, \/wp-content\/uploads\/sites\/5\/2019\/03\/Dia-mundial-del-sindrome-de-down-IGSS-Guatemala-2019-11-1366x2048.jpg 1366w, \/wp-content\/uploads\/sites\/5\/2019\/03\/Dia-mundial-del-sindrome-de-down-IGSS-Guatemala-2019-11-200x300.jpg 200w, \/wp-content\/uploads\/sites\/5\/2019\/03\/Dia-mundial-del-sindrome-de-down-IGSS-Guatemala-2019-11-768x1152.jpg 768w, \/wp-content\/uploads\/sites\/5\/2019\/03\/Dia-mundial-del-sindrome-de-down-IGSS-Guatemala-2019-11-683x1024.jpg 683w, \/wp-content\/uploads\/sites\/5\/2019\/03\/Dia-mundial-del-sindrome-de-down-IGSS-Guatemala-2019-11-696x1044.jpg 696w, \/wp-content\/uploads\/sites\/5\/2019\/03\/Dia-mundial-del-sindrome-de-down-IGSS-Guatemala-2019-11-1068x1602.jpg 1068w, \/wp-content\/uploads\/sites\/5\/2019\/03\/Dia-mundial-del-sindrome-de-down-IGSS-Guatemala-2019-11-308x462.jpg 308w, \/wp-content\/uploads\/sites\/5\/2019\/03\/Dia-mundial-del-sindrome-de-down-IGSS-Guatemala-2019-11.jpg 1667w\" sizes=\"(max-width: 280px) 100vw, 280px\" alt=\"\">\r\n                            <\/a>\r\n                            \r\n                        <\/figure>\r\n                    <\/div>\r\n                            <\/div>\r\n                        <\/div>\r\n\r\n                        <div class = \"td-doubleSlider-2\">\r\n                            <div class = \"td-slider\">\r\n                                \r\n                    <div class = \"td-button td-item1\">\r\n                        <div class = \"td-border\"><\/div>\r\n                    <\/div>\r\n                    <div class = \"td-button td-item2\">\r\n                        <div class = \"td-border\"><\/div>\r\n                    <\/div>\r\n                    <div class = \"td-button td-item3\">\r\n                        <div class = \"td-border\"><\/div>\r\n                    <\/div>\r\n                    <div class = \"td-button td-item4\">\r\n                        <div class = \"td-border\"><\/div>\r\n                    <\/div>\r\n                    <div class = \"td-button td-item5\">\r\n                        <div class = \"td-border\"><\/div>\r\n                    <\/div>\r\n                    <div class = \"td-button td-item6\">\r\n                        <div class = \"td-border\"><\/div>\r\n                    <\/div>\r\n                    <div class = \"td-button td-item7\">\r\n                        <div class = \"td-border\"><\/div>\r\n                    <\/div>\r\n                    <div class = \"td-button td-item8\">\r\n                        <div class = \"td-border\"><\/div>\r\n                    <\/div>\r\n                    <div class = \"td-button td-item9\">\r\n                        <div class = \"td-border\"><\/div>\r\n                    <\/div>\r\n                    <div class = \"td-button td-item10\">\r\n                        <div class = \"td-border\"><\/div>\r\n                    <\/div>\r\n                    <div class = \"td-button td-item11\">\r\n                        <div class = \"td-border\"><\/div>\r\n                    <\/div>\r\n                            <\/div>\r\n                        <\/div>\r\n\r\n                    <\/div>\r\n\r\n                <\/div>\r\n                \n<hr \/>\n<p>&nbsp;<\/p>\n","protected":false},"excerpt":{"rendered":"<p>El IGSS se une a la conmemoraci\u00f3n del D\u00eda Mundial del S\u00edndrome de Down, la cual fue designada por la Asamblea General de las Naciones Unidas para cada 21 de marzo, desde 2012. El Seguro Social se caracteriza por ser la instituci\u00f3n pionera en brindar un servicio completo para la rehabilitaci\u00f3n de los ni\u00f1os con [&hellip;]<\/p>\n","protected":false},"author":4,"featured_media":9159,"comment_status":"open","ping_status":"open","sticky":false,"template":"","format":"standard","meta":{"footnotes":""},"categories":[3,15,16,29,36],"tags":[478,490,798],"coauthors":[],"class_list":{"0":"post-9148","1":"post","2":"type-post","3":"status-publish","4":"format-standard","5":"has-post-thumbnail","7":"category-actualidad","8":"category-destacado","9":"category-featured","10":"category-publicaciones","11":"category-unidades-medicas","12":"tag-hospital-de-rehabilitacion","13":"tag-igss","14":"tag-sindrome-de-down"},"_links":{"self":[{"href":"https:\/\/www.igssgt.org\/noticias\/wp-json\/wp\/v2\/posts\/9148","targetHints":{"allow":["GET"]}}],"collection":[{"href":"https:\/\/www.igssgt.org\/noticias\/wp-json\/wp\/v2\/posts"}],"about":[{"href":"https:\/\/www.igssgt.org\/noticias\/wp-json\/wp\/v2\/types\/post"}],"author":[{"embeddable":true,"href":"https:\/\/www.igssgt.org\/noticias\/wp-json\/wp\/v2\/users\/4"}],"replies":[{"embeddable":true,"href":"https:\/\/www.igssgt.org\/noticias\/wp-json\/wp\/v2\/comments?post=9148"}],"version-history":[{"count":0,"href":"https:\/\/www.igssgt.org\/noticias\/wp-json\/wp\/v2\/posts\/9148\/revisions"}],"wp:featuredmedia":[{"embeddable":true,"href":"https:\/\/www.igssgt.org\/noticias\/wp-json\/wp\/v2\/media\/9159"}],"wp:attachment":[{"href":"https:\/\/www.igssgt.org\/noticias\/wp-json\/wp\/v2\/media?parent=9148"}],"wp:term":[{"taxonomy":"category","embeddable":true,"href":"https:\/\/www.igssgt.org\/noticias\/wp-json\/wp\/v2\/categories?post=9148"},{"taxonomy":"post_tag","embeddable":true,"href":"https:\/\/www.igssgt.org\/noticias\/wp-json\/wp\/v2\/tags?post=9148"},{"taxonomy":"author","embeddable":true,"href":"https:\/\/www.igssgt.org\/noticias\/wp-json\/wp\/v2\/coauthors?post=9148"}],"curies":[{"name":"wp","href":"https:\/\/api.w.org\/{rel}","templated":true}]}}