{"id":9243,"date":"2019-03-28T11:05:47","date_gmt":"2019-03-28T17:05:47","guid":{"rendered":"http:\/\/noticias.igssgt.org\/?p=9243"},"modified":"2019-03-28T11:05:47","modified_gmt":"2019-03-28T17:05:47","slug":"el-igss-comparte-planes-de-prevencion-para-la-semana-santa-con-otras-instituciones","status":"publish","type":"post","link":"https:\/\/www.igssgt.org\/noticias\/2019\/03\/28\/el-igss-comparte-planes-de-prevencion-para-la-semana-santa-con-otras-instituciones\/","title":{"rendered":"El IGSS comparte planes de prevenci\u00f3n para la Semana Santa con otras instituciones"},"content":{"rendered":"<p>El Instituto Guatemalteco de Seguridad Social (IGSS) particip\u00f3 en una reuni\u00f3n donde varias instituciones p\u00fablicas intercambiaron sus planes de trabajo en prevenci\u00f3n por la Semana Santa.<\/p>\n<p>El doctor Jorge Alvarado, jefe del Departamento de Medicina Preventiva, y el doctor Mynor Mej\u00eda, encargado de la Secci\u00f3n de Seguridad, Higiene y Prevenci\u00f3n de Accidentes, representaron al IGSS en la actividad coordinada por la Procuradur\u00eda de los Derechos Humanos.<\/p>\n<p>El IGSS tuvo la oportunidad de compartir sus planes de acci\u00f3n y prevenci\u00f3n, entre los cuales se incluye el despliegue de 150 salvavidas, cuyos destacamentos estar\u00e1n en las playas, lagos y balnearios m\u00e1s visitados durante la temporada; la participaci\u00f3n en el Sistema Nacional de Prevenci\u00f3n por Semana Santa y las alertas se emiten a nivel nacional en todas las unidades m\u00e9dicas que se encuentran listas y abastecidas para atender las emergencias.<\/p>\n<p>\u201cEl Seguro Social est\u00e1 preparado para cualquier contingencia y para el per\u00edodo de Semana Santa nosotros tenemos la obligaci\u00f3n de atender a la poblaci\u00f3n, aunque no sean afiliados, tanto en emergencias como por enfermedad, nuestra obligaci\u00f3n es estabilizarlos y tenemos los recursos para hacerlo\u201d, dijo el m\u00e9dico Mej\u00eda.<\/p>\n<p>El prop\u00f3sito de la actividad era que cada instituci\u00f3n tuviera la oportunidad de exponer sus planes y acciones preventivas; adem\u00e1s, lograr que exista una adecuada coordinaci\u00f3n en los casos que requieran acciones en conjunto y sobre todo que el trabajo se haga priorizando el respeto a los derechos humanos.<\/p>\n<p>Al encuentro asistieron representantes del IGSS, Procuradur\u00eda de los Derechos Humanos, Ministerio de Salud, Polic\u00eda Nacional Civil, Direcci\u00f3n de Protecci\u00f3n Vial del Ministerio de Comunicaciones, la Secretar\u00eda de Bienestar Social de la Presidencia, la Direcci\u00f3n de Atenci\u00f3n al Consumidor y la Polic\u00eda Municipal de Tr\u00e1nsito de Guatemala.<\/p>\n\r\n                <style type=\"text\/css\">\r\n                    \r\n                    #tdi_1  .td-doubleSlider-2 .td-item1 {\r\n                        background: url(\/wp-content\/uploads\/sites\/5\/2019\/03\/IGSS-planes-de-prevision-semana-santa-20191-80x60.jpeg) 0 0 no-repeat;\r\n                    }\r\n                    #tdi_1  .td-doubleSlider-2 .td-item2 {\r\n                        background: url(\/wp-content\/uploads\/sites\/5\/2019\/03\/IGSS-planes-de-prevision-semana-santa-20192-80x60.jpeg) 0 0 no-repeat;\r\n                    }\r\n                    #tdi_1  .td-doubleSlider-2 .td-item3 {\r\n                        background: url(\/wp-content\/uploads\/sites\/5\/2019\/03\/IGSS-planes-de-prevision-semana-santa-20193-80x60.jpeg) 0 0 no-repeat;\r\n                    }\r\n                    #tdi_1  .td-doubleSlider-2 .td-item4 {\r\n                        background: url(\/wp-content\/uploads\/sites\/5\/2019\/03\/IGSS-planes-de-prevision-semana-santa-20194-80x60.jpeg) 0 0 no-repeat;\r\n                    }\r\n                <\/style>\r\n\r\n                <div id=\"tdi_1\" class=\"td-gallery td-slide-on-2-columns\">\r\n                    <div class=\"post_td_gallery\">\r\n                        <div class=\"td-gallery-slide-top\">\r\n                           <div class=\"td-gallery-title\">Galer\u00eda de Im\u00e1genes<\/div>\r\n\r\n                            <div class=\"td-gallery-controls-wrapper\">\r\n                                <div class=\"td-gallery-slide-count\"><span class=\"td-gallery-slide-item-focus\">1<\/span> de 4<\/div>\r\n                                <div class=\"td-gallery-slide-prev-next-but\">\r\n                                    <i class = \"td-icon-left doubleSliderPrevButton\"><\/i>\r\n                                    <i class = \"td-icon-right doubleSliderNextButton\"><\/i>\r\n                                <\/div>\r\n                            <\/div>\r\n                        <\/div>\r\n\r\n                        <div class = \"td-doubleSlider-1 \">\r\n                            <div class = \"td-slider\">\r\n                                \r\n                    <div class = \"td-slide-item td-item1\">\r\n                        <figure class=\"td-slide-galery-figure td-slide-popup-gallery\">\r\n                            <a class=\"slide-gallery-image-link\" href=\"\/wp-content\/uploads\/sites\/5\/2019\/03\/IGSS-planes-de-prevision-semana-santa-20191.jpeg\" title=\"IGSS planes de prevision semana santa 20191\"  data-caption=\"\"  data-description=\"\">\r\n                                <img decoding=\"async\" src=\"\/wp-content\/uploads\/sites\/5\/2019\/03\/IGSS-planes-de-prevision-semana-santa-20191-748x420.jpeg\" srcset=\"\/wp-content\/uploads\/sites\/5\/2019\/03\/IGSS-planes-de-prevision-semana-santa-20191-748x420.jpeg 748w, \/wp-content\/uploads\/sites\/5\/2019\/03\/IGSS-planes-de-prevision-semana-santa-20191-300x169.jpeg 300w, \/wp-content\/uploads\/sites\/5\/2019\/03\/IGSS-planes-de-prevision-semana-santa-20191-768x431.jpeg 768w, \/wp-content\/uploads\/sites\/5\/2019\/03\/IGSS-planes-de-prevision-semana-santa-20191-1024x575.jpeg 1024w, \/wp-content\/uploads\/sites\/5\/2019\/03\/IGSS-planes-de-prevision-semana-santa-20191-696x391.jpeg 696w, \/wp-content\/uploads\/sites\/5\/2019\/03\/IGSS-planes-de-prevision-semana-santa-20191-1068x600.jpeg 1068w, \/wp-content\/uploads\/sites\/5\/2019\/03\/IGSS-planes-de-prevision-semana-santa-20191-534x300.jpeg 534w, \/wp-content\/uploads\/sites\/5\/2019\/03\/IGSS-planes-de-prevision-semana-santa-20191.jpeg 1280w\" sizes=\"(max-width: 748px) 100vw, 748px\" alt=\"\">\r\n                            <\/a>\r\n                            \r\n                        <\/figure>\r\n                    <\/div>\r\n                    <div class = \"td-slide-item td-item2\">\r\n                        <figure class=\"td-slide-galery-figure td-slide-popup-gallery\">\r\n                            <a class=\"slide-gallery-image-link\" href=\"\/wp-content\/uploads\/sites\/5\/2019\/03\/IGSS-planes-de-prevision-semana-santa-20192.jpeg\" title=\"IGSS planes de prevision semana santa 20192\"  data-caption=\"\"  data-description=\"\">\r\n                                <img decoding=\"async\" src=\"\/wp-content\/uploads\/sites\/5\/2019\/03\/IGSS-planes-de-prevision-semana-santa-20192.jpeg\" srcset=\"\/wp-content\/uploads\/sites\/5\/2019\/03\/IGSS-planes-de-prevision-semana-santa-20192.jpeg 1024w, \/wp-content\/uploads\/sites\/5\/2019\/03\/IGSS-planes-de-prevision-semana-santa-20192-300x119.jpeg 300w, \/wp-content\/uploads\/sites\/5\/2019\/03\/IGSS-planes-de-prevision-semana-santa-20192-768x305.jpeg 768w, \/wp-content\/uploads\/sites\/5\/2019\/03\/IGSS-planes-de-prevision-semana-santa-20192-696x276.jpeg 696w, \/wp-content\/uploads\/sites\/5\/2019\/03\/IGSS-planes-de-prevision-semana-santa-20192-534x212.jpeg 534w\" sizes=\"(max-width: 1024px) 100vw, 1024px\" alt=\"\">\r\n                            <\/a>\r\n                            \r\n                        <\/figure>\r\n                    <\/div>\r\n                    <div class = \"td-slide-item td-item3\">\r\n                        <figure class=\"td-slide-galery-figure td-slide-popup-gallery\">\r\n                            <a class=\"slide-gallery-image-link\" href=\"\/wp-content\/uploads\/sites\/5\/2019\/03\/IGSS-planes-de-prevision-semana-santa-20193.jpeg\" title=\"IGSS planes de prevision semana santa 20193\"  data-caption=\"\"  data-description=\"\">\r\n                                <img decoding=\"async\" src=\"\/wp-content\/uploads\/sites\/5\/2019\/03\/IGSS-planes-de-prevision-semana-santa-20193-977x420.jpeg\" srcset=\"\/wp-content\/uploads\/sites\/5\/2019\/03\/IGSS-planes-de-prevision-semana-santa-20193-977x420.jpeg 977w, \/wp-content\/uploads\/sites\/5\/2019\/03\/IGSS-planes-de-prevision-semana-santa-20193-300x129.jpeg 300w, \/wp-content\/uploads\/sites\/5\/2019\/03\/IGSS-planes-de-prevision-semana-santa-20193-768x330.jpeg 768w, \/wp-content\/uploads\/sites\/5\/2019\/03\/IGSS-planes-de-prevision-semana-santa-20193.jpeg 1024w, \/wp-content\/uploads\/sites\/5\/2019\/03\/IGSS-planes-de-prevision-semana-santa-20193-696x299.jpeg 696w, \/wp-content\/uploads\/sites\/5\/2019\/03\/IGSS-planes-de-prevision-semana-santa-20193-534x229.jpeg 534w\" sizes=\"(max-width: 977px) 100vw, 977px\" alt=\"\">\r\n                            <\/a>\r\n                            \r\n                        <\/figure>\r\n                    <\/div>\r\n                    <div class = \"td-slide-item td-item4\">\r\n                        <figure class=\"td-slide-galery-figure td-slide-popup-gallery\">\r\n                            <a class=\"slide-gallery-image-link\" href=\"\/wp-content\/uploads\/sites\/5\/2019\/03\/IGSS-planes-de-prevision-semana-santa-20194.jpeg\" title=\"IGSS planes de prevision semana santa 20194\"  data-caption=\"\"  data-description=\"\">\r\n                                <img decoding=\"async\" src=\"\/wp-content\/uploads\/sites\/5\/2019\/03\/IGSS-planes-de-prevision-semana-santa-20194.jpeg\" srcset=\"\/wp-content\/uploads\/sites\/5\/2019\/03\/IGSS-planes-de-prevision-semana-santa-20194.jpeg 1024w, \/wp-content\/uploads\/sites\/5\/2019\/03\/IGSS-planes-de-prevision-semana-santa-20194-300x120.jpeg 300w, \/wp-content\/uploads\/sites\/5\/2019\/03\/IGSS-planes-de-prevision-semana-santa-20194-768x308.jpeg 768w, \/wp-content\/uploads\/sites\/5\/2019\/03\/IGSS-planes-de-prevision-semana-santa-20194-696x279.jpeg 696w, \/wp-content\/uploads\/sites\/5\/2019\/03\/IGSS-planes-de-prevision-semana-santa-20194-534x214.jpeg 534w\" sizes=\"(max-width: 1024px) 100vw, 1024px\" alt=\"\">\r\n                            <\/a>\r\n                            \r\n                        <\/figure>\r\n                    <\/div>\r\n                            <\/div>\r\n                        <\/div>\r\n\r\n                        <div class = \"td-doubleSlider-2\">\r\n                            <div class = \"td-slider\">\r\n                                \r\n                    <div class = \"td-button td-item1\">\r\n                        <div class = \"td-border\"><\/div>\r\n                    <\/div>\r\n                    <div class = \"td-button td-item2\">\r\n                        <div class = \"td-border\"><\/div>\r\n                    <\/div>\r\n                    <div class = \"td-button td-item3\">\r\n                        <div class = \"td-border\"><\/div>\r\n                    <\/div>\r\n                    <div class = \"td-button td-item4\">\r\n                        <div class = \"td-border\"><\/div>\r\n                    <\/div>\r\n                            <\/div>\r\n                        <\/div>\r\n\r\n                    <\/div>\r\n\r\n                <\/div>\r\n                \n<hr \/>\n<p>&nbsp;<\/p>\n","protected":false},"excerpt":{"rendered":"<p>El Instituto Guatemalteco de Seguridad Social (IGSS) particip\u00f3 en una reuni\u00f3n donde varias instituciones p\u00fablicas intercambiaron sus planes de trabajo en prevenci\u00f3n por la Semana Santa. El doctor Jorge Alvarado, jefe del Departamento de Medicina Preventiva, y el doctor Mynor Mej\u00eda, encargado de la Secci\u00f3n de Seguridad, Higiene y Prevenci\u00f3n de Accidentes, representaron al IGSS [&hellip;]<\/p>\n","protected":false},"author":4,"featured_media":9247,"comment_status":"open","ping_status":"open","sticky":false,"template":"","format":"standard","meta":{"footnotes":""},"categories":[3,29],"tags":[320,490,786],"coauthors":[],"class_list":{"0":"post-9243","1":"post","2":"type-post","3":"status-publish","4":"format-standard","5":"has-post-thumbnail","7":"category-actualidad","8":"category-publicaciones","9":"tag-dr-mynor-mejia","10":"tag-igss","11":"tag-semana-santa-2019"},"_links":{"self":[{"href":"https:\/\/www.igssgt.org\/noticias\/wp-json\/wp\/v2\/posts\/9243","targetHints":{"allow":["GET"]}}],"collection":[{"href":"https:\/\/www.igssgt.org\/noticias\/wp-json\/wp\/v2\/posts"}],"about":[{"href":"https:\/\/www.igssgt.org\/noticias\/wp-json\/wp\/v2\/types\/post"}],"author":[{"embeddable":true,"href":"https:\/\/www.igssgt.org\/noticias\/wp-json\/wp\/v2\/users\/4"}],"replies":[{"embeddable":true,"href":"https:\/\/www.igssgt.org\/noticias\/wp-json\/wp\/v2\/comments?post=9243"}],"version-history":[{"count":0,"href":"https:\/\/www.igssgt.org\/noticias\/wp-json\/wp\/v2\/posts\/9243\/revisions"}],"wp:featuredmedia":[{"embeddable":true,"href":"https:\/\/www.igssgt.org\/noticias\/wp-json\/wp\/v2\/media\/9247"}],"wp:attachment":[{"href":"https:\/\/www.igssgt.org\/noticias\/wp-json\/wp\/v2\/media?parent=9243"}],"wp:term":[{"taxonomy":"category","embeddable":true,"href":"https:\/\/www.igssgt.org\/noticias\/wp-json\/wp\/v2\/categories?post=9243"},{"taxonomy":"post_tag","embeddable":true,"href":"https:\/\/www.igssgt.org\/noticias\/wp-json\/wp\/v2\/tags?post=9243"},{"taxonomy":"author","embeddable":true,"href":"https:\/\/www.igssgt.org\/noticias\/wp-json\/wp\/v2\/coauthors?post=9243"}],"curies":[{"name":"wp","href":"https:\/\/api.w.org\/{rel}","templated":true}]}}