{"id":9270,"date":"2019-03-29T14:30:28","date_gmt":"2019-03-29T20:30:28","guid":{"rendered":"http:\/\/noticias.igssgt.org\/?p=9270"},"modified":"2019-03-29T14:30:28","modified_gmt":"2019-03-29T20:30:28","slug":"el-igss-inaugura-instalaciones-para-el-departamento-de-ivs","status":"publish","type":"post","link":"https:\/\/www.igssgt.org\/noticias\/2019\/03\/29\/el-igss-inaugura-instalaciones-para-el-departamento-de-ivs\/","title":{"rendered":"El IGSS inaugura instalaciones para el Departamento de IVS"},"content":{"rendered":"<p><a href=\"\/noticias\/wp-content\/uploads\/sites\/5\/2019\/03\/inauguracion-instalaciones-ivs-igss-2019-4.jpg\"><img loading=\"lazy\" decoding=\"async\" class=\"alignnone size-full wp-image-9274\" src=\"\/noticias\/wp-content\/uploads\/sites\/5\/2019\/03\/inauguracion-instalaciones-ivs-igss-2019-4.jpg\" alt=\"\" width=\"1280\" height=\"853\" srcset=\"\/wp-content\/uploads\/sites\/5\/2019\/03\/inauguracion-instalaciones-ivs-igss-2019-4.jpg 1280w, \/wp-content\/uploads\/sites\/5\/2019\/03\/inauguracion-instalaciones-ivs-igss-2019-4-300x200.jpg 300w, \/wp-content\/uploads\/sites\/5\/2019\/03\/inauguracion-instalaciones-ivs-igss-2019-4-768x512.jpg 768w, \/wp-content\/uploads\/sites\/5\/2019\/03\/inauguracion-instalaciones-ivs-igss-2019-4-1024x682.jpg 1024w, \/wp-content\/uploads\/sites\/5\/2019\/03\/inauguracion-instalaciones-ivs-igss-2019-4-630x420.jpg 630w, \/wp-content\/uploads\/sites\/5\/2019\/03\/inauguracion-instalaciones-ivs-igss-2019-4-696x464.jpg 696w, \/wp-content\/uploads\/sites\/5\/2019\/03\/inauguracion-instalaciones-ivs-igss-2019-4-1068x712.jpg 1068w, \/wp-content\/uploads\/sites\/5\/2019\/03\/inauguracion-instalaciones-ivs-igss-2019-4-534x356.jpg 534w\" sizes=\"auto, (max-width: 1280px) 100vw, 1280px\" \/><\/a><\/p>\n<p>El Departamento de Invalidez, Vejez y Sobrevivencia (IVS) cuenta con m\u00e1s de 300 trabajadores y ahora tiene un nuevo espacio en la Oficinas Centrales del IGSS para realizar sus labores.<\/p>\n<p>A la inauguraci\u00f3n de las nuevas instalaciones asistieron el licenciado Carlos Contreras, presidente de la Junta Directiva del IGSS; el Dr. Arturo Garc\u00eda Aquino, gerente interino; la licenciada Sonia L\u00f3pez Luttmann, subgerente de Prestaciones Pecuniarias; el licenciado Edson Rivera, subgerente Financiero; la licenciada Cinthia Figueroa, subgerente de Recursos Humanos, y el licenciado Alvaro Samayoa, subgerente Administrativo.<\/p>\n<p>\u201cDespu\u00e9s de 42 a\u00f1os \u2014de creado el programa\u2014 las cosas deben cambiar. El Programa de IVS es de enorme trascendencia para la Junta Directiva\u00bb, dijo Contreras, quien agreg\u00f3 que se busca que el Departamento de IVS tenga vida propia, porque debe crecer, desarrollarse, y hacer las inversiones que deba.<\/p>\n<p>Contreras felicit\u00f3 a los colaboradores del Departamento por su labor y destac\u00f3 la importancia del programa de pensiones del IGSS. El presidente anunci\u00f3 que pronto se implementar\u00e1 tecnolog\u00eda para digitalizar los expedientes y agilizar los procedimientos.<\/p>\n<p>Agreg\u00f3 que han encomendado a la Subgerencia de Prestaciones Pecuniarias que se realicen los an\u00e1lisis para abrir la oportunidad de adherirse al Programa IVS a otros sectores productivos como a los peque\u00f1os contribuyentes, profesionales independientes y a los patronos.<\/p>\n<h4>Aniversario<\/h4>\n<p>La inauguraci\u00f3n de las nuevas instalaciones coincide el 42 aniversario de la creaci\u00f3n del Programa. La licenciada Sonia L\u00f3pez Luttmann dijo que \u00aben 1977 se implement\u00f3 el programa de IVS, pero desde 1970 se hab\u00eda ejecutado como un plan piloto donde solo los trabajadores del Instituto aportaban\u00bb.<\/p>\n<p>L\u00f3pez Luttmann a\u00f1adi\u00f3 que la inauguraci\u00f3n de las nuevas instalaciones es una parte del proyecto y posteriormente se remodelar\u00e1 el \u00e1rea de control de pensiones y el archivo general. \u00abMi sue\u00f1o es que todos los colaboradores tengan un espacio digno y adecuado para realizar sus funciones\u00bb, dijo.<\/p>\n<p>La subgerente revel\u00f3 que mensualmente reciben 1,643 solicitudes de pensiones, les pagan a 178 mil pensionados y se desembolsa un monto de Q262 millones.<\/p>\n<p>Por la demanda de pensiones y el arduo trabajo que se desarrolla en todo el pa\u00eds el 29 de marzo de 1989 IVS pas\u00f3 a ser un Departamento, el cual opera a nivel nacional y actualmente tiene 400 mil usuarios potenciales.<br \/>\nLa licenciada Patricia Hern\u00e1ndez, subjefe del Departamento, precis\u00f3 que actualmente tienen m\u00e1s de 300 colaboradores y cuenta con cinco \u00e1reas: An\u00e1lisis de casos nuevos, Central de Pensiones, Archivo (con m\u00e1s de 400 mil expedientes en tr\u00e1mite), Investigaci\u00f3n de contribuciones y Administrativa Financiera.<\/p>\n<p>La licenciada Claudia Sente, jefe del Departamento, dijo que era necesario que el personal contara con ambientes saludables de trabajo, considerando que se resuelven alrededor de 1,500 casos mensuales, se tramitan 200 apelaciones y atienden por escrito aclaraciones sobre c\u00e1lculo de pensiones.<\/p>\n\r\n                <style type=\"text\/css\">\r\n                    \r\n                    #tdi_1  .td-doubleSlider-2 .td-item1 {\r\n                        background: url(\/wp-content\/uploads\/sites\/5\/2019\/03\/inauguracion-instalaciones-ivs-igss-2019-6-80x60.jpg) 0 0 no-repeat;\r\n                    }\r\n                    #tdi_1  .td-doubleSlider-2 .td-item2 {\r\n                        background: url(\/wp-content\/uploads\/sites\/5\/2019\/03\/inauguracion-instalaciones-ivs-igss-2019-1-80x60.jpg) 0 0 no-repeat;\r\n                    }\r\n                    #tdi_1  .td-doubleSlider-2 .td-item3 {\r\n                        background: url(\/wp-content\/uploads\/sites\/5\/2019\/03\/inauguracion-instalaciones-ivs-igss-2019-2-80x60.jpg) 0 0 no-repeat;\r\n                    }\r\n                    #tdi_1  .td-doubleSlider-2 .td-item4 {\r\n                        background: url(\/wp-content\/uploads\/sites\/5\/2019\/03\/inauguracion-instalaciones-ivs-igss-2019-3-80x60.jpg) 0 0 no-repeat;\r\n                    }\r\n                    #tdi_1  .td-doubleSlider-2 .td-item5 {\r\n                        background: url(\/wp-content\/uploads\/sites\/5\/2019\/03\/inauguracion-instalaciones-ivs-igss-2019-4-80x60.jpg) 0 0 no-repeat;\r\n                    }\r\n                    #tdi_1  .td-doubleSlider-2 .td-item6 {\r\n                        background: url(\/wp-content\/uploads\/sites\/5\/2019\/03\/inauguracion-instalaciones-ivs-igss-2019-5-80x60.jpg) 0 0 no-repeat;\r\n                    }\r\n                    #tdi_1  .td-doubleSlider-2 .td-item7 {\r\n                        background: url(\/wp-content\/uploads\/sites\/5\/2019\/03\/inauguracion-instalaciones-ivs-igss-2019-7-80x60.jpg) 0 0 no-repeat;\r\n                    }\r\n                <\/style>\r\n\r\n                <div id=\"tdi_1\" class=\"td-gallery td-slide-on-2-columns\">\r\n                    <div class=\"post_td_gallery\">\r\n                        <div class=\"td-gallery-slide-top\">\r\n                           <div class=\"td-gallery-title\">Galer\u00eda de Im\u00e1genes<\/div>\r\n\r\n                            <div class=\"td-gallery-controls-wrapper\">\r\n                                <div class=\"td-gallery-slide-count\"><span class=\"td-gallery-slide-item-focus\">1<\/span> de 7<\/div>\r\n                                <div class=\"td-gallery-slide-prev-next-but\">\r\n                                    <i class = \"td-icon-left doubleSliderPrevButton\"><\/i>\r\n                                    <i class = \"td-icon-right doubleSliderNextButton\"><\/i>\r\n                                <\/div>\r\n                            <\/div>\r\n                        <\/div>\r\n\r\n                        <div class = \"td-doubleSlider-1 \">\r\n                            <div class = \"td-slider\">\r\n                                \r\n                    <div class = \"td-slide-item td-item1\">\r\n                        <figure class=\"td-slide-galery-figure td-slide-popup-gallery\">\r\n                            <a class=\"slide-gallery-image-link\" href=\"\/wp-content\/uploads\/sites\/5\/2019\/03\/inauguracion-instalaciones-ivs-igss-2019-6.jpg\" title=\"inauguracion instalaciones ivs igss 2019-6\"  data-caption=\"\"  data-description=\"\">\r\n                                <img decoding=\"async\" src=\"\/wp-content\/uploads\/sites\/5\/2019\/03\/inauguracion-instalaciones-ivs-igss-2019-6-630x420.jpg\" srcset=\"\/wp-content\/uploads\/sites\/5\/2019\/03\/inauguracion-instalaciones-ivs-igss-2019-6-630x420.jpg 630w, \/wp-content\/uploads\/sites\/5\/2019\/03\/inauguracion-instalaciones-ivs-igss-2019-6-300x200.jpg 300w, \/wp-content\/uploads\/sites\/5\/2019\/03\/inauguracion-instalaciones-ivs-igss-2019-6-768x512.jpg 768w, \/wp-content\/uploads\/sites\/5\/2019\/03\/inauguracion-instalaciones-ivs-igss-2019-6-1024x682.jpg 1024w, \/wp-content\/uploads\/sites\/5\/2019\/03\/inauguracion-instalaciones-ivs-igss-2019-6-696x464.jpg 696w, \/wp-content\/uploads\/sites\/5\/2019\/03\/inauguracion-instalaciones-ivs-igss-2019-6-1068x712.jpg 1068w, \/wp-content\/uploads\/sites\/5\/2019\/03\/inauguracion-instalaciones-ivs-igss-2019-6-534x356.jpg 534w, \/wp-content\/uploads\/sites\/5\/2019\/03\/inauguracion-instalaciones-ivs-igss-2019-6.jpg 1280w\" sizes=\"(max-width: 630px) 100vw, 630px\" alt=\"\">\r\n                            <\/a>\r\n                            \r\n                        <\/figure>\r\n                    <\/div>\r\n                    <div class = \"td-slide-item td-item2\">\r\n                        <figure class=\"td-slide-galery-figure td-slide-popup-gallery\">\r\n                            <a class=\"slide-gallery-image-link\" href=\"\/wp-content\/uploads\/sites\/5\/2019\/03\/inauguracion-instalaciones-ivs-igss-2019-1.jpg\" title=\"inauguracion instalaciones ivs igss 2019-1\"  data-caption=\"\"  data-description=\"\">\r\n                                <img decoding=\"async\" src=\"\/wp-content\/uploads\/sites\/5\/2019\/03\/inauguracion-instalaciones-ivs-igss-2019-1-560x420.jpg\" srcset=\"\/wp-content\/uploads\/sites\/5\/2019\/03\/inauguracion-instalaciones-ivs-igss-2019-1-560x420.jpg 560w, \/wp-content\/uploads\/sites\/5\/2019\/03\/inauguracion-instalaciones-ivs-igss-2019-1-300x225.jpg 300w, \/wp-content\/uploads\/sites\/5\/2019\/03\/inauguracion-instalaciones-ivs-igss-2019-1-768x576.jpg 768w, \/wp-content\/uploads\/sites\/5\/2019\/03\/inauguracion-instalaciones-ivs-igss-2019-1-1024x768.jpg 1024w, \/wp-content\/uploads\/sites\/5\/2019\/03\/inauguracion-instalaciones-ivs-igss-2019-1-80x60.jpg 80w, \/wp-content\/uploads\/sites\/5\/2019\/03\/inauguracion-instalaciones-ivs-igss-2019-1-696x522.jpg 696w, \/wp-content\/uploads\/sites\/5\/2019\/03\/inauguracion-instalaciones-ivs-igss-2019-1-1068x801.jpg 1068w, \/wp-content\/uploads\/sites\/5\/2019\/03\/inauguracion-instalaciones-ivs-igss-2019-1-265x198.jpg 265w, \/wp-content\/uploads\/sites\/5\/2019\/03\/inauguracion-instalaciones-ivs-igss-2019-1-534x401.jpg 534w, \/wp-content\/uploads\/sites\/5\/2019\/03\/inauguracion-instalaciones-ivs-igss-2019-1.jpg 1280w\" sizes=\"(max-width: 560px) 100vw, 560px\" alt=\"\">\r\n                            <\/a>\r\n                            \r\n                        <\/figure>\r\n                    <\/div>\r\n                    <div class = \"td-slide-item td-item3\">\r\n                        <figure class=\"td-slide-galery-figure td-slide-popup-gallery\">\r\n                            <a class=\"slide-gallery-image-link\" href=\"\/wp-content\/uploads\/sites\/5\/2019\/03\/inauguracion-instalaciones-ivs-igss-2019-2.jpg\" title=\"inauguracion instalaciones ivs igss 2019-2\"  data-caption=\"\"  data-description=\"\">\r\n                                <img decoding=\"async\" src=\"\/wp-content\/uploads\/sites\/5\/2019\/03\/inauguracion-instalaciones-ivs-igss-2019-2-630x420.jpg\" srcset=\"\/wp-content\/uploads\/sites\/5\/2019\/03\/inauguracion-instalaciones-ivs-igss-2019-2-630x420.jpg 630w, \/wp-content\/uploads\/sites\/5\/2019\/03\/inauguracion-instalaciones-ivs-igss-2019-2-300x200.jpg 300w, \/wp-content\/uploads\/sites\/5\/2019\/03\/inauguracion-instalaciones-ivs-igss-2019-2-768x512.jpg 768w, \/wp-content\/uploads\/sites\/5\/2019\/03\/inauguracion-instalaciones-ivs-igss-2019-2-1024x682.jpg 1024w, \/wp-content\/uploads\/sites\/5\/2019\/03\/inauguracion-instalaciones-ivs-igss-2019-2-696x464.jpg 696w, \/wp-content\/uploads\/sites\/5\/2019\/03\/inauguracion-instalaciones-ivs-igss-2019-2-1068x712.jpg 1068w, \/wp-content\/uploads\/sites\/5\/2019\/03\/inauguracion-instalaciones-ivs-igss-2019-2-534x356.jpg 534w, \/wp-content\/uploads\/sites\/5\/2019\/03\/inauguracion-instalaciones-ivs-igss-2019-2.jpg 1280w\" sizes=\"(max-width: 630px) 100vw, 630px\" alt=\"\">\r\n                            <\/a>\r\n                            \r\n                        <\/figure>\r\n                    <\/div>\r\n                    <div class = \"td-slide-item td-item4\">\r\n                        <figure class=\"td-slide-galery-figure td-slide-popup-gallery\">\r\n                            <a class=\"slide-gallery-image-link\" href=\"\/wp-content\/uploads\/sites\/5\/2019\/03\/inauguracion-instalaciones-ivs-igss-2019-3.jpg\" title=\"inauguracion instalaciones ivs igss 2019-3\"  data-caption=\"\"  data-description=\"\">\r\n                                <img decoding=\"async\" src=\"\/wp-content\/uploads\/sites\/5\/2019\/03\/inauguracion-instalaciones-ivs-igss-2019-3-630x420.jpg\" srcset=\"\/wp-content\/uploads\/sites\/5\/2019\/03\/inauguracion-instalaciones-ivs-igss-2019-3-630x420.jpg 630w, \/wp-content\/uploads\/sites\/5\/2019\/03\/inauguracion-instalaciones-ivs-igss-2019-3-300x200.jpg 300w, \/wp-content\/uploads\/sites\/5\/2019\/03\/inauguracion-instalaciones-ivs-igss-2019-3-768x512.jpg 768w, \/wp-content\/uploads\/sites\/5\/2019\/03\/inauguracion-instalaciones-ivs-igss-2019-3-1024x682.jpg 1024w, \/wp-content\/uploads\/sites\/5\/2019\/03\/inauguracion-instalaciones-ivs-igss-2019-3-696x464.jpg 696w, \/wp-content\/uploads\/sites\/5\/2019\/03\/inauguracion-instalaciones-ivs-igss-2019-3-1068x712.jpg 1068w, \/wp-content\/uploads\/sites\/5\/2019\/03\/inauguracion-instalaciones-ivs-igss-2019-3-534x356.jpg 534w, \/wp-content\/uploads\/sites\/5\/2019\/03\/inauguracion-instalaciones-ivs-igss-2019-3.jpg 1280w\" sizes=\"(max-width: 630px) 100vw, 630px\" alt=\"\">\r\n                            <\/a>\r\n                            \r\n                        <\/figure>\r\n                    <\/div>\r\n                    <div class = \"td-slide-item td-item5\">\r\n                        <figure class=\"td-slide-galery-figure td-slide-popup-gallery\">\r\n                            <a class=\"slide-gallery-image-link\" href=\"\/wp-content\/uploads\/sites\/5\/2019\/03\/inauguracion-instalaciones-ivs-igss-2019-4.jpg\" title=\"inauguracion instalaciones ivs igss 2019-4\"  data-caption=\"\"  data-description=\"\">\r\n                                <img decoding=\"async\" src=\"\/wp-content\/uploads\/sites\/5\/2019\/03\/inauguracion-instalaciones-ivs-igss-2019-4-630x420.jpg\" srcset=\"\/wp-content\/uploads\/sites\/5\/2019\/03\/inauguracion-instalaciones-ivs-igss-2019-4-630x420.jpg 630w, \/wp-content\/uploads\/sites\/5\/2019\/03\/inauguracion-instalaciones-ivs-igss-2019-4-300x200.jpg 300w, \/wp-content\/uploads\/sites\/5\/2019\/03\/inauguracion-instalaciones-ivs-igss-2019-4-768x512.jpg 768w, \/wp-content\/uploads\/sites\/5\/2019\/03\/inauguracion-instalaciones-ivs-igss-2019-4-1024x682.jpg 1024w, \/wp-content\/uploads\/sites\/5\/2019\/03\/inauguracion-instalaciones-ivs-igss-2019-4-696x464.jpg 696w, \/wp-content\/uploads\/sites\/5\/2019\/03\/inauguracion-instalaciones-ivs-igss-2019-4-1068x712.jpg 1068w, \/wp-content\/uploads\/sites\/5\/2019\/03\/inauguracion-instalaciones-ivs-igss-2019-4-534x356.jpg 534w, \/wp-content\/uploads\/sites\/5\/2019\/03\/inauguracion-instalaciones-ivs-igss-2019-4.jpg 1280w\" sizes=\"(max-width: 630px) 100vw, 630px\" alt=\"\">\r\n                            <\/a>\r\n                            \r\n                        <\/figure>\r\n                    <\/div>\r\n                    <div class = \"td-slide-item td-item6\">\r\n                        <figure class=\"td-slide-galery-figure td-slide-popup-gallery\">\r\n                            <a class=\"slide-gallery-image-link\" href=\"\/wp-content\/uploads\/sites\/5\/2019\/03\/inauguracion-instalaciones-ivs-igss-2019-5.jpg\" title=\"inauguracion instalaciones ivs igss 2019-5\"  data-caption=\"\"  data-description=\"\">\r\n                                <img decoding=\"async\" src=\"\/wp-content\/uploads\/sites\/5\/2019\/03\/inauguracion-instalaciones-ivs-igss-2019-5-630x420.jpg\" srcset=\"\/wp-content\/uploads\/sites\/5\/2019\/03\/inauguracion-instalaciones-ivs-igss-2019-5-630x420.jpg 630w, \/wp-content\/uploads\/sites\/5\/2019\/03\/inauguracion-instalaciones-ivs-igss-2019-5-300x200.jpg 300w, \/wp-content\/uploads\/sites\/5\/2019\/03\/inauguracion-instalaciones-ivs-igss-2019-5-768x512.jpg 768w, \/wp-content\/uploads\/sites\/5\/2019\/03\/inauguracion-instalaciones-ivs-igss-2019-5-1024x682.jpg 1024w, \/wp-content\/uploads\/sites\/5\/2019\/03\/inauguracion-instalaciones-ivs-igss-2019-5-696x464.jpg 696w, \/wp-content\/uploads\/sites\/5\/2019\/03\/inauguracion-instalaciones-ivs-igss-2019-5-1068x712.jpg 1068w, \/wp-content\/uploads\/sites\/5\/2019\/03\/inauguracion-instalaciones-ivs-igss-2019-5-534x356.jpg 534w, \/wp-content\/uploads\/sites\/5\/2019\/03\/inauguracion-instalaciones-ivs-igss-2019-5.jpg 1280w\" sizes=\"(max-width: 630px) 100vw, 630px\" alt=\"\">\r\n                            <\/a>\r\n                            \r\n                        <\/figure>\r\n                    <\/div>\r\n                    <div class = \"td-slide-item td-item7\">\r\n                        <figure class=\"td-slide-galery-figure td-slide-popup-gallery\">\r\n                            <a class=\"slide-gallery-image-link\" href=\"\/wp-content\/uploads\/sites\/5\/2019\/03\/inauguracion-instalaciones-ivs-igss-2019-7.jpg\" title=\"inauguracion instalaciones ivs igss 2019-7\"  data-caption=\"\"  data-description=\"\">\r\n                                <img decoding=\"async\" src=\"\/wp-content\/uploads\/sites\/5\/2019\/03\/inauguracion-instalaciones-ivs-igss-2019-7-630x420.jpg\" srcset=\"\/wp-content\/uploads\/sites\/5\/2019\/03\/inauguracion-instalaciones-ivs-igss-2019-7-630x420.jpg 630w, \/wp-content\/uploads\/sites\/5\/2019\/03\/inauguracion-instalaciones-ivs-igss-2019-7-300x200.jpg 300w, \/wp-content\/uploads\/sites\/5\/2019\/03\/inauguracion-instalaciones-ivs-igss-2019-7-768x512.jpg 768w, \/wp-content\/uploads\/sites\/5\/2019\/03\/inauguracion-instalaciones-ivs-igss-2019-7-1024x682.jpg 1024w, \/wp-content\/uploads\/sites\/5\/2019\/03\/inauguracion-instalaciones-ivs-igss-2019-7-696x464.jpg 696w, \/wp-content\/uploads\/sites\/5\/2019\/03\/inauguracion-instalaciones-ivs-igss-2019-7-1068x712.jpg 1068w, \/wp-content\/uploads\/sites\/5\/2019\/03\/inauguracion-instalaciones-ivs-igss-2019-7-534x356.jpg 534w, \/wp-content\/uploads\/sites\/5\/2019\/03\/inauguracion-instalaciones-ivs-igss-2019-7.jpg 1280w\" sizes=\"(max-width: 630px) 100vw, 630px\" alt=\"\">\r\n                            <\/a>\r\n                            \r\n                        <\/figure>\r\n                    <\/div>\r\n                            <\/div>\r\n                        <\/div>\r\n\r\n                        <div class = \"td-doubleSlider-2\">\r\n                            <div class = \"td-slider\">\r\n                                \r\n                    <div class = \"td-button td-item1\">\r\n                        <div class = \"td-border\"><\/div>\r\n                    <\/div>\r\n                    <div class = \"td-button td-item2\">\r\n                        <div class = \"td-border\"><\/div>\r\n                    <\/div>\r\n                    <div class = \"td-button td-item3\">\r\n                        <div class = \"td-border\"><\/div>\r\n                    <\/div>\r\n                    <div class = \"td-button td-item4\">\r\n                        <div class = \"td-border\"><\/div>\r\n                    <\/div>\r\n                    <div class = \"td-button td-item5\">\r\n                        <div class = \"td-border\"><\/div>\r\n                    <\/div>\r\n                    <div class = \"td-button td-item6\">\r\n                        <div class = \"td-border\"><\/div>\r\n                    <\/div>\r\n                    <div class = \"td-button td-item7\">\r\n                        <div class = \"td-border\"><\/div>\r\n                    <\/div>\r\n                            <\/div>\r\n                        <\/div>\r\n\r\n                    <\/div>\r\n\r\n                <\/div>\r\n                \n<hr \/>\n<p>&nbsp;<\/p>\n","protected":false},"excerpt":{"rendered":"<p>El Departamento de Invalidez, Vejez y Sobrevivencia (IVS) cuenta con m\u00e1s de 300 trabajadores y ahora tiene un nuevo espacio en la Oficinas Centrales del IGSS para realizar sus labores. A la inauguraci\u00f3n de las nuevas instalaciones asistieron el licenciado Carlos Contreras, presidente de la Junta Directiva del IGSS; el Dr. Arturo Garc\u00eda Aquino, gerente [&hellip;]<\/p>\n","protected":false},"author":4,"featured_media":9273,"comment_status":"open","ping_status":"open","sticky":false,"template":"","format":"standard","meta":{"footnotes":""},"categories":[3,29],"tags":[230,490],"coauthors":[],"class_list":{"0":"post-9270","1":"post","2":"type-post","3":"status-publish","4":"format-standard","5":"has-post-thumbnail","7":"category-actualidad","8":"category-publicaciones","9":"tag-departamento-ivs","10":"tag-igss"},"_links":{"self":[{"href":"https:\/\/www.igssgt.org\/noticias\/wp-json\/wp\/v2\/posts\/9270","targetHints":{"allow":["GET"]}}],"collection":[{"href":"https:\/\/www.igssgt.org\/noticias\/wp-json\/wp\/v2\/posts"}],"about":[{"href":"https:\/\/www.igssgt.org\/noticias\/wp-json\/wp\/v2\/types\/post"}],"author":[{"embeddable":true,"href":"https:\/\/www.igssgt.org\/noticias\/wp-json\/wp\/v2\/users\/4"}],"replies":[{"embeddable":true,"href":"https:\/\/www.igssgt.org\/noticias\/wp-json\/wp\/v2\/comments?post=9270"}],"version-history":[{"count":0,"href":"https:\/\/www.igssgt.org\/noticias\/wp-json\/wp\/v2\/posts\/9270\/revisions"}],"wp:featuredmedia":[{"embeddable":true,"href":"https:\/\/www.igssgt.org\/noticias\/wp-json\/wp\/v2\/media\/9273"}],"wp:attachment":[{"href":"https:\/\/www.igssgt.org\/noticias\/wp-json\/wp\/v2\/media?parent=9270"}],"wp:term":[{"taxonomy":"category","embeddable":true,"href":"https:\/\/www.igssgt.org\/noticias\/wp-json\/wp\/v2\/categories?post=9270"},{"taxonomy":"post_tag","embeddable":true,"href":"https:\/\/www.igssgt.org\/noticias\/wp-json\/wp\/v2\/tags?post=9270"},{"taxonomy":"author","embeddable":true,"href":"https:\/\/www.igssgt.org\/noticias\/wp-json\/wp\/v2\/coauthors?post=9270"}],"curies":[{"name":"wp","href":"https:\/\/api.w.org\/{rel}","templated":true}]}}