{"id":9300,"date":"2019-04-02T13:23:40","date_gmt":"2019-04-02T19:23:40","guid":{"rendered":"http:\/\/noticias.igssgt.org\/?p=9300"},"modified":"2019-04-02T13:23:40","modified_gmt":"2019-04-02T19:23:40","slug":"el-hospital-de-rehabilitacion-del-igss-atiende-a-ninos-con-autismo","status":"publish","type":"post","link":"https:\/\/www.igssgt.org\/noticias\/2019\/04\/02\/el-hospital-de-rehabilitacion-del-igss-atiende-a-ninos-con-autismo\/","title":{"rendered":"El Hospital de Rehabilitaci\u00f3n del IGSS atiende a ni\u00f1os con autismo"},"content":{"rendered":"<p>Mejorar la calidad de vida de personas con autismo es el objetivo primordial de la Asamblea General de las Naciones Unidas que declar\u00f3 el 2 de abril como D\u00eda Mundial de Concienciaci\u00f3n sobre el Autismo. El Instituto Guatemalteco de Seguridad Social apoya con terapias a m\u00e1s de 200 ni\u00f1os nuevos por a\u00f1o, los que se suman a los 450 que se encuentran recibiendo atenci\u00f3n especializada.<\/p>\n<p>El Trastorno del Espectro Autista (TEA) es el octavo lugar de consulta pedi\u00e1trica y atenci\u00f3n especializada a ni\u00f1os en el Hospital de Rehabilitaci\u00f3n, inform\u00f3 la doctora Karina Rodr\u00edguez, directora m\u00e9dica de ese centro asistencial.<\/p>\n<p>El TEA es un trastorno neurobiol\u00f3gico del desarrollo y se manifiesta durante los tres primeros a\u00f1os de vida.<\/p>\n<p>Existen diferentes grados de autismo en ni\u00f1os:<\/p>\n<p>Grado 1. Trastorno autista: no desarrolla su lenguaje de forma adecuada, evita contacto visual y se a\u00edsla en su propio mundo.<\/p>\n<p>Grado 2. Autismo regresivo: empieza a perder de manera paulatina las habilidades aprendidas.<\/p>\n<p>Grado 3. Autismo de alto funcionamiento: presenta rigidez mental, ideas y actividades obsesivas e incapacidad motora.<\/p>\n<p>En el Hospital de Rehabilitaci\u00f3n los ni\u00f1os son atendidos de manera personalizada por un equipo multidisciplinario, conformado por un m\u00e9dico rehabilitador, un psic\u00f3logo individual y para la familia, terapeuta de lenguaje, terapeuta f\u00edsico y terapeuta ocupacional. Estos profesionales trabajan en el desarrollo neurol\u00f3gico de los menores para su inclusi\u00f3n efectiva y sobre todo para mejorar su calidad de vida, indic\u00f3 la doctora Rodr\u00edguez.<\/p>\n\r\n                <style type=\"text\/css\">\r\n                    \r\n                    #tdi_1  .td-doubleSlider-2 .td-item1 {\r\n                        background: url(\/wp-content\/uploads\/sites\/5\/2019\/04\/tratamiento-del-autismo-igss-2019-5-80x60.jpg) 0 0 no-repeat;\r\n                    }\r\n                    #tdi_1  .td-doubleSlider-2 .td-item2 {\r\n                        background: url(\/wp-content\/uploads\/sites\/5\/2019\/04\/tratamiento-del-autismo-igss-2019-1-80x60.jpg) 0 0 no-repeat;\r\n                    }\r\n                    #tdi_1  .td-doubleSlider-2 .td-item3 {\r\n                        background: url(\/wp-content\/uploads\/sites\/5\/2019\/04\/tratamiento-del-autismo-igss-2019-2-80x60.jpg) 0 0 no-repeat;\r\n                    }\r\n                    #tdi_1  .td-doubleSlider-2 .td-item4 {\r\n                        background: url(\/wp-content\/uploads\/sites\/5\/2019\/04\/tratamiento-del-autismo-igss-2019-3-80x60.jpeg) 0 0 no-repeat;\r\n                    }\r\n                    #tdi_1  .td-doubleSlider-2 .td-item5 {\r\n                        background: url(\/wp-content\/uploads\/sites\/5\/2019\/04\/tratamiento-del-autismo-igss-2019-4-80x60.jpeg) 0 0 no-repeat;\r\n                    }\r\n                    #tdi_1  .td-doubleSlider-2 .td-item6 {\r\n                        background: url(\/wp-content\/uploads\/sites\/5\/2019\/04\/tratamiento-del-autismo-igss-2019-6-80x60.jpg) 0 0 no-repeat;\r\n                    }\r\n                    #tdi_1  .td-doubleSlider-2 .td-item7 {\r\n                        background: url(\/wp-content\/uploads\/sites\/5\/2019\/04\/tratamiento-del-autismo-igss-2019-7-80x60.png) 0 0 no-repeat;\r\n                    }\r\n                <\/style>\r\n\r\n                <div id=\"tdi_1\" class=\"td-gallery td-slide-on-2-columns\">\r\n                    <div class=\"post_td_gallery\">\r\n                        <div class=\"td-gallery-slide-top\">\r\n                           <div class=\"td-gallery-title\">Galer\u00eda de Im\u00e1genes<\/div>\r\n\r\n                            <div class=\"td-gallery-controls-wrapper\">\r\n                                <div class=\"td-gallery-slide-count\"><span class=\"td-gallery-slide-item-focus\">1<\/span> de 7<\/div>\r\n                                <div class=\"td-gallery-slide-prev-next-but\">\r\n                                    <i class = \"td-icon-left doubleSliderPrevButton\"><\/i>\r\n                                    <i class = \"td-icon-right doubleSliderNextButton\"><\/i>\r\n                                <\/div>\r\n                            <\/div>\r\n                        <\/div>\r\n\r\n                        <div class = \"td-doubleSlider-1 \">\r\n                            <div class = \"td-slider\">\r\n                                \r\n                    <div class = \"td-slide-item td-item1\">\r\n                        <figure class=\"td-slide-galery-figure td-slide-popup-gallery\">\r\n                            <a class=\"slide-gallery-image-link\" href=\"\/wp-content\/uploads\/sites\/5\/2019\/04\/tratamiento-del-autismo-igss-2019-5.jpg\" title=\"tratamiento del autismo igss 2019-5\"  data-caption=\"\"  data-description=\"\">\r\n                                <img decoding=\"async\" src=\"\/wp-content\/uploads\/sites\/5\/2019\/04\/tratamiento-del-autismo-igss-2019-5-746x420.jpg\" srcset=\"\/wp-content\/uploads\/sites\/5\/2019\/04\/tratamiento-del-autismo-igss-2019-5-746x420.jpg 746w, \/wp-content\/uploads\/sites\/5\/2019\/04\/tratamiento-del-autismo-igss-2019-5-300x169.jpg 300w, \/wp-content\/uploads\/sites\/5\/2019\/04\/tratamiento-del-autismo-igss-2019-5-768x432.jpg 768w, \/wp-content\/uploads\/sites\/5\/2019\/04\/tratamiento-del-autismo-igss-2019-5-1024x576.jpg 1024w, \/wp-content\/uploads\/sites\/5\/2019\/04\/tratamiento-del-autismo-igss-2019-5-696x392.jpg 696w, \/wp-content\/uploads\/sites\/5\/2019\/04\/tratamiento-del-autismo-igss-2019-5-534x301.jpg 534w, \/wp-content\/uploads\/sites\/5\/2019\/04\/tratamiento-del-autismo-igss-2019-5.jpg 1032w\" sizes=\"(max-width: 746px) 100vw, 746px\" alt=\"\">\r\n                            <\/a>\r\n                            \r\n                        <\/figure>\r\n                    <\/div>\r\n                    <div class = \"td-slide-item td-item2\">\r\n                        <figure class=\"td-slide-galery-figure td-slide-popup-gallery\">\r\n                            <a class=\"slide-gallery-image-link\" href=\"\/wp-content\/uploads\/sites\/5\/2019\/04\/tratamiento-del-autismo-igss-2019-1.jpg\" title=\"tratamiento del autismo igss 2019-1\"  data-caption=\"\"  data-description=\"\">\r\n                                <img decoding=\"async\" src=\"\/wp-content\/uploads\/sites\/5\/2019\/04\/tratamiento-del-autismo-igss-2019-1-746x420.jpg\" srcset=\"\/wp-content\/uploads\/sites\/5\/2019\/04\/tratamiento-del-autismo-igss-2019-1-746x420.jpg 746w, \/wp-content\/uploads\/sites\/5\/2019\/04\/tratamiento-del-autismo-igss-2019-1-300x169.jpg 300w, \/wp-content\/uploads\/sites\/5\/2019\/04\/tratamiento-del-autismo-igss-2019-1-768x432.jpg 768w, \/wp-content\/uploads\/sites\/5\/2019\/04\/tratamiento-del-autismo-igss-2019-1-1024x576.jpg 1024w, \/wp-content\/uploads\/sites\/5\/2019\/04\/tratamiento-del-autismo-igss-2019-1-696x392.jpg 696w, \/wp-content\/uploads\/sites\/5\/2019\/04\/tratamiento-del-autismo-igss-2019-1-534x301.jpg 534w, \/wp-content\/uploads\/sites\/5\/2019\/04\/tratamiento-del-autismo-igss-2019-1.jpg 1032w\" sizes=\"(max-width: 746px) 100vw, 746px\" alt=\"\">\r\n                            <\/a>\r\n                            \r\n                        <\/figure>\r\n                    <\/div>\r\n                    <div class = \"td-slide-item td-item3\">\r\n                        <figure class=\"td-slide-galery-figure td-slide-popup-gallery\">\r\n                            <a class=\"slide-gallery-image-link\" href=\"\/wp-content\/uploads\/sites\/5\/2019\/04\/tratamiento-del-autismo-igss-2019-2.jpg\" title=\"tratamiento del autismo igss 2019-2\"  data-caption=\"\"  data-description=\"\">\r\n                                <img decoding=\"async\" src=\"\/wp-content\/uploads\/sites\/5\/2019\/04\/tratamiento-del-autismo-igss-2019-2-746x420.jpg\" srcset=\"\/wp-content\/uploads\/sites\/5\/2019\/04\/tratamiento-del-autismo-igss-2019-2-746x420.jpg 746w, \/wp-content\/uploads\/sites\/5\/2019\/04\/tratamiento-del-autismo-igss-2019-2-300x169.jpg 300w, \/wp-content\/uploads\/sites\/5\/2019\/04\/tratamiento-del-autismo-igss-2019-2-768x432.jpg 768w, \/wp-content\/uploads\/sites\/5\/2019\/04\/tratamiento-del-autismo-igss-2019-2-1024x576.jpg 1024w, \/wp-content\/uploads\/sites\/5\/2019\/04\/tratamiento-del-autismo-igss-2019-2-696x392.jpg 696w, \/wp-content\/uploads\/sites\/5\/2019\/04\/tratamiento-del-autismo-igss-2019-2-534x301.jpg 534w, \/wp-content\/uploads\/sites\/5\/2019\/04\/tratamiento-del-autismo-igss-2019-2.jpg 1032w\" sizes=\"(max-width: 746px) 100vw, 746px\" alt=\"\">\r\n                            <\/a>\r\n                            \r\n                        <\/figure>\r\n                    <\/div>\r\n                    <div class = \"td-slide-item td-item4\">\r\n                        <figure class=\"td-slide-galery-figure td-slide-popup-gallery\">\r\n                            <a class=\"slide-gallery-image-link\" href=\"\/wp-content\/uploads\/sites\/5\/2019\/04\/tratamiento-del-autismo-igss-2019-3.jpeg\" title=\"tratamiento del autismo igss 2019-3\"  data-caption=\"\"  data-description=\"\">\r\n                                <img decoding=\"async\" src=\"\/wp-content\/uploads\/sites\/5\/2019\/04\/tratamiento-del-autismo-igss-2019-3-747x420.jpeg\" srcset=\"\/wp-content\/uploads\/sites\/5\/2019\/04\/tratamiento-del-autismo-igss-2019-3-747x420.jpeg 747w, \/wp-content\/uploads\/sites\/5\/2019\/04\/tratamiento-del-autismo-igss-2019-3-300x169.jpeg 300w, \/wp-content\/uploads\/sites\/5\/2019\/04\/tratamiento-del-autismo-igss-2019-3-768x432.jpeg 768w, \/wp-content\/uploads\/sites\/5\/2019\/04\/tratamiento-del-autismo-igss-2019-3-1024x576.jpeg 1024w, \/wp-content\/uploads\/sites\/5\/2019\/04\/tratamiento-del-autismo-igss-2019-3-696x392.jpeg 696w, \/wp-content\/uploads\/sites\/5\/2019\/04\/tratamiento-del-autismo-igss-2019-3-1068x601.jpeg 1068w, \/wp-content\/uploads\/sites\/5\/2019\/04\/tratamiento-del-autismo-igss-2019-3-534x300.jpeg 534w, \/wp-content\/uploads\/sites\/5\/2019\/04\/tratamiento-del-autismo-igss-2019-3.jpeg 1280w\" sizes=\"(max-width: 747px) 100vw, 747px\" alt=\"\">\r\n                            <\/a>\r\n                            \r\n                        <\/figure>\r\n                    <\/div>\r\n                    <div class = \"td-slide-item td-item5\">\r\n                        <figure class=\"td-slide-galery-figure td-slide-popup-gallery\">\r\n                            <a class=\"slide-gallery-image-link\" href=\"\/wp-content\/uploads\/sites\/5\/2019\/04\/tratamiento-del-autismo-igss-2019-4.jpeg\" title=\"tratamiento del autismo igss 2019-4\"  data-caption=\"\"  data-description=\"\">\r\n                                <img decoding=\"async\" src=\"\/wp-content\/uploads\/sites\/5\/2019\/04\/tratamiento-del-autismo-igss-2019-4-747x420.jpeg\" srcset=\"\/wp-content\/uploads\/sites\/5\/2019\/04\/tratamiento-del-autismo-igss-2019-4-747x420.jpeg 747w, \/wp-content\/uploads\/sites\/5\/2019\/04\/tratamiento-del-autismo-igss-2019-4-300x169.jpeg 300w, \/wp-content\/uploads\/sites\/5\/2019\/04\/tratamiento-del-autismo-igss-2019-4-768x432.jpeg 768w, \/wp-content\/uploads\/sites\/5\/2019\/04\/tratamiento-del-autismo-igss-2019-4-1024x576.jpeg 1024w, \/wp-content\/uploads\/sites\/5\/2019\/04\/tratamiento-del-autismo-igss-2019-4-696x392.jpeg 696w, \/wp-content\/uploads\/sites\/5\/2019\/04\/tratamiento-del-autismo-igss-2019-4-1068x601.jpeg 1068w, \/wp-content\/uploads\/sites\/5\/2019\/04\/tratamiento-del-autismo-igss-2019-4-534x300.jpeg 534w, \/wp-content\/uploads\/sites\/5\/2019\/04\/tratamiento-del-autismo-igss-2019-4.jpeg 1280w\" sizes=\"(max-width: 747px) 100vw, 747px\" alt=\"\">\r\n                            <\/a>\r\n                            \r\n                        <\/figure>\r\n                    <\/div>\r\n                    <div class = \"td-slide-item td-item6\">\r\n                        <figure class=\"td-slide-galery-figure td-slide-popup-gallery\">\r\n                            <a class=\"slide-gallery-image-link\" href=\"\/wp-content\/uploads\/sites\/5\/2019\/04\/tratamiento-del-autismo-igss-2019-6.jpg\" title=\"tratamiento del autismo igss 2019-6\"  data-caption=\"\"  data-description=\"\">\r\n                                <img decoding=\"async\" src=\"\/wp-content\/uploads\/sites\/5\/2019\/04\/tratamiento-del-autismo-igss-2019-6-336x420.jpg\" srcset=\"\/wp-content\/uploads\/sites\/5\/2019\/04\/tratamiento-del-autismo-igss-2019-6-336x420.jpg 336w, \/wp-content\/uploads\/sites\/5\/2019\/04\/tratamiento-del-autismo-igss-2019-6-1229x1536.jpg 1229w, \/wp-content\/uploads\/sites\/5\/2019\/04\/tratamiento-del-autismo-igss-2019-6-240x300.jpg 240w, \/wp-content\/uploads\/sites\/5\/2019\/04\/tratamiento-del-autismo-igss-2019-6-768x960.jpg 768w, \/wp-content\/uploads\/sites\/5\/2019\/04\/tratamiento-del-autismo-igss-2019-6-819x1024.jpg 819w, \/wp-content\/uploads\/sites\/5\/2019\/04\/tratamiento-del-autismo-igss-2019-6-696x870.jpg 696w, \/wp-content\/uploads\/sites\/5\/2019\/04\/tratamiento-del-autismo-igss-2019-6-1068x1335.jpg 1068w, \/wp-content\/uploads\/sites\/5\/2019\/04\/tratamiento-del-autismo-igss-2019-6-370x462.jpg 370w, \/wp-content\/uploads\/sites\/5\/2019\/04\/tratamiento-del-autismo-igss-2019-6.jpg 1600w\" sizes=\"(max-width: 336px) 100vw, 336px\" alt=\"\">\r\n                            <\/a>\r\n                            \r\n                        <\/figure>\r\n                    <\/div>\r\n                    <div class = \"td-slide-item td-item7\">\r\n                        <figure class=\"td-slide-galery-figure td-slide-popup-gallery\">\r\n                            <a class=\"slide-gallery-image-link\" href=\"\/wp-content\/uploads\/sites\/5\/2019\/04\/tratamiento-del-autismo-igss-2019-7.png\" title=\"tratamiento del autismo igss 2019-7\"  data-caption=\"\"  data-description=\"\">\r\n                                <img decoding=\"async\" src=\"\/wp-content\/uploads\/sites\/5\/2019\/04\/tratamiento-del-autismo-igss-2019-7-657x420.png\" srcset=\"\/wp-content\/uploads\/sites\/5\/2019\/04\/tratamiento-del-autismo-igss-2019-7-657x420.png 657w, \/wp-content\/uploads\/sites\/5\/2019\/04\/tratamiento-del-autismo-igss-2019-7-300x192.png 300w, \/wp-content\/uploads\/sites\/5\/2019\/04\/tratamiento-del-autismo-igss-2019-7-768x491.png 768w, \/wp-content\/uploads\/sites\/5\/2019\/04\/tratamiento-del-autismo-igss-2019-7-696x445.png 696w, \/wp-content\/uploads\/sites\/5\/2019\/04\/tratamiento-del-autismo-igss-2019-7-534x341.png 534w, \/wp-content\/uploads\/sites\/5\/2019\/04\/tratamiento-del-autismo-igss-2019-7.png 776w\" sizes=\"(max-width: 657px) 100vw, 657px\" alt=\"\">\r\n                            <\/a>\r\n                            \r\n                        <\/figure>\r\n                    <\/div>\r\n                            <\/div>\r\n                        <\/div>\r\n\r\n                        <div class = \"td-doubleSlider-2\">\r\n                            <div class = \"td-slider\">\r\n                                \r\n                    <div class = \"td-button td-item1\">\r\n                        <div class = \"td-border\"><\/div>\r\n                    <\/div>\r\n                    <div class = \"td-button td-item2\">\r\n                        <div class = \"td-border\"><\/div>\r\n                    <\/div>\r\n                    <div class = \"td-button td-item3\">\r\n                        <div class = \"td-border\"><\/div>\r\n                    <\/div>\r\n                    <div class = \"td-button td-item4\">\r\n                        <div class = \"td-border\"><\/div>\r\n                    <\/div>\r\n                    <div class = \"td-button td-item5\">\r\n                        <div class = \"td-border\"><\/div>\r\n                    <\/div>\r\n                    <div class = \"td-button td-item6\">\r\n                        <div class = \"td-border\"><\/div>\r\n                    <\/div>\r\n                    <div class = \"td-button td-item7\">\r\n                        <div class = \"td-border\"><\/div>\r\n                    <\/div>\r\n                            <\/div>\r\n                        <\/div>\r\n\r\n                    <\/div>\r\n\r\n                <\/div>\r\n                \n<hr \/>\n<p>&nbsp;<\/p>\n","protected":false},"excerpt":{"rendered":"<p>Mejorar la calidad de vida de personas con autismo es el objetivo primordial de la Asamblea General de las Naciones Unidas que declar\u00f3 el 2 de abril como D\u00eda Mundial de Concienciaci\u00f3n sobre el Autismo. El Instituto Guatemalteco de Seguridad Social apoya con terapias a m\u00e1s de 200 ni\u00f1os nuevos por a\u00f1o, los que se [&hellip;]<\/p>\n","protected":false},"author":4,"featured_media":9307,"comment_status":"open","ping_status":"open","sticky":false,"template":"","format":"standard","meta":{"footnotes":""},"categories":[3,30,36],"tags":[128,478,490],"coauthors":[],"class_list":{"0":"post-9300","1":"post","2":"type-post","3":"status-publish","4":"format-standard","5":"has-post-thumbnail","7":"category-actualidad","8":"category-rehabilitacion","9":"category-unidades-medicas","10":"tag-autismo","11":"tag-hospital-de-rehabilitacion","12":"tag-igss"},"_links":{"self":[{"href":"https:\/\/www.igssgt.org\/noticias\/wp-json\/wp\/v2\/posts\/9300","targetHints":{"allow":["GET"]}}],"collection":[{"href":"https:\/\/www.igssgt.org\/noticias\/wp-json\/wp\/v2\/posts"}],"about":[{"href":"https:\/\/www.igssgt.org\/noticias\/wp-json\/wp\/v2\/types\/post"}],"author":[{"embeddable":true,"href":"https:\/\/www.igssgt.org\/noticias\/wp-json\/wp\/v2\/users\/4"}],"replies":[{"embeddable":true,"href":"https:\/\/www.igssgt.org\/noticias\/wp-json\/wp\/v2\/comments?post=9300"}],"version-history":[{"count":0,"href":"https:\/\/www.igssgt.org\/noticias\/wp-json\/wp\/v2\/posts\/9300\/revisions"}],"wp:featuredmedia":[{"embeddable":true,"href":"https:\/\/www.igssgt.org\/noticias\/wp-json\/wp\/v2\/media\/9307"}],"wp:attachment":[{"href":"https:\/\/www.igssgt.org\/noticias\/wp-json\/wp\/v2\/media?parent=9300"}],"wp:term":[{"taxonomy":"category","embeddable":true,"href":"https:\/\/www.igssgt.org\/noticias\/wp-json\/wp\/v2\/categories?post=9300"},{"taxonomy":"post_tag","embeddable":true,"href":"https:\/\/www.igssgt.org\/noticias\/wp-json\/wp\/v2\/tags?post=9300"},{"taxonomy":"author","embeddable":true,"href":"https:\/\/www.igssgt.org\/noticias\/wp-json\/wp\/v2\/coauthors?post=9300"}],"curies":[{"name":"wp","href":"https:\/\/api.w.org\/{rel}","templated":true}]}}