{"id":9332,"date":"2019-04-07T14:53:20","date_gmt":"2019-04-07T20:53:20","guid":{"rendered":"http:\/\/noticias.igssgt.org\/?p=9332"},"modified":"2019-04-07T14:53:20","modified_gmt":"2019-04-07T20:53:20","slug":"el-hospital-de-rehabilitacion-realiza-feria-de-la-salud","status":"publish","type":"post","link":"https:\/\/www.igssgt.org\/noticias\/2019\/04\/07\/el-hospital-de-rehabilitacion-realiza-feria-de-la-salud\/","title":{"rendered":"El Hospital de Rehabilitaci\u00f3n realiza Feria de la Salud"},"content":{"rendered":"<p>Con el objetivo de informar y concienciar a los beneficiarios sobre estilos de vida saludables, el Hospital de Rehabilitaci\u00f3n realiz\u00f3 la Feria de Promoci\u00f3n de la Salud con motivo del D\u00eda Mundial de la Salud, que se celebra el 7 de abril. Este a\u00f1o el lema es \u201cSalud Universal para Todos en Todas Partes\u201d.<\/p>\n<p>En la actividad se efectu\u00f3 chequeo de presi\u00f3n, peso y talla, as\u00ed como charlas informativas sobre el cuidado de la salud, entre estas la importancia de la buena alimentaci\u00f3n, actividad f\u00edsica y la higiene bucal.<\/p>\n<p>\u201cTambi\u00e9n se explic\u00f3 sobre los beneficios de la cobertura del Seguro Social a trav\u00e9s de los programas de Enfermedad Maternidad y Accidentes (EMA) e Invalidez, Vejez y Sobrevivencia (IVS)\u201d, indic\u00f3 la doctora Karina Rodr\u00edguez, directora m\u00e9dica del Hospital.<\/p>\n<p>La doctora Teydda Villate, m\u00e9dica con especialidad en rehabilitaci\u00f3n, resalt\u00f3 que las personas deben tener acceso a la salud de manera integral para que tengan cobertura completa de todas sus necesidades en materia de salud. \u201cEsto es lo que hacemos en el Seguro Social, brindar atenci\u00f3n en todas las \u00e1reas que la poblaci\u00f3n proteg\u00eda necesite\u201d, dijo Villate.<\/p>\n<p>Adem\u00e1s, a\u00f1adi\u00f3 que es importante que las personas retomen los h\u00e1bitos de vida saludables para fomentar la salud no solo en ellos mismos sino tambi\u00e9n en sus hijos, como una dieta sana, comida hecha en casa y haciendo actividad f\u00edsica.<\/p>\n<p>&nbsp;<\/p>\n","protected":false},"excerpt":{"rendered":"<p>Con el objetivo de informar y concienciar a los beneficiarios sobre estilos de vida saludables, el Hospital de Rehabilitaci\u00f3n realiz\u00f3 la Feria de Promoci\u00f3n de la Salud con motivo del D\u00eda Mundial de la Salud, que se celebra el 7 de abril. Este a\u00f1o el lema es \u201cSalud Universal para Todos en Todas Partes\u201d. En [&hellip;]<\/p>\n","protected":false},"author":4,"featured_media":9335,"comment_status":"open","ping_status":"open","sticky":false,"template":"","format":"standard","meta":{"footnotes":""},"categories":[3,29,36],"tags":[],"coauthors":[],"class_list":{"0":"post-9332","1":"post","2":"type-post","3":"status-publish","4":"format-standard","5":"has-post-thumbnail","7":"category-actualidad","8":"category-publicaciones","9":"category-unidades-medicas"},"_links":{"self":[{"href":"https:\/\/www.igssgt.org\/noticias\/wp-json\/wp\/v2\/posts\/9332","targetHints":{"allow":["GET"]}}],"collection":[{"href":"https:\/\/www.igssgt.org\/noticias\/wp-json\/wp\/v2\/posts"}],"about":[{"href":"https:\/\/www.igssgt.org\/noticias\/wp-json\/wp\/v2\/types\/post"}],"author":[{"embeddable":true,"href":"https:\/\/www.igssgt.org\/noticias\/wp-json\/wp\/v2\/users\/4"}],"replies":[{"embeddable":true,"href":"https:\/\/www.igssgt.org\/noticias\/wp-json\/wp\/v2\/comments?post=9332"}],"version-history":[{"count":0,"href":"https:\/\/www.igssgt.org\/noticias\/wp-json\/wp\/v2\/posts\/9332\/revisions"}],"wp:featuredmedia":[{"embeddable":true,"href":"https:\/\/www.igssgt.org\/noticias\/wp-json\/wp\/v2\/media\/9335"}],"wp:attachment":[{"href":"https:\/\/www.igssgt.org\/noticias\/wp-json\/wp\/v2\/media?parent=9332"}],"wp:term":[{"taxonomy":"category","embeddable":true,"href":"https:\/\/www.igssgt.org\/noticias\/wp-json\/wp\/v2\/categories?post=9332"},{"taxonomy":"post_tag","embeddable":true,"href":"https:\/\/www.igssgt.org\/noticias\/wp-json\/wp\/v2\/tags?post=9332"},{"taxonomy":"author","embeddable":true,"href":"https:\/\/www.igssgt.org\/noticias\/wp-json\/wp\/v2\/coauthors?post=9332"}],"curies":[{"name":"wp","href":"https:\/\/api.w.org\/{rel}","templated":true}]}}