{"id":9337,"date":"2019-04-08T11:50:59","date_gmt":"2019-04-08T17:50:59","guid":{"rendered":"http:\/\/noticias.igssgt.org\/?p=9337"},"modified":"2019-04-08T11:50:59","modified_gmt":"2019-04-08T17:50:59","slug":"reconocen-labor-de-profesionales-del-igss","status":"publish","type":"post","link":"https:\/\/www.igssgt.org\/noticias\/2019\/04\/08\/reconocen-labor-de-profesionales-del-igss\/","title":{"rendered":"Reconocen labor de profesionales del IGSS"},"content":{"rendered":"<p>El doctor Gabriel Ubaldo Hern\u00e1ndez G\u00f3mez, m\u00e9dico especialista del Servicio de Miembro Superior; la nutricionista Clara Mar\u00eda Aguilar de Le\u00f3n, jefe del Servicio de Nutrici\u00f3n y Diet\u00e9tica y la enfermera profesional Girma Arely Guerra Gir\u00f3n, enfermera General con funciones de jefe de enfermer\u00eda del Servicio de Cirug\u00eda Ambulatoria fueron galardonados en reconocimiento por su trayectoria profesional en el Hospital General de Accidentes Ceibal.<\/p>\n<p>\u00abReconozco en ustedes al tipo de personal que siempre est\u00e1 dispuesto a dar m\u00e1s all\u00e1 de lo que establece su puesto de trabajo\u00bb dijo el director del hospital, doctor Walter Alfredo Forno Foncea, al momento de dirigirse a los galardonados durante el acto de reconocimiento.<\/p>\n<p>El director invit\u00f3, a todo el personal del hospital, a seguir el ejemplo de entrega y dedicaci\u00f3n de los profesionales reconocidos en esta oportunidad para continuar con la entrega de servicios de calidad a los afiliados, pensionados, jubilados y beneficiarios de la instituci\u00f3n.<\/p>\n<p>La ceremonia se reconocimiento tiene lugar en forma trimestral y se busca enaltecer el desempe\u00f1o responsable de los colaboradores del hospital.<\/p>\n\r\n                <style type=\"text\/css\">\r\n                    \r\n                    #tdi_1  .td-doubleSlider-2 .td-item1 {\r\n                        background: url(\/wp-content\/uploads\/sites\/5\/2019\/04\/Reconocen-labor-de-profesionales-del-IGSS-2019-4-80x60.jpg) 0 0 no-repeat;\r\n                    }\r\n                    #tdi_1  .td-doubleSlider-2 .td-item2 {\r\n                        background: url(\/wp-content\/uploads\/sites\/5\/2019\/04\/Reconocen-labor-de-profesionales-del-IGSS-2019-1-80x60.jpg) 0 0 no-repeat;\r\n                    }\r\n                    #tdi_1  .td-doubleSlider-2 .td-item3 {\r\n                        background: url(\/wp-content\/uploads\/sites\/5\/2019\/04\/Reconocen-labor-de-profesionales-del-IGSS-2019-2-80x60.jpg) 0 0 no-repeat;\r\n                    }\r\n                    #tdi_1  .td-doubleSlider-2 .td-item4 {\r\n                        background: url(\/wp-content\/uploads\/sites\/5\/2019\/04\/Reconocen-labor-de-profesionales-del-IGSS-2019-3-80x60.jpg) 0 0 no-repeat;\r\n                    }\r\n                    #tdi_1  .td-doubleSlider-2 .td-item5 {\r\n                        background: url(\/wp-content\/uploads\/sites\/5\/2019\/04\/Reconocen-labor-de-profesionales-del-IGSS-2019-5-80x60.jpg) 0 0 no-repeat;\r\n                    }\r\n                    #tdi_1  .td-doubleSlider-2 .td-item6 {\r\n                        background: url(\/wp-content\/uploads\/sites\/5\/2019\/04\/Reconocen-labor-de-profesionales-del-IGSS-2019-6-80x60.jpg) 0 0 no-repeat;\r\n                    }\r\n                    #tdi_1  .td-doubleSlider-2 .td-item7 {\r\n                        background: url(\/wp-content\/uploads\/sites\/5\/2019\/04\/Reconocen-labor-de-profesionales-del-IGSS-2019-7-80x60.jpg) 0 0 no-repeat;\r\n                    }\r\n                <\/style>\r\n\r\n                <div id=\"tdi_1\" class=\"td-gallery td-slide-on-2-columns\">\r\n                    <div class=\"post_td_gallery\">\r\n                        <div class=\"td-gallery-slide-top\">\r\n                           <div class=\"td-gallery-title\">Galer\u00eda de Im\u00e1genes<\/div>\r\n\r\n                            <div class=\"td-gallery-controls-wrapper\">\r\n                                <div class=\"td-gallery-slide-count\"><span class=\"td-gallery-slide-item-focus\">1<\/span> de 7<\/div>\r\n                                <div class=\"td-gallery-slide-prev-next-but\">\r\n                                    <i class = \"td-icon-left doubleSliderPrevButton\"><\/i>\r\n                                    <i class = \"td-icon-right doubleSliderNextButton\"><\/i>\r\n                                <\/div>\r\n                            <\/div>\r\n                        <\/div>\r\n\r\n                        <div class = \"td-doubleSlider-1 \">\r\n                            <div class = \"td-slider\">\r\n                                \r\n                    <div class = \"td-slide-item td-item1\">\r\n                        <figure class=\"td-slide-galery-figure td-slide-popup-gallery\">\r\n                            <a class=\"slide-gallery-image-link\" href=\"\/wp-content\/uploads\/sites\/5\/2019\/04\/Reconocen-labor-de-profesionales-del-IGSS-2019-4.jpg\" title=\"Reconocen labor de profesionales del IGSS 2019-4\"  data-caption=\"\"  data-description=\"\">\r\n                                <img decoding=\"async\" src=\"\/wp-content\/uploads\/sites\/5\/2019\/04\/Reconocen-labor-de-profesionales-del-IGSS-2019-4-560x420.jpg\" srcset=\"\/wp-content\/uploads\/sites\/5\/2019\/04\/Reconocen-labor-de-profesionales-del-IGSS-2019-4-560x420.jpg 560w, \/wp-content\/uploads\/sites\/5\/2019\/04\/Reconocen-labor-de-profesionales-del-IGSS-2019-4-300x225.jpg 300w, \/wp-content\/uploads\/sites\/5\/2019\/04\/Reconocen-labor-de-profesionales-del-IGSS-2019-4-768x576.jpg 768w, \/wp-content\/uploads\/sites\/5\/2019\/04\/Reconocen-labor-de-profesionales-del-IGSS-2019-4-1024x768.jpg 1024w, \/wp-content\/uploads\/sites\/5\/2019\/04\/Reconocen-labor-de-profesionales-del-IGSS-2019-4-80x60.jpg 80w, \/wp-content\/uploads\/sites\/5\/2019\/04\/Reconocen-labor-de-profesionales-del-IGSS-2019-4-696x522.jpg 696w, \/wp-content\/uploads\/sites\/5\/2019\/04\/Reconocen-labor-de-profesionales-del-IGSS-2019-4-265x198.jpg 265w, \/wp-content\/uploads\/sites\/5\/2019\/04\/Reconocen-labor-de-profesionales-del-IGSS-2019-4-534x401.jpg 534w, \/wp-content\/uploads\/sites\/5\/2019\/04\/Reconocen-labor-de-profesionales-del-IGSS-2019-4.jpg 1040w\" sizes=\"(max-width: 560px) 100vw, 560px\" alt=\"\">\r\n                            <\/a>\r\n                            \r\n                        <\/figure>\r\n                    <\/div>\r\n                    <div class = \"td-slide-item td-item2\">\r\n                        <figure class=\"td-slide-galery-figure td-slide-popup-gallery\">\r\n                            <a class=\"slide-gallery-image-link\" href=\"\/wp-content\/uploads\/sites\/5\/2019\/04\/Reconocen-labor-de-profesionales-del-IGSS-2019-1.jpg\" title=\"Reconocen labor de profesionales del IGSS 2019-1\"  data-caption=\"\"  data-description=\"\">\r\n                                <img decoding=\"async\" src=\"\/wp-content\/uploads\/sites\/5\/2019\/04\/Reconocen-labor-de-profesionales-del-IGSS-2019-1-560x420.jpg\" srcset=\"\/wp-content\/uploads\/sites\/5\/2019\/04\/Reconocen-labor-de-profesionales-del-IGSS-2019-1-560x420.jpg 560w, \/wp-content\/uploads\/sites\/5\/2019\/04\/Reconocen-labor-de-profesionales-del-IGSS-2019-1-300x225.jpg 300w, \/wp-content\/uploads\/sites\/5\/2019\/04\/Reconocen-labor-de-profesionales-del-IGSS-2019-1-768x576.jpg 768w, \/wp-content\/uploads\/sites\/5\/2019\/04\/Reconocen-labor-de-profesionales-del-IGSS-2019-1-1024x768.jpg 1024w, \/wp-content\/uploads\/sites\/5\/2019\/04\/Reconocen-labor-de-profesionales-del-IGSS-2019-1-80x60.jpg 80w, \/wp-content\/uploads\/sites\/5\/2019\/04\/Reconocen-labor-de-profesionales-del-IGSS-2019-1-696x522.jpg 696w, \/wp-content\/uploads\/sites\/5\/2019\/04\/Reconocen-labor-de-profesionales-del-IGSS-2019-1-265x198.jpg 265w, \/wp-content\/uploads\/sites\/5\/2019\/04\/Reconocen-labor-de-profesionales-del-IGSS-2019-1-534x401.jpg 534w, \/wp-content\/uploads\/sites\/5\/2019\/04\/Reconocen-labor-de-profesionales-del-IGSS-2019-1.jpg 1040w\" sizes=\"(max-width: 560px) 100vw, 560px\" alt=\"\">\r\n                            <\/a>\r\n                            \r\n                        <\/figure>\r\n                    <\/div>\r\n                    <div class = \"td-slide-item td-item3\">\r\n                        <figure class=\"td-slide-galery-figure td-slide-popup-gallery\">\r\n                            <a class=\"slide-gallery-image-link\" href=\"\/wp-content\/uploads\/sites\/5\/2019\/04\/Reconocen-labor-de-profesionales-del-IGSS-2019-2.jpg\" title=\"Reconocen labor de profesionales del IGSS 2019-2\"  data-caption=\"\"  data-description=\"\">\r\n                                <img decoding=\"async\" src=\"\/wp-content\/uploads\/sites\/5\/2019\/04\/Reconocen-labor-de-profesionales-del-IGSS-2019-2-560x420.jpg\" srcset=\"\/wp-content\/uploads\/sites\/5\/2019\/04\/Reconocen-labor-de-profesionales-del-IGSS-2019-2-560x420.jpg 560w, \/wp-content\/uploads\/sites\/5\/2019\/04\/Reconocen-labor-de-profesionales-del-IGSS-2019-2-300x225.jpg 300w, \/wp-content\/uploads\/sites\/5\/2019\/04\/Reconocen-labor-de-profesionales-del-IGSS-2019-2-768x576.jpg 768w, \/wp-content\/uploads\/sites\/5\/2019\/04\/Reconocen-labor-de-profesionales-del-IGSS-2019-2-1024x768.jpg 1024w, \/wp-content\/uploads\/sites\/5\/2019\/04\/Reconocen-labor-de-profesionales-del-IGSS-2019-2-80x60.jpg 80w, \/wp-content\/uploads\/sites\/5\/2019\/04\/Reconocen-labor-de-profesionales-del-IGSS-2019-2-696x522.jpg 696w, \/wp-content\/uploads\/sites\/5\/2019\/04\/Reconocen-labor-de-profesionales-del-IGSS-2019-2-265x198.jpg 265w, \/wp-content\/uploads\/sites\/5\/2019\/04\/Reconocen-labor-de-profesionales-del-IGSS-2019-2-534x401.jpg 534w, \/wp-content\/uploads\/sites\/5\/2019\/04\/Reconocen-labor-de-profesionales-del-IGSS-2019-2.jpg 1040w\" sizes=\"(max-width: 560px) 100vw, 560px\" alt=\"\">\r\n                            <\/a>\r\n                            \r\n                        <\/figure>\r\n                    <\/div>\r\n                    <div class = \"td-slide-item td-item4\">\r\n                        <figure class=\"td-slide-galery-figure td-slide-popup-gallery\">\r\n                            <a class=\"slide-gallery-image-link\" href=\"\/wp-content\/uploads\/sites\/5\/2019\/04\/Reconocen-labor-de-profesionales-del-IGSS-2019-3.jpg\" title=\"Reconocen labor de profesionales del IGSS 2019-3\"  data-caption=\"\"  data-description=\"\">\r\n                                <img decoding=\"async\" src=\"\/wp-content\/uploads\/sites\/5\/2019\/04\/Reconocen-labor-de-profesionales-del-IGSS-2019-3-315x420.jpg\" srcset=\"\/wp-content\/uploads\/sites\/5\/2019\/04\/Reconocen-labor-de-profesionales-del-IGSS-2019-3-315x420.jpg 315w, \/wp-content\/uploads\/sites\/5\/2019\/04\/Reconocen-labor-de-profesionales-del-IGSS-2019-3-225x300.jpg 225w, \/wp-content\/uploads\/sites\/5\/2019\/04\/Reconocen-labor-de-profesionales-del-IGSS-2019-3-768x1024.jpg 768w, \/wp-content\/uploads\/sites\/5\/2019\/04\/Reconocen-labor-de-profesionales-del-IGSS-2019-3-696x928.jpg 696w, \/wp-content\/uploads\/sites\/5\/2019\/04\/Reconocen-labor-de-profesionales-del-IGSS-2019-3-347x462.jpg 347w, \/wp-content\/uploads\/sites\/5\/2019\/04\/Reconocen-labor-de-profesionales-del-IGSS-2019-3.jpg 780w\" sizes=\"(max-width: 315px) 100vw, 315px\" alt=\"\">\r\n                            <\/a>\r\n                            \r\n                        <\/figure>\r\n                    <\/div>\r\n                    <div class = \"td-slide-item td-item5\">\r\n                        <figure class=\"td-slide-galery-figure td-slide-popup-gallery\">\r\n                            <a class=\"slide-gallery-image-link\" href=\"\/wp-content\/uploads\/sites\/5\/2019\/04\/Reconocen-labor-de-profesionales-del-IGSS-2019-5.jpg\" title=\"Reconocen labor de profesionales del IGSS 2019-5\"  data-caption=\"\"  data-description=\"\">\r\n                                <img decoding=\"async\" src=\"\/wp-content\/uploads\/sites\/5\/2019\/04\/Reconocen-labor-de-profesionales-del-IGSS-2019-5-560x420.jpg\" srcset=\"\/wp-content\/uploads\/sites\/5\/2019\/04\/Reconocen-labor-de-profesionales-del-IGSS-2019-5-560x420.jpg 560w, \/wp-content\/uploads\/sites\/5\/2019\/04\/Reconocen-labor-de-profesionales-del-IGSS-2019-5-300x225.jpg 300w, \/wp-content\/uploads\/sites\/5\/2019\/04\/Reconocen-labor-de-profesionales-del-IGSS-2019-5-768x576.jpg 768w, \/wp-content\/uploads\/sites\/5\/2019\/04\/Reconocen-labor-de-profesionales-del-IGSS-2019-5-1024x768.jpg 1024w, \/wp-content\/uploads\/sites\/5\/2019\/04\/Reconocen-labor-de-profesionales-del-IGSS-2019-5-80x60.jpg 80w, \/wp-content\/uploads\/sites\/5\/2019\/04\/Reconocen-labor-de-profesionales-del-IGSS-2019-5-696x522.jpg 696w, \/wp-content\/uploads\/sites\/5\/2019\/04\/Reconocen-labor-de-profesionales-del-IGSS-2019-5-265x198.jpg 265w, \/wp-content\/uploads\/sites\/5\/2019\/04\/Reconocen-labor-de-profesionales-del-IGSS-2019-5-534x401.jpg 534w, \/wp-content\/uploads\/sites\/5\/2019\/04\/Reconocen-labor-de-profesionales-del-IGSS-2019-5.jpg 1040w\" sizes=\"(max-width: 560px) 100vw, 560px\" alt=\"\">\r\n                            <\/a>\r\n                            \r\n                        <\/figure>\r\n                    <\/div>\r\n                    <div class = \"td-slide-item td-item6\">\r\n                        <figure class=\"td-slide-galery-figure td-slide-popup-gallery\">\r\n                            <a class=\"slide-gallery-image-link\" href=\"\/wp-content\/uploads\/sites\/5\/2019\/04\/Reconocen-labor-de-profesionales-del-IGSS-2019-6.jpg\" title=\"Reconocen labor de profesionales del IGSS 2019-6\"  data-caption=\"\"  data-description=\"\">\r\n                                <img decoding=\"async\" src=\"\/wp-content\/uploads\/sites\/5\/2019\/04\/Reconocen-labor-de-profesionales-del-IGSS-2019-6-560x420.jpg\" srcset=\"\/wp-content\/uploads\/sites\/5\/2019\/04\/Reconocen-labor-de-profesionales-del-IGSS-2019-6-560x420.jpg 560w, \/wp-content\/uploads\/sites\/5\/2019\/04\/Reconocen-labor-de-profesionales-del-IGSS-2019-6-300x225.jpg 300w, \/wp-content\/uploads\/sites\/5\/2019\/04\/Reconocen-labor-de-profesionales-del-IGSS-2019-6-768x576.jpg 768w, \/wp-content\/uploads\/sites\/5\/2019\/04\/Reconocen-labor-de-profesionales-del-IGSS-2019-6-1024x768.jpg 1024w, \/wp-content\/uploads\/sites\/5\/2019\/04\/Reconocen-labor-de-profesionales-del-IGSS-2019-6-80x60.jpg 80w, \/wp-content\/uploads\/sites\/5\/2019\/04\/Reconocen-labor-de-profesionales-del-IGSS-2019-6-696x522.jpg 696w, \/wp-content\/uploads\/sites\/5\/2019\/04\/Reconocen-labor-de-profesionales-del-IGSS-2019-6-265x198.jpg 265w, \/wp-content\/uploads\/sites\/5\/2019\/04\/Reconocen-labor-de-profesionales-del-IGSS-2019-6-534x401.jpg 534w, \/wp-content\/uploads\/sites\/5\/2019\/04\/Reconocen-labor-de-profesionales-del-IGSS-2019-6.jpg 1040w\" sizes=\"(max-width: 560px) 100vw, 560px\" alt=\"\">\r\n                            <\/a>\r\n                            \r\n                        <\/figure>\r\n                    <\/div>\r\n                    <div class = \"td-slide-item td-item7\">\r\n                        <figure class=\"td-slide-galery-figure td-slide-popup-gallery\">\r\n                            <a class=\"slide-gallery-image-link\" href=\"\/wp-content\/uploads\/sites\/5\/2019\/04\/Reconocen-labor-de-profesionales-del-IGSS-2019-7.jpg\" title=\"Reconocen labor de profesionales del IGSS 2019-7\"  data-caption=\"\"  data-description=\"\">\r\n                                <img decoding=\"async\" src=\"\/wp-content\/uploads\/sites\/5\/2019\/04\/Reconocen-labor-de-profesionales-del-IGSS-2019-7-560x420.jpg\" srcset=\"\/wp-content\/uploads\/sites\/5\/2019\/04\/Reconocen-labor-de-profesionales-del-IGSS-2019-7-560x420.jpg 560w, \/wp-content\/uploads\/sites\/5\/2019\/04\/Reconocen-labor-de-profesionales-del-IGSS-2019-7-300x225.jpg 300w, \/wp-content\/uploads\/sites\/5\/2019\/04\/Reconocen-labor-de-profesionales-del-IGSS-2019-7-768x576.jpg 768w, \/wp-content\/uploads\/sites\/5\/2019\/04\/Reconocen-labor-de-profesionales-del-IGSS-2019-7-1024x768.jpg 1024w, \/wp-content\/uploads\/sites\/5\/2019\/04\/Reconocen-labor-de-profesionales-del-IGSS-2019-7-80x60.jpg 80w, \/wp-content\/uploads\/sites\/5\/2019\/04\/Reconocen-labor-de-profesionales-del-IGSS-2019-7-696x522.jpg 696w, \/wp-content\/uploads\/sites\/5\/2019\/04\/Reconocen-labor-de-profesionales-del-IGSS-2019-7-265x198.jpg 265w, \/wp-content\/uploads\/sites\/5\/2019\/04\/Reconocen-labor-de-profesionales-del-IGSS-2019-7-534x401.jpg 534w, \/wp-content\/uploads\/sites\/5\/2019\/04\/Reconocen-labor-de-profesionales-del-IGSS-2019-7.jpg 1040w\" sizes=\"(max-width: 560px) 100vw, 560px\" alt=\"\">\r\n                            <\/a>\r\n                            \r\n                        <\/figure>\r\n                    <\/div>\r\n                            <\/div>\r\n                        <\/div>\r\n\r\n                        <div class = \"td-doubleSlider-2\">\r\n                            <div class = \"td-slider\">\r\n                                \r\n                    <div class = \"td-button td-item1\">\r\n                        <div class = \"td-border\"><\/div>\r\n                    <\/div>\r\n                    <div class = \"td-button td-item2\">\r\n                        <div class = \"td-border\"><\/div>\r\n                    <\/div>\r\n                    <div class = \"td-button td-item3\">\r\n                        <div class = \"td-border\"><\/div>\r\n                    <\/div>\r\n                    <div class = \"td-button td-item4\">\r\n                        <div class = \"td-border\"><\/div>\r\n                    <\/div>\r\n                    <div class = \"td-button td-item5\">\r\n                        <div class = \"td-border\"><\/div>\r\n                    <\/div>\r\n                    <div class = \"td-button td-item6\">\r\n                        <div class = \"td-border\"><\/div>\r\n                    <\/div>\r\n                    <div class = \"td-button td-item7\">\r\n                        <div class = \"td-border\"><\/div>\r\n                    <\/div>\r\n                            <\/div>\r\n                        <\/div>\r\n\r\n                    <\/div>\r\n\r\n                <\/div>\r\n                \n<hr \/>\n<p>&nbsp;<\/p>\n","protected":false},"excerpt":{"rendered":"<p>El doctor Gabriel Ubaldo Hern\u00e1ndez G\u00f3mez, m\u00e9dico especialista del Servicio de Miembro Superior; la nutricionista Clara Mar\u00eda Aguilar de Le\u00f3n, jefe del Servicio de Nutrici\u00f3n y Diet\u00e9tica y la enfermera profesional Girma Arely Guerra Gir\u00f3n, enfermera General con funciones de jefe de enfermer\u00eda del Servicio de Cirug\u00eda Ambulatoria fueron galardonados en reconocimiento por su trayectoria [&hellip;]<\/p>\n","protected":false},"author":4,"featured_media":9344,"comment_status":"open","ping_status":"open","sticky":false,"template":"","format":"standard","meta":{"footnotes":""},"categories":[3,29,36],"tags":[480,490,750],"coauthors":[],"class_list":{"0":"post-9337","1":"post","2":"type-post","3":"status-publish","4":"format-standard","5":"has-post-thumbnail","7":"category-actualidad","8":"category-publicaciones","9":"category-unidades-medicas","10":"tag-hospital-general-de-accidentes-ceibal","11":"tag-igss","12":"tag-reconocimiento"},"_links":{"self":[{"href":"https:\/\/www.igssgt.org\/noticias\/wp-json\/wp\/v2\/posts\/9337","targetHints":{"allow":["GET"]}}],"collection":[{"href":"https:\/\/www.igssgt.org\/noticias\/wp-json\/wp\/v2\/posts"}],"about":[{"href":"https:\/\/www.igssgt.org\/noticias\/wp-json\/wp\/v2\/types\/post"}],"author":[{"embeddable":true,"href":"https:\/\/www.igssgt.org\/noticias\/wp-json\/wp\/v2\/users\/4"}],"replies":[{"embeddable":true,"href":"https:\/\/www.igssgt.org\/noticias\/wp-json\/wp\/v2\/comments?post=9337"}],"version-history":[{"count":0,"href":"https:\/\/www.igssgt.org\/noticias\/wp-json\/wp\/v2\/posts\/9337\/revisions"}],"wp:featuredmedia":[{"embeddable":true,"href":"https:\/\/www.igssgt.org\/noticias\/wp-json\/wp\/v2\/media\/9344"}],"wp:attachment":[{"href":"https:\/\/www.igssgt.org\/noticias\/wp-json\/wp\/v2\/media?parent=9337"}],"wp:term":[{"taxonomy":"category","embeddable":true,"href":"https:\/\/www.igssgt.org\/noticias\/wp-json\/wp\/v2\/categories?post=9337"},{"taxonomy":"post_tag","embeddable":true,"href":"https:\/\/www.igssgt.org\/noticias\/wp-json\/wp\/v2\/tags?post=9337"},{"taxonomy":"author","embeddable":true,"href":"https:\/\/www.igssgt.org\/noticias\/wp-json\/wp\/v2\/coauthors?post=9337"}],"curies":[{"name":"wp","href":"https:\/\/api.w.org\/{rel}","templated":true}]}}