{"id":9368,"date":"2019-04-17T10:23:43","date_gmt":"2019-04-17T16:23:43","guid":{"rendered":"http:\/\/noticias.igssgt.org\/?p=9368"},"modified":"2019-04-17T10:23:43","modified_gmt":"2019-04-17T16:23:43","slug":"conmemoran-el-dia-mundial-de-la-hemofilia","status":"publish","type":"post","link":"https:\/\/www.igssgt.org\/noticias\/2019\/04\/17\/conmemoran-el-dia-mundial-de-la-hemofilia\/","title":{"rendered":"Conmemoran el D\u00eda Mundial de la Hemofilia"},"content":{"rendered":"<p><a href=\"\/noticias\/wp-content\/uploads\/sites\/5\/2019\/04\/69D643ED-155E-4CA3-908D-5C7DF1423F96.jpeg\"><img loading=\"lazy\" decoding=\"async\" class=\"alignnone size-full wp-image-9372\" src=\"\/noticias\/wp-content\/uploads\/sites\/5\/2019\/04\/69D643ED-155E-4CA3-908D-5C7DF1423F96.jpeg\" alt=\"\" width=\"1280\" height=\"853\" srcset=\"\/wp-content\/uploads\/sites\/5\/2019\/04\/69D643ED-155E-4CA3-908D-5C7DF1423F96.jpeg 1280w, \/wp-content\/uploads\/sites\/5\/2019\/04\/69D643ED-155E-4CA3-908D-5C7DF1423F96-300x200.jpeg 300w, \/wp-content\/uploads\/sites\/5\/2019\/04\/69D643ED-155E-4CA3-908D-5C7DF1423F96-768x512.jpeg 768w, \/wp-content\/uploads\/sites\/5\/2019\/04\/69D643ED-155E-4CA3-908D-5C7DF1423F96-1024x682.jpeg 1024w, \/wp-content\/uploads\/sites\/5\/2019\/04\/69D643ED-155E-4CA3-908D-5C7DF1423F96-630x420.jpeg 630w, \/wp-content\/uploads\/sites\/5\/2019\/04\/69D643ED-155E-4CA3-908D-5C7DF1423F96-696x464.jpeg 696w, \/wp-content\/uploads\/sites\/5\/2019\/04\/69D643ED-155E-4CA3-908D-5C7DF1423F96-1068x712.jpeg 1068w, \/wp-content\/uploads\/sites\/5\/2019\/04\/69D643ED-155E-4CA3-908D-5C7DF1423F96-534x356.jpeg 534w\" sizes=\"auto, (max-width: 1280px) 100vw, 1280px\" \/><\/a><\/p>\n<p>En el marco del D\u00eda Mundial de la Hemofilia, que se conmemora el 17 de abril de cada a\u00f1o, en el auditorio del Hospital General de Enfermedades del Instituto Guatemalteco de Seguridad Social (IGSS), zona 9, se realiz\u00f3 un taller de actividad f\u00edsica dirigido a ni\u00f1os que padecen esta enfermedad y a sus padres.<\/p>\n<p>El taller estuvo a cargo del equipo multidisciplinario de hemofilia, como parte de las actividades para concientizar y educar en el tema.<\/p>\n<p><a href=\"\/noticias\/wp-content\/uploads\/sites\/5\/2019\/04\/C32B7167-305D-4AFC-9BFB-E3D9B646FD3C.jpeg\"><img loading=\"lazy\" decoding=\"async\" class=\"alignnone size-full wp-image-9371\" src=\"\/noticias\/wp-content\/uploads\/sites\/5\/2019\/04\/C32B7167-305D-4AFC-9BFB-E3D9B646FD3C.jpeg\" alt=\"\" width=\"1280\" height=\"853\" srcset=\"\/wp-content\/uploads\/sites\/5\/2019\/04\/C32B7167-305D-4AFC-9BFB-E3D9B646FD3C.jpeg 1280w, \/wp-content\/uploads\/sites\/5\/2019\/04\/C32B7167-305D-4AFC-9BFB-E3D9B646FD3C-300x200.jpeg 300w, \/wp-content\/uploads\/sites\/5\/2019\/04\/C32B7167-305D-4AFC-9BFB-E3D9B646FD3C-768x512.jpeg 768w, \/wp-content\/uploads\/sites\/5\/2019\/04\/C32B7167-305D-4AFC-9BFB-E3D9B646FD3C-1024x682.jpeg 1024w, \/wp-content\/uploads\/sites\/5\/2019\/04\/C32B7167-305D-4AFC-9BFB-E3D9B646FD3C-630x420.jpeg 630w, \/wp-content\/uploads\/sites\/5\/2019\/04\/C32B7167-305D-4AFC-9BFB-E3D9B646FD3C-696x464.jpeg 696w, \/wp-content\/uploads\/sites\/5\/2019\/04\/C32B7167-305D-4AFC-9BFB-E3D9B646FD3C-1068x712.jpeg 1068w, \/wp-content\/uploads\/sites\/5\/2019\/04\/C32B7167-305D-4AFC-9BFB-E3D9B646FD3C-534x356.jpeg 534w\" sizes=\"auto, (max-width: 1280px) 100vw, 1280px\" \/><\/a><\/p>\n<p>La hemofilia es un trastorno hemorr\u00e1gico hereditario causado por la carencia de uno de los factores de coagulaci\u00f3n de la sangre. Quienes lo padecen sangran de forma inesperada o como consecuencia de lesiones graves.<\/p>\n<p>La pediatr\u00eda de este hospital cuenta con una poblaci\u00f3n de aproximadamente 100 ni\u00f1os con esta condici\u00f3n, quienes reciben tratamiento profesional de salud brindado por el equipo multidisciplinario de hemofilia conformado por la hemat\u00f3loga pedi\u00e1trica Silvana Oliva, la pediatra Azucena Mu\u00f1oz, la fisioterapista Cecilia Hern\u00e1ndez, las nutricionistas Alejandra Figueroa y Andrea Contreras y las licenciadas en Farmacia Cecilia Casta\u00f1eda y Eva Ram\u00edrez.<\/p>\n<p style=\"text-align: center\"><a href=\"\/noticias\/wp-content\/uploads\/sites\/5\/2019\/04\/96E8770C-26F8-4807-B78E-477E2CD441A4.jpeg\"><img loading=\"lazy\" decoding=\"async\" class=\"alignnone size-full wp-image-9373\" src=\"\/noticias\/wp-content\/uploads\/sites\/5\/2019\/04\/96E8770C-26F8-4807-B78E-477E2CD441A4.jpeg\" alt=\"\" width=\"1280\" height=\"853\" srcset=\"\/wp-content\/uploads\/sites\/5\/2019\/04\/96E8770C-26F8-4807-B78E-477E2CD441A4.jpeg 1280w, \/wp-content\/uploads\/sites\/5\/2019\/04\/96E8770C-26F8-4807-B78E-477E2CD441A4-300x200.jpeg 300w, \/wp-content\/uploads\/sites\/5\/2019\/04\/96E8770C-26F8-4807-B78E-477E2CD441A4-768x512.jpeg 768w, \/wp-content\/uploads\/sites\/5\/2019\/04\/96E8770C-26F8-4807-B78E-477E2CD441A4-1024x682.jpeg 1024w, \/wp-content\/uploads\/sites\/5\/2019\/04\/96E8770C-26F8-4807-B78E-477E2CD441A4-630x420.jpeg 630w, \/wp-content\/uploads\/sites\/5\/2019\/04\/96E8770C-26F8-4807-B78E-477E2CD441A4-696x464.jpeg 696w, \/wp-content\/uploads\/sites\/5\/2019\/04\/96E8770C-26F8-4807-B78E-477E2CD441A4-1068x712.jpeg 1068w, \/wp-content\/uploads\/sites\/5\/2019\/04\/96E8770C-26F8-4807-B78E-477E2CD441A4-534x356.jpeg 534w\" sizes=\"auto, (max-width: 1280px) 100vw, 1280px\" \/><\/a><\/p>\n<p>Este equipo efect\u00faa trimestralmente, desde el a\u00f1o 2015 actividades educativas para la formaci\u00f3n de los padres, principales responsables de los ni\u00f1os que padecen esta enfermedad.<\/p>\n<p>El taller correspondiente al primer trimestre de 2019 fue dise\u00f1ado por el Servicio de Fisioterapia y const\u00f3 de dos partes desarrolladas el 11 de abril. La primera fue un rally de actividades individuales donde se trabaj\u00f3 la motricidad gruesa, motricidad fina, ejercicios de equilibrio y coordinaci\u00f3n y ejercicios respiratorios, que ayudar\u00e1n al ni\u00f1o a mejorar sus capacidades motoras y contribuir\u00e1n a mejorar su estado f\u00edsico.<\/p>\n<p><a href=\"\/noticias\/wp-content\/uploads\/sites\/5\/2019\/04\/13AF3D28-97EB-4849-AB82-8F71C322D72F.jpeg\"><img loading=\"lazy\" decoding=\"async\" class=\"alignnone size-full wp-image-9374\" src=\"\/noticias\/wp-content\/uploads\/sites\/5\/2019\/04\/13AF3D28-97EB-4849-AB82-8F71C322D72F.jpeg\" alt=\"\" width=\"853\" height=\"1280\" srcset=\"\/wp-content\/uploads\/sites\/5\/2019\/04\/13AF3D28-97EB-4849-AB82-8F71C322D72F.jpeg 853w, \/wp-content\/uploads\/sites\/5\/2019\/04\/13AF3D28-97EB-4849-AB82-8F71C322D72F-200x300.jpeg 200w, \/wp-content\/uploads\/sites\/5\/2019\/04\/13AF3D28-97EB-4849-AB82-8F71C322D72F-768x1152.jpeg 768w, \/wp-content\/uploads\/sites\/5\/2019\/04\/13AF3D28-97EB-4849-AB82-8F71C322D72F-682x1024.jpeg 682w, \/wp-content\/uploads\/sites\/5\/2019\/04\/13AF3D28-97EB-4849-AB82-8F71C322D72F-280x420.jpeg 280w, \/wp-content\/uploads\/sites\/5\/2019\/04\/13AF3D28-97EB-4849-AB82-8F71C322D72F-696x1044.jpeg 696w, \/wp-content\/uploads\/sites\/5\/2019\/04\/13AF3D28-97EB-4849-AB82-8F71C322D72F-308x462.jpeg 308w\" sizes=\"auto, (max-width: 853px) 100vw, 853px\" \/><\/a><\/p>\n<p>En la segunda parte se realiz\u00f3 una gimnasia especial, con un programa de bajo impacto, el cual contribuir\u00e1 a fortalecer y potenciar el sistema osteomuscular de los pacientes.<\/p>\n<p>Un punto importante del taller fue la ense\u00f1anza de herramientas preventivas a los padres de familia sobre cuidados y mejora de la condici\u00f3n de sus hijos. El objetivo principal es coadyuvar al mejoramiento de la calidad de vida de los pacientes.<\/p>\n","protected":false},"excerpt":{"rendered":"<p>En el marco del D\u00eda Mundial de la Hemofilia, que se conmemora el 17 de abril de cada a\u00f1o, en el auditorio del Hospital General de Enfermedades del Instituto Guatemalteco de Seguridad Social (IGSS), zona 9, se realiz\u00f3 un taller de actividad f\u00edsica dirigido a ni\u00f1os que padecen esta enfermedad y a sus padres. El [&hellip;]<\/p>\n","protected":false},"author":4,"featured_media":9370,"comment_status":"open","ping_status":"open","sticky":false,"template":"","format":"standard","meta":{"footnotes":""},"categories":[3,24,29,36],"tags":[468,481,490,790],"coauthors":[],"class_list":{"0":"post-9368","1":"post","2":"type-post","3":"status-publish","4":"format-standard","5":"has-post-thumbnail","7":"category-actualidad","8":"category-pediatria","9":"category-publicaciones","10":"category-unidades-medicas","11":"tag-hemofilia","12":"tag-hospital-general-de-enfermedades","13":"tag-igss","14":"tag-servicio-de-pediatria"},"_links":{"self":[{"href":"https:\/\/www.igssgt.org\/noticias\/wp-json\/wp\/v2\/posts\/9368","targetHints":{"allow":["GET"]}}],"collection":[{"href":"https:\/\/www.igssgt.org\/noticias\/wp-json\/wp\/v2\/posts"}],"about":[{"href":"https:\/\/www.igssgt.org\/noticias\/wp-json\/wp\/v2\/types\/post"}],"author":[{"embeddable":true,"href":"https:\/\/www.igssgt.org\/noticias\/wp-json\/wp\/v2\/users\/4"}],"replies":[{"embeddable":true,"href":"https:\/\/www.igssgt.org\/noticias\/wp-json\/wp\/v2\/comments?post=9368"}],"version-history":[{"count":0,"href":"https:\/\/www.igssgt.org\/noticias\/wp-json\/wp\/v2\/posts\/9368\/revisions"}],"wp:featuredmedia":[{"embeddable":true,"href":"https:\/\/www.igssgt.org\/noticias\/wp-json\/wp\/v2\/media\/9370"}],"wp:attachment":[{"href":"https:\/\/www.igssgt.org\/noticias\/wp-json\/wp\/v2\/media?parent=9368"}],"wp:term":[{"taxonomy":"category","embeddable":true,"href":"https:\/\/www.igssgt.org\/noticias\/wp-json\/wp\/v2\/categories?post=9368"},{"taxonomy":"post_tag","embeddable":true,"href":"https:\/\/www.igssgt.org\/noticias\/wp-json\/wp\/v2\/tags?post=9368"},{"taxonomy":"author","embeddable":true,"href":"https:\/\/www.igssgt.org\/noticias\/wp-json\/wp\/v2\/coauthors?post=9368"}],"curies":[{"name":"wp","href":"https:\/\/api.w.org\/{rel}","templated":true}]}}