{"id":9393,"date":"2019-04-21T15:53:38","date_gmt":"2019-04-21T21:53:38","guid":{"rendered":"http:\/\/noticias.igssgt.org\/?p=9393"},"modified":"2019-04-21T15:53:38","modified_gmt":"2019-04-21T21:53:38","slug":"cuida-tu-piel-en-verano","status":"publish","type":"post","link":"https:\/\/www.igssgt.org\/noticias\/2019\/04\/21\/cuida-tu-piel-en-verano\/","title":{"rendered":"Cuida tu piel en verano"},"content":{"rendered":"<p class=\"s3\"><span class=\"s5\"><span class=\"bumpedFont15\">Con la llegada del verano estamos m\u00e1s tiempo expuestos al sol, sobre todo si visitamos playas y balnearios, o bien participamos en procesiones, por esta raz\u00f3n el IGSS te brinda recomendaciones para el cuidado de la piel.<\/span><\/span><\/p>\n<p class=\"s4\"><span class=\"s5\"><span class=\"bumpedFont15\">El doctor Edder Higueros, pediatra dermat\u00f3logo de la Unidad Perif\u00e9rica Zona 5, indic\u00f3 que para cuidar la piel es importante estar bien hidratados con agua o jugos naturales y utilizar protector solar aplic\u00e1ndolo en\u00a0 rostro y cuerpo 20 minutos antes de exponerte al sol.<\/span><\/span><\/p>\n<p class=\"s4\"><a href=\"\/noticias\/wp-content\/uploads\/sites\/5\/2019\/04\/DBAF8D6E-DD82-4A34-863C-6250372B51CE.jpeg\"><img loading=\"lazy\" decoding=\"async\" class=\"alignnone size-full wp-image-9395\" src=\"\/noticias\/wp-content\/uploads\/sites\/5\/2019\/04\/DBAF8D6E-DD82-4A34-863C-6250372B51CE.jpeg\" alt=\"\" width=\"1280\" height=\"853\" srcset=\"\/wp-content\/uploads\/sites\/5\/2019\/04\/DBAF8D6E-DD82-4A34-863C-6250372B51CE.jpeg 1280w, \/wp-content\/uploads\/sites\/5\/2019\/04\/DBAF8D6E-DD82-4A34-863C-6250372B51CE-300x200.jpeg 300w, \/wp-content\/uploads\/sites\/5\/2019\/04\/DBAF8D6E-DD82-4A34-863C-6250372B51CE-768x512.jpeg 768w, \/wp-content\/uploads\/sites\/5\/2019\/04\/DBAF8D6E-DD82-4A34-863C-6250372B51CE-1024x682.jpeg 1024w, \/wp-content\/uploads\/sites\/5\/2019\/04\/DBAF8D6E-DD82-4A34-863C-6250372B51CE-630x420.jpeg 630w, \/wp-content\/uploads\/sites\/5\/2019\/04\/DBAF8D6E-DD82-4A34-863C-6250372B51CE-696x464.jpeg 696w, \/wp-content\/uploads\/sites\/5\/2019\/04\/DBAF8D6E-DD82-4A34-863C-6250372B51CE-1068x712.jpeg 1068w, \/wp-content\/uploads\/sites\/5\/2019\/04\/DBAF8D6E-DD82-4A34-863C-6250372B51CE-534x356.jpeg 534w\" sizes=\"auto, (max-width: 1280px) 100vw, 1280px\" \/><\/a><\/p>\n<p class=\"s4\"><span class=\"s5\"><span class=\"bumpedFont15\">\u201cLa forma correcta de elegir el protector solar es que este cumpla con caracter\u00edsticas como ser contra rayos ultravioleta tipo A y B, y que tengan un factor de protecci\u00f3n solar m\u00ednimo de 50\u201d, inform\u00f3 Higueros.<\/span><\/span><\/p>\n<p class=\"s4\"><span class=\"s5\"><span class=\"bumpedFont15\">Tambi\u00e9n se refiri\u00f3 a los complementos como usar ropa ligera, clara y que cubra la mayor parte del cuerpo, para evitar que los rayos del sol peguen directamente a la piel, as\u00ed como el uso de lentes y sombreros de ala ancha. Adem\u00e1s, dijo que las personas deben evitar exponerse al sol de las diez de la ma\u00f1ana a las cuatro de la tarde, porque en este horario la radiaci\u00f3n ultravioleta es m\u00e1s elevada.\u00a0<\/span><\/span><\/p>\n<p class=\"s4\"><span class=\"s5\"><span class=\"bumpedFont15\">\u201cLos beb\u00e9s menores de 6 meses no deben ser expuestos al sol. Los mayores de esta edad s\u00ed pueden exponerse, pero antes deben aplicarle protector solar, al igual que los adultos mayores, pero deben utilizar sombreros o estar en la sombra\u201d, sugiri\u00f3.<\/span><\/span><\/p>\n<p class=\"s4\"><span class=\"s5\"><span class=\"bumpedFont15\">Si notas cambios en la piel como color, textura, lunares o manchas anormales, no dudes en consultar a tu m\u00e9dico.<\/span><\/span><\/p>\n","protected":false},"excerpt":{"rendered":"<p>Con la llegada del verano estamos m\u00e1s tiempo expuestos al sol, sobre todo si visitamos playas y balnearios, o bien participamos en procesiones, por esta raz\u00f3n el IGSS te brinda recomendaciones para el cuidado de la piel. El doctor Edder Higueros, pediatra dermat\u00f3logo de la Unidad Perif\u00e9rica Zona 5, indic\u00f3 que para cuidar la piel [&hellip;]<\/p>\n","protected":false},"author":4,"featured_media":9394,"comment_status":"open","ping_status":"open","sticky":false,"template":"","format":"standard","meta":{"footnotes":""},"categories":[3],"tags":[220,231,490],"coauthors":[],"class_list":{"0":"post-9393","1":"post","2":"type-post","3":"status-publish","4":"format-standard","5":"has-post-thumbnail","7":"category-actualidad","8":"tag-cuidados-de-la-piel","9":"tag-dermatologia","10":"tag-igss"},"_links":{"self":[{"href":"https:\/\/www.igssgt.org\/noticias\/wp-json\/wp\/v2\/posts\/9393","targetHints":{"allow":["GET"]}}],"collection":[{"href":"https:\/\/www.igssgt.org\/noticias\/wp-json\/wp\/v2\/posts"}],"about":[{"href":"https:\/\/www.igssgt.org\/noticias\/wp-json\/wp\/v2\/types\/post"}],"author":[{"embeddable":true,"href":"https:\/\/www.igssgt.org\/noticias\/wp-json\/wp\/v2\/users\/4"}],"replies":[{"embeddable":true,"href":"https:\/\/www.igssgt.org\/noticias\/wp-json\/wp\/v2\/comments?post=9393"}],"version-history":[{"count":0,"href":"https:\/\/www.igssgt.org\/noticias\/wp-json\/wp\/v2\/posts\/9393\/revisions"}],"wp:featuredmedia":[{"embeddable":true,"href":"https:\/\/www.igssgt.org\/noticias\/wp-json\/wp\/v2\/media\/9394"}],"wp:attachment":[{"href":"https:\/\/www.igssgt.org\/noticias\/wp-json\/wp\/v2\/media?parent=9393"}],"wp:term":[{"taxonomy":"category","embeddable":true,"href":"https:\/\/www.igssgt.org\/noticias\/wp-json\/wp\/v2\/categories?post=9393"},{"taxonomy":"post_tag","embeddable":true,"href":"https:\/\/www.igssgt.org\/noticias\/wp-json\/wp\/v2\/tags?post=9393"},{"taxonomy":"author","embeddable":true,"href":"https:\/\/www.igssgt.org\/noticias\/wp-json\/wp\/v2\/coauthors?post=9393"}],"curies":[{"name":"wp","href":"https:\/\/api.w.org\/{rel}","templated":true}]}}