{"id":9401,"date":"2019-04-27T10:50:37","date_gmt":"2019-04-27T16:50:37","guid":{"rendered":"http:\/\/noticias.igssgt.org\/?p=9401"},"modified":"2019-04-27T10:50:37","modified_gmt":"2019-04-27T16:50:37","slug":"dia-internacional-de-la-salud-y-seguridad-ocupacional","status":"publish","type":"post","link":"https:\/\/www.igssgt.org\/noticias\/2019\/04\/27\/dia-internacional-de-la-salud-y-seguridad-ocupacional\/","title":{"rendered":"D\u00eda Internacional de la Salud y Seguridad Ocupacional"},"content":{"rendered":"<p><img loading=\"lazy\" decoding=\"async\" class=\"alignnone size-full wp-image-9403\" src=\"\/noticias\/wp-content\/uploads\/sites\/5\/2019\/04\/E69E7B3B-1463-474F-8308-7B07AC34D4CB.jpeg\" alt=\"\" width=\"796\" height=\"1024\" srcset=\"\/wp-content\/uploads\/sites\/5\/2019\/04\/E69E7B3B-1463-474F-8308-7B07AC34D4CB.jpeg 796w, \/wp-content\/uploads\/sites\/5\/2019\/04\/E69E7B3B-1463-474F-8308-7B07AC34D4CB-233x300.jpeg 233w, \/wp-content\/uploads\/sites\/5\/2019\/04\/E69E7B3B-1463-474F-8308-7B07AC34D4CB-768x988.jpeg 768w, \/wp-content\/uploads\/sites\/5\/2019\/04\/E69E7B3B-1463-474F-8308-7B07AC34D4CB-326x420.jpeg 326w, \/wp-content\/uploads\/sites\/5\/2019\/04\/E69E7B3B-1463-474F-8308-7B07AC34D4CB-696x895.jpeg 696w, \/wp-content\/uploads\/sites\/5\/2019\/04\/E69E7B3B-1463-474F-8308-7B07AC34D4CB-359x462.jpeg 359w\" sizes=\"auto, (max-width: 796px) 100vw, 796px\" \/><\/p>\n<p>El 28 de abril se celebrar\u00e1 el D\u00eda Internacional de la Salud y Seguridad Ocupacional, y debido a su importancia el IGSS a trav\u00e9s de la Pol\u00edtica Preventiva de la Seguridad Social en Guatemala promueve ambientes saludables y seguros.<\/p>\n<p>Desde el a\u00f1o 1947, a trav\u00e9s del Acuerdo Legislativo 3030, en el gobierno del doctor Juan Jos\u00e9 Ar\u00e9valo Bermejo se emiti\u00f3 el C\u00f3digo de Trabajo, donde se asentaron las bases para la protecci\u00f3n de los trabajadores en su \u00e1mbito laboral y su relaci\u00f3n con los patronos.<\/p>\n<p><img loading=\"lazy\" decoding=\"async\" class=\"alignnone size-full wp-image-9404\" src=\"\/noticias\/wp-content\/uploads\/sites\/5\/2019\/04\/7E6403E9-E8A2-483E-BF6A-739D3B42BBF5.jpeg\" alt=\"\" width=\"1024\" height=\"682\" srcset=\"\/wp-content\/uploads\/sites\/5\/2019\/04\/7E6403E9-E8A2-483E-BF6A-739D3B42BBF5.jpeg 1024w, \/wp-content\/uploads\/sites\/5\/2019\/04\/7E6403E9-E8A2-483E-BF6A-739D3B42BBF5-300x200.jpeg 300w, \/wp-content\/uploads\/sites\/5\/2019\/04\/7E6403E9-E8A2-483E-BF6A-739D3B42BBF5-768x512.jpeg 768w, \/wp-content\/uploads\/sites\/5\/2019\/04\/7E6403E9-E8A2-483E-BF6A-739D3B42BBF5-631x420.jpeg 631w, \/wp-content\/uploads\/sites\/5\/2019\/04\/7E6403E9-E8A2-483E-BF6A-739D3B42BBF5-696x464.jpeg 696w, \/wp-content\/uploads\/sites\/5\/2019\/04\/7E6403E9-E8A2-483E-BF6A-739D3B42BBF5-534x356.jpeg 534w\" sizes=\"auto, (max-width: 1024px) 100vw, 1024px\" \/><\/p>\n<p>En 1957 el Seguro Social emiti\u00f3 el primer reglamento de Salud y Seguridad Ocupacional, el cual rigi\u00f3 en todo el pa\u00eds hasta el a\u00f1o 2014, cuando se cre\u00f3 el segundo reglamento mediante el Acuerdo Gubernativo 229-2014 y sus reformas 33-2016, el cual se encuentra vigente.<\/p>\n<p>El Seguro Social cuenta con 70 inspectores en todo el pa\u00eds, quienes trabajan en el diagn\u00f3stico de empresas para evitar accidentes y enfermedades del trabajo y as\u00ed dar cumplimiento del Reglamento de Salud y Seguridad Ocupacional en bienestar de los guatemaltecos.<\/p>\n<p><img loading=\"lazy\" decoding=\"async\" class=\"alignnone size-full wp-image-9405\" src=\"\/noticias\/wp-content\/uploads\/sites\/5\/2019\/04\/ECA4FFEA-51DB-4036-8AD5-405212240B28.jpeg\" alt=\"\" width=\"682\" height=\"1024\" srcset=\"\/wp-content\/uploads\/sites\/5\/2019\/04\/ECA4FFEA-51DB-4036-8AD5-405212240B28.jpeg 682w, \/wp-content\/uploads\/sites\/5\/2019\/04\/ECA4FFEA-51DB-4036-8AD5-405212240B28-200x300.jpeg 200w, \/wp-content\/uploads\/sites\/5\/2019\/04\/ECA4FFEA-51DB-4036-8AD5-405212240B28-280x420.jpeg 280w, \/wp-content\/uploads\/sites\/5\/2019\/04\/ECA4FFEA-51DB-4036-8AD5-405212240B28-308x462.jpeg 308w\" sizes=\"auto, (max-width: 682px) 100vw, 682px\" \/><\/p>\n","protected":false},"excerpt":{"rendered":"<p>El 28 de abril se celebrar\u00e1 el D\u00eda Internacional de la Salud y Seguridad Ocupacional, y debido a su importancia el IGSS a trav\u00e9s de la Pol\u00edtica Preventiva de la Seguridad Social en Guatemala promueve ambientes saludables y seguros. Desde el a\u00f1o 1947, a trav\u00e9s del Acuerdo Legislativo 3030, en el gobierno del doctor Juan [&hellip;]<\/p>\n","protected":false},"author":4,"featured_media":9402,"comment_status":"open","ping_status":"open","sticky":false,"template":"","format":"standard","meta":{"footnotes":""},"categories":[3,15,29],"tags":[490,769],"coauthors":[],"class_list":{"0":"post-9401","1":"post","2":"type-post","3":"status-publish","4":"format-standard","5":"has-post-thumbnail","7":"category-actualidad","8":"category-destacado","9":"category-publicaciones","10":"tag-igss","11":"tag-salud-y-seguridad-ocupacional"},"_links":{"self":[{"href":"https:\/\/www.igssgt.org\/noticias\/wp-json\/wp\/v2\/posts\/9401","targetHints":{"allow":["GET"]}}],"collection":[{"href":"https:\/\/www.igssgt.org\/noticias\/wp-json\/wp\/v2\/posts"}],"about":[{"href":"https:\/\/www.igssgt.org\/noticias\/wp-json\/wp\/v2\/types\/post"}],"author":[{"embeddable":true,"href":"https:\/\/www.igssgt.org\/noticias\/wp-json\/wp\/v2\/users\/4"}],"replies":[{"embeddable":true,"href":"https:\/\/www.igssgt.org\/noticias\/wp-json\/wp\/v2\/comments?post=9401"}],"version-history":[{"count":0,"href":"https:\/\/www.igssgt.org\/noticias\/wp-json\/wp\/v2\/posts\/9401\/revisions"}],"wp:featuredmedia":[{"embeddable":true,"href":"https:\/\/www.igssgt.org\/noticias\/wp-json\/wp\/v2\/media\/9402"}],"wp:attachment":[{"href":"https:\/\/www.igssgt.org\/noticias\/wp-json\/wp\/v2\/media?parent=9401"}],"wp:term":[{"taxonomy":"category","embeddable":true,"href":"https:\/\/www.igssgt.org\/noticias\/wp-json\/wp\/v2\/categories?post=9401"},{"taxonomy":"post_tag","embeddable":true,"href":"https:\/\/www.igssgt.org\/noticias\/wp-json\/wp\/v2\/tags?post=9401"},{"taxonomy":"author","embeddable":true,"href":"https:\/\/www.igssgt.org\/noticias\/wp-json\/wp\/v2\/coauthors?post=9401"}],"curies":[{"name":"wp","href":"https:\/\/api.w.org\/{rel}","templated":true}]}}