{"id":9433,"date":"2019-05-02T13:50:54","date_gmt":"2019-05-02T19:50:54","guid":{"rendered":"http:\/\/noticias.igssgt.org\/?p=9433"},"modified":"2019-05-02T13:50:54","modified_gmt":"2019-05-02T19:50:54","slug":"trabajadores-sociales-del-igss-contribuyen-a-la-integracion-de-pacientes-en-la-sociedad","status":"publish","type":"post","link":"https:\/\/www.igssgt.org\/noticias\/2019\/05\/02\/trabajadores-sociales-del-igss-contribuyen-a-la-integracion-de-pacientes-en-la-sociedad\/","title":{"rendered":"Trabajadores Sociales del IGSS contribuyen a la integraci\u00f3n de pacientes en la sociedad"},"content":{"rendered":"<p>Las autoridades del Instituto Guatemalteco de Seguridad Social (IGSS) saludan a los profesionales de Trabajo Social en su d\u00eda por el valioso aporte que le dan a los derechohabientes en la integraci\u00f3n y orientaci\u00f3n de grupos terap\u00e9uticos como diab\u00e9ticos, hipertensos y salud integral de la mujer, para que lleven una vida saludable en la sociedad.<\/p>\n<p>Los trabajadores sociales tambi\u00e9n son una pieza fundamental cuando se detecta que los pacientes son v\u00edctimas de violencia intrafamiliar, entre esta el maltrato infantil, pues tras realizar las investigaciones protocolarias ponen las denuncias ante las autoridades de justicia.<\/p>\n<p><img loading=\"lazy\" decoding=\"async\" class=\"alignnone size-full wp-image-9435\" src=\"\/noticias\/wp-content\/uploads\/sites\/5\/2019\/05\/Dia-del-profesional-del-trabajo-social-igss-2019-2.jpg\" alt=\"\" width=\"1280\" height=\"853\" srcset=\"\/wp-content\/uploads\/sites\/5\/2019\/05\/Dia-del-profesional-del-trabajo-social-igss-2019-2.jpg 1280w, \/wp-content\/uploads\/sites\/5\/2019\/05\/Dia-del-profesional-del-trabajo-social-igss-2019-2-300x200.jpg 300w, \/wp-content\/uploads\/sites\/5\/2019\/05\/Dia-del-profesional-del-trabajo-social-igss-2019-2-768x512.jpg 768w, \/wp-content\/uploads\/sites\/5\/2019\/05\/Dia-del-profesional-del-trabajo-social-igss-2019-2-1024x682.jpg 1024w, \/wp-content\/uploads\/sites\/5\/2019\/05\/Dia-del-profesional-del-trabajo-social-igss-2019-2-630x420.jpg 630w, \/wp-content\/uploads\/sites\/5\/2019\/05\/Dia-del-profesional-del-trabajo-social-igss-2019-2-696x464.jpg 696w, \/wp-content\/uploads\/sites\/5\/2019\/05\/Dia-del-profesional-del-trabajo-social-igss-2019-2-1068x712.jpg 1068w, \/wp-content\/uploads\/sites\/5\/2019\/05\/Dia-del-profesional-del-trabajo-social-igss-2019-2-534x356.jpg 534w\" sizes=\"auto, (max-width: 1280px) 100vw, 1280px\" \/><\/p>\n<p>En las unidades del CAMIP el personal de trabajo social es el enlace entre la familia y el adulto mayor, capacita a los parientes de un paciente en las atenciones que necesita seg\u00fan la prescripci\u00f3n m\u00e9dica y sus cuidados.<\/p>\n<p>Para las autoridades del Instituto es importante reconocer y dignificar el trabajo que realizan los profesionales en esta \u00e1rea, pues el IGSS es el pionero del Trabajo Social en Guatemala. Con la cooperaci\u00f3n t\u00e9cnica de la Organizaci\u00f3n de Naciones Unidas (ONU) se cre\u00f3 el 17 de marzo de 1949 la primera Escuela Superior de Servicio Social, la cual fue inaugurada el 8 de abril de ese mismo a\u00f1o.<\/p>\n<p>Las clases se iniciaron el 2 de mayo de 1949 y fue en 1966 cuando la Universidad de San Carlos de Guatemala asumi\u00f3 el compromiso de continuar con esta profesi\u00f3n a nivel universitario.<\/p>\n","protected":false},"excerpt":{"rendered":"<p>Las autoridades del Instituto Guatemalteco de Seguridad Social (IGSS) saludan a los profesionales de Trabajo Social en su d\u00eda por el valioso aporte que le dan a los derechohabientes en la integraci\u00f3n y orientaci\u00f3n de grupos terap\u00e9uticos como diab\u00e9ticos, hipertensos y salud integral de la mujer, para que lleven una vida saludable en la sociedad. [&hellip;]<\/p>\n","protected":false},"author":4,"featured_media":9434,"comment_status":"open","ping_status":"open","sticky":false,"template":"","format":"standard","meta":{"footnotes":""},"categories":[3,29],"tags":[490,818],"coauthors":[],"class_list":{"0":"post-9433","1":"post","2":"type-post","3":"status-publish","4":"format-standard","5":"has-post-thumbnail","7":"category-actualidad","8":"category-publicaciones","9":"tag-igss","10":"tag-trabajo-social"},"_links":{"self":[{"href":"https:\/\/www.igssgt.org\/noticias\/wp-json\/wp\/v2\/posts\/9433","targetHints":{"allow":["GET"]}}],"collection":[{"href":"https:\/\/www.igssgt.org\/noticias\/wp-json\/wp\/v2\/posts"}],"about":[{"href":"https:\/\/www.igssgt.org\/noticias\/wp-json\/wp\/v2\/types\/post"}],"author":[{"embeddable":true,"href":"https:\/\/www.igssgt.org\/noticias\/wp-json\/wp\/v2\/users\/4"}],"replies":[{"embeddable":true,"href":"https:\/\/www.igssgt.org\/noticias\/wp-json\/wp\/v2\/comments?post=9433"}],"version-history":[{"count":0,"href":"https:\/\/www.igssgt.org\/noticias\/wp-json\/wp\/v2\/posts\/9433\/revisions"}],"wp:featuredmedia":[{"embeddable":true,"href":"https:\/\/www.igssgt.org\/noticias\/wp-json\/wp\/v2\/media\/9434"}],"wp:attachment":[{"href":"https:\/\/www.igssgt.org\/noticias\/wp-json\/wp\/v2\/media?parent=9433"}],"wp:term":[{"taxonomy":"category","embeddable":true,"href":"https:\/\/www.igssgt.org\/noticias\/wp-json\/wp\/v2\/categories?post=9433"},{"taxonomy":"post_tag","embeddable":true,"href":"https:\/\/www.igssgt.org\/noticias\/wp-json\/wp\/v2\/tags?post=9433"},{"taxonomy":"author","embeddable":true,"href":"https:\/\/www.igssgt.org\/noticias\/wp-json\/wp\/v2\/coauthors?post=9433"}],"curies":[{"name":"wp","href":"https:\/\/api.w.org\/{rel}","templated":true}]}}