{"id":9468,"date":"2019-05-08T13:09:33","date_gmt":"2019-05-08T19:09:33","guid":{"rendered":"http:\/\/noticias.igssgt.org\/?p=9468"},"modified":"2025-10-21T16:05:09","modified_gmt":"2025-10-21T22:05:09","slug":"realizan-primera-jornada-de-vacunacion-en-clinica-empresa","status":"publish","type":"post","link":"https:\/\/www.igssgt.org\/noticias\/2019\/05\/08\/realizan-primera-jornada-de-vacunacion-en-clinica-empresa\/","title":{"rendered":"Realizan primera jornada de vacunaci\u00f3n en Cl\u00ednica Empresa"},"content":{"rendered":"<p>Con la finalidad de prevenir enfermedades en empleados del sector textil, hoy se efectu\u00f3 la primera jornada de vacunaci\u00f3n del Programa Cl\u00ednica Empresa en Accesorios Globales, ubicada en San Miguel Petapa.<\/p>\n<p>Durante la jornada se administraron 115 vacunas contra neumococo, influenza y hepatitis B, y a las embarazadas tambi\u00e9n se les aplic\u00f3 la Tdap (contra t\u00e9tanos, difteria y tosferina acelular). \u00abEl objetivo de esto es prevenir enfermedades respiratorias y hep\u00e1ticas en la empresa, pues cuando hay un n\u00famero de empleados arriba de cien es muy probable que exista riesgo de un contagio\u201d, indic\u00f3 el doctor Henry Semp\u00e9, director del consultorio de Villa Canales.<\/p>\n<p>Los empleados calificaron de excelente la jornada, \u201cpues nos ayuda a evitar enfermedades y que vayamos al IGSS para que nos pongan las vacunas\u201d, coment\u00f3 el se\u00f1or V\u00edctor Manuel Barillas.<\/p>\n<p>Asimismo, se fortaleci\u00f3 el programa de Cl\u00ednica Empresa con la implementaci\u00f3n del sistema inform\u00e1tico de consultas m\u00e9dicas electr\u00f3nicas para que la empresa pueda llevar control del proceso de los pacientes que atienden en su cl\u00ednica y tener mayor agilidad de los expedientes.<\/p>\n<p>El doctor Jorge Alvarado, jefe de Medicina Preventiva, explic\u00f3 que alrededor de 24 empresas donde hay Cl\u00ednica Empresa adscritas al IGSS contar\u00e1n con este sistema para tener registro del r\u00e9cord cl\u00ednico de cada paciente.<\/p>\n<p>Sandra Santizo, empleada de Accesorios Globales, agradeci\u00f3 tener una cl\u00ednica adscrita al Instituto, \u201cporque as\u00ed evitamos dejar de venir a la empresa un d\u00eda por ir a una unidad m\u00e9dica\u201d, dijo.<\/p>\n\r\n                <style type=\"text\/css\">\r\n                    \r\n                    #tdi_1  .td-doubleSlider-2 .td-item1 {\r\n                        background: url(\/wp-content\/uploads\/sites\/5\/2019\/05\/clinica-empresa-jornada-de-vacunacion-igss-2019-2-80x60.jpg) 0 0 no-repeat;\r\n                    }\r\n                    #tdi_1  .td-doubleSlider-2 .td-item2 {\r\n                        background: url(\/wp-content\/uploads\/sites\/5\/2019\/05\/clinica-empresa-jornada-de-vacunacion-igss-2019-1-80x60.jpg) 0 0 no-repeat;\r\n                    }\r\n                    #tdi_1  .td-doubleSlider-2 .td-item3 {\r\n                        background: url(\/wp-content\/uploads\/sites\/5\/2019\/05\/clinica-empresa-jornada-de-vacunacion-igss-2019-3-80x60.jpg) 0 0 no-repeat;\r\n                    }\r\n                    #tdi_1  .td-doubleSlider-2 .td-item4 {\r\n                        background: url(\/wp-content\/uploads\/sites\/5\/2019\/05\/clinica-empresa-jornada-de-vacunacion-igss-2019-4-80x60.jpg) 0 0 no-repeat;\r\n                    }\r\n                    #tdi_1  .td-doubleSlider-2 .td-item5 {\r\n                        background: url(\/wp-content\/uploads\/sites\/5\/2019\/05\/clinica-empresa-jornada-de-vacunacion-igss-2019-5-80x60.jpg) 0 0 no-repeat;\r\n                    }\r\n                    #tdi_1  .td-doubleSlider-2 .td-item6 {\r\n                        background: url(\/wp-content\/uploads\/sites\/5\/2019\/05\/clinica-empresa-jornada-de-vacunacion-igss-2019-6-80x60.jpg) 0 0 no-repeat;\r\n                    }\r\n                    #tdi_1  .td-doubleSlider-2 .td-item7 {\r\n                        background: url(\/wp-content\/uploads\/sites\/5\/2019\/05\/clinica-empresa-jornada-de-vacunacion-igss-2019-7-80x60.jpg) 0 0 no-repeat;\r\n                    }\r\n                    #tdi_1  .td-doubleSlider-2 .td-item8 {\r\n                        background: url(\/wp-content\/uploads\/sites\/5\/2019\/05\/clinica-empresa-jornada-de-vacunacion-igss-2019-8-80x60.jpg) 0 0 no-repeat;\r\n                    }\r\n                    #tdi_1  .td-doubleSlider-2 .td-item9 {\r\n                        background: url(\/wp-content\/uploads\/sites\/5\/2019\/05\/clinica-empresa-jornada-de-vacunacion-igss-2019-9-80x60.jpg) 0 0 no-repeat;\r\n                    }\r\n                <\/style>\r\n\r\n                <div id=\"tdi_1\" class=\"td-gallery td-slide-on-2-columns\">\r\n                    <div class=\"post_td_gallery\">\r\n                        <div class=\"td-gallery-slide-top\">\r\n                           <div class=\"td-gallery-title\">Galer\u00eda de Im\u00e1genes<\/div>\r\n\r\n                            <div class=\"td-gallery-controls-wrapper\">\r\n                                <div class=\"td-gallery-slide-count\"><span class=\"td-gallery-slide-item-focus\">1<\/span> de 9<\/div>\r\n                                <div class=\"td-gallery-slide-prev-next-but\">\r\n                                    <i class = \"td-icon-left doubleSliderPrevButton\"><\/i>\r\n                                    <i class = \"td-icon-right doubleSliderNextButton\"><\/i>\r\n                                <\/div>\r\n                            <\/div>\r\n                        <\/div>\r\n\r\n                        <div class = \"td-doubleSlider-1 \">\r\n                            <div class = \"td-slider\">\r\n                                \r\n                    <div class = \"td-slide-item td-item1\">\r\n                        <figure class=\"td-slide-galery-figure td-slide-popup-gallery\">\r\n                            <a class=\"slide-gallery-image-link\" href=\"\/wp-content\/uploads\/sites\/5\/2019\/05\/clinica-empresa-jornada-de-vacunacion-igss-2019-2.jpg\" title=\"clinica empresa jornada de vacunacion igss 2019-2\"  data-caption=\"\"  data-description=\"\">\r\n                                <img decoding=\"async\" src=\"\/wp-content\/uploads\/sites\/5\/2019\/05\/clinica-empresa-jornada-de-vacunacion-igss-2019-2-630x420.jpg\" srcset=\"\/wp-content\/uploads\/sites\/5\/2019\/05\/clinica-empresa-jornada-de-vacunacion-igss-2019-2-630x420.jpg 630w, \/wp-content\/uploads\/sites\/5\/2019\/05\/clinica-empresa-jornada-de-vacunacion-igss-2019-2-300x200.jpg 300w, \/wp-content\/uploads\/sites\/5\/2019\/05\/clinica-empresa-jornada-de-vacunacion-igss-2019-2-768x512.jpg 768w, \/wp-content\/uploads\/sites\/5\/2019\/05\/clinica-empresa-jornada-de-vacunacion-igss-2019-2-1024x682.jpg 1024w, \/wp-content\/uploads\/sites\/5\/2019\/05\/clinica-empresa-jornada-de-vacunacion-igss-2019-2-696x464.jpg 696w, \/wp-content\/uploads\/sites\/5\/2019\/05\/clinica-empresa-jornada-de-vacunacion-igss-2019-2-1068x712.jpg 1068w, \/wp-content\/uploads\/sites\/5\/2019\/05\/clinica-empresa-jornada-de-vacunacion-igss-2019-2-534x356.jpg 534w, \/wp-content\/uploads\/sites\/5\/2019\/05\/clinica-empresa-jornada-de-vacunacion-igss-2019-2.jpg 1280w\" sizes=\"(max-width: 630px) 100vw, 630px\" alt=\"\">\r\n                            <\/a>\r\n                            \r\n                        <\/figure>\r\n                    <\/div>\r\n                    <div class = \"td-slide-item td-item2\">\r\n                        <figure class=\"td-slide-galery-figure td-slide-popup-gallery\">\r\n                            <a class=\"slide-gallery-image-link\" href=\"\/wp-content\/uploads\/sites\/5\/2019\/05\/clinica-empresa-jornada-de-vacunacion-igss-2019-1.jpg\" title=\"clinica empresa jornada de vacunacion igss 2019-1\"  data-caption=\"\"  data-description=\"\">\r\n                                <img decoding=\"async\" src=\"\/wp-content\/uploads\/sites\/5\/2019\/05\/clinica-empresa-jornada-de-vacunacion-igss-2019-1-630x420.jpg\" srcset=\"\/wp-content\/uploads\/sites\/5\/2019\/05\/clinica-empresa-jornada-de-vacunacion-igss-2019-1-630x420.jpg 630w, \/wp-content\/uploads\/sites\/5\/2019\/05\/clinica-empresa-jornada-de-vacunacion-igss-2019-1-300x200.jpg 300w, \/wp-content\/uploads\/sites\/5\/2019\/05\/clinica-empresa-jornada-de-vacunacion-igss-2019-1-768x512.jpg 768w, \/wp-content\/uploads\/sites\/5\/2019\/05\/clinica-empresa-jornada-de-vacunacion-igss-2019-1-1024x682.jpg 1024w, \/wp-content\/uploads\/sites\/5\/2019\/05\/clinica-empresa-jornada-de-vacunacion-igss-2019-1-696x464.jpg 696w, \/wp-content\/uploads\/sites\/5\/2019\/05\/clinica-empresa-jornada-de-vacunacion-igss-2019-1-1068x712.jpg 1068w, \/wp-content\/uploads\/sites\/5\/2019\/05\/clinica-empresa-jornada-de-vacunacion-igss-2019-1-534x356.jpg 534w, \/wp-content\/uploads\/sites\/5\/2019\/05\/clinica-empresa-jornada-de-vacunacion-igss-2019-1.jpg 1280w\" sizes=\"(max-width: 630px) 100vw, 630px\" alt=\"\">\r\n                            <\/a>\r\n                            \r\n                        <\/figure>\r\n                    <\/div>\r\n                    <div class = \"td-slide-item td-item3\">\r\n                        <figure class=\"td-slide-galery-figure td-slide-popup-gallery\">\r\n                            <a class=\"slide-gallery-image-link\" href=\"\/wp-content\/uploads\/sites\/5\/2019\/05\/clinica-empresa-jornada-de-vacunacion-igss-2019-3.jpg\" title=\"clinica empresa jornada de vacunacion igss 2019-3\"  data-caption=\"\"  data-description=\"\">\r\n                                <img decoding=\"async\" src=\"\/wp-content\/uploads\/sites\/5\/2019\/05\/clinica-empresa-jornada-de-vacunacion-igss-2019-3-630x420.jpg\" srcset=\"\/wp-content\/uploads\/sites\/5\/2019\/05\/clinica-empresa-jornada-de-vacunacion-igss-2019-3-630x420.jpg 630w, \/wp-content\/uploads\/sites\/5\/2019\/05\/clinica-empresa-jornada-de-vacunacion-igss-2019-3-300x200.jpg 300w, \/wp-content\/uploads\/sites\/5\/2019\/05\/clinica-empresa-jornada-de-vacunacion-igss-2019-3-768x512.jpg 768w, \/wp-content\/uploads\/sites\/5\/2019\/05\/clinica-empresa-jornada-de-vacunacion-igss-2019-3-1024x682.jpg 1024w, \/wp-content\/uploads\/sites\/5\/2019\/05\/clinica-empresa-jornada-de-vacunacion-igss-2019-3-696x464.jpg 696w, \/wp-content\/uploads\/sites\/5\/2019\/05\/clinica-empresa-jornada-de-vacunacion-igss-2019-3-1068x712.jpg 1068w, \/wp-content\/uploads\/sites\/5\/2019\/05\/clinica-empresa-jornada-de-vacunacion-igss-2019-3-534x356.jpg 534w, \/wp-content\/uploads\/sites\/5\/2019\/05\/clinica-empresa-jornada-de-vacunacion-igss-2019-3.jpg 1280w\" sizes=\"(max-width: 630px) 100vw, 630px\" alt=\"\">\r\n                            <\/a>\r\n                            \r\n                        <\/figure>\r\n                    <\/div>\r\n                    <div class = \"td-slide-item td-item4\">\r\n                        <figure class=\"td-slide-galery-figure td-slide-popup-gallery\">\r\n                            <a class=\"slide-gallery-image-link\" href=\"\/wp-content\/uploads\/sites\/5\/2019\/05\/clinica-empresa-jornada-de-vacunacion-igss-2019-4.jpg\" title=\"clinica empresa jornada de vacunacion igss 2019-4\"  data-caption=\"\"  data-description=\"\">\r\n                                <img decoding=\"async\" src=\"\/wp-content\/uploads\/sites\/5\/2019\/05\/clinica-empresa-jornada-de-vacunacion-igss-2019-4-630x420.jpg\" srcset=\"\/wp-content\/uploads\/sites\/5\/2019\/05\/clinica-empresa-jornada-de-vacunacion-igss-2019-4-630x420.jpg 630w, \/wp-content\/uploads\/sites\/5\/2019\/05\/clinica-empresa-jornada-de-vacunacion-igss-2019-4-300x200.jpg 300w, \/wp-content\/uploads\/sites\/5\/2019\/05\/clinica-empresa-jornada-de-vacunacion-igss-2019-4-768x512.jpg 768w, \/wp-content\/uploads\/sites\/5\/2019\/05\/clinica-empresa-jornada-de-vacunacion-igss-2019-4-1024x682.jpg 1024w, \/wp-content\/uploads\/sites\/5\/2019\/05\/clinica-empresa-jornada-de-vacunacion-igss-2019-4-696x464.jpg 696w, \/wp-content\/uploads\/sites\/5\/2019\/05\/clinica-empresa-jornada-de-vacunacion-igss-2019-4-1068x712.jpg 1068w, \/wp-content\/uploads\/sites\/5\/2019\/05\/clinica-empresa-jornada-de-vacunacion-igss-2019-4-534x356.jpg 534w, \/wp-content\/uploads\/sites\/5\/2019\/05\/clinica-empresa-jornada-de-vacunacion-igss-2019-4.jpg 1280w\" sizes=\"(max-width: 630px) 100vw, 630px\" alt=\"\">\r\n                            <\/a>\r\n                            \r\n                        <\/figure>\r\n                    <\/div>\r\n                    <div class = \"td-slide-item td-item5\">\r\n                        <figure class=\"td-slide-galery-figure td-slide-popup-gallery\">\r\n                            <a class=\"slide-gallery-image-link\" href=\"\/wp-content\/uploads\/sites\/5\/2019\/05\/clinica-empresa-jornada-de-vacunacion-igss-2019-5.jpg\" title=\"clinica empresa jornada de vacunacion igss 2019-5\"  data-caption=\"\"  data-description=\"\">\r\n                                <img decoding=\"async\" src=\"\/wp-content\/uploads\/sites\/5\/2019\/05\/clinica-empresa-jornada-de-vacunacion-igss-2019-5-630x420.jpg\" srcset=\"\/wp-content\/uploads\/sites\/5\/2019\/05\/clinica-empresa-jornada-de-vacunacion-igss-2019-5-630x420.jpg 630w, \/wp-content\/uploads\/sites\/5\/2019\/05\/clinica-empresa-jornada-de-vacunacion-igss-2019-5-300x200.jpg 300w, \/wp-content\/uploads\/sites\/5\/2019\/05\/clinica-empresa-jornada-de-vacunacion-igss-2019-5-768x512.jpg 768w, \/wp-content\/uploads\/sites\/5\/2019\/05\/clinica-empresa-jornada-de-vacunacion-igss-2019-5-1024x682.jpg 1024w, \/wp-content\/uploads\/sites\/5\/2019\/05\/clinica-empresa-jornada-de-vacunacion-igss-2019-5-696x464.jpg 696w, \/wp-content\/uploads\/sites\/5\/2019\/05\/clinica-empresa-jornada-de-vacunacion-igss-2019-5-1068x712.jpg 1068w, \/wp-content\/uploads\/sites\/5\/2019\/05\/clinica-empresa-jornada-de-vacunacion-igss-2019-5-534x356.jpg 534w, \/wp-content\/uploads\/sites\/5\/2019\/05\/clinica-empresa-jornada-de-vacunacion-igss-2019-5.jpg 1280w\" sizes=\"(max-width: 630px) 100vw, 630px\" alt=\"\">\r\n                            <\/a>\r\n                            \r\n                        <\/figure>\r\n                    <\/div>\r\n                    <div class = \"td-slide-item td-item6\">\r\n                        <figure class=\"td-slide-galery-figure td-slide-popup-gallery\">\r\n                            <a class=\"slide-gallery-image-link\" href=\"\/wp-content\/uploads\/sites\/5\/2019\/05\/clinica-empresa-jornada-de-vacunacion-igss-2019-6.jpg\" title=\"clinica empresa jornada de vacunacion igss 2019-6\"  data-caption=\"\"  data-description=\"\">\r\n                                <img decoding=\"async\" src=\"\/wp-content\/uploads\/sites\/5\/2019\/05\/clinica-empresa-jornada-de-vacunacion-igss-2019-6-630x420.jpg\" srcset=\"\/wp-content\/uploads\/sites\/5\/2019\/05\/clinica-empresa-jornada-de-vacunacion-igss-2019-6-630x420.jpg 630w, \/wp-content\/uploads\/sites\/5\/2019\/05\/clinica-empresa-jornada-de-vacunacion-igss-2019-6-300x200.jpg 300w, \/wp-content\/uploads\/sites\/5\/2019\/05\/clinica-empresa-jornada-de-vacunacion-igss-2019-6-768x512.jpg 768w, \/wp-content\/uploads\/sites\/5\/2019\/05\/clinica-empresa-jornada-de-vacunacion-igss-2019-6-1024x682.jpg 1024w, \/wp-content\/uploads\/sites\/5\/2019\/05\/clinica-empresa-jornada-de-vacunacion-igss-2019-6-696x464.jpg 696w, \/wp-content\/uploads\/sites\/5\/2019\/05\/clinica-empresa-jornada-de-vacunacion-igss-2019-6-1068x712.jpg 1068w, \/wp-content\/uploads\/sites\/5\/2019\/05\/clinica-empresa-jornada-de-vacunacion-igss-2019-6-534x356.jpg 534w, \/wp-content\/uploads\/sites\/5\/2019\/05\/clinica-empresa-jornada-de-vacunacion-igss-2019-6.jpg 1280w\" sizes=\"(max-width: 630px) 100vw, 630px\" alt=\"\">\r\n                            <\/a>\r\n                            \r\n                        <\/figure>\r\n                    <\/div>\r\n                    <div class = \"td-slide-item td-item7\">\r\n                        <figure class=\"td-slide-galery-figure td-slide-popup-gallery\">\r\n                            <a class=\"slide-gallery-image-link\" href=\"\/wp-content\/uploads\/sites\/5\/2019\/05\/clinica-empresa-jornada-de-vacunacion-igss-2019-7.jpg\" title=\"clinica empresa jornada de vacunacion igss 2019-7\"  data-caption=\"\"  data-description=\"\">\r\n                                <img decoding=\"async\" src=\"\/wp-content\/uploads\/sites\/5\/2019\/05\/clinica-empresa-jornada-de-vacunacion-igss-2019-7-630x420.jpg\" srcset=\"\/wp-content\/uploads\/sites\/5\/2019\/05\/clinica-empresa-jornada-de-vacunacion-igss-2019-7-630x420.jpg 630w, \/wp-content\/uploads\/sites\/5\/2019\/05\/clinica-empresa-jornada-de-vacunacion-igss-2019-7-300x200.jpg 300w, \/wp-content\/uploads\/sites\/5\/2019\/05\/clinica-empresa-jornada-de-vacunacion-igss-2019-7-768x512.jpg 768w, \/wp-content\/uploads\/sites\/5\/2019\/05\/clinica-empresa-jornada-de-vacunacion-igss-2019-7-1024x682.jpg 1024w, \/wp-content\/uploads\/sites\/5\/2019\/05\/clinica-empresa-jornada-de-vacunacion-igss-2019-7-696x464.jpg 696w, \/wp-content\/uploads\/sites\/5\/2019\/05\/clinica-empresa-jornada-de-vacunacion-igss-2019-7-1068x712.jpg 1068w, \/wp-content\/uploads\/sites\/5\/2019\/05\/clinica-empresa-jornada-de-vacunacion-igss-2019-7-534x356.jpg 534w, \/wp-content\/uploads\/sites\/5\/2019\/05\/clinica-empresa-jornada-de-vacunacion-igss-2019-7.jpg 1280w\" sizes=\"(max-width: 630px) 100vw, 630px\" alt=\"\">\r\n                            <\/a>\r\n                            \r\n                        <\/figure>\r\n                    <\/div>\r\n                    <div class = \"td-slide-item td-item8\">\r\n                        <figure class=\"td-slide-galery-figure td-slide-popup-gallery\">\r\n                            <a class=\"slide-gallery-image-link\" href=\"\/wp-content\/uploads\/sites\/5\/2019\/05\/clinica-empresa-jornada-de-vacunacion-igss-2019-8.jpg\" title=\"clinica empresa jornada de vacunacion igss 2019-8\"  data-caption=\"\"  data-description=\"\">\r\n                                <img decoding=\"async\" src=\"\/wp-content\/uploads\/sites\/5\/2019\/05\/clinica-empresa-jornada-de-vacunacion-igss-2019-8-630x420.jpg\" srcset=\"\/wp-content\/uploads\/sites\/5\/2019\/05\/clinica-empresa-jornada-de-vacunacion-igss-2019-8-630x420.jpg 630w, \/wp-content\/uploads\/sites\/5\/2019\/05\/clinica-empresa-jornada-de-vacunacion-igss-2019-8-300x200.jpg 300w, \/wp-content\/uploads\/sites\/5\/2019\/05\/clinica-empresa-jornada-de-vacunacion-igss-2019-8-768x512.jpg 768w, \/wp-content\/uploads\/sites\/5\/2019\/05\/clinica-empresa-jornada-de-vacunacion-igss-2019-8-1024x682.jpg 1024w, \/wp-content\/uploads\/sites\/5\/2019\/05\/clinica-empresa-jornada-de-vacunacion-igss-2019-8-696x464.jpg 696w, \/wp-content\/uploads\/sites\/5\/2019\/05\/clinica-empresa-jornada-de-vacunacion-igss-2019-8-1068x712.jpg 1068w, \/wp-content\/uploads\/sites\/5\/2019\/05\/clinica-empresa-jornada-de-vacunacion-igss-2019-8-534x356.jpg 534w, \/wp-content\/uploads\/sites\/5\/2019\/05\/clinica-empresa-jornada-de-vacunacion-igss-2019-8.jpg 1280w\" sizes=\"(max-width: 630px) 100vw, 630px\" alt=\"\">\r\n                            <\/a>\r\n                            \r\n                        <\/figure>\r\n                    <\/div>\r\n                    <div class = \"td-slide-item td-item9\">\r\n                        <figure class=\"td-slide-galery-figure td-slide-popup-gallery\">\r\n                            <a class=\"slide-gallery-image-link\" href=\"\/wp-content\/uploads\/sites\/5\/2019\/05\/clinica-empresa-jornada-de-vacunacion-igss-2019-9.jpg\" title=\"clinica empresa jornada de vacunacion igss 2019-9\"  data-caption=\"\"  data-description=\"\">\r\n                                <img decoding=\"async\" src=\"\/wp-content\/uploads\/sites\/5\/2019\/05\/clinica-empresa-jornada-de-vacunacion-igss-2019-9-630x420.jpg\" srcset=\"\/wp-content\/uploads\/sites\/5\/2019\/05\/clinica-empresa-jornada-de-vacunacion-igss-2019-9-630x420.jpg 630w, \/wp-content\/uploads\/sites\/5\/2019\/05\/clinica-empresa-jornada-de-vacunacion-igss-2019-9-300x200.jpg 300w, \/wp-content\/uploads\/sites\/5\/2019\/05\/clinica-empresa-jornada-de-vacunacion-igss-2019-9-768x512.jpg 768w, \/wp-content\/uploads\/sites\/5\/2019\/05\/clinica-empresa-jornada-de-vacunacion-igss-2019-9-1024x682.jpg 1024w, \/wp-content\/uploads\/sites\/5\/2019\/05\/clinica-empresa-jornada-de-vacunacion-igss-2019-9-696x464.jpg 696w, \/wp-content\/uploads\/sites\/5\/2019\/05\/clinica-empresa-jornada-de-vacunacion-igss-2019-9-1068x712.jpg 1068w, \/wp-content\/uploads\/sites\/5\/2019\/05\/clinica-empresa-jornada-de-vacunacion-igss-2019-9-534x356.jpg 534w, \/wp-content\/uploads\/sites\/5\/2019\/05\/clinica-empresa-jornada-de-vacunacion-igss-2019-9.jpg 1280w\" sizes=\"(max-width: 630px) 100vw, 630px\" alt=\"\">\r\n                            <\/a>\r\n                            \r\n                        <\/figure>\r\n                    <\/div>\r\n                            <\/div>\r\n                        <\/div>\r\n\r\n                        <div class = \"td-doubleSlider-2\">\r\n                            <div class = \"td-slider\">\r\n                                \r\n                    <div class = \"td-button td-item1\">\r\n                        <div class = \"td-border\"><\/div>\r\n                    <\/div>\r\n                    <div class = \"td-button td-item2\">\r\n                        <div class = \"td-border\"><\/div>\r\n                    <\/div>\r\n                    <div class = \"td-button td-item3\">\r\n                        <div class = \"td-border\"><\/div>\r\n                    <\/div>\r\n                    <div class = \"td-button td-item4\">\r\n                        <div class = \"td-border\"><\/div>\r\n                    <\/div>\r\n                    <div class = \"td-button td-item5\">\r\n                        <div class = \"td-border\"><\/div>\r\n                    <\/div>\r\n                    <div class = \"td-button td-item6\">\r\n                        <div class = \"td-border\"><\/div>\r\n                    <\/div>\r\n                    <div class = \"td-button td-item7\">\r\n                        <div class = \"td-border\"><\/div>\r\n                    <\/div>\r\n                    <div class = \"td-button td-item8\">\r\n                        <div class = \"td-border\"><\/div>\r\n                    <\/div>\r\n                    <div class = \"td-button td-item9\">\r\n                        <div class = \"td-border\"><\/div>\r\n                    <\/div>\r\n                            <\/div>\r\n                        <\/div>\r\n\r\n                    <\/div>\r\n\r\n                <\/div>\r\n                \n<hr \/>\n","protected":false},"excerpt":{"rendered":"<p>Con la finalidad de prevenir enfermedades en empleados del sector textil, hoy se efectu\u00f3 la primera jornada de vacunaci\u00f3n del Programa Cl\u00ednica Empresa en Accesorios Globales, ubicada en San Miguel Petapa. Durante la jornada se administraron 115 vacunas contra neumococo, influenza y hepatitis B, y a las embarazadas tambi\u00e9n se les aplic\u00f3 la Tdap (contra [&hellip;]<\/p>\n","protected":false},"author":4,"featured_media":9476,"comment_status":"open","ping_status":"open","sticky":false,"template":"","format":"standard","meta":{"footnotes":""},"categories":[3,12,45,23,29],"tags":[179,490],"coauthors":[],"class_list":{"0":"post-9468","1":"post","2":"type-post","3":"status-publish","4":"format-standard","5":"has-post-thumbnail","7":"category-actualidad","8":"category-clinicas-de-empresa","9":"category-jornadas-medicas","10":"category-patronos","11":"category-publicaciones","12":"tag-clinica-empresa","13":"tag-igss"},"_links":{"self":[{"href":"https:\/\/www.igssgt.org\/noticias\/wp-json\/wp\/v2\/posts\/9468","targetHints":{"allow":["GET"]}}],"collection":[{"href":"https:\/\/www.igssgt.org\/noticias\/wp-json\/wp\/v2\/posts"}],"about":[{"href":"https:\/\/www.igssgt.org\/noticias\/wp-json\/wp\/v2\/types\/post"}],"author":[{"embeddable":true,"href":"https:\/\/www.igssgt.org\/noticias\/wp-json\/wp\/v2\/users\/4"}],"replies":[{"embeddable":true,"href":"https:\/\/www.igssgt.org\/noticias\/wp-json\/wp\/v2\/comments?post=9468"}],"version-history":[{"count":1,"href":"https:\/\/www.igssgt.org\/noticias\/wp-json\/wp\/v2\/posts\/9468\/revisions"}],"predecessor-version":[{"id":51264,"href":"https:\/\/www.igssgt.org\/noticias\/wp-json\/wp\/v2\/posts\/9468\/revisions\/51264"}],"wp:featuredmedia":[{"embeddable":true,"href":"https:\/\/www.igssgt.org\/noticias\/wp-json\/wp\/v2\/media\/9476"}],"wp:attachment":[{"href":"https:\/\/www.igssgt.org\/noticias\/wp-json\/wp\/v2\/media?parent=9468"}],"wp:term":[{"taxonomy":"category","embeddable":true,"href":"https:\/\/www.igssgt.org\/noticias\/wp-json\/wp\/v2\/categories?post=9468"},{"taxonomy":"post_tag","embeddable":true,"href":"https:\/\/www.igssgt.org\/noticias\/wp-json\/wp\/v2\/tags?post=9468"},{"taxonomy":"author","embeddable":true,"href":"https:\/\/www.igssgt.org\/noticias\/wp-json\/wp\/v2\/coauthors?post=9468"}],"curies":[{"name":"wp","href":"https:\/\/api.w.org\/{rel}","templated":true}]}}